{"id":1049546,"date":"2025-08-23T19:13:44","date_gmt":"2025-08-23T16:13:44","guid":{"rendered":"https:\/\/darkamazi.info\/?p=1049546"},"modified":"2025-08-23T19:13:44","modified_gmt":"2025-08-23T16:13:44","slug":"di-pasxaneya-sere-malbata-talabaniyan-de-ci-heye","status":"publish","type":"post","link":"https:\/\/darkamazi.info\/archives\/1049546","title":{"rendered":"Di Pa\u015fxaneya \u015fer\u00ea malbata Talaban\u00eeyan de \u00e7i heye ?"},"content":{"rendered":"<h3 style=\"text-align: justify\"><span style=\"font-family: 'arial black', sans-serif\">Di 21-22 \u00ea Tebax\u00ea de, li Sil\u00eamaniy\u00ea \u015fer\u00ea navxwey\u00ee y\u00ea her\u00ee xw\u00eenrij \u00a0y\u00ea d\u00eeroka siyas\u00ee ya YNK \u00ea qewim\u00ee. Pi\u015ft\u00ee pev\u00e7\u00fbn\u00ea \u00e7ar saetan di navbera pismaman de, Lahur \u015e\u00eax Ceng\u00ee \u00fb biray\u00ean w\u00ee Polat \u00fb Aso \u015f\u00eax Ceng\u00ee hatin desteserkirin. Li gor\u00ee hin agah\u00eeyan\u00a0 Polat \u015f\u00eax Ceng\u00ee ji qirik\u00ea bir\u00eendar b\u00fbye \u00fb di nexwe\u015fxaneyek\u00ea de di rew\u015feke xerab de ye. Li derbar\u00ea \u00e7aren\u00fbsa \u00a0biray\u00ean \u015f\u00eax Ceng\u00ee de ti daxuyaniyek ferm\u00ee nehatiye day\u00een \u00fb wan bi malbat an par\u00eazer\u00ean xwe re t\u00eakil\u00ee nedane.<\/span><\/h3>\n<h3 style=\"text-align: justify\">Li gor\u00ee daxuyaniy\u00ean ferm\u00ee, di pev\u00e7\u00fbnan de bi tevah\u00ee p\u00eanc kes hatine ku\u015ftin, ji wan 3 endam\u00ean h\u00eaz\u00ean ewlehiy\u00ea y\u00ean Sil\u00eamaniy\u00ea \u00fb 2 endam\u00ean h\u00eaz\u00ean Lahur \u015e\u00eax Ceng\u00ee ne. \u00c7avkaniy\u00ean neferm\u00ee destn\u00ee\u015fan dikin ku 7 endam\u00ean h\u00eaz\u00ean ser bi Lah\u00fbr Ceng\u00ee ve hatine ku\u015ftin.<\/h3>\n<h3 style=\"text-align: justify\">Navenda pev\u00e7\u00fbnan Ot\u00eala Lalezar a Lah\u00fbr \u015f\u00eax Ceng\u00ee b\u00fb. Di pev\u00e7\u00fbnan de \u00e7ek\u00ean giran hatin bikar an\u00een \u00fb ot\u00eal ji aliy\u00ea tank \u00fb \u00e7ek\u00ean zir\u00eepu\u015f ve hate qesivkirin. Heta gotin ku \u00ear\u00ee\u015feke bi droneyan li ser mala Bafil Talaban\u00ee hatiye kirin. L\u00eabel\u00ea, \u00e7avkaniy\u00ean her\u00eam\u00ee \u00eed\u00eea dikin ku \u00ear\u00ee\u015f\u00ean bi dronan ji h\u00eala Bafil Talaban\u00ee bi xwe ve hat\u00eeye kirin da ku \u00ear\u00ee\u015fa xwe ya bi tankan \u00fb topa li ser Lah\u00fbr \u015f\u00eax Ceng\u00ee rewa bike.<\/h3>\n<h3 style=\"text-align: justify\">Pa\u015fxaneya b\u00fbyer\u00ean pir aloz e. Ji ber v\u00ea yek\u00ea, ev rew\u015f ji bo YNK \u00ea xalek wer\u00e7erx\u00ee ya d\u00eerok\u00ea ye \u00fb rew\u015fek xeternak li ser Her\u00eama Kurdistan\u00ea de di de \u00e7\u00eakirin.<\/h3>\n<h3 style=\"text-align: center\"><span style=\"color: #8c0b0b;font-family: 'arial black', sans-serif\"><strong>D\u00eeroka hevpeyman\u00ee \u00fb dijminatiy\u00ean di navbera Lah\u00fbr Ceng\u00ee Talaban\u00ee \u00fb Bafil Talaban\u00ee de\u2026<\/strong><\/span><\/h3>\n<h3 style=\"text-align: justify\">D\u00eeroka nakokiy\u00ean di navbera pismam\u00ean Talaban\u00ee de pir dir\u00eaj e. Ji ber ku her du kur\u00ean Celal Talaban\u00ee, Qubat \u00fb Bafel, ji siyaset\u00ea d\u00fbr in \u00fb bi gelemper\u00ee li dervey\u00ee Kurdistan\u00ea dij\u00een, loma j\u00ee biraziy\u00ea w\u00ee, Lah\u00fbr Ceng\u00ee, di nav YNK \u00ea de, nemaze di h\u00eaz\u00ean dij\u00ee-teror\u00ea de, pir bi bandor b\u00fb.<\/h3>\n<h3 style=\"text-align: justify\">L\u00eabel\u00ea, \u015f\u00eawaz\u00ea b\u00fbyeran bi nexwe\u015fketina Mam Celal Talaban\u00ee di sala 2012 an de guher\u00ee. YNk \u00ea aloziyek mezin jiyan kir \u00fb di hilbijartin\u00ean Her\u00eama Kurdistan\u00ea de di r\u00eaza s\u00eayem\u00een de derket. Li Sil\u00eamaniy\u00ea li hember\u00ee tevgera Goran serokatiya xwe winda kir. YNK, ku h\u00ead\u00ee h\u00ead\u00ee desthilatdariya xwe winda dikir, ji bo parastina s\u00eestema ku ava kirib\u00fb, r\u00eaveberiyeke hevbe\u015f ava kir ku ji kesayet\u00ean bi bandor \u00ean wek\u00ee Mela Bext\u00eeyar, Kosret Res\u00fbl, Lahur \u015f\u00eax Ceng\u00ee \u00fb \u015eahnaz \u00cebrah\u00eem p\u00eak dihat. \u00ceran\u00ea bi xwe serk\u00ea\u015f\u00eeya p\u00ea\u015f\u00eegirtina li hilwe\u015f\u00eena YNK \u00ea kir . Kur\u00ean Celal Talaban\u00ee, Qubat \u00fb Bafel, \u00ead\u00ee di qada siyas\u00ee de b\u00eatir derketin p\u00ea\u015f.<\/h3>\n<h3 style=\"text-align: justify\">Bi \u00ear\u00ee\u015f\u00ean DAI\u015e \u00ea \u00fb bi mijar\u00ean le\u015fker\u00ee re di sala 2014 an de, Lah\u00fbr \u015f\u00eax Ceng\u00ee b\u00eatir derket p\u00ea\u015f. Di sala 2017 an de, Lah\u00fbr Ceng\u00ee \u00fb Bafel Talaban\u00ee Kerk\u00fbk radest\u00ee He\u015fd\u00ee \u015eeb\u00ee \u00fb Pasdar\u00ean \u015eore\u015fa \u00ceran\u00ea kirin. Wan bi \u00ceran\u00ea re hevkariyeke stratej\u00eek \u00eemzekir. \u00db heman dem xwe wek\u00ee h\u00eazek ku dikare PDK \u00ea asteng bike, p\u00ea\u015fk\u00ea\u015f\u00ee h\u00eaz\u00ean dewlet\u00ean Rojavay\u00ee y\u00ean ku li dij\u00ee Referand\u00fbma Serxweb\u00fbna Kurd b\u00fbn, kirin. Di encam\u00ea de, YNK \u00ea ji aloziya ku pi\u015ft\u00ee Celal Talaban\u00ee r\u00fbday\u00ee, derbaskiri b\u00fb.<\/h3>\n<h3 style=\"text-align: center\"><span style=\"color: #8c0b0b;font-family: 'arial black', sans-serif\">Pev\u00e7\u00fbn\u00ean di navbera Malbata Talaban\u00ee \u00fb Malbata \u00cebrah\u00eem Ehmed de\u2026<\/span><\/h3>\n<h3 style=\"text-align: justify\">L\u00ea pi\u015ft\u00ee ku xeter\u00ee derbas b\u00fb, dem dema parvekirina desthilatdar\u00eey\u00ea b\u00fb. \u00db esil qiyamet li ser \u015fer\u00ea desthilat\u00ea desp\u00eakir. Kes\u00ean m\u00eena \u015eehnaz \u00cebrah\u00eem, ke\u00e7a \u00cebrah\u00eem Ehmed, \u00eedia kirin ku ew xwediy\u00ean\u00a0 YNK \u00ea ne \u00fb ji bo jinavbirina malbata Talaban\u00ee kur\u00ea w\u00ee \u00a0Bafil Talaban\u00ee amade kirin.<\/h3>\n<h3 style=\"text-align: justify\">Di Kongreya YNK \u00ea ya 19 \u00ea Sibata 2020 an de, Bafil Talaban\u00ee \u00fb Lahur \u015e\u00cax Ceng\u00ee wek\u00ee hevserok hatin hilbijartin.<\/h3>\n<h3 style=\"text-align: justify\">Di T\u00eermeha 2021 an de, YNK d\u00eesa rast\u00ee babel\u00eeskek\u00ea hat. Hat \u00eeddakirin ku Kesayetiy\u00ean serkirde \u00ean YNK \u00ea, H\u00earo \u00cebrah\u00eem, Mele Baxt\u00eeyar \u00fb Kosret Res\u00fbl, hatine jehr\u00eekirin. Bi v\u00ea \u00eeday\u00ea Lahur Ceng\u00ee hate s\u00fbcdarkirin.<\/h3>\n<h3 style=\"text-align: justify\">Ev b\u00fbyer wek\u00ee pev\u00e7\u00fbna 8 \u00ea T\u00eermeh\u00ea di d\u00eeroka YNK \u00ea de hate tomarkirin.<\/h3>\n<h3 style=\"text-align: justify\">Pi\u015ft\u00ee v\u00ea b\u00fbyer\u00ea, aloziya di nav YNK \u00ea de qed bidaw\u00ee nehatin. Bafil Talaban\u00ee p\u00eangav\u00ean abor\u00ee, siyas\u00ee \u00fb teror\u00ee da destp\u00eakirin da ku h\u00eaza Lah\u00fbr \u015f\u00eax Ceng\u00ee, di nava YNK \u00ea de bi taybet\u00ee di nav h\u00eaz\u00ean dij\u00ee teror\u00ea de, qels bike. Bi v\u00ea merem\u00ea dest bi ku\u015ftin\u00ean navxwey\u00ee kir. Kesayet\u00ean sereke y\u00ean n\u00eaz\u00eek\u00ee Lah\u00fbr Ceng\u00ee; \u00a0Niyaz Dergeley\u00ee, Hawkar Caf, Akam Omer \u00fb Murad Kan\u00eekurde, hatin ku\u015ftin. Mal \u00fb milk\u00ean wan hatin desteserkirin.<\/h3>\n<h3 style=\"text-align: justify\">Pi\u015ft\u00ee w\u00ea dem\u00ea, Bafil Talaban\u00ee, Wehap Helepcey\u00ee kir berpirs\u00ea dij\u00ee-Teror\u00ea \u00fb wan bi hevre YNK bi \u015f\u00eewazek\u00ee mafyawar\u00ee bir\u00eavebir.<\/h3>\n<h3 style=\"text-align: center\"><span style=\"color: #8c0b0b;font-family: 'arial black', sans-serif\">Amadekariy\u00ean Bafil Talaban\u00ee ji bo hilbijartin\u00ean Iraq\u00ea \u00fb l\u00eesteya w\u00ee ya tasf\u00eeyekirin e\u2026<\/span><\/h3>\n<h3 style=\"text-align: justify\">Bi taybet\u00ee pi\u015ft\u00ee 2012 an, YNK xwe wek\u00ee dij\u00ee-PDK bi cih kir, \u00fb dergehek\u00ee rant\u00ea ji xwe re vekir. Ji aliy\u00ea hem\u00fb h\u00eaz\u00ean dijmin\u00ea PDK \u00ea ve hate pi\u015ftgir\u00eekirin. \u00ceran, He\u015fd\u00ee \u015eeb\u00ee, hin h\u00eaz\u00ean Rojavay\u00ee \u00fb PKK di bi v\u00ea peyman\u00ea ve tevger\u00eeyan.<\/h3>\n<h3 style=\"text-align: justify\">Di hilbijartin\u00ean parlementoya Her\u00eama Kurdistan\u00ea de ku di 20 \u00ea Cotmeha 2024 an de werin lidarxistin de Bafil Talaban\u00ee serkeftinek\u00ee mezin h\u00eav\u00ee dikir. W\u00ee xwe bi t\u00eakbirina PDK \u00ea ve erkdarkiri b\u00fb. m\u00eekrofon di\u015fikandin, gef \u00fb b\u00ear\u00eaz\u00ee li serkirdey\u00ean PDK \u00ea dikir. Tev\u00ee v\u00ea yek\u00ea j\u00ee, w\u00ee nekar\u00ee serkeftin\u00ea bi dest bixe.<\/h3>\n<h3 style=\"text-align: justify\">Niha, hilbijartin\u00ean parlementoya Iraq\u00ea d\u00ea di 11 \u00ea Mijdar\u00ea de werin kirin. V\u00ea car\u00ea, Bafil Talaban\u00ee bi h\u00eaz\u00ean \u015e\u00eee re hevalbend\u00ee kiriye da ku PDK \u00ea lewaz bike. Ji bo v\u00ea armanc\u00ea, ew di xwaze hem\u00ee h\u00eaz\u00ean ku ji box we xeternak di b\u00eene ji hole rake bi taybet\u00ee y\u00ean Sil\u00eaman\u00ee y\u00ea. Serok\u00ea Tevgera Nif\u015f\u00ea N\u00fb \u015easwar Ebdulweh\u00eed di 12 \u00ea Tebax\u00ea de hate girtin.<\/h3>\n<h3 style=\"text-align: justify\">Serok\u00ea Hevpeymaniya Netewey\u00ee Aram Qadir di 10 \u00ea T\u00eermeh\u00ea de hate girtin. Sedema girtina w\u00ee h\u00een nehatiye e\u015fkerekirin \u00fb ew h\u00een j\u00ee ne derxist\u00eene p\u00ea\u015fber\u00ee dadawer\u00ee. Hevpeymaniya Netewey\u00ee partiyek e ku ji h\u00eala Berhem Salih ve hatiye damezrandin.<\/h3>\n<h3 style=\"text-align: justify\">Wisa t\u00ea p\u00ea\u015fb\u00een\u00ee kirin ku Bafel Talaban\u00ee d\u00ea ber\u00ee hilbijartin\u00ean Iraq\u00ea li Sil\u00eamaniy\u00ea opoz\u00eesyon\u00ea hem\u00ee y\u00ea ramal\u00eetin.<\/h3>\n<h3 style=\"text-align: justify\">L\u00eabel\u00ea, ev ten\u00ea bi van kesan ve s\u00eenordar nabe. Li pi\u015ft perd\u00ea j\u00ee t\u00ea gotin ku kesayet\u00ean m\u00eena Mele Baxt\u00eeyar \u00fb Berhem Salih j\u00ee d\u00ea h\u00ead\u00ee h\u00ead\u00ee ji Sil\u00eamaniy\u00ea werin derxistin \u00fb milk\u00ean wan werin desteserkirin. Ango, operasyona Bafil h\u00een neqediyaye. Sil\u00eaman\u00ee d\u00ea bibe cihek\u00ee ku her roj t\u00ea de girtin, ku\u015ftin\u00ean gumanbar \u00fb r\u00bbdana aloz\u00eeyan.<\/h3>\n<h3 style=\"text-align: center\"><span style=\"color: #8c0b0b;font-family: 'arial black', sans-serif\">Bafel Talaban\u00ee niha ji ber\u00ea xeternaktir e<\/span><\/h3>\n<h3 style=\"text-align: justify\">Operasyona Bafel Talaban\u00ee ya li dij\u00ee malbata \u015e\u00eax Ceng\u00ee ne ten\u00ea pev\u00e7\u00fbnek navxwey\u00ee ye; di heman dem\u00ea de lingek\u00ee w\u00ea y\u00ea her\u00eam\u00ee j\u00ee heye.<\/h3>\n<h3 style=\"text-align: justify\">N\u00eaz\u00eek\u00ee 11 meh li ser hilbijartin\u00ean Her\u00eama Kurdistan\u00ea ve di\u00e7e, l\u00ea h\u00eaj\u00ee hik\u00fbmetek nehatiye avakirin. Her \u00e7end sedema v\u00ea yek\u00ea pir caran bi nakokiy\u00ean di navbera YNk \u00fb PDK \u00ea de t\u00ea vegotin j\u00ee, l\u00ea rast\u00ee bi tevah\u00ee ne wiha ye. Bafel Talaban\u00ee bi zaneb\u00fbn hewl\u00ean avakirina hik\u00fbmet\u00ea li gor\u00ee daxwaza wan h\u00eaz\u00ean ku dixwazin Her\u00eama Kurdistan\u00ea b\u00ea\u00eest\u00eeqrar bikin \u00fb hik\u00fbmeta Hewl\u00ear\u00ea b\u00eabandor bikin, tevdigere. yan\u00ee, li gel nedna mu\u00e7ey\u00ea 8 mehan, bombebarankirina b\u00eer\u00ean petrol\u00ea \u00fb rawestandina hinardekirina petrol\u00ea, YNK bi zaneb\u00fbn di xwaze Kurdistan b\u00ea hikumet bim\u00eene.<\/h3>\n<h3 style=\"text-align: justify\">Em dikarin p\u00ea\u015fb\u00een\u00ee bikin ku Bafil Talaban\u00ee y\u00ea bi tank \u00fb topan \u00ear\u00ee\u015f\u00ee Sil\u00eamaniy\u00ea kir\u00ee, d\u00ea ji niha \u00fb p\u00ea ve h\u00een xeternaktir tevbigere. Her wiha em dikarin bi b\u00eajin ku Bafil Talaban\u00ee w\u00ea ber\u00ea l\u00fbl\u00eeyan bizivir\u00eene ser Hewl\u00eara paytext.<\/h3>\n<h3 style=\"text-align: center\"><span style=\"color: #8c0b0b;font-family: 'arial black', sans-serif\"><strong>K\u00ea glopa kesk da ji bo tasfiyekirina Lah\u00fbr Ceng\u00ee p\u00eaxist?<\/strong><\/span><\/h3>\n<h3 style=\"text-align: justify\">Niha mijara her\u00ee nakok ew e ku k\u00eejanh\u00eaza operasyonek wisa ji bo Bafel Talaban\u00ee pesend kiriye. Bi taybet\u00ee hin derdor dixwazin nav\u00ea PDK \u00ea di v\u00ea mijar\u00ea de were gotin. L\u00eabel\u00ea, gava mirov ji n\u00eaz ve l\u00eadin\u00eare bi zelal\u00ee dib\u00eene ku PDK pi\u015ftgir\u00ee ne daye v\u00ea operasyon\u00ea.<\/h3>\n<h3 style=\"text-align: justify\">Ji ber ku ne tasfiyekirina malbata \u015f\u00eax Ceng\u00ee \u00fb ne j\u00ee takeh\u00eazkirina desthiladar\u00eeya Bafil Talaban\u00ee ne di berjewendiy\u00ean PDK \u00ea de ye.<\/h3>\n<h3 style=\"text-align: justify\">\u00cediaya ku ew dixwazin beramber Ethem Barzan\u00ee, Lah\u00fbr \u015f\u00eax Ceng\u00ee were tasfiyekirin ev ne rast e. ji ber k\u00fb Ethem Barzan\u00ee li Kurdistan\u00ea kesayetiyek siyas\u00ee n\u00eene.\u00a0 \u00fb ten\u00ea \u015fexsek e ku ji h\u00eala ragihandina PKK \u00fb YNK ve t\u00ea biriqandin. Bafil bi tasf\u00eeyekirina dijber\u00ean xwe arman\u00e7 dike ku li dij\u00ee PDK \u00ea h\u00eaza xwe xurt bike.<\/h3>\n<h3 style=\"text-align: justify\">glopa kesk ji bo girtina Lah\u00fbr Ceng\u00ee ji eniya \u015e\u00eee, ku \u015ferek\u00ee ve\u015fart\u00ee li dij\u00ee Her\u00eama Kurdistan\u00ea dime\u015f\u00eene ve hat\u00eeye p\u00eakirin. Eniya \u015e\u00eee ji bo ku di hilbijartin\u00ean parleman\u00ee de encamek \u00e7\u00eatir ji bo YNK \u00ea misoger bike, glopa kesk bo Bafil p\u00eaxist. Agah\u00eey\u00ean ku Lah\u00fbr Ceng\u00ee \u201cdi ku\u015ftina Qasim Sil\u00eaman\u00ee de bandorek er\u00ean\u00ee heb\u00fbye\u201d en\u00eeya \u015e\u00eea nigeran dike.<\/h3>\n<h3 style=\"text-align: justify\">Kes\u00ean sereke y\u00ean ku ronah\u00eeya kesk bo operasyona paqijkirina malbata \u015e\u00eax Ceng\u00ee talaban\u00ee p\u00eaxist\u00ee, Serokkomar\u00ea Iraq\u00ea Ebdullet\u00eef Re\u015f\u00eed \u00fb jina w\u00ee \u015eehnaz \u00cebrah\u00eem b\u00fbn. Ebdullet\u00eef Re\u015f\u00eed tev\u00ee ku Serokkomar e \u00fb xelk\u00ea Sil\u00eamaniy\u00ea ye, di derbar\u00ea b\u00fbyer\u00ea de daxuyaniyek j\u00ee nedaye. Jina w\u00ee \u015eehnaz \u00cebrah\u00eem Ehmed, h\u00eaza her\u00ee k\u00fbrutar\u00ee di paqijkirina malbata Ceng\u00ee de be\u015fdar e. Bafil Talaban\u00ee li ber dest\u00ea \u015eehnaz \u00cebrah\u00eem \u00fb Ebdullat\u00eef Re\u015f\u00eed mezin b\u00fbye. Bafil weke zarok\u00ea wan hat\u00eeye mezin kirin \u00fb w\u00ee zarok\u00ea xwe dihesib\u00eenin. \u00a0\u015eehnaz \u00cebrah\u00eem weke ruh\u00ea ve\u015fart\u00ee y\u00ea Bafil Talaban\u00ee ye.<\/h3>\n","protected":false},"excerpt":{"rendered":"<p>Di 21-22 \u00ea Tebax\u00ea de, li Sil\u00eamaniy\u00ea \u015fer\u00ea navxwey\u00ee y\u00ea her\u00ee xw\u00eenrij \u00a0y\u00ea d\u00eeroka siyas\u00ee ya YNK \u00ea qewim\u00ee. Pi\u015ft\u00ee pev\u00e7\u00fbn\u00ea \u00e7ar saetan di navbera pismaman de, Lahur \u015e\u00eax Ceng\u00ee \u00fb biray\u00ean w\u00ee Polat \u00fb Aso \u015f\u00eax Ceng\u00ee hatin desteserkirin. Li gor\u00ee hin agah\u00eeyan\u00a0 Polat \u015f\u00eax Ceng\u00ee ji qirik\u00ea bir\u00eendar b\u00fbye \u00fb di nexwe\u015fxaneyek\u00ea de [&hellip;]<\/p>\n","protected":false},"author":2,"featured_media":1049548,"comment_status":"closed","ping_status":"closed","sticky":false,"template":"","format":"standard","meta":{"footnotes":""},"categories":[68],"tags":[37],"class_list":["post-1049546","post","type-post","status-publish","format-standard","has-post-thumbnail","hentry","category-analiz","tag-sereke"],"blocksy_meta":[],"seo_head":"<!-- This site is optimized with the Yoast SEO plugin v27.5 - https:\/\/yoast.com\/product\/yoast-seo-wordpress\/ -->\n<title>Di Pa\u015fxaneya \u015fer\u00ea malbata Talaban\u00eeyan de \u00e7i heye ? - Darka Maz\u00ee<\/title>\n<meta name=\"robots\" content=\"index, follow, max-snippet:-1, max-image-preview:large, max-video-preview:-1\" \/>\n<link rel=\"canonical\" href=\"https:\/\/darkamazi.info\/archives\/1049546\" \/>\n<meta property=\"og:locale\" content=\"en_US\" \/>\n<meta property=\"og:type\" content=\"article\" \/>\n<meta property=\"og:title\" content=\"Di Pa\u015fxaneya \u015fer\u00ea malbata Talaban\u00eeyan de \u00e7i heye ? - Darka Maz\u00ee\" \/>\n<meta property=\"og:description\" content=\"Di 21-22 \u00ea Tebax\u00ea de, li Sil\u00eamaniy\u00ea \u015fer\u00ea navxwey\u00ee y\u00ea her\u00ee xw\u00eenrij \u00a0y\u00ea d\u00eeroka siyas\u00ee ya YNK \u00ea qewim\u00ee. Pi\u015ft\u00ee pev\u00e7\u00fbn\u00ea \u00e7ar saetan di navbera pismaman de, Lahur \u015e\u00eax Ceng\u00ee \u00fb biray\u00ean w\u00ee Polat \u00fb Aso \u015f\u00eax Ceng\u00ee hatin desteserkirin. Li gor\u00ee hin agah\u00eeyan\u00a0 Polat \u015f\u00eax Ceng\u00ee ji qirik\u00ea bir\u00eendar b\u00fbye \u00fb di nexwe\u015fxaneyek\u00ea de [&hellip;]\" \/>\n<meta property=\"og:url\" content=\"https:\/\/darkamazi.info\/archives\/1049546\" \/>\n<meta property=\"og:site_name\" content=\"Darka Maz\u00ee\" \/>\n<meta property=\"article:publisher\" content=\"https:\/\/www.facebook.com\/DarMaziKurmanci\" \/>\n<meta property=\"article:published_time\" content=\"2025-08-23T16:13:44+00:00\" \/>\n<meta property=\"og:image\" content=\"https:\/\/darkamazi.info\/file\/2025\/08\/lahor_bafil.jpg\" \/>\n\t<meta property=\"og:image:width\" content=\"900\" \/>\n\t<meta property=\"og:image:height\" content=\"497\" \/>\n\t<meta property=\"og:image:type\" content=\"image\/jpeg\" \/>\n<meta name=\"author\" content=\"darka mazi\" \/>\n<meta name=\"twitter:card\" content=\"summary_large_image\" \/>\n<meta name=\"twitter:creator\" content=\"@DarkaMaziLatini\" \/>\n<meta name=\"twitter:site\" content=\"@DarkaMaziLatini\" \/>\n<meta name=\"twitter:label1\" content=\"Written by\" \/>\n\t<meta name=\"twitter:data1\" content=\"darka mazi\" \/>\n\t<meta name=\"twitter:label2\" content=\"Est. reading time\" \/>\n\t<meta name=\"twitter:data2\" content=\"7 minutes\" \/>\n<script type=\"application\/ld+json\" class=\"seo-schema-graph\">{\"@context\":\"https:\\\/\\\/schema.org\",\"@graph\":[{\"@type\":\"Article\",\"@id\":\"https:\\\/\\\/darkamazi.info\\\/archives\\\/1049546#article\",\"isPartOf\":{\"@id\":\"https:\\\/\\\/darkamazi.info\\\/archives\\\/1049546\"},\"author\":{\"name\":\"darka mazi\",\"@id\":\"https:\\\/\\\/darkamazi.info\\\/#\\\/schema\\\/person\\\/5ad3e24553a0567993fa8ed4bd0a776c\"},\"headline\":\"Di Pa\u015fxaneya \u015fer\u00ea malbata Talaban\u00eeyan de \u00e7i heye ?\",\"datePublished\":\"2025-08-23T16:13:44+00:00\",\"mainEntityOfPage\":{\"@id\":\"https:\\\/\\\/darkamazi.info\\\/archives\\\/1049546\"},\"wordCount\":1665,\"publisher\":{\"@id\":\"https:\\\/\\\/darkamazi.info\\\/#organization\"},\"image\":{\"@id\":\"https:\\\/\\\/darkamazi.info\\\/archives\\\/1049546#primaryimage\"},\"thumbnailUrl\":\"https:\\\/\\\/darkamazi.info\\\/darka-content\\\/uploads\\\/2025\\\/08\\\/lahor_bafil.jpg\",\"keywords\":[\"sereke\"],\"articleSection\":[\"Anal\u00eez\"],\"inLanguage\":\"en-US\"},{\"@type\":\"WebPage\",\"@id\":\"https:\\\/\\\/darkamazi.info\\\/archives\\\/1049546\",\"url\":\"https:\\\/\\\/darkamazi.info\\\/archives\\\/1049546\",\"name\":\"Di Pa\u015fxaneya \u015fer\u00ea malbata Talaban\u00eeyan de \u00e7i heye ? - Darka Maz\u00ee\",\"isPartOf\":{\"@id\":\"https:\\\/\\\/darkamazi.info\\\/#website\"},\"primaryImageOfPage\":{\"@id\":\"https:\\\/\\\/darkamazi.info\\\/archives\\\/1049546#primaryimage\"},\"image\":{\"@id\":\"https:\\\/\\\/darkamazi.info\\\/archives\\\/1049546#primaryimage\"},\"thumbnailUrl\":\"https:\\\/\\\/darkamazi.info\\\/darka-content\\\/uploads\\\/2025\\\/08\\\/lahor_bafil.jpg\",\"datePublished\":\"2025-08-23T16:13:44+00:00\",\"breadcrumb\":{\"@id\":\"https:\\\/\\\/darkamazi.info\\\/archives\\\/1049546#breadcrumb\"},\"inLanguage\":\"en-US\",\"potentialAction\":[{\"@type\":\"ReadAction\",\"target\":[\"https:\\\/\\\/darkamazi.info\\\/archives\\\/1049546\"]}]},{\"@type\":\"ImageObject\",\"inLanguage\":\"en-US\",\"@id\":\"https:\\\/\\\/darkamazi.info\\\/archives\\\/1049546#primaryimage\",\"url\":\"https:\\\/\\\/darkamazi.info\\\/darka-content\\\/uploads\\\/2025\\\/08\\\/lahor_bafil.jpg\",\"contentUrl\":\"https:\\\/\\\/darkamazi.info\\\/darka-content\\\/uploads\\\/2025\\\/08\\\/lahor_bafil.jpg\",\"width\":900,\"height\":497,\"caption\":\"Di Pa\u015fxaneya \u015fer\u00ea malbata Talaban\u00eeyan de \u00e7i heye ?\"},{\"@type\":\"BreadcrumbList\",\"@id\":\"https:\\\/\\\/darkamazi.info\\\/archives\\\/1049546#breadcrumb\",\"itemListElement\":[{\"@type\":\"ListItem\",\"position\":1,\"name\":\"Home\",\"item\":\"https:\\\/\\\/darkamazi.info\\\/\"},{\"@type\":\"ListItem\",\"position\":2,\"name\":\"Di Pa\u015fxaneya \u015fer\u00ea malbata Talaban\u00eeyan de \u00e7i heye ?\"}]},{\"@type\":\"WebSite\",\"@id\":\"https:\\\/\\\/darkamazi.info\\\/#website\",\"url\":\"https:\\\/\\\/darkamazi.info\\\/\",\"name\":\"Darka Maz\u00ee\",\"description\":\"P\u00eageha Zanyariy\u00ean Nebih\u00eest\u00ee\",\"publisher\":{\"@id\":\"https:\\\/\\\/darkamazi.info\\\/#organization\"},\"potentialAction\":[{\"@type\":\"SearchAction\",\"target\":{\"@type\":\"EntryPoint\",\"urlTemplate\":\"https:\\\/\\\/darkamazi.info\\\/?s={search_term_string}\"},\"query-input\":{\"@type\":\"PropertyValueSpecification\",\"valueRequired\":true,\"valueName\":\"search_term_string\"}}],\"inLanguage\":\"en-US\"},{\"@type\":\"Organization\",\"@id\":\"https:\\\/\\\/darkamazi.info\\\/#organization\",\"name\":\"Darka Maz\u00ee\",\"url\":\"https:\\\/\\\/darkamazi.info\\\/\",\"logo\":{\"@type\":\"ImageObject\",\"inLanguage\":\"en-US\",\"@id\":\"https:\\\/\\\/darkamazi.info\\\/#\\\/schema\\\/logo\\\/image\\\/\",\"url\":\"https:\\\/\\\/darkamazi.info\\\/darka-content\\\/uploads\\\/2017\\\/12\\\/darka-mazi-logo.png\",\"contentUrl\":\"https:\\\/\\\/darkamazi.info\\\/darka-content\\\/uploads\\\/2017\\\/12\\\/darka-mazi-logo.png\",\"width\":151,\"height\":75,\"caption\":\"Darka Maz\u00ee\"},\"image\":{\"@id\":\"https:\\\/\\\/darkamazi.info\\\/#\\\/schema\\\/logo\\\/image\\\/\"},\"sameAs\":[\"https:\\\/\\\/www.facebook.com\\\/DarMaziKurmanci\",\"https:\\\/\\\/x.com\\\/DarkaMaziLatini\",\"https:\\\/\\\/www.instagram.com\\\/darkamazi.kurmanci\\\/\",\"https:\\\/\\\/www.youtube.com\\\/channel\\\/UCa5HkTdmI8U1qCUFuTw8B2g\"]},{\"@type\":\"Person\",\"@id\":\"https:\\\/\\\/darkamazi.info\\\/#\\\/schema\\\/person\\\/5ad3e24553a0567993fa8ed4bd0a776c\",\"name\":\"darka mazi\",\"sameAs\":[\"https:\\\/\\\/darkamazi.info\\\/\"],\"url\":\"https:\\\/\\\/darkamazi.info\\\/archives\\\/author\\\/kurdi\"}]}<\/script>\n<!-- \/ Yoast SEO plugin. -->","seo_head_json":{"title":"Di Pa\u015fxaneya \u015fer\u00ea malbata Talaban\u00eeyan de \u00e7i heye ? - Darka Maz\u00ee","robots":{"index":"index","follow":"follow","max-snippet":"max-snippet:-1","max-image-preview":"max-image-preview:large","max-video-preview":"max-video-preview:-1"},"canonical":"https:\/\/darkamazi.info\/archives\/1049546","og_locale":"en_US","og_type":"article","og_title":"Di Pa\u015fxaneya \u015fer\u00ea malbata Talaban\u00eeyan de \u00e7i heye ? - Darka Maz\u00ee","og_description":"Di 21-22 \u00ea Tebax\u00ea de, li Sil\u00eamaniy\u00ea \u015fer\u00ea navxwey\u00ee y\u00ea her\u00ee xw\u00eenrij \u00a0y\u00ea d\u00eeroka siyas\u00ee ya YNK \u00ea qewim\u00ee. Pi\u015ft\u00ee pev\u00e7\u00fbn\u00ea \u00e7ar saetan di navbera pismaman de, Lahur \u015e\u00eax Ceng\u00ee \u00fb biray\u00ean w\u00ee Polat \u00fb Aso \u015f\u00eax Ceng\u00ee hatin desteserkirin. Li gor\u00ee hin agah\u00eeyan\u00a0 Polat \u015f\u00eax Ceng\u00ee ji qirik\u00ea bir\u00eendar b\u00fbye \u00fb di nexwe\u015fxaneyek\u00ea de [&hellip;]","og_url":"https:\/\/darkamazi.info\/archives\/1049546","og_site_name":"Darka Maz\u00ee","article_publisher":"https:\/\/www.facebook.com\/DarMaziKurmanci","article_published_time":"2025-08-23T16:13:44+00:00","og_image":[{"width":900,"height":497,"url":"https:\/\/darkamazi.info\/file\/2025\/08\/lahor_bafil.jpg","type":"image\/jpeg"}],"author":"darka mazi","twitter_card":"summary_large_image","twitter_creator":"@DarkaMaziLatini","twitter_site":"@DarkaMaziLatini","twitter_misc":{"Written by":"darka mazi","Est. reading time":"7 minutes"},"schema":{"@context":"https:\/\/schema.org","@graph":[{"@type":"Article","@id":"https:\/\/darkamazi.info\/archives\/1049546#article","isPartOf":{"@id":"https:\/\/darkamazi.info\/archives\/1049546"},"author":{"name":"darka mazi","@id":"https:\/\/darkamazi.info\/#\/schema\/person\/5ad3e24553a0567993fa8ed4bd0a776c"},"headline":"Di Pa\u015fxaneya \u015fer\u00ea malbata Talaban\u00eeyan de \u00e7i heye ?","datePublished":"2025-08-23T16:13:44+00:00","mainEntityOfPage":{"@id":"https:\/\/darkamazi.info\/archives\/1049546"},"wordCount":1665,"publisher":{"@id":"https:\/\/darkamazi.info\/#organization"},"image":{"@id":"https:\/\/darkamazi.info\/archives\/1049546#primaryimage"},"thumbnailUrl":"https:\/\/darkamazi.info\/file\/2025\/08\/lahor_bafil.jpg","keywords":["sereke"],"articleSection":["Anal\u00eez"],"inLanguage":"en-US"},{"@type":"WebPage","@id":"https:\/\/darkamazi.info\/archives\/1049546","url":"https:\/\/darkamazi.info\/archives\/1049546","name":"Di Pa\u015fxaneya \u015fer\u00ea malbata Talaban\u00eeyan de \u00e7i heye ? - Darka Maz\u00ee","isPartOf":{"@id":"https:\/\/darkamazi.info\/#website"},"primaryImageOfPage":{"@id":"https:\/\/darkamazi.info\/archives\/1049546#primaryimage"},"image":{"@id":"https:\/\/darkamazi.info\/archives\/1049546#primaryimage"},"thumbnailUrl":"https:\/\/darkamazi.info\/file\/2025\/08\/lahor_bafil.jpg","datePublished":"2025-08-23T16:13:44+00:00","breadcrumb":{"@id":"https:\/\/darkamazi.info\/archives\/1049546#breadcrumb"},"inLanguage":"en-US","potentialAction":[{"@type":"ReadAction","target":["https:\/\/darkamazi.info\/archives\/1049546"]}]},{"@type":"ImageObject","inLanguage":"en-US","@id":"https:\/\/darkamazi.info\/archives\/1049546#primaryimage","url":"https:\/\/darkamazi.info\/file\/2025\/08\/lahor_bafil.jpg","contentUrl":"https:\/\/darkamazi.info\/file\/2025\/08\/lahor_bafil.jpg","width":900,"height":497,"caption":"Di Pa\u015fxaneya \u015fer\u00ea malbata Talaban\u00eeyan de \u00e7i heye ?"},{"@type":"BreadcrumbList","@id":"https:\/\/darkamazi.info\/archives\/1049546#breadcrumb","itemListElement":[{"@type":"ListItem","position":1,"name":"Home","item":"https:\/\/darkamazi.info\/"},{"@type":"ListItem","position":2,"name":"Di Pa\u015fxaneya \u015fer\u00ea malbata Talaban\u00eeyan de \u00e7i heye ?"}]},{"@type":"WebSite","@id":"https:\/\/darkamazi.info\/#website","url":"https:\/\/darkamazi.info\/","name":"Darka Maz\u00ee","description":"P\u00eageha Zanyariy\u00ean Nebih\u00eest\u00ee","publisher":{"@id":"https:\/\/darkamazi.info\/#organization"},"potentialAction":[{"@type":"SearchAction","target":{"@type":"EntryPoint","urlTemplate":"https:\/\/darkamazi.info\/?s={search_term_string}"},"query-input":{"@type":"PropertyValueSpecification","valueRequired":true,"valueName":"search_term_string"}}],"inLanguage":"en-US"},{"@type":"Organization","@id":"https:\/\/darkamazi.info\/#organization","name":"Darka Maz\u00ee","url":"https:\/\/darkamazi.info\/","logo":{"@type":"ImageObject","inLanguage":"en-US","@id":"https:\/\/darkamazi.info\/#\/schema\/logo\/image\/","url":"https:\/\/darkamazi.info\/file\/2017\/12\/darka-mazi-logo.png","contentUrl":"https:\/\/darkamazi.info\/file\/2017\/12\/darka-mazi-logo.png","width":151,"height":75,"caption":"Darka Maz\u00ee"},"image":{"@id":"https:\/\/darkamazi.info\/#\/schema\/logo\/image\/"},"sameAs":["https:\/\/www.facebook.com\/DarMaziKurmanci","https:\/\/x.com\/DarkaMaziLatini","https:\/\/www.instagram.com\/darkamazi.kurmanci\/","https:\/\/www.youtube.com\/channel\/UCa5HkTdmI8U1qCUFuTw8B2g"]},{"@type":"Person","@id":"https:\/\/darkamazi.info\/#\/schema\/person\/5ad3e24553a0567993fa8ed4bd0a776c","name":"darka mazi","sameAs":["https:\/\/darkamazi.info\/"],"url":"https:\/\/darkamazi.info\/archives\/author\/kurdi"}]}},"_links":{"self":[{"href":"https:\/\/darkamazi.info\/funavuv\/wp\/v2\/posts\/1049546","targetHints":{"allow":["GET"]}}],"collection":[{"href":"https:\/\/darkamazi.info\/funavuv\/wp\/v2\/posts"}],"about":[{"href":"https:\/\/darkamazi.info\/funavuv\/wp\/v2\/types\/post"}],"author":[{"embeddable":true,"href":"https:\/\/darkamazi.info\/funavuv\/wp\/v2\/users\/2"}],"replies":[{"embeddable":true,"href":"https:\/\/darkamazi.info\/funavuv\/wp\/v2\/comments?post=1049546"}],"version-history":[{"count":0,"href":"https:\/\/darkamazi.info\/funavuv\/wp\/v2\/posts\/1049546\/revisions"}],"wp:featuredmedia":[{"embeddable":true,"href":"https:\/\/darkamazi.info\/funavuv\/wp\/v2\/media\/1049548"}],"wp:attachment":[{"href":"https:\/\/darkamazi.info\/funavuv\/wp\/v2\/media?parent=1049546"}],"wp:term":[{"taxonomy":"category","embeddable":true,"href":"https:\/\/darkamazi.info\/funavuv\/wp\/v2\/categories?post=1049546"},{"taxonomy":"post_tag","embeddable":true,"href":"https:\/\/darkamazi.info\/funavuv\/wp\/v2\/tags?post=1049546"}],"curies":[{"name":"wp","href":"https:\/\/api.w.org\/{rel}","templated":true}]}}