{"id":1049550,"date":"2025-08-24T11:32:41","date_gmt":"2025-08-24T08:32:41","guid":{"rendered":"https:\/\/darkamazi.info\/?p=1049550"},"modified":"2025-08-24T18:14:55","modified_gmt":"2025-08-24T15:14:55","slug":"1049550","status":"publish","type":"post","link":"https:\/\/darkamazi.info\/archives\/1049550","title":{"rendered":"R\u00eaveberiya Xweser: Hilbijartin ne demokrat\u00eek in \u00fb v\u00eena S\u00fbriyan n\u00ee\u015fan nadin"},"content":{"rendered":"<h3 style=\"text-align: justify\"><span style=\"font-family: 'arial black', sans-serif\">R\u00eaveberiya Xweser bi daxuyaniyek\u00ea ragihand, ew hilbijartin\u00ean parlamentoy\u00ea y\u00ean li S\u00fbriyey\u00ea bi ti away\u00ee nas nakin \u00fb ew wek &#8220;berdewamiya siyaseta pa\u015fguhkirin \u00fb d\u00fbrxistin\u00ea&#8221; dib\u00eenin. Herwiha bang li Netewey\u00ean Yekgirt\u00ee \u00fb civaka navdewlet\u00ee kir ku van hilbijartinan nas nekin.<\/span><\/h3>\n<h3 style=\"text-align: justify\">R\u00eaveberiya Xweser \u00eero 24\u00ea Tebax\u00ea di daxuyaniy\u00ea de got, p\u00eavajoya siyas\u00ee ya hey\u00ee armanc\u00ean \u015eore\u015fa S\u00fbriy\u00ea p\u00fb\u00e7 dike \u00fb p\u00eangav\u00ean wek Konferansa Diyalog\u00ea, hik\u00fbmeta demk\u00ee \u00fb van hilbijartinan, li dij\u00ee daxwaz\u00ean gel \u00ean ji bo edalet, demokras\u00ee, wekhev\u00ee \u00fb azadiy\u00ea ne.<\/h3>\n<h3 style=\"text-align: justify\"><span style=\"font-family: 'arial black', sans-serif\">&#8220;Maf\u00ea gel\u00ea S\u00fbriyey\u00ea t\u00ea diz\u00een&#8221;<\/span><\/h3>\n<h3 style=\"text-align: justify\">Daxuyaniy\u00ea bal ki\u015fand ser qurbaniy\u00ean gel\u00ea S\u00fbriyey\u00ea \u00fb got: &#8220;Gel\u00ea S\u00fbriyey\u00ea ji bo bidestxistina maf\u00ean welat\u00eeb\u00fbna rasteq\u00een, di ser\u00ee de maf\u00ea namzedb\u00fbn \u00fb hilbijartin\u00ean azad \u00fb dadmend, can\u00ea xwe feda kir. L\u00ea em dib\u00eenin ku d\u00eerok xwe dubare dike \u00fb careke din ev maf ji hem\u00fb S\u00fbriyan t\u00ea standin. Ev hilbijartin ne demokrat\u00eek in \u00fb bi ti away\u00ee \u00eeradeya gel\u00ea S\u00fbriyey\u00ea n\u00ee\u015fan nadin.&#8221;<\/h3>\n<h3 style=\"text-align: justify\"><span style=\"font-family: 'arial black', sans-serif\">&#8220;N\u00eev\u00ea gel\u00ea S\u00fbriyey\u00ea hatiye d\u00fbrxistin&#8221;<\/span><\/h3>\n<h3 style=\"text-align: justify\">R\u00eaveberiya Xweser diyar kir, lidarxistina van hilbijartinan di v\u00ea dem\u00ea de, t\u00ea wateya d\u00fbrxistina n\u00eaz\u00eek\u00ee n\u00eev\u00ea gel\u00ea S\u00fbriyey\u00ea ji v\u00ea p\u00eavajoy\u00ea. Herwiha got: &#8220;Bi milyonan kes ji ber ko\u00e7beriya ne\u00e7ar\u00ee \u00fb pol\u00eet\u00eekay\u00ean s\u00eestemat\u00eek nikarin be\u015fdar bibin. Ev d\u00fbrxistin bi ser\u00ea xwe del\u00eelek e\u015fkere ye ku ev hilbijartin ten\u00ea p\u00eangaveke r\u00fbke\u015f e \u00fb bersiv\u00ea nade p\u00eaw\u00eestiya \u00e7areseriyeke siyas\u00ee ya berfireh.&#8221;<\/h3>\n<h3 style=\"text-align: justify\">R\u00eaveberiya Xweser \u00eediaya ku dib\u00eaje her\u00eam\u00ean Bakur \u00fb Rojhilat\u00ea S\u00fbriyey\u00ea &#8220;ne ewle ne&#8221; bi tund\u00ee hat redkirin \u00fb got: &#8220;Ev hinceteke derew\u00een e ji bo \u00eenkarkirina \u00eeradeya z\u00eadey\u00ee p\u00eanc milyon S\u00fbr\u00ee. Berevaj\u00ee v\u00ea, her\u00eam\u00ean me ji dever\u00ean din \u00ean S\u00fbriyey\u00ea ewletir in.&#8221;<\/h3>\n<h3 style=\"text-align: justify\"><span style=\"font-family: 'arial black', sans-serif\">Banga li Civaka Navdewlet\u00ee<\/span><\/h3>\n<h3 style=\"text-align: justify\">R\u00eaveberiya Xweser got j\u00ee: &#8220;Em, wek be\u015fek\u00ee resen \u00ea S\u00fbriyey\u00ea, her biryareke ku bi hi\u015fmendiyeke yekal\u00ee were day\u00een red dikin. Em \u00ea bi encam\u00ean van hilbijartinan ve gir\u00eaday\u00ee nebin. Em bang li Netewey\u00ean Yekgirt\u00ee \u00fb civaka navdewlet\u00ee dikin ku van hilbijartinan nas nekin, ji ber ku ew li dij\u00ee biryara 2254 a Enc\u00fbmena Ewlekariy\u00ea ne.&#8221;<\/h3>\n<h3 style=\"text-align: justify\">Daxuyan\u00ee bi tekezkirina li ser \u00e7areseriyeke siyas\u00ee ya gi\u015ft\u00ee bi daw\u00ee b\u00fb, ku t\u00ea de hem\u00fb p\u00eakhatey\u00ean S\u00fbriyey\u00ea bi awayek\u00ee azad be\u015fdar bibin, da ku bigih\u00eejin &#8220;S\u00fbriyeyeke demokrat\u00eek, piral\u00ee \u00fb nenavend\u00ee.&#8221;<\/h3>\n","protected":false},"excerpt":{"rendered":"<p>R\u00eaveberiya Xweser bi daxuyaniyek\u00ea ragihand, ew hilbijartin\u00ean parlamentoy\u00ea y\u00ean li S\u00fbriyey\u00ea bi ti away\u00ee nas nakin \u00fb ew wek &#8220;berdewamiya siyaseta pa\u015fguhkirin \u00fb d\u00fbrxistin\u00ea&#8221; dib\u00eenin. Herwiha bang li Netewey\u00ean Yekgirt\u00ee \u00fb civaka navdewlet\u00ee kir ku van hilbijartinan nas nekin. R\u00eaveberiya Xweser \u00eero 24\u00ea Tebax\u00ea di daxuyaniy\u00ea de got, p\u00eavajoya siyas\u00ee ya hey\u00ee armanc\u00ean \u015eore\u015fa S\u00fbriy\u00ea [&hellip;]<\/p>\n","protected":false},"author":2,"featured_media":1049566,"comment_status":"closed","ping_status":"closed","sticky":false,"template":"","format":"standard","meta":{"footnotes":""},"categories":[29],"tags":[37],"class_list":["post-1049550","post","type-post","status-publish","format-standard","has-post-thumbnail","hentry","category-kurdistan","tag-sereke"],"blocksy_meta":[],"seo_head":"<!-- This site is optimized with the Yoast SEO plugin v27.5 - https:\/\/yoast.com\/product\/yoast-seo-wordpress\/ -->\n<title>R\u00eaveberiya Xweser: Hilbijartin ne demokrat\u00eek in \u00fb v\u00eena S\u00fbriyan n\u00ee\u015fan nadin - Darka Maz\u00ee<\/title>\n<meta name=\"robots\" content=\"index, follow, max-snippet:-1, max-image-preview:large, max-video-preview:-1\" \/>\n<link rel=\"canonical\" href=\"https:\/\/darkamazi.info\/archives\/1049550\" \/>\n<meta property=\"og:locale\" content=\"en_US\" \/>\n<meta property=\"og:type\" content=\"article\" \/>\n<meta property=\"og:title\" content=\"R\u00eaveberiya Xweser: Hilbijartin ne demokrat\u00eek in \u00fb v\u00eena S\u00fbriyan n\u00ee\u015fan nadin - Darka Maz\u00ee\" \/>\n<meta property=\"og:description\" content=\"R\u00eaveberiya Xweser bi daxuyaniyek\u00ea ragihand, ew hilbijartin\u00ean parlamentoy\u00ea y\u00ean li S\u00fbriyey\u00ea bi ti away\u00ee nas nakin \u00fb ew wek &#8220;berdewamiya siyaseta pa\u015fguhkirin \u00fb d\u00fbrxistin\u00ea&#8221; dib\u00eenin. Herwiha bang li Netewey\u00ean Yekgirt\u00ee \u00fb civaka navdewlet\u00ee kir ku van hilbijartinan nas nekin. R\u00eaveberiya Xweser \u00eero 24\u00ea Tebax\u00ea di daxuyaniy\u00ea de got, p\u00eavajoya siyas\u00ee ya hey\u00ee armanc\u00ean \u015eore\u015fa S\u00fbriy\u00ea [&hellip;]\" \/>\n<meta property=\"og:url\" content=\"https:\/\/darkamazi.info\/archives\/1049550\" \/>\n<meta property=\"og:site_name\" content=\"Darka Maz\u00ee\" \/>\n<meta property=\"article:publisher\" content=\"https:\/\/www.facebook.com\/DarMaziKurmanci\" \/>\n<meta property=\"article:published_time\" content=\"2025-08-24T08:32:41+00:00\" \/>\n<meta property=\"article:modified_time\" content=\"2025-08-24T15:14:55+00:00\" \/>\n<meta property=\"og:image\" content=\"https:\/\/darkamazi.info\/file\/2025\/08\/Reveberya-xweser-info.jpg\" \/>\n\t<meta property=\"og:image:width\" content=\"900\" \/>\n\t<meta property=\"og:image:height\" content=\"500\" \/>\n\t<meta property=\"og:image:type\" content=\"image\/jpeg\" \/>\n<meta name=\"author\" content=\"darka mazi\" \/>\n<meta name=\"twitter:card\" content=\"summary_large_image\" \/>\n<meta name=\"twitter:creator\" content=\"@DarkaMaziLatini\" \/>\n<meta name=\"twitter:site\" content=\"@DarkaMaziLatini\" \/>\n<meta name=\"twitter:label1\" content=\"Written by\" \/>\n\t<meta name=\"twitter:data1\" content=\"darka mazi\" \/>\n\t<meta name=\"twitter:label2\" content=\"Est. reading time\" \/>\n\t<meta name=\"twitter:data2\" content=\"2 minutes\" \/>\n<script type=\"application\/ld+json\" class=\"seo-schema-graph\">{\"@context\":\"https:\\\/\\\/schema.org\",\"@graph\":[{\"@type\":\"Article\",\"@id\":\"https:\\\/\\\/darkamazi.info\\\/archives\\\/1049550#article\",\"isPartOf\":{\"@id\":\"https:\\\/\\\/darkamazi.info\\\/archives\\\/1049550\"},\"author\":{\"name\":\"darka mazi\",\"@id\":\"https:\\\/\\\/darkamazi.info\\\/#\\\/schema\\\/person\\\/5ad3e24553a0567993fa8ed4bd0a776c\"},\"headline\":\"R\u00eaveberiya Xweser: Hilbijartin ne demokrat\u00eek in \u00fb v\u00eena S\u00fbriyan n\u00ee\u015fan nadin\",\"datePublished\":\"2025-08-24T08:32:41+00:00\",\"dateModified\":\"2025-08-24T15:14:55+00:00\",\"mainEntityOfPage\":{\"@id\":\"https:\\\/\\\/darkamazi.info\\\/archives\\\/1049550\"},\"wordCount\":428,\"publisher\":{\"@id\":\"https:\\\/\\\/darkamazi.info\\\/#organization\"},\"image\":{\"@id\":\"https:\\\/\\\/darkamazi.info\\\/archives\\\/1049550#primaryimage\"},\"thumbnailUrl\":\"https:\\\/\\\/darkamazi.info\\\/darka-content\\\/uploads\\\/2025\\\/08\\\/Reveberya-xweser-info.jpg\",\"keywords\":[\"sereke\"],\"articleSection\":[\"Kurdistan\"],\"inLanguage\":\"en-US\"},{\"@type\":\"WebPage\",\"@id\":\"https:\\\/\\\/darkamazi.info\\\/archives\\\/1049550\",\"url\":\"https:\\\/\\\/darkamazi.info\\\/archives\\\/1049550\",\"name\":\"R\u00eaveberiya Xweser: Hilbijartin ne demokrat\u00eek in \u00fb v\u00eena S\u00fbriyan n\u00ee\u015fan nadin - Darka Maz\u00ee\",\"isPartOf\":{\"@id\":\"https:\\\/\\\/darkamazi.info\\\/#website\"},\"primaryImageOfPage\":{\"@id\":\"https:\\\/\\\/darkamazi.info\\\/archives\\\/1049550#primaryimage\"},\"image\":{\"@id\":\"https:\\\/\\\/darkamazi.info\\\/archives\\\/1049550#primaryimage\"},\"thumbnailUrl\":\"https:\\\/\\\/darkamazi.info\\\/darka-content\\\/uploads\\\/2025\\\/08\\\/Reveberya-xweser-info.jpg\",\"datePublished\":\"2025-08-24T08:32:41+00:00\",\"dateModified\":\"2025-08-24T15:14:55+00:00\",\"breadcrumb\":{\"@id\":\"https:\\\/\\\/darkamazi.info\\\/archives\\\/1049550#breadcrumb\"},\"inLanguage\":\"en-US\",\"potentialAction\":[{\"@type\":\"ReadAction\",\"target\":[\"https:\\\/\\\/darkamazi.info\\\/archives\\\/1049550\"]}]},{\"@type\":\"ImageObject\",\"inLanguage\":\"en-US\",\"@id\":\"https:\\\/\\\/darkamazi.info\\\/archives\\\/1049550#primaryimage\",\"url\":\"https:\\\/\\\/darkamazi.info\\\/darka-content\\\/uploads\\\/2025\\\/08\\\/Reveberya-xweser-info.jpg\",\"contentUrl\":\"https:\\\/\\\/darkamazi.info\\\/darka-content\\\/uploads\\\/2025\\\/08\\\/Reveberya-xweser-info.jpg\",\"width\":900,\"height\":500,\"caption\":\"Reveberya-xweser-info\"},{\"@type\":\"BreadcrumbList\",\"@id\":\"https:\\\/\\\/darkamazi.info\\\/archives\\\/1049550#breadcrumb\",\"itemListElement\":[{\"@type\":\"ListItem\",\"position\":1,\"name\":\"Home\",\"item\":\"https:\\\/\\\/darkamazi.info\\\/\"},{\"@type\":\"ListItem\",\"position\":2,\"name\":\"R\u00eaveberiya Xweser: Hilbijartin ne demokrat\u00eek in \u00fb v\u00eena S\u00fbriyan n\u00ee\u015fan nadin\"}]},{\"@type\":\"WebSite\",\"@id\":\"https:\\\/\\\/darkamazi.info\\\/#website\",\"url\":\"https:\\\/\\\/darkamazi.info\\\/\",\"name\":\"Darka Maz\u00ee\",\"description\":\"P\u00eageha Zanyariy\u00ean Nebih\u00eest\u00ee\",\"publisher\":{\"@id\":\"https:\\\/\\\/darkamazi.info\\\/#organization\"},\"potentialAction\":[{\"@type\":\"SearchAction\",\"target\":{\"@type\":\"EntryPoint\",\"urlTemplate\":\"https:\\\/\\\/darkamazi.info\\\/?s={search_term_string}\"},\"query-input\":{\"@type\":\"PropertyValueSpecification\",\"valueRequired\":true,\"valueName\":\"search_term_string\"}}],\"inLanguage\":\"en-US\"},{\"@type\":\"Organization\",\"@id\":\"https:\\\/\\\/darkamazi.info\\\/#organization\",\"name\":\"Darka Maz\u00ee\",\"url\":\"https:\\\/\\\/darkamazi.info\\\/\",\"logo\":{\"@type\":\"ImageObject\",\"inLanguage\":\"en-US\",\"@id\":\"https:\\\/\\\/darkamazi.info\\\/#\\\/schema\\\/logo\\\/image\\\/\",\"url\":\"https:\\\/\\\/darkamazi.info\\\/darka-content\\\/uploads\\\/2017\\\/12\\\/darka-mazi-logo.png\",\"contentUrl\":\"https:\\\/\\\/darkamazi.info\\\/darka-content\\\/uploads\\\/2017\\\/12\\\/darka-mazi-logo.png\",\"width\":151,\"height\":75,\"caption\":\"Darka Maz\u00ee\"},\"image\":{\"@id\":\"https:\\\/\\\/darkamazi.info\\\/#\\\/schema\\\/logo\\\/image\\\/\"},\"sameAs\":[\"https:\\\/\\\/www.facebook.com\\\/DarMaziKurmanci\",\"https:\\\/\\\/x.com\\\/DarkaMaziLatini\",\"https:\\\/\\\/www.instagram.com\\\/darkamazi.kurmanci\\\/\",\"https:\\\/\\\/www.youtube.com\\\/channel\\\/UCa5HkTdmI8U1qCUFuTw8B2g\"]},{\"@type\":\"Person\",\"@id\":\"https:\\\/\\\/darkamazi.info\\\/#\\\/schema\\\/person\\\/5ad3e24553a0567993fa8ed4bd0a776c\",\"name\":\"darka mazi\",\"sameAs\":[\"https:\\\/\\\/darkamazi.info\\\/\"],\"url\":\"https:\\\/\\\/darkamazi.info\\\/archives\\\/author\\\/kurdi\"}]}<\/script>\n<!-- \/ Yoast SEO plugin. -->","seo_head_json":{"title":"R\u00eaveberiya Xweser: Hilbijartin ne demokrat\u00eek in \u00fb v\u00eena S\u00fbriyan n\u00ee\u015fan nadin - Darka Maz\u00ee","robots":{"index":"index","follow":"follow","max-snippet":"max-snippet:-1","max-image-preview":"max-image-preview:large","max-video-preview":"max-video-preview:-1"},"canonical":"https:\/\/darkamazi.info\/archives\/1049550","og_locale":"en_US","og_type":"article","og_title":"R\u00eaveberiya Xweser: Hilbijartin ne demokrat\u00eek in \u00fb v\u00eena S\u00fbriyan n\u00ee\u015fan nadin - Darka Maz\u00ee","og_description":"R\u00eaveberiya Xweser bi daxuyaniyek\u00ea ragihand, ew hilbijartin\u00ean parlamentoy\u00ea y\u00ean li S\u00fbriyey\u00ea bi ti away\u00ee nas nakin \u00fb ew wek &#8220;berdewamiya siyaseta pa\u015fguhkirin \u00fb d\u00fbrxistin\u00ea&#8221; dib\u00eenin. Herwiha bang li Netewey\u00ean Yekgirt\u00ee \u00fb civaka navdewlet\u00ee kir ku van hilbijartinan nas nekin. R\u00eaveberiya Xweser \u00eero 24\u00ea Tebax\u00ea di daxuyaniy\u00ea de got, p\u00eavajoya siyas\u00ee ya hey\u00ee armanc\u00ean \u015eore\u015fa S\u00fbriy\u00ea [&hellip;]","og_url":"https:\/\/darkamazi.info\/archives\/1049550","og_site_name":"Darka Maz\u00ee","article_publisher":"https:\/\/www.facebook.com\/DarMaziKurmanci","article_published_time":"2025-08-24T08:32:41+00:00","article_modified_time":"2025-08-24T15:14:55+00:00","og_image":[{"width":900,"height":500,"url":"https:\/\/darkamazi.info\/file\/2025\/08\/Reveberya-xweser-info.jpg","type":"image\/jpeg"}],"author":"darka mazi","twitter_card":"summary_large_image","twitter_creator":"@DarkaMaziLatini","twitter_site":"@DarkaMaziLatini","twitter_misc":{"Written by":"darka mazi","Est. reading time":"2 minutes"},"schema":{"@context":"https:\/\/schema.org","@graph":[{"@type":"Article","@id":"https:\/\/darkamazi.info\/archives\/1049550#article","isPartOf":{"@id":"https:\/\/darkamazi.info\/archives\/1049550"},"author":{"name":"darka mazi","@id":"https:\/\/darkamazi.info\/#\/schema\/person\/5ad3e24553a0567993fa8ed4bd0a776c"},"headline":"R\u00eaveberiya Xweser: Hilbijartin ne demokrat\u00eek in \u00fb v\u00eena S\u00fbriyan n\u00ee\u015fan nadin","datePublished":"2025-08-24T08:32:41+00:00","dateModified":"2025-08-24T15:14:55+00:00","mainEntityOfPage":{"@id":"https:\/\/darkamazi.info\/archives\/1049550"},"wordCount":428,"publisher":{"@id":"https:\/\/darkamazi.info\/#organization"},"image":{"@id":"https:\/\/darkamazi.info\/archives\/1049550#primaryimage"},"thumbnailUrl":"https:\/\/darkamazi.info\/file\/2025\/08\/Reveberya-xweser-info.jpg","keywords":["sereke"],"articleSection":["Kurdistan"],"inLanguage":"en-US"},{"@type":"WebPage","@id":"https:\/\/darkamazi.info\/archives\/1049550","url":"https:\/\/darkamazi.info\/archives\/1049550","name":"R\u00eaveberiya Xweser: Hilbijartin ne demokrat\u00eek in \u00fb v\u00eena S\u00fbriyan n\u00ee\u015fan nadin - Darka Maz\u00ee","isPartOf":{"@id":"https:\/\/darkamazi.info\/#website"},"primaryImageOfPage":{"@id":"https:\/\/darkamazi.info\/archives\/1049550#primaryimage"},"image":{"@id":"https:\/\/darkamazi.info\/archives\/1049550#primaryimage"},"thumbnailUrl":"https:\/\/darkamazi.info\/file\/2025\/08\/Reveberya-xweser-info.jpg","datePublished":"2025-08-24T08:32:41+00:00","dateModified":"2025-08-24T15:14:55+00:00","breadcrumb":{"@id":"https:\/\/darkamazi.info\/archives\/1049550#breadcrumb"},"inLanguage":"en-US","potentialAction":[{"@type":"ReadAction","target":["https:\/\/darkamazi.info\/archives\/1049550"]}]},{"@type":"ImageObject","inLanguage":"en-US","@id":"https:\/\/darkamazi.info\/archives\/1049550#primaryimage","url":"https:\/\/darkamazi.info\/file\/2025\/08\/Reveberya-xweser-info.jpg","contentUrl":"https:\/\/darkamazi.info\/file\/2025\/08\/Reveberya-xweser-info.jpg","width":900,"height":500,"caption":"Reveberya-xweser-info"},{"@type":"BreadcrumbList","@id":"https:\/\/darkamazi.info\/archives\/1049550#breadcrumb","itemListElement":[{"@type":"ListItem","position":1,"name":"Home","item":"https:\/\/darkamazi.info\/"},{"@type":"ListItem","position":2,"name":"R\u00eaveberiya Xweser: Hilbijartin ne demokrat\u00eek in \u00fb v\u00eena S\u00fbriyan n\u00ee\u015fan nadin"}]},{"@type":"WebSite","@id":"https:\/\/darkamazi.info\/#website","url":"https:\/\/darkamazi.info\/","name":"Darka Maz\u00ee","description":"P\u00eageha Zanyariy\u00ean Nebih\u00eest\u00ee","publisher":{"@id":"https:\/\/darkamazi.info\/#organization"},"potentialAction":[{"@type":"SearchAction","target":{"@type":"EntryPoint","urlTemplate":"https:\/\/darkamazi.info\/?s={search_term_string}"},"query-input":{"@type":"PropertyValueSpecification","valueRequired":true,"valueName":"search_term_string"}}],"inLanguage":"en-US"},{"@type":"Organization","@id":"https:\/\/darkamazi.info\/#organization","name":"Darka Maz\u00ee","url":"https:\/\/darkamazi.info\/","logo":{"@type":"ImageObject","inLanguage":"en-US","@id":"https:\/\/darkamazi.info\/#\/schema\/logo\/image\/","url":"https:\/\/darkamazi.info\/file\/2017\/12\/darka-mazi-logo.png","contentUrl":"https:\/\/darkamazi.info\/file\/2017\/12\/darka-mazi-logo.png","width":151,"height":75,"caption":"Darka Maz\u00ee"},"image":{"@id":"https:\/\/darkamazi.info\/#\/schema\/logo\/image\/"},"sameAs":["https:\/\/www.facebook.com\/DarMaziKurmanci","https:\/\/x.com\/DarkaMaziLatini","https:\/\/www.instagram.com\/darkamazi.kurmanci\/","https:\/\/www.youtube.com\/channel\/UCa5HkTdmI8U1qCUFuTw8B2g"]},{"@type":"Person","@id":"https:\/\/darkamazi.info\/#\/schema\/person\/5ad3e24553a0567993fa8ed4bd0a776c","name":"darka mazi","sameAs":["https:\/\/darkamazi.info\/"],"url":"https:\/\/darkamazi.info\/archives\/author\/kurdi"}]}},"_links":{"self":[{"href":"https:\/\/darkamazi.info\/funavuv\/wp\/v2\/posts\/1049550","targetHints":{"allow":["GET"]}}],"collection":[{"href":"https:\/\/darkamazi.info\/funavuv\/wp\/v2\/posts"}],"about":[{"href":"https:\/\/darkamazi.info\/funavuv\/wp\/v2\/types\/post"}],"author":[{"embeddable":true,"href":"https:\/\/darkamazi.info\/funavuv\/wp\/v2\/users\/2"}],"replies":[{"embeddable":true,"href":"https:\/\/darkamazi.info\/funavuv\/wp\/v2\/comments?post=1049550"}],"version-history":[{"count":0,"href":"https:\/\/darkamazi.info\/funavuv\/wp\/v2\/posts\/1049550\/revisions"}],"wp:featuredmedia":[{"embeddable":true,"href":"https:\/\/darkamazi.info\/funavuv\/wp\/v2\/media\/1049566"}],"wp:attachment":[{"href":"https:\/\/darkamazi.info\/funavuv\/wp\/v2\/media?parent=1049550"}],"wp:term":[{"taxonomy":"category","embeddable":true,"href":"https:\/\/darkamazi.info\/funavuv\/wp\/v2\/categories?post=1049550"},{"taxonomy":"post_tag","embeddable":true,"href":"https:\/\/darkamazi.info\/funavuv\/wp\/v2\/tags?post=1049550"}],"curies":[{"name":"wp","href":"https:\/\/api.w.org\/{rel}","templated":true}]}}