{"id":1049555,"date":"2025-08-24T12:19:02","date_gmt":"2025-08-24T09:19:02","guid":{"rendered":"https:\/\/darkamazi.info\/?p=1049555"},"modified":"2025-08-24T12:19:02","modified_gmt":"2025-08-24T09:19:02","slug":"ebdulrehman-abo-serok-barzani-parezvane-doza-kurd-li-rojavaye-kurdistane-ye","status":"publish","type":"post","link":"https:\/\/darkamazi.info\/archives\/1049555","title":{"rendered":"Ebdulrehman Abo: Serok Barzan\u00ee par\u00eazvan\u00ea doza Kurd li Rojavay\u00ea Kurdistan\u00ea ye"},"content":{"rendered":"<h3 style=\"text-align: justify\"><span style=\"font-family: 'arial black', sans-serif\">Siyasetmedarek\u00ee Kurd li Rojavay\u00ea Kurdistan\u00ea dib\u00eaje ku Serok Mes\u00fbd Barzan\u00ee ji destp\u00eaka \u015fore\u015fa S\u00fbriy\u00ea ve roleke \u00e7alak di parastina doza Kurd\u00ee li Rojavay\u00ea Kurdistan\u00ea de l\u00eestiye \u00fb amaje bi w\u00ea j\u00ee kiriye, ew belgenameya siyas\u00ee ku di konfransa netew\u00ee ya kurd li meha N\u00eesana bor\u00ee de hat derxistin, nenavendiya siyas\u00ee wek \u00e7areseriyek bo doza kurd li Rojavay\u00ea Kurdistan\u00ea destn\u00ee\u015fan kiriye.<\/span><\/h3>\n<h3 style=\"text-align: justify\">Ebdurehman Abo, siyasetmedar\u00ea Kurd li Rojavay\u00ea Kurdistan\u00ea, ragihand: &#8220;\u00c7avd\u00eariya Serok Barzan\u00ee rasterast di \u00e7areserkirina rew\u015fa di navbera Enc\u00fbmena Netewey\u00ee ya Kurd li S\u00fbriy\u00ea (ENKS) \u00fb Enc\u00fbmena Rojavay\u00ea Kurdistan\u00ea ya ser bi Partiya Yek\u00eetiya Demokrat\u00eek (PYD) di dema vexwandina bo Hewl\u00ear \u00fb r\u00eakeftina Hewl\u00ear 1 di 11\u00ea T\u00eermeha 2012an de, d\u00fb re \u00e7avd\u00eariya peymana Duhok\u00ea di Cotmeha 2014an de, ku mixabin, tev\u00ee gir\u00eengiya xwe, t\u00eak \u00e7\u00fb.&#8221;<\/h3>\n<h3 style=\"text-align: justify\">Herwiha: &#8220;\u00c7avd\u00eariya Serok berdewam b\u00fb di dan\u00fbstandin\u00ean Yek\u00eetiya Netewey\u00ee ya Kurd \u00ean 2020an di navbera ENKS \u00fb PYD\u00ea de ku di encam\u00ea de di navbera her du aliyan de di bin \u00e7avd\u00eariya navnetewey\u00ee (Br\u00eetanya, Fransa \u00fb Amer\u00eeka), de belgeyek siyas\u00ee hate \u00eemzekirin, ber\u00ee ku ji ber \u00e7end sedeman raweste.\u201d<\/h3>\n<h3 style=\"text-align: justify\">Abo got, &#8220;Pi\u015ft\u00ee hilwe\u015f\u00eena rej\u00eema Esed \u00fb avakirina hik\u00fbmeteke n\u00fb bi serokatiya Ehmed \u015eera ya sala par, ev \u00e7avd\u00eariya navnetewey\u00ee di bin \u00e7avd\u00eariya Serok Mes\u00fbd Barzan\u00ee de ji n\u00fb ve dest p\u00ea kir. Belgeyeke siyas\u00ee ya bingeh\u00een a t\u00eakildar\u00ee tevgera Kurd, ku n\u00fbnertiya gel\u00ea Kurd li Rojavay\u00ea Kurdistan-S\u00fbriy\u00ea dike, derxist.&#8221;<\/h3>\n<h3 style=\"text-align: justify\">Ew siyasetmedar\u00ea kurd \u00ea Rojavay\u00ea Kurdistan\u00ea amaje bi w\u00ea j\u00ee dike, &#8220;Hemahengiyeke navnetewey\u00ee ya hevbe\u015f li ser S\u00fbriy\u00ea \u00fb pirsgir\u00eaka Kurd heye, \u00fb lihevkirinek ji bo dan\u00fbstandinan di du aliyan de heye:<\/h3>\n<h3 style=\"text-align: justify\">&#8211; Di navbera r\u00eaveberiya her\u00eam\u00ee, H\u00eaz\u00ean S\u00fbriya Demokrat\u00eek, Enc\u00fbmena Demokrat\u00eek a S\u00fbriy\u00ea \u00fb Hik\u00fbmeta Demk\u00ee ya S\u00fbriy\u00ea de.<\/h3>\n<h3 style=\"text-align: justify\">&#8211; Di navbera \u015fandeya Kurd \u00fb hik\u00fbmeta demk\u00ee ya S\u00fbriy\u00ea de derbar\u00ea \u00e7areserkirina pirsgir\u00eaka Kurd li Rojavay\u00ea Kurdistan\u00ea.&#8221;<\/h3>\n<h3 style=\"text-align: justify\">Ebdurehman Abo tekez kir ku hem\u00fb dan\u00fbstandin d\u00ea di bin \u00e7avd\u00eariya navnetewey\u00ee \u00fb \u00e7avd\u00eariya rasterast de li Her\u00eama Kurdistan\u00ea werin kirin. Amaje bi w\u00ea j\u00ee kir: &#8220;Belgeya siyas\u00ee ya ku di meha N\u00eesan\u00ea de ji aliy\u00ea Konferansa Netewey\u00ee ya Kurd ve hatiye derxistin, nenavend\u00eekirina siyas\u00ee ji bo \u00e7areserkirina pirsgir\u00eaka Kurd li Rojavay\u00ea Kurdistan\u00ea destn\u00ee\u015fan kir.\u201d<\/h3>\n<h3 style=\"text-align: justify\">Abo di dawiy\u00ea de got: &#8220;P\u00eaw\u00eest e ku hik\u00fbmeta \u015eam\u00ea li gor\u00ee daxwaz\u00ean netewey\u00ee y\u00ean hey\u00ee bi gel\u00ea Kurd li Rojavay\u00ea Kurdistan\u00ea re dan\u00fbstandin\u00ea bike \u00fb qurbaniy\u00ean ku tevgera rizgariya Kurd di dehsalan de daye li ber \u00e7avan bigire. Di nav wan de, yek\u00eetiyek azad a dilxwaz ji bo gel\u00ea Kurd, day\u00eena mafan ji xwediy\u00ean rewa re \u00fb \u00e7areserkirina pirsgir\u00eaka Kurd tekane r\u00eaya man \u00fb berdewamiya Komara Yekb\u00fby\u00ee ya S\u00fbriy\u00ea ye.&#8221;<\/h3>\n","protected":false},"excerpt":{"rendered":"<p>Siyasetmedarek\u00ee Kurd li Rojavay\u00ea Kurdistan\u00ea dib\u00eaje ku Serok Mes\u00fbd Barzan\u00ee ji destp\u00eaka \u015fore\u015fa S\u00fbriy\u00ea ve roleke \u00e7alak di parastina doza Kurd\u00ee li Rojavay\u00ea Kurdistan\u00ea de l\u00eestiye \u00fb amaje bi w\u00ea j\u00ee kiriye, ew belgenameya siyas\u00ee ku di konfransa netew\u00ee ya kurd li meha N\u00eesana bor\u00ee de hat derxistin, nenavendiya siyas\u00ee wek \u00e7areseriyek bo doza kurd [&hellip;]<\/p>\n","protected":false},"author":2,"featured_media":1049556,"comment_status":"closed","ping_status":"closed","sticky":false,"template":"","format":"standard","meta":{"footnotes":""},"categories":[29],"tags":[37],"class_list":["post-1049555","post","type-post","status-publish","format-standard","has-post-thumbnail","hentry","category-kurdistan","tag-sereke"],"blocksy_meta":[],"seo_head":"<!-- This site is optimized with the Yoast SEO plugin v27.5 - https:\/\/yoast.com\/product\/yoast-seo-wordpress\/ -->\n<title>Ebdulrehman Abo: Serok Barzan\u00ee par\u00eazvan\u00ea doza Kurd li Rojavay\u00ea Kurdistan\u00ea ye - Darka Maz\u00ee<\/title>\n<meta name=\"robots\" content=\"index, follow, max-snippet:-1, max-image-preview:large, max-video-preview:-1\" \/>\n<link rel=\"canonical\" href=\"https:\/\/darkamazi.info\/archives\/1049555\" \/>\n<meta property=\"og:locale\" content=\"en_US\" \/>\n<meta property=\"og:type\" content=\"article\" \/>\n<meta property=\"og:title\" content=\"Ebdulrehman Abo: Serok Barzan\u00ee par\u00eazvan\u00ea doza Kurd li Rojavay\u00ea Kurdistan\u00ea ye - Darka Maz\u00ee\" \/>\n<meta property=\"og:description\" content=\"Siyasetmedarek\u00ee Kurd li Rojavay\u00ea Kurdistan\u00ea dib\u00eaje ku Serok Mes\u00fbd Barzan\u00ee ji destp\u00eaka \u015fore\u015fa S\u00fbriy\u00ea ve roleke \u00e7alak di parastina doza Kurd\u00ee li Rojavay\u00ea Kurdistan\u00ea de l\u00eestiye \u00fb amaje bi w\u00ea j\u00ee kiriye, ew belgenameya siyas\u00ee ku di konfransa netew\u00ee ya kurd li meha N\u00eesana bor\u00ee de hat derxistin, nenavendiya siyas\u00ee wek \u00e7areseriyek bo doza kurd [&hellip;]\" \/>\n<meta property=\"og:url\" content=\"https:\/\/darkamazi.info\/archives\/1049555\" \/>\n<meta property=\"og:site_name\" content=\"Darka Maz\u00ee\" \/>\n<meta property=\"article:publisher\" content=\"https:\/\/www.facebook.com\/DarMaziKurmanci\" \/>\n<meta property=\"article:published_time\" content=\"2025-08-24T09:19:02+00:00\" \/>\n<meta property=\"og:image\" content=\"https:\/\/darkamazi.info\/file\/2025\/08\/Barzani-referandum-Info.jpg\" \/>\n\t<meta property=\"og:image:width\" content=\"900\" \/>\n\t<meta property=\"og:image:height\" content=\"497\" \/>\n\t<meta property=\"og:image:type\" content=\"image\/jpeg\" \/>\n<meta name=\"author\" content=\"darka mazi\" \/>\n<meta name=\"twitter:card\" content=\"summary_large_image\" \/>\n<meta name=\"twitter:creator\" content=\"@DarkaMaziLatini\" \/>\n<meta name=\"twitter:site\" content=\"@DarkaMaziLatini\" \/>\n<meta name=\"twitter:label1\" content=\"Written by\" \/>\n\t<meta name=\"twitter:data1\" content=\"darka mazi\" \/>\n\t<meta name=\"twitter:label2\" content=\"Est. reading time\" \/>\n\t<meta name=\"twitter:data2\" content=\"3 minutes\" \/>\n<script type=\"application\/ld+json\" class=\"seo-schema-graph\">{\"@context\":\"https:\\\/\\\/schema.org\",\"@graph\":[{\"@type\":\"Article\",\"@id\":\"https:\\\/\\\/darkamazi.info\\\/archives\\\/1049555#article\",\"isPartOf\":{\"@id\":\"https:\\\/\\\/darkamazi.info\\\/archives\\\/1049555\"},\"author\":{\"name\":\"darka mazi\",\"@id\":\"https:\\\/\\\/darkamazi.info\\\/#\\\/schema\\\/person\\\/5ad3e24553a0567993fa8ed4bd0a776c\"},\"headline\":\"Ebdulrehman Abo: Serok Barzan\u00ee par\u00eazvan\u00ea doza Kurd li Rojavay\u00ea Kurdistan\u00ea ye\",\"datePublished\":\"2025-08-24T09:19:02+00:00\",\"mainEntityOfPage\":{\"@id\":\"https:\\\/\\\/darkamazi.info\\\/archives\\\/1049555\"},\"wordCount\":491,\"publisher\":{\"@id\":\"https:\\\/\\\/darkamazi.info\\\/#organization\"},\"image\":{\"@id\":\"https:\\\/\\\/darkamazi.info\\\/archives\\\/1049555#primaryimage\"},\"thumbnailUrl\":\"https:\\\/\\\/darkamazi.info\\\/darka-content\\\/uploads\\\/2025\\\/08\\\/Barzani-referandum-Info.jpg\",\"keywords\":[\"sereke\"],\"articleSection\":[\"Kurdistan\"],\"inLanguage\":\"en-US\"},{\"@type\":\"WebPage\",\"@id\":\"https:\\\/\\\/darkamazi.info\\\/archives\\\/1049555\",\"url\":\"https:\\\/\\\/darkamazi.info\\\/archives\\\/1049555\",\"name\":\"Ebdulrehman Abo: Serok Barzan\u00ee par\u00eazvan\u00ea doza Kurd li Rojavay\u00ea Kurdistan\u00ea ye - Darka Maz\u00ee\",\"isPartOf\":{\"@id\":\"https:\\\/\\\/darkamazi.info\\\/#website\"},\"primaryImageOfPage\":{\"@id\":\"https:\\\/\\\/darkamazi.info\\\/archives\\\/1049555#primaryimage\"},\"image\":{\"@id\":\"https:\\\/\\\/darkamazi.info\\\/archives\\\/1049555#primaryimage\"},\"thumbnailUrl\":\"https:\\\/\\\/darkamazi.info\\\/darka-content\\\/uploads\\\/2025\\\/08\\\/Barzani-referandum-Info.jpg\",\"datePublished\":\"2025-08-24T09:19:02+00:00\",\"breadcrumb\":{\"@id\":\"https:\\\/\\\/darkamazi.info\\\/archives\\\/1049555#breadcrumb\"},\"inLanguage\":\"en-US\",\"potentialAction\":[{\"@type\":\"ReadAction\",\"target\":[\"https:\\\/\\\/darkamazi.info\\\/archives\\\/1049555\"]}]},{\"@type\":\"ImageObject\",\"inLanguage\":\"en-US\",\"@id\":\"https:\\\/\\\/darkamazi.info\\\/archives\\\/1049555#primaryimage\",\"url\":\"https:\\\/\\\/darkamazi.info\\\/darka-content\\\/uploads\\\/2025\\\/08\\\/Barzani-referandum-Info.jpg\",\"contentUrl\":\"https:\\\/\\\/darkamazi.info\\\/darka-content\\\/uploads\\\/2025\\\/08\\\/Barzani-referandum-Info.jpg\",\"width\":900,\"height\":497,\"caption\":\"Ebdulrehman Abo: Serok Barzan\u00ee par\u00eazvan\u00ea doza Kurd li Rojavay\u00ea Kurdistan\u00ea ye\"},{\"@type\":\"BreadcrumbList\",\"@id\":\"https:\\\/\\\/darkamazi.info\\\/archives\\\/1049555#breadcrumb\",\"itemListElement\":[{\"@type\":\"ListItem\",\"position\":1,\"name\":\"Home\",\"item\":\"https:\\\/\\\/darkamazi.info\\\/\"},{\"@type\":\"ListItem\",\"position\":2,\"name\":\"Ebdulrehman Abo: Serok Barzan\u00ee par\u00eazvan\u00ea doza Kurd li Rojavay\u00ea Kurdistan\u00ea ye\"}]},{\"@type\":\"WebSite\",\"@id\":\"https:\\\/\\\/darkamazi.info\\\/#website\",\"url\":\"https:\\\/\\\/darkamazi.info\\\/\",\"name\":\"Darka Maz\u00ee\",\"description\":\"P\u00eageha Zanyariy\u00ean Nebih\u00eest\u00ee\",\"publisher\":{\"@id\":\"https:\\\/\\\/darkamazi.info\\\/#organization\"},\"potentialAction\":[{\"@type\":\"SearchAction\",\"target\":{\"@type\":\"EntryPoint\",\"urlTemplate\":\"https:\\\/\\\/darkamazi.info\\\/?s={search_term_string}\"},\"query-input\":{\"@type\":\"PropertyValueSpecification\",\"valueRequired\":true,\"valueName\":\"search_term_string\"}}],\"inLanguage\":\"en-US\"},{\"@type\":\"Organization\",\"@id\":\"https:\\\/\\\/darkamazi.info\\\/#organization\",\"name\":\"Darka Maz\u00ee\",\"url\":\"https:\\\/\\\/darkamazi.info\\\/\",\"logo\":{\"@type\":\"ImageObject\",\"inLanguage\":\"en-US\",\"@id\":\"https:\\\/\\\/darkamazi.info\\\/#\\\/schema\\\/logo\\\/image\\\/\",\"url\":\"https:\\\/\\\/darkamazi.info\\\/darka-content\\\/uploads\\\/2017\\\/12\\\/darka-mazi-logo.png\",\"contentUrl\":\"https:\\\/\\\/darkamazi.info\\\/darka-content\\\/uploads\\\/2017\\\/12\\\/darka-mazi-logo.png\",\"width\":151,\"height\":75,\"caption\":\"Darka Maz\u00ee\"},\"image\":{\"@id\":\"https:\\\/\\\/darkamazi.info\\\/#\\\/schema\\\/logo\\\/image\\\/\"},\"sameAs\":[\"https:\\\/\\\/www.facebook.com\\\/DarMaziKurmanci\",\"https:\\\/\\\/x.com\\\/DarkaMaziLatini\",\"https:\\\/\\\/www.instagram.com\\\/darkamazi.kurmanci\\\/\",\"https:\\\/\\\/www.youtube.com\\\/channel\\\/UCa5HkTdmI8U1qCUFuTw8B2g\"]},{\"@type\":\"Person\",\"@id\":\"https:\\\/\\\/darkamazi.info\\\/#\\\/schema\\\/person\\\/5ad3e24553a0567993fa8ed4bd0a776c\",\"name\":\"darka mazi\",\"sameAs\":[\"https:\\\/\\\/darkamazi.info\\\/\"],\"url\":\"https:\\\/\\\/darkamazi.info\\\/archives\\\/author\\\/kurdi\"}]}<\/script>\n<!-- \/ Yoast SEO plugin. -->","seo_head_json":{"title":"Ebdulrehman Abo: Serok Barzan\u00ee par\u00eazvan\u00ea doza Kurd li Rojavay\u00ea Kurdistan\u00ea ye - Darka Maz\u00ee","robots":{"index":"index","follow":"follow","max-snippet":"max-snippet:-1","max-image-preview":"max-image-preview:large","max-video-preview":"max-video-preview:-1"},"canonical":"https:\/\/darkamazi.info\/archives\/1049555","og_locale":"en_US","og_type":"article","og_title":"Ebdulrehman Abo: Serok Barzan\u00ee par\u00eazvan\u00ea doza Kurd li Rojavay\u00ea Kurdistan\u00ea ye - Darka Maz\u00ee","og_description":"Siyasetmedarek\u00ee Kurd li Rojavay\u00ea Kurdistan\u00ea dib\u00eaje ku Serok Mes\u00fbd Barzan\u00ee ji destp\u00eaka \u015fore\u015fa S\u00fbriy\u00ea ve roleke \u00e7alak di parastina doza Kurd\u00ee li Rojavay\u00ea Kurdistan\u00ea de l\u00eestiye \u00fb amaje bi w\u00ea j\u00ee kiriye, ew belgenameya siyas\u00ee ku di konfransa netew\u00ee ya kurd li meha N\u00eesana bor\u00ee de hat derxistin, nenavendiya siyas\u00ee wek \u00e7areseriyek bo doza kurd [&hellip;]","og_url":"https:\/\/darkamazi.info\/archives\/1049555","og_site_name":"Darka Maz\u00ee","article_publisher":"https:\/\/www.facebook.com\/DarMaziKurmanci","article_published_time":"2025-08-24T09:19:02+00:00","og_image":[{"width":900,"height":497,"url":"https:\/\/darkamazi.info\/file\/2025\/08\/Barzani-referandum-Info.jpg","type":"image\/jpeg"}],"author":"darka mazi","twitter_card":"summary_large_image","twitter_creator":"@DarkaMaziLatini","twitter_site":"@DarkaMaziLatini","twitter_misc":{"Written by":"darka mazi","Est. reading time":"3 minutes"},"schema":{"@context":"https:\/\/schema.org","@graph":[{"@type":"Article","@id":"https:\/\/darkamazi.info\/archives\/1049555#article","isPartOf":{"@id":"https:\/\/darkamazi.info\/archives\/1049555"},"author":{"name":"darka mazi","@id":"https:\/\/darkamazi.info\/#\/schema\/person\/5ad3e24553a0567993fa8ed4bd0a776c"},"headline":"Ebdulrehman Abo: Serok Barzan\u00ee par\u00eazvan\u00ea doza Kurd li Rojavay\u00ea Kurdistan\u00ea ye","datePublished":"2025-08-24T09:19:02+00:00","mainEntityOfPage":{"@id":"https:\/\/darkamazi.info\/archives\/1049555"},"wordCount":491,"publisher":{"@id":"https:\/\/darkamazi.info\/#organization"},"image":{"@id":"https:\/\/darkamazi.info\/archives\/1049555#primaryimage"},"thumbnailUrl":"https:\/\/darkamazi.info\/file\/2025\/08\/Barzani-referandum-Info.jpg","keywords":["sereke"],"articleSection":["Kurdistan"],"inLanguage":"en-US"},{"@type":"WebPage","@id":"https:\/\/darkamazi.info\/archives\/1049555","url":"https:\/\/darkamazi.info\/archives\/1049555","name":"Ebdulrehman Abo: Serok Barzan\u00ee par\u00eazvan\u00ea doza Kurd li Rojavay\u00ea Kurdistan\u00ea ye - Darka Maz\u00ee","isPartOf":{"@id":"https:\/\/darkamazi.info\/#website"},"primaryImageOfPage":{"@id":"https:\/\/darkamazi.info\/archives\/1049555#primaryimage"},"image":{"@id":"https:\/\/darkamazi.info\/archives\/1049555#primaryimage"},"thumbnailUrl":"https:\/\/darkamazi.info\/file\/2025\/08\/Barzani-referandum-Info.jpg","datePublished":"2025-08-24T09:19:02+00:00","breadcrumb":{"@id":"https:\/\/darkamazi.info\/archives\/1049555#breadcrumb"},"inLanguage":"en-US","potentialAction":[{"@type":"ReadAction","target":["https:\/\/darkamazi.info\/archives\/1049555"]}]},{"@type":"ImageObject","inLanguage":"en-US","@id":"https:\/\/darkamazi.info\/archives\/1049555#primaryimage","url":"https:\/\/darkamazi.info\/file\/2025\/08\/Barzani-referandum-Info.jpg","contentUrl":"https:\/\/darkamazi.info\/file\/2025\/08\/Barzani-referandum-Info.jpg","width":900,"height":497,"caption":"Ebdulrehman Abo: Serok Barzan\u00ee par\u00eazvan\u00ea doza Kurd li Rojavay\u00ea Kurdistan\u00ea ye"},{"@type":"BreadcrumbList","@id":"https:\/\/darkamazi.info\/archives\/1049555#breadcrumb","itemListElement":[{"@type":"ListItem","position":1,"name":"Home","item":"https:\/\/darkamazi.info\/"},{"@type":"ListItem","position":2,"name":"Ebdulrehman Abo: Serok Barzan\u00ee par\u00eazvan\u00ea doza Kurd li Rojavay\u00ea Kurdistan\u00ea ye"}]},{"@type":"WebSite","@id":"https:\/\/darkamazi.info\/#website","url":"https:\/\/darkamazi.info\/","name":"Darka Maz\u00ee","description":"P\u00eageha Zanyariy\u00ean Nebih\u00eest\u00ee","publisher":{"@id":"https:\/\/darkamazi.info\/#organization"},"potentialAction":[{"@type":"SearchAction","target":{"@type":"EntryPoint","urlTemplate":"https:\/\/darkamazi.info\/?s={search_term_string}"},"query-input":{"@type":"PropertyValueSpecification","valueRequired":true,"valueName":"search_term_string"}}],"inLanguage":"en-US"},{"@type":"Organization","@id":"https:\/\/darkamazi.info\/#organization","name":"Darka Maz\u00ee","url":"https:\/\/darkamazi.info\/","logo":{"@type":"ImageObject","inLanguage":"en-US","@id":"https:\/\/darkamazi.info\/#\/schema\/logo\/image\/","url":"https:\/\/darkamazi.info\/file\/2017\/12\/darka-mazi-logo.png","contentUrl":"https:\/\/darkamazi.info\/file\/2017\/12\/darka-mazi-logo.png","width":151,"height":75,"caption":"Darka Maz\u00ee"},"image":{"@id":"https:\/\/darkamazi.info\/#\/schema\/logo\/image\/"},"sameAs":["https:\/\/www.facebook.com\/DarMaziKurmanci","https:\/\/x.com\/DarkaMaziLatini","https:\/\/www.instagram.com\/darkamazi.kurmanci\/","https:\/\/www.youtube.com\/channel\/UCa5HkTdmI8U1qCUFuTw8B2g"]},{"@type":"Person","@id":"https:\/\/darkamazi.info\/#\/schema\/person\/5ad3e24553a0567993fa8ed4bd0a776c","name":"darka mazi","sameAs":["https:\/\/darkamazi.info\/"],"url":"https:\/\/darkamazi.info\/archives\/author\/kurdi"}]}},"_links":{"self":[{"href":"https:\/\/darkamazi.info\/funavuv\/wp\/v2\/posts\/1049555","targetHints":{"allow":["GET"]}}],"collection":[{"href":"https:\/\/darkamazi.info\/funavuv\/wp\/v2\/posts"}],"about":[{"href":"https:\/\/darkamazi.info\/funavuv\/wp\/v2\/types\/post"}],"author":[{"embeddable":true,"href":"https:\/\/darkamazi.info\/funavuv\/wp\/v2\/users\/2"}],"replies":[{"embeddable":true,"href":"https:\/\/darkamazi.info\/funavuv\/wp\/v2\/comments?post=1049555"}],"version-history":[{"count":0,"href":"https:\/\/darkamazi.info\/funavuv\/wp\/v2\/posts\/1049555\/revisions"}],"wp:featuredmedia":[{"embeddable":true,"href":"https:\/\/darkamazi.info\/funavuv\/wp\/v2\/media\/1049556"}],"wp:attachment":[{"href":"https:\/\/darkamazi.info\/funavuv\/wp\/v2\/media?parent=1049555"}],"wp:term":[{"taxonomy":"category","embeddable":true,"href":"https:\/\/darkamazi.info\/funavuv\/wp\/v2\/categories?post=1049555"},{"taxonomy":"post_tag","embeddable":true,"href":"https:\/\/darkamazi.info\/funavuv\/wp\/v2\/tags?post=1049555"}],"curies":[{"name":"wp","href":"https:\/\/api.w.org\/{rel}","templated":true}]}}