{"id":1049561,"date":"2025-08-24T17:59:51","date_gmt":"2025-08-24T14:59:51","guid":{"rendered":"https:\/\/darkamazi.info\/?p=1049561"},"modified":"2025-08-24T17:59:51","modified_gmt":"2025-08-24T14:59:51","slug":"ev-girtiyen-kurd-di-her-keliye-de-dikarin-bene-darvekirin","status":"publish","type":"post","link":"https:\/\/darkamazi.info\/archives\/1049561","title":{"rendered":"Ev girtiy\u00ean Kurd di her k\u00ealiy\u00ea de dikarin b\u00eane darvekirin"},"content":{"rendered":"<h3 style=\"text-align: justify\"><span style=\"font-family: 'arial black', sans-serif\">Komara \u00eeslam\u00eeya \u00ceran\u00ea s\u00ea girtiy\u00ean siyas\u00ee y\u00ean Kurd weke amadekar\u00ee bo darvekirina wan, ji z\u00eendana Urmiyey\u00ea \u015fandin z\u00eendana gi\u015ft\u00ee ya Sucan\u00ea.<\/span><\/h3>\n<h3 style=\"text-align: justify\"><span style=\"font-family: arial, helvetica, sans-serif\">R\u00eaxistina Maf\u00ea Mirovan a Kurdistan\u00ea bi daxuyaniyek\u00ea ragihand ku duh s\u00ea girtiy\u00ean siyas\u00ee y\u00ean bi cezay\u00ea darvekirin\u00ea hatine mehk\u00fbmkirin bi nav\u00ea Pejman Sultan\u00ee (30), El\u00ee Soran Qasim\u00ee (28) \u00fb Rojgar Begzade (42) bi \u015f\u00eawazek ne yasay\u00ee ji girt\u00eegeha Urmiyey\u00ea ji bo Girt\u00eegeha Gi\u015ft\u00ee ya Sucan hatin \u015fandin.<\/span><\/h3>\n<h3 style=\"text-align: justify\"><span style=\"font-family: arial, helvetica, sans-serif\">Di daxuyaniy\u00ea de hate destn\u00ee\u015fankirin ku saziy\u00ean maf\u00ean mirovan v\u00ea hewldan\u00ea wek gefek e\u015fkere li dij\u00ee parastina jiyana wan bi nav dikin.<\/span><\/h3>\n<h3 style=\"text-align: justify\"><span style=\"font-family: arial, helvetica, sans-serif\">R\u00eaxistin\u00ea di heman daxuyaniy\u00ea de ragihand ku veguhestina girtiy\u00ean siyas\u00ee ji \u00dbrmiyey\u00ea binp\u00eakirinek e\u015fkere ya maf\u00ean mirovan e.<\/span><\/h3>\n<h3 style=\"text-align: justify\"><span style=\"font-family: arial, helvetica, sans-serif\">Hate diyarkirin ku malbat\u00ean her s\u00ea girtiy\u00ean siyas\u00ee ji bo zelalkirina rew\u015fa zarok\u00ean xwe serdana rayedar\u00ean dadwer\u00ee \u00fb ewlehiy\u00ea kirine, l\u00ea heta niha ti bersivek wernegirtine.<\/span><\/h3>\n<h3 style=\"text-align: justify\"><span style=\"font-family: arial, helvetica, sans-serif\">Her s\u00ea girtiy\u00ean siyas\u00ee, di dema Serhildana \u2018Jin, Jiyan, Azad\u00ee\u2019 de ji aliy\u00ea h\u00eaz\u00ean rej\u00eema \u00ceran\u00ea ve hatib\u00fbn bin\u00e7avkirin.<\/span><\/h3>\n<h3 style=\"text-align: justify\"><span style=\"font-family: arial, helvetica, sans-serif\">Proseya darizandin\u00ea j\u00ee li Dadgeha \u015eore\u015f\u00ea ya \u00dbrmiyey\u00ea bi awayek\u00ee ne dadperwerane \u00fb b\u00eay\u00ee amadeb\u00fbna par\u00eazer\u00ean wan hate r\u00eavebirin.<\/span><\/h3>\n<h3 style=\"text-align: justify\"><span style=\"font-family: arial, helvetica, sans-serif\">Her s\u00ea girt\u00ee bi tometa \u2018serhildan, avakirina kom\u00ean dij\u00ee hik\u00fbmet\u00ea, peywend\u00ee \u00fb komploy\u00ean li dij\u00ee ewlehiya netew\u00ee \u00fb propagandaya li dij\u00ee dewlet\u00ea\u2019 bi cezay\u00ea darvekirin\u00ea hatin mehk\u00fbmkirin.<\/span><\/h3>\n","protected":false},"excerpt":{"rendered":"<p>Komara \u00eeslam\u00eeya \u00ceran\u00ea s\u00ea girtiy\u00ean siyas\u00ee y\u00ean Kurd weke amadekar\u00ee bo darvekirina wan, ji z\u00eendana Urmiyey\u00ea \u015fandin z\u00eendana gi\u015ft\u00ee ya Sucan\u00ea. R\u00eaxistina Maf\u00ea Mirovan a Kurdistan\u00ea bi daxuyaniyek\u00ea ragihand ku duh s\u00ea girtiy\u00ean siyas\u00ee y\u00ean bi cezay\u00ea darvekirin\u00ea hatine mehk\u00fbmkirin bi nav\u00ea Pejman Sultan\u00ee (30), El\u00ee Soran Qasim\u00ee (28) \u00fb Rojgar Begzade (42) bi \u015f\u00eawazek [&hellip;]<\/p>\n","protected":false},"author":2,"featured_media":1049562,"comment_status":"closed","ping_status":"closed","sticky":false,"template":"","format":"standard","meta":{"footnotes":""},"categories":[29],"tags":[37],"class_list":["post-1049561","post","type-post","status-publish","format-standard","has-post-thumbnail","hentry","category-kurdistan","tag-sereke"],"blocksy_meta":[],"seo_head":"<!-- This site is optimized with the Yoast SEO plugin v27.5 - https:\/\/yoast.com\/product\/yoast-seo-wordpress\/ -->\n<title>Ev girtiy\u00ean Kurd di her k\u00ealiy\u00ea de dikarin b\u00eane darvekirin - Darka Maz\u00ee<\/title>\n<meta name=\"robots\" content=\"index, follow, max-snippet:-1, max-image-preview:large, max-video-preview:-1\" \/>\n<link rel=\"canonical\" href=\"https:\/\/darkamazi.info\/archives\/1049561\" \/>\n<meta property=\"og:locale\" content=\"en_US\" \/>\n<meta property=\"og:type\" content=\"article\" \/>\n<meta property=\"og:title\" content=\"Ev girtiy\u00ean Kurd di her k\u00ealiy\u00ea de dikarin b\u00eane darvekirin - Darka Maz\u00ee\" \/>\n<meta property=\"og:description\" content=\"Komara \u00eeslam\u00eeya \u00ceran\u00ea s\u00ea girtiy\u00ean siyas\u00ee y\u00ean Kurd weke amadekar\u00ee bo darvekirina wan, ji z\u00eendana Urmiyey\u00ea \u015fandin z\u00eendana gi\u015ft\u00ee ya Sucan\u00ea. R\u00eaxistina Maf\u00ea Mirovan a Kurdistan\u00ea bi daxuyaniyek\u00ea ragihand ku duh s\u00ea girtiy\u00ean siyas\u00ee y\u00ean bi cezay\u00ea darvekirin\u00ea hatine mehk\u00fbmkirin bi nav\u00ea Pejman Sultan\u00ee (30), El\u00ee Soran Qasim\u00ee (28) \u00fb Rojgar Begzade (42) bi \u015f\u00eawazek [&hellip;]\" \/>\n<meta property=\"og:url\" content=\"https:\/\/darkamazi.info\/archives\/1049561\" \/>\n<meta property=\"og:site_name\" content=\"Darka Maz\u00ee\" \/>\n<meta property=\"article:publisher\" content=\"https:\/\/www.facebook.com\/DarMaziKurmanci\" \/>\n<meta property=\"article:published_time\" content=\"2025-08-24T14:59:51+00:00\" \/>\n<meta property=\"og:image\" content=\"https:\/\/darkamazi.info\/file\/2025\/08\/3-Girti-Kurd-iran-darvekirin-Info.jpg\" \/>\n\t<meta property=\"og:image:width\" content=\"900\" \/>\n\t<meta property=\"og:image:height\" content=\"500\" \/>\n\t<meta property=\"og:image:type\" content=\"image\/jpeg\" \/>\n<meta name=\"author\" content=\"darka mazi\" \/>\n<meta name=\"twitter:card\" content=\"summary_large_image\" \/>\n<meta name=\"twitter:creator\" content=\"@DarkaMaziLatini\" \/>\n<meta name=\"twitter:site\" content=\"@DarkaMaziLatini\" \/>\n<meta name=\"twitter:label1\" content=\"Written by\" \/>\n\t<meta name=\"twitter:data1\" content=\"darka mazi\" \/>\n\t<meta name=\"twitter:label2\" content=\"Est. reading time\" \/>\n\t<meta name=\"twitter:data2\" content=\"2 minutes\" \/>\n<script type=\"application\/ld+json\" class=\"seo-schema-graph\">{\"@context\":\"https:\\\/\\\/schema.org\",\"@graph\":[{\"@type\":\"Article\",\"@id\":\"https:\\\/\\\/darkamazi.info\\\/archives\\\/1049561#article\",\"isPartOf\":{\"@id\":\"https:\\\/\\\/darkamazi.info\\\/archives\\\/1049561\"},\"author\":{\"name\":\"darka mazi\",\"@id\":\"https:\\\/\\\/darkamazi.info\\\/#\\\/schema\\\/person\\\/5ad3e24553a0567993fa8ed4bd0a776c\"},\"headline\":\"Ev girtiy\u00ean Kurd di her k\u00ealiy\u00ea de dikarin b\u00eane darvekirin\",\"datePublished\":\"2025-08-24T14:59:51+00:00\",\"mainEntityOfPage\":{\"@id\":\"https:\\\/\\\/darkamazi.info\\\/archives\\\/1049561\"},\"wordCount\":246,\"publisher\":{\"@id\":\"https:\\\/\\\/darkamazi.info\\\/#organization\"},\"image\":{\"@id\":\"https:\\\/\\\/darkamazi.info\\\/archives\\\/1049561#primaryimage\"},\"thumbnailUrl\":\"https:\\\/\\\/darkamazi.info\\\/darka-content\\\/uploads\\\/2025\\\/08\\\/3-Girti-Kurd-iran-darvekirin-Info.jpg\",\"keywords\":[\"sereke\"],\"articleSection\":[\"Kurdistan\"],\"inLanguage\":\"en-US\"},{\"@type\":\"WebPage\",\"@id\":\"https:\\\/\\\/darkamazi.info\\\/archives\\\/1049561\",\"url\":\"https:\\\/\\\/darkamazi.info\\\/archives\\\/1049561\",\"name\":\"Ev girtiy\u00ean Kurd di her k\u00ealiy\u00ea de dikarin b\u00eane darvekirin - Darka Maz\u00ee\",\"isPartOf\":{\"@id\":\"https:\\\/\\\/darkamazi.info\\\/#website\"},\"primaryImageOfPage\":{\"@id\":\"https:\\\/\\\/darkamazi.info\\\/archives\\\/1049561#primaryimage\"},\"image\":{\"@id\":\"https:\\\/\\\/darkamazi.info\\\/archives\\\/1049561#primaryimage\"},\"thumbnailUrl\":\"https:\\\/\\\/darkamazi.info\\\/darka-content\\\/uploads\\\/2025\\\/08\\\/3-Girti-Kurd-iran-darvekirin-Info.jpg\",\"datePublished\":\"2025-08-24T14:59:51+00:00\",\"breadcrumb\":{\"@id\":\"https:\\\/\\\/darkamazi.info\\\/archives\\\/1049561#breadcrumb\"},\"inLanguage\":\"en-US\",\"potentialAction\":[{\"@type\":\"ReadAction\",\"target\":[\"https:\\\/\\\/darkamazi.info\\\/archives\\\/1049561\"]}]},{\"@type\":\"ImageObject\",\"inLanguage\":\"en-US\",\"@id\":\"https:\\\/\\\/darkamazi.info\\\/archives\\\/1049561#primaryimage\",\"url\":\"https:\\\/\\\/darkamazi.info\\\/darka-content\\\/uploads\\\/2025\\\/08\\\/3-Girti-Kurd-iran-darvekirin-Info.jpg\",\"contentUrl\":\"https:\\\/\\\/darkamazi.info\\\/darka-content\\\/uploads\\\/2025\\\/08\\\/3-Girti-Kurd-iran-darvekirin-Info.jpg\",\"width\":900,\"height\":500,\"caption\":\"3-Girti-Kurd-iran-darvekirin-Info\"},{\"@type\":\"BreadcrumbList\",\"@id\":\"https:\\\/\\\/darkamazi.info\\\/archives\\\/1049561#breadcrumb\",\"itemListElement\":[{\"@type\":\"ListItem\",\"position\":1,\"name\":\"Home\",\"item\":\"https:\\\/\\\/darkamazi.info\\\/\"},{\"@type\":\"ListItem\",\"position\":2,\"name\":\"Ev girtiy\u00ean Kurd di her k\u00ealiy\u00ea de dikarin b\u00eane darvekirin\"}]},{\"@type\":\"WebSite\",\"@id\":\"https:\\\/\\\/darkamazi.info\\\/#website\",\"url\":\"https:\\\/\\\/darkamazi.info\\\/\",\"name\":\"Darka Maz\u00ee\",\"description\":\"P\u00eageha Zanyariy\u00ean Nebih\u00eest\u00ee\",\"publisher\":{\"@id\":\"https:\\\/\\\/darkamazi.info\\\/#organization\"},\"potentialAction\":[{\"@type\":\"SearchAction\",\"target\":{\"@type\":\"EntryPoint\",\"urlTemplate\":\"https:\\\/\\\/darkamazi.info\\\/?s={search_term_string}\"},\"query-input\":{\"@type\":\"PropertyValueSpecification\",\"valueRequired\":true,\"valueName\":\"search_term_string\"}}],\"inLanguage\":\"en-US\"},{\"@type\":\"Organization\",\"@id\":\"https:\\\/\\\/darkamazi.info\\\/#organization\",\"name\":\"Darka Maz\u00ee\",\"url\":\"https:\\\/\\\/darkamazi.info\\\/\",\"logo\":{\"@type\":\"ImageObject\",\"inLanguage\":\"en-US\",\"@id\":\"https:\\\/\\\/darkamazi.info\\\/#\\\/schema\\\/logo\\\/image\\\/\",\"url\":\"https:\\\/\\\/darkamazi.info\\\/darka-content\\\/uploads\\\/2017\\\/12\\\/darka-mazi-logo.png\",\"contentUrl\":\"https:\\\/\\\/darkamazi.info\\\/darka-content\\\/uploads\\\/2017\\\/12\\\/darka-mazi-logo.png\",\"width\":151,\"height\":75,\"caption\":\"Darka Maz\u00ee\"},\"image\":{\"@id\":\"https:\\\/\\\/darkamazi.info\\\/#\\\/schema\\\/logo\\\/image\\\/\"},\"sameAs\":[\"https:\\\/\\\/www.facebook.com\\\/DarMaziKurmanci\",\"https:\\\/\\\/x.com\\\/DarkaMaziLatini\",\"https:\\\/\\\/www.instagram.com\\\/darkamazi.kurmanci\\\/\",\"https:\\\/\\\/www.youtube.com\\\/channel\\\/UCa5HkTdmI8U1qCUFuTw8B2g\"]},{\"@type\":\"Person\",\"@id\":\"https:\\\/\\\/darkamazi.info\\\/#\\\/schema\\\/person\\\/5ad3e24553a0567993fa8ed4bd0a776c\",\"name\":\"darka mazi\",\"sameAs\":[\"https:\\\/\\\/darkamazi.info\\\/\"],\"url\":\"https:\\\/\\\/darkamazi.info\\\/archives\\\/author\\\/kurdi\"}]}<\/script>\n<!-- \/ Yoast SEO plugin. -->","seo_head_json":{"title":"Ev girtiy\u00ean Kurd di her k\u00ealiy\u00ea de dikarin b\u00eane darvekirin - Darka Maz\u00ee","robots":{"index":"index","follow":"follow","max-snippet":"max-snippet:-1","max-image-preview":"max-image-preview:large","max-video-preview":"max-video-preview:-1"},"canonical":"https:\/\/darkamazi.info\/archives\/1049561","og_locale":"en_US","og_type":"article","og_title":"Ev girtiy\u00ean Kurd di her k\u00ealiy\u00ea de dikarin b\u00eane darvekirin - Darka Maz\u00ee","og_description":"Komara \u00eeslam\u00eeya \u00ceran\u00ea s\u00ea girtiy\u00ean siyas\u00ee y\u00ean Kurd weke amadekar\u00ee bo darvekirina wan, ji z\u00eendana Urmiyey\u00ea \u015fandin z\u00eendana gi\u015ft\u00ee ya Sucan\u00ea. R\u00eaxistina Maf\u00ea Mirovan a Kurdistan\u00ea bi daxuyaniyek\u00ea ragihand ku duh s\u00ea girtiy\u00ean siyas\u00ee y\u00ean bi cezay\u00ea darvekirin\u00ea hatine mehk\u00fbmkirin bi nav\u00ea Pejman Sultan\u00ee (30), El\u00ee Soran Qasim\u00ee (28) \u00fb Rojgar Begzade (42) bi \u015f\u00eawazek [&hellip;]","og_url":"https:\/\/darkamazi.info\/archives\/1049561","og_site_name":"Darka Maz\u00ee","article_publisher":"https:\/\/www.facebook.com\/DarMaziKurmanci","article_published_time":"2025-08-24T14:59:51+00:00","og_image":[{"width":900,"height":500,"url":"https:\/\/darkamazi.info\/file\/2025\/08\/3-Girti-Kurd-iran-darvekirin-Info.jpg","type":"image\/jpeg"}],"author":"darka mazi","twitter_card":"summary_large_image","twitter_creator":"@DarkaMaziLatini","twitter_site":"@DarkaMaziLatini","twitter_misc":{"Written by":"darka mazi","Est. reading time":"2 minutes"},"schema":{"@context":"https:\/\/schema.org","@graph":[{"@type":"Article","@id":"https:\/\/darkamazi.info\/archives\/1049561#article","isPartOf":{"@id":"https:\/\/darkamazi.info\/archives\/1049561"},"author":{"name":"darka mazi","@id":"https:\/\/darkamazi.info\/#\/schema\/person\/5ad3e24553a0567993fa8ed4bd0a776c"},"headline":"Ev girtiy\u00ean Kurd di her k\u00ealiy\u00ea de dikarin b\u00eane darvekirin","datePublished":"2025-08-24T14:59:51+00:00","mainEntityOfPage":{"@id":"https:\/\/darkamazi.info\/archives\/1049561"},"wordCount":246,"publisher":{"@id":"https:\/\/darkamazi.info\/#organization"},"image":{"@id":"https:\/\/darkamazi.info\/archives\/1049561#primaryimage"},"thumbnailUrl":"https:\/\/darkamazi.info\/file\/2025\/08\/3-Girti-Kurd-iran-darvekirin-Info.jpg","keywords":["sereke"],"articleSection":["Kurdistan"],"inLanguage":"en-US"},{"@type":"WebPage","@id":"https:\/\/darkamazi.info\/archives\/1049561","url":"https:\/\/darkamazi.info\/archives\/1049561","name":"Ev girtiy\u00ean Kurd di her k\u00ealiy\u00ea de dikarin b\u00eane darvekirin - Darka Maz\u00ee","isPartOf":{"@id":"https:\/\/darkamazi.info\/#website"},"primaryImageOfPage":{"@id":"https:\/\/darkamazi.info\/archives\/1049561#primaryimage"},"image":{"@id":"https:\/\/darkamazi.info\/archives\/1049561#primaryimage"},"thumbnailUrl":"https:\/\/darkamazi.info\/file\/2025\/08\/3-Girti-Kurd-iran-darvekirin-Info.jpg","datePublished":"2025-08-24T14:59:51+00:00","breadcrumb":{"@id":"https:\/\/darkamazi.info\/archives\/1049561#breadcrumb"},"inLanguage":"en-US","potentialAction":[{"@type":"ReadAction","target":["https:\/\/darkamazi.info\/archives\/1049561"]}]},{"@type":"ImageObject","inLanguage":"en-US","@id":"https:\/\/darkamazi.info\/archives\/1049561#primaryimage","url":"https:\/\/darkamazi.info\/file\/2025\/08\/3-Girti-Kurd-iran-darvekirin-Info.jpg","contentUrl":"https:\/\/darkamazi.info\/file\/2025\/08\/3-Girti-Kurd-iran-darvekirin-Info.jpg","width":900,"height":500,"caption":"3-Girti-Kurd-iran-darvekirin-Info"},{"@type":"BreadcrumbList","@id":"https:\/\/darkamazi.info\/archives\/1049561#breadcrumb","itemListElement":[{"@type":"ListItem","position":1,"name":"Home","item":"https:\/\/darkamazi.info\/"},{"@type":"ListItem","position":2,"name":"Ev girtiy\u00ean Kurd di her k\u00ealiy\u00ea de dikarin b\u00eane darvekirin"}]},{"@type":"WebSite","@id":"https:\/\/darkamazi.info\/#website","url":"https:\/\/darkamazi.info\/","name":"Darka Maz\u00ee","description":"P\u00eageha Zanyariy\u00ean Nebih\u00eest\u00ee","publisher":{"@id":"https:\/\/darkamazi.info\/#organization"},"potentialAction":[{"@type":"SearchAction","target":{"@type":"EntryPoint","urlTemplate":"https:\/\/darkamazi.info\/?s={search_term_string}"},"query-input":{"@type":"PropertyValueSpecification","valueRequired":true,"valueName":"search_term_string"}}],"inLanguage":"en-US"},{"@type":"Organization","@id":"https:\/\/darkamazi.info\/#organization","name":"Darka Maz\u00ee","url":"https:\/\/darkamazi.info\/","logo":{"@type":"ImageObject","inLanguage":"en-US","@id":"https:\/\/darkamazi.info\/#\/schema\/logo\/image\/","url":"https:\/\/darkamazi.info\/file\/2017\/12\/darka-mazi-logo.png","contentUrl":"https:\/\/darkamazi.info\/file\/2017\/12\/darka-mazi-logo.png","width":151,"height":75,"caption":"Darka Maz\u00ee"},"image":{"@id":"https:\/\/darkamazi.info\/#\/schema\/logo\/image\/"},"sameAs":["https:\/\/www.facebook.com\/DarMaziKurmanci","https:\/\/x.com\/DarkaMaziLatini","https:\/\/www.instagram.com\/darkamazi.kurmanci\/","https:\/\/www.youtube.com\/channel\/UCa5HkTdmI8U1qCUFuTw8B2g"]},{"@type":"Person","@id":"https:\/\/darkamazi.info\/#\/schema\/person\/5ad3e24553a0567993fa8ed4bd0a776c","name":"darka mazi","sameAs":["https:\/\/darkamazi.info\/"],"url":"https:\/\/darkamazi.info\/archives\/author\/kurdi"}]}},"_links":{"self":[{"href":"https:\/\/darkamazi.info\/funavuv\/wp\/v2\/posts\/1049561","targetHints":{"allow":["GET"]}}],"collection":[{"href":"https:\/\/darkamazi.info\/funavuv\/wp\/v2\/posts"}],"about":[{"href":"https:\/\/darkamazi.info\/funavuv\/wp\/v2\/types\/post"}],"author":[{"embeddable":true,"href":"https:\/\/darkamazi.info\/funavuv\/wp\/v2\/users\/2"}],"replies":[{"embeddable":true,"href":"https:\/\/darkamazi.info\/funavuv\/wp\/v2\/comments?post=1049561"}],"version-history":[{"count":0,"href":"https:\/\/darkamazi.info\/funavuv\/wp\/v2\/posts\/1049561\/revisions"}],"wp:featuredmedia":[{"embeddable":true,"href":"https:\/\/darkamazi.info\/funavuv\/wp\/v2\/media\/1049562"}],"wp:attachment":[{"href":"https:\/\/darkamazi.info\/funavuv\/wp\/v2\/media?parent=1049561"}],"wp:term":[{"taxonomy":"category","embeddable":true,"href":"https:\/\/darkamazi.info\/funavuv\/wp\/v2\/categories?post=1049561"},{"taxonomy":"post_tag","embeddable":true,"href":"https:\/\/darkamazi.info\/funavuv\/wp\/v2\/tags?post=1049561"}],"curies":[{"name":"wp","href":"https:\/\/api.w.org\/{rel}","templated":true}]}}