{"id":1049570,"date":"2025-08-25T11:39:25","date_gmt":"2025-08-25T08:39:25","guid":{"rendered":"https:\/\/darkamazi.info\/?p=1049570"},"modified":"2025-08-25T11:39:25","modified_gmt":"2025-08-25T08:39:25","slug":"li-rojavaye-kurdistane-cenazeyen-du-ciwanen-hatibun-revandin-hatin-ditin","status":"publish","type":"post","link":"https:\/\/darkamazi.info\/archives\/1049570","title":{"rendered":"Li Rojavay\u00ea Kurdistan\u00ea cenazey\u00ean du ciwan\u00ean hatib\u00fbn revandin hatin d\u00eetin"},"content":{"rendered":"<h3 style=\"text-align: justify\"><span style=\"font-family: 'arial black', sans-serif\">\u00c7apemeniya Rojavay\u00ea Kurdistan\u00ea ku, li s\u00eenor\u00ea bajar\u00ea Dirbesiy\u00ea du ciwan\u00ean ku hatib\u00fbn revandin, \u00eero cenazey\u00ean wan hatin d\u00eetin.<\/span><\/h3>\n<h3 style=\"text-align: justify\">Du roj ber\u00ee naha li bajar\u00ea Dirb\u00easiy\u00ea du ciwan hatib\u00fbn revandin \u00fb \u00e7aren\u00fbsa wan nediyar b\u00fb, l\u00ea \u00eero cenazey\u00ean her du ciwanan li n\u00eaz\u00eek\u00ee Hesek\u00ea hatin d\u00eetin, ku cenazey\u00ean wan li ser r\u00eayek\u00ee hatib\u00fbn av\u00eatin.<\/h3>\n<h3 style=\"text-align: justify\">Her du ciwan, yek bi nav\u00ea Adel Menis e ji gund\u00ea Me\u015f\u00eerfa Halimo ye \u00fb ciwan\u00ea din bi nav\u00ea Wel\u00eed Miho ye ji gund\u00ea Cilbistan\u00ee y\u00ea ser bi bajar\u00ea Dirb\u00easiy\u00ea ye, her du j\u00ee wek\u00ee karker\u00ean avah\u00eesaziy\u00ea dixebit\u00een.<\/h3>\n<h3 style=\"text-align: justify\">Di v\u00ea navber\u00ea de, medyay\u00ea ragihand ku b\u00fbyer h\u00een ne diyar e \u00fb h\u00eaz\u00ean ewlehiy\u00ea li ser b\u00fbyer\u00ea l\u00eapirs\u00een dane destp\u00eakirin.<\/h3>\n<p><img loading=\"lazy\" decoding=\"async\" width=\"710\" height=\"492\" class=\"aligncenter darka-image-1049571 size-full\" src=\"https:\/\/darkamazi.info\/file\/2025\/08\/35c4874301ddeb595ffde7f1ad6bed75_L.jpg\" alt=\"\" srcset=\"https:\/\/darkamazi.info\/file\/2025\/08\/35c4874301ddeb595ffde7f1ad6bed75_L.jpg 710w, https:\/\/darkamazi.info\/file\/2025\/08\/35c4874301ddeb595ffde7f1ad6bed75_L-300x208.jpg 300w\" sizes=\"auto, (max-width: 710px) 100vw, 710px\" \/><\/p>\n","protected":false},"excerpt":{"rendered":"<p>\u00c7apemeniya Rojavay\u00ea Kurdistan\u00ea ku, li s\u00eenor\u00ea bajar\u00ea Dirbesiy\u00ea du ciwan\u00ean ku hatib\u00fbn revandin, \u00eero cenazey\u00ean wan hatin d\u00eetin. Du roj ber\u00ee naha li bajar\u00ea Dirb\u00easiy\u00ea du ciwan hatib\u00fbn revandin \u00fb \u00e7aren\u00fbsa wan nediyar b\u00fb, l\u00ea \u00eero cenazey\u00ean her du ciwanan li n\u00eaz\u00eek\u00ee Hesek\u00ea hatin d\u00eetin, ku cenazey\u00ean wan li ser r\u00eayek\u00ee hatib\u00fbn av\u00eatin. Her du [&hellip;]<\/p>\n","protected":false},"author":2,"featured_media":1049572,"comment_status":"closed","ping_status":"closed","sticky":false,"template":"","format":"standard","meta":{"footnotes":""},"categories":[29],"tags":[37],"class_list":["post-1049570","post","type-post","status-publish","format-standard","has-post-thumbnail","hentry","category-kurdistan","tag-sereke"],"blocksy_meta":[],"seo_head":"<!-- This site is optimized with the Yoast SEO plugin v27.5 - https:\/\/yoast.com\/product\/yoast-seo-wordpress\/ -->\n<title>Li Rojavay\u00ea Kurdistan\u00ea cenazey\u00ean du ciwan\u00ean hatib\u00fbn revandin hatin d\u00eetin - Darka Maz\u00ee<\/title>\n<meta name=\"robots\" content=\"index, follow, max-snippet:-1, max-image-preview:large, max-video-preview:-1\" \/>\n<link rel=\"canonical\" href=\"https:\/\/darkamazi.info\/archives\/1049570\" \/>\n<meta property=\"og:locale\" content=\"en_US\" \/>\n<meta property=\"og:type\" content=\"article\" \/>\n<meta property=\"og:title\" content=\"Li Rojavay\u00ea Kurdistan\u00ea cenazey\u00ean du ciwan\u00ean hatib\u00fbn revandin hatin d\u00eetin - Darka Maz\u00ee\" \/>\n<meta property=\"og:description\" content=\"\u00c7apemeniya Rojavay\u00ea Kurdistan\u00ea ku, li s\u00eenor\u00ea bajar\u00ea Dirbesiy\u00ea du ciwan\u00ean ku hatib\u00fbn revandin, \u00eero cenazey\u00ean wan hatin d\u00eetin. Du roj ber\u00ee naha li bajar\u00ea Dirb\u00easiy\u00ea du ciwan hatib\u00fbn revandin \u00fb \u00e7aren\u00fbsa wan nediyar b\u00fb, l\u00ea \u00eero cenazey\u00ean her du ciwanan li n\u00eaz\u00eek\u00ee Hesek\u00ea hatin d\u00eetin, ku cenazey\u00ean wan li ser r\u00eayek\u00ee hatib\u00fbn av\u00eatin. Her du [&hellip;]\" \/>\n<meta property=\"og:url\" content=\"https:\/\/darkamazi.info\/archives\/1049570\" \/>\n<meta property=\"og:site_name\" content=\"Darka Maz\u00ee\" \/>\n<meta property=\"article:publisher\" content=\"https:\/\/www.facebook.com\/DarMaziKurmanci\" \/>\n<meta property=\"article:published_time\" content=\"2025-08-25T08:39:25+00:00\" \/>\n<meta property=\"og:image\" content=\"https:\/\/darkamazi.info\/file\/2025\/08\/ciwan-rojava.jpg\" \/>\n\t<meta property=\"og:image:width\" content=\"900\" \/>\n\t<meta property=\"og:image:height\" content=\"497\" \/>\n\t<meta property=\"og:image:type\" content=\"image\/jpeg\" \/>\n<meta name=\"author\" content=\"darka mazi\" \/>\n<meta name=\"twitter:card\" content=\"summary_large_image\" \/>\n<meta name=\"twitter:creator\" content=\"@DarkaMaziLatini\" \/>\n<meta name=\"twitter:site\" content=\"@DarkaMaziLatini\" \/>\n<meta name=\"twitter:label1\" content=\"Written by\" \/>\n\t<meta name=\"twitter:data1\" content=\"darka mazi\" \/>\n\t<meta name=\"twitter:label2\" content=\"Est. reading time\" \/>\n\t<meta name=\"twitter:data2\" content=\"1 minute\" \/>\n<script type=\"application\/ld+json\" class=\"seo-schema-graph\">{\"@context\":\"https:\\\/\\\/schema.org\",\"@graph\":[{\"@type\":\"Article\",\"@id\":\"https:\\\/\\\/darkamazi.info\\\/archives\\\/1049570#article\",\"isPartOf\":{\"@id\":\"https:\\\/\\\/darkamazi.info\\\/archives\\\/1049570\"},\"author\":{\"name\":\"darka mazi\",\"@id\":\"https:\\\/\\\/darkamazi.info\\\/#\\\/schema\\\/person\\\/5ad3e24553a0567993fa8ed4bd0a776c\"},\"headline\":\"Li Rojavay\u00ea Kurdistan\u00ea cenazey\u00ean du ciwan\u00ean hatib\u00fbn revandin hatin d\u00eetin\",\"datePublished\":\"2025-08-25T08:39:25+00:00\",\"mainEntityOfPage\":{\"@id\":\"https:\\\/\\\/darkamazi.info\\\/archives\\\/1049570\"},\"wordCount\":153,\"publisher\":{\"@id\":\"https:\\\/\\\/darkamazi.info\\\/#organization\"},\"image\":{\"@id\":\"https:\\\/\\\/darkamazi.info\\\/archives\\\/1049570#primaryimage\"},\"thumbnailUrl\":\"https:\\\/\\\/darkamazi.info\\\/darka-content\\\/uploads\\\/2025\\\/08\\\/ciwan-rojava.jpg\",\"keywords\":[\"sereke\"],\"articleSection\":[\"Kurdistan\"],\"inLanguage\":\"en-US\"},{\"@type\":\"WebPage\",\"@id\":\"https:\\\/\\\/darkamazi.info\\\/archives\\\/1049570\",\"url\":\"https:\\\/\\\/darkamazi.info\\\/archives\\\/1049570\",\"name\":\"Li Rojavay\u00ea Kurdistan\u00ea cenazey\u00ean du ciwan\u00ean hatib\u00fbn revandin hatin d\u00eetin - Darka Maz\u00ee\",\"isPartOf\":{\"@id\":\"https:\\\/\\\/darkamazi.info\\\/#website\"},\"primaryImageOfPage\":{\"@id\":\"https:\\\/\\\/darkamazi.info\\\/archives\\\/1049570#primaryimage\"},\"image\":{\"@id\":\"https:\\\/\\\/darkamazi.info\\\/archives\\\/1049570#primaryimage\"},\"thumbnailUrl\":\"https:\\\/\\\/darkamazi.info\\\/darka-content\\\/uploads\\\/2025\\\/08\\\/ciwan-rojava.jpg\",\"datePublished\":\"2025-08-25T08:39:25+00:00\",\"breadcrumb\":{\"@id\":\"https:\\\/\\\/darkamazi.info\\\/archives\\\/1049570#breadcrumb\"},\"inLanguage\":\"en-US\",\"potentialAction\":[{\"@type\":\"ReadAction\",\"target\":[\"https:\\\/\\\/darkamazi.info\\\/archives\\\/1049570\"]}]},{\"@type\":\"ImageObject\",\"inLanguage\":\"en-US\",\"@id\":\"https:\\\/\\\/darkamazi.info\\\/archives\\\/1049570#primaryimage\",\"url\":\"https:\\\/\\\/darkamazi.info\\\/darka-content\\\/uploads\\\/2025\\\/08\\\/ciwan-rojava.jpg\",\"contentUrl\":\"https:\\\/\\\/darkamazi.info\\\/darka-content\\\/uploads\\\/2025\\\/08\\\/ciwan-rojava.jpg\",\"width\":900,\"height\":497,\"caption\":\"Li Rojavay\u00ea Kurdistan\u00ea cenazey\u00ean du ciwan\u00ean hatib\u00fbn revandin hatin d\u00eetin\"},{\"@type\":\"BreadcrumbList\",\"@id\":\"https:\\\/\\\/darkamazi.info\\\/archives\\\/1049570#breadcrumb\",\"itemListElement\":[{\"@type\":\"ListItem\",\"position\":1,\"name\":\"Home\",\"item\":\"https:\\\/\\\/darkamazi.info\\\/\"},{\"@type\":\"ListItem\",\"position\":2,\"name\":\"Li Rojavay\u00ea Kurdistan\u00ea cenazey\u00ean du ciwan\u00ean hatib\u00fbn revandin hatin d\u00eetin\"}]},{\"@type\":\"WebSite\",\"@id\":\"https:\\\/\\\/darkamazi.info\\\/#website\",\"url\":\"https:\\\/\\\/darkamazi.info\\\/\",\"name\":\"Darka Maz\u00ee\",\"description\":\"P\u00eageha Zanyariy\u00ean Nebih\u00eest\u00ee\",\"publisher\":{\"@id\":\"https:\\\/\\\/darkamazi.info\\\/#organization\"},\"potentialAction\":[{\"@type\":\"SearchAction\",\"target\":{\"@type\":\"EntryPoint\",\"urlTemplate\":\"https:\\\/\\\/darkamazi.info\\\/?s={search_term_string}\"},\"query-input\":{\"@type\":\"PropertyValueSpecification\",\"valueRequired\":true,\"valueName\":\"search_term_string\"}}],\"inLanguage\":\"en-US\"},{\"@type\":\"Organization\",\"@id\":\"https:\\\/\\\/darkamazi.info\\\/#organization\",\"name\":\"Darka Maz\u00ee\",\"url\":\"https:\\\/\\\/darkamazi.info\\\/\",\"logo\":{\"@type\":\"ImageObject\",\"inLanguage\":\"en-US\",\"@id\":\"https:\\\/\\\/darkamazi.info\\\/#\\\/schema\\\/logo\\\/image\\\/\",\"url\":\"https:\\\/\\\/darkamazi.info\\\/darka-content\\\/uploads\\\/2017\\\/12\\\/darka-mazi-logo.png\",\"contentUrl\":\"https:\\\/\\\/darkamazi.info\\\/darka-content\\\/uploads\\\/2017\\\/12\\\/darka-mazi-logo.png\",\"width\":151,\"height\":75,\"caption\":\"Darka Maz\u00ee\"},\"image\":{\"@id\":\"https:\\\/\\\/darkamazi.info\\\/#\\\/schema\\\/logo\\\/image\\\/\"},\"sameAs\":[\"https:\\\/\\\/www.facebook.com\\\/DarMaziKurmanci\",\"https:\\\/\\\/x.com\\\/DarkaMaziLatini\",\"https:\\\/\\\/www.instagram.com\\\/darkamazi.kurmanci\\\/\",\"https:\\\/\\\/www.youtube.com\\\/channel\\\/UCa5HkTdmI8U1qCUFuTw8B2g\"]},{\"@type\":\"Person\",\"@id\":\"https:\\\/\\\/darkamazi.info\\\/#\\\/schema\\\/person\\\/5ad3e24553a0567993fa8ed4bd0a776c\",\"name\":\"darka mazi\",\"sameAs\":[\"https:\\\/\\\/darkamazi.info\\\/\"],\"url\":\"https:\\\/\\\/darkamazi.info\\\/archives\\\/author\\\/kurdi\"}]}<\/script>\n<!-- \/ Yoast SEO plugin. -->","seo_head_json":{"title":"Li Rojavay\u00ea Kurdistan\u00ea cenazey\u00ean du ciwan\u00ean hatib\u00fbn revandin hatin d\u00eetin - Darka Maz\u00ee","robots":{"index":"index","follow":"follow","max-snippet":"max-snippet:-1","max-image-preview":"max-image-preview:large","max-video-preview":"max-video-preview:-1"},"canonical":"https:\/\/darkamazi.info\/archives\/1049570","og_locale":"en_US","og_type":"article","og_title":"Li Rojavay\u00ea Kurdistan\u00ea cenazey\u00ean du ciwan\u00ean hatib\u00fbn revandin hatin d\u00eetin - Darka Maz\u00ee","og_description":"\u00c7apemeniya Rojavay\u00ea Kurdistan\u00ea ku, li s\u00eenor\u00ea bajar\u00ea Dirbesiy\u00ea du ciwan\u00ean ku hatib\u00fbn revandin, \u00eero cenazey\u00ean wan hatin d\u00eetin. Du roj ber\u00ee naha li bajar\u00ea Dirb\u00easiy\u00ea du ciwan hatib\u00fbn revandin \u00fb \u00e7aren\u00fbsa wan nediyar b\u00fb, l\u00ea \u00eero cenazey\u00ean her du ciwanan li n\u00eaz\u00eek\u00ee Hesek\u00ea hatin d\u00eetin, ku cenazey\u00ean wan li ser r\u00eayek\u00ee hatib\u00fbn av\u00eatin. Her du [&hellip;]","og_url":"https:\/\/darkamazi.info\/archives\/1049570","og_site_name":"Darka Maz\u00ee","article_publisher":"https:\/\/www.facebook.com\/DarMaziKurmanci","article_published_time":"2025-08-25T08:39:25+00:00","og_image":[{"width":900,"height":497,"url":"https:\/\/darkamazi.info\/file\/2025\/08\/ciwan-rojava.jpg","type":"image\/jpeg"}],"author":"darka mazi","twitter_card":"summary_large_image","twitter_creator":"@DarkaMaziLatini","twitter_site":"@DarkaMaziLatini","twitter_misc":{"Written by":"darka mazi","Est. reading time":"1 minute"},"schema":{"@context":"https:\/\/schema.org","@graph":[{"@type":"Article","@id":"https:\/\/darkamazi.info\/archives\/1049570#article","isPartOf":{"@id":"https:\/\/darkamazi.info\/archives\/1049570"},"author":{"name":"darka mazi","@id":"https:\/\/darkamazi.info\/#\/schema\/person\/5ad3e24553a0567993fa8ed4bd0a776c"},"headline":"Li Rojavay\u00ea Kurdistan\u00ea cenazey\u00ean du ciwan\u00ean hatib\u00fbn revandin hatin d\u00eetin","datePublished":"2025-08-25T08:39:25+00:00","mainEntityOfPage":{"@id":"https:\/\/darkamazi.info\/archives\/1049570"},"wordCount":153,"publisher":{"@id":"https:\/\/darkamazi.info\/#organization"},"image":{"@id":"https:\/\/darkamazi.info\/archives\/1049570#primaryimage"},"thumbnailUrl":"https:\/\/darkamazi.info\/file\/2025\/08\/ciwan-rojava.jpg","keywords":["sereke"],"articleSection":["Kurdistan"],"inLanguage":"en-US"},{"@type":"WebPage","@id":"https:\/\/darkamazi.info\/archives\/1049570","url":"https:\/\/darkamazi.info\/archives\/1049570","name":"Li Rojavay\u00ea Kurdistan\u00ea cenazey\u00ean du ciwan\u00ean hatib\u00fbn revandin hatin d\u00eetin - Darka Maz\u00ee","isPartOf":{"@id":"https:\/\/darkamazi.info\/#website"},"primaryImageOfPage":{"@id":"https:\/\/darkamazi.info\/archives\/1049570#primaryimage"},"image":{"@id":"https:\/\/darkamazi.info\/archives\/1049570#primaryimage"},"thumbnailUrl":"https:\/\/darkamazi.info\/file\/2025\/08\/ciwan-rojava.jpg","datePublished":"2025-08-25T08:39:25+00:00","breadcrumb":{"@id":"https:\/\/darkamazi.info\/archives\/1049570#breadcrumb"},"inLanguage":"en-US","potentialAction":[{"@type":"ReadAction","target":["https:\/\/darkamazi.info\/archives\/1049570"]}]},{"@type":"ImageObject","inLanguage":"en-US","@id":"https:\/\/darkamazi.info\/archives\/1049570#primaryimage","url":"https:\/\/darkamazi.info\/file\/2025\/08\/ciwan-rojava.jpg","contentUrl":"https:\/\/darkamazi.info\/file\/2025\/08\/ciwan-rojava.jpg","width":900,"height":497,"caption":"Li Rojavay\u00ea Kurdistan\u00ea cenazey\u00ean du ciwan\u00ean hatib\u00fbn revandin hatin d\u00eetin"},{"@type":"BreadcrumbList","@id":"https:\/\/darkamazi.info\/archives\/1049570#breadcrumb","itemListElement":[{"@type":"ListItem","position":1,"name":"Home","item":"https:\/\/darkamazi.info\/"},{"@type":"ListItem","position":2,"name":"Li Rojavay\u00ea Kurdistan\u00ea cenazey\u00ean du ciwan\u00ean hatib\u00fbn revandin hatin d\u00eetin"}]},{"@type":"WebSite","@id":"https:\/\/darkamazi.info\/#website","url":"https:\/\/darkamazi.info\/","name":"Darka Maz\u00ee","description":"P\u00eageha Zanyariy\u00ean Nebih\u00eest\u00ee","publisher":{"@id":"https:\/\/darkamazi.info\/#organization"},"potentialAction":[{"@type":"SearchAction","target":{"@type":"EntryPoint","urlTemplate":"https:\/\/darkamazi.info\/?s={search_term_string}"},"query-input":{"@type":"PropertyValueSpecification","valueRequired":true,"valueName":"search_term_string"}}],"inLanguage":"en-US"},{"@type":"Organization","@id":"https:\/\/darkamazi.info\/#organization","name":"Darka Maz\u00ee","url":"https:\/\/darkamazi.info\/","logo":{"@type":"ImageObject","inLanguage":"en-US","@id":"https:\/\/darkamazi.info\/#\/schema\/logo\/image\/","url":"https:\/\/darkamazi.info\/file\/2017\/12\/darka-mazi-logo.png","contentUrl":"https:\/\/darkamazi.info\/file\/2017\/12\/darka-mazi-logo.png","width":151,"height":75,"caption":"Darka Maz\u00ee"},"image":{"@id":"https:\/\/darkamazi.info\/#\/schema\/logo\/image\/"},"sameAs":["https:\/\/www.facebook.com\/DarMaziKurmanci","https:\/\/x.com\/DarkaMaziLatini","https:\/\/www.instagram.com\/darkamazi.kurmanci\/","https:\/\/www.youtube.com\/channel\/UCa5HkTdmI8U1qCUFuTw8B2g"]},{"@type":"Person","@id":"https:\/\/darkamazi.info\/#\/schema\/person\/5ad3e24553a0567993fa8ed4bd0a776c","name":"darka mazi","sameAs":["https:\/\/darkamazi.info\/"],"url":"https:\/\/darkamazi.info\/archives\/author\/kurdi"}]}},"_links":{"self":[{"href":"https:\/\/darkamazi.info\/funavuv\/wp\/v2\/posts\/1049570","targetHints":{"allow":["GET"]}}],"collection":[{"href":"https:\/\/darkamazi.info\/funavuv\/wp\/v2\/posts"}],"about":[{"href":"https:\/\/darkamazi.info\/funavuv\/wp\/v2\/types\/post"}],"author":[{"embeddable":true,"href":"https:\/\/darkamazi.info\/funavuv\/wp\/v2\/users\/2"}],"replies":[{"embeddable":true,"href":"https:\/\/darkamazi.info\/funavuv\/wp\/v2\/comments?post=1049570"}],"version-history":[{"count":0,"href":"https:\/\/darkamazi.info\/funavuv\/wp\/v2\/posts\/1049570\/revisions"}],"wp:featuredmedia":[{"embeddable":true,"href":"https:\/\/darkamazi.info\/funavuv\/wp\/v2\/media\/1049572"}],"wp:attachment":[{"href":"https:\/\/darkamazi.info\/funavuv\/wp\/v2\/media?parent=1049570"}],"wp:term":[{"taxonomy":"category","embeddable":true,"href":"https:\/\/darkamazi.info\/funavuv\/wp\/v2\/categories?post=1049570"},{"taxonomy":"post_tag","embeddable":true,"href":"https:\/\/darkamazi.info\/funavuv\/wp\/v2\/tags?post=1049570"}],"curies":[{"name":"wp","href":"https:\/\/api.w.org\/{rel}","templated":true}]}}