{"id":1049580,"date":"2025-08-25T13:56:34","date_gmt":"2025-08-25T10:56:34","guid":{"rendered":"https:\/\/darkamazi.info\/?p=1049580"},"modified":"2025-08-25T13:56:34","modified_gmt":"2025-08-25T10:56:34","slug":"sandeya-dem-partiye-ji-bo-hevditina-bi-ocalan-re-ve-hefteye-dice-imraliye","status":"publish","type":"post","link":"https:\/\/darkamazi.info\/archives\/1049580","title":{"rendered":"\u015eandeya DEM Partiy\u00ea ji bo hevd\u00eetina bi Ocalan re v\u00ea heftey\u00ea di\u00e7e \u00cemraliy\u00ea"},"content":{"rendered":"<h3 style=\"text-align: justify\"><span style=\"font-family: 'arial black', sans-serif\">Di \u00e7ar\u00e7oveya hewldan\u00ean serxistina proseya a\u015ftiy\u00ea de, \u015fandeyeke payebilind a DEM Partiy\u00ea v\u00ea heftey\u00ea serdana R\u00eaber\u00ea PKK\u00ea Abdullah Ocalan li Girt\u00eegeha Imraliy\u00ea dike.<\/span><\/h3>\n<h3 style=\"text-align: justify\">Li gor\u00ee agahiy\u00ean ku rojnameyeke n\u00eaz\u00eek\u00ee DEM Partiy\u00ea belav kiriye, \u015fandeya ku d\u00ea serdana Imraliy\u00ea bike ji C\u00eegira Serok\u00ea Parlamentoya Tirkiyey\u00ea Perv\u00een Buldan. Parlamenter\u00ea DEM Partiy\u00ea Mithat Sancar \u00fb par\u00eazer\u00ea Buroya Hiq\u00fbq\u00ea ya Sedsal\u00ea Fa\u00eek Ozgur Erol p\u00eak t\u00ea.<\/h3>\n<h3 style=\"text-align: justify\">Her \u00e7iqas roja hevd\u00eetin\u00ea h\u00een bi temam\u00ee nehatiye e\u015fkerekirin, l\u00ea t\u00ea \u00e7aver\u00eakirin ku di nava v\u00ea heftey\u00ea de p\u00eak were.<\/h3>\n<h3 style=\"text-align: justify\">Ev serdan di demek\u00ea de ye ku Hevseroka DEM Partiy\u00ea Tulay Hat\u00eemog\u00fbllari ragihandib\u00fb, ev mehek e ti hevd\u00eetin bi Ocalan re nehatiye kirin \u00fb ji bo serkeftina prosey\u00ea p\u00eaw\u00eest e kom\u00eesyona parlamentoy\u00ea b\u00eay\u00ee dereng\u00ee bi w\u00ee re bicive.<\/h3>\n<h3 style=\"text-align: justify\">\u00c7avkaniyan diyar kirin ku armanca sereke ya serdan\u00ea ew e ku n\u00ear\u00een \u00fb peyam\u00ean Abdullah Ocalan \u00ean derbar\u00ea kar \u00fb xebat\u00ean kom\u00eesyona n\u00fb \u00fb prosesa \u00e7ekdan\u00eena PKK\u00ea de werin wergirtin.<\/h3>\n<h3 style=\"text-align: justify\">T\u00ea pay\u00een ku Ocalan nex\u015fer\u00eayeke gir\u00eeng p\u00ea\u015fk\u00ea\u015f\u00ee \u015fandey\u00ea bike \u00fb ev peyam\u00ean w\u00ee pi\u015ftre ji aliy\u00ea \u015fandey\u00ea ve ji raya gi\u015ft\u00ee re b\u00ean ragihandin. Ev yek rola Ocalan a navend\u00ee di p\u00ea\u015feroja proseya a\u015ftiy\u00ea de careke din radixe ber \u00e7avan.<\/h3>\n","protected":false},"excerpt":{"rendered":"<p>Di \u00e7ar\u00e7oveya hewldan\u00ean serxistina proseya a\u015ftiy\u00ea de, \u015fandeyeke payebilind a DEM Partiy\u00ea v\u00ea heftey\u00ea serdana R\u00eaber\u00ea PKK\u00ea Abdullah Ocalan li Girt\u00eegeha Imraliy\u00ea dike. Li gor\u00ee agahiy\u00ean ku rojnameyeke n\u00eaz\u00eek\u00ee DEM Partiy\u00ea belav kiriye, \u015fandeya ku d\u00ea serdana Imraliy\u00ea bike ji C\u00eegira Serok\u00ea Parlamentoya Tirkiyey\u00ea Perv\u00een Buldan. Parlamenter\u00ea DEM Partiy\u00ea Mithat Sancar \u00fb par\u00eazer\u00ea Buroya Hiq\u00fbq\u00ea [&hellip;]<\/p>\n","protected":false},"author":2,"featured_media":1049581,"comment_status":"closed","ping_status":"closed","sticky":false,"template":"","format":"standard","meta":{"footnotes":""},"categories":[29],"tags":[37],"class_list":["post-1049580","post","type-post","status-publish","format-standard","has-post-thumbnail","hentry","category-kurdistan","tag-sereke"],"blocksy_meta":[],"seo_head":"<!-- This site is optimized with the Yoast SEO plugin v27.5 - https:\/\/yoast.com\/product\/yoast-seo-wordpress\/ -->\n<title>\u015eandeya DEM Partiy\u00ea ji bo hevd\u00eetina bi Ocalan re v\u00ea heftey\u00ea di\u00e7e \u00cemraliy\u00ea - Darka Maz\u00ee<\/title>\n<meta name=\"robots\" content=\"index, follow, max-snippet:-1, max-image-preview:large, max-video-preview:-1\" \/>\n<link rel=\"canonical\" href=\"https:\/\/darkamazi.info\/archives\/1049580\" \/>\n<meta property=\"og:locale\" content=\"en_US\" \/>\n<meta property=\"og:type\" content=\"article\" \/>\n<meta property=\"og:title\" content=\"\u015eandeya DEM Partiy\u00ea ji bo hevd\u00eetina bi Ocalan re v\u00ea heftey\u00ea di\u00e7e \u00cemraliy\u00ea - Darka Maz\u00ee\" \/>\n<meta property=\"og:description\" content=\"Di \u00e7ar\u00e7oveya hewldan\u00ean serxistina proseya a\u015ftiy\u00ea de, \u015fandeyeke payebilind a DEM Partiy\u00ea v\u00ea heftey\u00ea serdana R\u00eaber\u00ea PKK\u00ea Abdullah Ocalan li Girt\u00eegeha Imraliy\u00ea dike. Li gor\u00ee agahiy\u00ean ku rojnameyeke n\u00eaz\u00eek\u00ee DEM Partiy\u00ea belav kiriye, \u015fandeya ku d\u00ea serdana Imraliy\u00ea bike ji C\u00eegira Serok\u00ea Parlamentoya Tirkiyey\u00ea Perv\u00een Buldan. Parlamenter\u00ea DEM Partiy\u00ea Mithat Sancar \u00fb par\u00eazer\u00ea Buroya Hiq\u00fbq\u00ea [&hellip;]\" \/>\n<meta property=\"og:url\" content=\"https:\/\/darkamazi.info\/archives\/1049580\" \/>\n<meta property=\"og:site_name\" content=\"Darka Maz\u00ee\" \/>\n<meta property=\"article:publisher\" content=\"https:\/\/www.facebook.com\/DarMaziKurmanci\" \/>\n<meta property=\"article:published_time\" content=\"2025-08-25T10:56:34+00:00\" \/>\n<meta property=\"og:image\" content=\"https:\/\/darkamazi.info\/file\/2025\/08\/dem-parti-imrali.jpg\" \/>\n\t<meta property=\"og:image:width\" content=\"900\" \/>\n\t<meta property=\"og:image:height\" content=\"497\" \/>\n\t<meta property=\"og:image:type\" content=\"image\/jpeg\" \/>\n<meta name=\"author\" content=\"darka mazi\" \/>\n<meta name=\"twitter:card\" content=\"summary_large_image\" \/>\n<meta name=\"twitter:creator\" content=\"@DarkaMaziLatini\" \/>\n<meta name=\"twitter:site\" content=\"@DarkaMaziLatini\" \/>\n<meta name=\"twitter:label1\" content=\"Written by\" \/>\n\t<meta name=\"twitter:data1\" content=\"darka mazi\" \/>\n\t<meta name=\"twitter:label2\" content=\"Est. reading time\" \/>\n\t<meta name=\"twitter:data2\" content=\"2 minutes\" \/>\n<script type=\"application\/ld+json\" class=\"seo-schema-graph\">{\"@context\":\"https:\\\/\\\/schema.org\",\"@graph\":[{\"@type\":\"Article\",\"@id\":\"https:\\\/\\\/darkamazi.info\\\/archives\\\/1049580#article\",\"isPartOf\":{\"@id\":\"https:\\\/\\\/darkamazi.info\\\/archives\\\/1049580\"},\"author\":{\"name\":\"darka mazi\",\"@id\":\"https:\\\/\\\/darkamazi.info\\\/#\\\/schema\\\/person\\\/5ad3e24553a0567993fa8ed4bd0a776c\"},\"headline\":\"\u015eandeya DEM Partiy\u00ea ji bo hevd\u00eetina bi Ocalan re v\u00ea heftey\u00ea di\u00e7e \u00cemraliy\u00ea\",\"datePublished\":\"2025-08-25T10:56:34+00:00\",\"mainEntityOfPage\":{\"@id\":\"https:\\\/\\\/darkamazi.info\\\/archives\\\/1049580\"},\"wordCount\":242,\"publisher\":{\"@id\":\"https:\\\/\\\/darkamazi.info\\\/#organization\"},\"image\":{\"@id\":\"https:\\\/\\\/darkamazi.info\\\/archives\\\/1049580#primaryimage\"},\"thumbnailUrl\":\"https:\\\/\\\/darkamazi.info\\\/darka-content\\\/uploads\\\/2025\\\/08\\\/dem-parti-imrali.jpg\",\"keywords\":[\"sereke\"],\"articleSection\":[\"Kurdistan\"],\"inLanguage\":\"en-US\"},{\"@type\":\"WebPage\",\"@id\":\"https:\\\/\\\/darkamazi.info\\\/archives\\\/1049580\",\"url\":\"https:\\\/\\\/darkamazi.info\\\/archives\\\/1049580\",\"name\":\"\u015eandeya DEM Partiy\u00ea ji bo hevd\u00eetina bi Ocalan re v\u00ea heftey\u00ea di\u00e7e \u00cemraliy\u00ea - Darka Maz\u00ee\",\"isPartOf\":{\"@id\":\"https:\\\/\\\/darkamazi.info\\\/#website\"},\"primaryImageOfPage\":{\"@id\":\"https:\\\/\\\/darkamazi.info\\\/archives\\\/1049580#primaryimage\"},\"image\":{\"@id\":\"https:\\\/\\\/darkamazi.info\\\/archives\\\/1049580#primaryimage\"},\"thumbnailUrl\":\"https:\\\/\\\/darkamazi.info\\\/darka-content\\\/uploads\\\/2025\\\/08\\\/dem-parti-imrali.jpg\",\"datePublished\":\"2025-08-25T10:56:34+00:00\",\"breadcrumb\":{\"@id\":\"https:\\\/\\\/darkamazi.info\\\/archives\\\/1049580#breadcrumb\"},\"inLanguage\":\"en-US\",\"potentialAction\":[{\"@type\":\"ReadAction\",\"target\":[\"https:\\\/\\\/darkamazi.info\\\/archives\\\/1049580\"]}]},{\"@type\":\"ImageObject\",\"inLanguage\":\"en-US\",\"@id\":\"https:\\\/\\\/darkamazi.info\\\/archives\\\/1049580#primaryimage\",\"url\":\"https:\\\/\\\/darkamazi.info\\\/darka-content\\\/uploads\\\/2025\\\/08\\\/dem-parti-imrali.jpg\",\"contentUrl\":\"https:\\\/\\\/darkamazi.info\\\/darka-content\\\/uploads\\\/2025\\\/08\\\/dem-parti-imrali.jpg\",\"width\":900,\"height\":497},{\"@type\":\"BreadcrumbList\",\"@id\":\"https:\\\/\\\/darkamazi.info\\\/archives\\\/1049580#breadcrumb\",\"itemListElement\":[{\"@type\":\"ListItem\",\"position\":1,\"name\":\"Home\",\"item\":\"https:\\\/\\\/darkamazi.info\\\/\"},{\"@type\":\"ListItem\",\"position\":2,\"name\":\"\u015eandeya DEM Partiy\u00ea ji bo hevd\u00eetina bi Ocalan re v\u00ea heftey\u00ea di\u00e7e \u00cemraliy\u00ea\"}]},{\"@type\":\"WebSite\",\"@id\":\"https:\\\/\\\/darkamazi.info\\\/#website\",\"url\":\"https:\\\/\\\/darkamazi.info\\\/\",\"name\":\"Darka Maz\u00ee\",\"description\":\"P\u00eageha Zanyariy\u00ean Nebih\u00eest\u00ee\",\"publisher\":{\"@id\":\"https:\\\/\\\/darkamazi.info\\\/#organization\"},\"potentialAction\":[{\"@type\":\"SearchAction\",\"target\":{\"@type\":\"EntryPoint\",\"urlTemplate\":\"https:\\\/\\\/darkamazi.info\\\/?s={search_term_string}\"},\"query-input\":{\"@type\":\"PropertyValueSpecification\",\"valueRequired\":true,\"valueName\":\"search_term_string\"}}],\"inLanguage\":\"en-US\"},{\"@type\":\"Organization\",\"@id\":\"https:\\\/\\\/darkamazi.info\\\/#organization\",\"name\":\"Darka Maz\u00ee\",\"url\":\"https:\\\/\\\/darkamazi.info\\\/\",\"logo\":{\"@type\":\"ImageObject\",\"inLanguage\":\"en-US\",\"@id\":\"https:\\\/\\\/darkamazi.info\\\/#\\\/schema\\\/logo\\\/image\\\/\",\"url\":\"https:\\\/\\\/darkamazi.info\\\/darka-content\\\/uploads\\\/2017\\\/12\\\/darka-mazi-logo.png\",\"contentUrl\":\"https:\\\/\\\/darkamazi.info\\\/darka-content\\\/uploads\\\/2017\\\/12\\\/darka-mazi-logo.png\",\"width\":151,\"height\":75,\"caption\":\"Darka Maz\u00ee\"},\"image\":{\"@id\":\"https:\\\/\\\/darkamazi.info\\\/#\\\/schema\\\/logo\\\/image\\\/\"},\"sameAs\":[\"https:\\\/\\\/www.facebook.com\\\/DarMaziKurmanci\",\"https:\\\/\\\/x.com\\\/DarkaMaziLatini\",\"https:\\\/\\\/www.instagram.com\\\/darkamazi.kurmanci\\\/\",\"https:\\\/\\\/www.youtube.com\\\/channel\\\/UCa5HkTdmI8U1qCUFuTw8B2g\"]},{\"@type\":\"Person\",\"@id\":\"https:\\\/\\\/darkamazi.info\\\/#\\\/schema\\\/person\\\/5ad3e24553a0567993fa8ed4bd0a776c\",\"name\":\"darka mazi\",\"sameAs\":[\"https:\\\/\\\/darkamazi.info\\\/\"],\"url\":\"https:\\\/\\\/darkamazi.info\\\/archives\\\/author\\\/kurdi\"}]}<\/script>\n<!-- \/ Yoast SEO plugin. -->","seo_head_json":{"title":"\u015eandeya DEM Partiy\u00ea ji bo hevd\u00eetina bi Ocalan re v\u00ea heftey\u00ea di\u00e7e \u00cemraliy\u00ea - Darka Maz\u00ee","robots":{"index":"index","follow":"follow","max-snippet":"max-snippet:-1","max-image-preview":"max-image-preview:large","max-video-preview":"max-video-preview:-1"},"canonical":"https:\/\/darkamazi.info\/archives\/1049580","og_locale":"en_US","og_type":"article","og_title":"\u015eandeya DEM Partiy\u00ea ji bo hevd\u00eetina bi Ocalan re v\u00ea heftey\u00ea di\u00e7e \u00cemraliy\u00ea - Darka Maz\u00ee","og_description":"Di \u00e7ar\u00e7oveya hewldan\u00ean serxistina proseya a\u015ftiy\u00ea de, \u015fandeyeke payebilind a DEM Partiy\u00ea v\u00ea heftey\u00ea serdana R\u00eaber\u00ea PKK\u00ea Abdullah Ocalan li Girt\u00eegeha Imraliy\u00ea dike. Li gor\u00ee agahiy\u00ean ku rojnameyeke n\u00eaz\u00eek\u00ee DEM Partiy\u00ea belav kiriye, \u015fandeya ku d\u00ea serdana Imraliy\u00ea bike ji C\u00eegira Serok\u00ea Parlamentoya Tirkiyey\u00ea Perv\u00een Buldan. Parlamenter\u00ea DEM Partiy\u00ea Mithat Sancar \u00fb par\u00eazer\u00ea Buroya Hiq\u00fbq\u00ea [&hellip;]","og_url":"https:\/\/darkamazi.info\/archives\/1049580","og_site_name":"Darka Maz\u00ee","article_publisher":"https:\/\/www.facebook.com\/DarMaziKurmanci","article_published_time":"2025-08-25T10:56:34+00:00","og_image":[{"width":900,"height":497,"url":"https:\/\/darkamazi.info\/file\/2025\/08\/dem-parti-imrali.jpg","type":"image\/jpeg"}],"author":"darka mazi","twitter_card":"summary_large_image","twitter_creator":"@DarkaMaziLatini","twitter_site":"@DarkaMaziLatini","twitter_misc":{"Written by":"darka mazi","Est. reading time":"2 minutes"},"schema":{"@context":"https:\/\/schema.org","@graph":[{"@type":"Article","@id":"https:\/\/darkamazi.info\/archives\/1049580#article","isPartOf":{"@id":"https:\/\/darkamazi.info\/archives\/1049580"},"author":{"name":"darka mazi","@id":"https:\/\/darkamazi.info\/#\/schema\/person\/5ad3e24553a0567993fa8ed4bd0a776c"},"headline":"\u015eandeya DEM Partiy\u00ea ji bo hevd\u00eetina bi Ocalan re v\u00ea heftey\u00ea di\u00e7e \u00cemraliy\u00ea","datePublished":"2025-08-25T10:56:34+00:00","mainEntityOfPage":{"@id":"https:\/\/darkamazi.info\/archives\/1049580"},"wordCount":242,"publisher":{"@id":"https:\/\/darkamazi.info\/#organization"},"image":{"@id":"https:\/\/darkamazi.info\/archives\/1049580#primaryimage"},"thumbnailUrl":"https:\/\/darkamazi.info\/file\/2025\/08\/dem-parti-imrali.jpg","keywords":["sereke"],"articleSection":["Kurdistan"],"inLanguage":"en-US"},{"@type":"WebPage","@id":"https:\/\/darkamazi.info\/archives\/1049580","url":"https:\/\/darkamazi.info\/archives\/1049580","name":"\u015eandeya DEM Partiy\u00ea ji bo hevd\u00eetina bi Ocalan re v\u00ea heftey\u00ea di\u00e7e \u00cemraliy\u00ea - Darka Maz\u00ee","isPartOf":{"@id":"https:\/\/darkamazi.info\/#website"},"primaryImageOfPage":{"@id":"https:\/\/darkamazi.info\/archives\/1049580#primaryimage"},"image":{"@id":"https:\/\/darkamazi.info\/archives\/1049580#primaryimage"},"thumbnailUrl":"https:\/\/darkamazi.info\/file\/2025\/08\/dem-parti-imrali.jpg","datePublished":"2025-08-25T10:56:34+00:00","breadcrumb":{"@id":"https:\/\/darkamazi.info\/archives\/1049580#breadcrumb"},"inLanguage":"en-US","potentialAction":[{"@type":"ReadAction","target":["https:\/\/darkamazi.info\/archives\/1049580"]}]},{"@type":"ImageObject","inLanguage":"en-US","@id":"https:\/\/darkamazi.info\/archives\/1049580#primaryimage","url":"https:\/\/darkamazi.info\/file\/2025\/08\/dem-parti-imrali.jpg","contentUrl":"https:\/\/darkamazi.info\/file\/2025\/08\/dem-parti-imrali.jpg","width":900,"height":497},{"@type":"BreadcrumbList","@id":"https:\/\/darkamazi.info\/archives\/1049580#breadcrumb","itemListElement":[{"@type":"ListItem","position":1,"name":"Home","item":"https:\/\/darkamazi.info\/"},{"@type":"ListItem","position":2,"name":"\u015eandeya DEM Partiy\u00ea ji bo hevd\u00eetina bi Ocalan re v\u00ea heftey\u00ea di\u00e7e \u00cemraliy\u00ea"}]},{"@type":"WebSite","@id":"https:\/\/darkamazi.info\/#website","url":"https:\/\/darkamazi.info\/","name":"Darka Maz\u00ee","description":"P\u00eageha Zanyariy\u00ean Nebih\u00eest\u00ee","publisher":{"@id":"https:\/\/darkamazi.info\/#organization"},"potentialAction":[{"@type":"SearchAction","target":{"@type":"EntryPoint","urlTemplate":"https:\/\/darkamazi.info\/?s={search_term_string}"},"query-input":{"@type":"PropertyValueSpecification","valueRequired":true,"valueName":"search_term_string"}}],"inLanguage":"en-US"},{"@type":"Organization","@id":"https:\/\/darkamazi.info\/#organization","name":"Darka Maz\u00ee","url":"https:\/\/darkamazi.info\/","logo":{"@type":"ImageObject","inLanguage":"en-US","@id":"https:\/\/darkamazi.info\/#\/schema\/logo\/image\/","url":"https:\/\/darkamazi.info\/file\/2017\/12\/darka-mazi-logo.png","contentUrl":"https:\/\/darkamazi.info\/file\/2017\/12\/darka-mazi-logo.png","width":151,"height":75,"caption":"Darka Maz\u00ee"},"image":{"@id":"https:\/\/darkamazi.info\/#\/schema\/logo\/image\/"},"sameAs":["https:\/\/www.facebook.com\/DarMaziKurmanci","https:\/\/x.com\/DarkaMaziLatini","https:\/\/www.instagram.com\/darkamazi.kurmanci\/","https:\/\/www.youtube.com\/channel\/UCa5HkTdmI8U1qCUFuTw8B2g"]},{"@type":"Person","@id":"https:\/\/darkamazi.info\/#\/schema\/person\/5ad3e24553a0567993fa8ed4bd0a776c","name":"darka mazi","sameAs":["https:\/\/darkamazi.info\/"],"url":"https:\/\/darkamazi.info\/archives\/author\/kurdi"}]}},"_links":{"self":[{"href":"https:\/\/darkamazi.info\/funavuv\/wp\/v2\/posts\/1049580","targetHints":{"allow":["GET"]}}],"collection":[{"href":"https:\/\/darkamazi.info\/funavuv\/wp\/v2\/posts"}],"about":[{"href":"https:\/\/darkamazi.info\/funavuv\/wp\/v2\/types\/post"}],"author":[{"embeddable":true,"href":"https:\/\/darkamazi.info\/funavuv\/wp\/v2\/users\/2"}],"replies":[{"embeddable":true,"href":"https:\/\/darkamazi.info\/funavuv\/wp\/v2\/comments?post=1049580"}],"version-history":[{"count":0,"href":"https:\/\/darkamazi.info\/funavuv\/wp\/v2\/posts\/1049580\/revisions"}],"wp:featuredmedia":[{"embeddable":true,"href":"https:\/\/darkamazi.info\/funavuv\/wp\/v2\/media\/1049581"}],"wp:attachment":[{"href":"https:\/\/darkamazi.info\/funavuv\/wp\/v2\/media?parent=1049580"}],"wp:term":[{"taxonomy":"category","embeddable":true,"href":"https:\/\/darkamazi.info\/funavuv\/wp\/v2\/categories?post=1049580"},{"taxonomy":"post_tag","embeddable":true,"href":"https:\/\/darkamazi.info\/funavuv\/wp\/v2\/tags?post=1049580"}],"curies":[{"name":"wp","href":"https:\/\/api.w.org\/{rel}","templated":true}]}}