{"id":1049601,"date":"2025-08-26T16:46:04","date_gmt":"2025-08-26T13:46:04","guid":{"rendered":"https:\/\/darkamazi.info\/?p=1049601"},"modified":"2025-08-26T16:46:04","modified_gmt":"2025-08-26T13:46:04","slug":"mustafa-ozcelik-di-pevajoya-nu-de-ma-qey-me-nehistiye-hun-mafen-lezgin-en-kurdan-bicih-binin","status":"publish","type":"post","link":"https:\/\/darkamazi.info\/archives\/1049601","title":{"rendered":"Mustafa Oz\u00e7el\u00eek: Di \u2018\u2019p\u00eavajoya n\u00fb\u2019\u2019 de, ma qey me nehi\u015ft\u00eeye h\u00fbn maf\u00ean lezg\u00een \u00ean kurdan bic\u00eeh b\u00eenin?"},"content":{"rendered":"<h3 style=\"text-align: justify\"><span style=\"font-family: 'arial black', sans-serif\">Serok\u00ea Partiya Welatpar\u00eaz\u00ean Kurdistan\u00ea Mustafa Oz\u00e7el\u00eek derbar\u00ea p\u00eavajoya n\u00fb n\u00eaz\u00eekatiy\u00ean li maf\u00ean kurdan de t\u00ean kirin de daxuyaniyek\u00ee niv\u00eesk\u00ee belav kir \u00fb got: Gelo di p\u00eavajoya n\u00fb de ma qey me nehi\u015ftiye h\u00fbn maf\u00ean lezg\u00een \u00ean kurdan bic\u00eeh b\u00eenin.<\/span><\/h3>\n<h3 style=\"text-align: justify\"><span style=\"font-family: 'arial black', sans-serif\">Daxuyaniya Niv\u00eesk\u00ee ya Serok\u00ea PWK\u00ea Mustafa Oz\u00e7el\u00eek waha ye:<\/span><\/h3>\n<h3 style=\"text-align: justify\">Bel\u00ea, behsa &#8220;p\u00eavajoyeke n\u00fb&#8221; t\u00ea kirin. Her kes ji aliy\u00ea xwe ve navek\u00ee li v\u00ea p\u00eavajoy\u00ea dike. T\u00ea gotin ku d\u00ea gelek guhertin b\u00eane kirin.<\/h3>\n<h3 style=\"text-align: justify\">Dema em n\u00ear\u00een \u00fb p\u00ea\u015fniyar\u00ean xwe p\u00ea\u015fk\u00ea\u015f dikin, em carinan rast\u00ee pirs\u00ean weke &#8220;Ma h\u00fbn a\u015ftiy\u00ea naxwazin? Ma h\u00fbn li dij\u00ee \u00e7areserkirina pirsgir\u00eakan in?&#8221; t\u00ean.<\/h3>\n<h3 style=\"text-align: justify\">L\u00ea bel\u00ea, me bi awayek\u00ee zelal got \u00fb dib\u00eajin: Me di her fersend\u00ea de, e\u015fkere kir\u00eeye \u00fb dikin ku em al\u00eegir\u00ea azad\u00ee, edalet, wekhev\u00ee, demokras\u00ee \u00fb a\u015ftiy\u00ea ne; me ragihand\u00eeye \u00fb didin zan\u00een ku em\u00ea b\u00eay\u00ee &#8220;l\u00ea&#8221; \u00fb &#8220;bel\u00ea&#8221;, pi\u015ftgir\u00eey\u00ea bidin her gaveke ku\u00a0 ji bo naskirina nasnameya kurd\u00ee \u00fb di encama w\u00ea de ragihandina kurd\u00ee wek ziman\u00ea ferm\u00ee, naskirina maf\u00ea perwerdeya bi ziman\u00ea dayik\u00ea y\u00ea kurd\u00ee; azadiya raman, \u00eefade, bawer\u00ee \u00fb r\u00eaxistin\u00ea, \u00e7areser\u00eeya a\u015ft\u00eeyane ya pirsa Kurd, rawestandina \u00e7ekan \u00fb bidaw\u00eekirina operasyon\u00ean le\u015fker\u00ee, b\u00ean av\u00eatin.<\/h3>\n<h3 style=\"text-align: justify\">Me got \u00fb dib\u00eajin, pirsa kurd \u00fb Kurdistan\u00ea, peydakirina maf \u00fb azadiy\u00ean netewey\u00ee, demokrat\u00eek \u00fb kollekt\u00eef \u00ean kurdan e; pirsa bir\u00eaveber\u00eeya neteweya Kurd, gel\u00ea Kurdistan\u00ea ya li welat\u00ea xwe bi statuyeke siyas\u00ee \u00fb cograf\u00eek e; l\u00ea, av\u00eatina gav\u00ean p\u00ea\u015f\u00een \u00ean ku me li jor\u00ea behs kir, d\u00ea ji bo \u00e7areserkirina v\u00ea pirs\u00ea zem\u00een\u00ea amade bike.<\/h3>\n<h3 style=\"text-align: justify\">Di esas\u00ea xwe de, em dixwazin ji hem\u00fb r\u00eaveber\u00ean Dewleta Tirkiyey\u00ea, ji &#8220;Kom\u00eesyona Pi\u015ftevan\u00eeya Netewey\u00ee, Birat\u00ee \u00fb Demokrasiy\u00ea&#8221; re, ji Ocalan, PKK \u00fb DEM Partiy\u00ea re, ji hem\u00fb aktor\u00ean nuha di nav v\u00ea p\u00eavajoya ku behsa w\u00ea t\u00ea kirin de ne, bipirsin.<\/h3>\n<h3 style=\"text-align: justify\">Gelo, we, li ser mijar\u00ean ku me li jor\u00ea bi kurt\u00ee an\u00een zim\u00ean, k\u00eejan gav av\u00eatine, an j\u00ee we got\u00eeye ku h\u00fbn\u00ea filan gavan bav\u00eajin \u00fb me j\u00ee ji we got\u00eeye na?<\/h3>\n<h3 style=\"text-align: justify\">Ango, ma qey wek PKKy\u00ea we got\u00eeye &#8220;em \u00e7ekan dat\u00eenin&#8221;, wek Dewleta Tirkiyey\u00ea we got\u00eeye &#8220;em hem\u00fb operasyon\u00ean le\u015fker\u00ee radiwest\u00eenin&#8221; \u00fb me j\u00ee ji we re got\u00eeye na?<\/h3>\n<h3 style=\"text-align: justify\">Ango, ma qey we got\u00eeye\u00a0 &#8220;Em \u00ea wan kes\u00ean ku ji ber \u00e7alak\u00eey\u00ean xwe y\u00ean siyas\u00ee, demokrat\u00eek \u00fb siv\u00eel \u00fb ji ber raman\u00ean xwe di girt\u00eegehan de ne, serbest berdin; ji bo ku hem\u00fb kes\u00ean ku ji ber van dozan ceza girt\u00eene bi awayek\u00ee azad vegerin welat\u00ea xwe, em \u00ea hem\u00fb van dozan betal bikin; em \u00ea be\u015fdarb\u00fbna ger\u00eelay\u00ean ku \u00e7ek\u00ean xwe dat\u00eenin di jiyana civak\u00ee \u00fb siyas\u00ee de, b\u00eay\u00ee ku rast\u00ee l\u00eapirs\u00een \u00fb cezakirina hiq\u00fbq\u00ee b\u00ean, misoger bikin&#8221; \u00fb me j\u00ee ji we re got\u00eeye na?<\/h3>\n<h3 style=\"text-align: justify\">Ango, ma qey we got\u00eeye &#8220;Ji bo rakirina hem\u00fb encam\u00ean ney\u00een\u00ee y\u00ean \u015fer, em \u00ea bernameyeke taybet bi c\u00eeh bikin da ku \u00e7andeke n\u00fb ya ji \u015foven\u00eezm, n\u00eejadperest\u00ee \u00fb dijminat\u00eey\u00ea hat\u00eeye paqij kirin di hem\u00fb saz\u00eeyan de \u00fb di her qada jiyan\u00ea de cih bigire&#8221; \u00fb j\u00ee ji we re got\u00eeye na?<\/h3>\n<h3 style=\"text-align: justify\">Ango, ma qey we got\u00eeye\u00a0 &#8220;Em \u00ea daw\u00ee li hem\u00fb yasa \u00fb kiryar\u00ean ku heb\u00fbna 30 milyon kurdan \u00eenkar dikin b\u00eenin, em \u00ea nasnameya kurd\u00ee nas bikin \u00fb w\u00ea bixin bin garant\u00eey\u00ean yasay\u00ee \u00fb dest\u00fbr\u00ee&#8221; \u00fb me j\u00ee ji we got\u00eeye na?<\/h3>\n<h3 style=\"text-align: justify\">Ango, ma qey we got\u00eeye &#8220;\u00cad\u00ee, dema li Mecl\u00eesa Netewey\u00ee ya Mezin a Tirkiyey\u00ea bi Kurd\u00ee t\u00ea axaftin em \u00ea m\u00eekrofonan negrin, em \u00ea di qeydan de neniv\u00eesin &#8216;bi zimanek\u00ee nenas hat axaftin&#8217;, em \u00ea di s\u00eestema e-Re\u00e7etem ya Wezareta Tenduristiy\u00ea de kurd\u00ee j\u00ee l\u00ea z\u00eade bikin, em \u00ea di Serokatiya Kar\u00ean Diyanet\u00ea de c\u00eeh bidin xutbeya bi kurd\u00ee j\u00ee&#8221; \u00fb me j\u00ee ji we re got\u00eeye na?<\/h3>\n<h3 style=\"text-align: justify\">Ango, ma qey we got\u00eeye &#8220;P\u00ea\u015f\u00ee, em \u00ea dersa kurd\u00ee ya bijarte ji bax\u00e7ey\u00ea zarokan heta zan\u00eengeh\u00ea bikin dersa mecb\u00fbr\u00ee, pi\u015ftre j\u00ee em \u00ea maf\u00ea perwerdeh\u00eeya bi ziman\u00ea zikmak\u00ee ya kurd\u00ee misoger bikin; em \u00ea kurd\u00ee ligel tirk\u00ee wek ziman\u00ea ferm\u00ee qeb\u00fbl bikin \u00fb van mafan bixin bin garant\u00eeya yasay\u00ee \u00fb dest\u00fbr\u00ee&#8221; \u00fb me j\u00ee ji we re got\u00eeye na?<\/h3>\n<h3 style=\"text-align: justify\">Ango, ma qey we got\u00eeye &#8220;Em \u00ea hem\u00fb asteng\u00eey\u00ean li p\u00ea\u015fiya azad\u00eeya raman, r\u00eaxistin, bawer\u00ee \u00fb \u00eefadey\u00ea \u00fb her weha qedexeya li ser nav\u00ea Kurdistan\u00ea \u00fb asteng\u00eey\u00ean li p\u00ea\u015f\u00eeya damezrandina part\u00ee, komele \u00fb saziy\u00ean bi nav\u00ea Kurdistan\u00ea ne rakin \u00fb hem\u00fb van mafan bixin bin garant\u00eeya hiq\u00fbq\u00ee \u00fb dest\u00fbr\u00ee&#8221; \u00fb me j\u00ee ji we re got\u00eeye na?<\/h3>\n<h3 style=\"text-align: justify\">Ango, ma qey we got\u00eeye &#8220;Em \u00ea hem\u00fb zext, neheq\u00ee \u00fb newekhev\u00eey\u00ean li ser jinan rakin, em \u00ea ji bo v\u00ea yek\u00ea hem\u00fb garant\u00eey\u00ean yasay\u00ee, dest\u00fbr\u00ee \u00fb civak\u00ee misoger bikin&#8221; \u00fb me j\u00ee ji we re got\u00eeye na?<\/h3>\n<h3 style=\"text-align: justify\">Ango, ma qey we got\u00eeye &#8220;Em \u00ea hem\u00fb qedexe, asteng \u00fb zext\u00ean li p\u00ea\u015f\u00eeya hem\u00fb d\u00een \u00fb mezheban rakin, em \u00ea van maf \u00fb azad\u00eeyan bixin bin garant\u00eeya yasay\u00ee \u00fb dest\u00fbr\u00ee&#8221; \u00fb me j\u00ee ji we re got\u00eeye na?<\/h3>\n<h3 style=\"text-align: justify\">Ango, ma qey we got\u00eeye &#8220;Em \u00ea hem\u00fb asteng\u00ean li p\u00ea\u015fiya naskirina nav\u00ean kurd\u00ee y\u00ean hem\u00fb her\u00eam, par\u00eazgeh, nav\u00e7e, gund \u00fb cih\u00ean ni\u015ftecihb\u00fbn\u00ea y\u00ean ku nav\u00ean wan hatine guhertin rakin \u00fb v\u00ee maf\u00ee bixin bin garant\u00eeya yasay\u00ee \u00fb dest\u00fbr\u00ee&#8221; \u00fb me j\u00ee ji we re got\u00eeye na?<\/h3>\n<h3 style=\"text-align: justify\">Ango, ma qey we got\u00eeye &#8220;Em \u00ea c\u00eeh\u00ean gor\u00ean \u015e\u00eax Se\u00eed, Sey\u00eed Riza, Cibranl\u00ee Xalid Beg, Se\u00eed\u00ea Nurs\u00ee \u00fb hem\u00fb mezin\u00ean kurdan \u00ean ku cih\u00ea gor\u00ean wan nay\u00ean zan\u00een e\u015fkere bikin&#8221; \u00fb me j\u00ee ji we re got\u00eeye na?<\/h3>\n<h3 style=\"text-align: justify\">Ango, ma qey we got\u00eeye &#8220;Em \u00ea \u015ferh\u00ean ku me li ser Peymana Maf\u00ean Zarokan a Netewey\u00ean Yekb\u00fby\u00ee, Peymana Xweser\u00eeya R\u00eaveber\u00eey\u00ean Her\u00eam\u00ee ya Ewropay\u00ea \u00fb hem\u00fb peyman\u00ean din \u00ean navnetewey\u00ee dan\u00eene, rakin \u00fb hem\u00fb p\u00eaw\u00eest\u00eey\u00ean van peymanan bi c\u00eeh b\u00eenin&#8221; \u00fb me j\u00ee ji we re got\u00eeye na?<\/h3>\n<h3 style=\"text-align: justify\">Em dixwazin bang\u00ee hem\u00fb r\u00eaveber\u00ean Dewleta Tirkiyey\u00ea, &#8220;Kom\u00eesyona Pi\u015ftevaniya Netewey\u00ee, Birat\u00ee \u00fb Demokrasiy\u00ea&#8221;, Ocalan, PKK \u00fb DEM Part\u00eey\u00ea bikin: Fermo, ji bo av\u00eatina gav\u00ean p\u00eabawer y\u00ean ku\u00a0 ji bo \u00e7areserkirina van pirsgir\u00eakan r\u00ea vekin, ma h\u00fbn amade ne ku bi awayek\u00ee \u015fefaf \u00fb ne li pi\u015ft der\u00eey\u00ean girt\u00ee, hem\u00fb n\u00fbner \u00fb p\u00eakhatey\u00ean siyas\u00ee, siv\u00eel \u00fb demokrat\u00eek \u00ean neteweya Kurd bikin mixatab \u00fb bi organ\u00ean rayedar \u00ean Dewleta Tirkiyey\u00ea re bicivin \u00fb \u00e7areseriya van pirsgir\u00eakan got\u00fbb\u00eaj bikin?<\/h3>\n<h3 style=\"text-align: justify\">Fermo, ger h\u00fbn ji bo \u00e7areser\u00eeyeke may\u00eende ya v\u00ea pirs\u00ea xwed\u00ee helwest bin \u00fb di hem\u00fb van mijar\u00ean ku li jor\u00ea me an\u00eene zim\u00ean de h\u00fbn di nava xwe de j\u00ee be li hev bikin \u00fb gavan bav\u00eajin, em j\u00ee d\u00ea pi\u015ftgiriy\u00ea bidin we.<\/h3>\n<h3 style=\"text-align: justify\">Bel\u00ea, \u201cMa \u015eam d\u00fbr e, mi\u015far j\u00ee d\u00fbr e\u201d.<\/h3>\n<h3 style=\"text-align: justify\">26.8.2025<\/h3>\n<h3 style=\"text-align: justify\">Mustafa Oz\u00e7el\u00eek<\/h3>\n<h3 style=\"text-align: justify\">Serok\u00ea Gi\u015ft\u00ee y\u00ea Part\u00eeya Welatpar\u00eaz\u00ean Kurdistan\u00ea (PWK)<\/h3>\n","protected":false},"excerpt":{"rendered":"<p>Serok\u00ea Partiya Welatpar\u00eaz\u00ean Kurdistan\u00ea Mustafa Oz\u00e7el\u00eek derbar\u00ea p\u00eavajoya n\u00fb n\u00eaz\u00eekatiy\u00ean li maf\u00ean kurdan de t\u00ean kirin de daxuyaniyek\u00ee niv\u00eesk\u00ee belav kir \u00fb got: Gelo di p\u00eavajoya n\u00fb de ma qey me nehi\u015ftiye h\u00fbn maf\u00ean lezg\u00een \u00ean kurdan bic\u00eeh b\u00eenin. Daxuyaniya Niv\u00eesk\u00ee ya Serok\u00ea PWK\u00ea Mustafa Oz\u00e7el\u00eek waha ye: Bel\u00ea, behsa &#8220;p\u00eavajoyeke n\u00fb&#8221; t\u00ea kirin. Her [&hellip;]<\/p>\n","protected":false},"author":2,"featured_media":1049602,"comment_status":"closed","ping_status":"closed","sticky":false,"template":"","format":"standard","meta":{"footnotes":""},"categories":[29],"tags":[37],"class_list":["post-1049601","post","type-post","status-publish","format-standard","has-post-thumbnail","hentry","category-kurdistan","tag-sereke"],"blocksy_meta":[],"seo_head":"<!-- This site is optimized with the Yoast SEO plugin v27.5 - https:\/\/yoast.com\/product\/yoast-seo-wordpress\/ -->\n<title>Mustafa Oz\u00e7el\u00eek: Di \u2018\u2019p\u00eavajoya n\u00fb\u2019\u2019 de, ma qey me nehi\u015ft\u00eeye h\u00fbn maf\u00ean lezg\u00een \u00ean kurdan bic\u00eeh b\u00eenin? - Darka Maz\u00ee<\/title>\n<meta name=\"robots\" content=\"index, follow, max-snippet:-1, max-image-preview:large, max-video-preview:-1\" \/>\n<link rel=\"canonical\" href=\"https:\/\/darkamazi.info\/archives\/1049601\" \/>\n<meta property=\"og:locale\" content=\"en_US\" \/>\n<meta property=\"og:type\" content=\"article\" \/>\n<meta property=\"og:title\" content=\"Mustafa Oz\u00e7el\u00eek: Di \u2018\u2019p\u00eavajoya n\u00fb\u2019\u2019 de, ma qey me nehi\u015ft\u00eeye h\u00fbn maf\u00ean lezg\u00een \u00ean kurdan bic\u00eeh b\u00eenin? - Darka Maz\u00ee\" \/>\n<meta property=\"og:description\" content=\"Serok\u00ea Partiya Welatpar\u00eaz\u00ean Kurdistan\u00ea Mustafa Oz\u00e7el\u00eek derbar\u00ea p\u00eavajoya n\u00fb n\u00eaz\u00eekatiy\u00ean li maf\u00ean kurdan de t\u00ean kirin de daxuyaniyek\u00ee niv\u00eesk\u00ee belav kir \u00fb got: Gelo di p\u00eavajoya n\u00fb de ma qey me nehi\u015ftiye h\u00fbn maf\u00ean lezg\u00een \u00ean kurdan bic\u00eeh b\u00eenin. Daxuyaniya Niv\u00eesk\u00ee ya Serok\u00ea PWK\u00ea Mustafa Oz\u00e7el\u00eek waha ye: Bel\u00ea, behsa &#8220;p\u00eavajoyeke n\u00fb&#8221; t\u00ea kirin. Her [&hellip;]\" \/>\n<meta property=\"og:url\" content=\"https:\/\/darkamazi.info\/archives\/1049601\" \/>\n<meta property=\"og:site_name\" content=\"Darka Maz\u00ee\" \/>\n<meta property=\"article:publisher\" content=\"https:\/\/www.facebook.com\/DarMaziKurmanci\" \/>\n<meta property=\"article:published_time\" content=\"2025-08-26T13:46:04+00:00\" \/>\n<meta property=\"og:image\" content=\"https:\/\/darkamazi.info\/file\/2025\/08\/mustafa-ozcelik-pwk.jpg\" \/>\n\t<meta property=\"og:image:width\" content=\"900\" \/>\n\t<meta property=\"og:image:height\" content=\"497\" \/>\n\t<meta property=\"og:image:type\" content=\"image\/jpeg\" \/>\n<meta name=\"author\" content=\"darka mazi\" \/>\n<meta name=\"twitter:card\" content=\"summary_large_image\" \/>\n<meta name=\"twitter:creator\" content=\"@DarkaMaziLatini\" \/>\n<meta name=\"twitter:site\" content=\"@DarkaMaziLatini\" \/>\n<meta name=\"twitter:label1\" content=\"Written by\" \/>\n\t<meta name=\"twitter:data1\" content=\"darka mazi\" \/>\n\t<meta name=\"twitter:label2\" content=\"Est. reading time\" \/>\n\t<meta name=\"twitter:data2\" content=\"5 minutes\" \/>\n<script type=\"application\/ld+json\" class=\"seo-schema-graph\">{\"@context\":\"https:\\\/\\\/schema.org\",\"@graph\":[{\"@type\":\"Article\",\"@id\":\"https:\\\/\\\/darkamazi.info\\\/archives\\\/1049601#article\",\"isPartOf\":{\"@id\":\"https:\\\/\\\/darkamazi.info\\\/archives\\\/1049601\"},\"author\":{\"name\":\"darka mazi\",\"@id\":\"https:\\\/\\\/darkamazi.info\\\/#\\\/schema\\\/person\\\/5ad3e24553a0567993fa8ed4bd0a776c\"},\"headline\":\"Mustafa Oz\u00e7el\u00eek: Di \u2018\u2019p\u00eavajoya n\u00fb\u2019\u2019 de, ma qey me nehi\u015ft\u00eeye h\u00fbn maf\u00ean lezg\u00een \u00ean kurdan bic\u00eeh b\u00eenin?\",\"datePublished\":\"2025-08-26T13:46:04+00:00\",\"mainEntityOfPage\":{\"@id\":\"https:\\\/\\\/darkamazi.info\\\/archives\\\/1049601\"},\"wordCount\":1261,\"publisher\":{\"@id\":\"https:\\\/\\\/darkamazi.info\\\/#organization\"},\"image\":{\"@id\":\"https:\\\/\\\/darkamazi.info\\\/archives\\\/1049601#primaryimage\"},\"thumbnailUrl\":\"https:\\\/\\\/darkamazi.info\\\/darka-content\\\/uploads\\\/2025\\\/08\\\/mustafa-ozcelik-pwk.jpg\",\"keywords\":[\"sereke\"],\"articleSection\":[\"Kurdistan\"],\"inLanguage\":\"en-US\"},{\"@type\":\"WebPage\",\"@id\":\"https:\\\/\\\/darkamazi.info\\\/archives\\\/1049601\",\"url\":\"https:\\\/\\\/darkamazi.info\\\/archives\\\/1049601\",\"name\":\"Mustafa Oz\u00e7el\u00eek: Di \u2018\u2019p\u00eavajoya n\u00fb\u2019\u2019 de, ma qey me nehi\u015ft\u00eeye h\u00fbn maf\u00ean lezg\u00een \u00ean kurdan bic\u00eeh b\u00eenin? - Darka Maz\u00ee\",\"isPartOf\":{\"@id\":\"https:\\\/\\\/darkamazi.info\\\/#website\"},\"primaryImageOfPage\":{\"@id\":\"https:\\\/\\\/darkamazi.info\\\/archives\\\/1049601#primaryimage\"},\"image\":{\"@id\":\"https:\\\/\\\/darkamazi.info\\\/archives\\\/1049601#primaryimage\"},\"thumbnailUrl\":\"https:\\\/\\\/darkamazi.info\\\/darka-content\\\/uploads\\\/2025\\\/08\\\/mustafa-ozcelik-pwk.jpg\",\"datePublished\":\"2025-08-26T13:46:04+00:00\",\"breadcrumb\":{\"@id\":\"https:\\\/\\\/darkamazi.info\\\/archives\\\/1049601#breadcrumb\"},\"inLanguage\":\"en-US\",\"potentialAction\":[{\"@type\":\"ReadAction\",\"target\":[\"https:\\\/\\\/darkamazi.info\\\/archives\\\/1049601\"]}]},{\"@type\":\"ImageObject\",\"inLanguage\":\"en-US\",\"@id\":\"https:\\\/\\\/darkamazi.info\\\/archives\\\/1049601#primaryimage\",\"url\":\"https:\\\/\\\/darkamazi.info\\\/darka-content\\\/uploads\\\/2025\\\/08\\\/mustafa-ozcelik-pwk.jpg\",\"contentUrl\":\"https:\\\/\\\/darkamazi.info\\\/darka-content\\\/uploads\\\/2025\\\/08\\\/mustafa-ozcelik-pwk.jpg\",\"width\":900,\"height\":497,\"caption\":\"Mustafa Oz\u00e7el\u00eek: Di \u2018\u2019p\u00eavajoya n\u00fb\u2019\u2019 de, ma qey me nehi\u015ft\u00eeye h\u00fbn maf\u00ean lezg\u00een \u00ean kurdan bic\u00eeh b\u00eenin?\"},{\"@type\":\"BreadcrumbList\",\"@id\":\"https:\\\/\\\/darkamazi.info\\\/archives\\\/1049601#breadcrumb\",\"itemListElement\":[{\"@type\":\"ListItem\",\"position\":1,\"name\":\"Home\",\"item\":\"https:\\\/\\\/darkamazi.info\\\/\"},{\"@type\":\"ListItem\",\"position\":2,\"name\":\"Mustafa Oz\u00e7el\u00eek: Di \u2018\u2019p\u00eavajoya n\u00fb\u2019\u2019 de, ma qey me nehi\u015ft\u00eeye h\u00fbn maf\u00ean lezg\u00een \u00ean kurdan bic\u00eeh b\u00eenin?\"}]},{\"@type\":\"WebSite\",\"@id\":\"https:\\\/\\\/darkamazi.info\\\/#website\",\"url\":\"https:\\\/\\\/darkamazi.info\\\/\",\"name\":\"Darka Maz\u00ee\",\"description\":\"P\u00eageha Zanyariy\u00ean Nebih\u00eest\u00ee\",\"publisher\":{\"@id\":\"https:\\\/\\\/darkamazi.info\\\/#organization\"},\"potentialAction\":[{\"@type\":\"SearchAction\",\"target\":{\"@type\":\"EntryPoint\",\"urlTemplate\":\"https:\\\/\\\/darkamazi.info\\\/?s={search_term_string}\"},\"query-input\":{\"@type\":\"PropertyValueSpecification\",\"valueRequired\":true,\"valueName\":\"search_term_string\"}}],\"inLanguage\":\"en-US\"},{\"@type\":\"Organization\",\"@id\":\"https:\\\/\\\/darkamazi.info\\\/#organization\",\"name\":\"Darka Maz\u00ee\",\"url\":\"https:\\\/\\\/darkamazi.info\\\/\",\"logo\":{\"@type\":\"ImageObject\",\"inLanguage\":\"en-US\",\"@id\":\"https:\\\/\\\/darkamazi.info\\\/#\\\/schema\\\/logo\\\/image\\\/\",\"url\":\"https:\\\/\\\/darkamazi.info\\\/darka-content\\\/uploads\\\/2017\\\/12\\\/darka-mazi-logo.png\",\"contentUrl\":\"https:\\\/\\\/darkamazi.info\\\/darka-content\\\/uploads\\\/2017\\\/12\\\/darka-mazi-logo.png\",\"width\":151,\"height\":75,\"caption\":\"Darka Maz\u00ee\"},\"image\":{\"@id\":\"https:\\\/\\\/darkamazi.info\\\/#\\\/schema\\\/logo\\\/image\\\/\"},\"sameAs\":[\"https:\\\/\\\/www.facebook.com\\\/DarMaziKurmanci\",\"https:\\\/\\\/x.com\\\/DarkaMaziLatini\",\"https:\\\/\\\/www.instagram.com\\\/darkamazi.kurmanci\\\/\",\"https:\\\/\\\/www.youtube.com\\\/channel\\\/UCa5HkTdmI8U1qCUFuTw8B2g\"]},{\"@type\":\"Person\",\"@id\":\"https:\\\/\\\/darkamazi.info\\\/#\\\/schema\\\/person\\\/5ad3e24553a0567993fa8ed4bd0a776c\",\"name\":\"darka mazi\",\"sameAs\":[\"https:\\\/\\\/darkamazi.info\\\/\"],\"url\":\"https:\\\/\\\/darkamazi.info\\\/archives\\\/author\\\/kurdi\"}]}<\/script>\n<!-- \/ Yoast SEO plugin. -->","seo_head_json":{"title":"Mustafa Oz\u00e7el\u00eek: Di \u2018\u2019p\u00eavajoya n\u00fb\u2019\u2019 de, ma qey me nehi\u015ft\u00eeye h\u00fbn maf\u00ean lezg\u00een \u00ean kurdan bic\u00eeh b\u00eenin? - Darka Maz\u00ee","robots":{"index":"index","follow":"follow","max-snippet":"max-snippet:-1","max-image-preview":"max-image-preview:large","max-video-preview":"max-video-preview:-1"},"canonical":"https:\/\/darkamazi.info\/archives\/1049601","og_locale":"en_US","og_type":"article","og_title":"Mustafa Oz\u00e7el\u00eek: Di \u2018\u2019p\u00eavajoya n\u00fb\u2019\u2019 de, ma qey me nehi\u015ft\u00eeye h\u00fbn maf\u00ean lezg\u00een \u00ean kurdan bic\u00eeh b\u00eenin? - Darka Maz\u00ee","og_description":"Serok\u00ea Partiya Welatpar\u00eaz\u00ean Kurdistan\u00ea Mustafa Oz\u00e7el\u00eek derbar\u00ea p\u00eavajoya n\u00fb n\u00eaz\u00eekatiy\u00ean li maf\u00ean kurdan de t\u00ean kirin de daxuyaniyek\u00ee niv\u00eesk\u00ee belav kir \u00fb got: Gelo di p\u00eavajoya n\u00fb de ma qey me nehi\u015ftiye h\u00fbn maf\u00ean lezg\u00een \u00ean kurdan bic\u00eeh b\u00eenin. Daxuyaniya Niv\u00eesk\u00ee ya Serok\u00ea PWK\u00ea Mustafa Oz\u00e7el\u00eek waha ye: Bel\u00ea, behsa &#8220;p\u00eavajoyeke n\u00fb&#8221; t\u00ea kirin. Her [&hellip;]","og_url":"https:\/\/darkamazi.info\/archives\/1049601","og_site_name":"Darka Maz\u00ee","article_publisher":"https:\/\/www.facebook.com\/DarMaziKurmanci","article_published_time":"2025-08-26T13:46:04+00:00","og_image":[{"width":900,"height":497,"url":"https:\/\/darkamazi.info\/file\/2025\/08\/mustafa-ozcelik-pwk.jpg","type":"image\/jpeg"}],"author":"darka mazi","twitter_card":"summary_large_image","twitter_creator":"@DarkaMaziLatini","twitter_site":"@DarkaMaziLatini","twitter_misc":{"Written by":"darka mazi","Est. reading time":"5 minutes"},"schema":{"@context":"https:\/\/schema.org","@graph":[{"@type":"Article","@id":"https:\/\/darkamazi.info\/archives\/1049601#article","isPartOf":{"@id":"https:\/\/darkamazi.info\/archives\/1049601"},"author":{"name":"darka mazi","@id":"https:\/\/darkamazi.info\/#\/schema\/person\/5ad3e24553a0567993fa8ed4bd0a776c"},"headline":"Mustafa Oz\u00e7el\u00eek: Di \u2018\u2019p\u00eavajoya n\u00fb\u2019\u2019 de, ma qey me nehi\u015ft\u00eeye h\u00fbn maf\u00ean lezg\u00een \u00ean kurdan bic\u00eeh b\u00eenin?","datePublished":"2025-08-26T13:46:04+00:00","mainEntityOfPage":{"@id":"https:\/\/darkamazi.info\/archives\/1049601"},"wordCount":1261,"publisher":{"@id":"https:\/\/darkamazi.info\/#organization"},"image":{"@id":"https:\/\/darkamazi.info\/archives\/1049601#primaryimage"},"thumbnailUrl":"https:\/\/darkamazi.info\/file\/2025\/08\/mustafa-ozcelik-pwk.jpg","keywords":["sereke"],"articleSection":["Kurdistan"],"inLanguage":"en-US"},{"@type":"WebPage","@id":"https:\/\/darkamazi.info\/archives\/1049601","url":"https:\/\/darkamazi.info\/archives\/1049601","name":"Mustafa Oz\u00e7el\u00eek: Di \u2018\u2019p\u00eavajoya n\u00fb\u2019\u2019 de, ma qey me nehi\u015ft\u00eeye h\u00fbn maf\u00ean lezg\u00een \u00ean kurdan bic\u00eeh b\u00eenin? - Darka Maz\u00ee","isPartOf":{"@id":"https:\/\/darkamazi.info\/#website"},"primaryImageOfPage":{"@id":"https:\/\/darkamazi.info\/archives\/1049601#primaryimage"},"image":{"@id":"https:\/\/darkamazi.info\/archives\/1049601#primaryimage"},"thumbnailUrl":"https:\/\/darkamazi.info\/file\/2025\/08\/mustafa-ozcelik-pwk.jpg","datePublished":"2025-08-26T13:46:04+00:00","breadcrumb":{"@id":"https:\/\/darkamazi.info\/archives\/1049601#breadcrumb"},"inLanguage":"en-US","potentialAction":[{"@type":"ReadAction","target":["https:\/\/darkamazi.info\/archives\/1049601"]}]},{"@type":"ImageObject","inLanguage":"en-US","@id":"https:\/\/darkamazi.info\/archives\/1049601#primaryimage","url":"https:\/\/darkamazi.info\/file\/2025\/08\/mustafa-ozcelik-pwk.jpg","contentUrl":"https:\/\/darkamazi.info\/file\/2025\/08\/mustafa-ozcelik-pwk.jpg","width":900,"height":497,"caption":"Mustafa Oz\u00e7el\u00eek: Di \u2018\u2019p\u00eavajoya n\u00fb\u2019\u2019 de, ma qey me nehi\u015ft\u00eeye h\u00fbn maf\u00ean lezg\u00een \u00ean kurdan bic\u00eeh b\u00eenin?"},{"@type":"BreadcrumbList","@id":"https:\/\/darkamazi.info\/archives\/1049601#breadcrumb","itemListElement":[{"@type":"ListItem","position":1,"name":"Home","item":"https:\/\/darkamazi.info\/"},{"@type":"ListItem","position":2,"name":"Mustafa Oz\u00e7el\u00eek: Di \u2018\u2019p\u00eavajoya n\u00fb\u2019\u2019 de, ma qey me nehi\u015ft\u00eeye h\u00fbn maf\u00ean lezg\u00een \u00ean kurdan bic\u00eeh b\u00eenin?"}]},{"@type":"WebSite","@id":"https:\/\/darkamazi.info\/#website","url":"https:\/\/darkamazi.info\/","name":"Darka Maz\u00ee","description":"P\u00eageha Zanyariy\u00ean Nebih\u00eest\u00ee","publisher":{"@id":"https:\/\/darkamazi.info\/#organization"},"potentialAction":[{"@type":"SearchAction","target":{"@type":"EntryPoint","urlTemplate":"https:\/\/darkamazi.info\/?s={search_term_string}"},"query-input":{"@type":"PropertyValueSpecification","valueRequired":true,"valueName":"search_term_string"}}],"inLanguage":"en-US"},{"@type":"Organization","@id":"https:\/\/darkamazi.info\/#organization","name":"Darka Maz\u00ee","url":"https:\/\/darkamazi.info\/","logo":{"@type":"ImageObject","inLanguage":"en-US","@id":"https:\/\/darkamazi.info\/#\/schema\/logo\/image\/","url":"https:\/\/darkamazi.info\/file\/2017\/12\/darka-mazi-logo.png","contentUrl":"https:\/\/darkamazi.info\/file\/2017\/12\/darka-mazi-logo.png","width":151,"height":75,"caption":"Darka Maz\u00ee"},"image":{"@id":"https:\/\/darkamazi.info\/#\/schema\/logo\/image\/"},"sameAs":["https:\/\/www.facebook.com\/DarMaziKurmanci","https:\/\/x.com\/DarkaMaziLatini","https:\/\/www.instagram.com\/darkamazi.kurmanci\/","https:\/\/www.youtube.com\/channel\/UCa5HkTdmI8U1qCUFuTw8B2g"]},{"@type":"Person","@id":"https:\/\/darkamazi.info\/#\/schema\/person\/5ad3e24553a0567993fa8ed4bd0a776c","name":"darka mazi","sameAs":["https:\/\/darkamazi.info\/"],"url":"https:\/\/darkamazi.info\/archives\/author\/kurdi"}]}},"_links":{"self":[{"href":"https:\/\/darkamazi.info\/funavuv\/wp\/v2\/posts\/1049601","targetHints":{"allow":["GET"]}}],"collection":[{"href":"https:\/\/darkamazi.info\/funavuv\/wp\/v2\/posts"}],"about":[{"href":"https:\/\/darkamazi.info\/funavuv\/wp\/v2\/types\/post"}],"author":[{"embeddable":true,"href":"https:\/\/darkamazi.info\/funavuv\/wp\/v2\/users\/2"}],"replies":[{"embeddable":true,"href":"https:\/\/darkamazi.info\/funavuv\/wp\/v2\/comments?post=1049601"}],"version-history":[{"count":0,"href":"https:\/\/darkamazi.info\/funavuv\/wp\/v2\/posts\/1049601\/revisions"}],"wp:featuredmedia":[{"embeddable":true,"href":"https:\/\/darkamazi.info\/funavuv\/wp\/v2\/media\/1049602"}],"wp:attachment":[{"href":"https:\/\/darkamazi.info\/funavuv\/wp\/v2\/media?parent=1049601"}],"wp:term":[{"taxonomy":"category","embeddable":true,"href":"https:\/\/darkamazi.info\/funavuv\/wp\/v2\/categories?post=1049601"},{"taxonomy":"post_tag","embeddable":true,"href":"https:\/\/darkamazi.info\/funavuv\/wp\/v2\/tags?post=1049601"}],"curies":[{"name":"wp","href":"https:\/\/api.w.org\/{rel}","templated":true}]}}