{"id":1049607,"date":"2025-08-27T12:19:50","date_gmt":"2025-08-27T09:19:50","guid":{"rendered":"https:\/\/darkamazi.info\/?p=1049607"},"modified":"2025-08-27T12:19:50","modified_gmt":"2025-08-27T09:19:50","slug":"endame-konseya-hpge-bulut-nurali-hate-kustin","status":"publish","type":"post","link":"https:\/\/darkamazi.info\/archives\/1049607","title":{"rendered":"Endam\u00ea konseya HPG\u00ea \u201cB\u00fbl\u00fbt N\u00fbral\u00ee\u201d hate ku\u015ftin"},"content":{"rendered":"<h3 style=\"text-align: justify\"><span style=\"font-family: 'arial black', sans-serif\">Fermandar\u00ea payebilind \u00fb endam\u00ea konseya HPG\u00ea y\u00ea bi nav\u00ea B\u00fbl\u00fbt N\u00fbral\u00ee hate ku\u015ftin, HPG\u00ea j\u00ee a\u015fkere kir\u00eeye, N\u00fbral\u00ee di qezayek\u00ea de can\u00ea xwe ji dest daye.<\/span><\/h3>\n<h3 style=\"text-align: justify\"><span style=\"font-family: arial, helvetica, sans-serif\">HPG\u00ea bask\u00ea le\u015fker\u00ee y\u00ea PKK\u00ea duh roja s\u00ea\u015fem\u00ee 26 Tebaxa 2025\u00ea mirina fermandar \u00fb endam\u00ea konseya xwe B\u00fbl\u00fbt N\u00fbral\u00ee a\u015fkere kir \u00fb got ku ew\u00ee di qezayek\u00ea de li 11 Tebaxa \u00eesal\u00ea can\u00ea xwe ji dest daye.<\/span><\/h3>\n<h3 style=\"text-align: justify\"><span style=\"font-family: arial, helvetica, sans-serif\">B\u00fbl\u00fbt N\u00fbral\u00ee bi kodnav\u00ea Mordem \u00c7ewl\u00eek di nava r\u00eaxistina PKK\u00ea de t\u00ea naskirin, ji \u00c7ewl\u00eeka Bakur\u00ea Kurdistan\u00ea ye. Li Xiz\u00eerana sala 2004\u00ea tevl\u00ee ref\u00ean PKK\u00ea b\u00fbb\u00fb, gelek erk \u00fb berpirsyar\u00ee di nava r\u00eaxistin\u00ea de wergirtine \u00fb her\u00ee daw\u00ee fermandar\u00ea Rojava Zap\u00ea \u00fb endam\u00ea konseya HPG\u00ea b\u00fb.<\/span><\/h3>\n<h3 style=\"text-align: justify\"><span style=\"font-family: arial, helvetica, sans-serif\">R\u00eaxistina PKK\u00ea ji sala 2021\u00ea ve bi dehan fermandar \u00fb kadroy\u00ean xwe y\u00ean li h\u00eala j\u00fbr bi \u00ear\u00ee\u015f\u00ean dewleta Tirk ji dest da ne, mirina piran\u00eeya wan j\u00ee heya roja me ya \u00eero ve\u015fart\u00ee maye \u00fb nehatiye \u00eelan kirin.<\/span><\/h3>\n<h3 style=\"text-align: justify\"><span style=\"font-family: arial, helvetica, sans-serif\">H\u00eajay\u00ee gotin\u00ea ye, li 21 Tebaxa j\u00ee PKK\u00ea mirina fermandar\u00ea xwe y\u00ea bi nav\u00ea Serhed Varto a\u015fkere kirb\u00fb \u00fb gotb\u00fb ku w\u00ee j\u00ee bi nexwe\u015fiy\u00ea can\u00ea xwe ji dest da ye.<\/span><\/h3>\n","protected":false},"excerpt":{"rendered":"<p>Fermandar\u00ea payebilind \u00fb endam\u00ea konseya HPG\u00ea y\u00ea bi nav\u00ea B\u00fbl\u00fbt N\u00fbral\u00ee hate ku\u015ftin, HPG\u00ea j\u00ee a\u015fkere kir\u00eeye, N\u00fbral\u00ee di qezayek\u00ea de can\u00ea xwe ji dest daye. HPG\u00ea bask\u00ea le\u015fker\u00ee y\u00ea PKK\u00ea duh roja s\u00ea\u015fem\u00ee 26 Tebaxa 2025\u00ea mirina fermandar \u00fb endam\u00ea konseya xwe B\u00fbl\u00fbt N\u00fbral\u00ee a\u015fkere kir \u00fb got ku ew\u00ee di qezayek\u00ea de li [&hellip;]<\/p>\n","protected":false},"author":2,"featured_media":1049608,"comment_status":"closed","ping_status":"closed","sticky":false,"template":"","format":"standard","meta":{"footnotes":""},"categories":[29],"tags":[37],"class_list":["post-1049607","post","type-post","status-publish","format-standard","has-post-thumbnail","hentry","category-kurdistan","tag-sereke"],"blocksy_meta":[],"seo_head":"<!-- This site is optimized with the Yoast SEO plugin v27.5 - https:\/\/yoast.com\/product\/yoast-seo-wordpress\/ -->\n<title>Endam\u00ea konseya HPG\u00ea \u201cB\u00fbl\u00fbt N\u00fbral\u00ee\u201d hate ku\u015ftin - Darka Maz\u00ee<\/title>\n<meta name=\"robots\" content=\"index, follow, max-snippet:-1, max-image-preview:large, max-video-preview:-1\" \/>\n<link rel=\"canonical\" href=\"https:\/\/darkamazi.info\/archives\/1049607\" \/>\n<meta property=\"og:locale\" content=\"en_US\" \/>\n<meta property=\"og:type\" content=\"article\" \/>\n<meta property=\"og:title\" content=\"Endam\u00ea konseya HPG\u00ea \u201cB\u00fbl\u00fbt N\u00fbral\u00ee\u201d hate ku\u015ftin - Darka Maz\u00ee\" \/>\n<meta property=\"og:description\" content=\"Fermandar\u00ea payebilind \u00fb endam\u00ea konseya HPG\u00ea y\u00ea bi nav\u00ea B\u00fbl\u00fbt N\u00fbral\u00ee hate ku\u015ftin, HPG\u00ea j\u00ee a\u015fkere kir\u00eeye, N\u00fbral\u00ee di qezayek\u00ea de can\u00ea xwe ji dest daye. HPG\u00ea bask\u00ea le\u015fker\u00ee y\u00ea PKK\u00ea duh roja s\u00ea\u015fem\u00ee 26 Tebaxa 2025\u00ea mirina fermandar \u00fb endam\u00ea konseya xwe B\u00fbl\u00fbt N\u00fbral\u00ee a\u015fkere kir \u00fb got ku ew\u00ee di qezayek\u00ea de li [&hellip;]\" \/>\n<meta property=\"og:url\" content=\"https:\/\/darkamazi.info\/archives\/1049607\" \/>\n<meta property=\"og:site_name\" content=\"Darka Maz\u00ee\" \/>\n<meta property=\"article:publisher\" content=\"https:\/\/www.facebook.com\/DarMaziKurmanci\" \/>\n<meta property=\"article:published_time\" content=\"2025-08-27T09:19:50+00:00\" \/>\n<meta property=\"og:image\" content=\"https:\/\/darkamazi.info\/file\/2025\/08\/Bulut-Nurali-Info.jpg\" \/>\n\t<meta property=\"og:image:width\" content=\"900\" \/>\n\t<meta property=\"og:image:height\" content=\"500\" \/>\n\t<meta property=\"og:image:type\" content=\"image\/jpeg\" \/>\n<meta name=\"author\" content=\"darka mazi\" \/>\n<meta name=\"twitter:card\" content=\"summary_large_image\" \/>\n<meta name=\"twitter:creator\" content=\"@DarkaMaziLatini\" \/>\n<meta name=\"twitter:site\" content=\"@DarkaMaziLatini\" \/>\n<meta name=\"twitter:label1\" content=\"Written by\" \/>\n\t<meta name=\"twitter:data1\" content=\"darka mazi\" \/>\n\t<meta name=\"twitter:label2\" content=\"Est. reading time\" \/>\n\t<meta name=\"twitter:data2\" content=\"1 minute\" \/>\n<script type=\"application\/ld+json\" class=\"seo-schema-graph\">{\"@context\":\"https:\\\/\\\/schema.org\",\"@graph\":[{\"@type\":\"Article\",\"@id\":\"https:\\\/\\\/darkamazi.info\\\/archives\\\/1049607#article\",\"isPartOf\":{\"@id\":\"https:\\\/\\\/darkamazi.info\\\/archives\\\/1049607\"},\"author\":{\"name\":\"darka mazi\",\"@id\":\"https:\\\/\\\/darkamazi.info\\\/#\\\/schema\\\/person\\\/5ad3e24553a0567993fa8ed4bd0a776c\"},\"headline\":\"Endam\u00ea konseya HPG\u00ea \u201cB\u00fbl\u00fbt N\u00fbral\u00ee\u201d hate ku\u015ftin\",\"datePublished\":\"2025-08-27T09:19:50+00:00\",\"mainEntityOfPage\":{\"@id\":\"https:\\\/\\\/darkamazi.info\\\/archives\\\/1049607\"},\"wordCount\":209,\"publisher\":{\"@id\":\"https:\\\/\\\/darkamazi.info\\\/#organization\"},\"image\":{\"@id\":\"https:\\\/\\\/darkamazi.info\\\/archives\\\/1049607#primaryimage\"},\"thumbnailUrl\":\"https:\\\/\\\/darkamazi.info\\\/darka-content\\\/uploads\\\/2025\\\/08\\\/Bulut-Nurali-Info.jpg\",\"keywords\":[\"sereke\"],\"articleSection\":[\"Kurdistan\"],\"inLanguage\":\"en-US\"},{\"@type\":\"WebPage\",\"@id\":\"https:\\\/\\\/darkamazi.info\\\/archives\\\/1049607\",\"url\":\"https:\\\/\\\/darkamazi.info\\\/archives\\\/1049607\",\"name\":\"Endam\u00ea konseya HPG\u00ea \u201cB\u00fbl\u00fbt N\u00fbral\u00ee\u201d hate ku\u015ftin - Darka Maz\u00ee\",\"isPartOf\":{\"@id\":\"https:\\\/\\\/darkamazi.info\\\/#website\"},\"primaryImageOfPage\":{\"@id\":\"https:\\\/\\\/darkamazi.info\\\/archives\\\/1049607#primaryimage\"},\"image\":{\"@id\":\"https:\\\/\\\/darkamazi.info\\\/archives\\\/1049607#primaryimage\"},\"thumbnailUrl\":\"https:\\\/\\\/darkamazi.info\\\/darka-content\\\/uploads\\\/2025\\\/08\\\/Bulut-Nurali-Info.jpg\",\"datePublished\":\"2025-08-27T09:19:50+00:00\",\"breadcrumb\":{\"@id\":\"https:\\\/\\\/darkamazi.info\\\/archives\\\/1049607#breadcrumb\"},\"inLanguage\":\"en-US\",\"potentialAction\":[{\"@type\":\"ReadAction\",\"target\":[\"https:\\\/\\\/darkamazi.info\\\/archives\\\/1049607\"]}]},{\"@type\":\"ImageObject\",\"inLanguage\":\"en-US\",\"@id\":\"https:\\\/\\\/darkamazi.info\\\/archives\\\/1049607#primaryimage\",\"url\":\"https:\\\/\\\/darkamazi.info\\\/darka-content\\\/uploads\\\/2025\\\/08\\\/Bulut-Nurali-Info.jpg\",\"contentUrl\":\"https:\\\/\\\/darkamazi.info\\\/darka-content\\\/uploads\\\/2025\\\/08\\\/Bulut-Nurali-Info.jpg\",\"width\":900,\"height\":500,\"caption\":\"B\u00fbl\u00fbt N\u00fbral\u00ee-Net\"},{\"@type\":\"BreadcrumbList\",\"@id\":\"https:\\\/\\\/darkamazi.info\\\/archives\\\/1049607#breadcrumb\",\"itemListElement\":[{\"@type\":\"ListItem\",\"position\":1,\"name\":\"Home\",\"item\":\"https:\\\/\\\/darkamazi.info\\\/\"},{\"@type\":\"ListItem\",\"position\":2,\"name\":\"Endam\u00ea konseya HPG\u00ea \u201cB\u00fbl\u00fbt N\u00fbral\u00ee\u201d hate ku\u015ftin\"}]},{\"@type\":\"WebSite\",\"@id\":\"https:\\\/\\\/darkamazi.info\\\/#website\",\"url\":\"https:\\\/\\\/darkamazi.info\\\/\",\"name\":\"Darka Maz\u00ee\",\"description\":\"P\u00eageha Zanyariy\u00ean Nebih\u00eest\u00ee\",\"publisher\":{\"@id\":\"https:\\\/\\\/darkamazi.info\\\/#organization\"},\"potentialAction\":[{\"@type\":\"SearchAction\",\"target\":{\"@type\":\"EntryPoint\",\"urlTemplate\":\"https:\\\/\\\/darkamazi.info\\\/?s={search_term_string}\"},\"query-input\":{\"@type\":\"PropertyValueSpecification\",\"valueRequired\":true,\"valueName\":\"search_term_string\"}}],\"inLanguage\":\"en-US\"},{\"@type\":\"Organization\",\"@id\":\"https:\\\/\\\/darkamazi.info\\\/#organization\",\"name\":\"Darka Maz\u00ee\",\"url\":\"https:\\\/\\\/darkamazi.info\\\/\",\"logo\":{\"@type\":\"ImageObject\",\"inLanguage\":\"en-US\",\"@id\":\"https:\\\/\\\/darkamazi.info\\\/#\\\/schema\\\/logo\\\/image\\\/\",\"url\":\"https:\\\/\\\/darkamazi.info\\\/darka-content\\\/uploads\\\/2017\\\/12\\\/darka-mazi-logo.png\",\"contentUrl\":\"https:\\\/\\\/darkamazi.info\\\/darka-content\\\/uploads\\\/2017\\\/12\\\/darka-mazi-logo.png\",\"width\":151,\"height\":75,\"caption\":\"Darka Maz\u00ee\"},\"image\":{\"@id\":\"https:\\\/\\\/darkamazi.info\\\/#\\\/schema\\\/logo\\\/image\\\/\"},\"sameAs\":[\"https:\\\/\\\/www.facebook.com\\\/DarMaziKurmanci\",\"https:\\\/\\\/x.com\\\/DarkaMaziLatini\",\"https:\\\/\\\/www.instagram.com\\\/darkamazi.kurmanci\\\/\",\"https:\\\/\\\/www.youtube.com\\\/channel\\\/UCa5HkTdmI8U1qCUFuTw8B2g\"]},{\"@type\":\"Person\",\"@id\":\"https:\\\/\\\/darkamazi.info\\\/#\\\/schema\\\/person\\\/5ad3e24553a0567993fa8ed4bd0a776c\",\"name\":\"darka mazi\",\"sameAs\":[\"https:\\\/\\\/darkamazi.info\\\/\"],\"url\":\"https:\\\/\\\/darkamazi.info\\\/archives\\\/author\\\/kurdi\"}]}<\/script>\n<!-- \/ Yoast SEO plugin. -->","seo_head_json":{"title":"Endam\u00ea konseya HPG\u00ea \u201cB\u00fbl\u00fbt N\u00fbral\u00ee\u201d hate ku\u015ftin - Darka Maz\u00ee","robots":{"index":"index","follow":"follow","max-snippet":"max-snippet:-1","max-image-preview":"max-image-preview:large","max-video-preview":"max-video-preview:-1"},"canonical":"https:\/\/darkamazi.info\/archives\/1049607","og_locale":"en_US","og_type":"article","og_title":"Endam\u00ea konseya HPG\u00ea \u201cB\u00fbl\u00fbt N\u00fbral\u00ee\u201d hate ku\u015ftin - Darka Maz\u00ee","og_description":"Fermandar\u00ea payebilind \u00fb endam\u00ea konseya HPG\u00ea y\u00ea bi nav\u00ea B\u00fbl\u00fbt N\u00fbral\u00ee hate ku\u015ftin, HPG\u00ea j\u00ee a\u015fkere kir\u00eeye, N\u00fbral\u00ee di qezayek\u00ea de can\u00ea xwe ji dest daye. HPG\u00ea bask\u00ea le\u015fker\u00ee y\u00ea PKK\u00ea duh roja s\u00ea\u015fem\u00ee 26 Tebaxa 2025\u00ea mirina fermandar \u00fb endam\u00ea konseya xwe B\u00fbl\u00fbt N\u00fbral\u00ee a\u015fkere kir \u00fb got ku ew\u00ee di qezayek\u00ea de li [&hellip;]","og_url":"https:\/\/darkamazi.info\/archives\/1049607","og_site_name":"Darka Maz\u00ee","article_publisher":"https:\/\/www.facebook.com\/DarMaziKurmanci","article_published_time":"2025-08-27T09:19:50+00:00","og_image":[{"width":900,"height":500,"url":"https:\/\/darkamazi.info\/file\/2025\/08\/Bulut-Nurali-Info.jpg","type":"image\/jpeg"}],"author":"darka mazi","twitter_card":"summary_large_image","twitter_creator":"@DarkaMaziLatini","twitter_site":"@DarkaMaziLatini","twitter_misc":{"Written by":"darka mazi","Est. reading time":"1 minute"},"schema":{"@context":"https:\/\/schema.org","@graph":[{"@type":"Article","@id":"https:\/\/darkamazi.info\/archives\/1049607#article","isPartOf":{"@id":"https:\/\/darkamazi.info\/archives\/1049607"},"author":{"name":"darka mazi","@id":"https:\/\/darkamazi.info\/#\/schema\/person\/5ad3e24553a0567993fa8ed4bd0a776c"},"headline":"Endam\u00ea konseya HPG\u00ea \u201cB\u00fbl\u00fbt N\u00fbral\u00ee\u201d hate ku\u015ftin","datePublished":"2025-08-27T09:19:50+00:00","mainEntityOfPage":{"@id":"https:\/\/darkamazi.info\/archives\/1049607"},"wordCount":209,"publisher":{"@id":"https:\/\/darkamazi.info\/#organization"},"image":{"@id":"https:\/\/darkamazi.info\/archives\/1049607#primaryimage"},"thumbnailUrl":"https:\/\/darkamazi.info\/file\/2025\/08\/Bulut-Nurali-Info.jpg","keywords":["sereke"],"articleSection":["Kurdistan"],"inLanguage":"en-US"},{"@type":"WebPage","@id":"https:\/\/darkamazi.info\/archives\/1049607","url":"https:\/\/darkamazi.info\/archives\/1049607","name":"Endam\u00ea konseya HPG\u00ea \u201cB\u00fbl\u00fbt N\u00fbral\u00ee\u201d hate ku\u015ftin - Darka Maz\u00ee","isPartOf":{"@id":"https:\/\/darkamazi.info\/#website"},"primaryImageOfPage":{"@id":"https:\/\/darkamazi.info\/archives\/1049607#primaryimage"},"image":{"@id":"https:\/\/darkamazi.info\/archives\/1049607#primaryimage"},"thumbnailUrl":"https:\/\/darkamazi.info\/file\/2025\/08\/Bulut-Nurali-Info.jpg","datePublished":"2025-08-27T09:19:50+00:00","breadcrumb":{"@id":"https:\/\/darkamazi.info\/archives\/1049607#breadcrumb"},"inLanguage":"en-US","potentialAction":[{"@type":"ReadAction","target":["https:\/\/darkamazi.info\/archives\/1049607"]}]},{"@type":"ImageObject","inLanguage":"en-US","@id":"https:\/\/darkamazi.info\/archives\/1049607#primaryimage","url":"https:\/\/darkamazi.info\/file\/2025\/08\/Bulut-Nurali-Info.jpg","contentUrl":"https:\/\/darkamazi.info\/file\/2025\/08\/Bulut-Nurali-Info.jpg","width":900,"height":500,"caption":"B\u00fbl\u00fbt N\u00fbral\u00ee-Net"},{"@type":"BreadcrumbList","@id":"https:\/\/darkamazi.info\/archives\/1049607#breadcrumb","itemListElement":[{"@type":"ListItem","position":1,"name":"Home","item":"https:\/\/darkamazi.info\/"},{"@type":"ListItem","position":2,"name":"Endam\u00ea konseya HPG\u00ea \u201cB\u00fbl\u00fbt N\u00fbral\u00ee\u201d hate ku\u015ftin"}]},{"@type":"WebSite","@id":"https:\/\/darkamazi.info\/#website","url":"https:\/\/darkamazi.info\/","name":"Darka Maz\u00ee","description":"P\u00eageha Zanyariy\u00ean Nebih\u00eest\u00ee","publisher":{"@id":"https:\/\/darkamazi.info\/#organization"},"potentialAction":[{"@type":"SearchAction","target":{"@type":"EntryPoint","urlTemplate":"https:\/\/darkamazi.info\/?s={search_term_string}"},"query-input":{"@type":"PropertyValueSpecification","valueRequired":true,"valueName":"search_term_string"}}],"inLanguage":"en-US"},{"@type":"Organization","@id":"https:\/\/darkamazi.info\/#organization","name":"Darka Maz\u00ee","url":"https:\/\/darkamazi.info\/","logo":{"@type":"ImageObject","inLanguage":"en-US","@id":"https:\/\/darkamazi.info\/#\/schema\/logo\/image\/","url":"https:\/\/darkamazi.info\/file\/2017\/12\/darka-mazi-logo.png","contentUrl":"https:\/\/darkamazi.info\/file\/2017\/12\/darka-mazi-logo.png","width":151,"height":75,"caption":"Darka Maz\u00ee"},"image":{"@id":"https:\/\/darkamazi.info\/#\/schema\/logo\/image\/"},"sameAs":["https:\/\/www.facebook.com\/DarMaziKurmanci","https:\/\/x.com\/DarkaMaziLatini","https:\/\/www.instagram.com\/darkamazi.kurmanci\/","https:\/\/www.youtube.com\/channel\/UCa5HkTdmI8U1qCUFuTw8B2g"]},{"@type":"Person","@id":"https:\/\/darkamazi.info\/#\/schema\/person\/5ad3e24553a0567993fa8ed4bd0a776c","name":"darka mazi","sameAs":["https:\/\/darkamazi.info\/"],"url":"https:\/\/darkamazi.info\/archives\/author\/kurdi"}]}},"_links":{"self":[{"href":"https:\/\/darkamazi.info\/funavuv\/wp\/v2\/posts\/1049607","targetHints":{"allow":["GET"]}}],"collection":[{"href":"https:\/\/darkamazi.info\/funavuv\/wp\/v2\/posts"}],"about":[{"href":"https:\/\/darkamazi.info\/funavuv\/wp\/v2\/types\/post"}],"author":[{"embeddable":true,"href":"https:\/\/darkamazi.info\/funavuv\/wp\/v2\/users\/2"}],"replies":[{"embeddable":true,"href":"https:\/\/darkamazi.info\/funavuv\/wp\/v2\/comments?post=1049607"}],"version-history":[{"count":0,"href":"https:\/\/darkamazi.info\/funavuv\/wp\/v2\/posts\/1049607\/revisions"}],"wp:featuredmedia":[{"embeddable":true,"href":"https:\/\/darkamazi.info\/funavuv\/wp\/v2\/media\/1049608"}],"wp:attachment":[{"href":"https:\/\/darkamazi.info\/funavuv\/wp\/v2\/media?parent=1049607"}],"wp:term":[{"taxonomy":"category","embeddable":true,"href":"https:\/\/darkamazi.info\/funavuv\/wp\/v2\/categories?post=1049607"},{"taxonomy":"post_tag","embeddable":true,"href":"https:\/\/darkamazi.info\/funavuv\/wp\/v2\/tags?post=1049607"}],"curies":[{"name":"wp","href":"https:\/\/api.w.org\/{rel}","templated":true}]}}