{"id":1049611,"date":"2025-08-27T17:41:32","date_gmt":"2025-08-27T14:41:32","guid":{"rendered":"https:\/\/darkamazi.info\/?p=1049611"},"modified":"2025-08-27T17:41:32","modified_gmt":"2025-08-27T14:41:32","slug":"kurtulmus-tu-daxwaziyek-ji-bo-serbestberdana-ocalan-tuneye","status":"publish","type":"post","link":"https:\/\/darkamazi.info\/archives\/1049611","title":{"rendered":"Kurtulmu\u015f: Tu daxwaziyek ji bo serbestberdana Ocalan tuneye"},"content":{"rendered":"<h3 style=\"text-align: justify\"><span style=\"font-family: 'arial black', sans-serif\">Serok\u00ea Parlementoya Tirkiye Kurtulmu\u015f di Civ\u00eena Civaka Siv\u00eel a li Afyonkarah\u00eesar\u00ea de axiv\u00ee \u00fb diyar kir ku kom\u00eesyona ku ew serokatiya w\u00ea dike li ser xweseriy\u00ea, statuya ferm\u00ee ya ziman\u00ean c\u00fbda y\u00ean xwecih\u00ee, an j\u00ee serbestberdana Abdullah \u00d6calan, serok\u00ea r\u00eaxistina\u201d teror\u00eest \u201d a PKK\u00ea, kar nake. \u201cAzadkirina serok\u00ea r\u00eaxistin\u00ea ne mimk\u00fbn e.\u201d<\/span><\/h3>\n<h3 style=\"text-align: justify\">\u201cEz bi tu gelek vekir\u00ee dib\u00eajim ku, ev komisyon ne komisyona guhertina dest\u00fbr\u00ea ye. Ev kom\u00eesyon ne platformek siyas\u00ee ye ji bo n\u00eeqa\u015f\u00ean li ser guhertin\u00ean dest\u00fbr\u00ea bike. Taybetmendiya b\u00eahempa ya v\u00ea kom\u00eesyon\u00ea ev e: Ew niha ji sed\u00ee 95\u00ea deng\u00ean gel li Tirkiyey\u00ea tems\u00eel dikin. Hem\u00fb part\u00eey\u00ean siyas\u00ee, \u00fb heta hem\u00fb part\u00eey\u00ean siyas\u00ee y\u00ean b\u00ea fraksiyon, di v\u00ea kom\u00eesyon\u00ea de t\u00eane tems\u00eelkirin.<\/h3>\n<h3 style=\"text-align: justify\">\u201cEm p\u00eavajoyek\u00ea dij\u00een ku kes\u00ean xwed\u00ee n\u00ear\u00een\u00ean pir cuda bi e\u015fkerey\u00ee n\u00ear\u00een\u00ean xwe li ser bingehek hevpar t\u00eenin ziman. ji hol\u00earakirina teror\u00eezm\u00ea \u00fb avakirina avahiyek navxwey\u00ee ya bih\u00eaz li Tirkiyey\u00ea. Ez dubare dikim ku li vir bi tevah\u00ee n\u00eeqa\u015fek dest\u00fbr\u00ee tune. Ez gelek bi zelel\u00ee dib\u00eajim, daxwazek pi\u00e7\u00fbk j\u00ee ji bo xweseriy\u00ea, her\u00eamek cuda, an ferm\u00eekirina ziman\u00ean xwecih\u00ee y\u00ean c\u00fbda tune. Hewldanek pi\u00e7\u00fbk j\u00ee tune ku serok\u00ea r\u00eaxistin\u00ea serbest wer\u00ea berdan. Daxwaziyek j\u00ee bi v\u00ee away\u00ee tuneye.\u201d<\/h3>\n","protected":false},"excerpt":{"rendered":"<p>Serok\u00ea Parlementoya Tirkiye Kurtulmu\u015f di Civ\u00eena Civaka Siv\u00eel a li Afyonkarah\u00eesar\u00ea de axiv\u00ee \u00fb diyar kir ku kom\u00eesyona ku ew serokatiya w\u00ea dike li ser xweseriy\u00ea, statuya ferm\u00ee ya ziman\u00ean c\u00fbda y\u00ean xwecih\u00ee, an j\u00ee serbestberdana Abdullah \u00d6calan, serok\u00ea r\u00eaxistina\u201d teror\u00eest \u201d a PKK\u00ea, kar nake. \u201cAzadkirina serok\u00ea r\u00eaxistin\u00ea ne mimk\u00fbn e.\u201d \u201cEz bi tu [&hellip;]<\/p>\n","protected":false},"author":2,"featured_media":1049509,"comment_status":"closed","ping_status":"closed","sticky":false,"template":"","format":"standard","meta":{"footnotes":""},"categories":[29],"tags":[37],"class_list":["post-1049611","post","type-post","status-publish","format-standard","has-post-thumbnail","hentry","category-kurdistan","tag-sereke"],"blocksy_meta":[],"seo_head":"<!-- This site is optimized with the Yoast SEO plugin v27.5 - https:\/\/yoast.com\/product\/yoast-seo-wordpress\/ -->\n<title>Kurtulmu\u015f: Tu daxwaziyek ji bo serbestberdana Ocalan tuneye - Darka Maz\u00ee<\/title>\n<meta name=\"robots\" content=\"index, follow, max-snippet:-1, max-image-preview:large, max-video-preview:-1\" \/>\n<link rel=\"canonical\" href=\"https:\/\/darkamazi.info\/archives\/1049611\" \/>\n<meta property=\"og:locale\" content=\"en_US\" \/>\n<meta property=\"og:type\" content=\"article\" \/>\n<meta property=\"og:title\" content=\"Kurtulmu\u015f: Tu daxwaziyek ji bo serbestberdana Ocalan tuneye - Darka Maz\u00ee\" \/>\n<meta property=\"og:description\" content=\"Serok\u00ea Parlementoya Tirkiye Kurtulmu\u015f di Civ\u00eena Civaka Siv\u00eel a li Afyonkarah\u00eesar\u00ea de axiv\u00ee \u00fb diyar kir ku kom\u00eesyona ku ew serokatiya w\u00ea dike li ser xweseriy\u00ea, statuya ferm\u00ee ya ziman\u00ean c\u00fbda y\u00ean xwecih\u00ee, an j\u00ee serbestberdana Abdullah \u00d6calan, serok\u00ea r\u00eaxistina\u201d teror\u00eest \u201d a PKK\u00ea, kar nake. \u201cAzadkirina serok\u00ea r\u00eaxistin\u00ea ne mimk\u00fbn e.\u201d \u201cEz bi tu [&hellip;]\" \/>\n<meta property=\"og:url\" content=\"https:\/\/darkamazi.info\/archives\/1049611\" \/>\n<meta property=\"og:site_name\" content=\"Darka Maz\u00ee\" \/>\n<meta property=\"article:publisher\" content=\"https:\/\/www.facebook.com\/DarMaziKurmanci\" \/>\n<meta property=\"article:published_time\" content=\"2025-08-27T14:41:32+00:00\" \/>\n<meta property=\"og:image\" content=\"https:\/\/darkamazi.info\/file\/2025\/08\/Numan-Kurtulmus.jpg\" \/>\n\t<meta property=\"og:image:width\" content=\"900\" \/>\n\t<meta property=\"og:image:height\" content=\"497\" \/>\n\t<meta property=\"og:image:type\" content=\"image\/jpeg\" \/>\n<meta name=\"author\" content=\"darka mazi\" \/>\n<meta name=\"twitter:card\" content=\"summary_large_image\" \/>\n<meta name=\"twitter:creator\" content=\"@DarkaMaziLatini\" \/>\n<meta name=\"twitter:site\" content=\"@DarkaMaziLatini\" \/>\n<meta name=\"twitter:label1\" content=\"Written by\" \/>\n\t<meta name=\"twitter:data1\" content=\"darka mazi\" \/>\n\t<meta name=\"twitter:label2\" content=\"Est. reading time\" \/>\n\t<meta name=\"twitter:data2\" content=\"2 minutes\" \/>\n<script type=\"application\/ld+json\" class=\"seo-schema-graph\">{\"@context\":\"https:\\\/\\\/schema.org\",\"@graph\":[{\"@type\":\"Article\",\"@id\":\"https:\\\/\\\/darkamazi.info\\\/archives\\\/1049611#article\",\"isPartOf\":{\"@id\":\"https:\\\/\\\/darkamazi.info\\\/archives\\\/1049611\"},\"author\":{\"name\":\"darka mazi\",\"@id\":\"https:\\\/\\\/darkamazi.info\\\/#\\\/schema\\\/person\\\/5ad3e24553a0567993fa8ed4bd0a776c\"},\"headline\":\"Kurtulmu\u015f: Tu daxwaziyek ji bo serbestberdana Ocalan tuneye\",\"datePublished\":\"2025-08-27T14:41:32+00:00\",\"mainEntityOfPage\":{\"@id\":\"https:\\\/\\\/darkamazi.info\\\/archives\\\/1049611\"},\"wordCount\":251,\"publisher\":{\"@id\":\"https:\\\/\\\/darkamazi.info\\\/#organization\"},\"image\":{\"@id\":\"https:\\\/\\\/darkamazi.info\\\/archives\\\/1049611#primaryimage\"},\"thumbnailUrl\":\"https:\\\/\\\/darkamazi.info\\\/darka-content\\\/uploads\\\/2025\\\/08\\\/Numan-Kurtulmus.jpg\",\"keywords\":[\"sereke\"],\"articleSection\":[\"Kurdistan\"],\"inLanguage\":\"en-US\"},{\"@type\":\"WebPage\",\"@id\":\"https:\\\/\\\/darkamazi.info\\\/archives\\\/1049611\",\"url\":\"https:\\\/\\\/darkamazi.info\\\/archives\\\/1049611\",\"name\":\"Kurtulmu\u015f: Tu daxwaziyek ji bo serbestberdana Ocalan tuneye - Darka Maz\u00ee\",\"isPartOf\":{\"@id\":\"https:\\\/\\\/darkamazi.info\\\/#website\"},\"primaryImageOfPage\":{\"@id\":\"https:\\\/\\\/darkamazi.info\\\/archives\\\/1049611#primaryimage\"},\"image\":{\"@id\":\"https:\\\/\\\/darkamazi.info\\\/archives\\\/1049611#primaryimage\"},\"thumbnailUrl\":\"https:\\\/\\\/darkamazi.info\\\/darka-content\\\/uploads\\\/2025\\\/08\\\/Numan-Kurtulmus.jpg\",\"datePublished\":\"2025-08-27T14:41:32+00:00\",\"breadcrumb\":{\"@id\":\"https:\\\/\\\/darkamazi.info\\\/archives\\\/1049611#breadcrumb\"},\"inLanguage\":\"en-US\",\"potentialAction\":[{\"@type\":\"ReadAction\",\"target\":[\"https:\\\/\\\/darkamazi.info\\\/archives\\\/1049611\"]}]},{\"@type\":\"ImageObject\",\"inLanguage\":\"en-US\",\"@id\":\"https:\\\/\\\/darkamazi.info\\\/archives\\\/1049611#primaryimage\",\"url\":\"https:\\\/\\\/darkamazi.info\\\/darka-content\\\/uploads\\\/2025\\\/08\\\/Numan-Kurtulmus.jpg\",\"contentUrl\":\"https:\\\/\\\/darkamazi.info\\\/darka-content\\\/uploads\\\/2025\\\/08\\\/Numan-Kurtulmus.jpg\",\"width\":900,\"height\":497,\"caption\":\"Kurtulmu\u015f: Em \u00ea p\u00eavajoya biratiy\u00ea biser bix\u00eenin\"},{\"@type\":\"BreadcrumbList\",\"@id\":\"https:\\\/\\\/darkamazi.info\\\/archives\\\/1049611#breadcrumb\",\"itemListElement\":[{\"@type\":\"ListItem\",\"position\":1,\"name\":\"Home\",\"item\":\"https:\\\/\\\/darkamazi.info\\\/\"},{\"@type\":\"ListItem\",\"position\":2,\"name\":\"Kurtulmu\u015f: Tu daxwaziyek ji bo serbestberdana Ocalan tuneye\"}]},{\"@type\":\"WebSite\",\"@id\":\"https:\\\/\\\/darkamazi.info\\\/#website\",\"url\":\"https:\\\/\\\/darkamazi.info\\\/\",\"name\":\"Darka Maz\u00ee\",\"description\":\"P\u00eageha Zanyariy\u00ean Nebih\u00eest\u00ee\",\"publisher\":{\"@id\":\"https:\\\/\\\/darkamazi.info\\\/#organization\"},\"potentialAction\":[{\"@type\":\"SearchAction\",\"target\":{\"@type\":\"EntryPoint\",\"urlTemplate\":\"https:\\\/\\\/darkamazi.info\\\/?s={search_term_string}\"},\"query-input\":{\"@type\":\"PropertyValueSpecification\",\"valueRequired\":true,\"valueName\":\"search_term_string\"}}],\"inLanguage\":\"en-US\"},{\"@type\":\"Organization\",\"@id\":\"https:\\\/\\\/darkamazi.info\\\/#organization\",\"name\":\"Darka Maz\u00ee\",\"url\":\"https:\\\/\\\/darkamazi.info\\\/\",\"logo\":{\"@type\":\"ImageObject\",\"inLanguage\":\"en-US\",\"@id\":\"https:\\\/\\\/darkamazi.info\\\/#\\\/schema\\\/logo\\\/image\\\/\",\"url\":\"https:\\\/\\\/darkamazi.info\\\/darka-content\\\/uploads\\\/2017\\\/12\\\/darka-mazi-logo.png\",\"contentUrl\":\"https:\\\/\\\/darkamazi.info\\\/darka-content\\\/uploads\\\/2017\\\/12\\\/darka-mazi-logo.png\",\"width\":151,\"height\":75,\"caption\":\"Darka Maz\u00ee\"},\"image\":{\"@id\":\"https:\\\/\\\/darkamazi.info\\\/#\\\/schema\\\/logo\\\/image\\\/\"},\"sameAs\":[\"https:\\\/\\\/www.facebook.com\\\/DarMaziKurmanci\",\"https:\\\/\\\/x.com\\\/DarkaMaziLatini\",\"https:\\\/\\\/www.instagram.com\\\/darkamazi.kurmanci\\\/\",\"https:\\\/\\\/www.youtube.com\\\/channel\\\/UCa5HkTdmI8U1qCUFuTw8B2g\"]},{\"@type\":\"Person\",\"@id\":\"https:\\\/\\\/darkamazi.info\\\/#\\\/schema\\\/person\\\/5ad3e24553a0567993fa8ed4bd0a776c\",\"name\":\"darka mazi\",\"sameAs\":[\"https:\\\/\\\/darkamazi.info\\\/\"],\"url\":\"https:\\\/\\\/darkamazi.info\\\/archives\\\/author\\\/kurdi\"}]}<\/script>\n<!-- \/ Yoast SEO plugin. -->","seo_head_json":{"title":"Kurtulmu\u015f: Tu daxwaziyek ji bo serbestberdana Ocalan tuneye - Darka Maz\u00ee","robots":{"index":"index","follow":"follow","max-snippet":"max-snippet:-1","max-image-preview":"max-image-preview:large","max-video-preview":"max-video-preview:-1"},"canonical":"https:\/\/darkamazi.info\/archives\/1049611","og_locale":"en_US","og_type":"article","og_title":"Kurtulmu\u015f: Tu daxwaziyek ji bo serbestberdana Ocalan tuneye - Darka Maz\u00ee","og_description":"Serok\u00ea Parlementoya Tirkiye Kurtulmu\u015f di Civ\u00eena Civaka Siv\u00eel a li Afyonkarah\u00eesar\u00ea de axiv\u00ee \u00fb diyar kir ku kom\u00eesyona ku ew serokatiya w\u00ea dike li ser xweseriy\u00ea, statuya ferm\u00ee ya ziman\u00ean c\u00fbda y\u00ean xwecih\u00ee, an j\u00ee serbestberdana Abdullah \u00d6calan, serok\u00ea r\u00eaxistina\u201d teror\u00eest \u201d a PKK\u00ea, kar nake. \u201cAzadkirina serok\u00ea r\u00eaxistin\u00ea ne mimk\u00fbn e.\u201d \u201cEz bi tu [&hellip;]","og_url":"https:\/\/darkamazi.info\/archives\/1049611","og_site_name":"Darka Maz\u00ee","article_publisher":"https:\/\/www.facebook.com\/DarMaziKurmanci","article_published_time":"2025-08-27T14:41:32+00:00","og_image":[{"width":900,"height":497,"url":"https:\/\/darkamazi.info\/file\/2025\/08\/Numan-Kurtulmus.jpg","type":"image\/jpeg"}],"author":"darka mazi","twitter_card":"summary_large_image","twitter_creator":"@DarkaMaziLatini","twitter_site":"@DarkaMaziLatini","twitter_misc":{"Written by":"darka mazi","Est. reading time":"2 minutes"},"schema":{"@context":"https:\/\/schema.org","@graph":[{"@type":"Article","@id":"https:\/\/darkamazi.info\/archives\/1049611#article","isPartOf":{"@id":"https:\/\/darkamazi.info\/archives\/1049611"},"author":{"name":"darka mazi","@id":"https:\/\/darkamazi.info\/#\/schema\/person\/5ad3e24553a0567993fa8ed4bd0a776c"},"headline":"Kurtulmu\u015f: Tu daxwaziyek ji bo serbestberdana Ocalan tuneye","datePublished":"2025-08-27T14:41:32+00:00","mainEntityOfPage":{"@id":"https:\/\/darkamazi.info\/archives\/1049611"},"wordCount":251,"publisher":{"@id":"https:\/\/darkamazi.info\/#organization"},"image":{"@id":"https:\/\/darkamazi.info\/archives\/1049611#primaryimage"},"thumbnailUrl":"https:\/\/darkamazi.info\/file\/2025\/08\/Numan-Kurtulmus.jpg","keywords":["sereke"],"articleSection":["Kurdistan"],"inLanguage":"en-US"},{"@type":"WebPage","@id":"https:\/\/darkamazi.info\/archives\/1049611","url":"https:\/\/darkamazi.info\/archives\/1049611","name":"Kurtulmu\u015f: Tu daxwaziyek ji bo serbestberdana Ocalan tuneye - Darka Maz\u00ee","isPartOf":{"@id":"https:\/\/darkamazi.info\/#website"},"primaryImageOfPage":{"@id":"https:\/\/darkamazi.info\/archives\/1049611#primaryimage"},"image":{"@id":"https:\/\/darkamazi.info\/archives\/1049611#primaryimage"},"thumbnailUrl":"https:\/\/darkamazi.info\/file\/2025\/08\/Numan-Kurtulmus.jpg","datePublished":"2025-08-27T14:41:32+00:00","breadcrumb":{"@id":"https:\/\/darkamazi.info\/archives\/1049611#breadcrumb"},"inLanguage":"en-US","potentialAction":[{"@type":"ReadAction","target":["https:\/\/darkamazi.info\/archives\/1049611"]}]},{"@type":"ImageObject","inLanguage":"en-US","@id":"https:\/\/darkamazi.info\/archives\/1049611#primaryimage","url":"https:\/\/darkamazi.info\/file\/2025\/08\/Numan-Kurtulmus.jpg","contentUrl":"https:\/\/darkamazi.info\/file\/2025\/08\/Numan-Kurtulmus.jpg","width":900,"height":497,"caption":"Kurtulmu\u015f: Em \u00ea p\u00eavajoya biratiy\u00ea biser bix\u00eenin"},{"@type":"BreadcrumbList","@id":"https:\/\/darkamazi.info\/archives\/1049611#breadcrumb","itemListElement":[{"@type":"ListItem","position":1,"name":"Home","item":"https:\/\/darkamazi.info\/"},{"@type":"ListItem","position":2,"name":"Kurtulmu\u015f: Tu daxwaziyek ji bo serbestberdana Ocalan tuneye"}]},{"@type":"WebSite","@id":"https:\/\/darkamazi.info\/#website","url":"https:\/\/darkamazi.info\/","name":"Darka Maz\u00ee","description":"P\u00eageha Zanyariy\u00ean Nebih\u00eest\u00ee","publisher":{"@id":"https:\/\/darkamazi.info\/#organization"},"potentialAction":[{"@type":"SearchAction","target":{"@type":"EntryPoint","urlTemplate":"https:\/\/darkamazi.info\/?s={search_term_string}"},"query-input":{"@type":"PropertyValueSpecification","valueRequired":true,"valueName":"search_term_string"}}],"inLanguage":"en-US"},{"@type":"Organization","@id":"https:\/\/darkamazi.info\/#organization","name":"Darka Maz\u00ee","url":"https:\/\/darkamazi.info\/","logo":{"@type":"ImageObject","inLanguage":"en-US","@id":"https:\/\/darkamazi.info\/#\/schema\/logo\/image\/","url":"https:\/\/darkamazi.info\/file\/2017\/12\/darka-mazi-logo.png","contentUrl":"https:\/\/darkamazi.info\/file\/2017\/12\/darka-mazi-logo.png","width":151,"height":75,"caption":"Darka Maz\u00ee"},"image":{"@id":"https:\/\/darkamazi.info\/#\/schema\/logo\/image\/"},"sameAs":["https:\/\/www.facebook.com\/DarMaziKurmanci","https:\/\/x.com\/DarkaMaziLatini","https:\/\/www.instagram.com\/darkamazi.kurmanci\/","https:\/\/www.youtube.com\/channel\/UCa5HkTdmI8U1qCUFuTw8B2g"]},{"@type":"Person","@id":"https:\/\/darkamazi.info\/#\/schema\/person\/5ad3e24553a0567993fa8ed4bd0a776c","name":"darka mazi","sameAs":["https:\/\/darkamazi.info\/"],"url":"https:\/\/darkamazi.info\/archives\/author\/kurdi"}]}},"_links":{"self":[{"href":"https:\/\/darkamazi.info\/funavuv\/wp\/v2\/posts\/1049611","targetHints":{"allow":["GET"]}}],"collection":[{"href":"https:\/\/darkamazi.info\/funavuv\/wp\/v2\/posts"}],"about":[{"href":"https:\/\/darkamazi.info\/funavuv\/wp\/v2\/types\/post"}],"author":[{"embeddable":true,"href":"https:\/\/darkamazi.info\/funavuv\/wp\/v2\/users\/2"}],"replies":[{"embeddable":true,"href":"https:\/\/darkamazi.info\/funavuv\/wp\/v2\/comments?post=1049611"}],"version-history":[{"count":0,"href":"https:\/\/darkamazi.info\/funavuv\/wp\/v2\/posts\/1049611\/revisions"}],"wp:featuredmedia":[{"embeddable":true,"href":"https:\/\/darkamazi.info\/funavuv\/wp\/v2\/media\/1049509"}],"wp:attachment":[{"href":"https:\/\/darkamazi.info\/funavuv\/wp\/v2\/media?parent=1049611"}],"wp:term":[{"taxonomy":"category","embeddable":true,"href":"https:\/\/darkamazi.info\/funavuv\/wp\/v2\/categories?post=1049611"},{"taxonomy":"post_tag","embeddable":true,"href":"https:\/\/darkamazi.info\/funavuv\/wp\/v2\/tags?post=1049611"}],"curies":[{"name":"wp","href":"https:\/\/api.w.org\/{rel}","templated":true}]}}