{"id":1049616,"date":"2025-08-28T11:30:21","date_gmt":"2025-08-28T08:30:21","guid":{"rendered":"https:\/\/darkamazi.info\/?p=1049616"},"modified":"2025-08-28T11:30:21","modified_gmt":"2025-08-28T08:30:21","slug":"ocalan-de-iro-derbare-cekdanine-peyameke-ragihine","status":"publish","type":"post","link":"https:\/\/darkamazi.info\/archives\/1049616","title":{"rendered":"Ocalan d\u00ea \u00eero derbar\u00ea \u00e7ekdan\u00een\u00ea peyamek\u00ea ragih\u00eene"},"content":{"rendered":"<h3 style=\"text-align: justify\"><span style=\"font-family: 'arial black', sans-serif\">\u015eanda \u00cemraliy\u00ea ya Dem Partiy\u00ea \u00eero ji bo hevd\u00eetina bi r\u00eaber\u00ea z\u00eendan kir\u00ee y\u00ea PKK\u00ea Abdulla Ocalan ber bi girava \u00cemraliy\u00ea ve bi r\u00ea ketiye \u00fb t\u00ea \u00e7aver\u00ea kirin Ocalan peyam hebin.<\/span><\/h3>\n<h3 style=\"text-align: justify\"><span style=\"font-family: arial, helvetica, sans-serif\">\u015eanda \u00cemraliy\u00ea ya Partiya Demokras\u00ee \u00fb Wekheviy\u00ea ya Gelan (DEM Part\u00ee) ji parlamentera Wan\u00ea Perv\u00een B\u00fbldan, parlamenter\u00ea Rihay\u00ea M\u00eethat Sancar \u00fb par\u00eazer\u00ea Buroya Hiq\u00fbq\u00ea ya Sedsal\u00ea Fa\u00eek Ozgur Erol p\u00eak t\u00ea.<\/span><\/h3>\n<h3 style=\"text-align: justify\"><span style=\"font-family: arial, helvetica, sans-serif\">\u015eand ji bo karibe bi Ocalan re hevd\u00eetin\u00ea bike ber bi Girava \u00cemraliy\u00ea ve bi r\u00ea ket.<\/span><\/h3>\n<h3 style=\"text-align: justify\"><span style=\"font-family: arial, helvetica, sans-serif\">Hevd\u00eetina ku \u00eero p\u00eak were w\u00ea pi\u015ft\u00ee avab\u00fbna Kom\u00eesyona Demokras\u00ee, Xwi\u015fk-Birat\u00ee \u00fb Pi\u015ftevaniya M\u00eell\u00ee ya li Mecl\u00ees\u00ea bibe hevd\u00eetina destp\u00eak\u00ea.<\/span><\/h3>\n<h3 style=\"text-align: justify\"><span style=\"font-family: arial, helvetica, sans-serif\">Lewma t\u00ea payin ku Abdulla Ocalan t\u00eakildar\u00ee kar\u00ean kom\u00eesyon\u00ea \u00fb p\u00eavajoya \u00e7ekdan\u00een\u00ea peyam\u00ean gir\u00eeng bide.<\/span><\/h3>\n","protected":false},"excerpt":{"rendered":"<p>\u015eanda \u00cemraliy\u00ea ya Dem Partiy\u00ea \u00eero ji bo hevd\u00eetina bi r\u00eaber\u00ea z\u00eendan kir\u00ee y\u00ea PKK\u00ea Abdulla Ocalan ber bi girava \u00cemraliy\u00ea ve bi r\u00ea ketiye \u00fb t\u00ea \u00e7aver\u00ea kirin Ocalan peyam hebin. \u015eanda \u00cemraliy\u00ea ya Partiya Demokras\u00ee \u00fb Wekheviy\u00ea ya Gelan (DEM Part\u00ee) ji parlamentera Wan\u00ea Perv\u00een B\u00fbldan, parlamenter\u00ea Rihay\u00ea M\u00eethat Sancar \u00fb par\u00eazer\u00ea Buroya [&hellip;]<\/p>\n","protected":false},"author":2,"featured_media":1049617,"comment_status":"closed","ping_status":"closed","sticky":false,"template":"","format":"standard","meta":{"footnotes":""},"categories":[29],"tags":[37],"class_list":["post-1049616","post","type-post","status-publish","format-standard","has-post-thumbnail","hentry","category-kurdistan","tag-sereke"],"blocksy_meta":[],"seo_head":"<!-- This site is optimized with the Yoast SEO plugin v27.5 - https:\/\/yoast.com\/product\/yoast-seo-wordpress\/ -->\n<title>Ocalan d\u00ea \u00eero derbar\u00ea \u00e7ekdan\u00een\u00ea peyamek\u00ea ragih\u00eene - Darka Maz\u00ee<\/title>\n<meta name=\"robots\" content=\"index, follow, max-snippet:-1, max-image-preview:large, max-video-preview:-1\" \/>\n<link rel=\"canonical\" href=\"https:\/\/darkamazi.info\/archives\/1049616\" \/>\n<meta property=\"og:locale\" content=\"en_US\" \/>\n<meta property=\"og:type\" content=\"article\" \/>\n<meta property=\"og:title\" content=\"Ocalan d\u00ea \u00eero derbar\u00ea \u00e7ekdan\u00een\u00ea peyamek\u00ea ragih\u00eene - Darka Maz\u00ee\" \/>\n<meta property=\"og:description\" content=\"\u015eanda \u00cemraliy\u00ea ya Dem Partiy\u00ea \u00eero ji bo hevd\u00eetina bi r\u00eaber\u00ea z\u00eendan kir\u00ee y\u00ea PKK\u00ea Abdulla Ocalan ber bi girava \u00cemraliy\u00ea ve bi r\u00ea ketiye \u00fb t\u00ea \u00e7aver\u00ea kirin Ocalan peyam hebin. \u015eanda \u00cemraliy\u00ea ya Partiya Demokras\u00ee \u00fb Wekheviy\u00ea ya Gelan (DEM Part\u00ee) ji parlamentera Wan\u00ea Perv\u00een B\u00fbldan, parlamenter\u00ea Rihay\u00ea M\u00eethat Sancar \u00fb par\u00eazer\u00ea Buroya [&hellip;]\" \/>\n<meta property=\"og:url\" content=\"https:\/\/darkamazi.info\/archives\/1049616\" \/>\n<meta property=\"og:site_name\" content=\"Darka Maz\u00ee\" \/>\n<meta property=\"article:publisher\" content=\"https:\/\/www.facebook.com\/DarMaziKurmanci\" \/>\n<meta property=\"article:published_time\" content=\"2025-08-28T08:30:21+00:00\" \/>\n<meta property=\"og:image\" content=\"https:\/\/darkamazi.info\/file\/2025\/08\/Imrali-Dem-parti-info.jpg\" \/>\n\t<meta property=\"og:image:width\" content=\"900\" \/>\n\t<meta property=\"og:image:height\" content=\"500\" \/>\n\t<meta property=\"og:image:type\" content=\"image\/jpeg\" \/>\n<meta name=\"author\" content=\"darka mazi\" \/>\n<meta name=\"twitter:card\" content=\"summary_large_image\" \/>\n<meta name=\"twitter:creator\" content=\"@DarkaMaziLatini\" \/>\n<meta name=\"twitter:site\" content=\"@DarkaMaziLatini\" \/>\n<meta name=\"twitter:label1\" content=\"Written by\" \/>\n\t<meta name=\"twitter:data1\" content=\"darka mazi\" \/>\n\t<meta name=\"twitter:label2\" content=\"Est. reading time\" \/>\n\t<meta name=\"twitter:data2\" content=\"1 minute\" \/>\n<script type=\"application\/ld+json\" class=\"seo-schema-graph\">{\"@context\":\"https:\\\/\\\/schema.org\",\"@graph\":[{\"@type\":\"Article\",\"@id\":\"https:\\\/\\\/darkamazi.info\\\/archives\\\/1049616#article\",\"isPartOf\":{\"@id\":\"https:\\\/\\\/darkamazi.info\\\/archives\\\/1049616\"},\"author\":{\"name\":\"darka mazi\",\"@id\":\"https:\\\/\\\/darkamazi.info\\\/#\\\/schema\\\/person\\\/5ad3e24553a0567993fa8ed4bd0a776c\"},\"headline\":\"Ocalan d\u00ea \u00eero derbar\u00ea \u00e7ekdan\u00een\u00ea peyamek\u00ea ragih\u00eene\",\"datePublished\":\"2025-08-28T08:30:21+00:00\",\"mainEntityOfPage\":{\"@id\":\"https:\\\/\\\/darkamazi.info\\\/archives\\\/1049616\"},\"wordCount\":148,\"publisher\":{\"@id\":\"https:\\\/\\\/darkamazi.info\\\/#organization\"},\"image\":{\"@id\":\"https:\\\/\\\/darkamazi.info\\\/archives\\\/1049616#primaryimage\"},\"thumbnailUrl\":\"https:\\\/\\\/darkamazi.info\\\/darka-content\\\/uploads\\\/2025\\\/08\\\/Imrali-Dem-parti-info.jpg\",\"keywords\":[\"sereke\"],\"articleSection\":[\"Kurdistan\"],\"inLanguage\":\"en-US\"},{\"@type\":\"WebPage\",\"@id\":\"https:\\\/\\\/darkamazi.info\\\/archives\\\/1049616\",\"url\":\"https:\\\/\\\/darkamazi.info\\\/archives\\\/1049616\",\"name\":\"Ocalan d\u00ea \u00eero derbar\u00ea \u00e7ekdan\u00een\u00ea peyamek\u00ea ragih\u00eene - Darka Maz\u00ee\",\"isPartOf\":{\"@id\":\"https:\\\/\\\/darkamazi.info\\\/#website\"},\"primaryImageOfPage\":{\"@id\":\"https:\\\/\\\/darkamazi.info\\\/archives\\\/1049616#primaryimage\"},\"image\":{\"@id\":\"https:\\\/\\\/darkamazi.info\\\/archives\\\/1049616#primaryimage\"},\"thumbnailUrl\":\"https:\\\/\\\/darkamazi.info\\\/darka-content\\\/uploads\\\/2025\\\/08\\\/Imrali-Dem-parti-info.jpg\",\"datePublished\":\"2025-08-28T08:30:21+00:00\",\"breadcrumb\":{\"@id\":\"https:\\\/\\\/darkamazi.info\\\/archives\\\/1049616#breadcrumb\"},\"inLanguage\":\"en-US\",\"potentialAction\":[{\"@type\":\"ReadAction\",\"target\":[\"https:\\\/\\\/darkamazi.info\\\/archives\\\/1049616\"]}]},{\"@type\":\"ImageObject\",\"inLanguage\":\"en-US\",\"@id\":\"https:\\\/\\\/darkamazi.info\\\/archives\\\/1049616#primaryimage\",\"url\":\"https:\\\/\\\/darkamazi.info\\\/darka-content\\\/uploads\\\/2025\\\/08\\\/Imrali-Dem-parti-info.jpg\",\"contentUrl\":\"https:\\\/\\\/darkamazi.info\\\/darka-content\\\/uploads\\\/2025\\\/08\\\/Imrali-Dem-parti-info.jpg\",\"width\":900,\"height\":500,\"caption\":\"Imrali-Dem-parti-net\"},{\"@type\":\"BreadcrumbList\",\"@id\":\"https:\\\/\\\/darkamazi.info\\\/archives\\\/1049616#breadcrumb\",\"itemListElement\":[{\"@type\":\"ListItem\",\"position\":1,\"name\":\"Home\",\"item\":\"https:\\\/\\\/darkamazi.info\\\/\"},{\"@type\":\"ListItem\",\"position\":2,\"name\":\"Ocalan d\u00ea \u00eero derbar\u00ea \u00e7ekdan\u00een\u00ea peyamek\u00ea ragih\u00eene\"}]},{\"@type\":\"WebSite\",\"@id\":\"https:\\\/\\\/darkamazi.info\\\/#website\",\"url\":\"https:\\\/\\\/darkamazi.info\\\/\",\"name\":\"Darka Maz\u00ee\",\"description\":\"P\u00eageha Zanyariy\u00ean Nebih\u00eest\u00ee\",\"publisher\":{\"@id\":\"https:\\\/\\\/darkamazi.info\\\/#organization\"},\"potentialAction\":[{\"@type\":\"SearchAction\",\"target\":{\"@type\":\"EntryPoint\",\"urlTemplate\":\"https:\\\/\\\/darkamazi.info\\\/?s={search_term_string}\"},\"query-input\":{\"@type\":\"PropertyValueSpecification\",\"valueRequired\":true,\"valueName\":\"search_term_string\"}}],\"inLanguage\":\"en-US\"},{\"@type\":\"Organization\",\"@id\":\"https:\\\/\\\/darkamazi.info\\\/#organization\",\"name\":\"Darka Maz\u00ee\",\"url\":\"https:\\\/\\\/darkamazi.info\\\/\",\"logo\":{\"@type\":\"ImageObject\",\"inLanguage\":\"en-US\",\"@id\":\"https:\\\/\\\/darkamazi.info\\\/#\\\/schema\\\/logo\\\/image\\\/\",\"url\":\"https:\\\/\\\/darkamazi.info\\\/darka-content\\\/uploads\\\/2017\\\/12\\\/darka-mazi-logo.png\",\"contentUrl\":\"https:\\\/\\\/darkamazi.info\\\/darka-content\\\/uploads\\\/2017\\\/12\\\/darka-mazi-logo.png\",\"width\":151,\"height\":75,\"caption\":\"Darka Maz\u00ee\"},\"image\":{\"@id\":\"https:\\\/\\\/darkamazi.info\\\/#\\\/schema\\\/logo\\\/image\\\/\"},\"sameAs\":[\"https:\\\/\\\/www.facebook.com\\\/DarMaziKurmanci\",\"https:\\\/\\\/x.com\\\/DarkaMaziLatini\",\"https:\\\/\\\/www.instagram.com\\\/darkamazi.kurmanci\\\/\",\"https:\\\/\\\/www.youtube.com\\\/channel\\\/UCa5HkTdmI8U1qCUFuTw8B2g\"]},{\"@type\":\"Person\",\"@id\":\"https:\\\/\\\/darkamazi.info\\\/#\\\/schema\\\/person\\\/5ad3e24553a0567993fa8ed4bd0a776c\",\"name\":\"darka mazi\",\"sameAs\":[\"https:\\\/\\\/darkamazi.info\\\/\"],\"url\":\"https:\\\/\\\/darkamazi.info\\\/archives\\\/author\\\/kurdi\"}]}<\/script>\n<!-- \/ Yoast SEO plugin. -->","seo_head_json":{"title":"Ocalan d\u00ea \u00eero derbar\u00ea \u00e7ekdan\u00een\u00ea peyamek\u00ea ragih\u00eene - Darka Maz\u00ee","robots":{"index":"index","follow":"follow","max-snippet":"max-snippet:-1","max-image-preview":"max-image-preview:large","max-video-preview":"max-video-preview:-1"},"canonical":"https:\/\/darkamazi.info\/archives\/1049616","og_locale":"en_US","og_type":"article","og_title":"Ocalan d\u00ea \u00eero derbar\u00ea \u00e7ekdan\u00een\u00ea peyamek\u00ea ragih\u00eene - Darka Maz\u00ee","og_description":"\u015eanda \u00cemraliy\u00ea ya Dem Partiy\u00ea \u00eero ji bo hevd\u00eetina bi r\u00eaber\u00ea z\u00eendan kir\u00ee y\u00ea PKK\u00ea Abdulla Ocalan ber bi girava \u00cemraliy\u00ea ve bi r\u00ea ketiye \u00fb t\u00ea \u00e7aver\u00ea kirin Ocalan peyam hebin. \u015eanda \u00cemraliy\u00ea ya Partiya Demokras\u00ee \u00fb Wekheviy\u00ea ya Gelan (DEM Part\u00ee) ji parlamentera Wan\u00ea Perv\u00een B\u00fbldan, parlamenter\u00ea Rihay\u00ea M\u00eethat Sancar \u00fb par\u00eazer\u00ea Buroya [&hellip;]","og_url":"https:\/\/darkamazi.info\/archives\/1049616","og_site_name":"Darka Maz\u00ee","article_publisher":"https:\/\/www.facebook.com\/DarMaziKurmanci","article_published_time":"2025-08-28T08:30:21+00:00","og_image":[{"width":900,"height":500,"url":"https:\/\/darkamazi.info\/file\/2025\/08\/Imrali-Dem-parti-info.jpg","type":"image\/jpeg"}],"author":"darka mazi","twitter_card":"summary_large_image","twitter_creator":"@DarkaMaziLatini","twitter_site":"@DarkaMaziLatini","twitter_misc":{"Written by":"darka mazi","Est. reading time":"1 minute"},"schema":{"@context":"https:\/\/schema.org","@graph":[{"@type":"Article","@id":"https:\/\/darkamazi.info\/archives\/1049616#article","isPartOf":{"@id":"https:\/\/darkamazi.info\/archives\/1049616"},"author":{"name":"darka mazi","@id":"https:\/\/darkamazi.info\/#\/schema\/person\/5ad3e24553a0567993fa8ed4bd0a776c"},"headline":"Ocalan d\u00ea \u00eero derbar\u00ea \u00e7ekdan\u00een\u00ea peyamek\u00ea ragih\u00eene","datePublished":"2025-08-28T08:30:21+00:00","mainEntityOfPage":{"@id":"https:\/\/darkamazi.info\/archives\/1049616"},"wordCount":148,"publisher":{"@id":"https:\/\/darkamazi.info\/#organization"},"image":{"@id":"https:\/\/darkamazi.info\/archives\/1049616#primaryimage"},"thumbnailUrl":"https:\/\/darkamazi.info\/file\/2025\/08\/Imrali-Dem-parti-info.jpg","keywords":["sereke"],"articleSection":["Kurdistan"],"inLanguage":"en-US"},{"@type":"WebPage","@id":"https:\/\/darkamazi.info\/archives\/1049616","url":"https:\/\/darkamazi.info\/archives\/1049616","name":"Ocalan d\u00ea \u00eero derbar\u00ea \u00e7ekdan\u00een\u00ea peyamek\u00ea ragih\u00eene - Darka Maz\u00ee","isPartOf":{"@id":"https:\/\/darkamazi.info\/#website"},"primaryImageOfPage":{"@id":"https:\/\/darkamazi.info\/archives\/1049616#primaryimage"},"image":{"@id":"https:\/\/darkamazi.info\/archives\/1049616#primaryimage"},"thumbnailUrl":"https:\/\/darkamazi.info\/file\/2025\/08\/Imrali-Dem-parti-info.jpg","datePublished":"2025-08-28T08:30:21+00:00","breadcrumb":{"@id":"https:\/\/darkamazi.info\/archives\/1049616#breadcrumb"},"inLanguage":"en-US","potentialAction":[{"@type":"ReadAction","target":["https:\/\/darkamazi.info\/archives\/1049616"]}]},{"@type":"ImageObject","inLanguage":"en-US","@id":"https:\/\/darkamazi.info\/archives\/1049616#primaryimage","url":"https:\/\/darkamazi.info\/file\/2025\/08\/Imrali-Dem-parti-info.jpg","contentUrl":"https:\/\/darkamazi.info\/file\/2025\/08\/Imrali-Dem-parti-info.jpg","width":900,"height":500,"caption":"Imrali-Dem-parti-net"},{"@type":"BreadcrumbList","@id":"https:\/\/darkamazi.info\/archives\/1049616#breadcrumb","itemListElement":[{"@type":"ListItem","position":1,"name":"Home","item":"https:\/\/darkamazi.info\/"},{"@type":"ListItem","position":2,"name":"Ocalan d\u00ea \u00eero derbar\u00ea \u00e7ekdan\u00een\u00ea peyamek\u00ea ragih\u00eene"}]},{"@type":"WebSite","@id":"https:\/\/darkamazi.info\/#website","url":"https:\/\/darkamazi.info\/","name":"Darka Maz\u00ee","description":"P\u00eageha Zanyariy\u00ean Nebih\u00eest\u00ee","publisher":{"@id":"https:\/\/darkamazi.info\/#organization"},"potentialAction":[{"@type":"SearchAction","target":{"@type":"EntryPoint","urlTemplate":"https:\/\/darkamazi.info\/?s={search_term_string}"},"query-input":{"@type":"PropertyValueSpecification","valueRequired":true,"valueName":"search_term_string"}}],"inLanguage":"en-US"},{"@type":"Organization","@id":"https:\/\/darkamazi.info\/#organization","name":"Darka Maz\u00ee","url":"https:\/\/darkamazi.info\/","logo":{"@type":"ImageObject","inLanguage":"en-US","@id":"https:\/\/darkamazi.info\/#\/schema\/logo\/image\/","url":"https:\/\/darkamazi.info\/file\/2017\/12\/darka-mazi-logo.png","contentUrl":"https:\/\/darkamazi.info\/file\/2017\/12\/darka-mazi-logo.png","width":151,"height":75,"caption":"Darka Maz\u00ee"},"image":{"@id":"https:\/\/darkamazi.info\/#\/schema\/logo\/image\/"},"sameAs":["https:\/\/www.facebook.com\/DarMaziKurmanci","https:\/\/x.com\/DarkaMaziLatini","https:\/\/www.instagram.com\/darkamazi.kurmanci\/","https:\/\/www.youtube.com\/channel\/UCa5HkTdmI8U1qCUFuTw8B2g"]},{"@type":"Person","@id":"https:\/\/darkamazi.info\/#\/schema\/person\/5ad3e24553a0567993fa8ed4bd0a776c","name":"darka mazi","sameAs":["https:\/\/darkamazi.info\/"],"url":"https:\/\/darkamazi.info\/archives\/author\/kurdi"}]}},"_links":{"self":[{"href":"https:\/\/darkamazi.info\/funavuv\/wp\/v2\/posts\/1049616","targetHints":{"allow":["GET"]}}],"collection":[{"href":"https:\/\/darkamazi.info\/funavuv\/wp\/v2\/posts"}],"about":[{"href":"https:\/\/darkamazi.info\/funavuv\/wp\/v2\/types\/post"}],"author":[{"embeddable":true,"href":"https:\/\/darkamazi.info\/funavuv\/wp\/v2\/users\/2"}],"replies":[{"embeddable":true,"href":"https:\/\/darkamazi.info\/funavuv\/wp\/v2\/comments?post=1049616"}],"version-history":[{"count":0,"href":"https:\/\/darkamazi.info\/funavuv\/wp\/v2\/posts\/1049616\/revisions"}],"wp:featuredmedia":[{"embeddable":true,"href":"https:\/\/darkamazi.info\/funavuv\/wp\/v2\/media\/1049617"}],"wp:attachment":[{"href":"https:\/\/darkamazi.info\/funavuv\/wp\/v2\/media?parent=1049616"}],"wp:term":[{"taxonomy":"category","embeddable":true,"href":"https:\/\/darkamazi.info\/funavuv\/wp\/v2\/categories?post=1049616"},{"taxonomy":"post_tag","embeddable":true,"href":"https:\/\/darkamazi.info\/funavuv\/wp\/v2\/tags?post=1049616"}],"curies":[{"name":"wp","href":"https:\/\/api.w.org\/{rel}","templated":true}]}}