{"id":1049622,"date":"2025-08-28T14:01:49","date_gmt":"2025-08-28T11:01:49","guid":{"rendered":"https:\/\/darkamazi.info\/?p=1049622"},"modified":"2025-08-28T14:01:49","modified_gmt":"2025-08-28T11:01:49","slug":"pevajoya-astiye-ya-tirkiyeye-reyen-15-gunden-amediye-vekirin","status":"publish","type":"post","link":"https:\/\/darkamazi.info\/archives\/1049622","title":{"rendered":"P\u00eavajoya a\u015ftiy\u00ea ya Tirkiyey\u00ea r\u00eay\u00ean 15 gund\u00ean Am\u00eadiy\u00ea vekirin"},"content":{"rendered":"<h3 style=\"text-align: justify\"><span style=\"font-family: 'arial black', sans-serif\">Li devera binar\u00ea \u00c7iyay\u00ea Gar\u00ea, di s\u00eenor\u00ea qezaya Am\u00eadiy\u00ea de, 15 gund\u00ean ku ji ber \u015fer\u00ea di navbera Art\u00ea\u015fa Tirkiyey\u00ea \u00fb PKK\u00ea de hatib\u00fbn girtin, niha r\u00eay\u00ean wan veb\u00fbne. Pi\u015ft\u00ee rawestandina \u015fer, cotkar \u00fb ni\u015ftecih\u00ean gundan bi v\u00ea p\u00ea\u015fketin\u00ea gelek\u00ee k\u00eafxwe\u015f in \u00fb h\u00eaviya jiyaneke aram \u00fb zind\u00ee ji n\u00fb ve \u015f\u00een b\u00fbye.<\/span><\/h3>\n<h3 style=\"text-align: justify\"><span style=\"font-family: arial, helvetica, sans-serif\">P\u00ea\u015ftir, ji ber \u015fer \u00fb pev\u00e7\u00fbnan, cotkaran ten\u00ea \u00e7end saetan dikarib\u00fbn bi\u00e7in bax \u00fb zeviy\u00ean xwe da ku kar\u00ean \u00e7andin\u00ee an \u00e7in\u00eena berhem\u00ean xwe bikin \u00fb bigih\u00eenin bazaran. L\u00ea \u00eesal, p\u00eavajoya a\u015ftiy\u00ea ya li Tirkiyey\u00ea, bandoreke er\u00ean\u00ee li ser rew\u015fa cotkar \u00fb ni\u015ftecih\u00ean gundan, herwiha li ser berhem\u00ean \u00e7andiniy\u00ea y\u00ean dever\u00ea kiriye.<\/span><\/h3>\n<h3 style=\"text-align: justify\"><span style=\"font-family: arial, helvetica, sans-serif\">Di nava hefteyek\u00ea de, hejmareke mezin ji xelk\u00ean wan 15 gund\u00ean binara \u00c7iyay\u00ea Gar\u00ea vegeriyane ser mal \u00fb zeviy\u00ean xwe y\u00ean \u00e7andiniy\u00ea.<\/span><\/h3>\n<h3 style=\"text-align: justify\"><span style=\"font-family: arial, helvetica, sans-serif\"><a href=\"https:\/\/www.kurdistan24.net\/kmr\/story\/860415\/p%C3%AAvajoya-a%C5%9Ftiy%C3%AA-ya-tirkiyey%C3%AA-r%C3%AAy%C3%AAn-15-gund%C3%AAn-amediy%C3%AA-vekirin\" target=\"_blank\"><span style=\"font-family: 'arial black', sans-serif;color: #3366ff\">Peyamn\u00ear\u00ea K24<\/span><\/a> da zan\u00een, simaq, berhema her\u00ee berbelav a \u00e7andiniy\u00ea ya dever\u00ea ye. Li gor\u00ee amar\u00ean R\u00eaveberiya \u00c7andiniy\u00ea ya Dihok\u00ea, dahata berhema simaq\u00ea ya dever\u00ea digih\u00eeje 500 milyon d\u00eenar\u00ee.<\/span><\/h3>\n<h3 style=\"text-align: justify\"><span style=\"font-family: arial, helvetica, sans-serif\">Welatiyek\u00ee gund\u00ea D\u00eare\u015f\u00ea, ku ji ber \u00ear\u00ee\u015f\u00ean firoke \u00fb top\u00ean Tirkiyey\u00ea gelek ziyan gih\u00ee\u015ftib\u00fb mal \u00fb zeviy\u00ean wan, ji K24 re got: &#8220;Ev hefteyek e xelk\u00ea gund vedigerin ser mal\u00ean xwe. Dever aram b\u00fbye.&#8221; W\u00ee an\u00ee ziman j\u00ee, her 15 gund xwed\u00ee berhem\u00ean simaq, g\u00fbz \u00fb tir\u00ee ne.\u00a0<\/span><\/h3>\n<h3 style=\"text-align: justify\"><span style=\"font-family: arial, helvetica, sans-serif\">Herwiha w\u00ee got: &#8220;Em k\u00eafxwe\u015f in ku niha em b\u00ea tirs dikarin bi\u00e7in nav bax\u00ean xwe \u00fb kar\u00ean \u00e7andiniy\u00ea bikin.&#8221;<\/span><\/h3>\n<h3 style=\"text-align: justify\"><span style=\"font-family: arial, helvetica, sans-serif\">W\u00ee welat\u00ee her wiha destn\u00ee\u015fan kir, ji ber topbaran \u00fb \u00ear\u00ee\u015f\u00ean firokey\u00ean Tirkiyey\u00ea, gelek ziyan gih\u00ee\u015ftiye wan gundan \u00fb got: &#8220;Mala me j\u00ee hatib\u00fb bombebarankirin, l\u00ea em nemirin. Ev 20 roj in top \u00fb firoke me bombebaran nakin \u00fb em b\u00eahna xwe vedidin.&#8221;<\/span><\/h3>\n","protected":false},"excerpt":{"rendered":"<p>Li devera binar\u00ea \u00c7iyay\u00ea Gar\u00ea, di s\u00eenor\u00ea qezaya Am\u00eadiy\u00ea de, 15 gund\u00ean ku ji ber \u015fer\u00ea di navbera Art\u00ea\u015fa Tirkiyey\u00ea \u00fb PKK\u00ea de hatib\u00fbn girtin, niha r\u00eay\u00ean wan veb\u00fbne. Pi\u015ft\u00ee rawestandina \u015fer, cotkar \u00fb ni\u015ftecih\u00ean gundan bi v\u00ea p\u00ea\u015fketin\u00ea gelek\u00ee k\u00eafxwe\u015f in \u00fb h\u00eaviya jiyaneke aram \u00fb zind\u00ee ji n\u00fb ve \u015f\u00een b\u00fbye. P\u00ea\u015ftir, ji [&hellip;]<\/p>\n","protected":false},"author":2,"featured_media":1049623,"comment_status":"closed","ping_status":"closed","sticky":false,"template":"","format":"standard","meta":{"footnotes":""},"categories":[29],"tags":[37],"class_list":["post-1049622","post","type-post","status-publish","format-standard","has-post-thumbnail","hentry","category-kurdistan","tag-sereke"],"blocksy_meta":[],"seo_head":"<!-- This site is optimized with the Yoast SEO plugin v27.5 - https:\/\/yoast.com\/product\/yoast-seo-wordpress\/ -->\n<title>P\u00eavajoya a\u015ftiy\u00ea ya Tirkiyey\u00ea r\u00eay\u00ean 15 gund\u00ean Am\u00eadiy\u00ea vekirin - Darka Maz\u00ee<\/title>\n<meta name=\"robots\" content=\"index, follow, max-snippet:-1, max-image-preview:large, max-video-preview:-1\" \/>\n<link rel=\"canonical\" href=\"https:\/\/darkamazi.info\/archives\/1049622\" \/>\n<meta property=\"og:locale\" content=\"en_US\" \/>\n<meta property=\"og:type\" content=\"article\" \/>\n<meta property=\"og:title\" content=\"P\u00eavajoya a\u015ftiy\u00ea ya Tirkiyey\u00ea r\u00eay\u00ean 15 gund\u00ean Am\u00eadiy\u00ea vekirin - Darka Maz\u00ee\" \/>\n<meta property=\"og:description\" content=\"Li devera binar\u00ea \u00c7iyay\u00ea Gar\u00ea, di s\u00eenor\u00ea qezaya Am\u00eadiy\u00ea de, 15 gund\u00ean ku ji ber \u015fer\u00ea di navbera Art\u00ea\u015fa Tirkiyey\u00ea \u00fb PKK\u00ea de hatib\u00fbn girtin, niha r\u00eay\u00ean wan veb\u00fbne. Pi\u015ft\u00ee rawestandina \u015fer, cotkar \u00fb ni\u015ftecih\u00ean gundan bi v\u00ea p\u00ea\u015fketin\u00ea gelek\u00ee k\u00eafxwe\u015f in \u00fb h\u00eaviya jiyaneke aram \u00fb zind\u00ee ji n\u00fb ve \u015f\u00een b\u00fbye. P\u00ea\u015ftir, ji [&hellip;]\" \/>\n<meta property=\"og:url\" content=\"https:\/\/darkamazi.info\/archives\/1049622\" \/>\n<meta property=\"og:site_name\" content=\"Darka Maz\u00ee\" \/>\n<meta property=\"article:publisher\" content=\"https:\/\/www.facebook.com\/DarMaziKurmanci\" \/>\n<meta property=\"article:published_time\" content=\"2025-08-28T11:01:49+00:00\" \/>\n<meta property=\"og:image\" content=\"https:\/\/darkamazi.info\/file\/2025\/08\/Amedi-pkk-pevajo-Info.jpg\" \/>\n\t<meta property=\"og:image:width\" content=\"900\" \/>\n\t<meta property=\"og:image:height\" content=\"500\" \/>\n\t<meta property=\"og:image:type\" content=\"image\/jpeg\" \/>\n<meta name=\"author\" content=\"darka mazi\" \/>\n<meta name=\"twitter:card\" content=\"summary_large_image\" \/>\n<meta name=\"twitter:creator\" content=\"@DarkaMaziLatini\" \/>\n<meta name=\"twitter:site\" content=\"@DarkaMaziLatini\" \/>\n<meta name=\"twitter:label1\" content=\"Written by\" \/>\n\t<meta name=\"twitter:data1\" content=\"darka mazi\" \/>\n\t<meta name=\"twitter:label2\" content=\"Est. reading time\" \/>\n\t<meta name=\"twitter:data2\" content=\"2 minutes\" \/>\n<script type=\"application\/ld+json\" class=\"seo-schema-graph\">{\"@context\":\"https:\\\/\\\/schema.org\",\"@graph\":[{\"@type\":\"Article\",\"@id\":\"https:\\\/\\\/darkamazi.info\\\/archives\\\/1049622#article\",\"isPartOf\":{\"@id\":\"https:\\\/\\\/darkamazi.info\\\/archives\\\/1049622\"},\"author\":{\"name\":\"darka mazi\",\"@id\":\"https:\\\/\\\/darkamazi.info\\\/#\\\/schema\\\/person\\\/5ad3e24553a0567993fa8ed4bd0a776c\"},\"headline\":\"P\u00eavajoya a\u015ftiy\u00ea ya Tirkiyey\u00ea r\u00eay\u00ean 15 gund\u00ean Am\u00eadiy\u00ea vekirin\",\"datePublished\":\"2025-08-28T11:01:49+00:00\",\"mainEntityOfPage\":{\"@id\":\"https:\\\/\\\/darkamazi.info\\\/archives\\\/1049622\"},\"wordCount\":319,\"publisher\":{\"@id\":\"https:\\\/\\\/darkamazi.info\\\/#organization\"},\"image\":{\"@id\":\"https:\\\/\\\/darkamazi.info\\\/archives\\\/1049622#primaryimage\"},\"thumbnailUrl\":\"https:\\\/\\\/darkamazi.info\\\/darka-content\\\/uploads\\\/2025\\\/08\\\/Amedi-pkk-pevajo-Info.jpg\",\"keywords\":[\"sereke\"],\"articleSection\":[\"Kurdistan\"],\"inLanguage\":\"en-US\"},{\"@type\":\"WebPage\",\"@id\":\"https:\\\/\\\/darkamazi.info\\\/archives\\\/1049622\",\"url\":\"https:\\\/\\\/darkamazi.info\\\/archives\\\/1049622\",\"name\":\"P\u00eavajoya a\u015ftiy\u00ea ya Tirkiyey\u00ea r\u00eay\u00ean 15 gund\u00ean Am\u00eadiy\u00ea vekirin - Darka Maz\u00ee\",\"isPartOf\":{\"@id\":\"https:\\\/\\\/darkamazi.info\\\/#website\"},\"primaryImageOfPage\":{\"@id\":\"https:\\\/\\\/darkamazi.info\\\/archives\\\/1049622#primaryimage\"},\"image\":{\"@id\":\"https:\\\/\\\/darkamazi.info\\\/archives\\\/1049622#primaryimage\"},\"thumbnailUrl\":\"https:\\\/\\\/darkamazi.info\\\/darka-content\\\/uploads\\\/2025\\\/08\\\/Amedi-pkk-pevajo-Info.jpg\",\"datePublished\":\"2025-08-28T11:01:49+00:00\",\"breadcrumb\":{\"@id\":\"https:\\\/\\\/darkamazi.info\\\/archives\\\/1049622#breadcrumb\"},\"inLanguage\":\"en-US\",\"potentialAction\":[{\"@type\":\"ReadAction\",\"target\":[\"https:\\\/\\\/darkamazi.info\\\/archives\\\/1049622\"]}]},{\"@type\":\"ImageObject\",\"inLanguage\":\"en-US\",\"@id\":\"https:\\\/\\\/darkamazi.info\\\/archives\\\/1049622#primaryimage\",\"url\":\"https:\\\/\\\/darkamazi.info\\\/darka-content\\\/uploads\\\/2025\\\/08\\\/Amedi-pkk-pevajo-Info.jpg\",\"contentUrl\":\"https:\\\/\\\/darkamazi.info\\\/darka-content\\\/uploads\\\/2025\\\/08\\\/Amedi-pkk-pevajo-Info.jpg\",\"width\":900,\"height\":500,\"caption\":\"Amedi-pkk-pevajo-Info\"},{\"@type\":\"BreadcrumbList\",\"@id\":\"https:\\\/\\\/darkamazi.info\\\/archives\\\/1049622#breadcrumb\",\"itemListElement\":[{\"@type\":\"ListItem\",\"position\":1,\"name\":\"Home\",\"item\":\"https:\\\/\\\/darkamazi.info\\\/\"},{\"@type\":\"ListItem\",\"position\":2,\"name\":\"P\u00eavajoya a\u015ftiy\u00ea ya Tirkiyey\u00ea r\u00eay\u00ean 15 gund\u00ean Am\u00eadiy\u00ea vekirin\"}]},{\"@type\":\"WebSite\",\"@id\":\"https:\\\/\\\/darkamazi.info\\\/#website\",\"url\":\"https:\\\/\\\/darkamazi.info\\\/\",\"name\":\"Darka Maz\u00ee\",\"description\":\"P\u00eageha Zanyariy\u00ean Nebih\u00eest\u00ee\",\"publisher\":{\"@id\":\"https:\\\/\\\/darkamazi.info\\\/#organization\"},\"potentialAction\":[{\"@type\":\"SearchAction\",\"target\":{\"@type\":\"EntryPoint\",\"urlTemplate\":\"https:\\\/\\\/darkamazi.info\\\/?s={search_term_string}\"},\"query-input\":{\"@type\":\"PropertyValueSpecification\",\"valueRequired\":true,\"valueName\":\"search_term_string\"}}],\"inLanguage\":\"en-US\"},{\"@type\":\"Organization\",\"@id\":\"https:\\\/\\\/darkamazi.info\\\/#organization\",\"name\":\"Darka Maz\u00ee\",\"url\":\"https:\\\/\\\/darkamazi.info\\\/\",\"logo\":{\"@type\":\"ImageObject\",\"inLanguage\":\"en-US\",\"@id\":\"https:\\\/\\\/darkamazi.info\\\/#\\\/schema\\\/logo\\\/image\\\/\",\"url\":\"https:\\\/\\\/darkamazi.info\\\/darka-content\\\/uploads\\\/2017\\\/12\\\/darka-mazi-logo.png\",\"contentUrl\":\"https:\\\/\\\/darkamazi.info\\\/darka-content\\\/uploads\\\/2017\\\/12\\\/darka-mazi-logo.png\",\"width\":151,\"height\":75,\"caption\":\"Darka Maz\u00ee\"},\"image\":{\"@id\":\"https:\\\/\\\/darkamazi.info\\\/#\\\/schema\\\/logo\\\/image\\\/\"},\"sameAs\":[\"https:\\\/\\\/www.facebook.com\\\/DarMaziKurmanci\",\"https:\\\/\\\/x.com\\\/DarkaMaziLatini\",\"https:\\\/\\\/www.instagram.com\\\/darkamazi.kurmanci\\\/\",\"https:\\\/\\\/www.youtube.com\\\/channel\\\/UCa5HkTdmI8U1qCUFuTw8B2g\"]},{\"@type\":\"Person\",\"@id\":\"https:\\\/\\\/darkamazi.info\\\/#\\\/schema\\\/person\\\/5ad3e24553a0567993fa8ed4bd0a776c\",\"name\":\"darka mazi\",\"sameAs\":[\"https:\\\/\\\/darkamazi.info\\\/\"],\"url\":\"https:\\\/\\\/darkamazi.info\\\/archives\\\/author\\\/kurdi\"}]}<\/script>\n<!-- \/ Yoast SEO plugin. -->","seo_head_json":{"title":"P\u00eavajoya a\u015ftiy\u00ea ya Tirkiyey\u00ea r\u00eay\u00ean 15 gund\u00ean Am\u00eadiy\u00ea vekirin - Darka Maz\u00ee","robots":{"index":"index","follow":"follow","max-snippet":"max-snippet:-1","max-image-preview":"max-image-preview:large","max-video-preview":"max-video-preview:-1"},"canonical":"https:\/\/darkamazi.info\/archives\/1049622","og_locale":"en_US","og_type":"article","og_title":"P\u00eavajoya a\u015ftiy\u00ea ya Tirkiyey\u00ea r\u00eay\u00ean 15 gund\u00ean Am\u00eadiy\u00ea vekirin - Darka Maz\u00ee","og_description":"Li devera binar\u00ea \u00c7iyay\u00ea Gar\u00ea, di s\u00eenor\u00ea qezaya Am\u00eadiy\u00ea de, 15 gund\u00ean ku ji ber \u015fer\u00ea di navbera Art\u00ea\u015fa Tirkiyey\u00ea \u00fb PKK\u00ea de hatib\u00fbn girtin, niha r\u00eay\u00ean wan veb\u00fbne. Pi\u015ft\u00ee rawestandina \u015fer, cotkar \u00fb ni\u015ftecih\u00ean gundan bi v\u00ea p\u00ea\u015fketin\u00ea gelek\u00ee k\u00eafxwe\u015f in \u00fb h\u00eaviya jiyaneke aram \u00fb zind\u00ee ji n\u00fb ve \u015f\u00een b\u00fbye. P\u00ea\u015ftir, ji [&hellip;]","og_url":"https:\/\/darkamazi.info\/archives\/1049622","og_site_name":"Darka Maz\u00ee","article_publisher":"https:\/\/www.facebook.com\/DarMaziKurmanci","article_published_time":"2025-08-28T11:01:49+00:00","og_image":[{"width":900,"height":500,"url":"https:\/\/darkamazi.info\/file\/2025\/08\/Amedi-pkk-pevajo-Info.jpg","type":"image\/jpeg"}],"author":"darka mazi","twitter_card":"summary_large_image","twitter_creator":"@DarkaMaziLatini","twitter_site":"@DarkaMaziLatini","twitter_misc":{"Written by":"darka mazi","Est. reading time":"2 minutes"},"schema":{"@context":"https:\/\/schema.org","@graph":[{"@type":"Article","@id":"https:\/\/darkamazi.info\/archives\/1049622#article","isPartOf":{"@id":"https:\/\/darkamazi.info\/archives\/1049622"},"author":{"name":"darka mazi","@id":"https:\/\/darkamazi.info\/#\/schema\/person\/5ad3e24553a0567993fa8ed4bd0a776c"},"headline":"P\u00eavajoya a\u015ftiy\u00ea ya Tirkiyey\u00ea r\u00eay\u00ean 15 gund\u00ean Am\u00eadiy\u00ea vekirin","datePublished":"2025-08-28T11:01:49+00:00","mainEntityOfPage":{"@id":"https:\/\/darkamazi.info\/archives\/1049622"},"wordCount":319,"publisher":{"@id":"https:\/\/darkamazi.info\/#organization"},"image":{"@id":"https:\/\/darkamazi.info\/archives\/1049622#primaryimage"},"thumbnailUrl":"https:\/\/darkamazi.info\/file\/2025\/08\/Amedi-pkk-pevajo-Info.jpg","keywords":["sereke"],"articleSection":["Kurdistan"],"inLanguage":"en-US"},{"@type":"WebPage","@id":"https:\/\/darkamazi.info\/archives\/1049622","url":"https:\/\/darkamazi.info\/archives\/1049622","name":"P\u00eavajoya a\u015ftiy\u00ea ya Tirkiyey\u00ea r\u00eay\u00ean 15 gund\u00ean Am\u00eadiy\u00ea vekirin - Darka Maz\u00ee","isPartOf":{"@id":"https:\/\/darkamazi.info\/#website"},"primaryImageOfPage":{"@id":"https:\/\/darkamazi.info\/archives\/1049622#primaryimage"},"image":{"@id":"https:\/\/darkamazi.info\/archives\/1049622#primaryimage"},"thumbnailUrl":"https:\/\/darkamazi.info\/file\/2025\/08\/Amedi-pkk-pevajo-Info.jpg","datePublished":"2025-08-28T11:01:49+00:00","breadcrumb":{"@id":"https:\/\/darkamazi.info\/archives\/1049622#breadcrumb"},"inLanguage":"en-US","potentialAction":[{"@type":"ReadAction","target":["https:\/\/darkamazi.info\/archives\/1049622"]}]},{"@type":"ImageObject","inLanguage":"en-US","@id":"https:\/\/darkamazi.info\/archives\/1049622#primaryimage","url":"https:\/\/darkamazi.info\/file\/2025\/08\/Amedi-pkk-pevajo-Info.jpg","contentUrl":"https:\/\/darkamazi.info\/file\/2025\/08\/Amedi-pkk-pevajo-Info.jpg","width":900,"height":500,"caption":"Amedi-pkk-pevajo-Info"},{"@type":"BreadcrumbList","@id":"https:\/\/darkamazi.info\/archives\/1049622#breadcrumb","itemListElement":[{"@type":"ListItem","position":1,"name":"Home","item":"https:\/\/darkamazi.info\/"},{"@type":"ListItem","position":2,"name":"P\u00eavajoya a\u015ftiy\u00ea ya Tirkiyey\u00ea r\u00eay\u00ean 15 gund\u00ean Am\u00eadiy\u00ea vekirin"}]},{"@type":"WebSite","@id":"https:\/\/darkamazi.info\/#website","url":"https:\/\/darkamazi.info\/","name":"Darka Maz\u00ee","description":"P\u00eageha Zanyariy\u00ean Nebih\u00eest\u00ee","publisher":{"@id":"https:\/\/darkamazi.info\/#organization"},"potentialAction":[{"@type":"SearchAction","target":{"@type":"EntryPoint","urlTemplate":"https:\/\/darkamazi.info\/?s={search_term_string}"},"query-input":{"@type":"PropertyValueSpecification","valueRequired":true,"valueName":"search_term_string"}}],"inLanguage":"en-US"},{"@type":"Organization","@id":"https:\/\/darkamazi.info\/#organization","name":"Darka Maz\u00ee","url":"https:\/\/darkamazi.info\/","logo":{"@type":"ImageObject","inLanguage":"en-US","@id":"https:\/\/darkamazi.info\/#\/schema\/logo\/image\/","url":"https:\/\/darkamazi.info\/file\/2017\/12\/darka-mazi-logo.png","contentUrl":"https:\/\/darkamazi.info\/file\/2017\/12\/darka-mazi-logo.png","width":151,"height":75,"caption":"Darka Maz\u00ee"},"image":{"@id":"https:\/\/darkamazi.info\/#\/schema\/logo\/image\/"},"sameAs":["https:\/\/www.facebook.com\/DarMaziKurmanci","https:\/\/x.com\/DarkaMaziLatini","https:\/\/www.instagram.com\/darkamazi.kurmanci\/","https:\/\/www.youtube.com\/channel\/UCa5HkTdmI8U1qCUFuTw8B2g"]},{"@type":"Person","@id":"https:\/\/darkamazi.info\/#\/schema\/person\/5ad3e24553a0567993fa8ed4bd0a776c","name":"darka mazi","sameAs":["https:\/\/darkamazi.info\/"],"url":"https:\/\/darkamazi.info\/archives\/author\/kurdi"}]}},"_links":{"self":[{"href":"https:\/\/darkamazi.info\/funavuv\/wp\/v2\/posts\/1049622","targetHints":{"allow":["GET"]}}],"collection":[{"href":"https:\/\/darkamazi.info\/funavuv\/wp\/v2\/posts"}],"about":[{"href":"https:\/\/darkamazi.info\/funavuv\/wp\/v2\/types\/post"}],"author":[{"embeddable":true,"href":"https:\/\/darkamazi.info\/funavuv\/wp\/v2\/users\/2"}],"replies":[{"embeddable":true,"href":"https:\/\/darkamazi.info\/funavuv\/wp\/v2\/comments?post=1049622"}],"version-history":[{"count":0,"href":"https:\/\/darkamazi.info\/funavuv\/wp\/v2\/posts\/1049622\/revisions"}],"wp:featuredmedia":[{"embeddable":true,"href":"https:\/\/darkamazi.info\/funavuv\/wp\/v2\/media\/1049623"}],"wp:attachment":[{"href":"https:\/\/darkamazi.info\/funavuv\/wp\/v2\/media?parent=1049622"}],"wp:term":[{"taxonomy":"category","embeddable":true,"href":"https:\/\/darkamazi.info\/funavuv\/wp\/v2\/categories?post=1049622"},{"taxonomy":"post_tag","embeddable":true,"href":"https:\/\/darkamazi.info\/funavuv\/wp\/v2\/tags?post=1049622"}],"curies":[{"name":"wp","href":"https:\/\/api.w.org\/{rel}","templated":true}]}}