{"id":1049625,"date":"2025-08-28T19:17:58","date_gmt":"2025-08-28T16:17:58","guid":{"rendered":"https:\/\/darkamazi.info\/?p=1049625"},"modified":"2025-08-28T19:17:58","modified_gmt":"2025-08-28T16:17:58","slug":"rewsenbiren-silemaniye-di-pevcuna-lalezar-de-rola-se-meymunan-dilizin","status":"publish","type":"post","link":"https:\/\/darkamazi.info\/archives\/1049625","title":{"rendered":"Rew\u015fenb\u00eer\u00ean Sil\u00eamaniy\u00ea di pev\u00e7\u00fbna Lalezar de rola s\u00ea meym\u00fbnan dil\u00eezin"},"content":{"rendered":"<div class=\"wpb-content-wrapper\"><p>[darkamazi_row][darkamazi_column][darkamazi_video link=&#8221;https:\/\/www.youtube.com\/watch?v=tfL5AAy_kEw&#8221; align=&#8221;center&#8221; css=&#8221;&#8221;][darkamazi_column_text]<\/p>\n<h3 style=\"text-align: justify;\"><span style=\"font-family: 'arial black', sans-serif;\">Di 22\u00ea Tebax\u00ea de li bajar\u00ea Sil\u00eamaniy\u00ea pev\u00e7\u00fbnek metirs\u00eedar \u00fb w\u00earanker p\u00eak hat. H\u00eaz\u00ean komando y\u00ean ser bi Bafil Taleban\u00ee \u00ear\u00ee\u015f\u00ee Lah\u00fbr Taleban\u00ee, hevserok\u00ea ber\u00ea y\u00ea YNK \u00ea, \u00fb biray\u00ean w\u00ee kirin. Seyrangeha Ser \u00c7inar, navenda lux\u00ea, \u015fahiy\u00ea \u00fb ge\u015ftiyariy\u00ea li Sil\u00eamaniy\u00ea, bi deng\u00ea tank \u00fb topan hej\u00eeya.<\/span><\/h3>\n<h3 style=\"text-align: justify;\"><span style=\"font-family: arial, helvetica, sans-serif;\">Sil\u00eaman\u00ee, bajar\u00ea ronakb\u00eer\u00ee, rew\u015fenb\u00eer\u00ee, entelekt\u00fbl\u00eezm\u00ea, helbest \u00fb muz\u00eek\u00ea, niha bir\u00eendar e.<\/span><\/h3>\n<h3 style=\"text-align: justify;\"><span style=\"font-family: arial, helvetica, sans-serif;\">Derdor\u00ean siyas\u00ee \u00fb medyaya dilsoz\u00ea Bafil Taleban\u00ee hewl didin ku tevahiya rabird\u00fbya Lah\u00fbr Ceng\u00ee \u00fb biray\u00ean w\u00ee bi hurg\u00fbl\u00ee vekulin da ku \u00ear\u00ee\u015fa Bafil rewa bikin. Ew hewl didin ku bi \u00eediay\u00ean &#8220;s\u00fb\u00eeqest\u00ea \u00fb \u00ear\u00ee\u015f\u00ean bi dronan&#8221; Bafil paqi\u015f derxin \u00fb \u00eari\u015f\u00ean w\u00ee me\u015fr\u00fb destn\u00ee\u015fan bikin.<\/span><\/h3>\n<h3 style=\"text-align: justify;\"><span style=\"font-family: arial, helvetica, sans-serif;\">Siyasetmedar\u00ean Rojava \u00fb medyaya PKK \u00ea, ku ber\u00ea dost\u00ean Lah\u00fbr Ceng\u00ee b\u00fbn, m\u00eena \u00e7eqelan mil\u00ean xwe dihej\u00eenin \u00fb bi b\u00eaexlaqane hewl didin ji v\u00ea pev\u00e7\u00fbn\u00ea s\u00fbd werbigirin. Endam\u00ean PKK \u00ea, ku bi gotina \u2018fa\u015f\u00eezma Erdogan\u2019 c\u00eehan dihejandin, dema ku cenazey\u00ean ciwan\u00ean Sil\u00eamaniy\u00ea h\u00een j\u00ee li erd\u00ea b\u00fbn, bi lez\u00fbbez Salih M\u00fbslim di\u015f\u00eenin serdana Bafil Taleban\u00ee, hewl didin ku fa\u015f\u00eezma Bafil Taleban\u00ee di pev\u00e7\u00fbna Lalezar\u00ea de p\u00eeroz bikin.<\/span><\/h3>\n<h3 style=\"text-align: justify;\"><span style=\"font-family: arial, helvetica, sans-serif;\">Ji ber ku ragihandina Lah\u00fbr Ceng\u00ee hatiye b\u00eadeng kirin, y\u00ean Lah\u00fbr Ceng\u00ee dipar\u00eazin pir k\u00eam in.<\/span><\/h3>\n<h3 style=\"text-align: justify;\"><span style=\"font-family: 'arial black', sans-serif; font-size: 18pt; color: #8c0808;\">Gelo k\u00ee heq b\u00fb \u00fb k\u00ee bi serket?<\/span><\/h3>\n<h3 style=\"text-align: justify;\"><span style=\"font-family: arial, helvetica, sans-serif;\">Hin pev\u00e7\u00fbn hene, ku t\u00ea de \u00e7i layen heq n\u00eenin.\u00a0 Ji ber ku sedem\u00ean rast ji bo pev\u00e7\u00fbnan tune ne. Ten\u00ea egoy\u00ean kesane \u00fb berjewendiy\u00ean aliyan pevdi\u00e7in. Ne Lah\u00fbr Ceng\u00ee Taleban\u00ee \u00fb ne j\u00ee Bafil Celal Taleban\u00ee di v\u00ea pev\u00e7\u00fbn\u00ea de heq neb\u00fbn.<\/span><\/h3>\n<h3 style=\"text-align: justify;\"><span style=\"font-family: arial, helvetica, sans-serif;\">Ji ber ku ev her du \u015fir\u00eek b\u00fbn. Di navbera sal\u00ean 2012 \u00fb 2021an de mil bi mile hev dime\u015fiyan. Bafil Taleban\u00ee li ser \u015fa\u015f\u00ean TV y\u00ea\u00a0 digot, &#8220;Lah\u00fbr xwe b\u00fb min kir mertal\u00ea zind\u00ee \u00fb xwe av\u00eat ber g\u00fbleyan\u201d \u00fb silavek le\u015fker\u00ee ji Lah\u00fbr re r\u00eakir. Her \u00e7iqas dema ew dost \u00fb \u015fir\u00eek b\u00fbn j\u00ee, bi hevd\u00fb re nedurist b\u00fbn. \u00c7i mifa neg\u00eehand millet\u00ea Kurd. Xurtb\u00fbna Her\u00eama Kurdistan\u00ea wek\u00ee xeternk ji xwe re did\u00eetin \u00fb bi her kes\u00ea ku dixwest r\u00eaveberiya Kurd\u00ee ya li Hewl\u00ear\u00ea lewaz bike re hevkar\u00ee dikirin.<\/span><\/h3>\n<h3 style=\"text-align: justify;\"><span style=\"font-family: arial, helvetica, sans-serif;\">Bi hevkariya van herdu pismama, li dij\u00ee Hewl\u00ear\u00ea, bi He\u015fd\u00ee \u015eeb\u00ee \u00fb PKK \u00ea re eniyek hevpar ava kirin. V\u00ea hevpeyman\u00eey\u00ea weke n\u00fbner\u00ea rej\u00eema \u015e\u00eee ya Iraq\u00ea \u00fb mil\u00ees\u00ean w\u00ea li ser xeta Germiyan-Sil\u00eaman\u00ee-Kerk\u00fbk-Mexm\u00fbr-M\u00fbsil \u00fb \u015eengal\u00ea tevgeriyan. V\u00ee ber\u00ea \u015e\u00eea di referand\u00fbma Serxweb\u00fbna Kurdistan\u00ea de xen\u00e7erek\u00ee jehr\u00ee li Kurdan xist. Bi hev re Kerk\u00fbk, dil\u00ea 50 milyon Kurdan, firotin \u00ceran \u00fb h\u00eaz\u00ean He\u015fd\u00ee \u015eeb\u00ee.<\/span><\/h3>\n<h3 style=\"text-align: justify;\"><span style=\"font-family: arial, helvetica, sans-serif;\">Bafil Celal Taleban\u00ee \u00fb Lah\u00fbr Ceng\u00ee Taleban\u00ee, dema ku dost b\u00fbn, hewl dan ku Kurdan bikin be\u015fek ji He\u015fd\u00ee \u015eeb\u00ee.<\/span><\/h3>\n<h3 style=\"text-align: justify;\"><span style=\"font-family: arial, helvetica, sans-serif;\">Dema ku ew dost b\u00fbn, li dij\u00ee Hewl\u00ear\u00ea m\u00eena mafya tevdigeriyan. Niha, bi \u015f\u00eawaz\u00ea mafyawar\u00ee \u015fer\u00ea hev dikin.<\/span><\/h3>\n<h3 style=\"text-align: justify;\"><span style=\"font-family: arial, helvetica, sans-serif;\">Kurdan ne ji dostaniya wan mifa d\u00eet \u00fb ne j\u00ee ji dijminatiya wan s\u00fbd wergirtin.<\/span><\/h3>\n<h3 style=\"text-align: justify;\"><span style=\"font-family: arial, helvetica, sans-serif;\">\u00a0Bafil Taleban\u00ee ji destp\u00eaka van pev\u00e7\u00fbnan ve xwed\u00ee avantajeke gir\u00eeng b\u00fb, ji ber ku ke\u00e7\u00ean (H\u00earo-\u015eehnaz) \u00cebrah\u00eem Ehmed \u00fb \u00ceran\u00ea pi\u015ftgir\u00eeya w\u00ee dikir. W\u00ee Lah\u00fbr xiste quncik\u00ea re. bi \u00e7avsor\u00ee kesayetiy\u00ean m\u00eena Akam Omer, Murat Kan\u00eeKued \u00fb Niyaz Dergeley\u00ee \u00fb Hevkar Caf ku\u015ftin.<\/span><\/h3>\n<h3 style=\"text-align: justify;\"><span style=\"font-family: arial, helvetica, sans-serif;\">Bafil Taleban\u00ee niha dixwaze xwe bike yekane &#8220;Serok&#8221; li Sil\u00eamaniy\u00ea. Bafil weke yekane Serok dixwaze serhi\u015fk\u00eey\u00ea hember R\u00eaveberiya Kurdan a Hewl\u00ear\u00ea bike heke ne kar\u00ee we v\u00ea yek\u00ea bike, ew dixwaze ji Hewl\u00ear\u00ea veqete. Bi kesayetiya xwe ya narsist \u00fb megaloman\u00ee, Bafil Taleban\u00ee ji niha \u00fb p\u00ea ve h\u00een xeternaktir e. Ew \u00ea her kes\u00ee ne\u00e7ar bike ku mur\u00eed\u00eeya w\u00ee bikin. Ji bo v\u00ea armanc\u00ea, ew dixwaze req\u00eeb\u00ean xwe ji hol\u00ea rake. Y\u00ea rikaber\u00eeya w\u00ee nekin ten\u00ea w\u00ee rexne j\u00ee bikin d\u00ea bike armanc. Her \u00e7end ew rexne nekin j\u00ee, ew \u00ea kes\u00ean ku dir\u00fb\u015fmeya &#8220;Bij\u00ee Serok Bafil&#8221; naq\u00eerin d\u00ea bike armanc. Yan\u00ee, p\u00eavajoya darbey\u00ea Lalezar y\u00ea 21 \u00ea Tebax\u00ea h\u00een neqediyaye, ew \u00ea berdewam bike.<\/span><\/h3>\n<h3 style=\"text-align: justify;\"><span style=\"font-family: arial, helvetica, sans-serif;\">D\u00eemen\u00ean li Sil\u00eaman\u00eey\u00ea darbey\u00ea 15 T\u00eermeh\u00ea y\u00ea bi g\u00fbman li Tirk\u00eey\u00ea tine b\u00eera mirov. Li Tirk\u00eey\u00ea layengir\u00ean AKP \u00ea bi hinceta darbe le\u015fker digirtin; ew r\u00fbt dikirin \u00fb li wan dixist. Heta ser\u00ea hinek eskeran j\u00ee j\u00eakirin. Pi\u015ft\u00ee \u00e7end roja Erdogan \u00fb payedar\u00ean le\u015fker\u00ee bi ve\u015fart\u00ee lihev kirin \u00fb ew pev\u00e7\u00fbn kirin mal\u00ea hinek\u00ean din. Zarok\u00ean xelk\u00ea di navbera her du layenan da hatin ku\u015ftin. Ji w\u00ea \u015fev\u00ea \u00fb vir ve li Tirk\u00eey\u00ea her ti\u015ft ber\u00fbvaj\u00ee b\u00fb, cewek\u00ee tires li ser gel hat sepandin \u00fb herkes\u00ea ser\u00ea xwe li hember desthilata AKP \u00ea tewand.<\/span><\/h3>\n<h3 style=\"text-align: justify;\"><span style=\"font-family: arial, helvetica, sans-serif;\">Heman ti\u015ft w\u00ea li Sil\u00eamaniy\u00ea j\u00ee biqewime. Ger her du kl\u00eek\u00ean desthilatdar li ser senaryoyek hevpar negih\u00eejin r\u00eakeftinek\u00ea, pev\u00e7\u00fbn w\u00ea berdewam bike. L\u00ea y\u00ea ku bi rast\u00ee winda dike d\u00ea xelk\u00ea Sil\u00eamaniy\u00ea be.<\/span><\/h3>\n<h3 style=\"text-align: justify;\"><span style=\"font-family: arial, helvetica, sans-serif;\">Rew\u015fenb\u00eer\u00ean Sil\u00eamaniy\u00ea niha s\u00ea meym\u00fbnan dil\u00eezin \u00fb dib\u00eajin &#8220;Min ned\u00eet, min nebih\u00eest \u00fb ez nizanim.&#8221; Ew weke xi\u015f\u00eeman tevdigerin ku wan pev\u00e7\u00fbn\u00ean bi tankan di nav baj\u00ear\u00ea Sil\u00eamaniy\u00ea de ned\u00eetine. \u00a0Weke DA\u00ce\u015e \u00fb dewleta Tirk komandoy\u00ean Bafil j\u00ee dest\u00ea ciwan\u00ean Kurd pi\u015ftve girida b\u00fbn ew bi taz\u00ee li erd\u00ea dir\u00eaj kirib\u00fbn \u00fb ew te\u015fh\u00eer dikirin. Gelo ma rew\u015fenb\u00eer\u00ean Sil\u00eamaniy\u00ea ev d\u00eemen\u00ean li k\u00ealeka xwe j\u00ee ned\u00eetin. Heke ew pev\u00e7\u00fbn ne li Sil\u00eamaniy\u00ea li Behd\u00eenan ba da Rew\u015fenb\u00eer\u00ean Sil\u00eamaniy\u00ea demildest konferans\u00ean \u00e7apemeniy\u00ea lidarxin \u00fb PDK \u00ea tewanbar kin. Heta hinek ji van \u201crew\u015fenb\u00eer\u201dan zend\u00ean xwe hildane ku PDK \u00ea t\u00fbmetbar bikin.\u00a0 Ew rew\u015fenb\u00eer\u00ean li Caf\u00e9 \u00fb qehwaxana r\u00fbni\u015ft\u00ee \u00fb heroj xelk\u00ea Behd\u00eenan \u00fb Hewl\u00ear\u00ea weke E\u015f\u00eer b\u00ear\u00eaz\u00ee l\u00eadikin \u00fb dilsoz\u00ean PDK \u00ea \u00a0weke kole p\u00eanase dikin hember v\u00ee \u015fer\u00ea mafyawar\u00ee y\u00ea li Sil\u00eaman\u00ee rola s\u00ea meym\u00fbna dil\u00eezin.<\/span><\/h3>\n<h3 style=\"text-align: justify;\"><span style=\"font-family: arial, helvetica, sans-serif;\">S\u00fbcdar\u00ean her\u00ee mezin y\u00ean ku li dij\u00ee fa\u015f\u00eezm \u00fb kujer\u00eeya ve\u015fart\u00ee ya ku YNK di van deh sal\u00ean daw\u00ee de h\u00ead\u00ee h\u00ead\u00ee p\u00ea\u015fdikeve ker\u00fblal in. ew j\u00ee ew kes\u00ean y\u00ean ku xwe weke Rew\u015fenb\u00eer \u00fb Demokrat\u00ean Sil\u00eamaniy\u00ea dib\u00eenin \u00fb \u00e7av\u00ea xwe li v\u00ea mafyaya s\u00eeyas\u00ee digirin.<\/span><\/h3>\n<h3 style=\"text-align: justify;\"><span style=\"font-family: arial, helvetica, sans-serif;\">Rew\u015fenb\u00eer \u00fb ronakb\u00eer\u00ean Sil\u00eamaniy\u00ea bi v\u00ea xefleta xwe \u015fir\u00eek\u00ean v\u00ea mafya s\u00eeyas\u00ee ne. Y\u00ean \u00eero xwe ker\u00fblal dikin bila ba\u015f bizanin ku sibe dora wan ne.<\/span><\/h3>\n<p>[\/darkamazi_column_text][\/darkamazi_column][\/darkamazi_row]<\/p>\n<\/div>","protected":false},"excerpt":{"rendered":"<p>[darkamazi_row][darkamazi_column][darkamazi_video link=&#8221;https:\/\/www.youtube.com\/watch?v=tfL5AAy_kEw&#8221; align=&#8221;center&#8221; css=&#8221;&#8221;][darkamazi_column_text] Di 22\u00ea Tebax\u00ea de li bajar\u00ea Sil\u00eamaniy\u00ea pev\u00e7\u00fbnek metirs\u00eedar \u00fb w\u00earanker p\u00eak hat. H\u00eaz\u00ean komando y\u00ean ser bi Bafil Taleban\u00ee \u00ear\u00ee\u015f\u00ee Lah\u00fbr Taleban\u00ee, hevserok\u00ea ber\u00ea y\u00ea YNK \u00ea, \u00fb biray\u00ean w\u00ee kirin. Seyrangeha Ser \u00c7inar, navenda lux\u00ea, \u015fahiy\u00ea \u00fb ge\u015ftiyariy\u00ea li Sil\u00eamaniy\u00ea, bi deng\u00ea tank \u00fb topan hej\u00eeya. Sil\u00eaman\u00ee, bajar\u00ea ronakb\u00eer\u00ee, [&hellip;]<\/p>\n","protected":false},"author":2,"featured_media":1049632,"comment_status":"closed","ping_status":"closed","sticky":false,"template":"epic_custom_post_template-1006382","format":"video","meta":{"footnotes":""},"categories":[68,65],"tags":[37],"class_list":["post-1049625","post","type-post","status-publish","format-video","has-post-thumbnail","hentry","category-analiz","category-vidiyo","tag-sereke","post_format-post-format-video"],"blocksy_meta":[],"seo_head":"<!-- This site is optimized with the Yoast SEO plugin v27.5 - https:\/\/yoast.com\/product\/yoast-seo-wordpress\/ -->\n<title>Rew\u015fenb\u00eer\u00ean Sil\u00eamaniy\u00ea di pev\u00e7\u00fbna Lalezar de rola s\u00ea meym\u00fbnan dil\u00eezin - Darka Maz\u00ee<\/title>\n<meta name=\"robots\" content=\"index, follow, max-snippet:-1, max-image-preview:large, max-video-preview:-1\" \/>\n<link rel=\"canonical\" href=\"https:\/\/darkamazi.info\/archives\/1049625\" \/>\n<meta property=\"og:locale\" content=\"en_US\" \/>\n<meta property=\"og:type\" content=\"article\" \/>\n<meta property=\"og:title\" content=\"Rew\u015fenb\u00eer\u00ean Sil\u00eamaniy\u00ea di pev\u00e7\u00fbna Lalezar de rola s\u00ea meym\u00fbnan dil\u00eezin - Darka Maz\u00ee\" \/>\n<meta property=\"og:description\" content=\"[darkamazi_row][darkamazi_column][darkamazi_video link=&#8221;https:\/\/www.youtube.com\/watch?v=tfL5AAy_kEw&#8221; align=&#8221;center&#8221; css=&#8221;&#8221;][darkamazi_column_text] Di 22\u00ea Tebax\u00ea de li bajar\u00ea Sil\u00eamaniy\u00ea pev\u00e7\u00fbnek metirs\u00eedar \u00fb w\u00earanker p\u00eak hat. H\u00eaz\u00ean komando y\u00ean ser bi Bafil Taleban\u00ee \u00ear\u00ee\u015f\u00ee Lah\u00fbr Taleban\u00ee, hevserok\u00ea ber\u00ea y\u00ea YNK \u00ea, \u00fb biray\u00ean w\u00ee kirin. Seyrangeha Ser \u00c7inar, navenda lux\u00ea, \u015fahiy\u00ea \u00fb ge\u015ftiyariy\u00ea li Sil\u00eamaniy\u00ea, bi deng\u00ea tank \u00fb topan hej\u00eeya. Sil\u00eaman\u00ee, bajar\u00ea ronakb\u00eer\u00ee, [&hellip;]\" \/>\n<meta property=\"og:url\" content=\"https:\/\/darkamazi.info\/archives\/1049625\" \/>\n<meta property=\"og:site_name\" content=\"Darka Maz\u00ee\" \/>\n<meta property=\"article:publisher\" content=\"https:\/\/www.facebook.com\/DarMaziKurmanci\" \/>\n<meta property=\"article:published_time\" content=\"2025-08-28T16:17:58+00:00\" \/>\n<meta property=\"og:image\" content=\"https:\/\/darkamazi.info\/file\/2025\/08\/3-meymon.jpg\" \/>\n\t<meta property=\"og:image:width\" content=\"900\" \/>\n\t<meta property=\"og:image:height\" content=\"500\" \/>\n\t<meta property=\"og:image:type\" content=\"image\/jpeg\" \/>\n<meta name=\"author\" content=\"darka mazi\" \/>\n<meta name=\"twitter:card\" content=\"summary_large_image\" \/>\n<meta name=\"twitter:creator\" content=\"@DarkaMaziLatini\" \/>\n<meta name=\"twitter:site\" content=\"@DarkaMaziLatini\" \/>\n<meta name=\"twitter:label1\" content=\"Written by\" \/>\n\t<meta name=\"twitter:data1\" content=\"darka mazi\" \/>\n\t<meta name=\"twitter:label2\" content=\"Est. reading time\" \/>\n\t<meta name=\"twitter:data2\" content=\"5 minutes\" \/>\n<script type=\"application\/ld+json\" class=\"seo-schema-graph\">{\"@context\":\"https:\\\/\\\/schema.org\",\"@graph\":[{\"@type\":\"Article\",\"@id\":\"https:\\\/\\\/darkamazi.info\\\/archives\\\/1049625#article\",\"isPartOf\":{\"@id\":\"https:\\\/\\\/darkamazi.info\\\/archives\\\/1049625\"},\"author\":{\"name\":\"darka mazi\",\"@id\":\"https:\\\/\\\/darkamazi.info\\\/#\\\/schema\\\/person\\\/5ad3e24553a0567993fa8ed4bd0a776c\"},\"headline\":\"Rew\u015fenb\u00eer\u00ean Sil\u00eamaniy\u00ea di pev\u00e7\u00fbna Lalezar de rola s\u00ea meym\u00fbnan dil\u00eezin\",\"datePublished\":\"2025-08-28T16:17:58+00:00\",\"mainEntityOfPage\":{\"@id\":\"https:\\\/\\\/darkamazi.info\\\/archives\\\/1049625\"},\"wordCount\":1195,\"publisher\":{\"@id\":\"https:\\\/\\\/darkamazi.info\\\/#organization\"},\"image\":{\"@id\":\"https:\\\/\\\/darkamazi.info\\\/archives\\\/1049625#primaryimage\"},\"thumbnailUrl\":\"https:\\\/\\\/darkamazi.info\\\/darka-content\\\/uploads\\\/2025\\\/08\\\/3-meymon.jpg\",\"keywords\":[\"sereke\"],\"articleSection\":[\"Anal\u00eez\",\"V\u00eed\u00eeyo\"],\"inLanguage\":\"en-US\"},{\"@type\":\"WebPage\",\"@id\":\"https:\\\/\\\/darkamazi.info\\\/archives\\\/1049625\",\"url\":\"https:\\\/\\\/darkamazi.info\\\/archives\\\/1049625\",\"name\":\"Rew\u015fenb\u00eer\u00ean Sil\u00eamaniy\u00ea di pev\u00e7\u00fbna Lalezar de rola s\u00ea meym\u00fbnan dil\u00eezin - Darka Maz\u00ee\",\"isPartOf\":{\"@id\":\"https:\\\/\\\/darkamazi.info\\\/#website\"},\"primaryImageOfPage\":{\"@id\":\"https:\\\/\\\/darkamazi.info\\\/archives\\\/1049625#primaryimage\"},\"image\":{\"@id\":\"https:\\\/\\\/darkamazi.info\\\/archives\\\/1049625#primaryimage\"},\"thumbnailUrl\":\"https:\\\/\\\/darkamazi.info\\\/darka-content\\\/uploads\\\/2025\\\/08\\\/3-meymon.jpg\",\"datePublished\":\"2025-08-28T16:17:58+00:00\",\"breadcrumb\":{\"@id\":\"https:\\\/\\\/darkamazi.info\\\/archives\\\/1049625#breadcrumb\"},\"inLanguage\":\"en-US\",\"potentialAction\":[{\"@type\":\"ReadAction\",\"target\":[\"https:\\\/\\\/darkamazi.info\\\/archives\\\/1049625\"]}]},{\"@type\":\"ImageObject\",\"inLanguage\":\"en-US\",\"@id\":\"https:\\\/\\\/darkamazi.info\\\/archives\\\/1049625#primaryimage\",\"url\":\"https:\\\/\\\/darkamazi.info\\\/darka-content\\\/uploads\\\/2025\\\/08\\\/3-meymon.jpg\",\"contentUrl\":\"https:\\\/\\\/darkamazi.info\\\/darka-content\\\/uploads\\\/2025\\\/08\\\/3-meymon.jpg\",\"width\":900,\"height\":500,\"caption\":\"Rew\u015fenb\u00eer\u00ean Sil\u00eamaniy\u00ea di pev\u00e7\u00fbna Lalezar de rola s\u00ea meym\u00fbnan dil\u00eezin\"},{\"@type\":\"BreadcrumbList\",\"@id\":\"https:\\\/\\\/darkamazi.info\\\/archives\\\/1049625#breadcrumb\",\"itemListElement\":[{\"@type\":\"ListItem\",\"position\":1,\"name\":\"Home\",\"item\":\"https:\\\/\\\/darkamazi.info\\\/\"},{\"@type\":\"ListItem\",\"position\":2,\"name\":\"Rew\u015fenb\u00eer\u00ean Sil\u00eamaniy\u00ea di pev\u00e7\u00fbna Lalezar de rola s\u00ea meym\u00fbnan dil\u00eezin\"}]},{\"@type\":\"WebSite\",\"@id\":\"https:\\\/\\\/darkamazi.info\\\/#website\",\"url\":\"https:\\\/\\\/darkamazi.info\\\/\",\"name\":\"Darka Maz\u00ee\",\"description\":\"P\u00eageha Zanyariy\u00ean Nebih\u00eest\u00ee\",\"publisher\":{\"@id\":\"https:\\\/\\\/darkamazi.info\\\/#organization\"},\"potentialAction\":[{\"@type\":\"SearchAction\",\"target\":{\"@type\":\"EntryPoint\",\"urlTemplate\":\"https:\\\/\\\/darkamazi.info\\\/?s={search_term_string}\"},\"query-input\":{\"@type\":\"PropertyValueSpecification\",\"valueRequired\":true,\"valueName\":\"search_term_string\"}}],\"inLanguage\":\"en-US\"},{\"@type\":\"Organization\",\"@id\":\"https:\\\/\\\/darkamazi.info\\\/#organization\",\"name\":\"Darka Maz\u00ee\",\"url\":\"https:\\\/\\\/darkamazi.info\\\/\",\"logo\":{\"@type\":\"ImageObject\",\"inLanguage\":\"en-US\",\"@id\":\"https:\\\/\\\/darkamazi.info\\\/#\\\/schema\\\/logo\\\/image\\\/\",\"url\":\"https:\\\/\\\/darkamazi.info\\\/darka-content\\\/uploads\\\/2017\\\/12\\\/darka-mazi-logo.png\",\"contentUrl\":\"https:\\\/\\\/darkamazi.info\\\/darka-content\\\/uploads\\\/2017\\\/12\\\/darka-mazi-logo.png\",\"width\":151,\"height\":75,\"caption\":\"Darka Maz\u00ee\"},\"image\":{\"@id\":\"https:\\\/\\\/darkamazi.info\\\/#\\\/schema\\\/logo\\\/image\\\/\"},\"sameAs\":[\"https:\\\/\\\/www.facebook.com\\\/DarMaziKurmanci\",\"https:\\\/\\\/x.com\\\/DarkaMaziLatini\",\"https:\\\/\\\/www.instagram.com\\\/darkamazi.kurmanci\\\/\",\"https:\\\/\\\/www.youtube.com\\\/channel\\\/UCa5HkTdmI8U1qCUFuTw8B2g\"]},{\"@type\":\"Person\",\"@id\":\"https:\\\/\\\/darkamazi.info\\\/#\\\/schema\\\/person\\\/5ad3e24553a0567993fa8ed4bd0a776c\",\"name\":\"darka mazi\",\"sameAs\":[\"https:\\\/\\\/darkamazi.info\\\/\"],\"url\":\"https:\\\/\\\/darkamazi.info\\\/archives\\\/author\\\/kurdi\"}]}<\/script>\n<!-- \/ Yoast SEO plugin. -->","seo_head_json":{"title":"Rew\u015fenb\u00eer\u00ean Sil\u00eamaniy\u00ea di pev\u00e7\u00fbna Lalezar de rola s\u00ea meym\u00fbnan dil\u00eezin - Darka Maz\u00ee","robots":{"index":"index","follow":"follow","max-snippet":"max-snippet:-1","max-image-preview":"max-image-preview:large","max-video-preview":"max-video-preview:-1"},"canonical":"https:\/\/darkamazi.info\/archives\/1049625","og_locale":"en_US","og_type":"article","og_title":"Rew\u015fenb\u00eer\u00ean Sil\u00eamaniy\u00ea di pev\u00e7\u00fbna Lalezar de rola s\u00ea meym\u00fbnan dil\u00eezin - Darka Maz\u00ee","og_description":"[darkamazi_row][darkamazi_column][darkamazi_video link=&#8221;https:\/\/www.youtube.com\/watch?v=tfL5AAy_kEw&#8221; align=&#8221;center&#8221; css=&#8221;&#8221;][darkamazi_column_text] Di 22\u00ea Tebax\u00ea de li bajar\u00ea Sil\u00eamaniy\u00ea pev\u00e7\u00fbnek metirs\u00eedar \u00fb w\u00earanker p\u00eak hat. H\u00eaz\u00ean komando y\u00ean ser bi Bafil Taleban\u00ee \u00ear\u00ee\u015f\u00ee Lah\u00fbr Taleban\u00ee, hevserok\u00ea ber\u00ea y\u00ea YNK \u00ea, \u00fb biray\u00ean w\u00ee kirin. Seyrangeha Ser \u00c7inar, navenda lux\u00ea, \u015fahiy\u00ea \u00fb ge\u015ftiyariy\u00ea li Sil\u00eamaniy\u00ea, bi deng\u00ea tank \u00fb topan hej\u00eeya. Sil\u00eaman\u00ee, bajar\u00ea ronakb\u00eer\u00ee, [&hellip;]","og_url":"https:\/\/darkamazi.info\/archives\/1049625","og_site_name":"Darka Maz\u00ee","article_publisher":"https:\/\/www.facebook.com\/DarMaziKurmanci","article_published_time":"2025-08-28T16:17:58+00:00","og_image":[{"width":900,"height":500,"url":"https:\/\/darkamazi.info\/file\/2025\/08\/3-meymon.jpg","type":"image\/jpeg"}],"author":"darka mazi","twitter_card":"summary_large_image","twitter_creator":"@DarkaMaziLatini","twitter_site":"@DarkaMaziLatini","twitter_misc":{"Written by":"darka mazi","Est. reading time":"5 minutes"},"schema":{"@context":"https:\/\/schema.org","@graph":[{"@type":"Article","@id":"https:\/\/darkamazi.info\/archives\/1049625#article","isPartOf":{"@id":"https:\/\/darkamazi.info\/archives\/1049625"},"author":{"name":"darka mazi","@id":"https:\/\/darkamazi.info\/#\/schema\/person\/5ad3e24553a0567993fa8ed4bd0a776c"},"headline":"Rew\u015fenb\u00eer\u00ean Sil\u00eamaniy\u00ea di pev\u00e7\u00fbna Lalezar de rola s\u00ea meym\u00fbnan dil\u00eezin","datePublished":"2025-08-28T16:17:58+00:00","mainEntityOfPage":{"@id":"https:\/\/darkamazi.info\/archives\/1049625"},"wordCount":1195,"publisher":{"@id":"https:\/\/darkamazi.info\/#organization"},"image":{"@id":"https:\/\/darkamazi.info\/archives\/1049625#primaryimage"},"thumbnailUrl":"https:\/\/darkamazi.info\/file\/2025\/08\/3-meymon.jpg","keywords":["sereke"],"articleSection":["Anal\u00eez","V\u00eed\u00eeyo"],"inLanguage":"en-US"},{"@type":"WebPage","@id":"https:\/\/darkamazi.info\/archives\/1049625","url":"https:\/\/darkamazi.info\/archives\/1049625","name":"Rew\u015fenb\u00eer\u00ean Sil\u00eamaniy\u00ea di pev\u00e7\u00fbna Lalezar de rola s\u00ea meym\u00fbnan dil\u00eezin - Darka Maz\u00ee","isPartOf":{"@id":"https:\/\/darkamazi.info\/#website"},"primaryImageOfPage":{"@id":"https:\/\/darkamazi.info\/archives\/1049625#primaryimage"},"image":{"@id":"https:\/\/darkamazi.info\/archives\/1049625#primaryimage"},"thumbnailUrl":"https:\/\/darkamazi.info\/file\/2025\/08\/3-meymon.jpg","datePublished":"2025-08-28T16:17:58+00:00","breadcrumb":{"@id":"https:\/\/darkamazi.info\/archives\/1049625#breadcrumb"},"inLanguage":"en-US","potentialAction":[{"@type":"ReadAction","target":["https:\/\/darkamazi.info\/archives\/1049625"]}]},{"@type":"ImageObject","inLanguage":"en-US","@id":"https:\/\/darkamazi.info\/archives\/1049625#primaryimage","url":"https:\/\/darkamazi.info\/file\/2025\/08\/3-meymon.jpg","contentUrl":"https:\/\/darkamazi.info\/file\/2025\/08\/3-meymon.jpg","width":900,"height":500,"caption":"Rew\u015fenb\u00eer\u00ean Sil\u00eamaniy\u00ea di pev\u00e7\u00fbna Lalezar de rola s\u00ea meym\u00fbnan dil\u00eezin"},{"@type":"BreadcrumbList","@id":"https:\/\/darkamazi.info\/archives\/1049625#breadcrumb","itemListElement":[{"@type":"ListItem","position":1,"name":"Home","item":"https:\/\/darkamazi.info\/"},{"@type":"ListItem","position":2,"name":"Rew\u015fenb\u00eer\u00ean Sil\u00eamaniy\u00ea di pev\u00e7\u00fbna Lalezar de rola s\u00ea meym\u00fbnan dil\u00eezin"}]},{"@type":"WebSite","@id":"https:\/\/darkamazi.info\/#website","url":"https:\/\/darkamazi.info\/","name":"Darka Maz\u00ee","description":"P\u00eageha Zanyariy\u00ean Nebih\u00eest\u00ee","publisher":{"@id":"https:\/\/darkamazi.info\/#organization"},"potentialAction":[{"@type":"SearchAction","target":{"@type":"EntryPoint","urlTemplate":"https:\/\/darkamazi.info\/?s={search_term_string}"},"query-input":{"@type":"PropertyValueSpecification","valueRequired":true,"valueName":"search_term_string"}}],"inLanguage":"en-US"},{"@type":"Organization","@id":"https:\/\/darkamazi.info\/#organization","name":"Darka Maz\u00ee","url":"https:\/\/darkamazi.info\/","logo":{"@type":"ImageObject","inLanguage":"en-US","@id":"https:\/\/darkamazi.info\/#\/schema\/logo\/image\/","url":"https:\/\/darkamazi.info\/file\/2017\/12\/darka-mazi-logo.png","contentUrl":"https:\/\/darkamazi.info\/file\/2017\/12\/darka-mazi-logo.png","width":151,"height":75,"caption":"Darka Maz\u00ee"},"image":{"@id":"https:\/\/darkamazi.info\/#\/schema\/logo\/image\/"},"sameAs":["https:\/\/www.facebook.com\/DarMaziKurmanci","https:\/\/x.com\/DarkaMaziLatini","https:\/\/www.instagram.com\/darkamazi.kurmanci\/","https:\/\/www.youtube.com\/channel\/UCa5HkTdmI8U1qCUFuTw8B2g"]},{"@type":"Person","@id":"https:\/\/darkamazi.info\/#\/schema\/person\/5ad3e24553a0567993fa8ed4bd0a776c","name":"darka mazi","sameAs":["https:\/\/darkamazi.info\/"],"url":"https:\/\/darkamazi.info\/archives\/author\/kurdi"}]}},"_links":{"self":[{"href":"https:\/\/darkamazi.info\/funavuv\/wp\/v2\/posts\/1049625","targetHints":{"allow":["GET"]}}],"collection":[{"href":"https:\/\/darkamazi.info\/funavuv\/wp\/v2\/posts"}],"about":[{"href":"https:\/\/darkamazi.info\/funavuv\/wp\/v2\/types\/post"}],"author":[{"embeddable":true,"href":"https:\/\/darkamazi.info\/funavuv\/wp\/v2\/users\/2"}],"replies":[{"embeddable":true,"href":"https:\/\/darkamazi.info\/funavuv\/wp\/v2\/comments?post=1049625"}],"version-history":[{"count":0,"href":"https:\/\/darkamazi.info\/funavuv\/wp\/v2\/posts\/1049625\/revisions"}],"wp:featuredmedia":[{"embeddable":true,"href":"https:\/\/darkamazi.info\/funavuv\/wp\/v2\/media\/1049632"}],"wp:attachment":[{"href":"https:\/\/darkamazi.info\/funavuv\/wp\/v2\/media?parent=1049625"}],"wp:term":[{"taxonomy":"category","embeddable":true,"href":"https:\/\/darkamazi.info\/funavuv\/wp\/v2\/categories?post=1049625"},{"taxonomy":"post_tag","embeddable":true,"href":"https:\/\/darkamazi.info\/funavuv\/wp\/v2\/tags?post=1049625"}],"curies":[{"name":"wp","href":"https:\/\/api.w.org\/{rel}","templated":true}]}}