{"id":1049627,"date":"2025-08-28T18:44:54","date_gmt":"2025-08-28T15:44:54","guid":{"rendered":"https:\/\/darkamazi.info\/?p=1049627"},"modified":"2025-08-28T18:44:54","modified_gmt":"2025-08-28T15:44:54","slug":"rexneyen-li-ser-rewsenbiren-silemaniye","status":"publish","type":"post","link":"https:\/\/darkamazi.info\/archives\/1049627","title":{"rendered":"Rexney\u00ean li ser rew\u015fenb\u00eer\u00ean Sil\u00eamaniy\u00ea\u2026"},"content":{"rendered":"<h3 style=\"text-align: justify\"><span style=\"font-family: 'arial black', sans-serif\"><em>Di 22 \u00ea Tebax\u00ea de li Sil\u00eamaniy\u00ea d\u00eemen\u00ean tirsnak derketin hol\u00ea.<\/em><\/span><\/h3>\n<h3 style=\"text-align: justify\"><span style=\"font-family: arial, helvetica, sans-serif\">Ew d\u00eemen darbeya le\u015fker\u00ee ya 15 \u00ea T\u00eermeh\u00ea ya li Tirkiyey\u00ea t\u00eenin b\u00eera mirovan. Tirkan le\u015fker\u00ean xwe li kolanan digirtin, ser\u00ea wan j\u00ea dikirin \u00fb li erd\u00ea taz\u00ee dir\u00eaj dikirin. Reqabet \u00fb \u015fer\u00ea desthilatdariy\u00ea y\u00ea di navbera Erdogan \u00fb dijber\u00ean w\u00ee de ders\u00ee asta \u015fer\u00ea \u00e7ekdar\u00ee bib\u00fb. Xelk ji Tirk\u00eey\u00ea reviyan, bi hezaran hatin girt\u00een \u00fb gelek h\u00ea winda ne. Gelek kes ne\u00e7ar man ku b\u00eadeng bim\u00eenin \u00fb xwe rasdest\u00ee desthilat\u00ea bikin. Tirkiyey\u00ea serdemek pir tar\u00ee j\u00eeya.<\/span><\/h3>\n<h3 style=\"text-align: justify\"><span style=\"font-family: arial, helvetica, sans-serif\">B\u00fbyer\u00ean li Sil\u00eamaniy\u00ea kopiyek pi\u00e7\u00fbk a b\u00fbyer\u00ean li Tirkiy\u00ea ku me li jor behs kirin. M\u00eena pev\u00e7\u00fbna di navbera Erdogan \u00fb dijber\u00ean w\u00ee de, \u015fer\u00ea desthilatdariy\u00ea derbas\u00ee \u015f\u00eawaz\u00ea \u00e7ekdar\u00ee b\u00fbye; bazar\u00ean s\u00eeyas\u00ee y\u00ean ve\u015fart\u00ee, dest\u00ean tar\u00ee \u00fb dest\u00fbra aktor\u00ean derve li Sil\u00eaman\u00eey\u00ea terora s\u00eeyas\u00ee bi xwe re an\u00ee. \u00db di dawiy\u00ea de, ew p\u00eavajo d\u00ea bi\u015fibe p\u00eavajoya tar\u00ee ya li Tirkiyey\u00ea.<\/span><\/h3>\n<h3 style=\"text-align: justify\"><span style=\"font-family: arial, helvetica, sans-serif\">Ev pev\u00e7\u00fbn xalek wer\u00e7erx\u00ea ye. Ew \u00ea pir caran were n\u00eeqa\u015f kirin, \u00fb bandor\u00ean w\u00ea y\u00ean ney\u00een\u00ee y\u00ean w\u00earanker d\u00ea di demek dir\u00eajtir de h\u00ead\u00ee h\u00ead\u00ee e\u015fkere bibin. Div\u00ea em zelal bin: Sil\u00eaman\u00ee di p\u00eavajoya hilwe\u015fandina nasnameyek mezin \u00fb avakirina nasnameyek n\u00fb de ye. Y\u00ean ku Sil\u00eamaniy\u00ea bir\u00eave dibin dixwazin nasnameyek n\u00fb bidin Sil\u00eamaniy\u00ea. Ew dixwazin Sil\u00eamaniy\u00ea bik\u015f\u00eenin cihek\u00ee n\u00fb. Heke mirov bifikire ku d\u00ea Bafil Talaban\u00eey\u00ea \u015f\u00eat \u00fb m\u00fbzir \u00fb tet\u00eekk\u00ea\u015f\u00ea w\u00ee Wehap Heleb\u00e7ey\u00ee, an j\u00ee Lah\u00fbr Ceng\u00ee d\u00ea nasnameyek azad\u00eexwaz \u00fb modern biafir\u00eenin ev dibe ehmeq\u00ee. Ne her ti\u015ft\u00ea n\u00fb p\u00ea\u015fver\u00fb ye, \u00fb nasnameya n\u00fb ya li Sil\u00eamaniy\u00ea t\u00ea sazkirin j\u00ee ne Kurdistan\u00ee \u00fb ne j\u00ee hedem\u00ee ye. Pirsa gir\u00eeng li vir ev e ku ew kes\u00ean ku Sil\u00eamaniy\u00ea wek\u00ee navendek ronakb\u00eer\u00ee \u00fb \u00e7and\u00ea dib\u00eenin gelo rew\u015fenb\u00eer\u00ean Sil\u00eamaniy\u00ea, ku li dervey\u00ee \u015fer\u00ea desthilatdariy\u00ea di navbera Bafil \u00fb Lah\u00fbr de\u00a0 mane, d\u00ea \u00e7i bikin.<\/span><\/h3>\n<h3 style=\"text-align: justify\"><span style=\"font-family: arial, helvetica, sans-serif\">T\u00eageha &#8220;rew\u015fenb\u00eer&#8221; li Kurdistan\u00ea bi gelemper\u00ee hinek\u00ee k\u00ea\u015fedar e. Rojev \u00fb helwesta rew\u015fenb\u00eer\u00ean li Kurdistan\u00ea, \u00fb pirsa k\u00ee rew\u015fenb\u00eer e \u00fb k\u00ee ne rew\u015fenb\u00eer e, mijarek e ku div\u00ea Kurd bi awayek\u00ee biciret n\u00eeqa\u015f bikin. Div\u00ea helwest \u00fb bandora ney\u00een\u00ee ya kes\u00ean ku, nikarin xwe ji partiy\u00ean siyas\u00ee, pere \u00fb caz\u00eebeya desthilat\u00ea rizgar bikin \u00fb xwe radest\u00ee desthilata tires dikin. Dive ev sekina rew\u015fenb\u00eer\u00ean new\u00earek \u00fb palpi\u015ft\u00ean fa\u015f\u00eezma part\u00eeyan werin te\u015fh\u00eerkirin. \u00a0Pirsgir\u00eaka rew\u015fenb\u00eeran bi taybet\u00ee li Sil\u00eamaniy\u00ea, ku xwe wek\u00ee navenda ronakb\u00eeriya Kurd\u00ee dib\u00eene, pir k\u00fbr \u00fb d\u00fbr e.<\/span><\/h3>\n<h3 style=\"text-align: justify\"><span style=\"font-family: arial, helvetica, sans-serif\">Helwesta nif\u015f\u00ea ku di 15 sal\u00ean daw\u00ee de xwe wek\u00ee rew\u015fenb\u00eer\u00ean Sil\u00eamaniy\u00ea p\u00ea\u015fk\u00ea\u015f kirine, ne li Kurdistan\u00ea bi gi\u015ft\u00ee \u00fb ne j\u00ee li Sil\u00eamaniy\u00ea bandorek er\u00ean\u00ee nekiriye. Ev ji ber ku ew b\u00eahelwest in, b\u00ea serborin \u00fb f\u00eekr\u00ee de pir senserin loma j\u00ee ew naxwazin konfora j\u00eeyana xwe ji dest bidin. Rew\u015fenb\u00eer\u00ean Sil\u00eamaniy\u00ea di xeta xelet tevdigerin. Ev helwesta rew\u015fenb\u00eer\u00ean Sil\u00eamaniy\u00ea di xurtkirina siyasetmedar\u00ea m\u00eena mafyay\u00ea \u00fb bandora fa\u015f\u00eezma part\u00ee de rolek diyarker diley\u00eezin. Wek\u00ee ku dib\u00eajin, &#8220;dost pir tal diaxive&#8221;, em j\u00ee weke dost dib\u00eajin: Rew\u015fenb\u00eer\u00ean Sil\u00eamaniy\u00ea b\u00ea nirx\u00ean et\u00eek \u00fb b\u00ea nasname ne.<\/span><\/h3>\n<h3 style=\"text-align: justify\"><span style=\"font-family: 'arial black', sans-serif;font-size: 18pt;color: #8c0707\"><strong>\u00c7ima? Ji ber ku;<\/strong><\/span><\/h3>\n<h3 style=\"text-align: justify\"><span style=\"font-family: arial, helvetica, sans-serif\">Rew\u015fenb\u00eer\u00ean Sil\u00eamaniy\u00ea di w\u00ea baweriy\u00ea de ne ku bi dijminatiya li hember \u00e7and, rew\u015fenb\u00eer \u00fb siyaseta Hewler \u00fb Duhok\u00ea \u015fert\u00ea yekem e ji bo rew\u015fenb\u00eerb\u00fbn\u00ea l\u00ea ev p\u00eever gelek xelet e. Ji ber v\u00ea t\u00eagaha xelet li ser b\u00fbyer\u00ean ku li Sil\u00eamaniy\u00ea diqewimin, ne j\u00ee li ser helwesta rayedar\u00ean siyas\u00ee y\u00ean li Sil\u00eamaniy\u00ea n\u00eeqa\u015f an \u015f\u00eerove nakin. Ew ten\u00ea bi dijminatiya xwe ya li hember Barzaniyan \u00fb PDK \u00ea rojeva xwe diyar dikin. \u00db ew v\u00ea yek\u00ea wek\u00ee bingeha parastina xwe \u00fb Sil\u00eamaniy\u00ea dib\u00eenin. Heta di v\u00ea pev\u00e7\u00fbna daw\u00ee de j\u00ee, em dibih\u00eezin ku hin rew\u015fenb\u00eer\u00ean Sil\u00eamaniy\u00ea dib\u00eajin, &#8220;Werin em b\u00eadeng bim\u00eenin, da ku PDK keyfxwe\u015f nebe&#8221; Ji bo rew\u015fenb\u00eerek\u00ea parastina fa\u015f\u00eezma ku li bajar\u00ea wan r\u00fbday\u00ee parastin bi v\u00ee reng\u00ee xeletiya her\u00ee mezin e. Ger ev t\u00eageh wiha bidome, ew \u00ea YNK ya ku xwe bisp\u00earin\u00ea j\u00ee nam\u00eene.<\/span><\/h3>\n<h3 style=\"text-align: justify\"><span style=\"font-family: 'arial black', sans-serif;color: #8c0707\">Ji ber v\u00ea yek\u00ea, rew\u015fenb\u00eer\u00ean Sil\u00eamaniy\u00ea bi q\u00fbret\u00eeya xwe, dijminatiya xwe ya li hember Hewler \u00fb Duhok\u00ea \u00fb dijberiya xwe ya li hember KDP \u00ea nikarin k\u00ea\u015fey\u00ean bajar\u00ea \u00e7areser bikin \u00fb erk\u00ean xwe y\u00ean rew\u015fenb\u00eer\u00ee p\u00eak b\u00eenin.<\/span><\/h3>\n<h3 style=\"text-align: justify\"><span style=\"font-family: arial, helvetica, sans-serif\">Pirsgir\u00eakek din a bingeh\u00een a ku di bin guhertina tewer\u00ea ku rew\u015fenb\u00eer\u00ean Sil\u00eamaniy\u00ea dij\u00een, man\u00eepulekirina rojeva wan e. Div\u00ea bandora PKK\u00ea di v\u00ea yek\u00ea de bi awayek\u00ee rast were \u015f\u00eerovekirin. Ji sala 2014 an vir ve, PKKe bi dest\u00fbra YNK\u00ea, \u00ceran \u00fb Bexday\u00ea di nav rew\u015fenb\u00eer\u00ean Sil\u00eamaniy\u00ea de xebatek\u00ee pir r\u00eaxistinkir\u00ee dime\u015f\u00eene. Bi pi\u015ftgiriya hin kes\u00ean ku ji Ewropay\u00ea hatine Sil\u00eamaniy\u00ea, rojeva Sil\u00eamaniy\u00ea hatiye man\u00eepulekirin. N\u00ear\u00een\u00ean Evdila Ocalan, ku li Bakur\u00ea Kurdistan\u00ea \u00e7i destkeft\u00eey\u00ean s\u00eeyas\u00ee \u00fb hwd avanekir\u00ee b\u00fbye r\u00eaber\u00ea rew\u015fenb\u00eer\u00ean Sil\u00eaman\u00eey\u00ea. N\u00ear\u00een\u00ean nezelal \u00ean wek\u00ee konfederal\u00eezma demokrat\u00eek \u00fb modern\u00eeteya demokrat\u00eek wek\u00ee p\u00ea\u015fver\u00fb hatine pejirandin. L\u00eabel\u00ea, Ba\u015f\u00fbr\u00ea Kurdistan\u00ea xwed\u00ee destkeftiyek mezin e, Her\u00eama Kurdistan\u00ea, ku ji perspekt\u00eef\u00ean xeyal\u00ee y\u00ea Ocalan pir p\u00ea\u015fdetir desthilatek\u00ee Kurdistan\u00ee avab\u00fbye. Rojeva wan ne parastin \u00fb demokrat\u00eekkirina v\u00ea destkeftiy\u00ea ye; y\u00ean ku gotarek serp\u00eahat\u00ee wek\u00ee konfederal\u00eezma demokrat\u00eek di\u015fop\u00eenin, xeletiyek mezin dikin. Kurdistana Ba\u015f\u00fbr n\u00eevdewlet e. Ev m\u00eena ku tu ji hesp\u00ea peya bib\u00ee \u00fb xwe li ker\u00ea siwarbik\u00ee ye.<\/span><\/h3>\n<h3 style=\"text-align: justify\"><span style=\"font-family: arial, helvetica, sans-serif\">Di p\u00eanc sal\u00ean daw\u00ee de, rojeva siyas\u00ee li Sil\u00eamaniy\u00ea weke ya PKK\u00ea ku dib\u00eaje \u2018Fa\u015f\u00eezma Erdogan\u2019 \u00fb li ser w\u00ea rojev t\u00ea me\u015fandin. Gelo dewleta Tirk kolonyal\u00eest e? Bel\u00ea. Gelo Erdogan demokrat e? Na&#8230; Ev hem\u00fb rast in. Div\u00ea her Kurdek li dij\u00ee her kolonyal\u00eest helwest bigire. Div\u00ea ew li dij\u00ee nasnameya kolonyal\u00eest a Tirkiyey\u00ea helwest bigire. L\u00ea hewldana dijberiya Tirkiyey\u00ea ji Sil\u00eamaniy\u00ea, di heman dem\u00ea de nekar\u00eena li dij\u00ee dewleta \u00ceran\u00ea ya pa\u015fver\u00fb \u00fb rej\u00eema \u015e\u00eee ya Iraq\u00ea, ku ruh\u00ea Sil\u00eamaniy\u00ea didizin, helwest bigire. Ev ten\u00ea ve\u015fartina xafilb\u00fbna xwe ye. Pa\u015fguhkirina kesayetiy\u00ean m\u00eena Qeys Xezel\u00ee \u00fb Reyan Kildan\u00ee, ku rast li ber \u00e7av\u00ea we ne, rabin qala Erdogan dikin ev yek xwe xapandin e. Ferqa \u00e7i serok\u00ean dagirker n\u00eene l\u00ea y\u00ea ber poz\u00ea te xeternaktir e. p\u00eadiv\u00eeye destp\u00eak\u00ea dijber\u00eeya w\u00ee bik\u00ee. \u00a0<\/span><\/h3>\n<h3 style=\"text-align: justify\"><span style=\"font-family: arial, helvetica, sans-serif\">Y\u00ean ku dagirkirina Kerk\u00fbk\u00ea neb\u00eene \u00fb qala dagirkirina Behd\u00eenan kirin b\u00eawateye. Y\u00ean ku bi peymana gir\u00ea Cas\u00fbsa l\u00fbtkey\u00ean Qend\u00eel radesyt\u00ee dewleta dagirker ya Iran\u00ea kir\u00ee nikarin bib\u00eajin ew Behd\u00eenan dipar\u00eaze. He\u015fd\u00ee \u015eeb\u00ee DA\u00ce\u015e a \u015e\u00eee ya ye. Sil\u00eaman\u00ee \u00fb desthilatdariya w\u00ea ya siyas\u00ee, YNK, hevkar\u00ean stratej\u00eek \u00ean He\u015fd\u00ee \u015eeb\u00ee ne. YNK\u00ea bi komployeke mezin Kerk\u00fbk radest\u00ee He\u015fd\u00ee \u015eeb\u00ee \u00fb hik\u00fbmeta \u00ceran-Iraq\u00ea kir.<\/span><\/h3>\n<h3 style=\"text-align: justify\"><span style=\"font-family: 'arial black', sans-serif;color: #8c0707\">Gelo rew\u015fenb\u00eer\u00ean Sil\u00eamaniy\u00ea w\u00ea dem\u00ea helwest girtin? Naa. L\u00ea rew\u015fenb\u00eer, her \u00e7end li ser Kerkuk\u00ea, ku tam li c\u00eeran\u00ea w\u00ea ye, b\u00eadeng man j\u00ee, behsa fa\u015f\u00eezma dewletek din dikin \u00fb helwest girtin. \u015e\u00fbjina \u00e7av\u00ea xwe re nab\u00eene behsa derz\u00ee \u00e7av\u00ea alem\u00ea re dike.<\/span><\/h3>\n<h3 style=\"text-align: justify\"><span style=\"font-family: arial, helvetica, sans-serif\">R\u00eavebir \u00fb rew\u015fenb\u00eer\u00ean Metro Senter, ku dema \u00e7end kes\u00ean (nasnameya wan nay\u00ea zan\u00een) m\u00eena \u015e\u00eerwan \u015e\u00eerwan\u00ee hatin girtin, nav\u00ean mezin m\u00eena girtiy\u00ean Behd\u00eenan\u00ea bi nav kirin \u00fb daxuyaniyek \u00e7apemeniy\u00ea dan. L\u00ea \u00eero li ber \u00e7av\u00ean van \u201crew\u015fenb\u00eera\u201d dema ku telev\u00eezyon\u00ea ya Lah\u00fbr Ceng\u00ee, ZOOM TV, ji aliy\u00ea komandoy\u00ean YNK\u00ea ve hat talankirin b\u00eadeng man. Gelo ev t\u00ea wateya rew\u015fenb\u00eerb\u00fbn\u00ea? Naa, ev d\u00eevelok\u00ean Bafil in.<\/span><\/h3>\n<h3 style=\"text-align: justify\"><span style=\"font-family: arial, helvetica, sans-serif\">Ev xelet e. Her ti\u015ft li ser kok\u00ean xwe mezin dibe. P\u00ea\u015f\u00ee, div\u00ea h\u00fbn ji fa\u015f\u00eezma part\u00eeyan a li Sil\u00eamaniy\u00ea re b\u00eajin \u00ead\u00ee bese, p\u00ea\u015f\u00ee div\u00ea h\u00fbn ji r\u00eaxistina mafyay\u00ea ya ku bajar\u00ea Sil\u00eamaniy\u00ea bir\u00eave dibe re bib\u00eajin \u00ead\u00ee bese. Ger h\u00fbn v\u00ea yek\u00ea nekin, h\u00fbn nekarin ji wan qehwexaney\u00ean navdar pi\u015ftgiriy\u00ea bidin bajar\u00ean din, dever\u00ean din \u00ean Kurdistan\u00ea. R\u00fbni\u015ftina li wan qehwexaneyan, bi gotina &#8220;kole \u00fb e\u015f\u00eerperest&#8221; ji xelk\u00ea Behd\u00eenan\u00ea re, xelk\u00ea Hewler\u00ea \u00fb endam\u00ean PDK\u00ea re, we nagih\u00eene tu der\u00ea.<\/span><\/h3>\n<h3 style=\"text-align: justify\"><span style=\"font-family: arial, helvetica, sans-serif\">Rew\u015fenb\u00eeran, bi b\u00ea\u00e7alak\u00ee \u00fb ajandey\u00ean xwe y\u00ean xelet, h\u00earsa Bafil Talaban\u00ee ji bo serokatiy\u00ea gur kir\u00eeye \u00fb tet\u00eekk\u00ea\u015f\u00ean mafyay\u00ea y\u00ean wek\u00ee Wehap Heleb\u00e7ey\u00ea kirine kesayetiya her\u00ee r\u00eazdar li Sil\u00eamaniy\u00ea. Windakirin bi her away\u00ee windakirin e. Ji niha \u00fb p\u00ea ve, ew \u00ea an berjewend\u00ee, meqam \u00fb rehetiy\u00ean xwe y\u00ean kesane bidin aliyek\u00ee, rexne \u00fb fedaker\u00ee van xeletiyan rawest\u00eenin, an j\u00ee ew \u00ea bi tevah\u00ee tesl\u00eem\u00ee rej\u00eema mafyaya s\u00eeyas\u00ee ya b\u00eanasname ya li Sil\u00eaman\u00eey\u00ea bibin.<\/span><\/h3>\n<h3 style=\"text-align: justify\"><span style=\"font-family: arial, helvetica, sans-serif\">Hilbijartin \u00fb \u00e7aren\u00fbs di dest\u00ea rew\u015fenb\u00eer \u00fb siyasetmedar\u00ean Sil\u00eamaniy\u00ea de ye. Ji nuke \u00fb p\u00eava p\u00ea\u015fve\u00e7\u00fbn d\u00ea di bin berpirsyar\u00eeya van rew\u015fenb\u00eeran da be.<\/span><\/h3>\n","protected":false},"excerpt":{"rendered":"<p>Di 22 \u00ea Tebax\u00ea de li Sil\u00eamaniy\u00ea d\u00eemen\u00ean tirsnak derketin hol\u00ea. Ew d\u00eemen darbeya le\u015fker\u00ee ya 15 \u00ea T\u00eermeh\u00ea ya li Tirkiyey\u00ea t\u00eenin b\u00eera mirovan. Tirkan le\u015fker\u00ean xwe li kolanan digirtin, ser\u00ea wan j\u00ea dikirin \u00fb li erd\u00ea taz\u00ee dir\u00eaj dikirin. Reqabet \u00fb \u015fer\u00ea desthilatdariy\u00ea y\u00ea di navbera Erdogan \u00fb dijber\u00ean w\u00ee de ders\u00ee asta [&hellip;]<\/p>\n","protected":false},"author":2,"featured_media":1049628,"comment_status":"closed","ping_status":"closed","sticky":false,"template":"","format":"standard","meta":{"footnotes":""},"categories":[68],"tags":[37],"class_list":["post-1049627","post","type-post","status-publish","format-standard","has-post-thumbnail","hentry","category-analiz","tag-sereke"],"blocksy_meta":[],"seo_head":"<!-- This site is optimized with the Yoast SEO plugin v27.5 - https:\/\/yoast.com\/product\/yoast-seo-wordpress\/ -->\n<title>Rexney\u00ean li ser rew\u015fenb\u00eer\u00ean Sil\u00eamaniy\u00ea\u2026 - Darka Maz\u00ee<\/title>\n<meta name=\"robots\" content=\"index, follow, max-snippet:-1, max-image-preview:large, max-video-preview:-1\" \/>\n<link rel=\"canonical\" href=\"https:\/\/darkamazi.info\/archives\/1049627\" \/>\n<meta property=\"og:locale\" content=\"en_US\" \/>\n<meta property=\"og:type\" content=\"article\" \/>\n<meta property=\"og:title\" content=\"Rexney\u00ean li ser rew\u015fenb\u00eer\u00ean Sil\u00eamaniy\u00ea\u2026 - Darka Maz\u00ee\" \/>\n<meta property=\"og:description\" content=\"Di 22 \u00ea Tebax\u00ea de li Sil\u00eamaniy\u00ea d\u00eemen\u00ean tirsnak derketin hol\u00ea. Ew d\u00eemen darbeya le\u015fker\u00ee ya 15 \u00ea T\u00eermeh\u00ea ya li Tirkiyey\u00ea t\u00eenin b\u00eera mirovan. Tirkan le\u015fker\u00ean xwe li kolanan digirtin, ser\u00ea wan j\u00ea dikirin \u00fb li erd\u00ea taz\u00ee dir\u00eaj dikirin. Reqabet \u00fb \u015fer\u00ea desthilatdariy\u00ea y\u00ea di navbera Erdogan \u00fb dijber\u00ean w\u00ee de ders\u00ee asta [&hellip;]\" \/>\n<meta property=\"og:url\" content=\"https:\/\/darkamazi.info\/archives\/1049627\" \/>\n<meta property=\"og:site_name\" content=\"Darka Maz\u00ee\" \/>\n<meta property=\"article:publisher\" content=\"https:\/\/www.facebook.com\/DarMaziKurmanci\" \/>\n<meta property=\"article:published_time\" content=\"2025-08-28T15:44:54+00:00\" \/>\n<meta property=\"og:image\" content=\"https:\/\/darkamazi.info\/file\/2025\/08\/faso-axa-bafo-info.jpg\" \/>\n\t<meta property=\"og:image:width\" content=\"900\" \/>\n\t<meta property=\"og:image:height\" content=\"500\" \/>\n\t<meta property=\"og:image:type\" content=\"image\/jpeg\" \/>\n<meta name=\"author\" content=\"darka mazi\" \/>\n<meta name=\"twitter:card\" content=\"summary_large_image\" \/>\n<meta name=\"twitter:creator\" content=\"@DarkaMaziLatini\" \/>\n<meta name=\"twitter:site\" content=\"@DarkaMaziLatini\" \/>\n<meta name=\"twitter:label1\" content=\"Written by\" \/>\n\t<meta name=\"twitter:data1\" content=\"darka mazi\" \/>\n\t<meta name=\"twitter:label2\" content=\"Est. reading time\" \/>\n\t<meta name=\"twitter:data2\" content=\"6 minutes\" \/>\n<script type=\"application\/ld+json\" class=\"seo-schema-graph\">{\"@context\":\"https:\\\/\\\/schema.org\",\"@graph\":[{\"@type\":\"Article\",\"@id\":\"https:\\\/\\\/darkamazi.info\\\/archives\\\/1049627#article\",\"isPartOf\":{\"@id\":\"https:\\\/\\\/darkamazi.info\\\/archives\\\/1049627\"},\"author\":{\"name\":\"darka mazi\",\"@id\":\"https:\\\/\\\/darkamazi.info\\\/#\\\/schema\\\/person\\\/5ad3e24553a0567993fa8ed4bd0a776c\"},\"headline\":\"Rexney\u00ean li ser rew\u015fenb\u00eer\u00ean Sil\u00eamaniy\u00ea\u2026\",\"datePublished\":\"2025-08-28T15:44:54+00:00\",\"mainEntityOfPage\":{\"@id\":\"https:\\\/\\\/darkamazi.info\\\/archives\\\/1049627\"},\"wordCount\":1620,\"publisher\":{\"@id\":\"https:\\\/\\\/darkamazi.info\\\/#organization\"},\"image\":{\"@id\":\"https:\\\/\\\/darkamazi.info\\\/archives\\\/1049627#primaryimage\"},\"thumbnailUrl\":\"https:\\\/\\\/darkamazi.info\\\/darka-content\\\/uploads\\\/2025\\\/08\\\/faso-axa-bafo-info.jpg\",\"keywords\":[\"sereke\"],\"articleSection\":[\"Anal\u00eez\"],\"inLanguage\":\"en-US\"},{\"@type\":\"WebPage\",\"@id\":\"https:\\\/\\\/darkamazi.info\\\/archives\\\/1049627\",\"url\":\"https:\\\/\\\/darkamazi.info\\\/archives\\\/1049627\",\"name\":\"Rexney\u00ean li ser rew\u015fenb\u00eer\u00ean Sil\u00eamaniy\u00ea\u2026 - Darka Maz\u00ee\",\"isPartOf\":{\"@id\":\"https:\\\/\\\/darkamazi.info\\\/#website\"},\"primaryImageOfPage\":{\"@id\":\"https:\\\/\\\/darkamazi.info\\\/archives\\\/1049627#primaryimage\"},\"image\":{\"@id\":\"https:\\\/\\\/darkamazi.info\\\/archives\\\/1049627#primaryimage\"},\"thumbnailUrl\":\"https:\\\/\\\/darkamazi.info\\\/darka-content\\\/uploads\\\/2025\\\/08\\\/faso-axa-bafo-info.jpg\",\"datePublished\":\"2025-08-28T15:44:54+00:00\",\"breadcrumb\":{\"@id\":\"https:\\\/\\\/darkamazi.info\\\/archives\\\/1049627#breadcrumb\"},\"inLanguage\":\"en-US\",\"potentialAction\":[{\"@type\":\"ReadAction\",\"target\":[\"https:\\\/\\\/darkamazi.info\\\/archives\\\/1049627\"]}]},{\"@type\":\"ImageObject\",\"inLanguage\":\"en-US\",\"@id\":\"https:\\\/\\\/darkamazi.info\\\/archives\\\/1049627#primaryimage\",\"url\":\"https:\\\/\\\/darkamazi.info\\\/darka-content\\\/uploads\\\/2025\\\/08\\\/faso-axa-bafo-info.jpg\",\"contentUrl\":\"https:\\\/\\\/darkamazi.info\\\/darka-content\\\/uploads\\\/2025\\\/08\\\/faso-axa-bafo-info.jpg\",\"width\":900,\"height\":500,\"caption\":\"fa\u015fo axa bafo-info\"},{\"@type\":\"BreadcrumbList\",\"@id\":\"https:\\\/\\\/darkamazi.info\\\/archives\\\/1049627#breadcrumb\",\"itemListElement\":[{\"@type\":\"ListItem\",\"position\":1,\"name\":\"Home\",\"item\":\"https:\\\/\\\/darkamazi.info\\\/\"},{\"@type\":\"ListItem\",\"position\":2,\"name\":\"Rexney\u00ean li ser rew\u015fenb\u00eer\u00ean Sil\u00eamaniy\u00ea\u2026\"}]},{\"@type\":\"WebSite\",\"@id\":\"https:\\\/\\\/darkamazi.info\\\/#website\",\"url\":\"https:\\\/\\\/darkamazi.info\\\/\",\"name\":\"Darka Maz\u00ee\",\"description\":\"P\u00eageha Zanyariy\u00ean Nebih\u00eest\u00ee\",\"publisher\":{\"@id\":\"https:\\\/\\\/darkamazi.info\\\/#organization\"},\"potentialAction\":[{\"@type\":\"SearchAction\",\"target\":{\"@type\":\"EntryPoint\",\"urlTemplate\":\"https:\\\/\\\/darkamazi.info\\\/?s={search_term_string}\"},\"query-input\":{\"@type\":\"PropertyValueSpecification\",\"valueRequired\":true,\"valueName\":\"search_term_string\"}}],\"inLanguage\":\"en-US\"},{\"@type\":\"Organization\",\"@id\":\"https:\\\/\\\/darkamazi.info\\\/#organization\",\"name\":\"Darka Maz\u00ee\",\"url\":\"https:\\\/\\\/darkamazi.info\\\/\",\"logo\":{\"@type\":\"ImageObject\",\"inLanguage\":\"en-US\",\"@id\":\"https:\\\/\\\/darkamazi.info\\\/#\\\/schema\\\/logo\\\/image\\\/\",\"url\":\"https:\\\/\\\/darkamazi.info\\\/darka-content\\\/uploads\\\/2017\\\/12\\\/darka-mazi-logo.png\",\"contentUrl\":\"https:\\\/\\\/darkamazi.info\\\/darka-content\\\/uploads\\\/2017\\\/12\\\/darka-mazi-logo.png\",\"width\":151,\"height\":75,\"caption\":\"Darka Maz\u00ee\"},\"image\":{\"@id\":\"https:\\\/\\\/darkamazi.info\\\/#\\\/schema\\\/logo\\\/image\\\/\"},\"sameAs\":[\"https:\\\/\\\/www.facebook.com\\\/DarMaziKurmanci\",\"https:\\\/\\\/x.com\\\/DarkaMaziLatini\",\"https:\\\/\\\/www.instagram.com\\\/darkamazi.kurmanci\\\/\",\"https:\\\/\\\/www.youtube.com\\\/channel\\\/UCa5HkTdmI8U1qCUFuTw8B2g\"]},{\"@type\":\"Person\",\"@id\":\"https:\\\/\\\/darkamazi.info\\\/#\\\/schema\\\/person\\\/5ad3e24553a0567993fa8ed4bd0a776c\",\"name\":\"darka mazi\",\"sameAs\":[\"https:\\\/\\\/darkamazi.info\\\/\"],\"url\":\"https:\\\/\\\/darkamazi.info\\\/archives\\\/author\\\/kurdi\"}]}<\/script>\n<!-- \/ Yoast SEO plugin. -->","seo_head_json":{"title":"Rexney\u00ean li ser rew\u015fenb\u00eer\u00ean Sil\u00eamaniy\u00ea\u2026 - Darka Maz\u00ee","robots":{"index":"index","follow":"follow","max-snippet":"max-snippet:-1","max-image-preview":"max-image-preview:large","max-video-preview":"max-video-preview:-1"},"canonical":"https:\/\/darkamazi.info\/archives\/1049627","og_locale":"en_US","og_type":"article","og_title":"Rexney\u00ean li ser rew\u015fenb\u00eer\u00ean Sil\u00eamaniy\u00ea\u2026 - Darka Maz\u00ee","og_description":"Di 22 \u00ea Tebax\u00ea de li Sil\u00eamaniy\u00ea d\u00eemen\u00ean tirsnak derketin hol\u00ea. Ew d\u00eemen darbeya le\u015fker\u00ee ya 15 \u00ea T\u00eermeh\u00ea ya li Tirkiyey\u00ea t\u00eenin b\u00eera mirovan. Tirkan le\u015fker\u00ean xwe li kolanan digirtin, ser\u00ea wan j\u00ea dikirin \u00fb li erd\u00ea taz\u00ee dir\u00eaj dikirin. Reqabet \u00fb \u015fer\u00ea desthilatdariy\u00ea y\u00ea di navbera Erdogan \u00fb dijber\u00ean w\u00ee de ders\u00ee asta [&hellip;]","og_url":"https:\/\/darkamazi.info\/archives\/1049627","og_site_name":"Darka Maz\u00ee","article_publisher":"https:\/\/www.facebook.com\/DarMaziKurmanci","article_published_time":"2025-08-28T15:44:54+00:00","og_image":[{"width":900,"height":500,"url":"https:\/\/darkamazi.info\/file\/2025\/08\/faso-axa-bafo-info.jpg","type":"image\/jpeg"}],"author":"darka mazi","twitter_card":"summary_large_image","twitter_creator":"@DarkaMaziLatini","twitter_site":"@DarkaMaziLatini","twitter_misc":{"Written by":"darka mazi","Est. reading time":"6 minutes"},"schema":{"@context":"https:\/\/schema.org","@graph":[{"@type":"Article","@id":"https:\/\/darkamazi.info\/archives\/1049627#article","isPartOf":{"@id":"https:\/\/darkamazi.info\/archives\/1049627"},"author":{"name":"darka mazi","@id":"https:\/\/darkamazi.info\/#\/schema\/person\/5ad3e24553a0567993fa8ed4bd0a776c"},"headline":"Rexney\u00ean li ser rew\u015fenb\u00eer\u00ean Sil\u00eamaniy\u00ea\u2026","datePublished":"2025-08-28T15:44:54+00:00","mainEntityOfPage":{"@id":"https:\/\/darkamazi.info\/archives\/1049627"},"wordCount":1620,"publisher":{"@id":"https:\/\/darkamazi.info\/#organization"},"image":{"@id":"https:\/\/darkamazi.info\/archives\/1049627#primaryimage"},"thumbnailUrl":"https:\/\/darkamazi.info\/file\/2025\/08\/faso-axa-bafo-info.jpg","keywords":["sereke"],"articleSection":["Anal\u00eez"],"inLanguage":"en-US"},{"@type":"WebPage","@id":"https:\/\/darkamazi.info\/archives\/1049627","url":"https:\/\/darkamazi.info\/archives\/1049627","name":"Rexney\u00ean li ser rew\u015fenb\u00eer\u00ean Sil\u00eamaniy\u00ea\u2026 - Darka Maz\u00ee","isPartOf":{"@id":"https:\/\/darkamazi.info\/#website"},"primaryImageOfPage":{"@id":"https:\/\/darkamazi.info\/archives\/1049627#primaryimage"},"image":{"@id":"https:\/\/darkamazi.info\/archives\/1049627#primaryimage"},"thumbnailUrl":"https:\/\/darkamazi.info\/file\/2025\/08\/faso-axa-bafo-info.jpg","datePublished":"2025-08-28T15:44:54+00:00","breadcrumb":{"@id":"https:\/\/darkamazi.info\/archives\/1049627#breadcrumb"},"inLanguage":"en-US","potentialAction":[{"@type":"ReadAction","target":["https:\/\/darkamazi.info\/archives\/1049627"]}]},{"@type":"ImageObject","inLanguage":"en-US","@id":"https:\/\/darkamazi.info\/archives\/1049627#primaryimage","url":"https:\/\/darkamazi.info\/file\/2025\/08\/faso-axa-bafo-info.jpg","contentUrl":"https:\/\/darkamazi.info\/file\/2025\/08\/faso-axa-bafo-info.jpg","width":900,"height":500,"caption":"fa\u015fo axa bafo-info"},{"@type":"BreadcrumbList","@id":"https:\/\/darkamazi.info\/archives\/1049627#breadcrumb","itemListElement":[{"@type":"ListItem","position":1,"name":"Home","item":"https:\/\/darkamazi.info\/"},{"@type":"ListItem","position":2,"name":"Rexney\u00ean li ser rew\u015fenb\u00eer\u00ean Sil\u00eamaniy\u00ea\u2026"}]},{"@type":"WebSite","@id":"https:\/\/darkamazi.info\/#website","url":"https:\/\/darkamazi.info\/","name":"Darka Maz\u00ee","description":"P\u00eageha Zanyariy\u00ean Nebih\u00eest\u00ee","publisher":{"@id":"https:\/\/darkamazi.info\/#organization"},"potentialAction":[{"@type":"SearchAction","target":{"@type":"EntryPoint","urlTemplate":"https:\/\/darkamazi.info\/?s={search_term_string}"},"query-input":{"@type":"PropertyValueSpecification","valueRequired":true,"valueName":"search_term_string"}}],"inLanguage":"en-US"},{"@type":"Organization","@id":"https:\/\/darkamazi.info\/#organization","name":"Darka Maz\u00ee","url":"https:\/\/darkamazi.info\/","logo":{"@type":"ImageObject","inLanguage":"en-US","@id":"https:\/\/darkamazi.info\/#\/schema\/logo\/image\/","url":"https:\/\/darkamazi.info\/file\/2017\/12\/darka-mazi-logo.png","contentUrl":"https:\/\/darkamazi.info\/file\/2017\/12\/darka-mazi-logo.png","width":151,"height":75,"caption":"Darka Maz\u00ee"},"image":{"@id":"https:\/\/darkamazi.info\/#\/schema\/logo\/image\/"},"sameAs":["https:\/\/www.facebook.com\/DarMaziKurmanci","https:\/\/x.com\/DarkaMaziLatini","https:\/\/www.instagram.com\/darkamazi.kurmanci\/","https:\/\/www.youtube.com\/channel\/UCa5HkTdmI8U1qCUFuTw8B2g"]},{"@type":"Person","@id":"https:\/\/darkamazi.info\/#\/schema\/person\/5ad3e24553a0567993fa8ed4bd0a776c","name":"darka mazi","sameAs":["https:\/\/darkamazi.info\/"],"url":"https:\/\/darkamazi.info\/archives\/author\/kurdi"}]}},"_links":{"self":[{"href":"https:\/\/darkamazi.info\/funavuv\/wp\/v2\/posts\/1049627","targetHints":{"allow":["GET"]}}],"collection":[{"href":"https:\/\/darkamazi.info\/funavuv\/wp\/v2\/posts"}],"about":[{"href":"https:\/\/darkamazi.info\/funavuv\/wp\/v2\/types\/post"}],"author":[{"embeddable":true,"href":"https:\/\/darkamazi.info\/funavuv\/wp\/v2\/users\/2"}],"replies":[{"embeddable":true,"href":"https:\/\/darkamazi.info\/funavuv\/wp\/v2\/comments?post=1049627"}],"version-history":[{"count":0,"href":"https:\/\/darkamazi.info\/funavuv\/wp\/v2\/posts\/1049627\/revisions"}],"wp:featuredmedia":[{"embeddable":true,"href":"https:\/\/darkamazi.info\/funavuv\/wp\/v2\/media\/1049628"}],"wp:attachment":[{"href":"https:\/\/darkamazi.info\/funavuv\/wp\/v2\/media?parent=1049627"}],"wp:term":[{"taxonomy":"category","embeddable":true,"href":"https:\/\/darkamazi.info\/funavuv\/wp\/v2\/categories?post=1049627"},{"taxonomy":"post_tag","embeddable":true,"href":"https:\/\/darkamazi.info\/funavuv\/wp\/v2\/tags?post=1049627"}],"curies":[{"name":"wp","href":"https:\/\/api.w.org\/{rel}","templated":true}]}}