{"id":1049634,"date":"2025-08-30T12:20:01","date_gmt":"2025-08-30T09:20:01","guid":{"rendered":"https:\/\/darkamazi.info\/?p=1049634"},"modified":"2025-08-30T12:20:01","modified_gmt":"2025-08-30T09:20:01","slug":"reveberiya-xweser-li-herema-kobane-dest-bi-serjimeriya-gisti-kir","status":"publish","type":"post","link":"https:\/\/darkamazi.info\/archives\/1049634","title":{"rendered":"R\u00eaveberiya Xweser li Her\u00eama Koban\u00ea dest bi serjim\u00eariya gi\u015ft\u00ee kir"},"content":{"rendered":"<h3 style=\"text-align: justify\"><span style=\"font-family: 'arial black', sans-serif\">R\u00eaveberiya Xweser \u00eero 30\u00ea Tebax\u00ea, dest bi proseya serjim\u00eariya gi\u015ft\u00ee ya xelk\u00ea li her\u00eama Koban\u00ea kir. Ji bo ku prose bi awayek\u00ee serkeft\u00ee bir\u00eave bi\u00e7e, li seranser\u00ea her\u00eam\u00ea qedexeya \u00e7\u00fbn\u00fbhatin\u00ea hate ragihandin.<\/span><\/h3>\n<h3 style=\"text-align: justify\">Li gor daxuyaniya R\u00eaveberiya Xweser, 4 hezar t\u00eem\u00ean taybet \u00ean serjim\u00eariy\u00ea li bajar\u00ean Koban\u00ea, Sir\u00een, Eyn \u00cesa, El-Qenaye, \u00c7elebiye \u00fb gundewar\u00ean wan digerin \u00fb dest bi tomarkirina daneyan kirine.<\/h3>\n<h3 style=\"text-align: justify\">Ji bo h\u00easankirina kar\u00ea t\u00eeman \u00fb misogerkirina rastb\u00fbna hejmaran, R\u00eaveberiya Xweser daxwaz ji welatiyan kir ku heta bidaw\u00eehatina prosey\u00ea li mal\u00ean xwe bim\u00eenin \u00fb bi t\u00eem\u00ean serjim\u00eariy\u00ea re hevkariy\u00ea bikin. Qedexeya derketina derve d\u00ea heta bidaw\u00eeb\u00fbna kar\u00ea serjim\u00eariy\u00ea berdewam bike.<\/h3>\n<h3 style=\"text-align: justify\">R\u00eaveberiya Xweser ragihandiye ku ji bo serxistina v\u00ea proseya gir\u00eeng hem\u00fb amadekar\u00ee \u00fb t\u00eem\u00ean p\u00eaw\u00eest hatine dab\u00eenkirin.<\/h3>\n","protected":false},"excerpt":{"rendered":"<p>R\u00eaveberiya Xweser \u00eero 30\u00ea Tebax\u00ea, dest bi proseya serjim\u00eariya gi\u015ft\u00ee ya xelk\u00ea li her\u00eama Koban\u00ea kir. Ji bo ku prose bi awayek\u00ee serkeft\u00ee bir\u00eave bi\u00e7e, li seranser\u00ea her\u00eam\u00ea qedexeya \u00e7\u00fbn\u00fbhatin\u00ea hate ragihandin. Li gor daxuyaniya R\u00eaveberiya Xweser, 4 hezar t\u00eem\u00ean taybet \u00ean serjim\u00eariy\u00ea li bajar\u00ean Koban\u00ea, Sir\u00een, Eyn \u00cesa, El-Qenaye, \u00c7elebiye \u00fb gundewar\u00ean wan digerin [&hellip;]<\/p>\n","protected":false},"author":2,"featured_media":1049635,"comment_status":"closed","ping_status":"closed","sticky":false,"template":"","format":"standard","meta":{"footnotes":""},"categories":[29],"tags":[37],"class_list":["post-1049634","post","type-post","status-publish","format-standard","has-post-thumbnail","hentry","category-kurdistan","tag-sereke"],"blocksy_meta":[],"seo_head":"<!-- This site is optimized with the Yoast SEO plugin v27.5 - https:\/\/yoast.com\/product\/yoast-seo-wordpress\/ -->\n<title>R\u00eaveberiya Xweser li Her\u00eama Koban\u00ea dest bi serjim\u00eariya gi\u015ft\u00ee kir - Darka Maz\u00ee<\/title>\n<meta name=\"robots\" content=\"index, follow, max-snippet:-1, max-image-preview:large, max-video-preview:-1\" \/>\n<link rel=\"canonical\" href=\"https:\/\/darkamazi.info\/archives\/1049634\" \/>\n<meta property=\"og:locale\" content=\"en_US\" \/>\n<meta property=\"og:type\" content=\"article\" \/>\n<meta property=\"og:title\" content=\"R\u00eaveberiya Xweser li Her\u00eama Koban\u00ea dest bi serjim\u00eariya gi\u015ft\u00ee kir - Darka Maz\u00ee\" \/>\n<meta property=\"og:description\" content=\"R\u00eaveberiya Xweser \u00eero 30\u00ea Tebax\u00ea, dest bi proseya serjim\u00eariya gi\u015ft\u00ee ya xelk\u00ea li her\u00eama Koban\u00ea kir. Ji bo ku prose bi awayek\u00ee serkeft\u00ee bir\u00eave bi\u00e7e, li seranser\u00ea her\u00eam\u00ea qedexeya \u00e7\u00fbn\u00fbhatin\u00ea hate ragihandin. Li gor daxuyaniya R\u00eaveberiya Xweser, 4 hezar t\u00eem\u00ean taybet \u00ean serjim\u00eariy\u00ea li bajar\u00ean Koban\u00ea, Sir\u00een, Eyn \u00cesa, El-Qenaye, \u00c7elebiye \u00fb gundewar\u00ean wan digerin [&hellip;]\" \/>\n<meta property=\"og:url\" content=\"https:\/\/darkamazi.info\/archives\/1049634\" \/>\n<meta property=\"og:site_name\" content=\"Darka Maz\u00ee\" \/>\n<meta property=\"article:publisher\" content=\"https:\/\/www.facebook.com\/DarMaziKurmanci\" \/>\n<meta property=\"article:published_time\" content=\"2025-08-30T09:20:01+00:00\" \/>\n<meta property=\"og:image\" content=\"https:\/\/darkamazi.info\/file\/2025\/08\/kobane-serjimeri.jpg\" \/>\n\t<meta property=\"og:image:width\" content=\"900\" \/>\n\t<meta property=\"og:image:height\" content=\"497\" \/>\n\t<meta property=\"og:image:type\" content=\"image\/jpeg\" \/>\n<meta name=\"author\" content=\"darka mazi\" \/>\n<meta name=\"twitter:card\" content=\"summary_large_image\" \/>\n<meta name=\"twitter:creator\" content=\"@DarkaMaziLatini\" \/>\n<meta name=\"twitter:site\" content=\"@DarkaMaziLatini\" \/>\n<meta name=\"twitter:label1\" content=\"Written by\" \/>\n\t<meta name=\"twitter:data1\" content=\"darka mazi\" \/>\n\t<meta name=\"twitter:label2\" content=\"Est. reading time\" \/>\n\t<meta name=\"twitter:data2\" content=\"1 minute\" \/>\n<script type=\"application\/ld+json\" class=\"seo-schema-graph\">{\"@context\":\"https:\\\/\\\/schema.org\",\"@graph\":[{\"@type\":\"Article\",\"@id\":\"https:\\\/\\\/darkamazi.info\\\/archives\\\/1049634#article\",\"isPartOf\":{\"@id\":\"https:\\\/\\\/darkamazi.info\\\/archives\\\/1049634\"},\"author\":{\"name\":\"darka mazi\",\"@id\":\"https:\\\/\\\/darkamazi.info\\\/#\\\/schema\\\/person\\\/5ad3e24553a0567993fa8ed4bd0a776c\"},\"headline\":\"R\u00eaveberiya Xweser li Her\u00eama Koban\u00ea dest bi serjim\u00eariya gi\u015ft\u00ee kir\",\"datePublished\":\"2025-08-30T09:20:01+00:00\",\"mainEntityOfPage\":{\"@id\":\"https:\\\/\\\/darkamazi.info\\\/archives\\\/1049634\"},\"wordCount\":160,\"publisher\":{\"@id\":\"https:\\\/\\\/darkamazi.info\\\/#organization\"},\"image\":{\"@id\":\"https:\\\/\\\/darkamazi.info\\\/archives\\\/1049634#primaryimage\"},\"thumbnailUrl\":\"https:\\\/\\\/darkamazi.info\\\/darka-content\\\/uploads\\\/2025\\\/08\\\/kobane-serjimeri.jpg\",\"keywords\":[\"sereke\"],\"articleSection\":[\"Kurdistan\"],\"inLanguage\":\"en-US\"},{\"@type\":\"WebPage\",\"@id\":\"https:\\\/\\\/darkamazi.info\\\/archives\\\/1049634\",\"url\":\"https:\\\/\\\/darkamazi.info\\\/archives\\\/1049634\",\"name\":\"R\u00eaveberiya Xweser li Her\u00eama Koban\u00ea dest bi serjim\u00eariya gi\u015ft\u00ee kir - Darka Maz\u00ee\",\"isPartOf\":{\"@id\":\"https:\\\/\\\/darkamazi.info\\\/#website\"},\"primaryImageOfPage\":{\"@id\":\"https:\\\/\\\/darkamazi.info\\\/archives\\\/1049634#primaryimage\"},\"image\":{\"@id\":\"https:\\\/\\\/darkamazi.info\\\/archives\\\/1049634#primaryimage\"},\"thumbnailUrl\":\"https:\\\/\\\/darkamazi.info\\\/darka-content\\\/uploads\\\/2025\\\/08\\\/kobane-serjimeri.jpg\",\"datePublished\":\"2025-08-30T09:20:01+00:00\",\"breadcrumb\":{\"@id\":\"https:\\\/\\\/darkamazi.info\\\/archives\\\/1049634#breadcrumb\"},\"inLanguage\":\"en-US\",\"potentialAction\":[{\"@type\":\"ReadAction\",\"target\":[\"https:\\\/\\\/darkamazi.info\\\/archives\\\/1049634\"]}]},{\"@type\":\"ImageObject\",\"inLanguage\":\"en-US\",\"@id\":\"https:\\\/\\\/darkamazi.info\\\/archives\\\/1049634#primaryimage\",\"url\":\"https:\\\/\\\/darkamazi.info\\\/darka-content\\\/uploads\\\/2025\\\/08\\\/kobane-serjimeri.jpg\",\"contentUrl\":\"https:\\\/\\\/darkamazi.info\\\/darka-content\\\/uploads\\\/2025\\\/08\\\/kobane-serjimeri.jpg\",\"width\":900,\"height\":497,\"caption\":\"R\u00eaveberiya Xweser li Her\u00eama Koban\u00ea dest bi serjim\u00eariya gi\u015ft\u00ee kir\"},{\"@type\":\"BreadcrumbList\",\"@id\":\"https:\\\/\\\/darkamazi.info\\\/archives\\\/1049634#breadcrumb\",\"itemListElement\":[{\"@type\":\"ListItem\",\"position\":1,\"name\":\"Home\",\"item\":\"https:\\\/\\\/darkamazi.info\\\/\"},{\"@type\":\"ListItem\",\"position\":2,\"name\":\"R\u00eaveberiya Xweser li Her\u00eama Koban\u00ea dest bi serjim\u00eariya gi\u015ft\u00ee kir\"}]},{\"@type\":\"WebSite\",\"@id\":\"https:\\\/\\\/darkamazi.info\\\/#website\",\"url\":\"https:\\\/\\\/darkamazi.info\\\/\",\"name\":\"Darka Maz\u00ee\",\"description\":\"P\u00eageha Zanyariy\u00ean Nebih\u00eest\u00ee\",\"publisher\":{\"@id\":\"https:\\\/\\\/darkamazi.info\\\/#organization\"},\"potentialAction\":[{\"@type\":\"SearchAction\",\"target\":{\"@type\":\"EntryPoint\",\"urlTemplate\":\"https:\\\/\\\/darkamazi.info\\\/?s={search_term_string}\"},\"query-input\":{\"@type\":\"PropertyValueSpecification\",\"valueRequired\":true,\"valueName\":\"search_term_string\"}}],\"inLanguage\":\"en-US\"},{\"@type\":\"Organization\",\"@id\":\"https:\\\/\\\/darkamazi.info\\\/#organization\",\"name\":\"Darka Maz\u00ee\",\"url\":\"https:\\\/\\\/darkamazi.info\\\/\",\"logo\":{\"@type\":\"ImageObject\",\"inLanguage\":\"en-US\",\"@id\":\"https:\\\/\\\/darkamazi.info\\\/#\\\/schema\\\/logo\\\/image\\\/\",\"url\":\"https:\\\/\\\/darkamazi.info\\\/darka-content\\\/uploads\\\/2017\\\/12\\\/darka-mazi-logo.png\",\"contentUrl\":\"https:\\\/\\\/darkamazi.info\\\/darka-content\\\/uploads\\\/2017\\\/12\\\/darka-mazi-logo.png\",\"width\":151,\"height\":75,\"caption\":\"Darka Maz\u00ee\"},\"image\":{\"@id\":\"https:\\\/\\\/darkamazi.info\\\/#\\\/schema\\\/logo\\\/image\\\/\"},\"sameAs\":[\"https:\\\/\\\/www.facebook.com\\\/DarMaziKurmanci\",\"https:\\\/\\\/x.com\\\/DarkaMaziLatini\",\"https:\\\/\\\/www.instagram.com\\\/darkamazi.kurmanci\\\/\",\"https:\\\/\\\/www.youtube.com\\\/channel\\\/UCa5HkTdmI8U1qCUFuTw8B2g\"]},{\"@type\":\"Person\",\"@id\":\"https:\\\/\\\/darkamazi.info\\\/#\\\/schema\\\/person\\\/5ad3e24553a0567993fa8ed4bd0a776c\",\"name\":\"darka mazi\",\"sameAs\":[\"https:\\\/\\\/darkamazi.info\\\/\"],\"url\":\"https:\\\/\\\/darkamazi.info\\\/archives\\\/author\\\/kurdi\"}]}<\/script>\n<!-- \/ Yoast SEO plugin. -->","seo_head_json":{"title":"R\u00eaveberiya Xweser li Her\u00eama Koban\u00ea dest bi serjim\u00eariya gi\u015ft\u00ee kir - Darka Maz\u00ee","robots":{"index":"index","follow":"follow","max-snippet":"max-snippet:-1","max-image-preview":"max-image-preview:large","max-video-preview":"max-video-preview:-1"},"canonical":"https:\/\/darkamazi.info\/archives\/1049634","og_locale":"en_US","og_type":"article","og_title":"R\u00eaveberiya Xweser li Her\u00eama Koban\u00ea dest bi serjim\u00eariya gi\u015ft\u00ee kir - Darka Maz\u00ee","og_description":"R\u00eaveberiya Xweser \u00eero 30\u00ea Tebax\u00ea, dest bi proseya serjim\u00eariya gi\u015ft\u00ee ya xelk\u00ea li her\u00eama Koban\u00ea kir. Ji bo ku prose bi awayek\u00ee serkeft\u00ee bir\u00eave bi\u00e7e, li seranser\u00ea her\u00eam\u00ea qedexeya \u00e7\u00fbn\u00fbhatin\u00ea hate ragihandin. Li gor daxuyaniya R\u00eaveberiya Xweser, 4 hezar t\u00eem\u00ean taybet \u00ean serjim\u00eariy\u00ea li bajar\u00ean Koban\u00ea, Sir\u00een, Eyn \u00cesa, El-Qenaye, \u00c7elebiye \u00fb gundewar\u00ean wan digerin [&hellip;]","og_url":"https:\/\/darkamazi.info\/archives\/1049634","og_site_name":"Darka Maz\u00ee","article_publisher":"https:\/\/www.facebook.com\/DarMaziKurmanci","article_published_time":"2025-08-30T09:20:01+00:00","og_image":[{"width":900,"height":497,"url":"https:\/\/darkamazi.info\/file\/2025\/08\/kobane-serjimeri.jpg","type":"image\/jpeg"}],"author":"darka mazi","twitter_card":"summary_large_image","twitter_creator":"@DarkaMaziLatini","twitter_site":"@DarkaMaziLatini","twitter_misc":{"Written by":"darka mazi","Est. reading time":"1 minute"},"schema":{"@context":"https:\/\/schema.org","@graph":[{"@type":"Article","@id":"https:\/\/darkamazi.info\/archives\/1049634#article","isPartOf":{"@id":"https:\/\/darkamazi.info\/archives\/1049634"},"author":{"name":"darka mazi","@id":"https:\/\/darkamazi.info\/#\/schema\/person\/5ad3e24553a0567993fa8ed4bd0a776c"},"headline":"R\u00eaveberiya Xweser li Her\u00eama Koban\u00ea dest bi serjim\u00eariya gi\u015ft\u00ee kir","datePublished":"2025-08-30T09:20:01+00:00","mainEntityOfPage":{"@id":"https:\/\/darkamazi.info\/archives\/1049634"},"wordCount":160,"publisher":{"@id":"https:\/\/darkamazi.info\/#organization"},"image":{"@id":"https:\/\/darkamazi.info\/archives\/1049634#primaryimage"},"thumbnailUrl":"https:\/\/darkamazi.info\/file\/2025\/08\/kobane-serjimeri.jpg","keywords":["sereke"],"articleSection":["Kurdistan"],"inLanguage":"en-US"},{"@type":"WebPage","@id":"https:\/\/darkamazi.info\/archives\/1049634","url":"https:\/\/darkamazi.info\/archives\/1049634","name":"R\u00eaveberiya Xweser li Her\u00eama Koban\u00ea dest bi serjim\u00eariya gi\u015ft\u00ee kir - Darka Maz\u00ee","isPartOf":{"@id":"https:\/\/darkamazi.info\/#website"},"primaryImageOfPage":{"@id":"https:\/\/darkamazi.info\/archives\/1049634#primaryimage"},"image":{"@id":"https:\/\/darkamazi.info\/archives\/1049634#primaryimage"},"thumbnailUrl":"https:\/\/darkamazi.info\/file\/2025\/08\/kobane-serjimeri.jpg","datePublished":"2025-08-30T09:20:01+00:00","breadcrumb":{"@id":"https:\/\/darkamazi.info\/archives\/1049634#breadcrumb"},"inLanguage":"en-US","potentialAction":[{"@type":"ReadAction","target":["https:\/\/darkamazi.info\/archives\/1049634"]}]},{"@type":"ImageObject","inLanguage":"en-US","@id":"https:\/\/darkamazi.info\/archives\/1049634#primaryimage","url":"https:\/\/darkamazi.info\/file\/2025\/08\/kobane-serjimeri.jpg","contentUrl":"https:\/\/darkamazi.info\/file\/2025\/08\/kobane-serjimeri.jpg","width":900,"height":497,"caption":"R\u00eaveberiya Xweser li Her\u00eama Koban\u00ea dest bi serjim\u00eariya gi\u015ft\u00ee kir"},{"@type":"BreadcrumbList","@id":"https:\/\/darkamazi.info\/archives\/1049634#breadcrumb","itemListElement":[{"@type":"ListItem","position":1,"name":"Home","item":"https:\/\/darkamazi.info\/"},{"@type":"ListItem","position":2,"name":"R\u00eaveberiya Xweser li Her\u00eama Koban\u00ea dest bi serjim\u00eariya gi\u015ft\u00ee kir"}]},{"@type":"WebSite","@id":"https:\/\/darkamazi.info\/#website","url":"https:\/\/darkamazi.info\/","name":"Darka Maz\u00ee","description":"P\u00eageha Zanyariy\u00ean Nebih\u00eest\u00ee","publisher":{"@id":"https:\/\/darkamazi.info\/#organization"},"potentialAction":[{"@type":"SearchAction","target":{"@type":"EntryPoint","urlTemplate":"https:\/\/darkamazi.info\/?s={search_term_string}"},"query-input":{"@type":"PropertyValueSpecification","valueRequired":true,"valueName":"search_term_string"}}],"inLanguage":"en-US"},{"@type":"Organization","@id":"https:\/\/darkamazi.info\/#organization","name":"Darka Maz\u00ee","url":"https:\/\/darkamazi.info\/","logo":{"@type":"ImageObject","inLanguage":"en-US","@id":"https:\/\/darkamazi.info\/#\/schema\/logo\/image\/","url":"https:\/\/darkamazi.info\/file\/2017\/12\/darka-mazi-logo.png","contentUrl":"https:\/\/darkamazi.info\/file\/2017\/12\/darka-mazi-logo.png","width":151,"height":75,"caption":"Darka Maz\u00ee"},"image":{"@id":"https:\/\/darkamazi.info\/#\/schema\/logo\/image\/"},"sameAs":["https:\/\/www.facebook.com\/DarMaziKurmanci","https:\/\/x.com\/DarkaMaziLatini","https:\/\/www.instagram.com\/darkamazi.kurmanci\/","https:\/\/www.youtube.com\/channel\/UCa5HkTdmI8U1qCUFuTw8B2g"]},{"@type":"Person","@id":"https:\/\/darkamazi.info\/#\/schema\/person\/5ad3e24553a0567993fa8ed4bd0a776c","name":"darka mazi","sameAs":["https:\/\/darkamazi.info\/"],"url":"https:\/\/darkamazi.info\/archives\/author\/kurdi"}]}},"_links":{"self":[{"href":"https:\/\/darkamazi.info\/funavuv\/wp\/v2\/posts\/1049634","targetHints":{"allow":["GET"]}}],"collection":[{"href":"https:\/\/darkamazi.info\/funavuv\/wp\/v2\/posts"}],"about":[{"href":"https:\/\/darkamazi.info\/funavuv\/wp\/v2\/types\/post"}],"author":[{"embeddable":true,"href":"https:\/\/darkamazi.info\/funavuv\/wp\/v2\/users\/2"}],"replies":[{"embeddable":true,"href":"https:\/\/darkamazi.info\/funavuv\/wp\/v2\/comments?post=1049634"}],"version-history":[{"count":0,"href":"https:\/\/darkamazi.info\/funavuv\/wp\/v2\/posts\/1049634\/revisions"}],"wp:featuredmedia":[{"embeddable":true,"href":"https:\/\/darkamazi.info\/funavuv\/wp\/v2\/media\/1049635"}],"wp:attachment":[{"href":"https:\/\/darkamazi.info\/funavuv\/wp\/v2\/media?parent=1049634"}],"wp:term":[{"taxonomy":"category","embeddable":true,"href":"https:\/\/darkamazi.info\/funavuv\/wp\/v2\/categories?post=1049634"},{"taxonomy":"post_tag","embeddable":true,"href":"https:\/\/darkamazi.info\/funavuv\/wp\/v2\/tags?post=1049634"}],"curies":[{"name":"wp","href":"https:\/\/api.w.org\/{rel}","templated":true}]}}