{"id":1049637,"date":"2025-08-30T13:13:56","date_gmt":"2025-08-30T10:13:56","guid":{"rendered":"https:\/\/darkamazi.info\/?p=1049637"},"modified":"2025-08-30T13:13:56","modified_gmt":"2025-08-30T10:13:56","slug":"bayram-bozyel-kilida-astiya-rojhilata-navin-di-careserkirina-pirsa-kurd-de-ye","status":"publish","type":"post","link":"https:\/\/darkamazi.info\/archives\/1049637","title":{"rendered":"Bayram Bozyel: Kil\u00eeda a\u015ftiya Rojhilata Nav\u00een di \u00e7areserkirina pirsa Kurd de ye"},"content":{"rendered":"<h3 style=\"text-align: justify\"><span style=\"font-family: 'arial black', sans-serif\">Serok\u00ea Gi\u015ft\u00ee y\u00ea Partiya Sosyal\u00eest a Kurdistan\u00ea (PSK) Bayram Bozyel \u00eero 30\u00ea Tebax\u00ea, daxuyaniyek niv\u00eesk\u00ee bi helkefta 1\u00ea \u00celon\u00ea, Roja A\u015ftiy\u00ea ya C\u00eehan\u00ea, belav kir \u00fb t\u00ea de tekez kir ku a\u015ftiyeke may\u00eende li Rojhilata Nav\u00een ten\u00ea bi \u00e7areseriyeke adil \u00fb wekhev a pirsgir\u00eaka Kurd p\u00eakan e.<\/span><\/h3>\n<h3 style=\"text-align: justify\">Di daxuyaniy\u00ea de hat destn\u00ee\u015fankirin ku mirovah\u00ee ji a\u015ftiy\u00ea d\u00fbr e \u00fb \u00e7avkaniy\u00ean ku div\u00ea ji bo refah\u00ea b\u00ean xerckirin, di \u015fer de t\u00ean bikaran\u00een. Bozyel sedema bingeh\u00een a \u015fer \u00fb pev\u00e7\u00fbn\u00ean sedsal\u00ee y\u00ean li her\u00eam\u00ea bi &#8220;binp\u00eakirina maf\u00ean netewey\u00ee y\u00ean gel\u00ea Kurd \u00fb par\u00e7ekirina Kurdistan\u00ea&#8221; ve gir\u00ea da \u00fb got ku pol\u00eet\u00eekay\u00ean \u00eenkar \u00fb zordariy\u00ea b\u00fbne sedema \u00ea\u015f\u00ean mezin ne ten\u00ea ji bo Kurdan, l\u00ea ji bo tevahiya her\u00eam\u00ea.<\/h3>\n<h3 style=\"text-align: justify\"><span style=\"font-family: 'arial black', sans-serif\">Daxuyaniya Serok\u00ea Gi\u015ft\u00ee y\u00ea PSK\u00ea Bayram Bozyel:<\/span><\/h3>\n<h3 style=\"text-align: justify\">A\u015ftiyeke May\u00eende Dikare Li Ser Bingeha Azad\u00ee \u00fb Wekheviy\u00ea B\u00ea Avakirin<\/h3>\n<h3 style=\"text-align: justify\">Di 1\u00ea \u00celon\u00ea Roja A\u015ftiya C\u00eehan\u00ea de, mirovah\u00ee h\u00een j\u00ee ji a\u015ftiyeke may\u00eende \u00fb domdar gelek d\u00fbr e.\u00a0 Di \u015fer\u00ean ku li \u00e7ar aliy\u00ea c\u00eehan\u00ea \u00fb li her\u00eam\u00ea diqewimin de her roj bi hezaran siv\u00eel, jin \u00fb zarok bi hovane t\u00ean ku\u015ftin. \u00c7avkaniy\u00ean abor\u00ee y\u00ean ku div\u00ea ji bo ba\u015fiya mirovahiy\u00ea, perwerde, tendurist\u00ee \u00fb xwarin\u00ea werin xerckirin, ji bo \u00e7ek \u00fb \u015fer t\u00eane bikar an\u00een.<\/h3>\n<h3 style=\"text-align: justify\">Sedema bingeh\u00een a \u015fer \u00fb tund\u00fbt\u00fbjiya sedsal\u00ee li Rojhilata Nav\u00een binp\u00eakirina maf\u00ean netewey\u00ee y\u00ean gel\u00ea Kurd \u00fb par\u00e7ekirina Kurdistan\u00ea ye. Pol\u00eet\u00eekay\u00ean \u00eenkar \u00fb zordariy\u00ea y\u00ean ku di sedsala bor\u00ee de li dij\u00ee heb\u00fbn \u00fb maf\u00ean gel\u00ea Kurd hatine me\u015fandin ne ten\u00ea jibo gel\u00ea Kurd \u00ea\u015f\u00ean mezin peyda kirine, di heman dem\u00ea de \u00e7erxek b\u00eadaw\u00ee ya pev\u00e7\u00fbn \u00fb tund\u00fbt\u00fbjiy\u00ea li her\u00eam\u00ea p\u00eak an\u00eeye.<\/h3>\n<h3 style=\"text-align: justify\">Di roja \u00eeroy\u00een de gel\u00ea me li Ba\u015f\u00fbr\u00ea Kurdistan\u00ea statuyek federe \u00fb azad bi dest xistiye, l\u00ea bel\u00ea li welat\u00ean din pol\u00eet\u00eekay\u00ean \u00eenkar \u00fb tund\u00fbt\u00fbjiy\u00ea li dij\u00ee gel\u00ea Kurd berdewam dikin.<\/h3>\n<h3 style=\"text-align: justify\">Rej\u00eema pa\u015fver\u00fb a li \u00ceran\u00ea her roj bi darvekirina ciwan \u00fb jin\u00ean Kurd bersiv\u00ea dide daxwaz\u00ean her\u00ee masumane y\u00ean gel\u00ea Kurd. Tev\u00ee hilwe\u015f\u00eena d\u00eektatoriya 61 sal\u00ee ya Esed li S\u00fbriyey\u00ea, b\u00eatehamuliya li hember heb\u00fbn \u00fb maf\u00ean gel\u00ea Kurd berdewam dike. Her \u00e7end hilwe\u015f\u00eena d\u00eektatoriya Esed ji bo hem\u00ee kom\u00ean netewey\u00ee \u00fb ol\u00ee derfetek peyda kir ku rej\u00eemek demokrat\u00eek \u00fb piral\u00ee b\u00ea ava kirin j\u00ee, helwesta dijminane ya li hember gel\u00ea Kurd atmosfera er\u00ean\u00ee ya hey\u00ee jehr\u00ee dike. H\u00eaz\u00ean ku heb\u00fbna xwe li ser \u015fer \u00fb tund\u00fbt\u00fbjiy\u00ea ava kirine, agir ge\u015f dikin da ku S\u00fbriyey\u00ea biki\u015f\u00eenin nav \u015ferek\u00ee n\u00fb.<\/h3>\n<h3 style=\"text-align: justify\">Di sedsala bor\u00ee de, pol\u00eet\u00eekay\u00ean tund\u00fbt\u00fbj\u00ee \u00fb pev\u00e7\u00fbn\u00ea y\u00ean dij\u00ee kurd li Tirkiyey\u00ea ne ten\u00ea \u00ea\u015f\u00ean mezin jibo gel\u00ea Kurd peyda kirin, l\u00ea di heman dem\u00ea de Tirkiyey\u00ea di her war\u00ee de xistine nav gerinekek\u00ea k\u00fbr.<\/h3>\n<h3 style=\"text-align: justify\">Rayedar\u00ean Tirkiyey\u00ea, ev demeke ku jiber ge\u015fedan\u00ean her\u00eam\u00ee y\u00ean daw\u00ee bir armanca \u00e7erberdana PKK\u00ea dest p\u00eavajoyek kirine. Kom\u00eeteyek Parlamentoy\u00ea ku ji bo avakirina bingeha qan\u00fbn\u00ee ya ji bo \u00e7ekberdana PKK\u00ea hatiye damezrandin, civ\u00een\u00ean c\u00fbrbec\u00fbr li dar dixe.<\/h3>\n<h3 style=\"text-align: justify\">B\u00ea guman gir\u00eeng e ku PKK \u00e7ek berde \u00fb pev\u00e7\u00fbn bi daw\u00ee b\u00ean. Div\u00ea \u015fer \u00fb pev\u00e7\u00fbn ku z\u00eeyan\u00ean mezin \u00ean can\u00ee \u00fb mal\u00ee daye gel\u00ea Kurd, tavil\u00ea biqede \u00fb div\u00ea r\u00ea li ber siyaseta demokrat\u00eek were vekirin. L\u00eabel\u00ea, ji ber neb\u00fbna aso \u00fb \u00e7areseriyek berfireh ji bo pirsgir\u00eaka Kurd a hik\u00fbmet\u00ea, p\u00eavajoya b\u00ea\u00e7ekkirina PKK\u00ea li gor\u00ee planan bir\u00eave na\u00e7e.<\/h3>\n<h3 style=\"text-align: justify\">Wek\u00ee PSK em dixwazin dubare bikin ku meseleya bingeh\u00een, azadiya netewey\u00ee ya gel\u00ea Kurd e. \u00c7avkaniya hem\u00fb pirsgir\u00eak\u00ean hey\u00ee, siyaseta sedsalane ya red, \u00eenkar, as\u00eem\u00eelasyon \u00fb tund\u00fbt\u00fbjiy\u00ea ya li dij\u00ee gel\u00ea Kurd e. A\u015ftiyek may\u00eende, b\u00eay\u00ee bidaw\u00eekirina neheqiy\u00ean d\u00eerok\u00ee y\u00ean sedsalane y\u00ean ku li gel\u00ea Kurd hatine kirin, nay\u00ea avakirin. B\u00eay\u00ee naskirina maf\u00ean gel\u00ea Kurd \u00ean ji nasnameya w\u00ee ya netewey\u00ee dert\u00ea, li her\u00eam\u00ea aram\u00ee p\u00eaknay\u00ea. Heta ku pirsgir\u00eaka Kurd bi awayek\u00ee dad\u00ee \u00fb wekhev ney\u00ea \u00e7areserkirin, kes nikare a\u015ftiy\u00ea bib\u00eene.<\/h3>\n<h3 style=\"text-align: justify\">Kil\u00eeda a\u015ft\u00ee \u00fb aramiya li Rojhilata Nav\u00een di w\u00ea yek\u00ea da ye ku gel\u00ea Kurd bikaribe li welat\u00ea xwe li Kurdistan\u00ea da bi awayek\u00ea azad bij\u00ee. Serkeftina p\u00eavajoya b\u00ea\u00e7ekkirina PKK\u00ea j\u00ee di heman dem\u00ea de t\u00eagih\u00ee\u015ftinek piral\u00ee jibo pirsgir\u00eaka Kurd div\u00ea. P\u00eavajoya b\u00ea\u00e7ekkirin\u00ea ten\u00ea bi perspekt\u00eefa niv\u00eesandina dest\u00fbrek n\u00fb ku heb\u00fbna netewey\u00ee \u00fb maf\u00ean gel\u00ea Kurd nas bike, dikare serkeve.<\/h3>\n<h3 style=\"text-align: justify\">Bi minasebeta 1\u00ea \u00celon\u00ea, Roja A\u015ftiy\u00ea ya C\u00eehan\u00ea, em hem\u00fb aktor\u00ean siyas\u00ee y\u00ean li Tirkiyey\u00ea vedixw\u00eenin ku \u00eeradeyek avaker \u00fb bibandor di derbar\u00ea pirsgir\u00eaka Kurd de n\u00ee\u015fan bidin. Bila ney\u00ea jib\u00eer kirin: Ger Kurd azad nebin, azadiya Tirkan j\u00ee xewnek e.<\/h3>\n<h3 style=\"text-align: justify\">Di v\u00ea dem\u00ea de ku her\u00eama me ji qonaxek\u00ea gir\u00eeng derbas dibe, em bang li hem\u00ee aktor\u00ean siyas\u00ee y\u00ean Kurd dikin: Werin em dest\u00ean xwe bidin hev \u00fb guh bidin banga d\u00eerok\u00ea da ku em ji bo azadiya netewey\u00ee ya gel\u00ea xwe rew\u015fa hey\u00ee bi kar\u00eegeri bikar b\u00eenin.<\/h3>\n<h3 style=\"text-align: justify\">Ev ti\u015ft heman dem\u00ea da h\u00eav\u00ee \u00fb daxwaza gel\u00ea me ye.<\/h3>\n<h3 style=\"text-align: justify\">Nabe ku em dereng bim\u00eenin\u2026<\/h3>\n","protected":false},"excerpt":{"rendered":"<p>Serok\u00ea Gi\u015ft\u00ee y\u00ea Partiya Sosyal\u00eest a Kurdistan\u00ea (PSK) Bayram Bozyel \u00eero 30\u00ea Tebax\u00ea, daxuyaniyek niv\u00eesk\u00ee bi helkefta 1\u00ea \u00celon\u00ea, Roja A\u015ftiy\u00ea ya C\u00eehan\u00ea, belav kir \u00fb t\u00ea de tekez kir ku a\u015ftiyeke may\u00eende li Rojhilata Nav\u00een ten\u00ea bi \u00e7areseriyeke adil \u00fb wekhev a pirsgir\u00eaka Kurd p\u00eakan e. Di daxuyaniy\u00ea de hat destn\u00ee\u015fankirin ku mirovah\u00ee ji [&hellip;]<\/p>\n","protected":false},"author":2,"featured_media":1049638,"comment_status":"closed","ping_status":"closed","sticky":false,"template":"","format":"standard","meta":{"footnotes":""},"categories":[29],"tags":[37],"class_list":["post-1049637","post","type-post","status-publish","format-standard","has-post-thumbnail","hentry","category-kurdistan","tag-sereke"],"blocksy_meta":[],"seo_head":"<!-- This site is optimized with the Yoast SEO plugin v27.5 - https:\/\/yoast.com\/product\/yoast-seo-wordpress\/ -->\n<title>Bayram Bozyel: Kil\u00eeda a\u015ftiya Rojhilata Nav\u00een di \u00e7areserkirina pirsa Kurd de ye - Darka Maz\u00ee<\/title>\n<meta name=\"robots\" content=\"index, follow, max-snippet:-1, max-image-preview:large, max-video-preview:-1\" \/>\n<link rel=\"canonical\" href=\"https:\/\/darkamazi.info\/archives\/1049637\" \/>\n<meta property=\"og:locale\" content=\"en_US\" \/>\n<meta property=\"og:type\" content=\"article\" \/>\n<meta property=\"og:title\" content=\"Bayram Bozyel: Kil\u00eeda a\u015ftiya Rojhilata Nav\u00een di \u00e7areserkirina pirsa Kurd de ye - Darka Maz\u00ee\" \/>\n<meta property=\"og:description\" content=\"Serok\u00ea Gi\u015ft\u00ee y\u00ea Partiya Sosyal\u00eest a Kurdistan\u00ea (PSK) Bayram Bozyel \u00eero 30\u00ea Tebax\u00ea, daxuyaniyek niv\u00eesk\u00ee bi helkefta 1\u00ea \u00celon\u00ea, Roja A\u015ftiy\u00ea ya C\u00eehan\u00ea, belav kir \u00fb t\u00ea de tekez kir ku a\u015ftiyeke may\u00eende li Rojhilata Nav\u00een ten\u00ea bi \u00e7areseriyeke adil \u00fb wekhev a pirsgir\u00eaka Kurd p\u00eakan e. Di daxuyaniy\u00ea de hat destn\u00ee\u015fankirin ku mirovah\u00ee ji [&hellip;]\" \/>\n<meta property=\"og:url\" content=\"https:\/\/darkamazi.info\/archives\/1049637\" \/>\n<meta property=\"og:site_name\" content=\"Darka Maz\u00ee\" \/>\n<meta property=\"article:publisher\" content=\"https:\/\/www.facebook.com\/DarMaziKurmanci\" \/>\n<meta property=\"article:published_time\" content=\"2025-08-30T10:13:56+00:00\" \/>\n<meta property=\"og:image\" content=\"https:\/\/darkamazi.info\/file\/2025\/08\/Bayram-Bozyel.jpg\" \/>\n\t<meta property=\"og:image:width\" content=\"900\" \/>\n\t<meta property=\"og:image:height\" content=\"497\" \/>\n\t<meta property=\"og:image:type\" content=\"image\/jpeg\" \/>\n<meta name=\"author\" content=\"darka mazi\" \/>\n<meta name=\"twitter:card\" content=\"summary_large_image\" \/>\n<meta name=\"twitter:creator\" content=\"@DarkaMaziLatini\" \/>\n<meta name=\"twitter:site\" content=\"@DarkaMaziLatini\" \/>\n<meta name=\"twitter:label1\" content=\"Written by\" \/>\n\t<meta name=\"twitter:data1\" content=\"darka mazi\" \/>\n\t<meta name=\"twitter:label2\" content=\"Est. reading time\" \/>\n\t<meta name=\"twitter:data2\" content=\"4 minutes\" \/>\n<script type=\"application\/ld+json\" class=\"seo-schema-graph\">{\"@context\":\"https:\\\/\\\/schema.org\",\"@graph\":[{\"@type\":\"Article\",\"@id\":\"https:\\\/\\\/darkamazi.info\\\/archives\\\/1049637#article\",\"isPartOf\":{\"@id\":\"https:\\\/\\\/darkamazi.info\\\/archives\\\/1049637\"},\"author\":{\"name\":\"darka mazi\",\"@id\":\"https:\\\/\\\/darkamazi.info\\\/#\\\/schema\\\/person\\\/5ad3e24553a0567993fa8ed4bd0a776c\"},\"headline\":\"Bayram Bozyel: Kil\u00eeda a\u015ftiya Rojhilata Nav\u00een di \u00e7areserkirina pirsa Kurd de ye\",\"datePublished\":\"2025-08-30T10:13:56+00:00\",\"mainEntityOfPage\":{\"@id\":\"https:\\\/\\\/darkamazi.info\\\/archives\\\/1049637\"},\"wordCount\":939,\"publisher\":{\"@id\":\"https:\\\/\\\/darkamazi.info\\\/#organization\"},\"image\":{\"@id\":\"https:\\\/\\\/darkamazi.info\\\/archives\\\/1049637#primaryimage\"},\"thumbnailUrl\":\"https:\\\/\\\/darkamazi.info\\\/darka-content\\\/uploads\\\/2025\\\/08\\\/Bayram-Bozyel.jpg\",\"keywords\":[\"sereke\"],\"articleSection\":[\"Kurdistan\"],\"inLanguage\":\"en-US\"},{\"@type\":\"WebPage\",\"@id\":\"https:\\\/\\\/darkamazi.info\\\/archives\\\/1049637\",\"url\":\"https:\\\/\\\/darkamazi.info\\\/archives\\\/1049637\",\"name\":\"Bayram Bozyel: Kil\u00eeda a\u015ftiya Rojhilata Nav\u00een di \u00e7areserkirina pirsa Kurd de ye - Darka Maz\u00ee\",\"isPartOf\":{\"@id\":\"https:\\\/\\\/darkamazi.info\\\/#website\"},\"primaryImageOfPage\":{\"@id\":\"https:\\\/\\\/darkamazi.info\\\/archives\\\/1049637#primaryimage\"},\"image\":{\"@id\":\"https:\\\/\\\/darkamazi.info\\\/archives\\\/1049637#primaryimage\"},\"thumbnailUrl\":\"https:\\\/\\\/darkamazi.info\\\/darka-content\\\/uploads\\\/2025\\\/08\\\/Bayram-Bozyel.jpg\",\"datePublished\":\"2025-08-30T10:13:56+00:00\",\"breadcrumb\":{\"@id\":\"https:\\\/\\\/darkamazi.info\\\/archives\\\/1049637#breadcrumb\"},\"inLanguage\":\"en-US\",\"potentialAction\":[{\"@type\":\"ReadAction\",\"target\":[\"https:\\\/\\\/darkamazi.info\\\/archives\\\/1049637\"]}]},{\"@type\":\"ImageObject\",\"inLanguage\":\"en-US\",\"@id\":\"https:\\\/\\\/darkamazi.info\\\/archives\\\/1049637#primaryimage\",\"url\":\"https:\\\/\\\/darkamazi.info\\\/darka-content\\\/uploads\\\/2025\\\/08\\\/Bayram-Bozyel.jpg\",\"contentUrl\":\"https:\\\/\\\/darkamazi.info\\\/darka-content\\\/uploads\\\/2025\\\/08\\\/Bayram-Bozyel.jpg\",\"width\":900,\"height\":497,\"caption\":\"Bayram Bozyel: Kil\u00eeda a\u015ftiya Rojhilata Nav\u00een di \u00e7areserkirina pirsa Kurd de ye\"},{\"@type\":\"BreadcrumbList\",\"@id\":\"https:\\\/\\\/darkamazi.info\\\/archives\\\/1049637#breadcrumb\",\"itemListElement\":[{\"@type\":\"ListItem\",\"position\":1,\"name\":\"Home\",\"item\":\"https:\\\/\\\/darkamazi.info\\\/\"},{\"@type\":\"ListItem\",\"position\":2,\"name\":\"Bayram Bozyel: Kil\u00eeda a\u015ftiya Rojhilata Nav\u00een di \u00e7areserkirina pirsa Kurd de ye\"}]},{\"@type\":\"WebSite\",\"@id\":\"https:\\\/\\\/darkamazi.info\\\/#website\",\"url\":\"https:\\\/\\\/darkamazi.info\\\/\",\"name\":\"Darka Maz\u00ee\",\"description\":\"P\u00eageha Zanyariy\u00ean Nebih\u00eest\u00ee\",\"publisher\":{\"@id\":\"https:\\\/\\\/darkamazi.info\\\/#organization\"},\"potentialAction\":[{\"@type\":\"SearchAction\",\"target\":{\"@type\":\"EntryPoint\",\"urlTemplate\":\"https:\\\/\\\/darkamazi.info\\\/?s={search_term_string}\"},\"query-input\":{\"@type\":\"PropertyValueSpecification\",\"valueRequired\":true,\"valueName\":\"search_term_string\"}}],\"inLanguage\":\"en-US\"},{\"@type\":\"Organization\",\"@id\":\"https:\\\/\\\/darkamazi.info\\\/#organization\",\"name\":\"Darka Maz\u00ee\",\"url\":\"https:\\\/\\\/darkamazi.info\\\/\",\"logo\":{\"@type\":\"ImageObject\",\"inLanguage\":\"en-US\",\"@id\":\"https:\\\/\\\/darkamazi.info\\\/#\\\/schema\\\/logo\\\/image\\\/\",\"url\":\"https:\\\/\\\/darkamazi.info\\\/darka-content\\\/uploads\\\/2017\\\/12\\\/darka-mazi-logo.png\",\"contentUrl\":\"https:\\\/\\\/darkamazi.info\\\/darka-content\\\/uploads\\\/2017\\\/12\\\/darka-mazi-logo.png\",\"width\":151,\"height\":75,\"caption\":\"Darka Maz\u00ee\"},\"image\":{\"@id\":\"https:\\\/\\\/darkamazi.info\\\/#\\\/schema\\\/logo\\\/image\\\/\"},\"sameAs\":[\"https:\\\/\\\/www.facebook.com\\\/DarMaziKurmanci\",\"https:\\\/\\\/x.com\\\/DarkaMaziLatini\",\"https:\\\/\\\/www.instagram.com\\\/darkamazi.kurmanci\\\/\",\"https:\\\/\\\/www.youtube.com\\\/channel\\\/UCa5HkTdmI8U1qCUFuTw8B2g\"]},{\"@type\":\"Person\",\"@id\":\"https:\\\/\\\/darkamazi.info\\\/#\\\/schema\\\/person\\\/5ad3e24553a0567993fa8ed4bd0a776c\",\"name\":\"darka mazi\",\"sameAs\":[\"https:\\\/\\\/darkamazi.info\\\/\"],\"url\":\"https:\\\/\\\/darkamazi.info\\\/archives\\\/author\\\/kurdi\"}]}<\/script>\n<!-- \/ Yoast SEO plugin. -->","seo_head_json":{"title":"Bayram Bozyel: Kil\u00eeda a\u015ftiya Rojhilata Nav\u00een di \u00e7areserkirina pirsa Kurd de ye - Darka Maz\u00ee","robots":{"index":"index","follow":"follow","max-snippet":"max-snippet:-1","max-image-preview":"max-image-preview:large","max-video-preview":"max-video-preview:-1"},"canonical":"https:\/\/darkamazi.info\/archives\/1049637","og_locale":"en_US","og_type":"article","og_title":"Bayram Bozyel: Kil\u00eeda a\u015ftiya Rojhilata Nav\u00een di \u00e7areserkirina pirsa Kurd de ye - Darka Maz\u00ee","og_description":"Serok\u00ea Gi\u015ft\u00ee y\u00ea Partiya Sosyal\u00eest a Kurdistan\u00ea (PSK) Bayram Bozyel \u00eero 30\u00ea Tebax\u00ea, daxuyaniyek niv\u00eesk\u00ee bi helkefta 1\u00ea \u00celon\u00ea, Roja A\u015ftiy\u00ea ya C\u00eehan\u00ea, belav kir \u00fb t\u00ea de tekez kir ku a\u015ftiyeke may\u00eende li Rojhilata Nav\u00een ten\u00ea bi \u00e7areseriyeke adil \u00fb wekhev a pirsgir\u00eaka Kurd p\u00eakan e. Di daxuyaniy\u00ea de hat destn\u00ee\u015fankirin ku mirovah\u00ee ji [&hellip;]","og_url":"https:\/\/darkamazi.info\/archives\/1049637","og_site_name":"Darka Maz\u00ee","article_publisher":"https:\/\/www.facebook.com\/DarMaziKurmanci","article_published_time":"2025-08-30T10:13:56+00:00","og_image":[{"width":900,"height":497,"url":"https:\/\/darkamazi.info\/file\/2025\/08\/Bayram-Bozyel.jpg","type":"image\/jpeg"}],"author":"darka mazi","twitter_card":"summary_large_image","twitter_creator":"@DarkaMaziLatini","twitter_site":"@DarkaMaziLatini","twitter_misc":{"Written by":"darka mazi","Est. reading time":"4 minutes"},"schema":{"@context":"https:\/\/schema.org","@graph":[{"@type":"Article","@id":"https:\/\/darkamazi.info\/archives\/1049637#article","isPartOf":{"@id":"https:\/\/darkamazi.info\/archives\/1049637"},"author":{"name":"darka mazi","@id":"https:\/\/darkamazi.info\/#\/schema\/person\/5ad3e24553a0567993fa8ed4bd0a776c"},"headline":"Bayram Bozyel: Kil\u00eeda a\u015ftiya Rojhilata Nav\u00een di \u00e7areserkirina pirsa Kurd de ye","datePublished":"2025-08-30T10:13:56+00:00","mainEntityOfPage":{"@id":"https:\/\/darkamazi.info\/archives\/1049637"},"wordCount":939,"publisher":{"@id":"https:\/\/darkamazi.info\/#organization"},"image":{"@id":"https:\/\/darkamazi.info\/archives\/1049637#primaryimage"},"thumbnailUrl":"https:\/\/darkamazi.info\/file\/2025\/08\/Bayram-Bozyel.jpg","keywords":["sereke"],"articleSection":["Kurdistan"],"inLanguage":"en-US"},{"@type":"WebPage","@id":"https:\/\/darkamazi.info\/archives\/1049637","url":"https:\/\/darkamazi.info\/archives\/1049637","name":"Bayram Bozyel: Kil\u00eeda a\u015ftiya Rojhilata Nav\u00een di \u00e7areserkirina pirsa Kurd de ye - Darka Maz\u00ee","isPartOf":{"@id":"https:\/\/darkamazi.info\/#website"},"primaryImageOfPage":{"@id":"https:\/\/darkamazi.info\/archives\/1049637#primaryimage"},"image":{"@id":"https:\/\/darkamazi.info\/archives\/1049637#primaryimage"},"thumbnailUrl":"https:\/\/darkamazi.info\/file\/2025\/08\/Bayram-Bozyel.jpg","datePublished":"2025-08-30T10:13:56+00:00","breadcrumb":{"@id":"https:\/\/darkamazi.info\/archives\/1049637#breadcrumb"},"inLanguage":"en-US","potentialAction":[{"@type":"ReadAction","target":["https:\/\/darkamazi.info\/archives\/1049637"]}]},{"@type":"ImageObject","inLanguage":"en-US","@id":"https:\/\/darkamazi.info\/archives\/1049637#primaryimage","url":"https:\/\/darkamazi.info\/file\/2025\/08\/Bayram-Bozyel.jpg","contentUrl":"https:\/\/darkamazi.info\/file\/2025\/08\/Bayram-Bozyel.jpg","width":900,"height":497,"caption":"Bayram Bozyel: Kil\u00eeda a\u015ftiya Rojhilata Nav\u00een di \u00e7areserkirina pirsa Kurd de ye"},{"@type":"BreadcrumbList","@id":"https:\/\/darkamazi.info\/archives\/1049637#breadcrumb","itemListElement":[{"@type":"ListItem","position":1,"name":"Home","item":"https:\/\/darkamazi.info\/"},{"@type":"ListItem","position":2,"name":"Bayram Bozyel: Kil\u00eeda a\u015ftiya Rojhilata Nav\u00een di \u00e7areserkirina pirsa Kurd de ye"}]},{"@type":"WebSite","@id":"https:\/\/darkamazi.info\/#website","url":"https:\/\/darkamazi.info\/","name":"Darka Maz\u00ee","description":"P\u00eageha Zanyariy\u00ean Nebih\u00eest\u00ee","publisher":{"@id":"https:\/\/darkamazi.info\/#organization"},"potentialAction":[{"@type":"SearchAction","target":{"@type":"EntryPoint","urlTemplate":"https:\/\/darkamazi.info\/?s={search_term_string}"},"query-input":{"@type":"PropertyValueSpecification","valueRequired":true,"valueName":"search_term_string"}}],"inLanguage":"en-US"},{"@type":"Organization","@id":"https:\/\/darkamazi.info\/#organization","name":"Darka Maz\u00ee","url":"https:\/\/darkamazi.info\/","logo":{"@type":"ImageObject","inLanguage":"en-US","@id":"https:\/\/darkamazi.info\/#\/schema\/logo\/image\/","url":"https:\/\/darkamazi.info\/file\/2017\/12\/darka-mazi-logo.png","contentUrl":"https:\/\/darkamazi.info\/file\/2017\/12\/darka-mazi-logo.png","width":151,"height":75,"caption":"Darka Maz\u00ee"},"image":{"@id":"https:\/\/darkamazi.info\/#\/schema\/logo\/image\/"},"sameAs":["https:\/\/www.facebook.com\/DarMaziKurmanci","https:\/\/x.com\/DarkaMaziLatini","https:\/\/www.instagram.com\/darkamazi.kurmanci\/","https:\/\/www.youtube.com\/channel\/UCa5HkTdmI8U1qCUFuTw8B2g"]},{"@type":"Person","@id":"https:\/\/darkamazi.info\/#\/schema\/person\/5ad3e24553a0567993fa8ed4bd0a776c","name":"darka mazi","sameAs":["https:\/\/darkamazi.info\/"],"url":"https:\/\/darkamazi.info\/archives\/author\/kurdi"}]}},"_links":{"self":[{"href":"https:\/\/darkamazi.info\/funavuv\/wp\/v2\/posts\/1049637","targetHints":{"allow":["GET"]}}],"collection":[{"href":"https:\/\/darkamazi.info\/funavuv\/wp\/v2\/posts"}],"about":[{"href":"https:\/\/darkamazi.info\/funavuv\/wp\/v2\/types\/post"}],"author":[{"embeddable":true,"href":"https:\/\/darkamazi.info\/funavuv\/wp\/v2\/users\/2"}],"replies":[{"embeddable":true,"href":"https:\/\/darkamazi.info\/funavuv\/wp\/v2\/comments?post=1049637"}],"version-history":[{"count":0,"href":"https:\/\/darkamazi.info\/funavuv\/wp\/v2\/posts\/1049637\/revisions"}],"wp:featuredmedia":[{"embeddable":true,"href":"https:\/\/darkamazi.info\/funavuv\/wp\/v2\/media\/1049638"}],"wp:attachment":[{"href":"https:\/\/darkamazi.info\/funavuv\/wp\/v2\/media?parent=1049637"}],"wp:term":[{"taxonomy":"category","embeddable":true,"href":"https:\/\/darkamazi.info\/funavuv\/wp\/v2\/categories?post=1049637"},{"taxonomy":"post_tag","embeddable":true,"href":"https:\/\/darkamazi.info\/funavuv\/wp\/v2\/tags?post=1049637"}],"curies":[{"name":"wp","href":"https:\/\/api.w.org\/{rel}","templated":true}]}}