{"id":1049642,"date":"2025-08-30T18:25:42","date_gmt":"2025-08-30T15:25:42","guid":{"rendered":"https:\/\/darkamazi.info\/?p=1049642"},"modified":"2025-08-30T18:25:42","modified_gmt":"2025-08-30T15:25:42","slug":"darka-mazi-naveroka-hevditina-sanda-imraliye-u-ocalan-ya-di-25i-nisane-de-parve-dike-7","status":"publish","type":"post","link":"https:\/\/darkamazi.info\/archives\/1049642","title":{"rendered":"Darka Maz\u00ee naveroka hevd\u00eetina \u015fanda \u00cemraliy\u00ea \u00fb Ocalan ya di 25\u00ee N\u00eesan\u00ea de parve dike \u00ab7\u00bb"},"content":{"rendered":"<h3 style=\"text-align: justify\"><span style=\"font-family: 'arial black', sans-serif\">Wek t\u00ea zan\u00een \u015fanda Dem Partiy\u00ea ji boy hevd\u00eetina bi r\u00eaber\u00ea PKK\u2019\u00ea Evdilla Ocalan re, di 25\u00ee N\u00eesana 2025 de ser\u00ee li greva \u00cemraliy\u00ea dab\u00fb, di v\u00ea hevd\u00eetin\u00ea de Ocalan \u00fb \u015fanda dem\u00ea dan\u00fbstandin li ser gelek mijaran kirib\u00fb, tev\u00ee ku hinek ji axaftin\u00ean di v\u00ea hevd\u00eetin\u00ea de ji aliy\u00ea \u015fanda dem\u00ea hatib\u00fbn parvekirin j\u00ee, l\u00ea bel\u00ea hem\u00fb axaftin nehatib\u00fbn parvekirin, pi\u015ftre bi ziman\u00ea Tirk\u00ee naveroka van dan\u00fbstandinan li Ewropay\u00ea hatin parvekirin \u00fb hat ragihandin ku ev axaftin ji aliy\u00ea yek ji endam\u00ean \u015fand\u00ea bi awayek\u00ee ve\u015fart\u00ee hatiye parve kirin, loma em\u00ea di v\u00ea niv\u00ees\u00ea de wan axaftinan wek xwe parve bikin.<\/span><\/h3>\n<h3 style=\"text-align: justify\"><span style=\"font-family: 'arial black', sans-serif\">Axaftina \u015fanda dem\u00ea bi Ocalan re bi v\u00ee awa didome:<\/span><\/h3>\n<h3 style=\"text-align: justify\">\u00a0Serok: bel\u00ea, silav ji Zaxo \u00fb heval\u00ean w\u00ea re, ji bo amadekirina bernameyeke gir\u00eeng \u00fb mezin ez\u00ea li ser \u015eera \u00fb S\u00fbriyey\u00ea, ku navenda Ereban e, bisekinim. Ba\u015fe, bila em bi hev re bin, bila axaftina dawiy\u00ea ya te be, bila weke ku em mal ji agir xelas dikin tev negerin, nabe em gav\u00ean yekal\u00ee bav\u00eajin (Rayedar\u00ea Tirkiyey\u00ea j\u00ee bi livandina ser\u00ea xwe axaftin\u00ean serok pejirand). Tirkmen j\u00ee gir\u00eengin, Art\u00fbk \u00fb T\u00fbt\u00fb\u015f hem\u00fb t\u00ean ber hewa kirin, ji ber ku Tirk\u00e7iyetiy\u00ea amade dikin \u00fb pi\u015ftre komkujiy\u00ea dikin, evca Ereb j\u00ee di bin nav\u00ea w\u00ea yek\u00ea ku Ereb in ti Tirkmenek\u00ee nah\u00ealin, li \u015eam \u00fb Heleb\u00ea j\u00ee hene, \u015eera neteweperestek\u00ee tundrew\u00ea Ereb e, demokras\u00eeya her\u00eam\u00ee ya ku ez bas dikim ji boy v\u00ea p\u00eakhatey\u00ea j\u00ee pir ba\u015fe, nefes\u00ea bi wan dide, hezar salin Turkmen li wir n\u00ee\u015ftec\u00eene, \u00cebrah\u00eem hinek\u00ea t\u00eagihi\u015ftiye, l\u00ea eger tu li S\u00fbriyey\u00ea wisa bik\u00ee ez\u00ea vek\u015fim, y\u00ean ku lobiya Ereb\u00ee dikin w\u00ea bisekinin, nabe ev bibin kart\u00ean zext\u00ea, M\u00eesaqa Mill\u00ee naveroka hevpeymaniya kurd \u00fb Tirkane li dij\u00ee gefan, daxwaza garantiy\u00ea dik\u00een, di dest\u00fbr de j\u00ee daxwaza garantiya dest\u00fbr\u00ee dik\u00een.<\/h3>\n<h3 style=\"text-align: justify\">Rayedar\u00ea Tirk: \u00e7av\u00ea her kes\u00ee li ser w\u00eaye, ti kes nikare bi tena ser\u00ea xwe ti\u015ftek\u00ee bike.<\/h3>\n<h3 style=\"text-align: justify\">Serok: weke p\u00eangava yekem\u00een ev hevpeyman\u00ee li S\u00fbriyey\u00ea t\u00ea c\u00eebic\u00eekirin, plana me ya yekem\u00een eve, ji ber ku S\u00fbriye wekhev\u00ee Tirkiyey\u00ea ye \u00fb w\u00ea Tirkiyey\u00ea bih\u00eaz bike, rehendek e\u015fayir\u00ee \u00fb lobiyek Ereb\u00ee j\u00ee heye bila em bi van ney\u00ean xapandin, S\u00fbriye j\u00ee bi qas\u00ee Tirkiyey\u00ea bi nirxe, bila kes j\u00ee bela\u015f ji ber axaftin\u00ean min bas\u00ee kor\u00eedor\u00ea neke, silav\u00ean min bigih\u00eene Zaxo \u00fb heval\u00ean w\u00ea, daxwaza demokras\u00eeya her\u00eam\u00ee ji boy tev p\u00eakhatey\u00ean S\u00fbriyey\u00ea dikim, bila di nava Nuseyr\u00ee, Dorz\u00eeyan \u00fb li \u015eam \u00fb Heleb\u00ea j\u00ee xwe bih\u00eaztir bikin. Bila HSD\u2019e xwe z\u00eadetir bih\u00eaz bike, li wir h\u00eaza w\u00ea yek\u00ea me heye ku xwed\u00eetiy\u00ea li her kes\u00ee bikin \u00fb ti kes nikare p\u00ea\u015fiya me bigire.<\/h3>\n<h3 style=\"text-align: justify\">Perw\u00een Buldan: roja 14\u00ea N\u00eesana 2024an, r\u00eaxistina jin\u00ean kurd bi amadeb\u00fbna n\u00fbner\u00ean \u00e7end partiy\u00ean siyas\u00ee civ\u00eeya, \u00fb platforma jin\u00ean kurd avakirin, bi ten\u00ea PDK\u2019e be\u015fdar neb\u00fb \u00fb di daxuyaniyek hevbe\u015f de daxwaza yek\u00eetiya netew\u00ee ya kurdan \u00fb dirust kirina hi\u015f\u00ea hevbe\u015f y\u00ea kurdan kir.<\/h3>\n<h3 style=\"text-align: justify\">Serok: mijar \u00fb pirsa jinan pir gir\u00eeng e, w\u00ea got\u00fbb\u00eajan li ser bik\u00een \u00fb w\u00ea bas bikim ka \u00e7ima jin \u00fb pirsa jinan gir\u00eeng e? Dib\u00eajin jin n\u00eeva zelam\u00ee ye, heya ku jin nebe zeam j\u00ee nabe, l\u00ea ez ti\u015ftek ciyawaz dib\u00eajim.<\/h3>\n<h3 style=\"text-align: justify\">We behsa hevj\u00eena Badiou j\u00ee kirib\u00fb, ne wisaye? Sedema v\u00ea yek\u00ea ku mirovayet\u00ee ewqas r\u00fbbir\u00fby\u00ea komkuj\u00ee \u00fb karesatan b\u00fbye kole kirina jinane, yek ji taybetmendiy\u00ean min y\u00ean balk\u00ea\u015f j\u00ee t\u00eagih\u00ee\u015ftine ji v\u00ea rastiy\u00ea. Jiyan kirina min bi jinan re balk\u00ea\u015f, guman\u00ean min pirin, li gor min eger ev nakok\u00ee ney\u00ean \u00e7areserkirin, w\u00ea pirsgir\u00eak\u00ean pir k\u00fbrtir serhildin, di nava civak\u00ea de zilamek ji boy ku bizewce p\u00eaw\u00eest dike mezinb\u00fbna xwe biselm\u00eene, her ji serdema S\u00fbmeriyan, serdema xwedawendan, mirovayet\u00ee heyan\u00ee niha pa\u015fve \u00e7\u00fbye, S\u00fbmer pirre ji \u00e7\u00eerok\u00ean jinan, Tewrat j\u00ee her wisa, n\u00eeva Quran \u00fb \u00ceslam\u00ea j\u00ee her derbara v\u00ea yek\u00ea ye, ya ku \u00eero kap\u00eetal\u00eezm j\u00ee li ser lingan hi\u015ftiye ev r\u00eeklame ku li ser jinan \u00fb bi r\u00eaya jinan ve t\u00ea kirin, ev n\u00fbjen\u00eeya ku ez dixwazim bikim eve ku her roj di bin nav\u00ea ev\u00een\u00ea de c\u00eenayet t\u00ean kirin, bi v\u00ea re j\u00ee astengiy\u00ean li hember jiyana jinan hene, bel\u00ea jin kirine am\u00fbrek ji boy r\u00eeklam\u00ea, l\u00ea di bin v\u00ea de \u00e7i heye? Ez dixwazim vekol\u00eeneke bineret\u00ee di v\u00ea derbar\u00ea de bikim, ev hevd\u00eetin j\u00ee her di v\u00ea derbar\u00ea de ne, muxateb\u00ee Perw\u00een Buldan: xuyaye h\u00fbn j\u00ee \u00e7avd\u00ear\u00ee \u00fb l\u00eager\u00een\u00ea ji boy azadiy\u00ea dikin, li vir bi te hatib\u00fb gotin dayika jin \u00fb min j\u00ee gotib\u00fb jina azad.<\/h3>\n<h3 style=\"text-align: justify\">Perw\u00een Buldan: bir\u00eaz serok we m\u00eenaka Nefirt\u00eetiy\u00ea an\u00eeb\u00fb.<\/h3>\n<h3 style=\"text-align: justify\">Serok: li \u00ceraq\u00ea heya Orfay\u00ea \u00e7\u00eerok\u00ean jinb\u00fbn\u00ea hene, gotineke Simone de Beauvoir ku dib\u00eaje jin ji dayik nabe belku dirustkir\u00ee ye heye, ev di pirt\u00fbkek\u00ea de bi nav\u00ea Exnaton j\u00ee heye, Nefirt\u00eet\u00ee prens\u00easeke M\u00eetan\u00ee ye, li wir peyvek weke peyv\u00ean kurd\u00ee hatiye bikaran\u00een li b\u00eera min nay\u00ea, bav\u00ea w\u00ea nameyek j\u00ee bi w\u00ea re \u015fand cem F\u00eerewn\u00ea Misr\u00ea, \u00fb w\u00ea j\u00ee ya bi \u00e7av\u00ean xwe d\u00eetib\u00fb bas dikir, di ko\u00e7k\u00ean M\u00eetaniyan de Puduhepa, li Babil j\u00ee Sem\u00eeram\u00ee\u015f tev ji v\u00ea \u00e7and\u00ea ne. Li her ciyek\u00ea b\u00fbk ji wan re hatine birin, li vir \u00e7\u00eeroka jinb\u00fbn\u00ea heye, \u00e7awa em dikar\u00een v\u00ea \u00e7and\u00ea azad bik\u00een? Ji aliy\u00ea d\u00eerok\u00ee ve em dikar\u00een bigih\u00een nasnameya jinek azad, muxateb\u00ee Perw\u00een Buldan: tu jineke \u00e7alak\u00ee.<\/h3>\n<h3 style=\"text-align: justify\">Perw\u00een Buldan: gel\u00ea Hekariy\u00ea tev \u00e7alak in.<\/h3>\n<h3 style=\"text-align: justify\">Serok: l\u00ea ya gir\u00eeng eve ku v\u00ea yek\u00ea bik\u00een \u00e7and.<\/h3>\n<h3 style=\"text-align: justify\"><span style=\"font-family: 'arial black', sans-serif\">\u00a0\u201cJi ber ku ev hevd\u00eetin pirr dir\u00eaje, em\u00ea di niv\u00eeseke din de be\u015feke din ya dan\u00fbstandina di navbera \u015fanda dem\u00ea \u00fb Ocalan parve bikin.\u201d<\/span><\/h3>\n<h3 style=\"text-align: justify\"><span style=\"font-family: 'arial black', sans-serif\">Didome..<\/span><\/h3>\n","protected":false},"excerpt":{"rendered":"<p>Wek t\u00ea zan\u00een \u015fanda Dem Partiy\u00ea ji boy hevd\u00eetina bi r\u00eaber\u00ea PKK\u2019\u00ea Evdilla Ocalan re, di 25\u00ee N\u00eesana 2025 de ser\u00ee li greva \u00cemraliy\u00ea dab\u00fb, di v\u00ea hevd\u00eetin\u00ea de Ocalan \u00fb \u015fanda dem\u00ea dan\u00fbstandin li ser gelek mijaran kirib\u00fb, tev\u00ee ku hinek ji axaftin\u00ean di v\u00ea hevd\u00eetin\u00ea de ji aliy\u00ea \u015fanda dem\u00ea hatib\u00fbn parvekirin j\u00ee, [&hellip;]<\/p>\n","protected":false},"author":2,"featured_media":1049643,"comment_status":"closed","ping_status":"closed","sticky":false,"template":"","format":"standard","meta":{"footnotes":""},"categories":[29],"tags":[37],"class_list":["post-1049642","post","type-post","status-publish","format-standard","has-post-thumbnail","hentry","category-kurdistan","tag-sereke"],"blocksy_meta":[],"seo_head":"<!-- This site is optimized with the Yoast SEO plugin v27.5 - https:\/\/yoast.com\/product\/yoast-seo-wordpress\/ -->\n<title>Darka Maz\u00ee naveroka hevd\u00eetina \u015fanda \u00cemraliy\u00ea \u00fb Ocalan ya di 25\u00ee N\u00eesan\u00ea de parve dike \u00ab7\u00bb - Darka Maz\u00ee<\/title>\n<meta name=\"robots\" content=\"index, follow, max-snippet:-1, max-image-preview:large, max-video-preview:-1\" \/>\n<link rel=\"canonical\" href=\"https:\/\/darkamazi.info\/archives\/1049642\" \/>\n<meta property=\"og:locale\" content=\"en_US\" \/>\n<meta property=\"og:type\" content=\"article\" \/>\n<meta property=\"og:title\" content=\"Darka Maz\u00ee naveroka hevd\u00eetina \u015fanda \u00cemraliy\u00ea \u00fb Ocalan ya di 25\u00ee N\u00eesan\u00ea de parve dike \u00ab7\u00bb - Darka Maz\u00ee\" \/>\n<meta property=\"og:description\" content=\"Wek t\u00ea zan\u00een \u015fanda Dem Partiy\u00ea ji boy hevd\u00eetina bi r\u00eaber\u00ea PKK\u2019\u00ea Evdilla Ocalan re, di 25\u00ee N\u00eesana 2025 de ser\u00ee li greva \u00cemraliy\u00ea dab\u00fb, di v\u00ea hevd\u00eetin\u00ea de Ocalan \u00fb \u015fanda dem\u00ea dan\u00fbstandin li ser gelek mijaran kirib\u00fb, tev\u00ee ku hinek ji axaftin\u00ean di v\u00ea hevd\u00eetin\u00ea de ji aliy\u00ea \u015fanda dem\u00ea hatib\u00fbn parvekirin j\u00ee, [&hellip;]\" \/>\n<meta property=\"og:url\" content=\"https:\/\/darkamazi.info\/archives\/1049642\" \/>\n<meta property=\"og:site_name\" content=\"Darka Maz\u00ee\" \/>\n<meta property=\"article:publisher\" content=\"https:\/\/www.facebook.com\/DarMaziKurmanci\" \/>\n<meta property=\"article:published_time\" content=\"2025-08-30T15:25:42+00:00\" \/>\n<meta property=\"og:image\" content=\"https:\/\/darkamazi.info\/file\/2025\/08\/imrali-3.jpg\" \/>\n\t<meta property=\"og:image:width\" content=\"900\" \/>\n\t<meta property=\"og:image:height\" content=\"497\" \/>\n\t<meta property=\"og:image:type\" content=\"image\/jpeg\" \/>\n<meta name=\"author\" content=\"darka mazi\" \/>\n<meta name=\"twitter:card\" content=\"summary_large_image\" \/>\n<meta name=\"twitter:creator\" content=\"@DarkaMaziLatini\" \/>\n<meta name=\"twitter:site\" content=\"@DarkaMaziLatini\" \/>\n<meta name=\"twitter:label1\" content=\"Written by\" \/>\n\t<meta name=\"twitter:data1\" content=\"darka mazi\" \/>\n\t<meta name=\"twitter:label2\" content=\"Est. reading time\" \/>\n\t<meta name=\"twitter:data2\" content=\"5 minutes\" \/>\n<script type=\"application\/ld+json\" class=\"seo-schema-graph\">{\"@context\":\"https:\\\/\\\/schema.org\",\"@graph\":[{\"@type\":\"Article\",\"@id\":\"https:\\\/\\\/darkamazi.info\\\/archives\\\/1049642#article\",\"isPartOf\":{\"@id\":\"https:\\\/\\\/darkamazi.info\\\/archives\\\/1049642\"},\"author\":{\"name\":\"darka mazi\",\"@id\":\"https:\\\/\\\/darkamazi.info\\\/#\\\/schema\\\/person\\\/5ad3e24553a0567993fa8ed4bd0a776c\"},\"headline\":\"Darka Maz\u00ee naveroka hevd\u00eetina \u015fanda \u00cemraliy\u00ea \u00fb Ocalan ya di 25\u00ee N\u00eesan\u00ea de parve dike \u00ab7\u00bb\",\"datePublished\":\"2025-08-30T15:25:42+00:00\",\"mainEntityOfPage\":{\"@id\":\"https:\\\/\\\/darkamazi.info\\\/archives\\\/1049642\"},\"wordCount\":1052,\"publisher\":{\"@id\":\"https:\\\/\\\/darkamazi.info\\\/#organization\"},\"image\":{\"@id\":\"https:\\\/\\\/darkamazi.info\\\/archives\\\/1049642#primaryimage\"},\"thumbnailUrl\":\"https:\\\/\\\/darkamazi.info\\\/darka-content\\\/uploads\\\/2025\\\/08\\\/imrali-3.jpg\",\"keywords\":[\"sereke\"],\"articleSection\":[\"Kurdistan\"],\"inLanguage\":\"en-US\"},{\"@type\":\"WebPage\",\"@id\":\"https:\\\/\\\/darkamazi.info\\\/archives\\\/1049642\",\"url\":\"https:\\\/\\\/darkamazi.info\\\/archives\\\/1049642\",\"name\":\"Darka Maz\u00ee naveroka hevd\u00eetina \u015fanda \u00cemraliy\u00ea \u00fb Ocalan ya di 25\u00ee N\u00eesan\u00ea de parve dike \u00ab7\u00bb - Darka Maz\u00ee\",\"isPartOf\":{\"@id\":\"https:\\\/\\\/darkamazi.info\\\/#website\"},\"primaryImageOfPage\":{\"@id\":\"https:\\\/\\\/darkamazi.info\\\/archives\\\/1049642#primaryimage\"},\"image\":{\"@id\":\"https:\\\/\\\/darkamazi.info\\\/archives\\\/1049642#primaryimage\"},\"thumbnailUrl\":\"https:\\\/\\\/darkamazi.info\\\/darka-content\\\/uploads\\\/2025\\\/08\\\/imrali-3.jpg\",\"datePublished\":\"2025-08-30T15:25:42+00:00\",\"breadcrumb\":{\"@id\":\"https:\\\/\\\/darkamazi.info\\\/archives\\\/1049642#breadcrumb\"},\"inLanguage\":\"en-US\",\"potentialAction\":[{\"@type\":\"ReadAction\",\"target\":[\"https:\\\/\\\/darkamazi.info\\\/archives\\\/1049642\"]}]},{\"@type\":\"ImageObject\",\"inLanguage\":\"en-US\",\"@id\":\"https:\\\/\\\/darkamazi.info\\\/archives\\\/1049642#primaryimage\",\"url\":\"https:\\\/\\\/darkamazi.info\\\/darka-content\\\/uploads\\\/2025\\\/08\\\/imrali-3.jpg\",\"contentUrl\":\"https:\\\/\\\/darkamazi.info\\\/darka-content\\\/uploads\\\/2025\\\/08\\\/imrali-3.jpg\",\"width\":900,\"height\":497,\"caption\":\"Darka Maz\u00ee naveroka hevd\u00eetina \u015fanda \u00cemraliy\u00ea \u00fb Ocalan ya di 25\u00ee N\u00eesan\u00ea de parve dike \u00ab7\u00bb\"},{\"@type\":\"BreadcrumbList\",\"@id\":\"https:\\\/\\\/darkamazi.info\\\/archives\\\/1049642#breadcrumb\",\"itemListElement\":[{\"@type\":\"ListItem\",\"position\":1,\"name\":\"Home\",\"item\":\"https:\\\/\\\/darkamazi.info\\\/\"},{\"@type\":\"ListItem\",\"position\":2,\"name\":\"Darka Maz\u00ee naveroka hevd\u00eetina \u015fanda \u00cemraliy\u00ea \u00fb Ocalan ya di 25\u00ee N\u00eesan\u00ea de parve dike \u00ab7\u00bb\"}]},{\"@type\":\"WebSite\",\"@id\":\"https:\\\/\\\/darkamazi.info\\\/#website\",\"url\":\"https:\\\/\\\/darkamazi.info\\\/\",\"name\":\"Darka Maz\u00ee\",\"description\":\"P\u00eageha Zanyariy\u00ean Nebih\u00eest\u00ee\",\"publisher\":{\"@id\":\"https:\\\/\\\/darkamazi.info\\\/#organization\"},\"potentialAction\":[{\"@type\":\"SearchAction\",\"target\":{\"@type\":\"EntryPoint\",\"urlTemplate\":\"https:\\\/\\\/darkamazi.info\\\/?s={search_term_string}\"},\"query-input\":{\"@type\":\"PropertyValueSpecification\",\"valueRequired\":true,\"valueName\":\"search_term_string\"}}],\"inLanguage\":\"en-US\"},{\"@type\":\"Organization\",\"@id\":\"https:\\\/\\\/darkamazi.info\\\/#organization\",\"name\":\"Darka Maz\u00ee\",\"url\":\"https:\\\/\\\/darkamazi.info\\\/\",\"logo\":{\"@type\":\"ImageObject\",\"inLanguage\":\"en-US\",\"@id\":\"https:\\\/\\\/darkamazi.info\\\/#\\\/schema\\\/logo\\\/image\\\/\",\"url\":\"https:\\\/\\\/darkamazi.info\\\/darka-content\\\/uploads\\\/2017\\\/12\\\/darka-mazi-logo.png\",\"contentUrl\":\"https:\\\/\\\/darkamazi.info\\\/darka-content\\\/uploads\\\/2017\\\/12\\\/darka-mazi-logo.png\",\"width\":151,\"height\":75,\"caption\":\"Darka Maz\u00ee\"},\"image\":{\"@id\":\"https:\\\/\\\/darkamazi.info\\\/#\\\/schema\\\/logo\\\/image\\\/\"},\"sameAs\":[\"https:\\\/\\\/www.facebook.com\\\/DarMaziKurmanci\",\"https:\\\/\\\/x.com\\\/DarkaMaziLatini\",\"https:\\\/\\\/www.instagram.com\\\/darkamazi.kurmanci\\\/\",\"https:\\\/\\\/www.youtube.com\\\/channel\\\/UCa5HkTdmI8U1qCUFuTw8B2g\"]},{\"@type\":\"Person\",\"@id\":\"https:\\\/\\\/darkamazi.info\\\/#\\\/schema\\\/person\\\/5ad3e24553a0567993fa8ed4bd0a776c\",\"name\":\"darka mazi\",\"sameAs\":[\"https:\\\/\\\/darkamazi.info\\\/\"],\"url\":\"https:\\\/\\\/darkamazi.info\\\/archives\\\/author\\\/kurdi\"}]}<\/script>\n<!-- \/ Yoast SEO plugin. -->","seo_head_json":{"title":"Darka Maz\u00ee naveroka hevd\u00eetina \u015fanda \u00cemraliy\u00ea \u00fb Ocalan ya di 25\u00ee N\u00eesan\u00ea de parve dike \u00ab7\u00bb - Darka Maz\u00ee","robots":{"index":"index","follow":"follow","max-snippet":"max-snippet:-1","max-image-preview":"max-image-preview:large","max-video-preview":"max-video-preview:-1"},"canonical":"https:\/\/darkamazi.info\/archives\/1049642","og_locale":"en_US","og_type":"article","og_title":"Darka Maz\u00ee naveroka hevd\u00eetina \u015fanda \u00cemraliy\u00ea \u00fb Ocalan ya di 25\u00ee N\u00eesan\u00ea de parve dike \u00ab7\u00bb - Darka Maz\u00ee","og_description":"Wek t\u00ea zan\u00een \u015fanda Dem Partiy\u00ea ji boy hevd\u00eetina bi r\u00eaber\u00ea PKK\u2019\u00ea Evdilla Ocalan re, di 25\u00ee N\u00eesana 2025 de ser\u00ee li greva \u00cemraliy\u00ea dab\u00fb, di v\u00ea hevd\u00eetin\u00ea de Ocalan \u00fb \u015fanda dem\u00ea dan\u00fbstandin li ser gelek mijaran kirib\u00fb, tev\u00ee ku hinek ji axaftin\u00ean di v\u00ea hevd\u00eetin\u00ea de ji aliy\u00ea \u015fanda dem\u00ea hatib\u00fbn parvekirin j\u00ee, [&hellip;]","og_url":"https:\/\/darkamazi.info\/archives\/1049642","og_site_name":"Darka Maz\u00ee","article_publisher":"https:\/\/www.facebook.com\/DarMaziKurmanci","article_published_time":"2025-08-30T15:25:42+00:00","og_image":[{"width":900,"height":497,"url":"https:\/\/darkamazi.info\/file\/2025\/08\/imrali-3.jpg","type":"image\/jpeg"}],"author":"darka mazi","twitter_card":"summary_large_image","twitter_creator":"@DarkaMaziLatini","twitter_site":"@DarkaMaziLatini","twitter_misc":{"Written by":"darka mazi","Est. reading time":"5 minutes"},"schema":{"@context":"https:\/\/schema.org","@graph":[{"@type":"Article","@id":"https:\/\/darkamazi.info\/archives\/1049642#article","isPartOf":{"@id":"https:\/\/darkamazi.info\/archives\/1049642"},"author":{"name":"darka mazi","@id":"https:\/\/darkamazi.info\/#\/schema\/person\/5ad3e24553a0567993fa8ed4bd0a776c"},"headline":"Darka Maz\u00ee naveroka hevd\u00eetina \u015fanda \u00cemraliy\u00ea \u00fb Ocalan ya di 25\u00ee N\u00eesan\u00ea de parve dike \u00ab7\u00bb","datePublished":"2025-08-30T15:25:42+00:00","mainEntityOfPage":{"@id":"https:\/\/darkamazi.info\/archives\/1049642"},"wordCount":1052,"publisher":{"@id":"https:\/\/darkamazi.info\/#organization"},"image":{"@id":"https:\/\/darkamazi.info\/archives\/1049642#primaryimage"},"thumbnailUrl":"https:\/\/darkamazi.info\/file\/2025\/08\/imrali-3.jpg","keywords":["sereke"],"articleSection":["Kurdistan"],"inLanguage":"en-US"},{"@type":"WebPage","@id":"https:\/\/darkamazi.info\/archives\/1049642","url":"https:\/\/darkamazi.info\/archives\/1049642","name":"Darka Maz\u00ee naveroka hevd\u00eetina \u015fanda \u00cemraliy\u00ea \u00fb Ocalan ya di 25\u00ee N\u00eesan\u00ea de parve dike \u00ab7\u00bb - Darka Maz\u00ee","isPartOf":{"@id":"https:\/\/darkamazi.info\/#website"},"primaryImageOfPage":{"@id":"https:\/\/darkamazi.info\/archives\/1049642#primaryimage"},"image":{"@id":"https:\/\/darkamazi.info\/archives\/1049642#primaryimage"},"thumbnailUrl":"https:\/\/darkamazi.info\/file\/2025\/08\/imrali-3.jpg","datePublished":"2025-08-30T15:25:42+00:00","breadcrumb":{"@id":"https:\/\/darkamazi.info\/archives\/1049642#breadcrumb"},"inLanguage":"en-US","potentialAction":[{"@type":"ReadAction","target":["https:\/\/darkamazi.info\/archives\/1049642"]}]},{"@type":"ImageObject","inLanguage":"en-US","@id":"https:\/\/darkamazi.info\/archives\/1049642#primaryimage","url":"https:\/\/darkamazi.info\/file\/2025\/08\/imrali-3.jpg","contentUrl":"https:\/\/darkamazi.info\/file\/2025\/08\/imrali-3.jpg","width":900,"height":497,"caption":"Darka Maz\u00ee naveroka hevd\u00eetina \u015fanda \u00cemraliy\u00ea \u00fb Ocalan ya di 25\u00ee N\u00eesan\u00ea de parve dike \u00ab7\u00bb"},{"@type":"BreadcrumbList","@id":"https:\/\/darkamazi.info\/archives\/1049642#breadcrumb","itemListElement":[{"@type":"ListItem","position":1,"name":"Home","item":"https:\/\/darkamazi.info\/"},{"@type":"ListItem","position":2,"name":"Darka Maz\u00ee naveroka hevd\u00eetina \u015fanda \u00cemraliy\u00ea \u00fb Ocalan ya di 25\u00ee N\u00eesan\u00ea de parve dike \u00ab7\u00bb"}]},{"@type":"WebSite","@id":"https:\/\/darkamazi.info\/#website","url":"https:\/\/darkamazi.info\/","name":"Darka Maz\u00ee","description":"P\u00eageha Zanyariy\u00ean Nebih\u00eest\u00ee","publisher":{"@id":"https:\/\/darkamazi.info\/#organization"},"potentialAction":[{"@type":"SearchAction","target":{"@type":"EntryPoint","urlTemplate":"https:\/\/darkamazi.info\/?s={search_term_string}"},"query-input":{"@type":"PropertyValueSpecification","valueRequired":true,"valueName":"search_term_string"}}],"inLanguage":"en-US"},{"@type":"Organization","@id":"https:\/\/darkamazi.info\/#organization","name":"Darka Maz\u00ee","url":"https:\/\/darkamazi.info\/","logo":{"@type":"ImageObject","inLanguage":"en-US","@id":"https:\/\/darkamazi.info\/#\/schema\/logo\/image\/","url":"https:\/\/darkamazi.info\/file\/2017\/12\/darka-mazi-logo.png","contentUrl":"https:\/\/darkamazi.info\/file\/2017\/12\/darka-mazi-logo.png","width":151,"height":75,"caption":"Darka Maz\u00ee"},"image":{"@id":"https:\/\/darkamazi.info\/#\/schema\/logo\/image\/"},"sameAs":["https:\/\/www.facebook.com\/DarMaziKurmanci","https:\/\/x.com\/DarkaMaziLatini","https:\/\/www.instagram.com\/darkamazi.kurmanci\/","https:\/\/www.youtube.com\/channel\/UCa5HkTdmI8U1qCUFuTw8B2g"]},{"@type":"Person","@id":"https:\/\/darkamazi.info\/#\/schema\/person\/5ad3e24553a0567993fa8ed4bd0a776c","name":"darka mazi","sameAs":["https:\/\/darkamazi.info\/"],"url":"https:\/\/darkamazi.info\/archives\/author\/kurdi"}]}},"_links":{"self":[{"href":"https:\/\/darkamazi.info\/funavuv\/wp\/v2\/posts\/1049642","targetHints":{"allow":["GET"]}}],"collection":[{"href":"https:\/\/darkamazi.info\/funavuv\/wp\/v2\/posts"}],"about":[{"href":"https:\/\/darkamazi.info\/funavuv\/wp\/v2\/types\/post"}],"author":[{"embeddable":true,"href":"https:\/\/darkamazi.info\/funavuv\/wp\/v2\/users\/2"}],"replies":[{"embeddable":true,"href":"https:\/\/darkamazi.info\/funavuv\/wp\/v2\/comments?post=1049642"}],"version-history":[{"count":0,"href":"https:\/\/darkamazi.info\/funavuv\/wp\/v2\/posts\/1049642\/revisions"}],"wp:featuredmedia":[{"embeddable":true,"href":"https:\/\/darkamazi.info\/funavuv\/wp\/v2\/media\/1049643"}],"wp:attachment":[{"href":"https:\/\/darkamazi.info\/funavuv\/wp\/v2\/media?parent=1049642"}],"wp:term":[{"taxonomy":"category","embeddable":true,"href":"https:\/\/darkamazi.info\/funavuv\/wp\/v2\/categories?post=1049642"},{"taxonomy":"post_tag","embeddable":true,"href":"https:\/\/darkamazi.info\/funavuv\/wp\/v2\/tags?post=1049642"}],"curies":[{"name":"wp","href":"https:\/\/api.w.org\/{rel}","templated":true}]}}