{"id":1049647,"date":"2025-08-31T10:48:20","date_gmt":"2025-08-31T07:48:20","guid":{"rendered":"https:\/\/darkamazi.info\/?p=1049647"},"modified":"2025-08-31T10:48:20","modified_gmt":"2025-08-31T07:48:20","slug":"artesa-israile-hejmara-leskeren-xwe-yen-ku-hatine-kustin-askere-dike","status":"publish","type":"post","link":"https:\/\/darkamazi.info\/archives\/1049647","title":{"rendered":"Art\u00ea\u015fa \u00cesra\u00eel\u00ea hejmara le\u015fker\u00ean xwe y\u00ean ku hatine ku\u015ftin a\u015fkere dike"},"content":{"rendered":"<h3 style=\"text-align: justify\"><span style=\"font-family: 'arial black', sans-serif\">Art\u00ea\u015fa \u00cesra\u00eel\u00ea ragihand, le\u015fkerek\u00ee din \u00ea \u00cesra\u00eel\u00ee li ba\u015f\u00fbr\u00ea Kerta Xezzey\u00ea hatiye ku\u015ftin. Bi v\u00ea yek\u00ea re, hejmara gi\u015ft\u00ee ya le\u015fker\u00ean \u00cesra\u00eel\u00ee y\u00ean ku ji 7\u00ea Cotmeha 2023yan ve di \u015fer de hatine ku\u015ftin, gih\u00ee\u015ft 900 kesan.<\/span><\/h3>\n<h3 style=\"text-align: justify\">Li gor\u00ee daxuyaniya art\u00ea\u015fa \u00cesra\u00eel\u00ea, efser\u00ea bi nav\u00ea Ariel Lublin \u00ea 34 sal\u00ee, ku di L\u00eewaya Loj\u00eest\u00eek\u00ee ya 2036an a ser bi Firqeya 36an ve kar dikir, di \u015ferek\u00ee li ba\u015f\u00fbr\u00ea Kerta Xezzey\u00ea de jiyana xwe ji dest da. Ku\u015ftina v\u00ee efser\u00ee rojek pi\u015ft\u00ee ku\u015ftin \u00fb bir\u00eendarb\u00fbna hejmarek le\u015fker\u00ean din \u00ean \u00cesra\u00eel\u00ee li Kerta Xezzey\u00ea p\u00eak hat.<\/h3>\n<h3 style=\"text-align: justify\"><span style=\"font-family: 'arial black', sans-serif\">Amar\u00ean Ku\u015ftiy\u00ean Art\u00ea\u015fa \u00cesra\u00eel\u00ea<\/span><\/h3>\n<h3 style=\"text-align: justify\">Malpera ferm\u00ee \u00fb Radyoya Art\u00ea\u015fa \u00cesra\u00eel\u00ea hejmara 900 le\u015fker\u00ean ku\u015ft\u00ee pi\u015ftrast kirin \u00fb amar\u00ean berfireh bi v\u00ee away\u00ee belav kirin:<\/h3>\n<h3 style=\"text-align: justify\">&#8211; 329 le\u015fker: Di roja 7\u00ea Cotmeh\u00ea de hatin ku\u015ftin.<\/h3>\n<h3 style=\"text-align: justify\">&#8211; 456 le\u015fker: Di operasyon\u00ean bejay\u00ee y\u00ean li Kerta Xezzey\u00ea de hatin ku\u015ftin.<\/h3>\n<h3 style=\"text-align: justify\">&#8211; 50 le\u015fker: Di \u00ear\u00ee\u015fa li ser Libnan\u00ea de hatin ku\u015ftin.<\/h3>\n<h3 style=\"text-align: justify\">&#8211; 34 le\u015fker: Di \u00ear\u00ee\u015f\u00ean li dij\u00ee Hizbullaha Libnan\u00ea de hatin ku\u015ftin.<\/h3>\n<h3 style=\"text-align: justify\">&#8211; 16 le\u015fker: Di pev\u00e7\u00fbn\u00ean li KenaraRojava de hatin ku\u015ftin.<\/h3>\n<h3 style=\"text-align: justify\">&#8211; 2 le\u015fker: Di \u00ear\u00ee\u015f\u00ean bi dronan \u00ean m\u00eel\u00ees\u00ean Iraq\u00ee de hatin ku\u015ftin.<\/h3>\n<h3 style=\"text-align: justify\">&#8211; 1 le\u015fker: Di encama \u00ear\u00ee\u015f\u00ean m\u00fb\u015fek\u00ee y\u00ean \u00ceran\u00ea de hate ku\u015ftin.<\/h3>\n<h3 style=\"text-align: justify\">&#8211; 12 le\u015fker: Di b\u00fbyer \u00fb operasyon\u00ean din \u00ean cuda de hatin ku\u015ftin.<\/h3>\n<h3 style=\"text-align: justify\">B\u00eelan\u00e7oya giran a li aliy\u00ea Filist\u00een\u00ea<\/h3>\n<h3 style=\"text-align: justify\">Ji 7\u00ea Cotmeha 2023yan ve, di encama \u00ear\u00ee\u015f\u00ean h\u00eaz\u00ean \u00cesra\u00eel\u00ea de, n\u00eaz\u00eek\u00ee 63 hezar Filist\u00een\u00ee hatine ku\u015ftin \u00fb n\u00eaz\u00eek\u00ee 159 hezar kes j\u00ee bir\u00eendar b\u00fbne. Hat ragihandin ku piraniya qurbaniyan zarok \u00fb jin in. Herwiha, z\u00eadetir\u00ee 10 hezar kes winda ne \u00fb bi sed hezaran kes j\u00ee ko\u00e7ber b\u00fbne.<\/h3>\n<h3 style=\"text-align: justify\">Li gor\u00ee daney\u00ean Wezareta Tenduristiy\u00ea ya Xezzey\u00ea, ji ber bir\u00e7\u00eeb\u00fbn \u00fb k\u00eamasiya xwarin\u00ea li Z\u00eevala Xezey\u00ea, 322 Filist\u00eeniyan can\u00ea xwe ji dest dane, ku ji wan 121 kes zarok in.<\/h3>\n","protected":false},"excerpt":{"rendered":"<p>Art\u00ea\u015fa \u00cesra\u00eel\u00ea ragihand, le\u015fkerek\u00ee din \u00ea \u00cesra\u00eel\u00ee li ba\u015f\u00fbr\u00ea Kerta Xezzey\u00ea hatiye ku\u015ftin. Bi v\u00ea yek\u00ea re, hejmara gi\u015ft\u00ee ya le\u015fker\u00ean \u00cesra\u00eel\u00ee y\u00ean ku ji 7\u00ea Cotmeha 2023yan ve di \u015fer de hatine ku\u015ftin, gih\u00ee\u015ft 900 kesan. Li gor\u00ee daxuyaniya art\u00ea\u015fa \u00cesra\u00eel\u00ea, efser\u00ea bi nav\u00ea Ariel Lublin \u00ea 34 sal\u00ee, ku di L\u00eewaya Loj\u00eest\u00eek\u00ee ya [&hellip;]<\/p>\n","protected":false},"author":2,"featured_media":1049648,"comment_status":"closed","ping_status":"closed","sticky":false,"template":"","format":"standard","meta":{"footnotes":""},"categories":[31],"tags":[],"class_list":["post-1049647","post","type-post","status-publish","format-standard","has-post-thumbnail","hentry","category-rojhelata-navin"],"blocksy_meta":[],"seo_head":"<!-- This site is optimized with the Yoast SEO plugin v27.5 - https:\/\/yoast.com\/product\/yoast-seo-wordpress\/ -->\n<title>Art\u00ea\u015fa \u00cesra\u00eel\u00ea hejmara le\u015fker\u00ean xwe y\u00ean ku hatine ku\u015ftin a\u015fkere dike - Darka Maz\u00ee<\/title>\n<meta name=\"robots\" content=\"index, follow, max-snippet:-1, max-image-preview:large, max-video-preview:-1\" \/>\n<link rel=\"canonical\" href=\"https:\/\/darkamazi.info\/archives\/1049647\" \/>\n<meta property=\"og:locale\" content=\"en_US\" \/>\n<meta property=\"og:type\" content=\"article\" \/>\n<meta property=\"og:title\" content=\"Art\u00ea\u015fa \u00cesra\u00eel\u00ea hejmara le\u015fker\u00ean xwe y\u00ean ku hatine ku\u015ftin a\u015fkere dike - Darka Maz\u00ee\" \/>\n<meta property=\"og:description\" content=\"Art\u00ea\u015fa \u00cesra\u00eel\u00ea ragihand, le\u015fkerek\u00ee din \u00ea \u00cesra\u00eel\u00ee li ba\u015f\u00fbr\u00ea Kerta Xezzey\u00ea hatiye ku\u015ftin. Bi v\u00ea yek\u00ea re, hejmara gi\u015ft\u00ee ya le\u015fker\u00ean \u00cesra\u00eel\u00ee y\u00ean ku ji 7\u00ea Cotmeha 2023yan ve di \u015fer de hatine ku\u015ftin, gih\u00ee\u015ft 900 kesan. Li gor\u00ee daxuyaniya art\u00ea\u015fa \u00cesra\u00eel\u00ea, efser\u00ea bi nav\u00ea Ariel Lublin \u00ea 34 sal\u00ee, ku di L\u00eewaya Loj\u00eest\u00eek\u00ee ya [&hellip;]\" \/>\n<meta property=\"og:url\" content=\"https:\/\/darkamazi.info\/archives\/1049647\" \/>\n<meta property=\"og:site_name\" content=\"Darka Maz\u00ee\" \/>\n<meta property=\"article:publisher\" content=\"https:\/\/www.facebook.com\/DarMaziKurmanci\" \/>\n<meta property=\"article:published_time\" content=\"2025-08-31T07:48:20+00:00\" \/>\n<meta property=\"og:image\" content=\"https:\/\/darkamazi.info\/file\/2025\/08\/israil-lesker.jpg\" \/>\n\t<meta property=\"og:image:width\" content=\"900\" \/>\n\t<meta property=\"og:image:height\" content=\"497\" \/>\n\t<meta property=\"og:image:type\" content=\"image\/jpeg\" \/>\n<meta name=\"author\" content=\"darka mazi\" \/>\n<meta name=\"twitter:card\" content=\"summary_large_image\" \/>\n<meta name=\"twitter:creator\" content=\"@DarkaMaziLatini\" \/>\n<meta name=\"twitter:site\" content=\"@DarkaMaziLatini\" \/>\n<meta name=\"twitter:label1\" content=\"Written by\" \/>\n\t<meta name=\"twitter:data1\" content=\"darka mazi\" \/>\n\t<meta name=\"twitter:label2\" content=\"Est. reading time\" \/>\n\t<meta name=\"twitter:data2\" content=\"2 minutes\" \/>\n<script type=\"application\/ld+json\" class=\"seo-schema-graph\">{\"@context\":\"https:\\\/\\\/schema.org\",\"@graph\":[{\"@type\":\"Article\",\"@id\":\"https:\\\/\\\/darkamazi.info\\\/archives\\\/1049647#article\",\"isPartOf\":{\"@id\":\"https:\\\/\\\/darkamazi.info\\\/archives\\\/1049647\"},\"author\":{\"name\":\"darka mazi\",\"@id\":\"https:\\\/\\\/darkamazi.info\\\/#\\\/schema\\\/person\\\/5ad3e24553a0567993fa8ed4bd0a776c\"},\"headline\":\"Art\u00ea\u015fa \u00cesra\u00eel\u00ea hejmara le\u015fker\u00ean xwe y\u00ean ku hatine ku\u015ftin a\u015fkere dike\",\"datePublished\":\"2025-08-31T07:48:20+00:00\",\"mainEntityOfPage\":{\"@id\":\"https:\\\/\\\/darkamazi.info\\\/archives\\\/1049647\"},\"wordCount\":381,\"publisher\":{\"@id\":\"https:\\\/\\\/darkamazi.info\\\/#organization\"},\"image\":{\"@id\":\"https:\\\/\\\/darkamazi.info\\\/archives\\\/1049647#primaryimage\"},\"thumbnailUrl\":\"https:\\\/\\\/darkamazi.info\\\/darka-content\\\/uploads\\\/2025\\\/08\\\/israil-lesker.jpg\",\"articleSection\":[\"Rojhelata nav\u00een\"],\"inLanguage\":\"en-US\"},{\"@type\":\"WebPage\",\"@id\":\"https:\\\/\\\/darkamazi.info\\\/archives\\\/1049647\",\"url\":\"https:\\\/\\\/darkamazi.info\\\/archives\\\/1049647\",\"name\":\"Art\u00ea\u015fa \u00cesra\u00eel\u00ea hejmara le\u015fker\u00ean xwe y\u00ean ku hatine ku\u015ftin a\u015fkere dike - Darka Maz\u00ee\",\"isPartOf\":{\"@id\":\"https:\\\/\\\/darkamazi.info\\\/#website\"},\"primaryImageOfPage\":{\"@id\":\"https:\\\/\\\/darkamazi.info\\\/archives\\\/1049647#primaryimage\"},\"image\":{\"@id\":\"https:\\\/\\\/darkamazi.info\\\/archives\\\/1049647#primaryimage\"},\"thumbnailUrl\":\"https:\\\/\\\/darkamazi.info\\\/darka-content\\\/uploads\\\/2025\\\/08\\\/israil-lesker.jpg\",\"datePublished\":\"2025-08-31T07:48:20+00:00\",\"breadcrumb\":{\"@id\":\"https:\\\/\\\/darkamazi.info\\\/archives\\\/1049647#breadcrumb\"},\"inLanguage\":\"en-US\",\"potentialAction\":[{\"@type\":\"ReadAction\",\"target\":[\"https:\\\/\\\/darkamazi.info\\\/archives\\\/1049647\"]}]},{\"@type\":\"ImageObject\",\"inLanguage\":\"en-US\",\"@id\":\"https:\\\/\\\/darkamazi.info\\\/archives\\\/1049647#primaryimage\",\"url\":\"https:\\\/\\\/darkamazi.info\\\/darka-content\\\/uploads\\\/2025\\\/08\\\/israil-lesker.jpg\",\"contentUrl\":\"https:\\\/\\\/darkamazi.info\\\/darka-content\\\/uploads\\\/2025\\\/08\\\/israil-lesker.jpg\",\"width\":900,\"height\":497,\"caption\":\"Art\u00ea\u015fa \u00cesra\u00eel\u00ea hejmara le\u015fker\u00ean xwe y\u00ean ku hatine ku\u015ftin a\u015fkere dike\"},{\"@type\":\"BreadcrumbList\",\"@id\":\"https:\\\/\\\/darkamazi.info\\\/archives\\\/1049647#breadcrumb\",\"itemListElement\":[{\"@type\":\"ListItem\",\"position\":1,\"name\":\"Home\",\"item\":\"https:\\\/\\\/darkamazi.info\\\/\"},{\"@type\":\"ListItem\",\"position\":2,\"name\":\"Art\u00ea\u015fa \u00cesra\u00eel\u00ea hejmara le\u015fker\u00ean xwe y\u00ean ku hatine ku\u015ftin a\u015fkere dike\"}]},{\"@type\":\"WebSite\",\"@id\":\"https:\\\/\\\/darkamazi.info\\\/#website\",\"url\":\"https:\\\/\\\/darkamazi.info\\\/\",\"name\":\"Darka Maz\u00ee\",\"description\":\"P\u00eageha Zanyariy\u00ean Nebih\u00eest\u00ee\",\"publisher\":{\"@id\":\"https:\\\/\\\/darkamazi.info\\\/#organization\"},\"potentialAction\":[{\"@type\":\"SearchAction\",\"target\":{\"@type\":\"EntryPoint\",\"urlTemplate\":\"https:\\\/\\\/darkamazi.info\\\/?s={search_term_string}\"},\"query-input\":{\"@type\":\"PropertyValueSpecification\",\"valueRequired\":true,\"valueName\":\"search_term_string\"}}],\"inLanguage\":\"en-US\"},{\"@type\":\"Organization\",\"@id\":\"https:\\\/\\\/darkamazi.info\\\/#organization\",\"name\":\"Darka Maz\u00ee\",\"url\":\"https:\\\/\\\/darkamazi.info\\\/\",\"logo\":{\"@type\":\"ImageObject\",\"inLanguage\":\"en-US\",\"@id\":\"https:\\\/\\\/darkamazi.info\\\/#\\\/schema\\\/logo\\\/image\\\/\",\"url\":\"https:\\\/\\\/darkamazi.info\\\/darka-content\\\/uploads\\\/2017\\\/12\\\/darka-mazi-logo.png\",\"contentUrl\":\"https:\\\/\\\/darkamazi.info\\\/darka-content\\\/uploads\\\/2017\\\/12\\\/darka-mazi-logo.png\",\"width\":151,\"height\":75,\"caption\":\"Darka Maz\u00ee\"},\"image\":{\"@id\":\"https:\\\/\\\/darkamazi.info\\\/#\\\/schema\\\/logo\\\/image\\\/\"},\"sameAs\":[\"https:\\\/\\\/www.facebook.com\\\/DarMaziKurmanci\",\"https:\\\/\\\/x.com\\\/DarkaMaziLatini\",\"https:\\\/\\\/www.instagram.com\\\/darkamazi.kurmanci\\\/\",\"https:\\\/\\\/www.youtube.com\\\/channel\\\/UCa5HkTdmI8U1qCUFuTw8B2g\"]},{\"@type\":\"Person\",\"@id\":\"https:\\\/\\\/darkamazi.info\\\/#\\\/schema\\\/person\\\/5ad3e24553a0567993fa8ed4bd0a776c\",\"name\":\"darka mazi\",\"sameAs\":[\"https:\\\/\\\/darkamazi.info\\\/\"],\"url\":\"https:\\\/\\\/darkamazi.info\\\/archives\\\/author\\\/kurdi\"}]}<\/script>\n<!-- \/ Yoast SEO plugin. -->","seo_head_json":{"title":"Art\u00ea\u015fa \u00cesra\u00eel\u00ea hejmara le\u015fker\u00ean xwe y\u00ean ku hatine ku\u015ftin a\u015fkere dike - Darka Maz\u00ee","robots":{"index":"index","follow":"follow","max-snippet":"max-snippet:-1","max-image-preview":"max-image-preview:large","max-video-preview":"max-video-preview:-1"},"canonical":"https:\/\/darkamazi.info\/archives\/1049647","og_locale":"en_US","og_type":"article","og_title":"Art\u00ea\u015fa \u00cesra\u00eel\u00ea hejmara le\u015fker\u00ean xwe y\u00ean ku hatine ku\u015ftin a\u015fkere dike - Darka Maz\u00ee","og_description":"Art\u00ea\u015fa \u00cesra\u00eel\u00ea ragihand, le\u015fkerek\u00ee din \u00ea \u00cesra\u00eel\u00ee li ba\u015f\u00fbr\u00ea Kerta Xezzey\u00ea hatiye ku\u015ftin. Bi v\u00ea yek\u00ea re, hejmara gi\u015ft\u00ee ya le\u015fker\u00ean \u00cesra\u00eel\u00ee y\u00ean ku ji 7\u00ea Cotmeha 2023yan ve di \u015fer de hatine ku\u015ftin, gih\u00ee\u015ft 900 kesan. Li gor\u00ee daxuyaniya art\u00ea\u015fa \u00cesra\u00eel\u00ea, efser\u00ea bi nav\u00ea Ariel Lublin \u00ea 34 sal\u00ee, ku di L\u00eewaya Loj\u00eest\u00eek\u00ee ya [&hellip;]","og_url":"https:\/\/darkamazi.info\/archives\/1049647","og_site_name":"Darka Maz\u00ee","article_publisher":"https:\/\/www.facebook.com\/DarMaziKurmanci","article_published_time":"2025-08-31T07:48:20+00:00","og_image":[{"width":900,"height":497,"url":"https:\/\/darkamazi.info\/file\/2025\/08\/israil-lesker.jpg","type":"image\/jpeg"}],"author":"darka mazi","twitter_card":"summary_large_image","twitter_creator":"@DarkaMaziLatini","twitter_site":"@DarkaMaziLatini","twitter_misc":{"Written by":"darka mazi","Est. reading time":"2 minutes"},"schema":{"@context":"https:\/\/schema.org","@graph":[{"@type":"Article","@id":"https:\/\/darkamazi.info\/archives\/1049647#article","isPartOf":{"@id":"https:\/\/darkamazi.info\/archives\/1049647"},"author":{"name":"darka mazi","@id":"https:\/\/darkamazi.info\/#\/schema\/person\/5ad3e24553a0567993fa8ed4bd0a776c"},"headline":"Art\u00ea\u015fa \u00cesra\u00eel\u00ea hejmara le\u015fker\u00ean xwe y\u00ean ku hatine ku\u015ftin a\u015fkere dike","datePublished":"2025-08-31T07:48:20+00:00","mainEntityOfPage":{"@id":"https:\/\/darkamazi.info\/archives\/1049647"},"wordCount":381,"publisher":{"@id":"https:\/\/darkamazi.info\/#organization"},"image":{"@id":"https:\/\/darkamazi.info\/archives\/1049647#primaryimage"},"thumbnailUrl":"https:\/\/darkamazi.info\/file\/2025\/08\/israil-lesker.jpg","articleSection":["Rojhelata nav\u00een"],"inLanguage":"en-US"},{"@type":"WebPage","@id":"https:\/\/darkamazi.info\/archives\/1049647","url":"https:\/\/darkamazi.info\/archives\/1049647","name":"Art\u00ea\u015fa \u00cesra\u00eel\u00ea hejmara le\u015fker\u00ean xwe y\u00ean ku hatine ku\u015ftin a\u015fkere dike - Darka Maz\u00ee","isPartOf":{"@id":"https:\/\/darkamazi.info\/#website"},"primaryImageOfPage":{"@id":"https:\/\/darkamazi.info\/archives\/1049647#primaryimage"},"image":{"@id":"https:\/\/darkamazi.info\/archives\/1049647#primaryimage"},"thumbnailUrl":"https:\/\/darkamazi.info\/file\/2025\/08\/israil-lesker.jpg","datePublished":"2025-08-31T07:48:20+00:00","breadcrumb":{"@id":"https:\/\/darkamazi.info\/archives\/1049647#breadcrumb"},"inLanguage":"en-US","potentialAction":[{"@type":"ReadAction","target":["https:\/\/darkamazi.info\/archives\/1049647"]}]},{"@type":"ImageObject","inLanguage":"en-US","@id":"https:\/\/darkamazi.info\/archives\/1049647#primaryimage","url":"https:\/\/darkamazi.info\/file\/2025\/08\/israil-lesker.jpg","contentUrl":"https:\/\/darkamazi.info\/file\/2025\/08\/israil-lesker.jpg","width":900,"height":497,"caption":"Art\u00ea\u015fa \u00cesra\u00eel\u00ea hejmara le\u015fker\u00ean xwe y\u00ean ku hatine ku\u015ftin a\u015fkere dike"},{"@type":"BreadcrumbList","@id":"https:\/\/darkamazi.info\/archives\/1049647#breadcrumb","itemListElement":[{"@type":"ListItem","position":1,"name":"Home","item":"https:\/\/darkamazi.info\/"},{"@type":"ListItem","position":2,"name":"Art\u00ea\u015fa \u00cesra\u00eel\u00ea hejmara le\u015fker\u00ean xwe y\u00ean ku hatine ku\u015ftin a\u015fkere dike"}]},{"@type":"WebSite","@id":"https:\/\/darkamazi.info\/#website","url":"https:\/\/darkamazi.info\/","name":"Darka Maz\u00ee","description":"P\u00eageha Zanyariy\u00ean Nebih\u00eest\u00ee","publisher":{"@id":"https:\/\/darkamazi.info\/#organization"},"potentialAction":[{"@type":"SearchAction","target":{"@type":"EntryPoint","urlTemplate":"https:\/\/darkamazi.info\/?s={search_term_string}"},"query-input":{"@type":"PropertyValueSpecification","valueRequired":true,"valueName":"search_term_string"}}],"inLanguage":"en-US"},{"@type":"Organization","@id":"https:\/\/darkamazi.info\/#organization","name":"Darka Maz\u00ee","url":"https:\/\/darkamazi.info\/","logo":{"@type":"ImageObject","inLanguage":"en-US","@id":"https:\/\/darkamazi.info\/#\/schema\/logo\/image\/","url":"https:\/\/darkamazi.info\/file\/2017\/12\/darka-mazi-logo.png","contentUrl":"https:\/\/darkamazi.info\/file\/2017\/12\/darka-mazi-logo.png","width":151,"height":75,"caption":"Darka Maz\u00ee"},"image":{"@id":"https:\/\/darkamazi.info\/#\/schema\/logo\/image\/"},"sameAs":["https:\/\/www.facebook.com\/DarMaziKurmanci","https:\/\/x.com\/DarkaMaziLatini","https:\/\/www.instagram.com\/darkamazi.kurmanci\/","https:\/\/www.youtube.com\/channel\/UCa5HkTdmI8U1qCUFuTw8B2g"]},{"@type":"Person","@id":"https:\/\/darkamazi.info\/#\/schema\/person\/5ad3e24553a0567993fa8ed4bd0a776c","name":"darka mazi","sameAs":["https:\/\/darkamazi.info\/"],"url":"https:\/\/darkamazi.info\/archives\/author\/kurdi"}]}},"_links":{"self":[{"href":"https:\/\/darkamazi.info\/funavuv\/wp\/v2\/posts\/1049647","targetHints":{"allow":["GET"]}}],"collection":[{"href":"https:\/\/darkamazi.info\/funavuv\/wp\/v2\/posts"}],"about":[{"href":"https:\/\/darkamazi.info\/funavuv\/wp\/v2\/types\/post"}],"author":[{"embeddable":true,"href":"https:\/\/darkamazi.info\/funavuv\/wp\/v2\/users\/2"}],"replies":[{"embeddable":true,"href":"https:\/\/darkamazi.info\/funavuv\/wp\/v2\/comments?post=1049647"}],"version-history":[{"count":0,"href":"https:\/\/darkamazi.info\/funavuv\/wp\/v2\/posts\/1049647\/revisions"}],"wp:featuredmedia":[{"embeddable":true,"href":"https:\/\/darkamazi.info\/funavuv\/wp\/v2\/media\/1049648"}],"wp:attachment":[{"href":"https:\/\/darkamazi.info\/funavuv\/wp\/v2\/media?parent=1049647"}],"wp:term":[{"taxonomy":"category","embeddable":true,"href":"https:\/\/darkamazi.info\/funavuv\/wp\/v2\/categories?post=1049647"},{"taxonomy":"post_tag","embeddable":true,"href":"https:\/\/darkamazi.info\/funavuv\/wp\/v2\/tags?post=1049647"}],"curies":[{"name":"wp","href":"https:\/\/api.w.org\/{rel}","templated":true}]}}