{"id":1049662,"date":"2025-08-31T19:43:47","date_gmt":"2025-08-31T16:43:47","guid":{"rendered":"https:\/\/darkamazi.info\/?p=1049662"},"modified":"2025-08-31T19:43:47","modified_gmt":"2025-08-31T16:43:47","slug":"pengava-31-e-tebaxe-ya-hewlere-iro-salvegera-29-emin-a-parastina-hewlere-li-diji-dagirkeriya-irane-cehs-u-mafyayan-ne","status":"publish","type":"post","link":"https:\/\/darkamazi.info\/archives\/1049662","title":{"rendered":"P\u00eangava 31 \u00ea Tebax\u00ea ya Hewler\u00ea: \u00cero salvegera 29 em\u00een a parastina Hewler\u00ea li dij\u00ee dagirkeriya \u00ceran\u00ea, ceh\u015f \u00fb mafyayan ne"},"content":{"rendered":"<h3 style=\"text-align: justify\"><span style=\"font-family: 'arial black', sans-serif\">\u00cero 29em\u00een salvegera berxwedana Hewler\u00ea li dij\u00ee plana hevbe\u015f a \u00ceran\u00ea ya bi p\u00ea\u015fengiya YNK \u00ea ya ji bo dagirkirina Hewler\u00ea ye.<\/span><\/h3>\n<h3 style=\"text-align: justify\"><span style=\"font-family: arial, helvetica, sans-serif\">Operasyona Hewler\u00ea ya 31 \u00ea Tebax\u00ea, ku di d\u00eerok\u00ea de her cend hatibe man\u00eepulekirin j\u00ee l\u00ea di rast\u00eey\u00ea de r\u00ea li ber statuya Her\u00eama Kurdistan\u00ea ya \u00eero \u00fb bilindb\u00fbna Hewler\u00ea bo navendeke sereke li Rojhilata Nav\u00een vekir. Ji ber ku p\u00eangava Hewler\u00ea hem plan\u00ean \u00ceran\u00ea \u00fb hem j\u00ee h\u00eaza navxwey\u00ee ya ceh\u015f \u00fb mafya ji hol\u00ea rakir.<\/span><\/h3>\n<h3 style=\"text-align: justify\"><span style=\"font-family: arial, helvetica, sans-serif\">Gir\u00eeng\u00ee \u00fb rola p\u00eangava Hewler\u00ea di d\u00eeroka n\u00eaz\u00eek a Kurdistan\u00ea de di bandora w\u00ea ya li ser neteweya Kurd de h\u00een b\u00eatir e\u015fkere dibe, nemaze dema ku rew\u015fa siyas\u00ee ya hey\u00ee ya li Sil\u00eamaniy\u00ea t\u00ea ber\u00e7av girtin. Pev\u00e7\u00fbna di navbera Talaban\u00eey\u00ean pismam de li Ot\u00eala Lalezar li Sil\u00eamaniy\u00ea di 21-22 \u00ea Tebax\u00ea de, \u00fb \u015fer\u00ea navxwey\u00ee y\u00ea m\u00eena mafyay\u00ea di navbera pismaman de di deh sal\u00ean bor\u00ee de, \u00fb ki\u015fandina sil\u00eaman\u00ee bon ava v\u00ea tar\u00eet\u00eey\u00ea de, v\u00ea xal\u00ea b\u00eatir zelal dike. P\u00eangava 31 k\u00ee tebax\u00ea ne hi\u015ft Hewler j\u00ee m\u00eena Sil\u00eaman\u00eey\u00ea bibe navendeke mafyaya s\u00eeyas\u00ee. \u00a0<\/span><\/h3>\n<h3 style=\"text-align: justify\"><span style=\"font-family: arial, helvetica, sans-serif\">\u00car\u00ee\u015f\u00ean rej\u00eema Iraq\u00ea li ser Kurdistan\u00ea li ser paralela 36 an hatin astengkirin. Pi\u015ft\u00ee \u015fer Xizan\u00ee pir z\u00eade b\u00fb, \u00fb mirov\u00ean ko\u00e7ber vegeriyan mal\u00ean xwe, l\u00ea ji n\u00fb ve j\u00eeyan bi zext\u00ee dihat afirandin. Li her bajar\u00ee, gel di nav xirbey\u00ean rej\u00eema Sedam de teko\u015f\u00eena damezradina j\u00eeyanek\u00ee azad dikir. \u00a0<\/span><\/h3>\n<h3 style=\"text-align: justify\"><span style=\"font-family: arial, helvetica, sans-serif\">Hewler bi zehmetiy\u00ean her\u00ee mezin re r\u00fb bi r\u00fb ma. Talan, diz\u00ee, mafya, revandin \u00fb gendel\u00ee \u200b\u200bli Hewler\u00ea pir belav b\u00fb. Ew gih\u00ee\u015ft w\u00ea ast\u00ea ku mirovan par\u00e7ey\u00ean otomob\u00eel\u00ean xwe ji bo neh\u00ean diz\u00een j\u00eadikirin \u00fb dibirin mal\u00ean xwe. \u00a0W\u00eaney\u00ean otomob\u00eelek li ser ban\u00ee di ar\u015f\u00eev\u00ean w\u00ea dem\u00ea de t\u00eane d\u00eetin. Berpirsiyar\u00ea sereke y\u00ea v\u00ea tar\u00eetiya ku Hewler heb\u00fb YNK b\u00fb, ji ber ku hem\u00ee saziy\u00ean ewlehiy\u00ea di bin kontrola YNK \u00ea de b\u00fbn.<\/span><\/h3>\n<h3 style=\"text-align: justify\"><span style=\"font-family: arial, helvetica, sans-serif\">YNK ne ten\u00ea aramiya Hewler\u00ea t\u00eak da, l\u00ea di heman dem\u00ea de ji bo dagirkirina Hewler\u00ea ji h\u00eala \u00ceran\u00ea ve komployek xay\u00eenane j\u00ee amade kir. YNK \u00ea biryar da ku operasyonek hevbe\u015f bide destp\u00eakirin da ku partiy\u00ean Rojhilat\u00ea Kurdistan\u00ea ji hol\u00ea rake \u00fb di heman dem\u00ea de r\u00ea bide h\u00eaz\u00ean \u00ceran\u00ee ku bikevin Hewler\u00ea. Le\u015fker\u00ea \u00ceran\u00ee, \u00e7il\u00ean P\u00ea\u015fmergey\u00ean YNK \u00ea li xwe kirib\u00fbn, yek\u00eeney\u00ean \u00e7ek\u00eagiran ji Sil\u00eamaniy\u00ea ber bi Koy\u00ea ve dest bi hereket\u00ea kirib\u00fb.<\/span><\/h3>\n<h3 style=\"text-align: justify\"><span style=\"font-family: 'arial black', sans-serif;font-size: 18pt;color: #8c0707\">Yan\u00ee, YNK \u00fb \u00ceran d\u00ea mil bi mile hev operasyonek dij\u00ee-kurd dab\u00fb destp\u00eakirin.<\/span><\/h3>\n<h3 style=\"text-align: justify\"><span style=\"font-family: arial, helvetica, sans-serif\">Niha, hin derdor (bi taybet\u00ee medyaya PKK \u00ea, ku bi taybet\u00ee di we\u015fan\u00ean bi ziman\u00ea Tirk\u00ee de) v\u00ea rast\u00eey\u00ea vedi\u015f\u00earin \u00fb \u00eedia dikin ku PDK bi Sedam re ketine Hewler\u00ea. Ew dixwazin raya gi\u015ft\u00ee bi v\u00ea derew\u00ea bidin bawerkirin. L\u00eabel\u00ea, PDK \u00ea bi tekt\u00eeke \u015fer a bi bandor &#8220;deynkirina p\u00ean\u00fbsek ji dijminek\u00ee da ku dijminek\u00ee din t\u00eak bibe&#8221; bi kar aniye. Ev hem gaveke siyas\u00ee \u00fb hem j\u00ee pol\u00eet\u00eek b\u00fb.<\/span><\/h3>\n<h3 style=\"text-align: justify\"><span style=\"font-family: arial, helvetica, sans-serif\">Bi rast\u00ee, dema ku em \u00eero li rew\u015fa Sil\u00eaman\u00ee \u00fb YNK \u00ea din\u00earin, em dikarin bib\u00eenin ku ev kiryar \u00e7iqas ji bo Kurd Kurdistan\u00ea gir\u00eeng b\u00fb. Bi p\u00eangava 31 \u00ea Tebax\u00ea, Kurdan komployek tar\u00ee t\u00eak birin.<\/span><\/h3>\n<h3 style=\"text-align: justify\"><span style=\"font-family: 'arial black', sans-serif;color: #808080\">\u00db mixabin,\u00cero j\u00ee pol\u00eet\u00eekay\u00ean m\u00eena w\u00ea dem\u00ea y\u00ean YNK \u00ea hene. YNK h\u00een j\u00ee bi \u00ceran\u00ea re hevkariy\u00ea dike, \u015fir\u00eek\u00ea He\u015fd\u00ee \u015eeb\u00ee ye, \u00fb bajar\u00ea ku ew bir\u00eave dibin m\u00eena navendeke mafyay\u00ea ye, \u00fb ew h\u00een j\u00ee dijminatiya xwe li hember Hewler\u00ea dime\u015f\u00eenin. YNK \u00ea di \u00ear\u00ee\u015f\u00ean m\u00fb\u015fek\u00ee y\u00ean \u00ceran\u00ea y\u00ean li ser Hewler\u00ea de rolek l\u00eest. YNK \u00ea di neday\u00eena m\u00fb\u00e7ey\u00ean karmend\u00ean Her\u00eama Kurdistan\u00ea de rolek l\u00eest. YNK \u00ea di ketina He\u015fd\u00ee \u015eeb\u00ee ya Kerk\u00fbk \u00fb \u015eingal\u00ea de rolek l\u00eest. YNK di dest\u00ea Bafil Talaban\u00ee de b\u00fbye mafyayeke siyas\u00ee.<\/span><\/h3>\n<h3 style=\"text-align: justify\"><span style=\"font-family: arial, helvetica, sans-serif\">Yan\u00ee, YNK di rew\u015feke xeternak de dim\u00eene. \u00e7apemen\u00eeya YNK \u00ea, \u00c7apemen\u00eeya PKK \u00ea, Ereb\u00ean \u015e\u00eea \u00fb rej\u00eema \u00ceran\u00ea hewl didin ku Bafil Talaban\u00ee weke Serok p\u00ea\u015fk\u00ea\u015fbikin. V\u00ee berey\u00ea dij-Kurd v\u00ea dawiy\u00ea Bafil wek serok\u00ea &#8220;Yek\u00eetiya sosyal Demokrat\u00ean C\u00eehana Ereb&#8221; hilbijart. Hinde qedr \u00fb q\u00eemet day\u00eena Bafil ji ber gir\u00een\u00eeya pilan\u00ean wan y\u00ean p\u00ea\u015feroj\u00ea ne. Bafil w\u00ea bibe am\u00fbra komployek m\u00eena dagirkirina Hewler\u00ea ya 1996 an. Div\u00ea Kurd hi\u015fyar bin. Li hember\u00ee v\u00ea plana xay\u00eenana dive bi ruh\u00ea p\u00eangava 31 \u00ea Tebax\u00ea em tevbigerin.<\/span><\/h3>\n","protected":false},"excerpt":{"rendered":"<p>\u00cero 29em\u00een salvegera berxwedana Hewler\u00ea li dij\u00ee plana hevbe\u015f a \u00ceran\u00ea ya bi p\u00ea\u015fengiya YNK \u00ea ya ji bo dagirkirina Hewler\u00ea ye. Operasyona Hewler\u00ea ya 31 \u00ea Tebax\u00ea, ku di d\u00eerok\u00ea de her cend hatibe man\u00eepulekirin j\u00ee l\u00ea di rast\u00eey\u00ea de r\u00ea li ber statuya Her\u00eama Kurdistan\u00ea ya \u00eero \u00fb bilindb\u00fbna Hewler\u00ea bo navendeke sereke [&hellip;]<\/p>\n","protected":false},"author":2,"featured_media":1049663,"comment_status":"closed","ping_status":"closed","sticky":false,"template":"","format":"standard","meta":{"footnotes":""},"categories":[68],"tags":[37],"class_list":["post-1049662","post","type-post","status-publish","format-standard","has-post-thumbnail","hentry","category-analiz","tag-sereke"],"blocksy_meta":[],"seo_head":"<!-- This site is optimized with the Yoast SEO plugin v27.5 - https:\/\/yoast.com\/product\/yoast-seo-wordpress\/ -->\n<title>P\u00eangava 31 \u00ea Tebax\u00ea ya Hewler\u00ea: \u00cero salvegera 29 em\u00een a parastina Hewler\u00ea li dij\u00ee dagirkeriya \u00ceran\u00ea, ceh\u015f \u00fb mafyayan ne - Darka Maz\u00ee<\/title>\n<meta name=\"robots\" content=\"index, follow, max-snippet:-1, max-image-preview:large, max-video-preview:-1\" \/>\n<link rel=\"canonical\" href=\"https:\/\/darkamazi.info\/archives\/1049662\" \/>\n<meta property=\"og:locale\" content=\"en_US\" \/>\n<meta property=\"og:type\" content=\"article\" \/>\n<meta property=\"og:title\" content=\"P\u00eangava 31 \u00ea Tebax\u00ea ya Hewler\u00ea: \u00cero salvegera 29 em\u00een a parastina Hewler\u00ea li dij\u00ee dagirkeriya \u00ceran\u00ea, ceh\u015f \u00fb mafyayan ne - Darka Maz\u00ee\" \/>\n<meta property=\"og:description\" content=\"\u00cero 29em\u00een salvegera berxwedana Hewler\u00ea li dij\u00ee plana hevbe\u015f a \u00ceran\u00ea ya bi p\u00ea\u015fengiya YNK \u00ea ya ji bo dagirkirina Hewler\u00ea ye. Operasyona Hewler\u00ea ya 31 \u00ea Tebax\u00ea, ku di d\u00eerok\u00ea de her cend hatibe man\u00eepulekirin j\u00ee l\u00ea di rast\u00eey\u00ea de r\u00ea li ber statuya Her\u00eama Kurdistan\u00ea ya \u00eero \u00fb bilindb\u00fbna Hewler\u00ea bo navendeke sereke [&hellip;]\" \/>\n<meta property=\"og:url\" content=\"https:\/\/darkamazi.info\/archives\/1049662\" \/>\n<meta property=\"og:site_name\" content=\"Darka Maz\u00ee\" \/>\n<meta property=\"article:publisher\" content=\"https:\/\/www.facebook.com\/DarMaziKurmanci\" \/>\n<meta property=\"article:published_time\" content=\"2025-08-31T16:43:47+00:00\" \/>\n<meta property=\"og:image\" content=\"https:\/\/darkamazi.info\/file\/2025\/08\/31-tebaxe-2025-Info.jpg\" \/>\n\t<meta property=\"og:image:width\" content=\"900\" \/>\n\t<meta property=\"og:image:height\" content=\"497\" \/>\n\t<meta property=\"og:image:type\" content=\"image\/jpeg\" \/>\n<meta name=\"author\" content=\"darka mazi\" \/>\n<meta name=\"twitter:card\" content=\"summary_large_image\" \/>\n<meta name=\"twitter:creator\" content=\"@DarkaMaziLatini\" \/>\n<meta name=\"twitter:site\" content=\"@DarkaMaziLatini\" \/>\n<meta name=\"twitter:label1\" content=\"Written by\" \/>\n\t<meta name=\"twitter:data1\" content=\"darka mazi\" \/>\n\t<meta name=\"twitter:label2\" content=\"Est. reading time\" \/>\n\t<meta name=\"twitter:data2\" content=\"4 minutes\" \/>\n<script type=\"application\/ld+json\" class=\"seo-schema-graph\">{\"@context\":\"https:\\\/\\\/schema.org\",\"@graph\":[{\"@type\":\"Article\",\"@id\":\"https:\\\/\\\/darkamazi.info\\\/archives\\\/1049662#article\",\"isPartOf\":{\"@id\":\"https:\\\/\\\/darkamazi.info\\\/archives\\\/1049662\"},\"author\":{\"name\":\"darka mazi\",\"@id\":\"https:\\\/\\\/darkamazi.info\\\/#\\\/schema\\\/person\\\/5ad3e24553a0567993fa8ed4bd0a776c\"},\"headline\":\"P\u00eangava 31 \u00ea Tebax\u00ea ya Hewler\u00ea: \u00cero salvegera 29 em\u00een a parastina Hewler\u00ea li dij\u00ee dagirkeriya \u00ceran\u00ea, ceh\u015f \u00fb mafyayan ne\",\"datePublished\":\"2025-08-31T16:43:47+00:00\",\"mainEntityOfPage\":{\"@id\":\"https:\\\/\\\/darkamazi.info\\\/archives\\\/1049662\"},\"wordCount\":800,\"publisher\":{\"@id\":\"https:\\\/\\\/darkamazi.info\\\/#organization\"},\"image\":{\"@id\":\"https:\\\/\\\/darkamazi.info\\\/archives\\\/1049662#primaryimage\"},\"thumbnailUrl\":\"https:\\\/\\\/darkamazi.info\\\/darka-content\\\/uploads\\\/2025\\\/08\\\/31-tebaxe-2025-Info.jpg\",\"keywords\":[\"sereke\"],\"articleSection\":[\"Anal\u00eez\"],\"inLanguage\":\"en-US\"},{\"@type\":\"WebPage\",\"@id\":\"https:\\\/\\\/darkamazi.info\\\/archives\\\/1049662\",\"url\":\"https:\\\/\\\/darkamazi.info\\\/archives\\\/1049662\",\"name\":\"P\u00eangava 31 \u00ea Tebax\u00ea ya Hewler\u00ea: \u00cero salvegera 29 em\u00een a parastina Hewler\u00ea li dij\u00ee dagirkeriya \u00ceran\u00ea, ceh\u015f \u00fb mafyayan ne - Darka Maz\u00ee\",\"isPartOf\":{\"@id\":\"https:\\\/\\\/darkamazi.info\\\/#website\"},\"primaryImageOfPage\":{\"@id\":\"https:\\\/\\\/darkamazi.info\\\/archives\\\/1049662#primaryimage\"},\"image\":{\"@id\":\"https:\\\/\\\/darkamazi.info\\\/archives\\\/1049662#primaryimage\"},\"thumbnailUrl\":\"https:\\\/\\\/darkamazi.info\\\/darka-content\\\/uploads\\\/2025\\\/08\\\/31-tebaxe-2025-Info.jpg\",\"datePublished\":\"2025-08-31T16:43:47+00:00\",\"breadcrumb\":{\"@id\":\"https:\\\/\\\/darkamazi.info\\\/archives\\\/1049662#breadcrumb\"},\"inLanguage\":\"en-US\",\"potentialAction\":[{\"@type\":\"ReadAction\",\"target\":[\"https:\\\/\\\/darkamazi.info\\\/archives\\\/1049662\"]}]},{\"@type\":\"ImageObject\",\"inLanguage\":\"en-US\",\"@id\":\"https:\\\/\\\/darkamazi.info\\\/archives\\\/1049662#primaryimage\",\"url\":\"https:\\\/\\\/darkamazi.info\\\/darka-content\\\/uploads\\\/2025\\\/08\\\/31-tebaxe-2025-Info.jpg\",\"contentUrl\":\"https:\\\/\\\/darkamazi.info\\\/darka-content\\\/uploads\\\/2025\\\/08\\\/31-tebaxe-2025-Info.jpg\",\"width\":900,\"height\":497,\"caption\":\"31 tebax\u00ea-2025-Info\"},{\"@type\":\"BreadcrumbList\",\"@id\":\"https:\\\/\\\/darkamazi.info\\\/archives\\\/1049662#breadcrumb\",\"itemListElement\":[{\"@type\":\"ListItem\",\"position\":1,\"name\":\"Home\",\"item\":\"https:\\\/\\\/darkamazi.info\\\/\"},{\"@type\":\"ListItem\",\"position\":2,\"name\":\"P\u00eangava 31 \u00ea Tebax\u00ea ya Hewler\u00ea: \u00cero salvegera 29 em\u00een a parastina Hewler\u00ea li dij\u00ee dagirkeriya \u00ceran\u00ea, ceh\u015f \u00fb mafyayan ne\"}]},{\"@type\":\"WebSite\",\"@id\":\"https:\\\/\\\/darkamazi.info\\\/#website\",\"url\":\"https:\\\/\\\/darkamazi.info\\\/\",\"name\":\"Darka Maz\u00ee\",\"description\":\"P\u00eageha Zanyariy\u00ean Nebih\u00eest\u00ee\",\"publisher\":{\"@id\":\"https:\\\/\\\/darkamazi.info\\\/#organization\"},\"potentialAction\":[{\"@type\":\"SearchAction\",\"target\":{\"@type\":\"EntryPoint\",\"urlTemplate\":\"https:\\\/\\\/darkamazi.info\\\/?s={search_term_string}\"},\"query-input\":{\"@type\":\"PropertyValueSpecification\",\"valueRequired\":true,\"valueName\":\"search_term_string\"}}],\"inLanguage\":\"en-US\"},{\"@type\":\"Organization\",\"@id\":\"https:\\\/\\\/darkamazi.info\\\/#organization\",\"name\":\"Darka Maz\u00ee\",\"url\":\"https:\\\/\\\/darkamazi.info\\\/\",\"logo\":{\"@type\":\"ImageObject\",\"inLanguage\":\"en-US\",\"@id\":\"https:\\\/\\\/darkamazi.info\\\/#\\\/schema\\\/logo\\\/image\\\/\",\"url\":\"https:\\\/\\\/darkamazi.info\\\/darka-content\\\/uploads\\\/2017\\\/12\\\/darka-mazi-logo.png\",\"contentUrl\":\"https:\\\/\\\/darkamazi.info\\\/darka-content\\\/uploads\\\/2017\\\/12\\\/darka-mazi-logo.png\",\"width\":151,\"height\":75,\"caption\":\"Darka Maz\u00ee\"},\"image\":{\"@id\":\"https:\\\/\\\/darkamazi.info\\\/#\\\/schema\\\/logo\\\/image\\\/\"},\"sameAs\":[\"https:\\\/\\\/www.facebook.com\\\/DarMaziKurmanci\",\"https:\\\/\\\/x.com\\\/DarkaMaziLatini\",\"https:\\\/\\\/www.instagram.com\\\/darkamazi.kurmanci\\\/\",\"https:\\\/\\\/www.youtube.com\\\/channel\\\/UCa5HkTdmI8U1qCUFuTw8B2g\"]},{\"@type\":\"Person\",\"@id\":\"https:\\\/\\\/darkamazi.info\\\/#\\\/schema\\\/person\\\/5ad3e24553a0567993fa8ed4bd0a776c\",\"name\":\"darka mazi\",\"sameAs\":[\"https:\\\/\\\/darkamazi.info\\\/\"],\"url\":\"https:\\\/\\\/darkamazi.info\\\/archives\\\/author\\\/kurdi\"}]}<\/script>\n<!-- \/ Yoast SEO plugin. -->","seo_head_json":{"title":"P\u00eangava 31 \u00ea Tebax\u00ea ya Hewler\u00ea: \u00cero salvegera 29 em\u00een a parastina Hewler\u00ea li dij\u00ee dagirkeriya \u00ceran\u00ea, ceh\u015f \u00fb mafyayan ne - Darka Maz\u00ee","robots":{"index":"index","follow":"follow","max-snippet":"max-snippet:-1","max-image-preview":"max-image-preview:large","max-video-preview":"max-video-preview:-1"},"canonical":"https:\/\/darkamazi.info\/archives\/1049662","og_locale":"en_US","og_type":"article","og_title":"P\u00eangava 31 \u00ea Tebax\u00ea ya Hewler\u00ea: \u00cero salvegera 29 em\u00een a parastina Hewler\u00ea li dij\u00ee dagirkeriya \u00ceran\u00ea, ceh\u015f \u00fb mafyayan ne - Darka Maz\u00ee","og_description":"\u00cero 29em\u00een salvegera berxwedana Hewler\u00ea li dij\u00ee plana hevbe\u015f a \u00ceran\u00ea ya bi p\u00ea\u015fengiya YNK \u00ea ya ji bo dagirkirina Hewler\u00ea ye. Operasyona Hewler\u00ea ya 31 \u00ea Tebax\u00ea, ku di d\u00eerok\u00ea de her cend hatibe man\u00eepulekirin j\u00ee l\u00ea di rast\u00eey\u00ea de r\u00ea li ber statuya Her\u00eama Kurdistan\u00ea ya \u00eero \u00fb bilindb\u00fbna Hewler\u00ea bo navendeke sereke [&hellip;]","og_url":"https:\/\/darkamazi.info\/archives\/1049662","og_site_name":"Darka Maz\u00ee","article_publisher":"https:\/\/www.facebook.com\/DarMaziKurmanci","article_published_time":"2025-08-31T16:43:47+00:00","og_image":[{"width":900,"height":497,"url":"https:\/\/darkamazi.info\/file\/2025\/08\/31-tebaxe-2025-Info.jpg","type":"image\/jpeg"}],"author":"darka mazi","twitter_card":"summary_large_image","twitter_creator":"@DarkaMaziLatini","twitter_site":"@DarkaMaziLatini","twitter_misc":{"Written by":"darka mazi","Est. reading time":"4 minutes"},"schema":{"@context":"https:\/\/schema.org","@graph":[{"@type":"Article","@id":"https:\/\/darkamazi.info\/archives\/1049662#article","isPartOf":{"@id":"https:\/\/darkamazi.info\/archives\/1049662"},"author":{"name":"darka mazi","@id":"https:\/\/darkamazi.info\/#\/schema\/person\/5ad3e24553a0567993fa8ed4bd0a776c"},"headline":"P\u00eangava 31 \u00ea Tebax\u00ea ya Hewler\u00ea: \u00cero salvegera 29 em\u00een a parastina Hewler\u00ea li dij\u00ee dagirkeriya \u00ceran\u00ea, ceh\u015f \u00fb mafyayan ne","datePublished":"2025-08-31T16:43:47+00:00","mainEntityOfPage":{"@id":"https:\/\/darkamazi.info\/archives\/1049662"},"wordCount":800,"publisher":{"@id":"https:\/\/darkamazi.info\/#organization"},"image":{"@id":"https:\/\/darkamazi.info\/archives\/1049662#primaryimage"},"thumbnailUrl":"https:\/\/darkamazi.info\/file\/2025\/08\/31-tebaxe-2025-Info.jpg","keywords":["sereke"],"articleSection":["Anal\u00eez"],"inLanguage":"en-US"},{"@type":"WebPage","@id":"https:\/\/darkamazi.info\/archives\/1049662","url":"https:\/\/darkamazi.info\/archives\/1049662","name":"P\u00eangava 31 \u00ea Tebax\u00ea ya Hewler\u00ea: \u00cero salvegera 29 em\u00een a parastina Hewler\u00ea li dij\u00ee dagirkeriya \u00ceran\u00ea, ceh\u015f \u00fb mafyayan ne - Darka Maz\u00ee","isPartOf":{"@id":"https:\/\/darkamazi.info\/#website"},"primaryImageOfPage":{"@id":"https:\/\/darkamazi.info\/archives\/1049662#primaryimage"},"image":{"@id":"https:\/\/darkamazi.info\/archives\/1049662#primaryimage"},"thumbnailUrl":"https:\/\/darkamazi.info\/file\/2025\/08\/31-tebaxe-2025-Info.jpg","datePublished":"2025-08-31T16:43:47+00:00","breadcrumb":{"@id":"https:\/\/darkamazi.info\/archives\/1049662#breadcrumb"},"inLanguage":"en-US","potentialAction":[{"@type":"ReadAction","target":["https:\/\/darkamazi.info\/archives\/1049662"]}]},{"@type":"ImageObject","inLanguage":"en-US","@id":"https:\/\/darkamazi.info\/archives\/1049662#primaryimage","url":"https:\/\/darkamazi.info\/file\/2025\/08\/31-tebaxe-2025-Info.jpg","contentUrl":"https:\/\/darkamazi.info\/file\/2025\/08\/31-tebaxe-2025-Info.jpg","width":900,"height":497,"caption":"31 tebax\u00ea-2025-Info"},{"@type":"BreadcrumbList","@id":"https:\/\/darkamazi.info\/archives\/1049662#breadcrumb","itemListElement":[{"@type":"ListItem","position":1,"name":"Home","item":"https:\/\/darkamazi.info\/"},{"@type":"ListItem","position":2,"name":"P\u00eangava 31 \u00ea Tebax\u00ea ya Hewler\u00ea: \u00cero salvegera 29 em\u00een a parastina Hewler\u00ea li dij\u00ee dagirkeriya \u00ceran\u00ea, ceh\u015f \u00fb mafyayan ne"}]},{"@type":"WebSite","@id":"https:\/\/darkamazi.info\/#website","url":"https:\/\/darkamazi.info\/","name":"Darka Maz\u00ee","description":"P\u00eageha Zanyariy\u00ean Nebih\u00eest\u00ee","publisher":{"@id":"https:\/\/darkamazi.info\/#organization"},"potentialAction":[{"@type":"SearchAction","target":{"@type":"EntryPoint","urlTemplate":"https:\/\/darkamazi.info\/?s={search_term_string}"},"query-input":{"@type":"PropertyValueSpecification","valueRequired":true,"valueName":"search_term_string"}}],"inLanguage":"en-US"},{"@type":"Organization","@id":"https:\/\/darkamazi.info\/#organization","name":"Darka Maz\u00ee","url":"https:\/\/darkamazi.info\/","logo":{"@type":"ImageObject","inLanguage":"en-US","@id":"https:\/\/darkamazi.info\/#\/schema\/logo\/image\/","url":"https:\/\/darkamazi.info\/file\/2017\/12\/darka-mazi-logo.png","contentUrl":"https:\/\/darkamazi.info\/file\/2017\/12\/darka-mazi-logo.png","width":151,"height":75,"caption":"Darka Maz\u00ee"},"image":{"@id":"https:\/\/darkamazi.info\/#\/schema\/logo\/image\/"},"sameAs":["https:\/\/www.facebook.com\/DarMaziKurmanci","https:\/\/x.com\/DarkaMaziLatini","https:\/\/www.instagram.com\/darkamazi.kurmanci\/","https:\/\/www.youtube.com\/channel\/UCa5HkTdmI8U1qCUFuTw8B2g"]},{"@type":"Person","@id":"https:\/\/darkamazi.info\/#\/schema\/person\/5ad3e24553a0567993fa8ed4bd0a776c","name":"darka mazi","sameAs":["https:\/\/darkamazi.info\/"],"url":"https:\/\/darkamazi.info\/archives\/author\/kurdi"}]}},"_links":{"self":[{"href":"https:\/\/darkamazi.info\/funavuv\/wp\/v2\/posts\/1049662","targetHints":{"allow":["GET"]}}],"collection":[{"href":"https:\/\/darkamazi.info\/funavuv\/wp\/v2\/posts"}],"about":[{"href":"https:\/\/darkamazi.info\/funavuv\/wp\/v2\/types\/post"}],"author":[{"embeddable":true,"href":"https:\/\/darkamazi.info\/funavuv\/wp\/v2\/users\/2"}],"replies":[{"embeddable":true,"href":"https:\/\/darkamazi.info\/funavuv\/wp\/v2\/comments?post=1049662"}],"version-history":[{"count":0,"href":"https:\/\/darkamazi.info\/funavuv\/wp\/v2\/posts\/1049662\/revisions"}],"wp:featuredmedia":[{"embeddable":true,"href":"https:\/\/darkamazi.info\/funavuv\/wp\/v2\/media\/1049663"}],"wp:attachment":[{"href":"https:\/\/darkamazi.info\/funavuv\/wp\/v2\/media?parent=1049662"}],"wp:term":[{"taxonomy":"category","embeddable":true,"href":"https:\/\/darkamazi.info\/funavuv\/wp\/v2\/categories?post=1049662"},{"taxonomy":"post_tag","embeddable":true,"href":"https:\/\/darkamazi.info\/funavuv\/wp\/v2\/tags?post=1049662"}],"curies":[{"name":"wp","href":"https:\/\/api.w.org\/{rel}","templated":true}]}}