{"id":1049667,"date":"2025-09-01T12:18:42","date_gmt":"2025-09-01T09:18:42","guid":{"rendered":"https:\/\/darkamazi.info\/?p=1049667"},"modified":"2025-09-01T12:18:42","modified_gmt":"2025-09-01T09:18:42","slug":"pwk-ji-bo-kurdan-reya-asti-azadi-u-serkeftine-di-yekreziya-nava-mala-kurd-de-derbas-dibe","status":"publish","type":"post","link":"https:\/\/darkamazi.info\/archives\/1049667","title":{"rendered":"PWK: Ji bo kurdan r\u00eaya a\u015ft\u00ee, azad\u00ee \u00fb serkeftin\u00ea, di yekr\u00eaz\u00eeya nava mala kurd de derbas dibe!"},"content":{"rendered":"<h3 style=\"text-align: justify\"><span style=\"font-family: 'arial black', sans-serif\">Partiya Welatpar\u00eaz\u00ean Kurdistan\u00ea (PWK)\u00ea bi boneya 1\u00ea \u00celon\u00ea Roja A\u015ftiy\u00ea ya C\u00eehan\u00ea daxuyaniyek niv\u00eesk\u00ee belav kir.<\/span><\/h3>\n<h3 style=\"text-align: justify\">Daxuyaniya PWK\u00ea waha ye:<\/h3>\n<h3 style=\"text-align: justify\">\u00a0\u00cero 1\u00ea \u00eelon\u00ea Roja A\u015ft\u00eey\u00ea ya C\u00eehan\u00ea ye.<\/h3>\n<h3 style=\"text-align: justify\">A\u015ft\u00ee, di navbera dewletan, civatan \u00fb mirovan de tuneb\u00fbna \u015fer, pev\u00e7\u00fbn, t\u00fbnd \u00fb t\u00fbj\u00ee, w\u00earankirin \u00fb dijminat\u00eey\u00ea \u00eefade dike. L\u00ea bele, a\u015ft\u00ee ne ten\u00ea neb\u00fbna \u015fer e, di heman dem\u00ea de r\u00eazdar\u00ee, aheng \u00fb aram\u00ee ye j\u00ee. A\u015ft\u00ee di navbera gelan, civakan \u00fb mirovan de wek pirek\u00ea ye ku ji bo p\u00ea\u015ferojeke ba\u015ftir, b\u00ea tirs \u00fb ji xeter\u00eeyan bid\u00fbrket\u00ee d\u00eeyardeyek aram\u00eeya civak\u00ee ye.<\/h3>\n<h3 style=\"text-align: justify\">Heger em bi awayek\u00ee her\u00ee sade \u00fb kurt li v\u00ea maneya a\u015ft\u00eey\u00ea binerin, em \u00ea bib\u00eenin ku mirovah\u00ee li her \u00e7ar al\u00eey\u00ean c\u00eehan\u00ea j\u00ee ji a\u015ft\u00eeyeke rasteq\u00een d\u00fbr e.<\/h3>\n<h3 style=\"text-align: justify\">\u00cero li Rojhilata Nav\u00een \u00fb li gelek dever\u00ean c\u00eehan\u00ea, herweha li welat\u00ea me Kurdistan\u00ea, \u015fer, qetl\u00eeam \u00fb jenos\u00eed berdewam dikin. Piran\u00eeya gel\u00ean c\u00eehan\u00ea ji r\u00eazgirtin, aheng, aram\u00eey\u00ea d\u00fbr in; di nav metirs\u00ee, tirs \u00fb nexwe\u015f\u00eey\u00ean c\u00fbr be c\u00fbr de dij\u00een.<\/h3>\n<h3 style=\"text-align: justify\">Di nav gel\u00ean c\u00eehan\u00ea de, yek ji gel\u00ean her\u00ee z\u00eade ji tuneb\u00fbna a\u015ft\u00eey\u00ea zerar d\u00eet\u00eeye b\u00eag\u00fbman milet\u00ea Kurd e, gel\u00ea Kurdistan\u00ea ye. Bi taybet\u00ee ev 200 sal in ku \u015fer, qetl\u00eeam, jenos\u00eed, as\u00eem\u00eelasyon, w\u00earan\u00ee, penaber\u00ee, b\u00eaaram\u00ee, tirs, metirs\u00ee, her b\u00fbye per\u00e7eyek\u00ee j\u00eeyana milet\u00ea Kurd \u00fb gel\u00ea Kurdistan\u00ea. Neheq\u00eeya her\u00ee mezin j\u00ee ew e ku weke milet \u00fb welat, weke kurd \u00fb Kurdistan bi \u00e7ar per\u00e7eyan hatine per\u00e7e kirin, hatine dagir kirin; weke milet, r\u00fb bi r\u00fby\u00ee \u00eenkar, as\u00eem\u00eelasyon, qetl\u00eeam \u00fb jenos\u00eedan b\u00fbye.<\/h3>\n<h3 style=\"text-align: justify\">Em wek milet \u00fb part\u00ee li gel w\u00ea yek\u00ea ne ku, hem\u00fb pirs \u00fb pirsgir\u00eak\u00ean li c\u00eehan\u00ea, b\u00eay\u00ee \u015fer \u00fb qetl\u00eeam \u00fb w\u00earankar\u00eeyan; bi awayek\u00ee a\u015ft\u00eeyane,bi guft\u00fbgoyan b\u00eane \u00e7areser kirin. Ev, b\u00eag\u00fbman di berjewend\u00eeya hem\u00fb gel\u00ean c\u00eehan\u00ea de ye.<\/h3>\n<h3 style=\"text-align: justify\">Em li gel w\u00ea yek\u00ea ne ku li Rojhilata Nav\u00een pirsa Filist\u00een \u00fb \u00cesra\u00eel\u00ea li ser esas\u00ea qeb\u00fblkirina herdu dewletan \u00fb bi awayek\u00ee a\u015ft\u00eeyane \u00fb bi gufy\u00fbgoyan b\u00ea \u00e7areserkirin. L\u00ea a\u015ft\u00eeya Rojhilata Nav\u00een ten\u00ea bi \u00e7areser\u00eeya pirsa Filist\u00een \u00fb \u00cesra\u00eel\u00ea p\u00eak nay\u00ea.<\/h3>\n<h3 style=\"text-align: justify\">Li Rojhilata Nav\u00een pirsa her\u00ee mezin ya r\u00ea li ber a\u015ft\u00eey\u00ea digre ew e ku milet\u00ea Kurd \u00fb welat\u00ea w\u00ee hat\u00eeye dagirkirin, par\u00e7ekirin \u00fb dabe\u015fkirin. Tecrube \u00fb j\u00eeyan\u00ea \u00eespat kir\u00eeye ku heta milet\u00ea Kurd \u00fb Kurdistan li her \u00e7ar per\u00e7ey\u00ean Kurdistan\u00ea azad nebin, d\u00ea li Rojhilata Nav\u00een a\u015ft\u00ee \u00fb aram\u00ee p\u00eak ney\u00ea.<\/h3>\n<h3 style=\"text-align: justify\">Li Ba\u015f\u00fbr\u00ea Kurdistan\u00ea her \u00e7iqas destkeftineke federal\u00eey\u00ea hatibe bidestxistin j\u00ee, h\u00eena ji %45\u00ea axa Ba\u015f\u00fbr\u00ea Kurdistan\u00ea di bin dagirker\u00eeya Bexday\u00ea de ye. Herweha R\u00eaveber\u00eeya Bexday\u00ea, ji bo maf\u00ean federal\u00ee y\u00ean gel\u00ea me y\u00ea Her\u00eama Federe lawaz bike, k\u00eam bike, hem\u00fb r\u00ea \u00fb r\u00eabaz\u00ean nelir\u00ea dicerib\u00eene \u00fb p\u00eak t\u00eene. Rej\u00eema Bexday\u00ea, li himber\u00ee Her\u00eama Kurdistan\u00ea ji hi\u015fmend\u00ee \u00fb siyaset \u00fb helwesteke a\u015ft\u00eeyane d\u00fbr e \u00fb naxwaze madeya 140\u00ea li gor\u00ee Qan\u00fbna Bingeh\u00een ya Federal ya Iraq\u00ea cih bi cih bike.<\/h3>\n<h3 style=\"text-align: justify\">R\u00fbxandina Rej\u00eema Beas\u00ea ya Be\u015far Esad\u00ee, r\u00fbpelek\u00ee n\u00fb ji bo gel\u00ea Rojavay\u00ea Kurdistan\u00ea \u00fb hem\u00fb gel\u00ean S\u00fbr\u00eeyey\u00ea re vekir\u00eeye. L\u00ea rej\u00eema n\u00fb ya \u015eam\u00ea, Rej\u00eema Ehmed El \u015eara j\u00ee, ji hi\u015fmend\u00eeyeke azad\u00ee, demokrasi, edalet \u00fb wekhev\u00eey\u00ea d\u00fbr e. Xwe nade ber ku s\u00eestemeke federal\u00ee, demokratik, dadwer \u00fb azad ku gel\u00ea Rojavay\u00ea Kurdistan\u00ea \u00fb durz\u00ee, elew\u00ee, xir\u00eest\u00eeyan, turkmen, ereb \u00fb hem\u00fb gel\u00ean S\u00fbr\u00eeyey\u00ea xwe \u015fir\u00eek\u00ea w\u00ea s\u00eestem \u00fb desthilat\u00eey\u00ea bib\u00eenin.<\/h3>\n<h3 style=\"text-align: justify\">Dewleta \u00ceran\u00ea j\u00ee li ser s\u00eeyaseta xwe ya dagirker\u00ee \u00fb tunehesibandina maf\u00ean netewey\u00ee, demokrat\u00eek y\u00ean milet\u00ea Kurd y\u00ea Rojhilat\u00ea Kurdistan\u00ea, li ser p\u00eakan\u00eena \u00eedam\u00ean li ser hem\u00fb gel\u00ean \u00ceran\u00ea,\u00a0 binp\u00eakirin \u00fb tunehesibandina azad\u00ee, demokrasi, edalet \u00fb wekhev\u00eey\u00ea de her berdewam e.<\/h3>\n<h3 style=\"text-align: justify\">Li Tirk\u00eeye \u00fb Bakur\u00ea Kurdistan\u00ea behsa \u2018\u2019p\u00eavajoyeke n\u00fb\u2019\u2019 t\u00ea kirin. Rayedar\u00ean Dewleta Tirk\u00eeyey\u00ea v\u00ea \u2018\u2019projey\u00ea\u2019 wek \u2018\u2019P\u00eavajoya Tirk\u00eeyeya B\u00eateror\u2019\u2019 p\u00eanase dikin; hinek al\u00ee \u00fb kes j\u00ee weke \u2018\u2019P\u00eavajoya a\u015ft\u00ee, \u00e7areser\u00ee \u00fb demokras\u00eey\u00ea\u2019\u2019 bi nav dikin.<\/h3>\n<h3 style=\"text-align: justify\">PKKy\u00ea di Kongreya xwe ya 12em\u00een de biryar da ku \u00e7ekan d\u00eene. Em v\u00ea biryara \u00e7ekdan\u00eena PKKy\u00ea di berjewend\u00eey\u00ean gi\u015ft\u00ee \u00fb berjewend\u00eey\u00ean milet\u00ea Kurd de dibinin \u00fb em h\u00eav\u00ee dikin ku ev biryar di prat\u00eek\u00ea de b\u00ea bic\u00eeh an\u00een. B\u00eag\u00fbman, div\u00ea Dewleta Tirk\u00eeyey\u00ea j\u00ee hem\u00fb oprasyon\u00ean xwe y\u00ean le\u015fker\u00ee bidaw\u00ee b\u00eene.<\/h3>\n<h3 style=\"text-align: justify\">B\u00ea\u015fik daw\u00eel\u00eaan\u00eena \u00e7ekdar\u00eey\u00ea \u00fb \u015fer gelek\u00ee gir\u00eeng e; l\u00ea ev bi ser\u00ea xwe pirsa kurd \u00fb Kurdistan\u00ea \u00e7areser nake. Di v\u00ee war\u00ee de, div\u00ea bi awak\u00ee objekt\u00eef bernameyeke demkurt, nav\u00een \u00fb d\u00fbv\u00fbdir\u00eaj b\u00ea b\u00ea amade kirin. Mixetab\u00ea pirsa kurd \u00fb Kurdistan\u00ea, ne ten\u00ea kesek ya j\u00ee part\u00eeyek e; mixetab\u00ea v\u00ea pirs\u00ea hem\u00fb al\u00eey\u00ean s\u00eeyas\u00ee, siv\u00eel, demokarat\u00eek y\u00ean milet\u00ea Kurd in. Div\u00ea bi be\u015fdar\u00eeya van hem\u00fb p\u00eakhateyan \u201cTems\u00eel\u00eeyeta Kurd\u00ee\u201d b\u00ea ava kirin \u00fb Tems\u00eel\u00eeyeta Kurd\u00ee bibe mixatab\u00ea Dewleta Tirk\u00eeyey\u00ea \u00fb \u00e7areser\u00eeya pirsa Kurd \u00fb Kurdistan\u00ea. Li gor\u00ee me, destp\u00eaka a\u015ft\u00ee \u00fb \u00e7areser\u00eey\u00ea ji vir dest p\u00ea dike.<\/h3>\n<h3 style=\"text-align: justify\">Di Parlamentoya Tirk\u00eeyey\u00ea de bi be\u015fdar\u00eeya part\u00eey\u00ean ku di parlementoy\u00ea de n\u00fbner\u00ean wan hene, \u2018\u2019Kom\u00eesyona Pi\u015ftgir\u00eeya Netewey\u00ee, Birat\u00ee \u00fb Demokrasiy\u00ea\u2019\u2019 hat\u00eeye damezrandin.<\/h3>\n<h3 style=\"text-align: justify\">L\u00ea mixabin, ev kom\u00eesyon bi kiryar \u00fb civ\u00een\u00ean xwe y\u00ean heta \u00eero, n\u00ee\u015fan daye ku ji hi\u015fmend\u00ee, bername, armanc \u00fb hestiyareke ku bixwaze r\u00eaya a\u015ft\u00ee, wekhev\u00ee, dadwer\u00ee, demokrasi, azad\u00ee \u00fb \u00e7areser\u00eeya pirsa kurd veke, gelek\u00ee d\u00fbr e. Serok\u00ea Kom\u00eesyon\u00ea N\u00fbman K\u00fbrt\u00fblm\u00fb\u015f r\u00ea neda ku dayikeke kurd di civ\u00eena kom\u00eesyon\u00ea de bi kurd\u00ee biaxive. Ba\u015f e kom\u00eesyoneke bi v\u00ee reng\u00ee d\u00ea \u00e7awa bikaribe r\u00eaya \u00e7areser\u00eeya veke?<\/h3>\n<h3 style=\"text-align: justify\">Heger em ber\u00ea xwe bidin bang \u00fb daxuyan\u00ee \u00fb gotar\u00ean Ocalan, PKK \u00fb DEM Part\u00eey\u00ea j\u00ee em d\u00ea bib\u00eenin ku ji bo a\u015ft\u00eeyeke bir\u00fbmet \u00fb mayinde, ji bo maf\u00ean netewey\u00ee, demokratik y\u00ean milet\u00ea Kurd, ji bo bidestxistina statuyeke mil\u00ee, co\u011frafik, s\u00eeyas\u00ee ya li Kurdistan\u00ea ne xwed\u00ee tu bername \u00fb s\u00eeyaset\u00ea ne.<\/h3>\n<h3 style=\"text-align: justify\">Ji ber v\u00ea rast\u00eey\u00ea j\u00ee gotar \u00fb helwest\u00ean Dewleta Tirk\u00eeyey\u00ea j\u00ee y\u00ean Ocalan, PKK \u00fb DEM Part\u00eey\u00ea j\u00ee r\u00ea ji \u00e7areser\u00eeya pirsa kurd \u00fb Kurdistan\u00ea re, r\u00ea ji a\u015ft\u00eeyeke rasteq\u00een re, r\u00ea ji azad\u00ee, demokrasi, wekhev\u00ee \u00fb edalet\u00ea re venake. Mixabin maneya a\u015ft\u00eey\u00ea bi awak\u00ee \u00e7ewt \u015f\u00eerove dikin, li gor berjewend\u00eey\u00ean xwe, li gor \u00eedeoloj\u00eey\u00ean xwe \u015f\u00eerove dikin. Ew hem naveroka a\u015ft\u00eey\u00ea p\u00fb\u00e7 dikin, him j\u00ee mijar\u00ea bi zaneb\u00fbn \u015fol\u00ee \u00fb aloz dikin.<\/h3>\n<h3 style=\"text-align: justify\">Milet\u00ea Kurd ber\u00eeya her ti\u015ft\u00ee, dikare der\u00eey\u00ea a\u015ft\u00eey\u00ea bi t\u00eako\u015f\u00een \u00fb xebat\u00ean xwe y\u00ean berfireh \u00fb pir al\u00ee, bi xebateke xurt ya li d\u00eeasporay\u00ea \u00fb bi xebat\u00ean piral\u00ee y\u00ean d\u00eeplomas\u00eey\u00ea veke. Ji bo h\u00fbnandina xebat\u00ean weha berfireh \u00fb bih\u00eaz j\u00ee ber\u00eeya her ti\u015ft\u00ee div\u00ea bi hi\u015fmend\u00eeyek netewey\u00ee \u00fb demokrat\u00eek yekr\u00eaz\u00eeya nav mala kurd b\u00ea p\u00eakan\u00een. Div\u00ea li her per\u00e7eyek\u00ee Kurdistan\u00ea \u00fb li d\u00eeasporay\u00ea li ser berjewend\u00ee \u00fb prens\u00eeb\u00ean netewey\u00ee, ni\u015ftiman\u00ee hevkar\u00eey\u00ean netewey\u00ee, demokratik b\u00eane avakirin; herweha div\u00ea di navbera tevgera netewey\u00ee ya her \u00e7ar per\u00e7ey\u00ean Kurdistan\u00ea de, koord\u00eenasyoneke netewey\u00ee, demokratik, ni\u015ftiman\u00ee b\u00ea avakirin.<\/h3>\n<h3 style=\"text-align: justify\">01.09.2025<\/h3>\n<h3 style=\"text-align: justify\">Buroya Ragehandin\u00ea ya Part\u00eeya Welatpar\u00eaz\u00ean Kurdistan\u00ea (PWK)<\/h3>\n","protected":false},"excerpt":{"rendered":"<p>Partiya Welatpar\u00eaz\u00ean Kurdistan\u00ea (PWK)\u00ea bi boneya 1\u00ea \u00celon\u00ea Roja A\u015ftiy\u00ea ya C\u00eehan\u00ea daxuyaniyek niv\u00eesk\u00ee belav kir. Daxuyaniya PWK\u00ea waha ye: \u00a0\u00cero 1\u00ea \u00eelon\u00ea Roja A\u015ft\u00eey\u00ea ya C\u00eehan\u00ea ye. A\u015ft\u00ee, di navbera dewletan, civatan \u00fb mirovan de tuneb\u00fbna \u015fer, pev\u00e7\u00fbn, t\u00fbnd \u00fb t\u00fbj\u00ee, w\u00earankirin \u00fb dijminat\u00eey\u00ea \u00eefade dike. L\u00ea bele, a\u015ft\u00ee ne ten\u00ea neb\u00fbna \u015fer e, [&hellip;]<\/p>\n","protected":false},"author":2,"featured_media":1049668,"comment_status":"closed","ping_status":"closed","sticky":false,"template":"","format":"standard","meta":{"footnotes":""},"categories":[29],"tags":[37],"class_list":["post-1049667","post","type-post","status-publish","format-standard","has-post-thumbnail","hentry","category-kurdistan","tag-sereke"],"blocksy_meta":[],"seo_head":"<!-- This site is optimized with the Yoast SEO plugin v27.5 - https:\/\/yoast.com\/product\/yoast-seo-wordpress\/ -->\n<title>PWK: Ji bo kurdan r\u00eaya a\u015ft\u00ee, azad\u00ee \u00fb serkeftin\u00ea, di yekr\u00eaz\u00eeya nava mala kurd de derbas dibe! - Darka Maz\u00ee<\/title>\n<meta name=\"robots\" content=\"index, follow, max-snippet:-1, max-image-preview:large, max-video-preview:-1\" \/>\n<link rel=\"canonical\" href=\"https:\/\/darkamazi.info\/archives\/1049667\" \/>\n<meta property=\"og:locale\" content=\"en_US\" \/>\n<meta property=\"og:type\" content=\"article\" \/>\n<meta property=\"og:title\" content=\"PWK: Ji bo kurdan r\u00eaya a\u015ft\u00ee, azad\u00ee \u00fb serkeftin\u00ea, di yekr\u00eaz\u00eeya nava mala kurd de derbas dibe! - Darka Maz\u00ee\" \/>\n<meta property=\"og:description\" content=\"Partiya Welatpar\u00eaz\u00ean Kurdistan\u00ea (PWK)\u00ea bi boneya 1\u00ea \u00celon\u00ea Roja A\u015ftiy\u00ea ya C\u00eehan\u00ea daxuyaniyek niv\u00eesk\u00ee belav kir. Daxuyaniya PWK\u00ea waha ye: \u00a0\u00cero 1\u00ea \u00eelon\u00ea Roja A\u015ft\u00eey\u00ea ya C\u00eehan\u00ea ye. A\u015ft\u00ee, di navbera dewletan, civatan \u00fb mirovan de tuneb\u00fbna \u015fer, pev\u00e7\u00fbn, t\u00fbnd \u00fb t\u00fbj\u00ee, w\u00earankirin \u00fb dijminat\u00eey\u00ea \u00eefade dike. L\u00ea bele, a\u015ft\u00ee ne ten\u00ea neb\u00fbna \u015fer e, [&hellip;]\" \/>\n<meta property=\"og:url\" content=\"https:\/\/darkamazi.info\/archives\/1049667\" \/>\n<meta property=\"og:site_name\" content=\"Darka Maz\u00ee\" \/>\n<meta property=\"article:publisher\" content=\"https:\/\/www.facebook.com\/DarMaziKurmanci\" \/>\n<meta property=\"article:published_time\" content=\"2025-09-01T09:18:42+00:00\" \/>\n<meta property=\"og:image\" content=\"https:\/\/darkamazi.info\/file\/2025\/09\/Partiya-Welatparezen-Kurdistane-pwk-net.jpg\" \/>\n\t<meta property=\"og:image:width\" content=\"900\" \/>\n\t<meta property=\"og:image:height\" content=\"500\" \/>\n\t<meta property=\"og:image:type\" content=\"image\/jpeg\" \/>\n<meta name=\"author\" content=\"darka mazi\" \/>\n<meta name=\"twitter:card\" content=\"summary_large_image\" \/>\n<meta name=\"twitter:creator\" content=\"@DarkaMaziLatini\" \/>\n<meta name=\"twitter:site\" content=\"@DarkaMaziLatini\" \/>\n<meta name=\"twitter:label1\" content=\"Written by\" \/>\n\t<meta name=\"twitter:data1\" content=\"darka mazi\" \/>\n\t<meta name=\"twitter:label2\" content=\"Est. reading time\" \/>\n\t<meta name=\"twitter:data2\" content=\"5 minutes\" \/>\n<script type=\"application\/ld+json\" class=\"seo-schema-graph\">{\"@context\":\"https:\\\/\\\/schema.org\",\"@graph\":[{\"@type\":\"Article\",\"@id\":\"https:\\\/\\\/darkamazi.info\\\/archives\\\/1049667#article\",\"isPartOf\":{\"@id\":\"https:\\\/\\\/darkamazi.info\\\/archives\\\/1049667\"},\"author\":{\"name\":\"darka mazi\",\"@id\":\"https:\\\/\\\/darkamazi.info\\\/#\\\/schema\\\/person\\\/5ad3e24553a0567993fa8ed4bd0a776c\"},\"headline\":\"PWK: Ji bo kurdan r\u00eaya a\u015ft\u00ee, azad\u00ee \u00fb serkeftin\u00ea, di yekr\u00eaz\u00eeya nava mala kurd de derbas dibe!\",\"datePublished\":\"2025-09-01T09:18:42+00:00\",\"mainEntityOfPage\":{\"@id\":\"https:\\\/\\\/darkamazi.info\\\/archives\\\/1049667\"},\"wordCount\":1338,\"publisher\":{\"@id\":\"https:\\\/\\\/darkamazi.info\\\/#organization\"},\"image\":{\"@id\":\"https:\\\/\\\/darkamazi.info\\\/archives\\\/1049667#primaryimage\"},\"thumbnailUrl\":\"https:\\\/\\\/darkamazi.info\\\/darka-content\\\/uploads\\\/2025\\\/09\\\/Partiya-Welatparezen-Kurdistane-pwk-net.jpg\",\"keywords\":[\"sereke\"],\"articleSection\":[\"Kurdistan\"],\"inLanguage\":\"en-US\"},{\"@type\":\"WebPage\",\"@id\":\"https:\\\/\\\/darkamazi.info\\\/archives\\\/1049667\",\"url\":\"https:\\\/\\\/darkamazi.info\\\/archives\\\/1049667\",\"name\":\"PWK: Ji bo kurdan r\u00eaya a\u015ft\u00ee, azad\u00ee \u00fb serkeftin\u00ea, di yekr\u00eaz\u00eeya nava mala kurd de derbas dibe! - Darka Maz\u00ee\",\"isPartOf\":{\"@id\":\"https:\\\/\\\/darkamazi.info\\\/#website\"},\"primaryImageOfPage\":{\"@id\":\"https:\\\/\\\/darkamazi.info\\\/archives\\\/1049667#primaryimage\"},\"image\":{\"@id\":\"https:\\\/\\\/darkamazi.info\\\/archives\\\/1049667#primaryimage\"},\"thumbnailUrl\":\"https:\\\/\\\/darkamazi.info\\\/darka-content\\\/uploads\\\/2025\\\/09\\\/Partiya-Welatparezen-Kurdistane-pwk-net.jpg\",\"datePublished\":\"2025-09-01T09:18:42+00:00\",\"breadcrumb\":{\"@id\":\"https:\\\/\\\/darkamazi.info\\\/archives\\\/1049667#breadcrumb\"},\"inLanguage\":\"en-US\",\"potentialAction\":[{\"@type\":\"ReadAction\",\"target\":[\"https:\\\/\\\/darkamazi.info\\\/archives\\\/1049667\"]}]},{\"@type\":\"ImageObject\",\"inLanguage\":\"en-US\",\"@id\":\"https:\\\/\\\/darkamazi.info\\\/archives\\\/1049667#primaryimage\",\"url\":\"https:\\\/\\\/darkamazi.info\\\/darka-content\\\/uploads\\\/2025\\\/09\\\/Partiya-Welatparezen-Kurdistane-pwk-net.jpg\",\"contentUrl\":\"https:\\\/\\\/darkamazi.info\\\/darka-content\\\/uploads\\\/2025\\\/09\\\/Partiya-Welatparezen-Kurdistane-pwk-net.jpg\",\"width\":900,\"height\":500,\"caption\":\"PWK: Ji bo kurdan r\u00eaya a\u015ft\u00ee, azad\u00ee \u00fb serkeftin\u00ea, di yekr\u00eaz\u00eeya nava mala kurd de derbas dibe!\"},{\"@type\":\"BreadcrumbList\",\"@id\":\"https:\\\/\\\/darkamazi.info\\\/archives\\\/1049667#breadcrumb\",\"itemListElement\":[{\"@type\":\"ListItem\",\"position\":1,\"name\":\"Home\",\"item\":\"https:\\\/\\\/darkamazi.info\\\/\"},{\"@type\":\"ListItem\",\"position\":2,\"name\":\"PWK: Ji bo kurdan r\u00eaya a\u015ft\u00ee, azad\u00ee \u00fb serkeftin\u00ea, di yekr\u00eaz\u00eeya nava mala kurd de derbas dibe!\"}]},{\"@type\":\"WebSite\",\"@id\":\"https:\\\/\\\/darkamazi.info\\\/#website\",\"url\":\"https:\\\/\\\/darkamazi.info\\\/\",\"name\":\"Darka Maz\u00ee\",\"description\":\"P\u00eageha Zanyariy\u00ean Nebih\u00eest\u00ee\",\"publisher\":{\"@id\":\"https:\\\/\\\/darkamazi.info\\\/#organization\"},\"potentialAction\":[{\"@type\":\"SearchAction\",\"target\":{\"@type\":\"EntryPoint\",\"urlTemplate\":\"https:\\\/\\\/darkamazi.info\\\/?s={search_term_string}\"},\"query-input\":{\"@type\":\"PropertyValueSpecification\",\"valueRequired\":true,\"valueName\":\"search_term_string\"}}],\"inLanguage\":\"en-US\"},{\"@type\":\"Organization\",\"@id\":\"https:\\\/\\\/darkamazi.info\\\/#organization\",\"name\":\"Darka Maz\u00ee\",\"url\":\"https:\\\/\\\/darkamazi.info\\\/\",\"logo\":{\"@type\":\"ImageObject\",\"inLanguage\":\"en-US\",\"@id\":\"https:\\\/\\\/darkamazi.info\\\/#\\\/schema\\\/logo\\\/image\\\/\",\"url\":\"https:\\\/\\\/darkamazi.info\\\/darka-content\\\/uploads\\\/2017\\\/12\\\/darka-mazi-logo.png\",\"contentUrl\":\"https:\\\/\\\/darkamazi.info\\\/darka-content\\\/uploads\\\/2017\\\/12\\\/darka-mazi-logo.png\",\"width\":151,\"height\":75,\"caption\":\"Darka Maz\u00ee\"},\"image\":{\"@id\":\"https:\\\/\\\/darkamazi.info\\\/#\\\/schema\\\/logo\\\/image\\\/\"},\"sameAs\":[\"https:\\\/\\\/www.facebook.com\\\/DarMaziKurmanci\",\"https:\\\/\\\/x.com\\\/DarkaMaziLatini\",\"https:\\\/\\\/www.instagram.com\\\/darkamazi.kurmanci\\\/\",\"https:\\\/\\\/www.youtube.com\\\/channel\\\/UCa5HkTdmI8U1qCUFuTw8B2g\"]},{\"@type\":\"Person\",\"@id\":\"https:\\\/\\\/darkamazi.info\\\/#\\\/schema\\\/person\\\/5ad3e24553a0567993fa8ed4bd0a776c\",\"name\":\"darka mazi\",\"sameAs\":[\"https:\\\/\\\/darkamazi.info\\\/\"],\"url\":\"https:\\\/\\\/darkamazi.info\\\/archives\\\/author\\\/kurdi\"}]}<\/script>\n<!-- \/ Yoast SEO plugin. -->","seo_head_json":{"title":"PWK: Ji bo kurdan r\u00eaya a\u015ft\u00ee, azad\u00ee \u00fb serkeftin\u00ea, di yekr\u00eaz\u00eeya nava mala kurd de derbas dibe! - Darka Maz\u00ee","robots":{"index":"index","follow":"follow","max-snippet":"max-snippet:-1","max-image-preview":"max-image-preview:large","max-video-preview":"max-video-preview:-1"},"canonical":"https:\/\/darkamazi.info\/archives\/1049667","og_locale":"en_US","og_type":"article","og_title":"PWK: Ji bo kurdan r\u00eaya a\u015ft\u00ee, azad\u00ee \u00fb serkeftin\u00ea, di yekr\u00eaz\u00eeya nava mala kurd de derbas dibe! - Darka Maz\u00ee","og_description":"Partiya Welatpar\u00eaz\u00ean Kurdistan\u00ea (PWK)\u00ea bi boneya 1\u00ea \u00celon\u00ea Roja A\u015ftiy\u00ea ya C\u00eehan\u00ea daxuyaniyek niv\u00eesk\u00ee belav kir. Daxuyaniya PWK\u00ea waha ye: \u00a0\u00cero 1\u00ea \u00eelon\u00ea Roja A\u015ft\u00eey\u00ea ya C\u00eehan\u00ea ye. A\u015ft\u00ee, di navbera dewletan, civatan \u00fb mirovan de tuneb\u00fbna \u015fer, pev\u00e7\u00fbn, t\u00fbnd \u00fb t\u00fbj\u00ee, w\u00earankirin \u00fb dijminat\u00eey\u00ea \u00eefade dike. L\u00ea bele, a\u015ft\u00ee ne ten\u00ea neb\u00fbna \u015fer e, [&hellip;]","og_url":"https:\/\/darkamazi.info\/archives\/1049667","og_site_name":"Darka Maz\u00ee","article_publisher":"https:\/\/www.facebook.com\/DarMaziKurmanci","article_published_time":"2025-09-01T09:18:42+00:00","og_image":[{"width":900,"height":500,"url":"https:\/\/darkamazi.info\/file\/2025\/09\/Partiya-Welatparezen-Kurdistane-pwk-net.jpg","type":"image\/jpeg"}],"author":"darka mazi","twitter_card":"summary_large_image","twitter_creator":"@DarkaMaziLatini","twitter_site":"@DarkaMaziLatini","twitter_misc":{"Written by":"darka mazi","Est. reading time":"5 minutes"},"schema":{"@context":"https:\/\/schema.org","@graph":[{"@type":"Article","@id":"https:\/\/darkamazi.info\/archives\/1049667#article","isPartOf":{"@id":"https:\/\/darkamazi.info\/archives\/1049667"},"author":{"name":"darka mazi","@id":"https:\/\/darkamazi.info\/#\/schema\/person\/5ad3e24553a0567993fa8ed4bd0a776c"},"headline":"PWK: Ji bo kurdan r\u00eaya a\u015ft\u00ee, azad\u00ee \u00fb serkeftin\u00ea, di yekr\u00eaz\u00eeya nava mala kurd de derbas dibe!","datePublished":"2025-09-01T09:18:42+00:00","mainEntityOfPage":{"@id":"https:\/\/darkamazi.info\/archives\/1049667"},"wordCount":1338,"publisher":{"@id":"https:\/\/darkamazi.info\/#organization"},"image":{"@id":"https:\/\/darkamazi.info\/archives\/1049667#primaryimage"},"thumbnailUrl":"https:\/\/darkamazi.info\/file\/2025\/09\/Partiya-Welatparezen-Kurdistane-pwk-net.jpg","keywords":["sereke"],"articleSection":["Kurdistan"],"inLanguage":"en-US"},{"@type":"WebPage","@id":"https:\/\/darkamazi.info\/archives\/1049667","url":"https:\/\/darkamazi.info\/archives\/1049667","name":"PWK: Ji bo kurdan r\u00eaya a\u015ft\u00ee, azad\u00ee \u00fb serkeftin\u00ea, di yekr\u00eaz\u00eeya nava mala kurd de derbas dibe! - Darka Maz\u00ee","isPartOf":{"@id":"https:\/\/darkamazi.info\/#website"},"primaryImageOfPage":{"@id":"https:\/\/darkamazi.info\/archives\/1049667#primaryimage"},"image":{"@id":"https:\/\/darkamazi.info\/archives\/1049667#primaryimage"},"thumbnailUrl":"https:\/\/darkamazi.info\/file\/2025\/09\/Partiya-Welatparezen-Kurdistane-pwk-net.jpg","datePublished":"2025-09-01T09:18:42+00:00","breadcrumb":{"@id":"https:\/\/darkamazi.info\/archives\/1049667#breadcrumb"},"inLanguage":"en-US","potentialAction":[{"@type":"ReadAction","target":["https:\/\/darkamazi.info\/archives\/1049667"]}]},{"@type":"ImageObject","inLanguage":"en-US","@id":"https:\/\/darkamazi.info\/archives\/1049667#primaryimage","url":"https:\/\/darkamazi.info\/file\/2025\/09\/Partiya-Welatparezen-Kurdistane-pwk-net.jpg","contentUrl":"https:\/\/darkamazi.info\/file\/2025\/09\/Partiya-Welatparezen-Kurdistane-pwk-net.jpg","width":900,"height":500,"caption":"PWK: Ji bo kurdan r\u00eaya a\u015ft\u00ee, azad\u00ee \u00fb serkeftin\u00ea, di yekr\u00eaz\u00eeya nava mala kurd de derbas dibe!"},{"@type":"BreadcrumbList","@id":"https:\/\/darkamazi.info\/archives\/1049667#breadcrumb","itemListElement":[{"@type":"ListItem","position":1,"name":"Home","item":"https:\/\/darkamazi.info\/"},{"@type":"ListItem","position":2,"name":"PWK: Ji bo kurdan r\u00eaya a\u015ft\u00ee, azad\u00ee \u00fb serkeftin\u00ea, di yekr\u00eaz\u00eeya nava mala kurd de derbas dibe!"}]},{"@type":"WebSite","@id":"https:\/\/darkamazi.info\/#website","url":"https:\/\/darkamazi.info\/","name":"Darka Maz\u00ee","description":"P\u00eageha Zanyariy\u00ean Nebih\u00eest\u00ee","publisher":{"@id":"https:\/\/darkamazi.info\/#organization"},"potentialAction":[{"@type":"SearchAction","target":{"@type":"EntryPoint","urlTemplate":"https:\/\/darkamazi.info\/?s={search_term_string}"},"query-input":{"@type":"PropertyValueSpecification","valueRequired":true,"valueName":"search_term_string"}}],"inLanguage":"en-US"},{"@type":"Organization","@id":"https:\/\/darkamazi.info\/#organization","name":"Darka Maz\u00ee","url":"https:\/\/darkamazi.info\/","logo":{"@type":"ImageObject","inLanguage":"en-US","@id":"https:\/\/darkamazi.info\/#\/schema\/logo\/image\/","url":"https:\/\/darkamazi.info\/file\/2017\/12\/darka-mazi-logo.png","contentUrl":"https:\/\/darkamazi.info\/file\/2017\/12\/darka-mazi-logo.png","width":151,"height":75,"caption":"Darka Maz\u00ee"},"image":{"@id":"https:\/\/darkamazi.info\/#\/schema\/logo\/image\/"},"sameAs":["https:\/\/www.facebook.com\/DarMaziKurmanci","https:\/\/x.com\/DarkaMaziLatini","https:\/\/www.instagram.com\/darkamazi.kurmanci\/","https:\/\/www.youtube.com\/channel\/UCa5HkTdmI8U1qCUFuTw8B2g"]},{"@type":"Person","@id":"https:\/\/darkamazi.info\/#\/schema\/person\/5ad3e24553a0567993fa8ed4bd0a776c","name":"darka mazi","sameAs":["https:\/\/darkamazi.info\/"],"url":"https:\/\/darkamazi.info\/archives\/author\/kurdi"}]}},"_links":{"self":[{"href":"https:\/\/darkamazi.info\/funavuv\/wp\/v2\/posts\/1049667","targetHints":{"allow":["GET"]}}],"collection":[{"href":"https:\/\/darkamazi.info\/funavuv\/wp\/v2\/posts"}],"about":[{"href":"https:\/\/darkamazi.info\/funavuv\/wp\/v2\/types\/post"}],"author":[{"embeddable":true,"href":"https:\/\/darkamazi.info\/funavuv\/wp\/v2\/users\/2"}],"replies":[{"embeddable":true,"href":"https:\/\/darkamazi.info\/funavuv\/wp\/v2\/comments?post=1049667"}],"version-history":[{"count":0,"href":"https:\/\/darkamazi.info\/funavuv\/wp\/v2\/posts\/1049667\/revisions"}],"wp:featuredmedia":[{"embeddable":true,"href":"https:\/\/darkamazi.info\/funavuv\/wp\/v2\/media\/1049668"}],"wp:attachment":[{"href":"https:\/\/darkamazi.info\/funavuv\/wp\/v2\/media?parent=1049667"}],"wp:term":[{"taxonomy":"category","embeddable":true,"href":"https:\/\/darkamazi.info\/funavuv\/wp\/v2\/categories?post=1049667"},{"taxonomy":"post_tag","embeddable":true,"href":"https:\/\/darkamazi.info\/funavuv\/wp\/v2\/tags?post=1049667"}],"curies":[{"name":"wp","href":"https:\/\/api.w.org\/{rel}","templated":true}]}}