{"id":1049677,"date":"2025-09-01T17:54:23","date_gmt":"2025-09-01T14:54:23","guid":{"rendered":"https:\/\/darkamazi.info\/?p=1049677"},"modified":"2025-09-01T17:54:23","modified_gmt":"2025-09-01T14:54:23","slug":"ocalan-bi-riya-rudawe-bang-li-kurdan-kir-bi-dewleten-dagirker-re-bin-u-dev-ji-mafen-xwe-berdin","status":"publish","type":"post","link":"https:\/\/darkamazi.info\/archives\/1049677","title":{"rendered":"Ocalan bi r\u00eeya R\u00fbdaw\u00ea bang li Kurdan kir bi dewlet\u00ean dag\u00eerker re bin \u00fb dev ji maf\u00ean xwe berdin"},"content":{"rendered":"<h3 style=\"text-align: justify\"><span style=\"font-family: 'arial black', sans-serif\">Abdulla Ocalan \u00eero peyam da konferansa navenda l\u00eakol\u00eenan ya R\u00fbdaw\u00ea \u00fb bang\u00ee hem\u00fb Kurdan kir ku bi dewlet\u00ean dag\u00eerker re bin \u00fb bi wan re di nav yek\u00eet\u00ee \u00fb hevgirtin\u00ea de bin.<\/span><\/h3>\n<h3 style=\"text-align: justify\"><span style=\"font-family: arial, helvetica, sans-serif\">Navenda l\u00eakol\u00eenan ya r\u00fbdaw\u00ea li ser p\u00eavajoya li Tirkiy\u00ea \u00fb Bakur\u00ea Kurdistan\u00ea ku Tirkiye nav\u00ea p\u00eavajoya Tirkiyeya B\u00ea Teror l\u00ea dike, konferansek bi nav\u00ea &#8220;A\u015ftiya Tirkiyey\u00ea ya ku bi zehmet\u00ee bi dest dikeve&#8221; li dar dixe.<\/span><\/h3>\n<h3 style=\"text-align: justify\"><span style=\"font-family: arial, helvetica, sans-serif\">Abdulah Ocalan j\u00ee ji konferans\u00ea re peyameke niv\u00eesk\u00ee \u015fand \u00fb peyam ji aliy\u00ea parlamaneter\u00ea Dem Partiy\u00ea M\u00eethat Sancar ve hat xwendin.<\/span><\/h3>\n<h3 style=\"text-align: justify\"><span style=\"font-family: arial, helvetica, sans-serif\">Ocalan di peyama xwe de careke din tekez\u00ee li ser civaka demokrat\u00eek kir\u00eeye \u00fb ti behsa maf\u00ean Kurdan di v\u00ea p\u00eavajoy\u00ea de nekir.<\/span><\/h3>\n<h3 style=\"text-align: justify\"><span style=\"font-family: arial, helvetica, sans-serif\">Ocalan bang\u00ee Kurdan kir \u00fb got: \u201cTerc\u00eeha min ewe ku Kurd, bi wan dewlet\u00ean ku derfeta p\u00eawendiyeke li ser bingeha civaka demokrat\u00eek didin wan re, di nav yek\u00eet\u00ee \u00fb hevgirtin\u00ea de bin. Ez v\u00ea yek\u00ea wek\u00ee &#8220;entegrasyona li ser bingeha civaka demokrat\u00eek&#8221; p\u00eanase dikim. P\u00eavajoya ku em niha dime\u015f\u00eenin disp\u00earim ser v\u00ee esas\u00ee \u00fb ez di w\u00ea baweriy\u00ea de me ku d\u00ea bi ser bikeve\u201d.<\/span><\/h3>\n<h3 style=\"text-align: justify\"><span style=\"font-family: arial, helvetica, sans-serif\">Ev axaftin\u00ean Ocalan bi w\u00ea watey\u00ea dih\u00ean ku div\u00ea Kurd bi dewlet\u00ean dag\u00eerker re bin, dev ji maf\u00ean xwe y\u00ean netew\u00ee berdin \u00fb di nava wan de asm\u00eele bibin, li gor\u00ee Ocalan ev asm\u00eelasiyon bi civaka demokrat\u00eek t\u00ea p\u00eanase kirin.<\/span><\/h3>\n<h3 style=\"text-align: justify\"><span style=\"font-family: arial, helvetica, sans-serif\">Ocalan di dawiya peyama xwe de j\u00ee gotiye: \u201cLi gor\u00ee min, div\u00ea p\u00eawendiy\u00ean di navbera Kurdan de j\u00ee di \u015f\u00eawey\u00ea yek\u00eetyeke li ser bingeha demokrat\u00eek de bin. Ez bang\u00ee hem\u00fb Kurdan dikim ku li ser zem\u00eeneke demokrat\u00eek bicivin \u00fb bibin yek\u201d.<\/span><\/h3>\n<h3 style=\"text-align: justify\"><span style=\"font-family: arial, helvetica, sans-serif\">Abdulla Ocalan li 27 Sibata \u00eesal 2025\u00ea bi raspardeya Bah\u00e7eli \u00fb Ardogan yekem peyam da \u00fb ji r\u00eaxistina xwe xwest xwe fesix bike \u00fb ji wan re go: Mod\u00eala we nemaye, \u00e7ekan deynin!.<\/span><\/h3>\n<h3 style=\"text-align: justify\"><span style=\"font-family: arial, helvetica, sans-serif\">Ji w\u00ea dem\u00ea ve, 4 peyam\u00ean din ji \u00cemraliy\u00ea derketine, Ocalan di tu y\u00eak ji wan peyaman de behsa maf\u00ean Kurdan nekir, belku di hem\u00fb peyaman de tekez li b\u00eadewletb\u00fbn\u00ea \u00fb b\u00eay netewey\u00ee b\u00fbn\u00ea bo Kurdan kir \u00fb got: Li \u015f\u00fbna neteweya Kurd em\u00ea neteweya demokrat\u00eek ava bikin!.<\/span><\/h3>\n","protected":false},"excerpt":{"rendered":"<p>Abdulla Ocalan \u00eero peyam da konferansa navenda l\u00eakol\u00eenan ya R\u00fbdaw\u00ea \u00fb bang\u00ee hem\u00fb Kurdan kir ku bi dewlet\u00ean dag\u00eerker re bin \u00fb bi wan re di nav yek\u00eet\u00ee \u00fb hevgirtin\u00ea de bin. Navenda l\u00eakol\u00eenan ya r\u00fbdaw\u00ea li ser p\u00eavajoya li Tirkiy\u00ea \u00fb Bakur\u00ea Kurdistan\u00ea ku Tirkiye nav\u00ea p\u00eavajoya Tirkiyeya B\u00ea Teror l\u00ea dike, konferansek bi [&hellip;]<\/p>\n","protected":false},"author":2,"featured_media":1049678,"comment_status":"closed","ping_status":"closed","sticky":false,"template":"","format":"standard","meta":{"footnotes":""},"categories":[29],"tags":[37],"class_list":["post-1049677","post","type-post","status-publish","format-standard","has-post-thumbnail","hentry","category-kurdistan","tag-sereke"],"blocksy_meta":[],"seo_head":"<!-- This site is optimized with the Yoast SEO plugin v27.5 - https:\/\/yoast.com\/product\/yoast-seo-wordpress\/ -->\n<title>Ocalan bi r\u00eeya R\u00fbdaw\u00ea bang li Kurdan kir bi dewlet\u00ean dag\u00eerker re bin \u00fb dev ji maf\u00ean xwe berdin - Darka Maz\u00ee<\/title>\n<meta name=\"robots\" content=\"index, follow, max-snippet:-1, max-image-preview:large, max-video-preview:-1\" \/>\n<link rel=\"canonical\" href=\"https:\/\/darkamazi.info\/archives\/1049677\" \/>\n<meta property=\"og:locale\" content=\"en_US\" \/>\n<meta property=\"og:type\" content=\"article\" \/>\n<meta property=\"og:title\" content=\"Ocalan bi r\u00eeya R\u00fbdaw\u00ea bang li Kurdan kir bi dewlet\u00ean dag\u00eerker re bin \u00fb dev ji maf\u00ean xwe berdin - Darka Maz\u00ee\" \/>\n<meta property=\"og:description\" content=\"Abdulla Ocalan \u00eero peyam da konferansa navenda l\u00eakol\u00eenan ya R\u00fbdaw\u00ea \u00fb bang\u00ee hem\u00fb Kurdan kir ku bi dewlet\u00ean dag\u00eerker re bin \u00fb bi wan re di nav yek\u00eet\u00ee \u00fb hevgirtin\u00ea de bin. Navenda l\u00eakol\u00eenan ya r\u00fbdaw\u00ea li ser p\u00eavajoya li Tirkiy\u00ea \u00fb Bakur\u00ea Kurdistan\u00ea ku Tirkiye nav\u00ea p\u00eavajoya Tirkiyeya B\u00ea Teror l\u00ea dike, konferansek bi [&hellip;]\" \/>\n<meta property=\"og:url\" content=\"https:\/\/darkamazi.info\/archives\/1049677\" \/>\n<meta property=\"og:site_name\" content=\"Darka Maz\u00ee\" \/>\n<meta property=\"article:publisher\" content=\"https:\/\/www.facebook.com\/DarMaziKurmanci\" \/>\n<meta property=\"article:published_time\" content=\"2025-09-01T14:54:23+00:00\" \/>\n<meta property=\"og:image\" content=\"https:\/\/darkamazi.info\/file\/2025\/09\/Ocalan-Peyam-Rudaw-konferance-Info.jpg\" \/>\n\t<meta property=\"og:image:width\" content=\"900\" \/>\n\t<meta property=\"og:image:height\" content=\"500\" \/>\n\t<meta property=\"og:image:type\" content=\"image\/jpeg\" \/>\n<meta name=\"author\" content=\"darka mazi\" \/>\n<meta name=\"twitter:card\" content=\"summary_large_image\" \/>\n<meta name=\"twitter:creator\" content=\"@DarkaMaziLatini\" \/>\n<meta name=\"twitter:site\" content=\"@DarkaMaziLatini\" \/>\n<meta name=\"twitter:label1\" content=\"Written by\" \/>\n\t<meta name=\"twitter:data1\" content=\"darka mazi\" \/>\n\t<meta name=\"twitter:label2\" content=\"Est. reading time\" \/>\n\t<meta name=\"twitter:data2\" content=\"2 minutes\" \/>\n<script type=\"application\/ld+json\" class=\"seo-schema-graph\">{\"@context\":\"https:\\\/\\\/schema.org\",\"@graph\":[{\"@type\":\"Article\",\"@id\":\"https:\\\/\\\/darkamazi.info\\\/archives\\\/1049677#article\",\"isPartOf\":{\"@id\":\"https:\\\/\\\/darkamazi.info\\\/archives\\\/1049677\"},\"author\":{\"name\":\"darka mazi\",\"@id\":\"https:\\\/\\\/darkamazi.info\\\/#\\\/schema\\\/person\\\/5ad3e24553a0567993fa8ed4bd0a776c\"},\"headline\":\"Ocalan bi r\u00eeya R\u00fbdaw\u00ea bang li Kurdan kir bi dewlet\u00ean dag\u00eerker re bin \u00fb dev ji maf\u00ean xwe berdin\",\"datePublished\":\"2025-09-01T14:54:23+00:00\",\"mainEntityOfPage\":{\"@id\":\"https:\\\/\\\/darkamazi.info\\\/archives\\\/1049677\"},\"wordCount\":398,\"publisher\":{\"@id\":\"https:\\\/\\\/darkamazi.info\\\/#organization\"},\"image\":{\"@id\":\"https:\\\/\\\/darkamazi.info\\\/archives\\\/1049677#primaryimage\"},\"thumbnailUrl\":\"https:\\\/\\\/darkamazi.info\\\/darka-content\\\/uploads\\\/2025\\\/09\\\/Ocalan-Peyam-Rudaw-konferance-Info.jpg\",\"keywords\":[\"sereke\"],\"articleSection\":[\"Kurdistan\"],\"inLanguage\":\"en-US\"},{\"@type\":\"WebPage\",\"@id\":\"https:\\\/\\\/darkamazi.info\\\/archives\\\/1049677\",\"url\":\"https:\\\/\\\/darkamazi.info\\\/archives\\\/1049677\",\"name\":\"Ocalan bi r\u00eeya R\u00fbdaw\u00ea bang li Kurdan kir bi dewlet\u00ean dag\u00eerker re bin \u00fb dev ji maf\u00ean xwe berdin - Darka Maz\u00ee\",\"isPartOf\":{\"@id\":\"https:\\\/\\\/darkamazi.info\\\/#website\"},\"primaryImageOfPage\":{\"@id\":\"https:\\\/\\\/darkamazi.info\\\/archives\\\/1049677#primaryimage\"},\"image\":{\"@id\":\"https:\\\/\\\/darkamazi.info\\\/archives\\\/1049677#primaryimage\"},\"thumbnailUrl\":\"https:\\\/\\\/darkamazi.info\\\/darka-content\\\/uploads\\\/2025\\\/09\\\/Ocalan-Peyam-Rudaw-konferance-Info.jpg\",\"datePublished\":\"2025-09-01T14:54:23+00:00\",\"breadcrumb\":{\"@id\":\"https:\\\/\\\/darkamazi.info\\\/archives\\\/1049677#breadcrumb\"},\"inLanguage\":\"en-US\",\"potentialAction\":[{\"@type\":\"ReadAction\",\"target\":[\"https:\\\/\\\/darkamazi.info\\\/archives\\\/1049677\"]}]},{\"@type\":\"ImageObject\",\"inLanguage\":\"en-US\",\"@id\":\"https:\\\/\\\/darkamazi.info\\\/archives\\\/1049677#primaryimage\",\"url\":\"https:\\\/\\\/darkamazi.info\\\/darka-content\\\/uploads\\\/2025\\\/09\\\/Ocalan-Peyam-Rudaw-konferance-Info.jpg\",\"contentUrl\":\"https:\\\/\\\/darkamazi.info\\\/darka-content\\\/uploads\\\/2025\\\/09\\\/Ocalan-Peyam-Rudaw-konferance-Info.jpg\",\"width\":900,\"height\":500,\"caption\":\"Ocalan-Peyam-Rudaw-konferance-Net\"},{\"@type\":\"BreadcrumbList\",\"@id\":\"https:\\\/\\\/darkamazi.info\\\/archives\\\/1049677#breadcrumb\",\"itemListElement\":[{\"@type\":\"ListItem\",\"position\":1,\"name\":\"Home\",\"item\":\"https:\\\/\\\/darkamazi.info\\\/\"},{\"@type\":\"ListItem\",\"position\":2,\"name\":\"Ocalan bi r\u00eeya R\u00fbdaw\u00ea bang li Kurdan kir bi dewlet\u00ean dag\u00eerker re bin \u00fb dev ji maf\u00ean xwe berdin\"}]},{\"@type\":\"WebSite\",\"@id\":\"https:\\\/\\\/darkamazi.info\\\/#website\",\"url\":\"https:\\\/\\\/darkamazi.info\\\/\",\"name\":\"Darka Maz\u00ee\",\"description\":\"P\u00eageha Zanyariy\u00ean Nebih\u00eest\u00ee\",\"publisher\":{\"@id\":\"https:\\\/\\\/darkamazi.info\\\/#organization\"},\"potentialAction\":[{\"@type\":\"SearchAction\",\"target\":{\"@type\":\"EntryPoint\",\"urlTemplate\":\"https:\\\/\\\/darkamazi.info\\\/?s={search_term_string}\"},\"query-input\":{\"@type\":\"PropertyValueSpecification\",\"valueRequired\":true,\"valueName\":\"search_term_string\"}}],\"inLanguage\":\"en-US\"},{\"@type\":\"Organization\",\"@id\":\"https:\\\/\\\/darkamazi.info\\\/#organization\",\"name\":\"Darka Maz\u00ee\",\"url\":\"https:\\\/\\\/darkamazi.info\\\/\",\"logo\":{\"@type\":\"ImageObject\",\"inLanguage\":\"en-US\",\"@id\":\"https:\\\/\\\/darkamazi.info\\\/#\\\/schema\\\/logo\\\/image\\\/\",\"url\":\"https:\\\/\\\/darkamazi.info\\\/darka-content\\\/uploads\\\/2017\\\/12\\\/darka-mazi-logo.png\",\"contentUrl\":\"https:\\\/\\\/darkamazi.info\\\/darka-content\\\/uploads\\\/2017\\\/12\\\/darka-mazi-logo.png\",\"width\":151,\"height\":75,\"caption\":\"Darka Maz\u00ee\"},\"image\":{\"@id\":\"https:\\\/\\\/darkamazi.info\\\/#\\\/schema\\\/logo\\\/image\\\/\"},\"sameAs\":[\"https:\\\/\\\/www.facebook.com\\\/DarMaziKurmanci\",\"https:\\\/\\\/x.com\\\/DarkaMaziLatini\",\"https:\\\/\\\/www.instagram.com\\\/darkamazi.kurmanci\\\/\",\"https:\\\/\\\/www.youtube.com\\\/channel\\\/UCa5HkTdmI8U1qCUFuTw8B2g\"]},{\"@type\":\"Person\",\"@id\":\"https:\\\/\\\/darkamazi.info\\\/#\\\/schema\\\/person\\\/5ad3e24553a0567993fa8ed4bd0a776c\",\"name\":\"darka mazi\",\"sameAs\":[\"https:\\\/\\\/darkamazi.info\\\/\"],\"url\":\"https:\\\/\\\/darkamazi.info\\\/archives\\\/author\\\/kurdi\"}]}<\/script>\n<!-- \/ Yoast SEO plugin. -->","seo_head_json":{"title":"Ocalan bi r\u00eeya R\u00fbdaw\u00ea bang li Kurdan kir bi dewlet\u00ean dag\u00eerker re bin \u00fb dev ji maf\u00ean xwe berdin - Darka Maz\u00ee","robots":{"index":"index","follow":"follow","max-snippet":"max-snippet:-1","max-image-preview":"max-image-preview:large","max-video-preview":"max-video-preview:-1"},"canonical":"https:\/\/darkamazi.info\/archives\/1049677","og_locale":"en_US","og_type":"article","og_title":"Ocalan bi r\u00eeya R\u00fbdaw\u00ea bang li Kurdan kir bi dewlet\u00ean dag\u00eerker re bin \u00fb dev ji maf\u00ean xwe berdin - Darka Maz\u00ee","og_description":"Abdulla Ocalan \u00eero peyam da konferansa navenda l\u00eakol\u00eenan ya R\u00fbdaw\u00ea \u00fb bang\u00ee hem\u00fb Kurdan kir ku bi dewlet\u00ean dag\u00eerker re bin \u00fb bi wan re di nav yek\u00eet\u00ee \u00fb hevgirtin\u00ea de bin. Navenda l\u00eakol\u00eenan ya r\u00fbdaw\u00ea li ser p\u00eavajoya li Tirkiy\u00ea \u00fb Bakur\u00ea Kurdistan\u00ea ku Tirkiye nav\u00ea p\u00eavajoya Tirkiyeya B\u00ea Teror l\u00ea dike, konferansek bi [&hellip;]","og_url":"https:\/\/darkamazi.info\/archives\/1049677","og_site_name":"Darka Maz\u00ee","article_publisher":"https:\/\/www.facebook.com\/DarMaziKurmanci","article_published_time":"2025-09-01T14:54:23+00:00","og_image":[{"width":900,"height":500,"url":"https:\/\/darkamazi.info\/file\/2025\/09\/Ocalan-Peyam-Rudaw-konferance-Info.jpg","type":"image\/jpeg"}],"author":"darka mazi","twitter_card":"summary_large_image","twitter_creator":"@DarkaMaziLatini","twitter_site":"@DarkaMaziLatini","twitter_misc":{"Written by":"darka mazi","Est. reading time":"2 minutes"},"schema":{"@context":"https:\/\/schema.org","@graph":[{"@type":"Article","@id":"https:\/\/darkamazi.info\/archives\/1049677#article","isPartOf":{"@id":"https:\/\/darkamazi.info\/archives\/1049677"},"author":{"name":"darka mazi","@id":"https:\/\/darkamazi.info\/#\/schema\/person\/5ad3e24553a0567993fa8ed4bd0a776c"},"headline":"Ocalan bi r\u00eeya R\u00fbdaw\u00ea bang li Kurdan kir bi dewlet\u00ean dag\u00eerker re bin \u00fb dev ji maf\u00ean xwe berdin","datePublished":"2025-09-01T14:54:23+00:00","mainEntityOfPage":{"@id":"https:\/\/darkamazi.info\/archives\/1049677"},"wordCount":398,"publisher":{"@id":"https:\/\/darkamazi.info\/#organization"},"image":{"@id":"https:\/\/darkamazi.info\/archives\/1049677#primaryimage"},"thumbnailUrl":"https:\/\/darkamazi.info\/file\/2025\/09\/Ocalan-Peyam-Rudaw-konferance-Info.jpg","keywords":["sereke"],"articleSection":["Kurdistan"],"inLanguage":"en-US"},{"@type":"WebPage","@id":"https:\/\/darkamazi.info\/archives\/1049677","url":"https:\/\/darkamazi.info\/archives\/1049677","name":"Ocalan bi r\u00eeya R\u00fbdaw\u00ea bang li Kurdan kir bi dewlet\u00ean dag\u00eerker re bin \u00fb dev ji maf\u00ean xwe berdin - Darka Maz\u00ee","isPartOf":{"@id":"https:\/\/darkamazi.info\/#website"},"primaryImageOfPage":{"@id":"https:\/\/darkamazi.info\/archives\/1049677#primaryimage"},"image":{"@id":"https:\/\/darkamazi.info\/archives\/1049677#primaryimage"},"thumbnailUrl":"https:\/\/darkamazi.info\/file\/2025\/09\/Ocalan-Peyam-Rudaw-konferance-Info.jpg","datePublished":"2025-09-01T14:54:23+00:00","breadcrumb":{"@id":"https:\/\/darkamazi.info\/archives\/1049677#breadcrumb"},"inLanguage":"en-US","potentialAction":[{"@type":"ReadAction","target":["https:\/\/darkamazi.info\/archives\/1049677"]}]},{"@type":"ImageObject","inLanguage":"en-US","@id":"https:\/\/darkamazi.info\/archives\/1049677#primaryimage","url":"https:\/\/darkamazi.info\/file\/2025\/09\/Ocalan-Peyam-Rudaw-konferance-Info.jpg","contentUrl":"https:\/\/darkamazi.info\/file\/2025\/09\/Ocalan-Peyam-Rudaw-konferance-Info.jpg","width":900,"height":500,"caption":"Ocalan-Peyam-Rudaw-konferance-Net"},{"@type":"BreadcrumbList","@id":"https:\/\/darkamazi.info\/archives\/1049677#breadcrumb","itemListElement":[{"@type":"ListItem","position":1,"name":"Home","item":"https:\/\/darkamazi.info\/"},{"@type":"ListItem","position":2,"name":"Ocalan bi r\u00eeya R\u00fbdaw\u00ea bang li Kurdan kir bi dewlet\u00ean dag\u00eerker re bin \u00fb dev ji maf\u00ean xwe berdin"}]},{"@type":"WebSite","@id":"https:\/\/darkamazi.info\/#website","url":"https:\/\/darkamazi.info\/","name":"Darka Maz\u00ee","description":"P\u00eageha Zanyariy\u00ean Nebih\u00eest\u00ee","publisher":{"@id":"https:\/\/darkamazi.info\/#organization"},"potentialAction":[{"@type":"SearchAction","target":{"@type":"EntryPoint","urlTemplate":"https:\/\/darkamazi.info\/?s={search_term_string}"},"query-input":{"@type":"PropertyValueSpecification","valueRequired":true,"valueName":"search_term_string"}}],"inLanguage":"en-US"},{"@type":"Organization","@id":"https:\/\/darkamazi.info\/#organization","name":"Darka Maz\u00ee","url":"https:\/\/darkamazi.info\/","logo":{"@type":"ImageObject","inLanguage":"en-US","@id":"https:\/\/darkamazi.info\/#\/schema\/logo\/image\/","url":"https:\/\/darkamazi.info\/file\/2017\/12\/darka-mazi-logo.png","contentUrl":"https:\/\/darkamazi.info\/file\/2017\/12\/darka-mazi-logo.png","width":151,"height":75,"caption":"Darka Maz\u00ee"},"image":{"@id":"https:\/\/darkamazi.info\/#\/schema\/logo\/image\/"},"sameAs":["https:\/\/www.facebook.com\/DarMaziKurmanci","https:\/\/x.com\/DarkaMaziLatini","https:\/\/www.instagram.com\/darkamazi.kurmanci\/","https:\/\/www.youtube.com\/channel\/UCa5HkTdmI8U1qCUFuTw8B2g"]},{"@type":"Person","@id":"https:\/\/darkamazi.info\/#\/schema\/person\/5ad3e24553a0567993fa8ed4bd0a776c","name":"darka mazi","sameAs":["https:\/\/darkamazi.info\/"],"url":"https:\/\/darkamazi.info\/archives\/author\/kurdi"}]}},"_links":{"self":[{"href":"https:\/\/darkamazi.info\/funavuv\/wp\/v2\/posts\/1049677","targetHints":{"allow":["GET"]}}],"collection":[{"href":"https:\/\/darkamazi.info\/funavuv\/wp\/v2\/posts"}],"about":[{"href":"https:\/\/darkamazi.info\/funavuv\/wp\/v2\/types\/post"}],"author":[{"embeddable":true,"href":"https:\/\/darkamazi.info\/funavuv\/wp\/v2\/users\/2"}],"replies":[{"embeddable":true,"href":"https:\/\/darkamazi.info\/funavuv\/wp\/v2\/comments?post=1049677"}],"version-history":[{"count":0,"href":"https:\/\/darkamazi.info\/funavuv\/wp\/v2\/posts\/1049677\/revisions"}],"wp:featuredmedia":[{"embeddable":true,"href":"https:\/\/darkamazi.info\/funavuv\/wp\/v2\/media\/1049678"}],"wp:attachment":[{"href":"https:\/\/darkamazi.info\/funavuv\/wp\/v2\/media?parent=1049677"}],"wp:term":[{"taxonomy":"category","embeddable":true,"href":"https:\/\/darkamazi.info\/funavuv\/wp\/v2\/categories?post=1049677"},{"taxonomy":"post_tag","embeddable":true,"href":"https:\/\/darkamazi.info\/funavuv\/wp\/v2\/tags?post=1049677"}],"curies":[{"name":"wp","href":"https:\/\/api.w.org\/{rel}","templated":true}]}}