{"id":1049687,"date":"2025-09-02T16:44:13","date_gmt":"2025-09-02T13:44:13","guid":{"rendered":"https:\/\/darkamazi.info\/?p=1049687"},"modified":"2025-09-02T16:44:13","modified_gmt":"2025-09-02T13:44:13","slug":"ji-xwe-apo-gotiye","status":"publish","type":"post","link":"https:\/\/darkamazi.info\/archives\/1049687","title":{"rendered":"Ji xwe Apo gotiye!!!"},"content":{"rendered":"<h3 style=\"text-align: justify\"><span style=\"font-family: 'arial black', sans-serif;color: #0000ff\">B\u00fbb\u00ea Eser<\/span><\/h3>\n<h3 style=\"text-align: justify\"><span style=\"font-family: 'arial black', sans-serif\">Piraniya siyasetmedar \u00fb welatpar\u00eaz\u00ean Kurd h\u00ea j\u00ee Evdila nasnekirine \u00fb kes\u00ean li ort\u00ea j\u00ee mane, h\u00eav\u00ee dikin ku w\u00ea rojek\u00ea Evdila Kurdistan\u00ea azad bike. L\u00ea nay\u00ea b\u00eera wan ku w\u00ee negotiye ez \u00ea Kurdistan\u00ea azad bikim. Tim gotiye ku ez \u00ea Kurdistan\u00ea \u201dxelas\u201d bikim. Azadkirin \u00fb xelaskirin du ti\u015ft\u00ean dijber\u00ea hev in. Yan\u00ee li gor bikaran\u00eena wan, wateya wan j\u00ee t\u00ea guherandin.<\/span><\/h3>\n<h3 style=\"text-align: justify\">L\u00ea hezar mixabin roja ku Evdila gotib\u00fb \u201cEz \u00ea Kurdistan\u00ea xeles bikim\u201d. Piraniy\u00ea f\u00eam nekirib\u00fbn ku ew ne azad\u00ee ango bi temam\u00ee xelaskirina kurdan b\u00fb. Heta niha j\u00ee piraniya kurdan w\u00ea b\u00eajeya w\u00ee weke ew \u00ea ji wan re kurdistan\u00ea azad bike, f\u00eam kirine. Loma j\u00ee mal \u00fb milk\u00ean xwe, cewher, z\u00ear \u00fb perey\u00ean xwe, zarok \u00fb ciwan\u00ean xwe p\u00ea\u015fk\u00ea\u015f\u00ee PKK kirib\u00fbn da ku rojek\u00ea bikaribin azadiy\u00ea bib\u00eenin \u00fb li ser erda xwe weke mirovan bij\u00een.<\/h3>\n<h3 style=\"text-align: justify\">L\u00ea nay\u00ea b\u00eera piraniya kurdan ku pi\u015ft\u00ee w\u00ea gotine xwe Evdila d\u00eesa gotib\u00fb: \u201cHeta ku Ez \u00fb pkk em hebin d\u00ea Barzan\u00ee (yan\u00ee Kurd.BE) nikaribe dewleta kurd\u00ee ava bike\u201d. L\u00ea hezar mixabin ku piraniya part\u00ee \u00fb r\u00eaxistin\u00ean me ji roja roj ev f\u00eam nekirin, Loma piraniy\u00ea xwe li ber Erban\u00ea pkk kildikirin ango govande tuneb\u00fbna xwe digerandin. Ji ber v\u00ea nef\u00eamkirin\u00ea piran\u00ee wext\u00ea xwe bi gotin\u00ean p\u00fb\u00e7 \u00fb bi ner\u00een\u00ean tirsonek\u00ee heta roja \u00eero derbas kirin.<\/h3>\n<h3 style=\"text-align: justify\">Ji ber w\u00ea tirsonekiy\u00ea, nef\u00eamkirin \u00fb b\u00ea helwestiya kurd\u00ean welatpar\u00eaz, part\u00ee \u00fb r\u00eaxistin\u00ean Kurdistan\u00ee, nikarin \u00fb naxwazin di bin konek\u00ee netewey\u00ee de tems\u00eeleke kurd\u00ee ava bikin. Heyfe!!! roj bi roj h\u00eajayiy\u00ean kurdan li ber \u00e7av\u00ean me wenda dibin. Kurd \u00fb hizra netewey\u00ee dihele. H\u00ea j\u00ee part\u00ee \u00fb r\u00eaxistin\u00ean ji xwe re dib\u00eajin em Kurdistan\u00ee ne, v\u00ea rew\u015f\u00ea nab\u00eenin. Ya rast\u00ee dib\u00eenin l\u00ea weha ji wan re xwe\u015ftir t\u00ea.<\/h3>\n<h3 style=\"text-align: justify\">Me gelek caran gotiye \u00fb dib\u00eajin: Projeya niha ku li gor daxwaza dewlet\u00ea \u00fb li ser dest\u00ea pkk t\u00ea me\u015fandin, ji bin\u00ee de, ji hol\u00ea rakirin \u00fb tuneb\u00fbna kurdan e.<\/h3>\n<h3 style=\"text-align: justify\">Sedema v\u00ea j\u00ee, \u015fer\u00ee \u00e7ekdar\u00ee ya ku ne di berjewendiya kurdan de b\u00fb ku z\u00eadey\u00ee \u00e7el salan ajot. Bi saya w\u00ee \u015fer\u00ea pkk li gor berjewendiya dagirkeran, kurd tesl\u00eem girt. Zor \u00fb tade li wan kir. \u00c7avtirsand\u00ee kirin. Orf \u00fb adet\u00ean kurdan ji nava wan rakir. Ziman\u00ea wan ji dev\u00ea wan derxist \u00fb \u00ea tirkan xiste dev\u00ea Kurdan. Ji ber ku wan zan\u00eeb\u00fbn heger miletek li ser koka xwe mezin nebe, norm\u00ean w\u00ee y\u00ea netewey\u00ee t\u00eak here, ew milet, ew xelk j\u00ee dibe weke pez. \u015e\u00eevan j\u00ee ber\u00ea pez\u00ea xwe bide ku w\u00ea ker\u00ee j\u00ee li du w\u00ee here.<\/h3>\n<h3 style=\"text-align: justify\">Ji ber ku pez tenha dizane ku dema \u015fivan li bil\u00fbr\u00ea bixwe ya w\u00ea wan bibe ser av\u00ea ya j\u00ee ser \u00eam ku z\u00eak\u00ea xwe dagirin. Niha rew\u015fa bakur\u00ea Kurdistan\u00ea j\u00ee weha b\u00fbye. Bi saya w\u00ee \u015fer\u00ea d\u00fbr \u00fb dir\u00eaj Evdila kirine \u015fivan \u00fb ew j\u00ee \u00e7awa dixwaz\u00ee ber\u00ea \u00e7ivat\u00ea dide vir.<\/h3>\n<h3 style=\"text-align: justify\">Xelk\u00ea bedel\u00ean mezin dane \u00fb bi salan ji xwe re tenha \u015fivanek d\u00eetine ku dema \u015fivan li bil\u00fbra xwe bide. Civata ji deng\u00ea bil\u00fbra w\u00ee tu deng\u00ean din nebih\u00eestine, ber\u00ea xwe didin vir. Nikarin bifikirin ku w\u00ea ew deng wan bi ku de bibe.<\/h3>\n<h3 style=\"text-align: justify\">Car carna deng \u00fb meqam\u00ea w\u00ea bil\u00fbr\u00ea bi wan re hizra netewey\u00ee xurt dike \u00fb difikire ku ew meqam\u00ea azad\u00ee \u00fb serxweb\u00fbna w\u00ee ye, Ji bona milet j\u00ee govendek\u00ea bigire dest\u00ea xwe y\u00ean paqij dix\u00ea nava wan dest\u00ean bi xw\u00eena wan hatine \u015fu\u015ftin. Pi\u015ft\u00ee dest hatin zevt kirin \u00ead\u00ee nema dikare dest\u00ean xwe ji nava y\u00ean din derxe \u00fb xwe ji govend\u00ea d\u00fbr bixe.<\/h3>\n<h3 style=\"text-align: justify\">Ji ber k\u00eejan dest bikeve nava wan dest\u00ean bi xw\u00eena kurdan hatine \u015fu\u015ftin\u00ea, \u00ead\u00ee zehmete ku xwe j\u00ea azad bike.<\/h3>\n<h3 style=\"text-align: justify\">Part\u00ee \u00fb r\u00eaxistin\u00ean Kurdistan\u00ee j\u00ee ji d\u00fbrve li w\u00ea govend\u00ea tema\u015fe dikirin \u00fb dikin. Did\u00eetin \u00fb dib\u00eenin ku sergovend, govend\u00ea \u015fa\u015f diger\u00eene, l\u00ea deng\u00ea xwe nekirib\u00fbn \u00fb nakin. Loma j\u00ee serk\u00ea\u015f\u00ea govend\u00ea ew bi zanet\u00ee w\u00ea govend\u00ea \u015fa\u015f diger\u00eene ku milet f\u00ear\u00ee govenda \u015fa\u015f dikir. Mebesta \u015fa\u015f gerandina govend ew b\u00fb ku milet ji h\u00eajayiy\u00ean xwe bi d\u00fbr bikevin. \u00cero em v\u00ea dij\u00een.<\/h3>\n<h3 style=\"text-align: justify\">Di rew\u015f\u00ean weha de kes \u00fb kesayet\u00ee nema dikarin govenda rast \u00fb ya mil\u00ee bi xelk\u00ea xwe bide f\u00eam kirin\u00ea ku govenda ew diger\u00eenin \u015fa\u015f \u00fb \u00e7ewte. Tu nema dikare bi wan bide zan\u00een ku ev govend ne ya te ye.<\/h3>\n<h3 style=\"text-align: justify\">Weke em dizanin ku miletek bi orf \u00fb adet\u00ean xwe heye. Bi reqs \u00fb govenda xwe hene, bi ziman \u00fb heb\u00fbne xwe heye. L\u00ea hezar mixabin \u00eero vana li bakur\u00ea Kurdistan\u00ea nemane ya j\u00ee pir hindik mane.<\/h3>\n<h3 style=\"text-align: justify\"><strong>\u00c7areser\u00ee:<\/strong><\/h3>\n<h3 style=\"text-align: justify\">Sergovendek\u00ee bi hizir, bi b\u00eer \u00fb baweriya netewe dagirt\u00ee, w\u00earek, ciwan \u00fb xw\u00een germ ku bikaribe li gor meqam\u00ea kurdewar\u00ee sergovend\u00ea biger\u00eene, lazim e. Reng \u00fb deng\u00ea govend\u00ea serk\u00ea\u015f\u00ea w\u00ea diyar dike. Ji ber ku \u00eero piraniya sergovenda kurdan li bakur, ne sergovendin. Hin\u00ean sergovend\u00ee j\u00ee dikirin \u00eero kal \u00fb p\u00eer b\u00fbne. Loma nikarin bibin sergovend. Y\u00ean dibin j\u00ee govend\u00ea t\u00eak dibin.<\/h3>\n<h3 style=\"text-align: justify\">Ji ber v\u00ea ye ku xelk, milet piran\u00ee ketine rew\u015fa ten\u00ea xwe kilkirin\u00ea ku di govendek\u00ea de cih digirin. L\u00ea ser govend gir\u00eeng e. Y\u00ean govend\u00ea xwe\u015f \u00fb delal diger\u00eenin sergovend\u00ean z\u00eerek \u00fb j\u00eahat\u00eene. Lewra j\u00ee div\u00ea em ji bona tevgera bakur\u00ea Kurdistan\u00ea sergovendek\u00ee bi rast\u00ee bikaribe govenda kurd\u00ee li gor reqs \u00fb meqam\u00ea w\u00ea bide l\u00eestin peyde bikin.<\/h3>\n<h3 style=\"text-align: justify\">Di nava me kurdan de kes \u00fb kesayetiy\u00ean weha pir in. L\u00ea mixabin em xwed\u00ee li wan dernakevin. Bi h\u00eaz \u00fb qaweta xwe pi\u015ftgir\u00ee nadin ku ew bibe sergovend da ku govendeke rast \u00fb li gor adet\u00ean kurdan biger\u00eene\u2026<\/h3>\n","protected":false},"excerpt":{"rendered":"<p>B\u00fbb\u00ea Eser Piraniya siyasetmedar \u00fb welatpar\u00eaz\u00ean Kurd h\u00ea j\u00ee Evdila nasnekirine \u00fb kes\u00ean li ort\u00ea j\u00ee mane, h\u00eav\u00ee dikin ku w\u00ea rojek\u00ea Evdila Kurdistan\u00ea azad bike. L\u00ea nay\u00ea b\u00eera wan ku w\u00ee negotiye ez \u00ea Kurdistan\u00ea azad bikim. Tim gotiye ku ez \u00ea Kurdistan\u00ea \u201dxelas\u201d bikim. Azadkirin \u00fb xelaskirin du ti\u015ft\u00ean dijber\u00ea hev in. Yan\u00ee [&hellip;]<\/p>\n","protected":false},"author":2,"featured_media":1049080,"comment_status":"closed","ping_status":"closed","sticky":false,"template":"","format":"standard","meta":{"footnotes":""},"categories":[28],"tags":[37],"class_list":["post-1049687","post","type-post","status-publish","format-standard","has-post-thumbnail","hentry","category-nerin","tag-sereke"],"blocksy_meta":[],"seo_head":"<!-- This site is optimized with the Yoast SEO plugin v27.5 - https:\/\/yoast.com\/product\/yoast-seo-wordpress\/ -->\n<title>Ji xwe Apo gotiye!!! - Darka Maz\u00ee<\/title>\n<meta name=\"robots\" content=\"index, follow, max-snippet:-1, max-image-preview:large, max-video-preview:-1\" \/>\n<link rel=\"canonical\" href=\"https:\/\/darkamazi.info\/archives\/1049687\" \/>\n<meta property=\"og:locale\" content=\"en_US\" \/>\n<meta property=\"og:type\" content=\"article\" \/>\n<meta property=\"og:title\" content=\"Ji xwe Apo gotiye!!! - Darka Maz\u00ee\" \/>\n<meta property=\"og:description\" content=\"B\u00fbb\u00ea Eser Piraniya siyasetmedar \u00fb welatpar\u00eaz\u00ean Kurd h\u00ea j\u00ee Evdila nasnekirine \u00fb kes\u00ean li ort\u00ea j\u00ee mane, h\u00eav\u00ee dikin ku w\u00ea rojek\u00ea Evdila Kurdistan\u00ea azad bike. L\u00ea nay\u00ea b\u00eera wan ku w\u00ee negotiye ez \u00ea Kurdistan\u00ea azad bikim. Tim gotiye ku ez \u00ea Kurdistan\u00ea \u201dxelas\u201d bikim. Azadkirin \u00fb xelaskirin du ti\u015ft\u00ean dijber\u00ea hev in. Yan\u00ee [&hellip;]\" \/>\n<meta property=\"og:url\" content=\"https:\/\/darkamazi.info\/archives\/1049687\" \/>\n<meta property=\"og:site_name\" content=\"Darka Maz\u00ee\" \/>\n<meta property=\"article:publisher\" content=\"https:\/\/www.facebook.com\/DarMaziKurmanci\" \/>\n<meta property=\"article:published_time\" content=\"2025-09-02T13:44:13+00:00\" \/>\n<meta property=\"og:image\" content=\"https:\/\/darkamazi.info\/file\/2025\/07\/Bube-eser-1-1.jpg\" \/>\n\t<meta property=\"og:image:width\" content=\"900\" \/>\n\t<meta property=\"og:image:height\" content=\"497\" \/>\n\t<meta property=\"og:image:type\" content=\"image\/jpeg\" \/>\n<meta name=\"author\" content=\"darka mazi\" \/>\n<meta name=\"twitter:card\" content=\"summary_large_image\" \/>\n<meta name=\"twitter:creator\" content=\"@DarkaMaziLatini\" \/>\n<meta name=\"twitter:site\" content=\"@DarkaMaziLatini\" \/>\n<meta name=\"twitter:label1\" content=\"Written by\" \/>\n\t<meta name=\"twitter:data1\" content=\"darka mazi\" \/>\n\t<meta name=\"twitter:label2\" content=\"Est. reading time\" \/>\n\t<meta name=\"twitter:data2\" content=\"5 minutes\" \/>\n<script type=\"application\/ld+json\" class=\"seo-schema-graph\">{\"@context\":\"https:\\\/\\\/schema.org\",\"@graph\":[{\"@type\":\"Article\",\"@id\":\"https:\\\/\\\/darkamazi.info\\\/archives\\\/1049687#article\",\"isPartOf\":{\"@id\":\"https:\\\/\\\/darkamazi.info\\\/archives\\\/1049687\"},\"author\":{\"name\":\"darka mazi\",\"@id\":\"https:\\\/\\\/darkamazi.info\\\/#\\\/schema\\\/person\\\/5ad3e24553a0567993fa8ed4bd0a776c\"},\"headline\":\"Ji xwe Apo gotiye!!!\",\"datePublished\":\"2025-09-02T13:44:13+00:00\",\"mainEntityOfPage\":{\"@id\":\"https:\\\/\\\/darkamazi.info\\\/archives\\\/1049687\"},\"wordCount\":973,\"publisher\":{\"@id\":\"https:\\\/\\\/darkamazi.info\\\/#organization\"},\"image\":{\"@id\":\"https:\\\/\\\/darkamazi.info\\\/archives\\\/1049687#primaryimage\"},\"thumbnailUrl\":\"https:\\\/\\\/darkamazi.info\\\/darka-content\\\/uploads\\\/2025\\\/07\\\/Bube-eser-1-1.jpg\",\"keywords\":[\"sereke\"],\"articleSection\":[\"Ner\u00een\"],\"inLanguage\":\"en-US\"},{\"@type\":\"WebPage\",\"@id\":\"https:\\\/\\\/darkamazi.info\\\/archives\\\/1049687\",\"url\":\"https:\\\/\\\/darkamazi.info\\\/archives\\\/1049687\",\"name\":\"Ji xwe Apo gotiye!!! - Darka Maz\u00ee\",\"isPartOf\":{\"@id\":\"https:\\\/\\\/darkamazi.info\\\/#website\"},\"primaryImageOfPage\":{\"@id\":\"https:\\\/\\\/darkamazi.info\\\/archives\\\/1049687#primaryimage\"},\"image\":{\"@id\":\"https:\\\/\\\/darkamazi.info\\\/archives\\\/1049687#primaryimage\"},\"thumbnailUrl\":\"https:\\\/\\\/darkamazi.info\\\/darka-content\\\/uploads\\\/2025\\\/07\\\/Bube-eser-1-1.jpg\",\"datePublished\":\"2025-09-02T13:44:13+00:00\",\"breadcrumb\":{\"@id\":\"https:\\\/\\\/darkamazi.info\\\/archives\\\/1049687#breadcrumb\"},\"inLanguage\":\"en-US\",\"potentialAction\":[{\"@type\":\"ReadAction\",\"target\":[\"https:\\\/\\\/darkamazi.info\\\/archives\\\/1049687\"]}]},{\"@type\":\"ImageObject\",\"inLanguage\":\"en-US\",\"@id\":\"https:\\\/\\\/darkamazi.info\\\/archives\\\/1049687#primaryimage\",\"url\":\"https:\\\/\\\/darkamazi.info\\\/darka-content\\\/uploads\\\/2025\\\/07\\\/Bube-eser-1-1.jpg\",\"contentUrl\":\"https:\\\/\\\/darkamazi.info\\\/darka-content\\\/uploads\\\/2025\\\/07\\\/Bube-eser-1-1.jpg\",\"width\":900,\"height\":497,\"caption\":\"\u00c7ekdan\u00eena PKK \u00fb \u00c7\u00eeroka \u00ea gund\u00ee\"},{\"@type\":\"BreadcrumbList\",\"@id\":\"https:\\\/\\\/darkamazi.info\\\/archives\\\/1049687#breadcrumb\",\"itemListElement\":[{\"@type\":\"ListItem\",\"position\":1,\"name\":\"Home\",\"item\":\"https:\\\/\\\/darkamazi.info\\\/\"},{\"@type\":\"ListItem\",\"position\":2,\"name\":\"Ji xwe Apo gotiye!!!\"}]},{\"@type\":\"WebSite\",\"@id\":\"https:\\\/\\\/darkamazi.info\\\/#website\",\"url\":\"https:\\\/\\\/darkamazi.info\\\/\",\"name\":\"Darka Maz\u00ee\",\"description\":\"P\u00eageha Zanyariy\u00ean Nebih\u00eest\u00ee\",\"publisher\":{\"@id\":\"https:\\\/\\\/darkamazi.info\\\/#organization\"},\"potentialAction\":[{\"@type\":\"SearchAction\",\"target\":{\"@type\":\"EntryPoint\",\"urlTemplate\":\"https:\\\/\\\/darkamazi.info\\\/?s={search_term_string}\"},\"query-input\":{\"@type\":\"PropertyValueSpecification\",\"valueRequired\":true,\"valueName\":\"search_term_string\"}}],\"inLanguage\":\"en-US\"},{\"@type\":\"Organization\",\"@id\":\"https:\\\/\\\/darkamazi.info\\\/#organization\",\"name\":\"Darka Maz\u00ee\",\"url\":\"https:\\\/\\\/darkamazi.info\\\/\",\"logo\":{\"@type\":\"ImageObject\",\"inLanguage\":\"en-US\",\"@id\":\"https:\\\/\\\/darkamazi.info\\\/#\\\/schema\\\/logo\\\/image\\\/\",\"url\":\"https:\\\/\\\/darkamazi.info\\\/darka-content\\\/uploads\\\/2017\\\/12\\\/darka-mazi-logo.png\",\"contentUrl\":\"https:\\\/\\\/darkamazi.info\\\/darka-content\\\/uploads\\\/2017\\\/12\\\/darka-mazi-logo.png\",\"width\":151,\"height\":75,\"caption\":\"Darka Maz\u00ee\"},\"image\":{\"@id\":\"https:\\\/\\\/darkamazi.info\\\/#\\\/schema\\\/logo\\\/image\\\/\"},\"sameAs\":[\"https:\\\/\\\/www.facebook.com\\\/DarMaziKurmanci\",\"https:\\\/\\\/x.com\\\/DarkaMaziLatini\",\"https:\\\/\\\/www.instagram.com\\\/darkamazi.kurmanci\\\/\",\"https:\\\/\\\/www.youtube.com\\\/channel\\\/UCa5HkTdmI8U1qCUFuTw8B2g\"]},{\"@type\":\"Person\",\"@id\":\"https:\\\/\\\/darkamazi.info\\\/#\\\/schema\\\/person\\\/5ad3e24553a0567993fa8ed4bd0a776c\",\"name\":\"darka mazi\",\"sameAs\":[\"https:\\\/\\\/darkamazi.info\\\/\"],\"url\":\"https:\\\/\\\/darkamazi.info\\\/archives\\\/author\\\/kurdi\"}]}<\/script>\n<!-- \/ Yoast SEO plugin. -->","seo_head_json":{"title":"Ji xwe Apo gotiye!!! - Darka Maz\u00ee","robots":{"index":"index","follow":"follow","max-snippet":"max-snippet:-1","max-image-preview":"max-image-preview:large","max-video-preview":"max-video-preview:-1"},"canonical":"https:\/\/darkamazi.info\/archives\/1049687","og_locale":"en_US","og_type":"article","og_title":"Ji xwe Apo gotiye!!! - Darka Maz\u00ee","og_description":"B\u00fbb\u00ea Eser Piraniya siyasetmedar \u00fb welatpar\u00eaz\u00ean Kurd h\u00ea j\u00ee Evdila nasnekirine \u00fb kes\u00ean li ort\u00ea j\u00ee mane, h\u00eav\u00ee dikin ku w\u00ea rojek\u00ea Evdila Kurdistan\u00ea azad bike. L\u00ea nay\u00ea b\u00eera wan ku w\u00ee negotiye ez \u00ea Kurdistan\u00ea azad bikim. Tim gotiye ku ez \u00ea Kurdistan\u00ea \u201dxelas\u201d bikim. Azadkirin \u00fb xelaskirin du ti\u015ft\u00ean dijber\u00ea hev in. Yan\u00ee [&hellip;]","og_url":"https:\/\/darkamazi.info\/archives\/1049687","og_site_name":"Darka Maz\u00ee","article_publisher":"https:\/\/www.facebook.com\/DarMaziKurmanci","article_published_time":"2025-09-02T13:44:13+00:00","og_image":[{"width":900,"height":497,"url":"https:\/\/darkamazi.info\/file\/2025\/07\/Bube-eser-1-1.jpg","type":"image\/jpeg"}],"author":"darka mazi","twitter_card":"summary_large_image","twitter_creator":"@DarkaMaziLatini","twitter_site":"@DarkaMaziLatini","twitter_misc":{"Written by":"darka mazi","Est. reading time":"5 minutes"},"schema":{"@context":"https:\/\/schema.org","@graph":[{"@type":"Article","@id":"https:\/\/darkamazi.info\/archives\/1049687#article","isPartOf":{"@id":"https:\/\/darkamazi.info\/archives\/1049687"},"author":{"name":"darka mazi","@id":"https:\/\/darkamazi.info\/#\/schema\/person\/5ad3e24553a0567993fa8ed4bd0a776c"},"headline":"Ji xwe Apo gotiye!!!","datePublished":"2025-09-02T13:44:13+00:00","mainEntityOfPage":{"@id":"https:\/\/darkamazi.info\/archives\/1049687"},"wordCount":973,"publisher":{"@id":"https:\/\/darkamazi.info\/#organization"},"image":{"@id":"https:\/\/darkamazi.info\/archives\/1049687#primaryimage"},"thumbnailUrl":"https:\/\/darkamazi.info\/file\/2025\/07\/Bube-eser-1-1.jpg","keywords":["sereke"],"articleSection":["Ner\u00een"],"inLanguage":"en-US"},{"@type":"WebPage","@id":"https:\/\/darkamazi.info\/archives\/1049687","url":"https:\/\/darkamazi.info\/archives\/1049687","name":"Ji xwe Apo gotiye!!! - Darka Maz\u00ee","isPartOf":{"@id":"https:\/\/darkamazi.info\/#website"},"primaryImageOfPage":{"@id":"https:\/\/darkamazi.info\/archives\/1049687#primaryimage"},"image":{"@id":"https:\/\/darkamazi.info\/archives\/1049687#primaryimage"},"thumbnailUrl":"https:\/\/darkamazi.info\/file\/2025\/07\/Bube-eser-1-1.jpg","datePublished":"2025-09-02T13:44:13+00:00","breadcrumb":{"@id":"https:\/\/darkamazi.info\/archives\/1049687#breadcrumb"},"inLanguage":"en-US","potentialAction":[{"@type":"ReadAction","target":["https:\/\/darkamazi.info\/archives\/1049687"]}]},{"@type":"ImageObject","inLanguage":"en-US","@id":"https:\/\/darkamazi.info\/archives\/1049687#primaryimage","url":"https:\/\/darkamazi.info\/file\/2025\/07\/Bube-eser-1-1.jpg","contentUrl":"https:\/\/darkamazi.info\/file\/2025\/07\/Bube-eser-1-1.jpg","width":900,"height":497,"caption":"\u00c7ekdan\u00eena PKK \u00fb \u00c7\u00eeroka \u00ea gund\u00ee"},{"@type":"BreadcrumbList","@id":"https:\/\/darkamazi.info\/archives\/1049687#breadcrumb","itemListElement":[{"@type":"ListItem","position":1,"name":"Home","item":"https:\/\/darkamazi.info\/"},{"@type":"ListItem","position":2,"name":"Ji xwe Apo gotiye!!!"}]},{"@type":"WebSite","@id":"https:\/\/darkamazi.info\/#website","url":"https:\/\/darkamazi.info\/","name":"Darka Maz\u00ee","description":"P\u00eageha Zanyariy\u00ean Nebih\u00eest\u00ee","publisher":{"@id":"https:\/\/darkamazi.info\/#organization"},"potentialAction":[{"@type":"SearchAction","target":{"@type":"EntryPoint","urlTemplate":"https:\/\/darkamazi.info\/?s={search_term_string}"},"query-input":{"@type":"PropertyValueSpecification","valueRequired":true,"valueName":"search_term_string"}}],"inLanguage":"en-US"},{"@type":"Organization","@id":"https:\/\/darkamazi.info\/#organization","name":"Darka Maz\u00ee","url":"https:\/\/darkamazi.info\/","logo":{"@type":"ImageObject","inLanguage":"en-US","@id":"https:\/\/darkamazi.info\/#\/schema\/logo\/image\/","url":"https:\/\/darkamazi.info\/file\/2017\/12\/darka-mazi-logo.png","contentUrl":"https:\/\/darkamazi.info\/file\/2017\/12\/darka-mazi-logo.png","width":151,"height":75,"caption":"Darka Maz\u00ee"},"image":{"@id":"https:\/\/darkamazi.info\/#\/schema\/logo\/image\/"},"sameAs":["https:\/\/www.facebook.com\/DarMaziKurmanci","https:\/\/x.com\/DarkaMaziLatini","https:\/\/www.instagram.com\/darkamazi.kurmanci\/","https:\/\/www.youtube.com\/channel\/UCa5HkTdmI8U1qCUFuTw8B2g"]},{"@type":"Person","@id":"https:\/\/darkamazi.info\/#\/schema\/person\/5ad3e24553a0567993fa8ed4bd0a776c","name":"darka mazi","sameAs":["https:\/\/darkamazi.info\/"],"url":"https:\/\/darkamazi.info\/archives\/author\/kurdi"}]}},"_links":{"self":[{"href":"https:\/\/darkamazi.info\/funavuv\/wp\/v2\/posts\/1049687","targetHints":{"allow":["GET"]}}],"collection":[{"href":"https:\/\/darkamazi.info\/funavuv\/wp\/v2\/posts"}],"about":[{"href":"https:\/\/darkamazi.info\/funavuv\/wp\/v2\/types\/post"}],"author":[{"embeddable":true,"href":"https:\/\/darkamazi.info\/funavuv\/wp\/v2\/users\/2"}],"replies":[{"embeddable":true,"href":"https:\/\/darkamazi.info\/funavuv\/wp\/v2\/comments?post=1049687"}],"version-history":[{"count":0,"href":"https:\/\/darkamazi.info\/funavuv\/wp\/v2\/posts\/1049687\/revisions"}],"wp:featuredmedia":[{"embeddable":true,"href":"https:\/\/darkamazi.info\/funavuv\/wp\/v2\/media\/1049080"}],"wp:attachment":[{"href":"https:\/\/darkamazi.info\/funavuv\/wp\/v2\/media?parent=1049687"}],"wp:term":[{"taxonomy":"category","embeddable":true,"href":"https:\/\/darkamazi.info\/funavuv\/wp\/v2\/categories?post=1049687"},{"taxonomy":"post_tag","embeddable":true,"href":"https:\/\/darkamazi.info\/funavuv\/wp\/v2\/tags?post=1049687"}],"curies":[{"name":"wp","href":"https:\/\/api.w.org\/{rel}","templated":true}]}}