{"id":1049696,"date":"2025-09-02T19:48:52","date_gmt":"2025-09-02T16:48:52","guid":{"rendered":"https:\/\/darkamazi.info\/?p=1049696"},"modified":"2025-09-02T19:48:52","modified_gmt":"2025-09-02T16:48:52","slug":"feysel-yusif-dive-diyalogeke-nistimani-li-suriye-were-lidarxistin","status":"publish","type":"post","link":"https:\/\/darkamazi.info\/archives\/1049696","title":{"rendered":"Feysel Y\u00fbsif: Div\u00ea diyalogeke ni\u015ft\u00eeman\u00ee li S\u00fbriy\u00ea were lidarxistin"},"content":{"rendered":"<h3 style=\"text-align: justify\"><span style=\"font-family: 'arial black', sans-serif\">Berdevk\u00ea Enc\u00fbmena Ni\u015ft\u00eeman\u00ee ya Kurd\u00ee da zan\u00een ku div\u00ea diyalogeke ni\u015ft\u00eeman\u00ee were lidarxistin \u00fb hem\u00fb p\u00eakhate di p\u00ea\u015feroja S\u00fbriy\u00ea de li gor dest\u00fbreke n\u00fb be\u015fdar bin.<\/span><\/h3>\n<h3 style=\"text-align: justify\">Feysel Y\u00fbsif ev yek li ser tora civak\u00ee \u201dFacebook\u201d ragihand \u00fb got: &#8220;Pi\u015ft\u00ee \u00e7end mehan ji ragihandina dest\u00fbr\u00ee ya demk\u00ee li S\u00fbriy\u00ea, div\u00ea diyalogeke ni\u015ft\u00eeman\u00ee ya gi\u015ftgir were lidarxistin&#8221;.<\/h3>\n<h3 style=\"text-align: justify\">Y\u00fbsif diyar kir ku div\u00ea r\u00fbpelek n\u00fb li S\u00fbriy\u00ea were vekirin \u00fb dest\u00fbrek were dan\u00een ji bo avakirina welatek\u00ee ku hem\u00fb p\u00eakhateyan li xwe digre.<\/h3>\n<h3 style=\"text-align: justify\">Feysel Y\u00fbsif serbar kir ku maf\u00ean ni\u015ft\u00eeman\u00ee h\u00eala sor e \u00fb gerantor\u00ea tekane ye ji bo p\u00ea\u015ferojeke dadmend \u00fb wekhev li S\u00fbriy\u00ea.<\/h3>\n","protected":false},"excerpt":{"rendered":"<p>Berdevk\u00ea Enc\u00fbmena Ni\u015ft\u00eeman\u00ee ya Kurd\u00ee da zan\u00een ku div\u00ea diyalogeke ni\u015ft\u00eeman\u00ee were lidarxistin \u00fb hem\u00fb p\u00eakhate di p\u00ea\u015feroja S\u00fbriy\u00ea de li gor dest\u00fbreke n\u00fb be\u015fdar bin. Feysel Y\u00fbsif ev yek li ser tora civak\u00ee \u201dFacebook\u201d ragihand \u00fb got: &#8220;Pi\u015ft\u00ee \u00e7end mehan ji ragihandina dest\u00fbr\u00ee ya demk\u00ee li S\u00fbriy\u00ea, div\u00ea diyalogeke ni\u015ft\u00eeman\u00ee ya gi\u015ftgir were lidarxistin&#8221;. [&hellip;]<\/p>\n","protected":false},"author":2,"featured_media":1049697,"comment_status":"closed","ping_status":"closed","sticky":false,"template":"","format":"standard","meta":{"footnotes":""},"categories":[31],"tags":[37],"class_list":["post-1049696","post","type-post","status-publish","format-standard","has-post-thumbnail","hentry","category-rojhelata-navin","tag-sereke"],"blocksy_meta":[],"seo_head":"<!-- This site is optimized with the Yoast SEO plugin v27.5 - https:\/\/yoast.com\/product\/yoast-seo-wordpress\/ -->\n<title>Feysel Y\u00fbsif: Div\u00ea diyalogeke ni\u015ft\u00eeman\u00ee li S\u00fbriy\u00ea were lidarxistin - Darka Maz\u00ee<\/title>\n<meta name=\"robots\" content=\"index, follow, max-snippet:-1, max-image-preview:large, max-video-preview:-1\" \/>\n<link rel=\"canonical\" href=\"https:\/\/darkamazi.info\/archives\/1049696\" \/>\n<meta property=\"og:locale\" content=\"en_US\" \/>\n<meta property=\"og:type\" content=\"article\" \/>\n<meta property=\"og:title\" content=\"Feysel Y\u00fbsif: Div\u00ea diyalogeke ni\u015ft\u00eeman\u00ee li S\u00fbriy\u00ea were lidarxistin - Darka Maz\u00ee\" \/>\n<meta property=\"og:description\" content=\"Berdevk\u00ea Enc\u00fbmena Ni\u015ft\u00eeman\u00ee ya Kurd\u00ee da zan\u00een ku div\u00ea diyalogeke ni\u015ft\u00eeman\u00ee were lidarxistin \u00fb hem\u00fb p\u00eakhate di p\u00ea\u015feroja S\u00fbriy\u00ea de li gor dest\u00fbreke n\u00fb be\u015fdar bin. Feysel Y\u00fbsif ev yek li ser tora civak\u00ee \u201dFacebook\u201d ragihand \u00fb got: &#8220;Pi\u015ft\u00ee \u00e7end mehan ji ragihandina dest\u00fbr\u00ee ya demk\u00ee li S\u00fbriy\u00ea, div\u00ea diyalogeke ni\u015ft\u00eeman\u00ee ya gi\u015ftgir were lidarxistin&#8221;. [&hellip;]\" \/>\n<meta property=\"og:url\" content=\"https:\/\/darkamazi.info\/archives\/1049696\" \/>\n<meta property=\"og:site_name\" content=\"Darka Maz\u00ee\" \/>\n<meta property=\"article:publisher\" content=\"https:\/\/www.facebook.com\/DarMaziKurmanci\" \/>\n<meta property=\"article:published_time\" content=\"2025-09-02T16:48:52+00:00\" \/>\n<meta property=\"og:image\" content=\"https:\/\/darkamazi.info\/file\/2025\/09\/feysel-yusif.jpg\" \/>\n\t<meta property=\"og:image:width\" content=\"900\" \/>\n\t<meta property=\"og:image:height\" content=\"497\" \/>\n\t<meta property=\"og:image:type\" content=\"image\/jpeg\" \/>\n<meta name=\"author\" content=\"darka mazi\" \/>\n<meta name=\"twitter:card\" content=\"summary_large_image\" \/>\n<meta name=\"twitter:creator\" content=\"@DarkaMaziLatini\" \/>\n<meta name=\"twitter:site\" content=\"@DarkaMaziLatini\" \/>\n<meta name=\"twitter:label1\" content=\"Written by\" \/>\n\t<meta name=\"twitter:data1\" content=\"darka mazi\" \/>\n\t<meta name=\"twitter:label2\" content=\"Est. reading time\" \/>\n\t<meta name=\"twitter:data2\" content=\"1 minute\" \/>\n<script type=\"application\/ld+json\" class=\"seo-schema-graph\">{\"@context\":\"https:\\\/\\\/schema.org\",\"@graph\":[{\"@type\":\"Article\",\"@id\":\"https:\\\/\\\/darkamazi.info\\\/archives\\\/1049696#article\",\"isPartOf\":{\"@id\":\"https:\\\/\\\/darkamazi.info\\\/archives\\\/1049696\"},\"author\":{\"name\":\"darka mazi\",\"@id\":\"https:\\\/\\\/darkamazi.info\\\/#\\\/schema\\\/person\\\/5ad3e24553a0567993fa8ed4bd0a776c\"},\"headline\":\"Feysel Y\u00fbsif: Div\u00ea diyalogeke ni\u015ft\u00eeman\u00ee li S\u00fbriy\u00ea were lidarxistin\",\"datePublished\":\"2025-09-02T16:48:52+00:00\",\"mainEntityOfPage\":{\"@id\":\"https:\\\/\\\/darkamazi.info\\\/archives\\\/1049696\"},\"wordCount\":141,\"publisher\":{\"@id\":\"https:\\\/\\\/darkamazi.info\\\/#organization\"},\"image\":{\"@id\":\"https:\\\/\\\/darkamazi.info\\\/archives\\\/1049696#primaryimage\"},\"thumbnailUrl\":\"https:\\\/\\\/darkamazi.info\\\/darka-content\\\/uploads\\\/2025\\\/09\\\/feysel-yusif.jpg\",\"keywords\":[\"sereke\"],\"articleSection\":[\"Rojhelata nav\u00een\"],\"inLanguage\":\"en-US\"},{\"@type\":\"WebPage\",\"@id\":\"https:\\\/\\\/darkamazi.info\\\/archives\\\/1049696\",\"url\":\"https:\\\/\\\/darkamazi.info\\\/archives\\\/1049696\",\"name\":\"Feysel Y\u00fbsif: Div\u00ea diyalogeke ni\u015ft\u00eeman\u00ee li S\u00fbriy\u00ea were lidarxistin - Darka Maz\u00ee\",\"isPartOf\":{\"@id\":\"https:\\\/\\\/darkamazi.info\\\/#website\"},\"primaryImageOfPage\":{\"@id\":\"https:\\\/\\\/darkamazi.info\\\/archives\\\/1049696#primaryimage\"},\"image\":{\"@id\":\"https:\\\/\\\/darkamazi.info\\\/archives\\\/1049696#primaryimage\"},\"thumbnailUrl\":\"https:\\\/\\\/darkamazi.info\\\/darka-content\\\/uploads\\\/2025\\\/09\\\/feysel-yusif.jpg\",\"datePublished\":\"2025-09-02T16:48:52+00:00\",\"breadcrumb\":{\"@id\":\"https:\\\/\\\/darkamazi.info\\\/archives\\\/1049696#breadcrumb\"},\"inLanguage\":\"en-US\",\"potentialAction\":[{\"@type\":\"ReadAction\",\"target\":[\"https:\\\/\\\/darkamazi.info\\\/archives\\\/1049696\"]}]},{\"@type\":\"ImageObject\",\"inLanguage\":\"en-US\",\"@id\":\"https:\\\/\\\/darkamazi.info\\\/archives\\\/1049696#primaryimage\",\"url\":\"https:\\\/\\\/darkamazi.info\\\/darka-content\\\/uploads\\\/2025\\\/09\\\/feysel-yusif.jpg\",\"contentUrl\":\"https:\\\/\\\/darkamazi.info\\\/darka-content\\\/uploads\\\/2025\\\/09\\\/feysel-yusif.jpg\",\"width\":900,\"height\":497,\"caption\":\"Feysel Y\u00fbsif: Div\u00ea diyalogeke ni\u015ft\u00eeman\u00ee li S\u00fbriy\u00ea were lidarxistin\"},{\"@type\":\"BreadcrumbList\",\"@id\":\"https:\\\/\\\/darkamazi.info\\\/archives\\\/1049696#breadcrumb\",\"itemListElement\":[{\"@type\":\"ListItem\",\"position\":1,\"name\":\"Home\",\"item\":\"https:\\\/\\\/darkamazi.info\\\/\"},{\"@type\":\"ListItem\",\"position\":2,\"name\":\"Feysel Y\u00fbsif: Div\u00ea diyalogeke ni\u015ft\u00eeman\u00ee li S\u00fbriy\u00ea were lidarxistin\"}]},{\"@type\":\"WebSite\",\"@id\":\"https:\\\/\\\/darkamazi.info\\\/#website\",\"url\":\"https:\\\/\\\/darkamazi.info\\\/\",\"name\":\"Darka Maz\u00ee\",\"description\":\"P\u00eageha Zanyariy\u00ean Nebih\u00eest\u00ee\",\"publisher\":{\"@id\":\"https:\\\/\\\/darkamazi.info\\\/#organization\"},\"potentialAction\":[{\"@type\":\"SearchAction\",\"target\":{\"@type\":\"EntryPoint\",\"urlTemplate\":\"https:\\\/\\\/darkamazi.info\\\/?s={search_term_string}\"},\"query-input\":{\"@type\":\"PropertyValueSpecification\",\"valueRequired\":true,\"valueName\":\"search_term_string\"}}],\"inLanguage\":\"en-US\"},{\"@type\":\"Organization\",\"@id\":\"https:\\\/\\\/darkamazi.info\\\/#organization\",\"name\":\"Darka Maz\u00ee\",\"url\":\"https:\\\/\\\/darkamazi.info\\\/\",\"logo\":{\"@type\":\"ImageObject\",\"inLanguage\":\"en-US\",\"@id\":\"https:\\\/\\\/darkamazi.info\\\/#\\\/schema\\\/logo\\\/image\\\/\",\"url\":\"https:\\\/\\\/darkamazi.info\\\/darka-content\\\/uploads\\\/2017\\\/12\\\/darka-mazi-logo.png\",\"contentUrl\":\"https:\\\/\\\/darkamazi.info\\\/darka-content\\\/uploads\\\/2017\\\/12\\\/darka-mazi-logo.png\",\"width\":151,\"height\":75,\"caption\":\"Darka Maz\u00ee\"},\"image\":{\"@id\":\"https:\\\/\\\/darkamazi.info\\\/#\\\/schema\\\/logo\\\/image\\\/\"},\"sameAs\":[\"https:\\\/\\\/www.facebook.com\\\/DarMaziKurmanci\",\"https:\\\/\\\/x.com\\\/DarkaMaziLatini\",\"https:\\\/\\\/www.instagram.com\\\/darkamazi.kurmanci\\\/\",\"https:\\\/\\\/www.youtube.com\\\/channel\\\/UCa5HkTdmI8U1qCUFuTw8B2g\"]},{\"@type\":\"Person\",\"@id\":\"https:\\\/\\\/darkamazi.info\\\/#\\\/schema\\\/person\\\/5ad3e24553a0567993fa8ed4bd0a776c\",\"name\":\"darka mazi\",\"sameAs\":[\"https:\\\/\\\/darkamazi.info\\\/\"],\"url\":\"https:\\\/\\\/darkamazi.info\\\/archives\\\/author\\\/kurdi\"}]}<\/script>\n<!-- \/ Yoast SEO plugin. -->","seo_head_json":{"title":"Feysel Y\u00fbsif: Div\u00ea diyalogeke ni\u015ft\u00eeman\u00ee li S\u00fbriy\u00ea were lidarxistin - Darka Maz\u00ee","robots":{"index":"index","follow":"follow","max-snippet":"max-snippet:-1","max-image-preview":"max-image-preview:large","max-video-preview":"max-video-preview:-1"},"canonical":"https:\/\/darkamazi.info\/archives\/1049696","og_locale":"en_US","og_type":"article","og_title":"Feysel Y\u00fbsif: Div\u00ea diyalogeke ni\u015ft\u00eeman\u00ee li S\u00fbriy\u00ea were lidarxistin - Darka Maz\u00ee","og_description":"Berdevk\u00ea Enc\u00fbmena Ni\u015ft\u00eeman\u00ee ya Kurd\u00ee da zan\u00een ku div\u00ea diyalogeke ni\u015ft\u00eeman\u00ee were lidarxistin \u00fb hem\u00fb p\u00eakhate di p\u00ea\u015feroja S\u00fbriy\u00ea de li gor dest\u00fbreke n\u00fb be\u015fdar bin. Feysel Y\u00fbsif ev yek li ser tora civak\u00ee \u201dFacebook\u201d ragihand \u00fb got: &#8220;Pi\u015ft\u00ee \u00e7end mehan ji ragihandina dest\u00fbr\u00ee ya demk\u00ee li S\u00fbriy\u00ea, div\u00ea diyalogeke ni\u015ft\u00eeman\u00ee ya gi\u015ftgir were lidarxistin&#8221;. [&hellip;]","og_url":"https:\/\/darkamazi.info\/archives\/1049696","og_site_name":"Darka Maz\u00ee","article_publisher":"https:\/\/www.facebook.com\/DarMaziKurmanci","article_published_time":"2025-09-02T16:48:52+00:00","og_image":[{"width":900,"height":497,"url":"https:\/\/darkamazi.info\/file\/2025\/09\/feysel-yusif.jpg","type":"image\/jpeg"}],"author":"darka mazi","twitter_card":"summary_large_image","twitter_creator":"@DarkaMaziLatini","twitter_site":"@DarkaMaziLatini","twitter_misc":{"Written by":"darka mazi","Est. reading time":"1 minute"},"schema":{"@context":"https:\/\/schema.org","@graph":[{"@type":"Article","@id":"https:\/\/darkamazi.info\/archives\/1049696#article","isPartOf":{"@id":"https:\/\/darkamazi.info\/archives\/1049696"},"author":{"name":"darka mazi","@id":"https:\/\/darkamazi.info\/#\/schema\/person\/5ad3e24553a0567993fa8ed4bd0a776c"},"headline":"Feysel Y\u00fbsif: Div\u00ea diyalogeke ni\u015ft\u00eeman\u00ee li S\u00fbriy\u00ea were lidarxistin","datePublished":"2025-09-02T16:48:52+00:00","mainEntityOfPage":{"@id":"https:\/\/darkamazi.info\/archives\/1049696"},"wordCount":141,"publisher":{"@id":"https:\/\/darkamazi.info\/#organization"},"image":{"@id":"https:\/\/darkamazi.info\/archives\/1049696#primaryimage"},"thumbnailUrl":"https:\/\/darkamazi.info\/file\/2025\/09\/feysel-yusif.jpg","keywords":["sereke"],"articleSection":["Rojhelata nav\u00een"],"inLanguage":"en-US"},{"@type":"WebPage","@id":"https:\/\/darkamazi.info\/archives\/1049696","url":"https:\/\/darkamazi.info\/archives\/1049696","name":"Feysel Y\u00fbsif: Div\u00ea diyalogeke ni\u015ft\u00eeman\u00ee li S\u00fbriy\u00ea were lidarxistin - Darka Maz\u00ee","isPartOf":{"@id":"https:\/\/darkamazi.info\/#website"},"primaryImageOfPage":{"@id":"https:\/\/darkamazi.info\/archives\/1049696#primaryimage"},"image":{"@id":"https:\/\/darkamazi.info\/archives\/1049696#primaryimage"},"thumbnailUrl":"https:\/\/darkamazi.info\/file\/2025\/09\/feysel-yusif.jpg","datePublished":"2025-09-02T16:48:52+00:00","breadcrumb":{"@id":"https:\/\/darkamazi.info\/archives\/1049696#breadcrumb"},"inLanguage":"en-US","potentialAction":[{"@type":"ReadAction","target":["https:\/\/darkamazi.info\/archives\/1049696"]}]},{"@type":"ImageObject","inLanguage":"en-US","@id":"https:\/\/darkamazi.info\/archives\/1049696#primaryimage","url":"https:\/\/darkamazi.info\/file\/2025\/09\/feysel-yusif.jpg","contentUrl":"https:\/\/darkamazi.info\/file\/2025\/09\/feysel-yusif.jpg","width":900,"height":497,"caption":"Feysel Y\u00fbsif: Div\u00ea diyalogeke ni\u015ft\u00eeman\u00ee li S\u00fbriy\u00ea were lidarxistin"},{"@type":"BreadcrumbList","@id":"https:\/\/darkamazi.info\/archives\/1049696#breadcrumb","itemListElement":[{"@type":"ListItem","position":1,"name":"Home","item":"https:\/\/darkamazi.info\/"},{"@type":"ListItem","position":2,"name":"Feysel Y\u00fbsif: Div\u00ea diyalogeke ni\u015ft\u00eeman\u00ee li S\u00fbriy\u00ea were lidarxistin"}]},{"@type":"WebSite","@id":"https:\/\/darkamazi.info\/#website","url":"https:\/\/darkamazi.info\/","name":"Darka Maz\u00ee","description":"P\u00eageha Zanyariy\u00ean Nebih\u00eest\u00ee","publisher":{"@id":"https:\/\/darkamazi.info\/#organization"},"potentialAction":[{"@type":"SearchAction","target":{"@type":"EntryPoint","urlTemplate":"https:\/\/darkamazi.info\/?s={search_term_string}"},"query-input":{"@type":"PropertyValueSpecification","valueRequired":true,"valueName":"search_term_string"}}],"inLanguage":"en-US"},{"@type":"Organization","@id":"https:\/\/darkamazi.info\/#organization","name":"Darka Maz\u00ee","url":"https:\/\/darkamazi.info\/","logo":{"@type":"ImageObject","inLanguage":"en-US","@id":"https:\/\/darkamazi.info\/#\/schema\/logo\/image\/","url":"https:\/\/darkamazi.info\/file\/2017\/12\/darka-mazi-logo.png","contentUrl":"https:\/\/darkamazi.info\/file\/2017\/12\/darka-mazi-logo.png","width":151,"height":75,"caption":"Darka Maz\u00ee"},"image":{"@id":"https:\/\/darkamazi.info\/#\/schema\/logo\/image\/"},"sameAs":["https:\/\/www.facebook.com\/DarMaziKurmanci","https:\/\/x.com\/DarkaMaziLatini","https:\/\/www.instagram.com\/darkamazi.kurmanci\/","https:\/\/www.youtube.com\/channel\/UCa5HkTdmI8U1qCUFuTw8B2g"]},{"@type":"Person","@id":"https:\/\/darkamazi.info\/#\/schema\/person\/5ad3e24553a0567993fa8ed4bd0a776c","name":"darka mazi","sameAs":["https:\/\/darkamazi.info\/"],"url":"https:\/\/darkamazi.info\/archives\/author\/kurdi"}]}},"_links":{"self":[{"href":"https:\/\/darkamazi.info\/funavuv\/wp\/v2\/posts\/1049696","targetHints":{"allow":["GET"]}}],"collection":[{"href":"https:\/\/darkamazi.info\/funavuv\/wp\/v2\/posts"}],"about":[{"href":"https:\/\/darkamazi.info\/funavuv\/wp\/v2\/types\/post"}],"author":[{"embeddable":true,"href":"https:\/\/darkamazi.info\/funavuv\/wp\/v2\/users\/2"}],"replies":[{"embeddable":true,"href":"https:\/\/darkamazi.info\/funavuv\/wp\/v2\/comments?post=1049696"}],"version-history":[{"count":0,"href":"https:\/\/darkamazi.info\/funavuv\/wp\/v2\/posts\/1049696\/revisions"}],"wp:featuredmedia":[{"embeddable":true,"href":"https:\/\/darkamazi.info\/funavuv\/wp\/v2\/media\/1049697"}],"wp:attachment":[{"href":"https:\/\/darkamazi.info\/funavuv\/wp\/v2\/media?parent=1049696"}],"wp:term":[{"taxonomy":"category","embeddable":true,"href":"https:\/\/darkamazi.info\/funavuv\/wp\/v2\/categories?post=1049696"},{"taxonomy":"post_tag","embeddable":true,"href":"https:\/\/darkamazi.info\/funavuv\/wp\/v2\/tags?post=1049696"}],"curies":[{"name":"wp","href":"https:\/\/api.w.org\/{rel}","templated":true}]}}