{"id":1049713,"date":"2025-09-03T19:21:17","date_gmt":"2025-09-03T16:21:17","guid":{"rendered":"https:\/\/darkamazi.info\/?p=1049713"},"modified":"2025-09-03T19:21:17","modified_gmt":"2025-09-03T16:21:17","slug":"ceteyen-pkke-ciwanen-soresger-keceke-din-a-bicuk-revand","status":"publish","type":"post","link":"https:\/\/darkamazi.info\/archives\/1049713","title":{"rendered":"\u00c7etey\u00ean PKK\u2019\u00ea &#8220;Ciwan\u00ean \u015eore\u015fger&#8221; ke\u00e7eke din a bi\u00e7\u00fbk revand"},"content":{"rendered":"<h3 style=\"text-align: justify\"><span style=\"font-family: 'arial black', sans-serif\">Revandina zarokan li Rojavay\u00ea Kurdistan\u00ea \u00fb her\u00eam\u00ean di bin kontrola HSD\u2019\u00ea de berdewam dike \u00fb her\u00ee daw\u00ee \u00e7etey\u00ean PKK\u2019\u00ea &#8220;Ciwan\u00ean \u015fore\u015fger&#8221; ke\u00e7eke temen bi\u00e7\u00fbk li Kobaniy\u00ea revand \u00fb heyan\u00ee niha \u00e7areniv\u00eesa w\u00ea nediyar e.<\/span><\/h3>\n<h3 style=\"text-align: justify\">\u00c7avkaniy\u00ean Darka Maz\u00ee e\u015fkere kirin, \u00e7etey\u00ean PKK\u2019\u00ea y\u00ean bi nav\u00ea &#8220;Ciwan\u00ean \u015fore\u015fger&#8221;, di \u015feva 16-17\/8\/2025an de ke\u00e7eke temen bi\u00e7\u00fbk a bi nav\u00ea &#8220;Xezal Bekir N\u00eehad&#8221; ku jidayikb\u00fbya sala 2011ane \u00fb bi ten\u00ea 14 sal\u00ean temen\u00ea xwe derbas kirine revandiye.<\/h3>\n<h3 style=\"text-align: justify\">\u00c7avkaniy\u00ean Darka Maz\u00ee her wiha tekez kirin, Xezal ji \u015f\u00eaniy\u00ean gund\u00ea &#8220;Nor Al\u00ee&#8221; y\u00ea ser bi bajarok\u00ea Kobaniy\u00ea ye, ew ji e\u015f\u00eera K\u00eetkane \u00fb bav\u00ea Xezal\u00ea ber\u00ea yek ji endam\u00ean asay\u00ee\u015fa PYD\u2019\u00ea b\u00fb \u00fb di sala 2014an de li dema \u00ear\u00ee\u015fa DAI\u015e\u00ea bo ser Kobaniy\u00ea hatib\u00fb ku\u015ftin.<\/h3>\n<h3 style=\"text-align: justify\">Tev\u00ee ku HSD\u2019\u00ea di Hez\u00eerana 2019 de ligel Netew\u00ean Yekb\u00fby\u00ee planek ji bo bidaw\u00eekirin \u00fb qedexekirina tevl\u00eekirina zarokan di nava \u00e7ekdaran de \u00eemze kirib\u00fb. L\u00ea ji dema ku peyman hatiye \u00eemzekirin ve, rew\u015fa revandina zarokan bi daw\u00ee neb\u00fbye.<\/h3>\n","protected":false},"excerpt":{"rendered":"<p>Revandina zarokan li Rojavay\u00ea Kurdistan\u00ea \u00fb her\u00eam\u00ean di bin kontrola HSD\u2019\u00ea de berdewam dike \u00fb her\u00ee daw\u00ee \u00e7etey\u00ean PKK\u2019\u00ea &#8220;Ciwan\u00ean \u015fore\u015fger&#8221; ke\u00e7eke temen bi\u00e7\u00fbk li Kobaniy\u00ea revand \u00fb heyan\u00ee niha \u00e7areniv\u00eesa w\u00ea nediyar e. \u00c7avkaniy\u00ean Darka Maz\u00ee e\u015fkere kirin, \u00e7etey\u00ean PKK\u2019\u00ea y\u00ean bi nav\u00ea &#8220;Ciwan\u00ean \u015fore\u015fger&#8221;, di \u015feva 16-17\/8\/2025an de ke\u00e7eke temen bi\u00e7\u00fbk a bi [&hellip;]<\/p>\n","protected":false},"author":2,"featured_media":1049714,"comment_status":"closed","ping_status":"closed","sticky":false,"template":"","format":"standard","meta":{"footnotes":""},"categories":[29],"tags":[37],"class_list":["post-1049713","post","type-post","status-publish","format-standard","has-post-thumbnail","hentry","category-kurdistan","tag-sereke"],"blocksy_meta":[],"seo_head":"<!-- This site is optimized with the Yoast SEO plugin v27.5 - https:\/\/yoast.com\/product\/yoast-seo-wordpress\/ -->\n<title>\u00c7etey\u00ean PKK\u2019\u00ea &quot;Ciwan\u00ean \u015eore\u015fger&quot; ke\u00e7eke din a bi\u00e7\u00fbk revand - Darka Maz\u00ee<\/title>\n<meta name=\"robots\" content=\"index, follow, max-snippet:-1, max-image-preview:large, max-video-preview:-1\" \/>\n<link rel=\"canonical\" href=\"https:\/\/darkamazi.info\/archives\/1049713\" \/>\n<meta property=\"og:locale\" content=\"en_US\" \/>\n<meta property=\"og:type\" content=\"article\" \/>\n<meta property=\"og:title\" content=\"\u00c7etey\u00ean PKK\u2019\u00ea &quot;Ciwan\u00ean \u015eore\u015fger&quot; ke\u00e7eke din a bi\u00e7\u00fbk revand - Darka Maz\u00ee\" \/>\n<meta property=\"og:description\" content=\"Revandina zarokan li Rojavay\u00ea Kurdistan\u00ea \u00fb her\u00eam\u00ean di bin kontrola HSD\u2019\u00ea de berdewam dike \u00fb her\u00ee daw\u00ee \u00e7etey\u00ean PKK\u2019\u00ea &#8220;Ciwan\u00ean \u015fore\u015fger&#8221; ke\u00e7eke temen bi\u00e7\u00fbk li Kobaniy\u00ea revand \u00fb heyan\u00ee niha \u00e7areniv\u00eesa w\u00ea nediyar e. \u00c7avkaniy\u00ean Darka Maz\u00ee e\u015fkere kirin, \u00e7etey\u00ean PKK\u2019\u00ea y\u00ean bi nav\u00ea &#8220;Ciwan\u00ean \u015fore\u015fger&#8221;, di \u015feva 16-17\/8\/2025an de ke\u00e7eke temen bi\u00e7\u00fbk a bi [&hellip;]\" \/>\n<meta property=\"og:url\" content=\"https:\/\/darkamazi.info\/archives\/1049713\" \/>\n<meta property=\"og:site_name\" content=\"Darka Maz\u00ee\" \/>\n<meta property=\"article:publisher\" content=\"https:\/\/www.facebook.com\/DarMaziKurmanci\" \/>\n<meta property=\"article:published_time\" content=\"2025-09-03T16:21:17+00:00\" \/>\n<meta property=\"og:image\" content=\"https:\/\/darkamazi.info\/file\/2025\/09\/cowan-.jpg\" \/>\n\t<meta property=\"og:image:width\" content=\"900\" \/>\n\t<meta property=\"og:image:height\" content=\"475\" \/>\n\t<meta property=\"og:image:type\" content=\"image\/jpeg\" \/>\n<meta name=\"author\" content=\"darka mazi\" \/>\n<meta name=\"twitter:card\" content=\"summary_large_image\" \/>\n<meta name=\"twitter:creator\" content=\"@DarkaMaziLatini\" \/>\n<meta name=\"twitter:site\" content=\"@DarkaMaziLatini\" \/>\n<meta name=\"twitter:label1\" content=\"Written by\" \/>\n\t<meta name=\"twitter:data1\" content=\"darka mazi\" \/>\n\t<meta name=\"twitter:label2\" content=\"Est. reading time\" \/>\n\t<meta name=\"twitter:data2\" content=\"1 minute\" \/>\n<script type=\"application\/ld+json\" class=\"seo-schema-graph\">{\"@context\":\"https:\\\/\\\/schema.org\",\"@graph\":[{\"@type\":\"Article\",\"@id\":\"https:\\\/\\\/darkamazi.info\\\/archives\\\/1049713#article\",\"isPartOf\":{\"@id\":\"https:\\\/\\\/darkamazi.info\\\/archives\\\/1049713\"},\"author\":{\"name\":\"darka mazi\",\"@id\":\"https:\\\/\\\/darkamazi.info\\\/#\\\/schema\\\/person\\\/5ad3e24553a0567993fa8ed4bd0a776c\"},\"headline\":\"\u00c7etey\u00ean PKK\u2019\u00ea &#8220;Ciwan\u00ean \u015eore\u015fger&#8221; ke\u00e7eke din a bi\u00e7\u00fbk revand\",\"datePublished\":\"2025-09-03T16:21:17+00:00\",\"mainEntityOfPage\":{\"@id\":\"https:\\\/\\\/darkamazi.info\\\/archives\\\/1049713\"},\"wordCount\":198,\"publisher\":{\"@id\":\"https:\\\/\\\/darkamazi.info\\\/#organization\"},\"image\":{\"@id\":\"https:\\\/\\\/darkamazi.info\\\/archives\\\/1049713#primaryimage\"},\"thumbnailUrl\":\"https:\\\/\\\/darkamazi.info\\\/darka-content\\\/uploads\\\/2025\\\/09\\\/cowan-.jpg\",\"keywords\":[\"sereke\"],\"articleSection\":[\"Kurdistan\"],\"inLanguage\":\"en-US\"},{\"@type\":\"WebPage\",\"@id\":\"https:\\\/\\\/darkamazi.info\\\/archives\\\/1049713\",\"url\":\"https:\\\/\\\/darkamazi.info\\\/archives\\\/1049713\",\"name\":\"\u00c7etey\u00ean PKK\u2019\u00ea \\\"Ciwan\u00ean \u015eore\u015fger\\\" ke\u00e7eke din a bi\u00e7\u00fbk revand - Darka Maz\u00ee\",\"isPartOf\":{\"@id\":\"https:\\\/\\\/darkamazi.info\\\/#website\"},\"primaryImageOfPage\":{\"@id\":\"https:\\\/\\\/darkamazi.info\\\/archives\\\/1049713#primaryimage\"},\"image\":{\"@id\":\"https:\\\/\\\/darkamazi.info\\\/archives\\\/1049713#primaryimage\"},\"thumbnailUrl\":\"https:\\\/\\\/darkamazi.info\\\/darka-content\\\/uploads\\\/2025\\\/09\\\/cowan-.jpg\",\"datePublished\":\"2025-09-03T16:21:17+00:00\",\"breadcrumb\":{\"@id\":\"https:\\\/\\\/darkamazi.info\\\/archives\\\/1049713#breadcrumb\"},\"inLanguage\":\"en-US\",\"potentialAction\":[{\"@type\":\"ReadAction\",\"target\":[\"https:\\\/\\\/darkamazi.info\\\/archives\\\/1049713\"]}]},{\"@type\":\"ImageObject\",\"inLanguage\":\"en-US\",\"@id\":\"https:\\\/\\\/darkamazi.info\\\/archives\\\/1049713#primaryimage\",\"url\":\"https:\\\/\\\/darkamazi.info\\\/darka-content\\\/uploads\\\/2025\\\/09\\\/cowan-.jpg\",\"contentUrl\":\"https:\\\/\\\/darkamazi.info\\\/darka-content\\\/uploads\\\/2025\\\/09\\\/cowan-.jpg\",\"width\":900,\"height\":475,\"caption\":\"\u00c7etey\u00ean PKK\u2019\u00ea \\\"Ciwan\u00ean \u015eore\u015fger\\\" ke\u00e7eke din a bi\u00e7\u00fbk revand\"},{\"@type\":\"BreadcrumbList\",\"@id\":\"https:\\\/\\\/darkamazi.info\\\/archives\\\/1049713#breadcrumb\",\"itemListElement\":[{\"@type\":\"ListItem\",\"position\":1,\"name\":\"Home\",\"item\":\"https:\\\/\\\/darkamazi.info\\\/\"},{\"@type\":\"ListItem\",\"position\":2,\"name\":\"\u00c7etey\u00ean PKK\u2019\u00ea &#8220;Ciwan\u00ean \u015eore\u015fger&#8221; ke\u00e7eke din a bi\u00e7\u00fbk revand\"}]},{\"@type\":\"WebSite\",\"@id\":\"https:\\\/\\\/darkamazi.info\\\/#website\",\"url\":\"https:\\\/\\\/darkamazi.info\\\/\",\"name\":\"Darka Maz\u00ee\",\"description\":\"P\u00eageha Zanyariy\u00ean Nebih\u00eest\u00ee\",\"publisher\":{\"@id\":\"https:\\\/\\\/darkamazi.info\\\/#organization\"},\"potentialAction\":[{\"@type\":\"SearchAction\",\"target\":{\"@type\":\"EntryPoint\",\"urlTemplate\":\"https:\\\/\\\/darkamazi.info\\\/?s={search_term_string}\"},\"query-input\":{\"@type\":\"PropertyValueSpecification\",\"valueRequired\":true,\"valueName\":\"search_term_string\"}}],\"inLanguage\":\"en-US\"},{\"@type\":\"Organization\",\"@id\":\"https:\\\/\\\/darkamazi.info\\\/#organization\",\"name\":\"Darka Maz\u00ee\",\"url\":\"https:\\\/\\\/darkamazi.info\\\/\",\"logo\":{\"@type\":\"ImageObject\",\"inLanguage\":\"en-US\",\"@id\":\"https:\\\/\\\/darkamazi.info\\\/#\\\/schema\\\/logo\\\/image\\\/\",\"url\":\"https:\\\/\\\/darkamazi.info\\\/darka-content\\\/uploads\\\/2017\\\/12\\\/darka-mazi-logo.png\",\"contentUrl\":\"https:\\\/\\\/darkamazi.info\\\/darka-content\\\/uploads\\\/2017\\\/12\\\/darka-mazi-logo.png\",\"width\":151,\"height\":75,\"caption\":\"Darka Maz\u00ee\"},\"image\":{\"@id\":\"https:\\\/\\\/darkamazi.info\\\/#\\\/schema\\\/logo\\\/image\\\/\"},\"sameAs\":[\"https:\\\/\\\/www.facebook.com\\\/DarMaziKurmanci\",\"https:\\\/\\\/x.com\\\/DarkaMaziLatini\",\"https:\\\/\\\/www.instagram.com\\\/darkamazi.kurmanci\\\/\",\"https:\\\/\\\/www.youtube.com\\\/channel\\\/UCa5HkTdmI8U1qCUFuTw8B2g\"]},{\"@type\":\"Person\",\"@id\":\"https:\\\/\\\/darkamazi.info\\\/#\\\/schema\\\/person\\\/5ad3e24553a0567993fa8ed4bd0a776c\",\"name\":\"darka mazi\",\"sameAs\":[\"https:\\\/\\\/darkamazi.info\\\/\"],\"url\":\"https:\\\/\\\/darkamazi.info\\\/archives\\\/author\\\/kurdi\"}]}<\/script>\n<!-- \/ Yoast SEO plugin. -->","seo_head_json":{"title":"\u00c7etey\u00ean PKK\u2019\u00ea \"Ciwan\u00ean \u015eore\u015fger\" ke\u00e7eke din a bi\u00e7\u00fbk revand - Darka Maz\u00ee","robots":{"index":"index","follow":"follow","max-snippet":"max-snippet:-1","max-image-preview":"max-image-preview:large","max-video-preview":"max-video-preview:-1"},"canonical":"https:\/\/darkamazi.info\/archives\/1049713","og_locale":"en_US","og_type":"article","og_title":"\u00c7etey\u00ean PKK\u2019\u00ea \"Ciwan\u00ean \u015eore\u015fger\" ke\u00e7eke din a bi\u00e7\u00fbk revand - Darka Maz\u00ee","og_description":"Revandina zarokan li Rojavay\u00ea Kurdistan\u00ea \u00fb her\u00eam\u00ean di bin kontrola HSD\u2019\u00ea de berdewam dike \u00fb her\u00ee daw\u00ee \u00e7etey\u00ean PKK\u2019\u00ea &#8220;Ciwan\u00ean \u015fore\u015fger&#8221; ke\u00e7eke temen bi\u00e7\u00fbk li Kobaniy\u00ea revand \u00fb heyan\u00ee niha \u00e7areniv\u00eesa w\u00ea nediyar e. \u00c7avkaniy\u00ean Darka Maz\u00ee e\u015fkere kirin, \u00e7etey\u00ean PKK\u2019\u00ea y\u00ean bi nav\u00ea &#8220;Ciwan\u00ean \u015fore\u015fger&#8221;, di \u015feva 16-17\/8\/2025an de ke\u00e7eke temen bi\u00e7\u00fbk a bi [&hellip;]","og_url":"https:\/\/darkamazi.info\/archives\/1049713","og_site_name":"Darka Maz\u00ee","article_publisher":"https:\/\/www.facebook.com\/DarMaziKurmanci","article_published_time":"2025-09-03T16:21:17+00:00","og_image":[{"width":900,"height":475,"url":"https:\/\/darkamazi.info\/file\/2025\/09\/cowan-.jpg","type":"image\/jpeg"}],"author":"darka mazi","twitter_card":"summary_large_image","twitter_creator":"@DarkaMaziLatini","twitter_site":"@DarkaMaziLatini","twitter_misc":{"Written by":"darka mazi","Est. reading time":"1 minute"},"schema":{"@context":"https:\/\/schema.org","@graph":[{"@type":"Article","@id":"https:\/\/darkamazi.info\/archives\/1049713#article","isPartOf":{"@id":"https:\/\/darkamazi.info\/archives\/1049713"},"author":{"name":"darka mazi","@id":"https:\/\/darkamazi.info\/#\/schema\/person\/5ad3e24553a0567993fa8ed4bd0a776c"},"headline":"\u00c7etey\u00ean PKK\u2019\u00ea &#8220;Ciwan\u00ean \u015eore\u015fger&#8221; ke\u00e7eke din a bi\u00e7\u00fbk revand","datePublished":"2025-09-03T16:21:17+00:00","mainEntityOfPage":{"@id":"https:\/\/darkamazi.info\/archives\/1049713"},"wordCount":198,"publisher":{"@id":"https:\/\/darkamazi.info\/#organization"},"image":{"@id":"https:\/\/darkamazi.info\/archives\/1049713#primaryimage"},"thumbnailUrl":"https:\/\/darkamazi.info\/file\/2025\/09\/cowan-.jpg","keywords":["sereke"],"articleSection":["Kurdistan"],"inLanguage":"en-US"},{"@type":"WebPage","@id":"https:\/\/darkamazi.info\/archives\/1049713","url":"https:\/\/darkamazi.info\/archives\/1049713","name":"\u00c7etey\u00ean PKK\u2019\u00ea \"Ciwan\u00ean \u015eore\u015fger\" ke\u00e7eke din a bi\u00e7\u00fbk revand - Darka Maz\u00ee","isPartOf":{"@id":"https:\/\/darkamazi.info\/#website"},"primaryImageOfPage":{"@id":"https:\/\/darkamazi.info\/archives\/1049713#primaryimage"},"image":{"@id":"https:\/\/darkamazi.info\/archives\/1049713#primaryimage"},"thumbnailUrl":"https:\/\/darkamazi.info\/file\/2025\/09\/cowan-.jpg","datePublished":"2025-09-03T16:21:17+00:00","breadcrumb":{"@id":"https:\/\/darkamazi.info\/archives\/1049713#breadcrumb"},"inLanguage":"en-US","potentialAction":[{"@type":"ReadAction","target":["https:\/\/darkamazi.info\/archives\/1049713"]}]},{"@type":"ImageObject","inLanguage":"en-US","@id":"https:\/\/darkamazi.info\/archives\/1049713#primaryimage","url":"https:\/\/darkamazi.info\/file\/2025\/09\/cowan-.jpg","contentUrl":"https:\/\/darkamazi.info\/file\/2025\/09\/cowan-.jpg","width":900,"height":475,"caption":"\u00c7etey\u00ean PKK\u2019\u00ea \"Ciwan\u00ean \u015eore\u015fger\" ke\u00e7eke din a bi\u00e7\u00fbk revand"},{"@type":"BreadcrumbList","@id":"https:\/\/darkamazi.info\/archives\/1049713#breadcrumb","itemListElement":[{"@type":"ListItem","position":1,"name":"Home","item":"https:\/\/darkamazi.info\/"},{"@type":"ListItem","position":2,"name":"\u00c7etey\u00ean PKK\u2019\u00ea &#8220;Ciwan\u00ean \u015eore\u015fger&#8221; ke\u00e7eke din a bi\u00e7\u00fbk revand"}]},{"@type":"WebSite","@id":"https:\/\/darkamazi.info\/#website","url":"https:\/\/darkamazi.info\/","name":"Darka Maz\u00ee","description":"P\u00eageha Zanyariy\u00ean Nebih\u00eest\u00ee","publisher":{"@id":"https:\/\/darkamazi.info\/#organization"},"potentialAction":[{"@type":"SearchAction","target":{"@type":"EntryPoint","urlTemplate":"https:\/\/darkamazi.info\/?s={search_term_string}"},"query-input":{"@type":"PropertyValueSpecification","valueRequired":true,"valueName":"search_term_string"}}],"inLanguage":"en-US"},{"@type":"Organization","@id":"https:\/\/darkamazi.info\/#organization","name":"Darka Maz\u00ee","url":"https:\/\/darkamazi.info\/","logo":{"@type":"ImageObject","inLanguage":"en-US","@id":"https:\/\/darkamazi.info\/#\/schema\/logo\/image\/","url":"https:\/\/darkamazi.info\/file\/2017\/12\/darka-mazi-logo.png","contentUrl":"https:\/\/darkamazi.info\/file\/2017\/12\/darka-mazi-logo.png","width":151,"height":75,"caption":"Darka Maz\u00ee"},"image":{"@id":"https:\/\/darkamazi.info\/#\/schema\/logo\/image\/"},"sameAs":["https:\/\/www.facebook.com\/DarMaziKurmanci","https:\/\/x.com\/DarkaMaziLatini","https:\/\/www.instagram.com\/darkamazi.kurmanci\/","https:\/\/www.youtube.com\/channel\/UCa5HkTdmI8U1qCUFuTw8B2g"]},{"@type":"Person","@id":"https:\/\/darkamazi.info\/#\/schema\/person\/5ad3e24553a0567993fa8ed4bd0a776c","name":"darka mazi","sameAs":["https:\/\/darkamazi.info\/"],"url":"https:\/\/darkamazi.info\/archives\/author\/kurdi"}]}},"_links":{"self":[{"href":"https:\/\/darkamazi.info\/funavuv\/wp\/v2\/posts\/1049713","targetHints":{"allow":["GET"]}}],"collection":[{"href":"https:\/\/darkamazi.info\/funavuv\/wp\/v2\/posts"}],"about":[{"href":"https:\/\/darkamazi.info\/funavuv\/wp\/v2\/types\/post"}],"author":[{"embeddable":true,"href":"https:\/\/darkamazi.info\/funavuv\/wp\/v2\/users\/2"}],"replies":[{"embeddable":true,"href":"https:\/\/darkamazi.info\/funavuv\/wp\/v2\/comments?post=1049713"}],"version-history":[{"count":0,"href":"https:\/\/darkamazi.info\/funavuv\/wp\/v2\/posts\/1049713\/revisions"}],"wp:featuredmedia":[{"embeddable":true,"href":"https:\/\/darkamazi.info\/funavuv\/wp\/v2\/media\/1049714"}],"wp:attachment":[{"href":"https:\/\/darkamazi.info\/funavuv\/wp\/v2\/media?parent=1049713"}],"wp:term":[{"taxonomy":"category","embeddable":true,"href":"https:\/\/darkamazi.info\/funavuv\/wp\/v2\/categories?post=1049713"},{"taxonomy":"post_tag","embeddable":true,"href":"https:\/\/darkamazi.info\/funavuv\/wp\/v2\/tags?post=1049713"}],"curies":[{"name":"wp","href":"https:\/\/api.w.org\/{rel}","templated":true}]}}