{"id":1049722,"date":"2025-09-04T12:23:09","date_gmt":"2025-09-04T09:23:09","guid":{"rendered":"https:\/\/darkamazi.info\/?p=1049722"},"modified":"2025-09-04T12:23:09","modified_gmt":"2025-09-04T09:23:09","slug":"li-urmiyeye-58-kes-ji-ber-lixwekirina-cilen-kurdan-hatin-cezakirin","status":"publish","type":"post","link":"https:\/\/darkamazi.info\/archives\/1049722","title":{"rendered":"Li Urmiyey\u00ea 58 kes ji ber lixwekirina cil\u00ean Kurdan hatin cezakirin"},"content":{"rendered":"<h3 style=\"text-align: justify\"><span style=\"font-family: 'arial black', sans-serif\">Li bajar\u00ean Mehabad, Bokan, P\u00eeran\u015far \u00fb \u015einoy\u00ea y\u00ean Rojhilat\u00ea Kurdistan\u00ea 58 kes ji ber lixwekirina cil\u00ean Kurdan hatin cezakirin.<\/span><\/h3>\n<h3 style=\"text-align: justify\"><span style=\"font-family: arial, helvetica, sans-serif\">Dezgeha Dadweriy\u00ea ya Komara \u00ceslam\u00ee ya \u00ceran\u00ea bi hinceta lixwekirina cil\u00ean Kurdan 58 ceza kirin \u00fb li her yek\u00ee ji wan 3 meh cezay\u00ea girt\u00eegeh\u00ea hat bir\u00een.<\/span><\/h3>\n<h3 style=\"text-align: justify\"><span style=\"font-family: arial, helvetica, sans-serif\">R\u00eaxistina Maf\u00ean Mirovan a Hengaw\u00ea doh ragihand, \u201cEw 58 kes ji aliy\u00ea \u015faxa Dadgeha \u015eore\u015f\u00ea ya P\u00eeran\u015far\u00ea ve hatine cezakirin l\u00ea dikarin li \u015f\u00fbna ku bikevin girt\u00eegeh\u00ea, 24 m\u00eelyon tumenan bidin.\u201d<\/span><\/h3>\n<h3 style=\"text-align: justify\"><span style=\"font-family: arial, helvetica, sans-serif\">2y\u00ea Kan\u00fbna Pa\u015f\u00een a 2025an di dozeke hevbe\u015f de l\u00eapirs\u00een bi wan 58 kesan re hatib\u00fb kirin.<\/span><\/h3>\n<h3 style=\"text-align: justify\"><span style=\"font-family: arial, helvetica, sans-serif\">Li gor\u00ee agahiyan, ew kes pi\u015ft\u00ee ku li dawetek\u00ea li bajar\u00ea P\u00eeran\u015far\u00ea y\u00ea par\u00eazgeha Urmiyey\u00ea ya Rojhilat\u00ea Kurdistan\u00ea bi kom\u00ee bi cil \u00fb berg\u00ean Kurdan \u00fb cemendaneyan derketib\u00fbn, Dadgeha \u015eore\u015f\u00ea ya baj\u00ear gaz\u00ee wan kirib\u00fb.<\/span><\/h3>\n<h3 style=\"text-align: justify\"><span style=\"font-family: arial, helvetica, sans-serif\">Li gor\u00ee r\u00eaxistin\u00ean maf\u00ean mirovan \u00ean Rojhilat\u00ea Kurdistan\u00ea, Dozger\u00ea Gi\u015ft\u00ee y\u00ea P\u00eeran\u015far\u00ea Mucteba Mehm\u00fbd\u00ee ew kes bi tohmeta \u201cpropagandaya li dij\u00ee Komara \u00ceslam\u00ee ya \u00ceran\u00ea\u201d gaz\u00ee dadgeh\u00ea kirib\u00fbn.<\/span><\/h3>\n<h3 style=\"text-align: justify\"><span style=\"font-family: arial, helvetica, sans-serif\">Piraniya ciwan, kal \u00fb p\u00eer, jin \u00fb ke\u00e7an bi taybet\u00ee li Rojhilat\u00ea Kurdistan\u00ea cemedanan bi kar t\u00eenin, nemaze di \u015fahiyan de.<\/span><\/h3>\n<h3 style=\"text-align: justify\"><span style=\"font-family: arial, helvetica, sans-serif\">L\u00ea navend\u00ean ewlehiy\u00ea y\u00ean \u00ceran\u00ea gelek caran lixwekirina cemedanan a di \u015fahiyan de bi heb\u00fbna p\u00eawendiyan a bi partiy\u00ean Rojhilat\u00ea Kurdistan\u00ea ve gir\u00ea didin.<\/span><\/h3>\n","protected":false},"excerpt":{"rendered":"<p>Li bajar\u00ean Mehabad, Bokan, P\u00eeran\u015far \u00fb \u015einoy\u00ea y\u00ean Rojhilat\u00ea Kurdistan\u00ea 58 kes ji ber lixwekirina cil\u00ean Kurdan hatin cezakirin. Dezgeha Dadweriy\u00ea ya Komara \u00ceslam\u00ee ya \u00ceran\u00ea bi hinceta lixwekirina cil\u00ean Kurdan 58 ceza kirin \u00fb li her yek\u00ee ji wan 3 meh cezay\u00ea girt\u00eegeh\u00ea hat bir\u00een. R\u00eaxistina Maf\u00ean Mirovan a Hengaw\u00ea doh ragihand, \u201cEw 58 [&hellip;]<\/p>\n","protected":false},"author":2,"featured_media":1049723,"comment_status":"closed","ping_status":"closed","sticky":false,"template":"","format":"standard","meta":{"footnotes":""},"categories":[29],"tags":[37],"class_list":["post-1049722","post","type-post","status-publish","format-standard","has-post-thumbnail","hentry","category-kurdistan","tag-sereke"],"blocksy_meta":[],"seo_head":"<!-- This site is optimized with the Yoast SEO plugin v27.5 - https:\/\/yoast.com\/product\/yoast-seo-wordpress\/ -->\n<title>Li Urmiyey\u00ea 58 kes ji ber lixwekirina cil\u00ean Kurdan hatin cezakirin - Darka Maz\u00ee<\/title>\n<meta name=\"robots\" content=\"index, follow, max-snippet:-1, max-image-preview:large, max-video-preview:-1\" \/>\n<link rel=\"canonical\" href=\"https:\/\/darkamazi.info\/archives\/1049722\" \/>\n<meta property=\"og:locale\" content=\"en_US\" \/>\n<meta property=\"og:type\" content=\"article\" \/>\n<meta property=\"og:title\" content=\"Li Urmiyey\u00ea 58 kes ji ber lixwekirina cil\u00ean Kurdan hatin cezakirin - Darka Maz\u00ee\" \/>\n<meta property=\"og:description\" content=\"Li bajar\u00ean Mehabad, Bokan, P\u00eeran\u015far \u00fb \u015einoy\u00ea y\u00ean Rojhilat\u00ea Kurdistan\u00ea 58 kes ji ber lixwekirina cil\u00ean Kurdan hatin cezakirin. Dezgeha Dadweriy\u00ea ya Komara \u00ceslam\u00ee ya \u00ceran\u00ea bi hinceta lixwekirina cil\u00ean Kurdan 58 ceza kirin \u00fb li her yek\u00ee ji wan 3 meh cezay\u00ea girt\u00eegeh\u00ea hat bir\u00een. R\u00eaxistina Maf\u00ean Mirovan a Hengaw\u00ea doh ragihand, \u201cEw 58 [&hellip;]\" \/>\n<meta property=\"og:url\" content=\"https:\/\/darkamazi.info\/archives\/1049722\" \/>\n<meta property=\"og:site_name\" content=\"Darka Maz\u00ee\" \/>\n<meta property=\"article:publisher\" content=\"https:\/\/www.facebook.com\/DarMaziKurmanci\" \/>\n<meta property=\"article:published_time\" content=\"2025-09-04T09:23:09+00:00\" \/>\n<meta property=\"og:image\" content=\"https:\/\/darkamazi.info\/file\/2025\/09\/Kurd-Urmiye-info.jpg\" \/>\n\t<meta property=\"og:image:width\" content=\"900\" \/>\n\t<meta property=\"og:image:height\" content=\"500\" \/>\n\t<meta property=\"og:image:type\" content=\"image\/jpeg\" \/>\n<meta name=\"author\" content=\"darka mazi\" \/>\n<meta name=\"twitter:card\" content=\"summary_large_image\" \/>\n<meta name=\"twitter:creator\" content=\"@DarkaMaziLatini\" \/>\n<meta name=\"twitter:site\" content=\"@DarkaMaziLatini\" \/>\n<meta name=\"twitter:label1\" content=\"Written by\" \/>\n\t<meta name=\"twitter:data1\" content=\"darka mazi\" \/>\n\t<meta name=\"twitter:label2\" content=\"Est. reading time\" \/>\n\t<meta name=\"twitter:data2\" content=\"2 minutes\" \/>\n<script type=\"application\/ld+json\" class=\"seo-schema-graph\">{\"@context\":\"https:\\\/\\\/schema.org\",\"@graph\":[{\"@type\":\"Article\",\"@id\":\"https:\\\/\\\/darkamazi.info\\\/archives\\\/1049722#article\",\"isPartOf\":{\"@id\":\"https:\\\/\\\/darkamazi.info\\\/archives\\\/1049722\"},\"author\":{\"name\":\"darka mazi\",\"@id\":\"https:\\\/\\\/darkamazi.info\\\/#\\\/schema\\\/person\\\/5ad3e24553a0567993fa8ed4bd0a776c\"},\"headline\":\"Li Urmiyey\u00ea 58 kes ji ber lixwekirina cil\u00ean Kurdan hatin cezakirin\",\"datePublished\":\"2025-09-04T09:23:09+00:00\",\"mainEntityOfPage\":{\"@id\":\"https:\\\/\\\/darkamazi.info\\\/archives\\\/1049722\"},\"wordCount\":242,\"publisher\":{\"@id\":\"https:\\\/\\\/darkamazi.info\\\/#organization\"},\"image\":{\"@id\":\"https:\\\/\\\/darkamazi.info\\\/archives\\\/1049722#primaryimage\"},\"thumbnailUrl\":\"https:\\\/\\\/darkamazi.info\\\/darka-content\\\/uploads\\\/2025\\\/09\\\/Kurd-Urmiye-info.jpg\",\"keywords\":[\"sereke\"],\"articleSection\":[\"Kurdistan\"],\"inLanguage\":\"en-US\"},{\"@type\":\"WebPage\",\"@id\":\"https:\\\/\\\/darkamazi.info\\\/archives\\\/1049722\",\"url\":\"https:\\\/\\\/darkamazi.info\\\/archives\\\/1049722\",\"name\":\"Li Urmiyey\u00ea 58 kes ji ber lixwekirina cil\u00ean Kurdan hatin cezakirin - Darka Maz\u00ee\",\"isPartOf\":{\"@id\":\"https:\\\/\\\/darkamazi.info\\\/#website\"},\"primaryImageOfPage\":{\"@id\":\"https:\\\/\\\/darkamazi.info\\\/archives\\\/1049722#primaryimage\"},\"image\":{\"@id\":\"https:\\\/\\\/darkamazi.info\\\/archives\\\/1049722#primaryimage\"},\"thumbnailUrl\":\"https:\\\/\\\/darkamazi.info\\\/darka-content\\\/uploads\\\/2025\\\/09\\\/Kurd-Urmiye-info.jpg\",\"datePublished\":\"2025-09-04T09:23:09+00:00\",\"breadcrumb\":{\"@id\":\"https:\\\/\\\/darkamazi.info\\\/archives\\\/1049722#breadcrumb\"},\"inLanguage\":\"en-US\",\"potentialAction\":[{\"@type\":\"ReadAction\",\"target\":[\"https:\\\/\\\/darkamazi.info\\\/archives\\\/1049722\"]}]},{\"@type\":\"ImageObject\",\"inLanguage\":\"en-US\",\"@id\":\"https:\\\/\\\/darkamazi.info\\\/archives\\\/1049722#primaryimage\",\"url\":\"https:\\\/\\\/darkamazi.info\\\/darka-content\\\/uploads\\\/2025\\\/09\\\/Kurd-Urmiye-info.jpg\",\"contentUrl\":\"https:\\\/\\\/darkamazi.info\\\/darka-content\\\/uploads\\\/2025\\\/09\\\/Kurd-Urmiye-info.jpg\",\"width\":900,\"height\":500,\"caption\":\"Kurd-Urmiye-net\"},{\"@type\":\"BreadcrumbList\",\"@id\":\"https:\\\/\\\/darkamazi.info\\\/archives\\\/1049722#breadcrumb\",\"itemListElement\":[{\"@type\":\"ListItem\",\"position\":1,\"name\":\"Home\",\"item\":\"https:\\\/\\\/darkamazi.info\\\/\"},{\"@type\":\"ListItem\",\"position\":2,\"name\":\"Li Urmiyey\u00ea 58 kes ji ber lixwekirina cil\u00ean Kurdan hatin cezakirin\"}]},{\"@type\":\"WebSite\",\"@id\":\"https:\\\/\\\/darkamazi.info\\\/#website\",\"url\":\"https:\\\/\\\/darkamazi.info\\\/\",\"name\":\"Darka Maz\u00ee\",\"description\":\"P\u00eageha Zanyariy\u00ean Nebih\u00eest\u00ee\",\"publisher\":{\"@id\":\"https:\\\/\\\/darkamazi.info\\\/#organization\"},\"potentialAction\":[{\"@type\":\"SearchAction\",\"target\":{\"@type\":\"EntryPoint\",\"urlTemplate\":\"https:\\\/\\\/darkamazi.info\\\/?s={search_term_string}\"},\"query-input\":{\"@type\":\"PropertyValueSpecification\",\"valueRequired\":true,\"valueName\":\"search_term_string\"}}],\"inLanguage\":\"en-US\"},{\"@type\":\"Organization\",\"@id\":\"https:\\\/\\\/darkamazi.info\\\/#organization\",\"name\":\"Darka Maz\u00ee\",\"url\":\"https:\\\/\\\/darkamazi.info\\\/\",\"logo\":{\"@type\":\"ImageObject\",\"inLanguage\":\"en-US\",\"@id\":\"https:\\\/\\\/darkamazi.info\\\/#\\\/schema\\\/logo\\\/image\\\/\",\"url\":\"https:\\\/\\\/darkamazi.info\\\/darka-content\\\/uploads\\\/2017\\\/12\\\/darka-mazi-logo.png\",\"contentUrl\":\"https:\\\/\\\/darkamazi.info\\\/darka-content\\\/uploads\\\/2017\\\/12\\\/darka-mazi-logo.png\",\"width\":151,\"height\":75,\"caption\":\"Darka Maz\u00ee\"},\"image\":{\"@id\":\"https:\\\/\\\/darkamazi.info\\\/#\\\/schema\\\/logo\\\/image\\\/\"},\"sameAs\":[\"https:\\\/\\\/www.facebook.com\\\/DarMaziKurmanci\",\"https:\\\/\\\/x.com\\\/DarkaMaziLatini\",\"https:\\\/\\\/www.instagram.com\\\/darkamazi.kurmanci\\\/\",\"https:\\\/\\\/www.youtube.com\\\/channel\\\/UCa5HkTdmI8U1qCUFuTw8B2g\"]},{\"@type\":\"Person\",\"@id\":\"https:\\\/\\\/darkamazi.info\\\/#\\\/schema\\\/person\\\/5ad3e24553a0567993fa8ed4bd0a776c\",\"name\":\"darka mazi\",\"sameAs\":[\"https:\\\/\\\/darkamazi.info\\\/\"],\"url\":\"https:\\\/\\\/darkamazi.info\\\/archives\\\/author\\\/kurdi\"}]}<\/script>\n<!-- \/ Yoast SEO plugin. -->","seo_head_json":{"title":"Li Urmiyey\u00ea 58 kes ji ber lixwekirina cil\u00ean Kurdan hatin cezakirin - Darka Maz\u00ee","robots":{"index":"index","follow":"follow","max-snippet":"max-snippet:-1","max-image-preview":"max-image-preview:large","max-video-preview":"max-video-preview:-1"},"canonical":"https:\/\/darkamazi.info\/archives\/1049722","og_locale":"en_US","og_type":"article","og_title":"Li Urmiyey\u00ea 58 kes ji ber lixwekirina cil\u00ean Kurdan hatin cezakirin - Darka Maz\u00ee","og_description":"Li bajar\u00ean Mehabad, Bokan, P\u00eeran\u015far \u00fb \u015einoy\u00ea y\u00ean Rojhilat\u00ea Kurdistan\u00ea 58 kes ji ber lixwekirina cil\u00ean Kurdan hatin cezakirin. Dezgeha Dadweriy\u00ea ya Komara \u00ceslam\u00ee ya \u00ceran\u00ea bi hinceta lixwekirina cil\u00ean Kurdan 58 ceza kirin \u00fb li her yek\u00ee ji wan 3 meh cezay\u00ea girt\u00eegeh\u00ea hat bir\u00een. R\u00eaxistina Maf\u00ean Mirovan a Hengaw\u00ea doh ragihand, \u201cEw 58 [&hellip;]","og_url":"https:\/\/darkamazi.info\/archives\/1049722","og_site_name":"Darka Maz\u00ee","article_publisher":"https:\/\/www.facebook.com\/DarMaziKurmanci","article_published_time":"2025-09-04T09:23:09+00:00","og_image":[{"width":900,"height":500,"url":"https:\/\/darkamazi.info\/file\/2025\/09\/Kurd-Urmiye-info.jpg","type":"image\/jpeg"}],"author":"darka mazi","twitter_card":"summary_large_image","twitter_creator":"@DarkaMaziLatini","twitter_site":"@DarkaMaziLatini","twitter_misc":{"Written by":"darka mazi","Est. reading time":"2 minutes"},"schema":{"@context":"https:\/\/schema.org","@graph":[{"@type":"Article","@id":"https:\/\/darkamazi.info\/archives\/1049722#article","isPartOf":{"@id":"https:\/\/darkamazi.info\/archives\/1049722"},"author":{"name":"darka mazi","@id":"https:\/\/darkamazi.info\/#\/schema\/person\/5ad3e24553a0567993fa8ed4bd0a776c"},"headline":"Li Urmiyey\u00ea 58 kes ji ber lixwekirina cil\u00ean Kurdan hatin cezakirin","datePublished":"2025-09-04T09:23:09+00:00","mainEntityOfPage":{"@id":"https:\/\/darkamazi.info\/archives\/1049722"},"wordCount":242,"publisher":{"@id":"https:\/\/darkamazi.info\/#organization"},"image":{"@id":"https:\/\/darkamazi.info\/archives\/1049722#primaryimage"},"thumbnailUrl":"https:\/\/darkamazi.info\/file\/2025\/09\/Kurd-Urmiye-info.jpg","keywords":["sereke"],"articleSection":["Kurdistan"],"inLanguage":"en-US"},{"@type":"WebPage","@id":"https:\/\/darkamazi.info\/archives\/1049722","url":"https:\/\/darkamazi.info\/archives\/1049722","name":"Li Urmiyey\u00ea 58 kes ji ber lixwekirina cil\u00ean Kurdan hatin cezakirin - Darka Maz\u00ee","isPartOf":{"@id":"https:\/\/darkamazi.info\/#website"},"primaryImageOfPage":{"@id":"https:\/\/darkamazi.info\/archives\/1049722#primaryimage"},"image":{"@id":"https:\/\/darkamazi.info\/archives\/1049722#primaryimage"},"thumbnailUrl":"https:\/\/darkamazi.info\/file\/2025\/09\/Kurd-Urmiye-info.jpg","datePublished":"2025-09-04T09:23:09+00:00","breadcrumb":{"@id":"https:\/\/darkamazi.info\/archives\/1049722#breadcrumb"},"inLanguage":"en-US","potentialAction":[{"@type":"ReadAction","target":["https:\/\/darkamazi.info\/archives\/1049722"]}]},{"@type":"ImageObject","inLanguage":"en-US","@id":"https:\/\/darkamazi.info\/archives\/1049722#primaryimage","url":"https:\/\/darkamazi.info\/file\/2025\/09\/Kurd-Urmiye-info.jpg","contentUrl":"https:\/\/darkamazi.info\/file\/2025\/09\/Kurd-Urmiye-info.jpg","width":900,"height":500,"caption":"Kurd-Urmiye-net"},{"@type":"BreadcrumbList","@id":"https:\/\/darkamazi.info\/archives\/1049722#breadcrumb","itemListElement":[{"@type":"ListItem","position":1,"name":"Home","item":"https:\/\/darkamazi.info\/"},{"@type":"ListItem","position":2,"name":"Li Urmiyey\u00ea 58 kes ji ber lixwekirina cil\u00ean Kurdan hatin cezakirin"}]},{"@type":"WebSite","@id":"https:\/\/darkamazi.info\/#website","url":"https:\/\/darkamazi.info\/","name":"Darka Maz\u00ee","description":"P\u00eageha Zanyariy\u00ean Nebih\u00eest\u00ee","publisher":{"@id":"https:\/\/darkamazi.info\/#organization"},"potentialAction":[{"@type":"SearchAction","target":{"@type":"EntryPoint","urlTemplate":"https:\/\/darkamazi.info\/?s={search_term_string}"},"query-input":{"@type":"PropertyValueSpecification","valueRequired":true,"valueName":"search_term_string"}}],"inLanguage":"en-US"},{"@type":"Organization","@id":"https:\/\/darkamazi.info\/#organization","name":"Darka Maz\u00ee","url":"https:\/\/darkamazi.info\/","logo":{"@type":"ImageObject","inLanguage":"en-US","@id":"https:\/\/darkamazi.info\/#\/schema\/logo\/image\/","url":"https:\/\/darkamazi.info\/file\/2017\/12\/darka-mazi-logo.png","contentUrl":"https:\/\/darkamazi.info\/file\/2017\/12\/darka-mazi-logo.png","width":151,"height":75,"caption":"Darka Maz\u00ee"},"image":{"@id":"https:\/\/darkamazi.info\/#\/schema\/logo\/image\/"},"sameAs":["https:\/\/www.facebook.com\/DarMaziKurmanci","https:\/\/x.com\/DarkaMaziLatini","https:\/\/www.instagram.com\/darkamazi.kurmanci\/","https:\/\/www.youtube.com\/channel\/UCa5HkTdmI8U1qCUFuTw8B2g"]},{"@type":"Person","@id":"https:\/\/darkamazi.info\/#\/schema\/person\/5ad3e24553a0567993fa8ed4bd0a776c","name":"darka mazi","sameAs":["https:\/\/darkamazi.info\/"],"url":"https:\/\/darkamazi.info\/archives\/author\/kurdi"}]}},"_links":{"self":[{"href":"https:\/\/darkamazi.info\/funavuv\/wp\/v2\/posts\/1049722","targetHints":{"allow":["GET"]}}],"collection":[{"href":"https:\/\/darkamazi.info\/funavuv\/wp\/v2\/posts"}],"about":[{"href":"https:\/\/darkamazi.info\/funavuv\/wp\/v2\/types\/post"}],"author":[{"embeddable":true,"href":"https:\/\/darkamazi.info\/funavuv\/wp\/v2\/users\/2"}],"replies":[{"embeddable":true,"href":"https:\/\/darkamazi.info\/funavuv\/wp\/v2\/comments?post=1049722"}],"version-history":[{"count":0,"href":"https:\/\/darkamazi.info\/funavuv\/wp\/v2\/posts\/1049722\/revisions"}],"wp:featuredmedia":[{"embeddable":true,"href":"https:\/\/darkamazi.info\/funavuv\/wp\/v2\/media\/1049723"}],"wp:attachment":[{"href":"https:\/\/darkamazi.info\/funavuv\/wp\/v2\/media?parent=1049722"}],"wp:term":[{"taxonomy":"category","embeddable":true,"href":"https:\/\/darkamazi.info\/funavuv\/wp\/v2\/categories?post=1049722"},{"taxonomy":"post_tag","embeddable":true,"href":"https:\/\/darkamazi.info\/funavuv\/wp\/v2\/tags?post=1049722"}],"curies":[{"name":"wp","href":"https:\/\/api.w.org\/{rel}","templated":true}]}}