{"id":1049725,"date":"2025-09-04T14:08:55","date_gmt":"2025-09-04T11:08:55","guid":{"rendered":"https:\/\/darkamazi.info\/?p=1049725"},"modified":"2025-09-04T14:08:55","modified_gmt":"2025-09-04T11:08:55","slug":"tirkiye-yeknebuna-hsdye-bi-artesa-suriyeye-re-gef-e","status":"publish","type":"post","link":"https:\/\/darkamazi.info\/archives\/1049725","title":{"rendered":"Tirkiye: Yekneb\u00fbna HSDy\u00ea bi art\u00ea\u015fa S\u00fbriyey\u00ea re gef e"},"content":{"rendered":"<h3 style=\"text-align: justify\"><span style=\"font-family: 'arial black', sans-serif\">Wezareta Parastin\u00ea ya Tirkiyey\u00ea ragihand ku entegreneb\u00fbna H\u00eaz\u00ean S\u00fbriyeya Demokrat\u00eek (HSD) bi art\u00ea\u015fa S\u00fbriyey\u00ea re gefek e li ser ewlehiya wan a netewey\u00ee \u00fb diyar kir ku dema p\u00eaw\u00eest be, ew d\u00ea \u201cji bo ewlehiya xwe \u00fb aramiya S\u00fbriyey\u00ea\u201d pi\u015ftgiriy\u00ea bidin \u015eam\u00ea.<\/span><\/h3>\n<h3 style=\"text-align: justify\"><span style=\"font-family: arial, helvetica, sans-serif\">Wezareta Parastin\u00ea ya Tirkiyey\u00ea \u00eero derbar\u00ea rojeva w\u00ee welat\u00ee daxuyaniyek belav kir.<\/span><\/h3>\n<h3 style=\"text-align: justify\"><span style=\"font-family: arial, helvetica, sans-serif\">Di daxuyaniy\u00ea Wezareta Parastin\u00ea ya Tirkiyey\u00ea de wiha gotin:<\/span><\/h3>\n<h3 style=\"text-align: justify\"><span style=\"font-family: arial, helvetica, sans-serif\">\u201cP\u00eaknean\u00eena biryar\u00ean b\u00ea\u00e7ekb\u00fbn\u00ea \u00fb tevl\u00eeneb\u00fbna bi dewleta S\u00fbriyey\u00ea re ji aliy\u00ea r\u00eaxistina teror\u00ea HSDy\u00ea ve, gefek e li ser yek\u00eetiya S\u00fbriyey\u00ea \u00fb ewlehiya netewey\u00ee ya Tirkiyey\u00ea.<\/span><\/h3>\n<h3 style=\"text-align: justify\"><span style=\"font-family: arial, helvetica, sans-serif\">Div\u00ea r\u00eaxistina teror\u00ea HSD li gor\u00ee p\u00eavajoya yekb\u00fbna bi art\u00ea\u015fa S\u00fbriyey\u00ea re tevbigere \u00fb dev ji her cure kiryar \u00fb gotin\u00ean ku zirer\u00ea didin yek\u00eetiya siyas\u00ee \u00fb yekpar\u00e7eyiya axa S\u00fbriyey\u00ea berde.\u201d<\/span><\/h3>\n<h3 style=\"text-align: justify\"><span style=\"font-family: arial, helvetica, sans-serif\">Wezaret\u00ea her wiha diyar kir ku ew d\u00ea v\u00ea p\u00eavajoy\u00ea bi\u015fop\u00eenin \u00fb da zan\u00een:<\/span><\/h3>\n<h3 style=\"text-align: justify\"><span style=\"font-family: arial, helvetica, sans-serif\">\u201cTirkiye d\u00ea v\u00ea p\u00eavajoy\u00ea bi berdewam\u00ee bi\u015fop\u00eene \u00fb dema ku hewce bike, hem ji bo ewlehiyaa xwe \u00fb hem j\u00ee ji bo s\u00fbde bide aramiya S\u00fbriyey\u00ea d\u00ea her cure pi\u015ftgiriy\u00ea bide S\u00fbriyey\u00ea.<\/span><\/h3>\n","protected":false},"excerpt":{"rendered":"<p>Wezareta Parastin\u00ea ya Tirkiyey\u00ea ragihand ku entegreneb\u00fbna H\u00eaz\u00ean S\u00fbriyeya Demokrat\u00eek (HSD) bi art\u00ea\u015fa S\u00fbriyey\u00ea re gefek e li ser ewlehiya wan a netewey\u00ee \u00fb diyar kir ku dema p\u00eaw\u00eest be, ew d\u00ea \u201cji bo ewlehiya xwe \u00fb aramiya S\u00fbriyey\u00ea\u201d pi\u015ftgiriy\u00ea bidin \u015eam\u00ea. Wezareta Parastin\u00ea ya Tirkiyey\u00ea \u00eero derbar\u00ea rojeva w\u00ee welat\u00ee daxuyaniyek belav kir. Di [&hellip;]<\/p>\n","protected":false},"author":2,"featured_media":1049726,"comment_status":"closed","ping_status":"closed","sticky":false,"template":"","format":"standard","meta":{"footnotes":""},"categories":[29],"tags":[37],"class_list":["post-1049725","post","type-post","status-publish","format-standard","has-post-thumbnail","hentry","category-kurdistan","tag-sereke"],"blocksy_meta":[],"seo_head":"<!-- This site is optimized with the Yoast SEO plugin v27.5 - https:\/\/yoast.com\/product\/yoast-seo-wordpress\/ -->\n<title>Tirkiye: Yekneb\u00fbna HSDy\u00ea bi art\u00ea\u015fa S\u00fbriyey\u00ea re gef e - Darka Maz\u00ee<\/title>\n<meta name=\"robots\" content=\"index, follow, max-snippet:-1, max-image-preview:large, max-video-preview:-1\" \/>\n<link rel=\"canonical\" href=\"https:\/\/darkamazi.info\/archives\/1049725\" \/>\n<meta property=\"og:locale\" content=\"en_US\" \/>\n<meta property=\"og:type\" content=\"article\" \/>\n<meta property=\"og:title\" content=\"Tirkiye: Yekneb\u00fbna HSDy\u00ea bi art\u00ea\u015fa S\u00fbriyey\u00ea re gef e - Darka Maz\u00ee\" \/>\n<meta property=\"og:description\" content=\"Wezareta Parastin\u00ea ya Tirkiyey\u00ea ragihand ku entegreneb\u00fbna H\u00eaz\u00ean S\u00fbriyeya Demokrat\u00eek (HSD) bi art\u00ea\u015fa S\u00fbriyey\u00ea re gefek e li ser ewlehiya wan a netewey\u00ee \u00fb diyar kir ku dema p\u00eaw\u00eest be, ew d\u00ea \u201cji bo ewlehiya xwe \u00fb aramiya S\u00fbriyey\u00ea\u201d pi\u015ftgiriy\u00ea bidin \u015eam\u00ea. Wezareta Parastin\u00ea ya Tirkiyey\u00ea \u00eero derbar\u00ea rojeva w\u00ee welat\u00ee daxuyaniyek belav kir. Di [&hellip;]\" \/>\n<meta property=\"og:url\" content=\"https:\/\/darkamazi.info\/archives\/1049725\" \/>\n<meta property=\"og:site_name\" content=\"Darka Maz\u00ee\" \/>\n<meta property=\"article:publisher\" content=\"https:\/\/www.facebook.com\/DarMaziKurmanci\" \/>\n<meta property=\"article:published_time\" content=\"2025-09-04T11:08:55+00:00\" \/>\n<meta property=\"og:image\" content=\"https:\/\/darkamazi.info\/file\/2025\/09\/turkey-HSD-Info.jpg\" \/>\n\t<meta property=\"og:image:width\" content=\"900\" \/>\n\t<meta property=\"og:image:height\" content=\"500\" \/>\n\t<meta property=\"og:image:type\" content=\"image\/jpeg\" \/>\n<meta name=\"author\" content=\"darka mazi\" \/>\n<meta name=\"twitter:card\" content=\"summary_large_image\" \/>\n<meta name=\"twitter:creator\" content=\"@DarkaMaziLatini\" \/>\n<meta name=\"twitter:site\" content=\"@DarkaMaziLatini\" \/>\n<meta name=\"twitter:label1\" content=\"Written by\" \/>\n\t<meta name=\"twitter:data1\" content=\"darka mazi\" \/>\n\t<meta name=\"twitter:label2\" content=\"Est. reading time\" \/>\n\t<meta name=\"twitter:data2\" content=\"1 minute\" \/>\n<script type=\"application\/ld+json\" class=\"seo-schema-graph\">{\"@context\":\"https:\\\/\\\/schema.org\",\"@graph\":[{\"@type\":\"Article\",\"@id\":\"https:\\\/\\\/darkamazi.info\\\/archives\\\/1049725#article\",\"isPartOf\":{\"@id\":\"https:\\\/\\\/darkamazi.info\\\/archives\\\/1049725\"},\"author\":{\"name\":\"darka mazi\",\"@id\":\"https:\\\/\\\/darkamazi.info\\\/#\\\/schema\\\/person\\\/5ad3e24553a0567993fa8ed4bd0a776c\"},\"headline\":\"Tirkiye: Yekneb\u00fbna HSDy\u00ea bi art\u00ea\u015fa S\u00fbriyey\u00ea re gef e\",\"datePublished\":\"2025-09-04T11:08:55+00:00\",\"mainEntityOfPage\":{\"@id\":\"https:\\\/\\\/darkamazi.info\\\/archives\\\/1049725\"},\"wordCount\":210,\"publisher\":{\"@id\":\"https:\\\/\\\/darkamazi.info\\\/#organization\"},\"image\":{\"@id\":\"https:\\\/\\\/darkamazi.info\\\/archives\\\/1049725#primaryimage\"},\"thumbnailUrl\":\"https:\\\/\\\/darkamazi.info\\\/darka-content\\\/uploads\\\/2025\\\/09\\\/turkey-HSD-Info.jpg\",\"keywords\":[\"sereke\"],\"articleSection\":[\"Kurdistan\"],\"inLanguage\":\"en-US\"},{\"@type\":\"WebPage\",\"@id\":\"https:\\\/\\\/darkamazi.info\\\/archives\\\/1049725\",\"url\":\"https:\\\/\\\/darkamazi.info\\\/archives\\\/1049725\",\"name\":\"Tirkiye: Yekneb\u00fbna HSDy\u00ea bi art\u00ea\u015fa S\u00fbriyey\u00ea re gef e - Darka Maz\u00ee\",\"isPartOf\":{\"@id\":\"https:\\\/\\\/darkamazi.info\\\/#website\"},\"primaryImageOfPage\":{\"@id\":\"https:\\\/\\\/darkamazi.info\\\/archives\\\/1049725#primaryimage\"},\"image\":{\"@id\":\"https:\\\/\\\/darkamazi.info\\\/archives\\\/1049725#primaryimage\"},\"thumbnailUrl\":\"https:\\\/\\\/darkamazi.info\\\/darka-content\\\/uploads\\\/2025\\\/09\\\/turkey-HSD-Info.jpg\",\"datePublished\":\"2025-09-04T11:08:55+00:00\",\"breadcrumb\":{\"@id\":\"https:\\\/\\\/darkamazi.info\\\/archives\\\/1049725#breadcrumb\"},\"inLanguage\":\"en-US\",\"potentialAction\":[{\"@type\":\"ReadAction\",\"target\":[\"https:\\\/\\\/darkamazi.info\\\/archives\\\/1049725\"]}]},{\"@type\":\"ImageObject\",\"inLanguage\":\"en-US\",\"@id\":\"https:\\\/\\\/darkamazi.info\\\/archives\\\/1049725#primaryimage\",\"url\":\"https:\\\/\\\/darkamazi.info\\\/darka-content\\\/uploads\\\/2025\\\/09\\\/turkey-HSD-Info.jpg\",\"contentUrl\":\"https:\\\/\\\/darkamazi.info\\\/darka-content\\\/uploads\\\/2025\\\/09\\\/turkey-HSD-Info.jpg\",\"width\":900,\"height\":500,\"caption\":\"turkey-HSD-Net\"},{\"@type\":\"BreadcrumbList\",\"@id\":\"https:\\\/\\\/darkamazi.info\\\/archives\\\/1049725#breadcrumb\",\"itemListElement\":[{\"@type\":\"ListItem\",\"position\":1,\"name\":\"Home\",\"item\":\"https:\\\/\\\/darkamazi.info\\\/\"},{\"@type\":\"ListItem\",\"position\":2,\"name\":\"Tirkiye: Yekneb\u00fbna HSDy\u00ea bi art\u00ea\u015fa S\u00fbriyey\u00ea re gef e\"}]},{\"@type\":\"WebSite\",\"@id\":\"https:\\\/\\\/darkamazi.info\\\/#website\",\"url\":\"https:\\\/\\\/darkamazi.info\\\/\",\"name\":\"Darka Maz\u00ee\",\"description\":\"P\u00eageha Zanyariy\u00ean Nebih\u00eest\u00ee\",\"publisher\":{\"@id\":\"https:\\\/\\\/darkamazi.info\\\/#organization\"},\"potentialAction\":[{\"@type\":\"SearchAction\",\"target\":{\"@type\":\"EntryPoint\",\"urlTemplate\":\"https:\\\/\\\/darkamazi.info\\\/?s={search_term_string}\"},\"query-input\":{\"@type\":\"PropertyValueSpecification\",\"valueRequired\":true,\"valueName\":\"search_term_string\"}}],\"inLanguage\":\"en-US\"},{\"@type\":\"Organization\",\"@id\":\"https:\\\/\\\/darkamazi.info\\\/#organization\",\"name\":\"Darka Maz\u00ee\",\"url\":\"https:\\\/\\\/darkamazi.info\\\/\",\"logo\":{\"@type\":\"ImageObject\",\"inLanguage\":\"en-US\",\"@id\":\"https:\\\/\\\/darkamazi.info\\\/#\\\/schema\\\/logo\\\/image\\\/\",\"url\":\"https:\\\/\\\/darkamazi.info\\\/darka-content\\\/uploads\\\/2017\\\/12\\\/darka-mazi-logo.png\",\"contentUrl\":\"https:\\\/\\\/darkamazi.info\\\/darka-content\\\/uploads\\\/2017\\\/12\\\/darka-mazi-logo.png\",\"width\":151,\"height\":75,\"caption\":\"Darka Maz\u00ee\"},\"image\":{\"@id\":\"https:\\\/\\\/darkamazi.info\\\/#\\\/schema\\\/logo\\\/image\\\/\"},\"sameAs\":[\"https:\\\/\\\/www.facebook.com\\\/DarMaziKurmanci\",\"https:\\\/\\\/x.com\\\/DarkaMaziLatini\",\"https:\\\/\\\/www.instagram.com\\\/darkamazi.kurmanci\\\/\",\"https:\\\/\\\/www.youtube.com\\\/channel\\\/UCa5HkTdmI8U1qCUFuTw8B2g\"]},{\"@type\":\"Person\",\"@id\":\"https:\\\/\\\/darkamazi.info\\\/#\\\/schema\\\/person\\\/5ad3e24553a0567993fa8ed4bd0a776c\",\"name\":\"darka mazi\",\"sameAs\":[\"https:\\\/\\\/darkamazi.info\\\/\"],\"url\":\"https:\\\/\\\/darkamazi.info\\\/archives\\\/author\\\/kurdi\"}]}<\/script>\n<!-- \/ Yoast SEO plugin. -->","seo_head_json":{"title":"Tirkiye: Yekneb\u00fbna HSDy\u00ea bi art\u00ea\u015fa S\u00fbriyey\u00ea re gef e - Darka Maz\u00ee","robots":{"index":"index","follow":"follow","max-snippet":"max-snippet:-1","max-image-preview":"max-image-preview:large","max-video-preview":"max-video-preview:-1"},"canonical":"https:\/\/darkamazi.info\/archives\/1049725","og_locale":"en_US","og_type":"article","og_title":"Tirkiye: Yekneb\u00fbna HSDy\u00ea bi art\u00ea\u015fa S\u00fbriyey\u00ea re gef e - Darka Maz\u00ee","og_description":"Wezareta Parastin\u00ea ya Tirkiyey\u00ea ragihand ku entegreneb\u00fbna H\u00eaz\u00ean S\u00fbriyeya Demokrat\u00eek (HSD) bi art\u00ea\u015fa S\u00fbriyey\u00ea re gefek e li ser ewlehiya wan a netewey\u00ee \u00fb diyar kir ku dema p\u00eaw\u00eest be, ew d\u00ea \u201cji bo ewlehiya xwe \u00fb aramiya S\u00fbriyey\u00ea\u201d pi\u015ftgiriy\u00ea bidin \u015eam\u00ea. Wezareta Parastin\u00ea ya Tirkiyey\u00ea \u00eero derbar\u00ea rojeva w\u00ee welat\u00ee daxuyaniyek belav kir. Di [&hellip;]","og_url":"https:\/\/darkamazi.info\/archives\/1049725","og_site_name":"Darka Maz\u00ee","article_publisher":"https:\/\/www.facebook.com\/DarMaziKurmanci","article_published_time":"2025-09-04T11:08:55+00:00","og_image":[{"width":900,"height":500,"url":"https:\/\/darkamazi.info\/file\/2025\/09\/turkey-HSD-Info.jpg","type":"image\/jpeg"}],"author":"darka mazi","twitter_card":"summary_large_image","twitter_creator":"@DarkaMaziLatini","twitter_site":"@DarkaMaziLatini","twitter_misc":{"Written by":"darka mazi","Est. reading time":"1 minute"},"schema":{"@context":"https:\/\/schema.org","@graph":[{"@type":"Article","@id":"https:\/\/darkamazi.info\/archives\/1049725#article","isPartOf":{"@id":"https:\/\/darkamazi.info\/archives\/1049725"},"author":{"name":"darka mazi","@id":"https:\/\/darkamazi.info\/#\/schema\/person\/5ad3e24553a0567993fa8ed4bd0a776c"},"headline":"Tirkiye: Yekneb\u00fbna HSDy\u00ea bi art\u00ea\u015fa S\u00fbriyey\u00ea re gef e","datePublished":"2025-09-04T11:08:55+00:00","mainEntityOfPage":{"@id":"https:\/\/darkamazi.info\/archives\/1049725"},"wordCount":210,"publisher":{"@id":"https:\/\/darkamazi.info\/#organization"},"image":{"@id":"https:\/\/darkamazi.info\/archives\/1049725#primaryimage"},"thumbnailUrl":"https:\/\/darkamazi.info\/file\/2025\/09\/turkey-HSD-Info.jpg","keywords":["sereke"],"articleSection":["Kurdistan"],"inLanguage":"en-US"},{"@type":"WebPage","@id":"https:\/\/darkamazi.info\/archives\/1049725","url":"https:\/\/darkamazi.info\/archives\/1049725","name":"Tirkiye: Yekneb\u00fbna HSDy\u00ea bi art\u00ea\u015fa S\u00fbriyey\u00ea re gef e - Darka Maz\u00ee","isPartOf":{"@id":"https:\/\/darkamazi.info\/#website"},"primaryImageOfPage":{"@id":"https:\/\/darkamazi.info\/archives\/1049725#primaryimage"},"image":{"@id":"https:\/\/darkamazi.info\/archives\/1049725#primaryimage"},"thumbnailUrl":"https:\/\/darkamazi.info\/file\/2025\/09\/turkey-HSD-Info.jpg","datePublished":"2025-09-04T11:08:55+00:00","breadcrumb":{"@id":"https:\/\/darkamazi.info\/archives\/1049725#breadcrumb"},"inLanguage":"en-US","potentialAction":[{"@type":"ReadAction","target":["https:\/\/darkamazi.info\/archives\/1049725"]}]},{"@type":"ImageObject","inLanguage":"en-US","@id":"https:\/\/darkamazi.info\/archives\/1049725#primaryimage","url":"https:\/\/darkamazi.info\/file\/2025\/09\/turkey-HSD-Info.jpg","contentUrl":"https:\/\/darkamazi.info\/file\/2025\/09\/turkey-HSD-Info.jpg","width":900,"height":500,"caption":"turkey-HSD-Net"},{"@type":"BreadcrumbList","@id":"https:\/\/darkamazi.info\/archives\/1049725#breadcrumb","itemListElement":[{"@type":"ListItem","position":1,"name":"Home","item":"https:\/\/darkamazi.info\/"},{"@type":"ListItem","position":2,"name":"Tirkiye: Yekneb\u00fbna HSDy\u00ea bi art\u00ea\u015fa S\u00fbriyey\u00ea re gef e"}]},{"@type":"WebSite","@id":"https:\/\/darkamazi.info\/#website","url":"https:\/\/darkamazi.info\/","name":"Darka Maz\u00ee","description":"P\u00eageha Zanyariy\u00ean Nebih\u00eest\u00ee","publisher":{"@id":"https:\/\/darkamazi.info\/#organization"},"potentialAction":[{"@type":"SearchAction","target":{"@type":"EntryPoint","urlTemplate":"https:\/\/darkamazi.info\/?s={search_term_string}"},"query-input":{"@type":"PropertyValueSpecification","valueRequired":true,"valueName":"search_term_string"}}],"inLanguage":"en-US"},{"@type":"Organization","@id":"https:\/\/darkamazi.info\/#organization","name":"Darka Maz\u00ee","url":"https:\/\/darkamazi.info\/","logo":{"@type":"ImageObject","inLanguage":"en-US","@id":"https:\/\/darkamazi.info\/#\/schema\/logo\/image\/","url":"https:\/\/darkamazi.info\/file\/2017\/12\/darka-mazi-logo.png","contentUrl":"https:\/\/darkamazi.info\/file\/2017\/12\/darka-mazi-logo.png","width":151,"height":75,"caption":"Darka Maz\u00ee"},"image":{"@id":"https:\/\/darkamazi.info\/#\/schema\/logo\/image\/"},"sameAs":["https:\/\/www.facebook.com\/DarMaziKurmanci","https:\/\/x.com\/DarkaMaziLatini","https:\/\/www.instagram.com\/darkamazi.kurmanci\/","https:\/\/www.youtube.com\/channel\/UCa5HkTdmI8U1qCUFuTw8B2g"]},{"@type":"Person","@id":"https:\/\/darkamazi.info\/#\/schema\/person\/5ad3e24553a0567993fa8ed4bd0a776c","name":"darka mazi","sameAs":["https:\/\/darkamazi.info\/"],"url":"https:\/\/darkamazi.info\/archives\/author\/kurdi"}]}},"_links":{"self":[{"href":"https:\/\/darkamazi.info\/funavuv\/wp\/v2\/posts\/1049725","targetHints":{"allow":["GET"]}}],"collection":[{"href":"https:\/\/darkamazi.info\/funavuv\/wp\/v2\/posts"}],"about":[{"href":"https:\/\/darkamazi.info\/funavuv\/wp\/v2\/types\/post"}],"author":[{"embeddable":true,"href":"https:\/\/darkamazi.info\/funavuv\/wp\/v2\/users\/2"}],"replies":[{"embeddable":true,"href":"https:\/\/darkamazi.info\/funavuv\/wp\/v2\/comments?post=1049725"}],"version-history":[{"count":0,"href":"https:\/\/darkamazi.info\/funavuv\/wp\/v2\/posts\/1049725\/revisions"}],"wp:featuredmedia":[{"embeddable":true,"href":"https:\/\/darkamazi.info\/funavuv\/wp\/v2\/media\/1049726"}],"wp:attachment":[{"href":"https:\/\/darkamazi.info\/funavuv\/wp\/v2\/media?parent=1049725"}],"wp:term":[{"taxonomy":"category","embeddable":true,"href":"https:\/\/darkamazi.info\/funavuv\/wp\/v2\/categories?post=1049725"},{"taxonomy":"post_tag","embeddable":true,"href":"https:\/\/darkamazi.info\/funavuv\/wp\/v2\/tags?post=1049725"}],"curies":[{"name":"wp","href":"https:\/\/api.w.org\/{rel}","templated":true}]}}