{"id":1049731,"date":"2025-09-06T12:48:29","date_gmt":"2025-09-06T09:48:29","guid":{"rendered":"https:\/\/darkamazi.info\/?p=1049731"},"modified":"2025-09-06T12:48:29","modified_gmt":"2025-09-06T09:48:29","slug":"pwk-em-erisa-nijadperesti-ya-6-u-7e-ilona-1955e-rures-dikin","status":"publish","type":"post","link":"https:\/\/darkamazi.info\/archives\/1049731","title":{"rendered":"PWK: Em \u00ear\u00ee\u015fa n\u00eejadperest\u00ee ya 6 \u00fb 7\u00ea \u00celona 1955\u00ea r\u00fbre\u015f dikin"},"content":{"rendered":"<h3 style=\"text-align: justify\"><span style=\"font-family: 'arial black', sans-serif\">Partiya Welatpar\u00eaz\u00ean Kurdistan\u00ea (PWK), di salvegera 70em\u00een a b\u00fbyer\u00ean 6 \u00fb 7\u00ea \u00celona 1955an de, bi daxuyaniyek\u00ea \u00ear\u00ee\u015f \u00fb komkujiy\u00ean li dij\u00ee gel\u00ean nemisilman \u00ean weke R\u00fbm, Ermen\u00ee \u00fb Cih\u00fbyan hatib\u00fbn kirin, \u015fermezar kir. PWK\u00ea di daxuyaniy\u00ea de destn\u00ee\u015fan kir ku ev \u00ear\u00ee\u015f ji aliy\u00ea &#8220;h\u00eaz\u00ean tar\u00ee y\u00ean Dewleta Tirk\u00eeyey\u00ea&#8221; ve hatine organ\u00eezekirin.<\/span><\/h3>\n<h3 style=\"text-align: justify\"><span style=\"font-family: 'arial black', sans-serif\">Daxuyaniya Buroya Ragehandin\u00ea ya PWK\u00ea wiha ye:<\/span><\/h3>\n<h3 style=\"text-align: justify\">Em \u00ear\u00ee\u015fa n\u00eejadperest\u00ee ya 6 \u00fb 7\u00ea \u00celona 1955\u00ea r\u00fbre\u015f dikin<\/h3>\n<h3 style=\"text-align: justify\">Di roj\u00ean 6 \u00fb 7\u00ea \u00celona 1955\u00ea de, bi organ\u00eezekirina h\u00eaz\u00ean tar\u00ee y\u00ean Dewleta Tirk\u00eeyey\u00ea \u00fb bi dest\u00ea nijadperest\u00ean Tirk ve, li bajar\u00ean Stenbol\u00ea \u00fb \u00cezm\u00eer\u00ea,, li himber\u00ee gel\u00ean ku nemisilman in(R\u00fbm, Ermen\u00ee Yah\u00fbd\u00ee) qetl\u00eeam \u00fb \u00ear\u00ee\u015feke nemirovane hate li dar xistin.<\/h3>\n<h3 style=\"text-align: justify\">Di van 2 rojan de, nijadperest\u00ean Tirk, 15 kes\u00ean nemisilman ku\u015ftin n\u00eaz\u00eek\u00ee 300 kes\u00ee bir\u00eendar kirin \u00fb tecawuz\u00ee bi sedan jinan kirin.<\/h3>\n<h3 style=\"text-align: justify\">Herweha di van 2 rojan de nijadperest\u00ean Tirk 4214 xan\u00ee,1004 dikan,73 d\u00ear, s\u00eenegogek, 2 manastir, 26 dibistan, gelek qebr\u00eestan, fabr\u00eeqe, hot\u00eal, resta\u00fbrant \u00fb bar j\u00ee di nav de, \u00ear\u00ee\u015f birin ser 5317 c\u00eeh \u00fb waran, gelek der \u015fewitandin, talan kirin, xera kirin.<\/h3>\n<h3 style=\"text-align: justify\">H\u00eaz\u00ean tar\u00ee \u00fb k\u00fbr y\u00ean Dewleta Tirk\u00eeyey\u00ea bi van \u00ear\u00ee\u015f\u00ean n\u00eejadperset\u00ee, ji al\u00eeyek\u00ee ve xwestin gel\u00ean nemisilman, bi taybet\u00ee j\u00ee gel\u00ea R\u00fbm ji Tirk\u00eeyey\u00ea derx\u00eene, r\u00ea veke ku ji Tirk\u00eeyey\u00ea birevin, herin; ji al\u00eeyek\u00ee ve j\u00ee xwestin dest deynin ser mal \u00fb milk\u00ean gel\u00ean nemisilman da ku sermaye dest biguher\u00eene, bikeve dest\u00ea Tirkan.<\/h3>\n<h3 style=\"text-align: justify\">Em di 70yem\u00een salvegera van \u00ear\u00ee\u015f \u00fb qetl\u00eeaman de, hem\u00fb h\u00eaz\u00ean ve\u015fart\u00ee \u00fb y\u00ean e\u015fkere y\u00ean ku ev \u00ear\u00ee\u015f plan kirine \u00fb bic\u00eeh an\u00eene, r\u00fbre\u015f dikin.<\/h3>\n","protected":false},"excerpt":{"rendered":"<p>Partiya Welatpar\u00eaz\u00ean Kurdistan\u00ea (PWK), di salvegera 70em\u00een a b\u00fbyer\u00ean 6 \u00fb 7\u00ea \u00celona 1955an de, bi daxuyaniyek\u00ea \u00ear\u00ee\u015f \u00fb komkujiy\u00ean li dij\u00ee gel\u00ean nemisilman \u00ean weke R\u00fbm, Ermen\u00ee \u00fb Cih\u00fbyan hatib\u00fbn kirin, \u015fermezar kir. PWK\u00ea di daxuyaniy\u00ea de destn\u00ee\u015fan kir ku ev \u00ear\u00ee\u015f ji aliy\u00ea &#8220;h\u00eaz\u00ean tar\u00ee y\u00ean Dewleta Tirk\u00eeyey\u00ea&#8221; ve hatine organ\u00eezekirin. Daxuyaniya Buroya [&hellip;]<\/p>\n","protected":false},"author":2,"featured_media":1048162,"comment_status":"closed","ping_status":"closed","sticky":false,"template":"","format":"standard","meta":{"footnotes":""},"categories":[29],"tags":[37],"class_list":["post-1049731","post","type-post","status-publish","format-standard","has-post-thumbnail","hentry","category-kurdistan","tag-sereke"],"blocksy_meta":[],"seo_head":"<!-- This site is optimized with the Yoast SEO plugin v27.5 - https:\/\/yoast.com\/product\/yoast-seo-wordpress\/ -->\n<title>PWK: Em \u00ear\u00ee\u015fa n\u00eejadperest\u00ee ya 6 \u00fb 7\u00ea \u00celona 1955\u00ea r\u00fbre\u015f dikin - Darka Maz\u00ee<\/title>\n<meta name=\"robots\" content=\"index, follow, max-snippet:-1, max-image-preview:large, max-video-preview:-1\" \/>\n<link rel=\"canonical\" href=\"https:\/\/darkamazi.info\/archives\/1049731\" \/>\n<meta property=\"og:locale\" content=\"en_US\" \/>\n<meta property=\"og:type\" content=\"article\" \/>\n<meta property=\"og:title\" content=\"PWK: Em \u00ear\u00ee\u015fa n\u00eejadperest\u00ee ya 6 \u00fb 7\u00ea \u00celona 1955\u00ea r\u00fbre\u015f dikin - Darka Maz\u00ee\" \/>\n<meta property=\"og:description\" content=\"Partiya Welatpar\u00eaz\u00ean Kurdistan\u00ea (PWK), di salvegera 70em\u00een a b\u00fbyer\u00ean 6 \u00fb 7\u00ea \u00celona 1955an de, bi daxuyaniyek\u00ea \u00ear\u00ee\u015f \u00fb komkujiy\u00ean li dij\u00ee gel\u00ean nemisilman \u00ean weke R\u00fbm, Ermen\u00ee \u00fb Cih\u00fbyan hatib\u00fbn kirin, \u015fermezar kir. PWK\u00ea di daxuyaniy\u00ea de destn\u00ee\u015fan kir ku ev \u00ear\u00ee\u015f ji aliy\u00ea &#8220;h\u00eaz\u00ean tar\u00ee y\u00ean Dewleta Tirk\u00eeyey\u00ea&#8221; ve hatine organ\u00eezekirin. Daxuyaniya Buroya [&hellip;]\" \/>\n<meta property=\"og:url\" content=\"https:\/\/darkamazi.info\/archives\/1049731\" \/>\n<meta property=\"og:site_name\" content=\"Darka Maz\u00ee\" \/>\n<meta property=\"article:publisher\" content=\"https:\/\/www.facebook.com\/DarMaziKurmanci\" \/>\n<meta property=\"article:published_time\" content=\"2025-09-06T09:48:29+00:00\" \/>\n<meta property=\"og:image\" content=\"https:\/\/darkamazi.info\/file\/2025\/05\/PWK-Net.jpg\" \/>\n\t<meta property=\"og:image:width\" content=\"900\" \/>\n\t<meta property=\"og:image:height\" content=\"500\" \/>\n\t<meta property=\"og:image:type\" content=\"image\/jpeg\" \/>\n<meta name=\"author\" content=\"darka mazi\" \/>\n<meta name=\"twitter:card\" content=\"summary_large_image\" \/>\n<meta name=\"twitter:creator\" content=\"@DarkaMaziLatini\" \/>\n<meta name=\"twitter:site\" content=\"@DarkaMaziLatini\" \/>\n<meta name=\"twitter:label1\" content=\"Written by\" \/>\n\t<meta name=\"twitter:data1\" content=\"darka mazi\" \/>\n\t<meta name=\"twitter:label2\" content=\"Est. reading time\" \/>\n\t<meta name=\"twitter:data2\" content=\"2 minutes\" \/>\n<script type=\"application\/ld+json\" class=\"seo-schema-graph\">{\"@context\":\"https:\\\/\\\/schema.org\",\"@graph\":[{\"@type\":\"Article\",\"@id\":\"https:\\\/\\\/darkamazi.info\\\/archives\\\/1049731#article\",\"isPartOf\":{\"@id\":\"https:\\\/\\\/darkamazi.info\\\/archives\\\/1049731\"},\"author\":{\"name\":\"darka mazi\",\"@id\":\"https:\\\/\\\/darkamazi.info\\\/#\\\/schema\\\/person\\\/5ad3e24553a0567993fa8ed4bd0a776c\"},\"headline\":\"PWK: Em \u00ear\u00ee\u015fa n\u00eejadperest\u00ee ya 6 \u00fb 7\u00ea \u00celona 1955\u00ea r\u00fbre\u015f dikin\",\"datePublished\":\"2025-09-06T09:48:29+00:00\",\"mainEntityOfPage\":{\"@id\":\"https:\\\/\\\/darkamazi.info\\\/archives\\\/1049731\"},\"wordCount\":311,\"publisher\":{\"@id\":\"https:\\\/\\\/darkamazi.info\\\/#organization\"},\"image\":{\"@id\":\"https:\\\/\\\/darkamazi.info\\\/archives\\\/1049731#primaryimage\"},\"thumbnailUrl\":\"https:\\\/\\\/darkamazi.info\\\/darka-content\\\/uploads\\\/2025\\\/05\\\/PWK-Net.jpg\",\"keywords\":[\"sereke\"],\"articleSection\":[\"Kurdistan\"],\"inLanguage\":\"en-US\"},{\"@type\":\"WebPage\",\"@id\":\"https:\\\/\\\/darkamazi.info\\\/archives\\\/1049731\",\"url\":\"https:\\\/\\\/darkamazi.info\\\/archives\\\/1049731\",\"name\":\"PWK: Em \u00ear\u00ee\u015fa n\u00eejadperest\u00ee ya 6 \u00fb 7\u00ea \u00celona 1955\u00ea r\u00fbre\u015f dikin - Darka Maz\u00ee\",\"isPartOf\":{\"@id\":\"https:\\\/\\\/darkamazi.info\\\/#website\"},\"primaryImageOfPage\":{\"@id\":\"https:\\\/\\\/darkamazi.info\\\/archives\\\/1049731#primaryimage\"},\"image\":{\"@id\":\"https:\\\/\\\/darkamazi.info\\\/archives\\\/1049731#primaryimage\"},\"thumbnailUrl\":\"https:\\\/\\\/darkamazi.info\\\/darka-content\\\/uploads\\\/2025\\\/05\\\/PWK-Net.jpg\",\"datePublished\":\"2025-09-06T09:48:29+00:00\",\"breadcrumb\":{\"@id\":\"https:\\\/\\\/darkamazi.info\\\/archives\\\/1049731#breadcrumb\"},\"inLanguage\":\"en-US\",\"potentialAction\":[{\"@type\":\"ReadAction\",\"target\":[\"https:\\\/\\\/darkamazi.info\\\/archives\\\/1049731\"]}]},{\"@type\":\"ImageObject\",\"inLanguage\":\"en-US\",\"@id\":\"https:\\\/\\\/darkamazi.info\\\/archives\\\/1049731#primaryimage\",\"url\":\"https:\\\/\\\/darkamazi.info\\\/darka-content\\\/uploads\\\/2025\\\/05\\\/PWK-Net.jpg\",\"contentUrl\":\"https:\\\/\\\/darkamazi.info\\\/darka-content\\\/uploads\\\/2025\\\/05\\\/PWK-Net.jpg\",\"width\":900,\"height\":500,\"caption\":\"PWK: Jenos\u00eeda D\u00earsim\u00ea xelekek ji siyaseta ji hol\u00ea rakirina milet\u00ea Kurd e\"},{\"@type\":\"BreadcrumbList\",\"@id\":\"https:\\\/\\\/darkamazi.info\\\/archives\\\/1049731#breadcrumb\",\"itemListElement\":[{\"@type\":\"ListItem\",\"position\":1,\"name\":\"Home\",\"item\":\"https:\\\/\\\/darkamazi.info\\\/\"},{\"@type\":\"ListItem\",\"position\":2,\"name\":\"PWK: Em \u00ear\u00ee\u015fa n\u00eejadperest\u00ee ya 6 \u00fb 7\u00ea \u00celona 1955\u00ea r\u00fbre\u015f dikin\"}]},{\"@type\":\"WebSite\",\"@id\":\"https:\\\/\\\/darkamazi.info\\\/#website\",\"url\":\"https:\\\/\\\/darkamazi.info\\\/\",\"name\":\"Darka Maz\u00ee\",\"description\":\"P\u00eageha Zanyariy\u00ean Nebih\u00eest\u00ee\",\"publisher\":{\"@id\":\"https:\\\/\\\/darkamazi.info\\\/#organization\"},\"potentialAction\":[{\"@type\":\"SearchAction\",\"target\":{\"@type\":\"EntryPoint\",\"urlTemplate\":\"https:\\\/\\\/darkamazi.info\\\/?s={search_term_string}\"},\"query-input\":{\"@type\":\"PropertyValueSpecification\",\"valueRequired\":true,\"valueName\":\"search_term_string\"}}],\"inLanguage\":\"en-US\"},{\"@type\":\"Organization\",\"@id\":\"https:\\\/\\\/darkamazi.info\\\/#organization\",\"name\":\"Darka Maz\u00ee\",\"url\":\"https:\\\/\\\/darkamazi.info\\\/\",\"logo\":{\"@type\":\"ImageObject\",\"inLanguage\":\"en-US\",\"@id\":\"https:\\\/\\\/darkamazi.info\\\/#\\\/schema\\\/logo\\\/image\\\/\",\"url\":\"https:\\\/\\\/darkamazi.info\\\/darka-content\\\/uploads\\\/2017\\\/12\\\/darka-mazi-logo.png\",\"contentUrl\":\"https:\\\/\\\/darkamazi.info\\\/darka-content\\\/uploads\\\/2017\\\/12\\\/darka-mazi-logo.png\",\"width\":151,\"height\":75,\"caption\":\"Darka Maz\u00ee\"},\"image\":{\"@id\":\"https:\\\/\\\/darkamazi.info\\\/#\\\/schema\\\/logo\\\/image\\\/\"},\"sameAs\":[\"https:\\\/\\\/www.facebook.com\\\/DarMaziKurmanci\",\"https:\\\/\\\/x.com\\\/DarkaMaziLatini\",\"https:\\\/\\\/www.instagram.com\\\/darkamazi.kurmanci\\\/\",\"https:\\\/\\\/www.youtube.com\\\/channel\\\/UCa5HkTdmI8U1qCUFuTw8B2g\"]},{\"@type\":\"Person\",\"@id\":\"https:\\\/\\\/darkamazi.info\\\/#\\\/schema\\\/person\\\/5ad3e24553a0567993fa8ed4bd0a776c\",\"name\":\"darka mazi\",\"sameAs\":[\"https:\\\/\\\/darkamazi.info\\\/\"],\"url\":\"https:\\\/\\\/darkamazi.info\\\/archives\\\/author\\\/kurdi\"}]}<\/script>\n<!-- \/ Yoast SEO plugin. -->","seo_head_json":{"title":"PWK: Em \u00ear\u00ee\u015fa n\u00eejadperest\u00ee ya 6 \u00fb 7\u00ea \u00celona 1955\u00ea r\u00fbre\u015f dikin - Darka Maz\u00ee","robots":{"index":"index","follow":"follow","max-snippet":"max-snippet:-1","max-image-preview":"max-image-preview:large","max-video-preview":"max-video-preview:-1"},"canonical":"https:\/\/darkamazi.info\/archives\/1049731","og_locale":"en_US","og_type":"article","og_title":"PWK: Em \u00ear\u00ee\u015fa n\u00eejadperest\u00ee ya 6 \u00fb 7\u00ea \u00celona 1955\u00ea r\u00fbre\u015f dikin - Darka Maz\u00ee","og_description":"Partiya Welatpar\u00eaz\u00ean Kurdistan\u00ea (PWK), di salvegera 70em\u00een a b\u00fbyer\u00ean 6 \u00fb 7\u00ea \u00celona 1955an de, bi daxuyaniyek\u00ea \u00ear\u00ee\u015f \u00fb komkujiy\u00ean li dij\u00ee gel\u00ean nemisilman \u00ean weke R\u00fbm, Ermen\u00ee \u00fb Cih\u00fbyan hatib\u00fbn kirin, \u015fermezar kir. PWK\u00ea di daxuyaniy\u00ea de destn\u00ee\u015fan kir ku ev \u00ear\u00ee\u015f ji aliy\u00ea &#8220;h\u00eaz\u00ean tar\u00ee y\u00ean Dewleta Tirk\u00eeyey\u00ea&#8221; ve hatine organ\u00eezekirin. Daxuyaniya Buroya [&hellip;]","og_url":"https:\/\/darkamazi.info\/archives\/1049731","og_site_name":"Darka Maz\u00ee","article_publisher":"https:\/\/www.facebook.com\/DarMaziKurmanci","article_published_time":"2025-09-06T09:48:29+00:00","og_image":[{"width":900,"height":500,"url":"https:\/\/darkamazi.info\/file\/2025\/05\/PWK-Net.jpg","type":"image\/jpeg"}],"author":"darka mazi","twitter_card":"summary_large_image","twitter_creator":"@DarkaMaziLatini","twitter_site":"@DarkaMaziLatini","twitter_misc":{"Written by":"darka mazi","Est. reading time":"2 minutes"},"schema":{"@context":"https:\/\/schema.org","@graph":[{"@type":"Article","@id":"https:\/\/darkamazi.info\/archives\/1049731#article","isPartOf":{"@id":"https:\/\/darkamazi.info\/archives\/1049731"},"author":{"name":"darka mazi","@id":"https:\/\/darkamazi.info\/#\/schema\/person\/5ad3e24553a0567993fa8ed4bd0a776c"},"headline":"PWK: Em \u00ear\u00ee\u015fa n\u00eejadperest\u00ee ya 6 \u00fb 7\u00ea \u00celona 1955\u00ea r\u00fbre\u015f dikin","datePublished":"2025-09-06T09:48:29+00:00","mainEntityOfPage":{"@id":"https:\/\/darkamazi.info\/archives\/1049731"},"wordCount":311,"publisher":{"@id":"https:\/\/darkamazi.info\/#organization"},"image":{"@id":"https:\/\/darkamazi.info\/archives\/1049731#primaryimage"},"thumbnailUrl":"https:\/\/darkamazi.info\/file\/2025\/05\/PWK-Net.jpg","keywords":["sereke"],"articleSection":["Kurdistan"],"inLanguage":"en-US"},{"@type":"WebPage","@id":"https:\/\/darkamazi.info\/archives\/1049731","url":"https:\/\/darkamazi.info\/archives\/1049731","name":"PWK: Em \u00ear\u00ee\u015fa n\u00eejadperest\u00ee ya 6 \u00fb 7\u00ea \u00celona 1955\u00ea r\u00fbre\u015f dikin - Darka Maz\u00ee","isPartOf":{"@id":"https:\/\/darkamazi.info\/#website"},"primaryImageOfPage":{"@id":"https:\/\/darkamazi.info\/archives\/1049731#primaryimage"},"image":{"@id":"https:\/\/darkamazi.info\/archives\/1049731#primaryimage"},"thumbnailUrl":"https:\/\/darkamazi.info\/file\/2025\/05\/PWK-Net.jpg","datePublished":"2025-09-06T09:48:29+00:00","breadcrumb":{"@id":"https:\/\/darkamazi.info\/archives\/1049731#breadcrumb"},"inLanguage":"en-US","potentialAction":[{"@type":"ReadAction","target":["https:\/\/darkamazi.info\/archives\/1049731"]}]},{"@type":"ImageObject","inLanguage":"en-US","@id":"https:\/\/darkamazi.info\/archives\/1049731#primaryimage","url":"https:\/\/darkamazi.info\/file\/2025\/05\/PWK-Net.jpg","contentUrl":"https:\/\/darkamazi.info\/file\/2025\/05\/PWK-Net.jpg","width":900,"height":500,"caption":"PWK: Jenos\u00eeda D\u00earsim\u00ea xelekek ji siyaseta ji hol\u00ea rakirina milet\u00ea Kurd e"},{"@type":"BreadcrumbList","@id":"https:\/\/darkamazi.info\/archives\/1049731#breadcrumb","itemListElement":[{"@type":"ListItem","position":1,"name":"Home","item":"https:\/\/darkamazi.info\/"},{"@type":"ListItem","position":2,"name":"PWK: Em \u00ear\u00ee\u015fa n\u00eejadperest\u00ee ya 6 \u00fb 7\u00ea \u00celona 1955\u00ea r\u00fbre\u015f dikin"}]},{"@type":"WebSite","@id":"https:\/\/darkamazi.info\/#website","url":"https:\/\/darkamazi.info\/","name":"Darka Maz\u00ee","description":"P\u00eageha Zanyariy\u00ean Nebih\u00eest\u00ee","publisher":{"@id":"https:\/\/darkamazi.info\/#organization"},"potentialAction":[{"@type":"SearchAction","target":{"@type":"EntryPoint","urlTemplate":"https:\/\/darkamazi.info\/?s={search_term_string}"},"query-input":{"@type":"PropertyValueSpecification","valueRequired":true,"valueName":"search_term_string"}}],"inLanguage":"en-US"},{"@type":"Organization","@id":"https:\/\/darkamazi.info\/#organization","name":"Darka Maz\u00ee","url":"https:\/\/darkamazi.info\/","logo":{"@type":"ImageObject","inLanguage":"en-US","@id":"https:\/\/darkamazi.info\/#\/schema\/logo\/image\/","url":"https:\/\/darkamazi.info\/file\/2017\/12\/darka-mazi-logo.png","contentUrl":"https:\/\/darkamazi.info\/file\/2017\/12\/darka-mazi-logo.png","width":151,"height":75,"caption":"Darka Maz\u00ee"},"image":{"@id":"https:\/\/darkamazi.info\/#\/schema\/logo\/image\/"},"sameAs":["https:\/\/www.facebook.com\/DarMaziKurmanci","https:\/\/x.com\/DarkaMaziLatini","https:\/\/www.instagram.com\/darkamazi.kurmanci\/","https:\/\/www.youtube.com\/channel\/UCa5HkTdmI8U1qCUFuTw8B2g"]},{"@type":"Person","@id":"https:\/\/darkamazi.info\/#\/schema\/person\/5ad3e24553a0567993fa8ed4bd0a776c","name":"darka mazi","sameAs":["https:\/\/darkamazi.info\/"],"url":"https:\/\/darkamazi.info\/archives\/author\/kurdi"}]}},"_links":{"self":[{"href":"https:\/\/darkamazi.info\/funavuv\/wp\/v2\/posts\/1049731","targetHints":{"allow":["GET"]}}],"collection":[{"href":"https:\/\/darkamazi.info\/funavuv\/wp\/v2\/posts"}],"about":[{"href":"https:\/\/darkamazi.info\/funavuv\/wp\/v2\/types\/post"}],"author":[{"embeddable":true,"href":"https:\/\/darkamazi.info\/funavuv\/wp\/v2\/users\/2"}],"replies":[{"embeddable":true,"href":"https:\/\/darkamazi.info\/funavuv\/wp\/v2\/comments?post=1049731"}],"version-history":[{"count":0,"href":"https:\/\/darkamazi.info\/funavuv\/wp\/v2\/posts\/1049731\/revisions"}],"wp:featuredmedia":[{"embeddable":true,"href":"https:\/\/darkamazi.info\/funavuv\/wp\/v2\/media\/1048162"}],"wp:attachment":[{"href":"https:\/\/darkamazi.info\/funavuv\/wp\/v2\/media?parent=1049731"}],"wp:term":[{"taxonomy":"category","embeddable":true,"href":"https:\/\/darkamazi.info\/funavuv\/wp\/v2\/categories?post=1049731"},{"taxonomy":"post_tag","embeddable":true,"href":"https:\/\/darkamazi.info\/funavuv\/wp\/v2\/tags?post=1049731"}],"curies":[{"name":"wp","href":"https:\/\/api.w.org\/{rel}","templated":true}]}}