{"id":1049733,"date":"2025-09-06T16:44:35","date_gmt":"2025-09-06T13:44:35","guid":{"rendered":"https:\/\/darkamazi.info\/?p=1049733"},"modified":"2025-09-06T16:44:35","modified_gmt":"2025-09-06T13:44:35","slug":"ocalan-demirtas-rexne-dike-u-dibeje-sas-bu-ku-li-diji-erdogan-sekini","status":"publish","type":"post","link":"https:\/\/darkamazi.info\/archives\/1049733","title":{"rendered":"Ocalan Dem\u00eerta\u015f rexne dike \u00fb dib\u00eaje: \u015fa\u015f b\u00fb ku li dij\u00ee Erdogan sekin\u00ee"},"content":{"rendered":"<h3 style=\"text-align: justify\"><span style=\"font-family: 'arial black', sans-serif\">Evdilla Ocalan, serok\u00ea zindankir\u00ee y\u00ea PKK\u2019\u00ea, Selahatt\u00een Dem\u00eerta\u015f, Hevserok\u00ea ber\u00ea y\u00ea HDP\u2019\u00ea ji ber daxuyaniya w\u00ee ya di sala 2015an de ya di nava parlementoya Tirkiyey\u00ea ku t\u00ea de gotib\u00fb, &#8220;Erdogan heya ku nefesa HDP\u2019\u00ea mabe di v\u00ee welat\u00ee de em te nakin serok, em te nakin serok, em te nakin serok&#8221;, rexne kir.<\/span><\/h3>\n<h3 style=\"text-align: justify\">Aytunc Erkin rojnamevan di rojnameya &#8220;Sozc\u00fb&#8221; ya Tirkiyey\u00ea ragihand, Ocalan dema bi \u015fanda \u00cemraliy\u00ea re civiyay, di derbara Dem\u00eerta\u015f de axiv\u00eeye \u00fb gotiye, Dem\u00eerta\u015f \u015fa\u015fit\u00ee kiriye ku li dij\u00ee Recep Tayyip Erdogan sekiniye \u00fb nedib\u00fb di sala 2015an de bi w\u00ee awa li dij\u00ee Erdogan bisekine.<\/h3>\n<h3 style=\"text-align: justify\">Aytunc Erkin dib\u00eaje, Ocalan di 6\u00ee Tem\u00fbz\u00ea de, dema bi \u015fanda \u00cemraliy\u00ea re civ\u00eeyaye, di derbara desteserkirina Dem\u00eerta\u015f de axiviye \u00fb gotiye, &#8220;mijareke din ji Erdogan re \u015f\u00eerove bikin \u00fb bi w\u00ee bigih\u00eenin, bas\u00ee w\u00ea qonaxa d\u00eerok\u00ee j\u00ea re bikin, min di razanxaney\u00ean dewlet\u00ea de xwendiye \u00fb heyan\u00ee virr an\u00eeye, ez dizanim dewlet \u00e7awa kurdan nas dike \u00fb min ev yek f\u00eam kiriye, em dikarin li dij\u00ee Kemal\u00eestan bixebitin, l\u00ea away\u00ea r\u00eabertiya min cudaye, dema Dem\u00eerta\u015f ji Erdogan re got, em te nakin serok, ew \u015fa\u015f b\u00fb, min weke Ocalan ev pirsgir\u00eak tuneye ku dibe serok yan na, ez bi Erdogan re bas\u00ee esas\u00ea pirsgir\u00eakan dikim \u00fb di v\u00ea derbar\u00ea de p\u00ea re dicivim \u00fb niha j\u00ee h\u00fbn bi n\u00fbnertiya min p\u00ea re dicivin. Civ\u00een\u00ean min bi Erdogan re ji boy v\u00ea yek\u00ea n\u00eene ku partiyek rast\u00ee \u015fikestin\u00ea were \u00fb partiyeke din bi ser bikeve, ger ev p\u00eak were div\u00ea di \u00e7ar\u00e7oveya hevpeymaniyeke demokrat\u00eek de be. Dema ji Erdogan re dib\u00eaj\u00ee em te nakin serok, ev \u015fa\u015fit\u00eeya Dem\u00eerta\u015f \u00fb Siri Suraya Onder b\u00fb, ne hewceb\u00fb li dij\u00ee Erdogan bisekinin, ez bawr dikim Dem\u00eerta\u015f \u015fa\u015fit\u00eeya xwe f\u00eam kiriye.&#8221;<\/h3>\n<h3 style=\"text-align: justify\">Ocalan, ji \u015fanda \u00cemraliy\u00ea re gotiye, bila h\u00fbn bi Ozg\u00fbr Ozel, serok\u00ea CHP\u2019\u00ea re j\u00ee bicivin \u00fb silav\u00ean min j\u00ea re hene \u00fb j\u00ea re bib\u00eajin komployeke xeternak heye, loma div\u00ea hevpeymaniyeke Demokrat p\u00eak were daku ji v\u00ea komploy\u00ea parast\u00ee bin.<\/h3>\n","protected":false},"excerpt":{"rendered":"<p>Evdilla Ocalan, serok\u00ea zindankir\u00ee y\u00ea PKK\u2019\u00ea, Selahatt\u00een Dem\u00eerta\u015f, Hevserok\u00ea ber\u00ea y\u00ea HDP\u2019\u00ea ji ber daxuyaniya w\u00ee ya di sala 2015an de ya di nava parlementoya Tirkiyey\u00ea ku t\u00ea de gotib\u00fb, &#8220;Erdogan heya ku nefesa HDP\u2019\u00ea mabe di v\u00ee welat\u00ee de em te nakin serok, em te nakin serok, em te nakin serok&#8221;, rexne kir. Aytunc [&hellip;]<\/p>\n","protected":false},"author":2,"featured_media":1049734,"comment_status":"closed","ping_status":"closed","sticky":false,"template":"","format":"standard","meta":{"footnotes":""},"categories":[29],"tags":[37],"class_list":["post-1049733","post","type-post","status-publish","format-standard","has-post-thumbnail","hentry","category-kurdistan","tag-sereke"],"blocksy_meta":[],"seo_head":"<!-- This site is optimized with the Yoast SEO plugin v27.5 - https:\/\/yoast.com\/product\/yoast-seo-wordpress\/ -->\n<title>Ocalan Dem\u00eerta\u015f rexne dike \u00fb dib\u00eaje: \u015fa\u015f b\u00fb ku li dij\u00ee Erdogan sekin\u00ee - Darka Maz\u00ee<\/title>\n<meta name=\"robots\" content=\"index, follow, max-snippet:-1, max-image-preview:large, max-video-preview:-1\" \/>\n<link rel=\"canonical\" href=\"https:\/\/darkamazi.info\/archives\/1049733\" \/>\n<meta property=\"og:locale\" content=\"en_US\" \/>\n<meta property=\"og:type\" content=\"article\" \/>\n<meta property=\"og:title\" content=\"Ocalan Dem\u00eerta\u015f rexne dike \u00fb dib\u00eaje: \u015fa\u015f b\u00fb ku li dij\u00ee Erdogan sekin\u00ee - Darka Maz\u00ee\" \/>\n<meta property=\"og:description\" content=\"Evdilla Ocalan, serok\u00ea zindankir\u00ee y\u00ea PKK\u2019\u00ea, Selahatt\u00een Dem\u00eerta\u015f, Hevserok\u00ea ber\u00ea y\u00ea HDP\u2019\u00ea ji ber daxuyaniya w\u00ee ya di sala 2015an de ya di nava parlementoya Tirkiyey\u00ea ku t\u00ea de gotib\u00fb, &#8220;Erdogan heya ku nefesa HDP\u2019\u00ea mabe di v\u00ee welat\u00ee de em te nakin serok, em te nakin serok, em te nakin serok&#8221;, rexne kir. Aytunc [&hellip;]\" \/>\n<meta property=\"og:url\" content=\"https:\/\/darkamazi.info\/archives\/1049733\" \/>\n<meta property=\"og:site_name\" content=\"Darka Maz\u00ee\" \/>\n<meta property=\"article:publisher\" content=\"https:\/\/www.facebook.com\/DarMaziKurmanci\" \/>\n<meta property=\"article:published_time\" content=\"2025-09-06T13:44:35+00:00\" \/>\n<meta property=\"og:image\" content=\"https:\/\/darkamazi.info\/file\/2025\/09\/ocalan-demirtas.jpg\" \/>\n\t<meta property=\"og:image:width\" content=\"900\" \/>\n\t<meta property=\"og:image:height\" content=\"497\" \/>\n\t<meta property=\"og:image:type\" content=\"image\/jpeg\" \/>\n<meta name=\"author\" content=\"darka mazi\" \/>\n<meta name=\"twitter:card\" content=\"summary_large_image\" \/>\n<meta name=\"twitter:creator\" content=\"@DarkaMaziLatini\" \/>\n<meta name=\"twitter:site\" content=\"@DarkaMaziLatini\" \/>\n<meta name=\"twitter:label1\" content=\"Written by\" \/>\n\t<meta name=\"twitter:data1\" content=\"darka mazi\" \/>\n\t<meta name=\"twitter:label2\" content=\"Est. reading time\" \/>\n\t<meta name=\"twitter:data2\" content=\"2 minutes\" \/>\n<script type=\"application\/ld+json\" class=\"seo-schema-graph\">{\"@context\":\"https:\\\/\\\/schema.org\",\"@graph\":[{\"@type\":\"Article\",\"@id\":\"https:\\\/\\\/darkamazi.info\\\/archives\\\/1049733#article\",\"isPartOf\":{\"@id\":\"https:\\\/\\\/darkamazi.info\\\/archives\\\/1049733\"},\"author\":{\"name\":\"darka mazi\",\"@id\":\"https:\\\/\\\/darkamazi.info\\\/#\\\/schema\\\/person\\\/5ad3e24553a0567993fa8ed4bd0a776c\"},\"headline\":\"Ocalan Dem\u00eerta\u015f rexne dike \u00fb dib\u00eaje: \u015fa\u015f b\u00fb ku li dij\u00ee Erdogan sekin\u00ee\",\"datePublished\":\"2025-09-06T13:44:35+00:00\",\"mainEntityOfPage\":{\"@id\":\"https:\\\/\\\/darkamazi.info\\\/archives\\\/1049733\"},\"wordCount\":370,\"publisher\":{\"@id\":\"https:\\\/\\\/darkamazi.info\\\/#organization\"},\"image\":{\"@id\":\"https:\\\/\\\/darkamazi.info\\\/archives\\\/1049733#primaryimage\"},\"thumbnailUrl\":\"https:\\\/\\\/darkamazi.info\\\/darka-content\\\/uploads\\\/2025\\\/09\\\/ocalan-demirtas.jpg\",\"keywords\":[\"sereke\"],\"articleSection\":[\"Kurdistan\"],\"inLanguage\":\"en-US\"},{\"@type\":\"WebPage\",\"@id\":\"https:\\\/\\\/darkamazi.info\\\/archives\\\/1049733\",\"url\":\"https:\\\/\\\/darkamazi.info\\\/archives\\\/1049733\",\"name\":\"Ocalan Dem\u00eerta\u015f rexne dike \u00fb dib\u00eaje: \u015fa\u015f b\u00fb ku li dij\u00ee Erdogan sekin\u00ee - Darka Maz\u00ee\",\"isPartOf\":{\"@id\":\"https:\\\/\\\/darkamazi.info\\\/#website\"},\"primaryImageOfPage\":{\"@id\":\"https:\\\/\\\/darkamazi.info\\\/archives\\\/1049733#primaryimage\"},\"image\":{\"@id\":\"https:\\\/\\\/darkamazi.info\\\/archives\\\/1049733#primaryimage\"},\"thumbnailUrl\":\"https:\\\/\\\/darkamazi.info\\\/darka-content\\\/uploads\\\/2025\\\/09\\\/ocalan-demirtas.jpg\",\"datePublished\":\"2025-09-06T13:44:35+00:00\",\"breadcrumb\":{\"@id\":\"https:\\\/\\\/darkamazi.info\\\/archives\\\/1049733#breadcrumb\"},\"inLanguage\":\"en-US\",\"potentialAction\":[{\"@type\":\"ReadAction\",\"target\":[\"https:\\\/\\\/darkamazi.info\\\/archives\\\/1049733\"]}]},{\"@type\":\"ImageObject\",\"inLanguage\":\"en-US\",\"@id\":\"https:\\\/\\\/darkamazi.info\\\/archives\\\/1049733#primaryimage\",\"url\":\"https:\\\/\\\/darkamazi.info\\\/darka-content\\\/uploads\\\/2025\\\/09\\\/ocalan-demirtas.jpg\",\"contentUrl\":\"https:\\\/\\\/darkamazi.info\\\/darka-content\\\/uploads\\\/2025\\\/09\\\/ocalan-demirtas.jpg\",\"width\":900,\"height\":497,\"caption\":\"Ocalan Dem\u00eerta\u015f rexne dike \u00fb dib\u00eaje: \u015fa\u015f b\u00fb ku li dij\u00ee Erdogan sekin\u00ee\"},{\"@type\":\"BreadcrumbList\",\"@id\":\"https:\\\/\\\/darkamazi.info\\\/archives\\\/1049733#breadcrumb\",\"itemListElement\":[{\"@type\":\"ListItem\",\"position\":1,\"name\":\"Home\",\"item\":\"https:\\\/\\\/darkamazi.info\\\/\"},{\"@type\":\"ListItem\",\"position\":2,\"name\":\"Ocalan Dem\u00eerta\u015f rexne dike \u00fb dib\u00eaje: \u015fa\u015f b\u00fb ku li dij\u00ee Erdogan sekin\u00ee\"}]},{\"@type\":\"WebSite\",\"@id\":\"https:\\\/\\\/darkamazi.info\\\/#website\",\"url\":\"https:\\\/\\\/darkamazi.info\\\/\",\"name\":\"Darka Maz\u00ee\",\"description\":\"P\u00eageha Zanyariy\u00ean Nebih\u00eest\u00ee\",\"publisher\":{\"@id\":\"https:\\\/\\\/darkamazi.info\\\/#organization\"},\"potentialAction\":[{\"@type\":\"SearchAction\",\"target\":{\"@type\":\"EntryPoint\",\"urlTemplate\":\"https:\\\/\\\/darkamazi.info\\\/?s={search_term_string}\"},\"query-input\":{\"@type\":\"PropertyValueSpecification\",\"valueRequired\":true,\"valueName\":\"search_term_string\"}}],\"inLanguage\":\"en-US\"},{\"@type\":\"Organization\",\"@id\":\"https:\\\/\\\/darkamazi.info\\\/#organization\",\"name\":\"Darka Maz\u00ee\",\"url\":\"https:\\\/\\\/darkamazi.info\\\/\",\"logo\":{\"@type\":\"ImageObject\",\"inLanguage\":\"en-US\",\"@id\":\"https:\\\/\\\/darkamazi.info\\\/#\\\/schema\\\/logo\\\/image\\\/\",\"url\":\"https:\\\/\\\/darkamazi.info\\\/darka-content\\\/uploads\\\/2017\\\/12\\\/darka-mazi-logo.png\",\"contentUrl\":\"https:\\\/\\\/darkamazi.info\\\/darka-content\\\/uploads\\\/2017\\\/12\\\/darka-mazi-logo.png\",\"width\":151,\"height\":75,\"caption\":\"Darka Maz\u00ee\"},\"image\":{\"@id\":\"https:\\\/\\\/darkamazi.info\\\/#\\\/schema\\\/logo\\\/image\\\/\"},\"sameAs\":[\"https:\\\/\\\/www.facebook.com\\\/DarMaziKurmanci\",\"https:\\\/\\\/x.com\\\/DarkaMaziLatini\",\"https:\\\/\\\/www.instagram.com\\\/darkamazi.kurmanci\\\/\",\"https:\\\/\\\/www.youtube.com\\\/channel\\\/UCa5HkTdmI8U1qCUFuTw8B2g\"]},{\"@type\":\"Person\",\"@id\":\"https:\\\/\\\/darkamazi.info\\\/#\\\/schema\\\/person\\\/5ad3e24553a0567993fa8ed4bd0a776c\",\"name\":\"darka mazi\",\"sameAs\":[\"https:\\\/\\\/darkamazi.info\\\/\"],\"url\":\"https:\\\/\\\/darkamazi.info\\\/archives\\\/author\\\/kurdi\"}]}<\/script>\n<!-- \/ Yoast SEO plugin. -->","seo_head_json":{"title":"Ocalan Dem\u00eerta\u015f rexne dike \u00fb dib\u00eaje: \u015fa\u015f b\u00fb ku li dij\u00ee Erdogan sekin\u00ee - Darka Maz\u00ee","robots":{"index":"index","follow":"follow","max-snippet":"max-snippet:-1","max-image-preview":"max-image-preview:large","max-video-preview":"max-video-preview:-1"},"canonical":"https:\/\/darkamazi.info\/archives\/1049733","og_locale":"en_US","og_type":"article","og_title":"Ocalan Dem\u00eerta\u015f rexne dike \u00fb dib\u00eaje: \u015fa\u015f b\u00fb ku li dij\u00ee Erdogan sekin\u00ee - Darka Maz\u00ee","og_description":"Evdilla Ocalan, serok\u00ea zindankir\u00ee y\u00ea PKK\u2019\u00ea, Selahatt\u00een Dem\u00eerta\u015f, Hevserok\u00ea ber\u00ea y\u00ea HDP\u2019\u00ea ji ber daxuyaniya w\u00ee ya di sala 2015an de ya di nava parlementoya Tirkiyey\u00ea ku t\u00ea de gotib\u00fb, &#8220;Erdogan heya ku nefesa HDP\u2019\u00ea mabe di v\u00ee welat\u00ee de em te nakin serok, em te nakin serok, em te nakin serok&#8221;, rexne kir. Aytunc [&hellip;]","og_url":"https:\/\/darkamazi.info\/archives\/1049733","og_site_name":"Darka Maz\u00ee","article_publisher":"https:\/\/www.facebook.com\/DarMaziKurmanci","article_published_time":"2025-09-06T13:44:35+00:00","og_image":[{"width":900,"height":497,"url":"https:\/\/darkamazi.info\/file\/2025\/09\/ocalan-demirtas.jpg","type":"image\/jpeg"}],"author":"darka mazi","twitter_card":"summary_large_image","twitter_creator":"@DarkaMaziLatini","twitter_site":"@DarkaMaziLatini","twitter_misc":{"Written by":"darka mazi","Est. reading time":"2 minutes"},"schema":{"@context":"https:\/\/schema.org","@graph":[{"@type":"Article","@id":"https:\/\/darkamazi.info\/archives\/1049733#article","isPartOf":{"@id":"https:\/\/darkamazi.info\/archives\/1049733"},"author":{"name":"darka mazi","@id":"https:\/\/darkamazi.info\/#\/schema\/person\/5ad3e24553a0567993fa8ed4bd0a776c"},"headline":"Ocalan Dem\u00eerta\u015f rexne dike \u00fb dib\u00eaje: \u015fa\u015f b\u00fb ku li dij\u00ee Erdogan sekin\u00ee","datePublished":"2025-09-06T13:44:35+00:00","mainEntityOfPage":{"@id":"https:\/\/darkamazi.info\/archives\/1049733"},"wordCount":370,"publisher":{"@id":"https:\/\/darkamazi.info\/#organization"},"image":{"@id":"https:\/\/darkamazi.info\/archives\/1049733#primaryimage"},"thumbnailUrl":"https:\/\/darkamazi.info\/file\/2025\/09\/ocalan-demirtas.jpg","keywords":["sereke"],"articleSection":["Kurdistan"],"inLanguage":"en-US"},{"@type":"WebPage","@id":"https:\/\/darkamazi.info\/archives\/1049733","url":"https:\/\/darkamazi.info\/archives\/1049733","name":"Ocalan Dem\u00eerta\u015f rexne dike \u00fb dib\u00eaje: \u015fa\u015f b\u00fb ku li dij\u00ee Erdogan sekin\u00ee - Darka Maz\u00ee","isPartOf":{"@id":"https:\/\/darkamazi.info\/#website"},"primaryImageOfPage":{"@id":"https:\/\/darkamazi.info\/archives\/1049733#primaryimage"},"image":{"@id":"https:\/\/darkamazi.info\/archives\/1049733#primaryimage"},"thumbnailUrl":"https:\/\/darkamazi.info\/file\/2025\/09\/ocalan-demirtas.jpg","datePublished":"2025-09-06T13:44:35+00:00","breadcrumb":{"@id":"https:\/\/darkamazi.info\/archives\/1049733#breadcrumb"},"inLanguage":"en-US","potentialAction":[{"@type":"ReadAction","target":["https:\/\/darkamazi.info\/archives\/1049733"]}]},{"@type":"ImageObject","inLanguage":"en-US","@id":"https:\/\/darkamazi.info\/archives\/1049733#primaryimage","url":"https:\/\/darkamazi.info\/file\/2025\/09\/ocalan-demirtas.jpg","contentUrl":"https:\/\/darkamazi.info\/file\/2025\/09\/ocalan-demirtas.jpg","width":900,"height":497,"caption":"Ocalan Dem\u00eerta\u015f rexne dike \u00fb dib\u00eaje: \u015fa\u015f b\u00fb ku li dij\u00ee Erdogan sekin\u00ee"},{"@type":"BreadcrumbList","@id":"https:\/\/darkamazi.info\/archives\/1049733#breadcrumb","itemListElement":[{"@type":"ListItem","position":1,"name":"Home","item":"https:\/\/darkamazi.info\/"},{"@type":"ListItem","position":2,"name":"Ocalan Dem\u00eerta\u015f rexne dike \u00fb dib\u00eaje: \u015fa\u015f b\u00fb ku li dij\u00ee Erdogan sekin\u00ee"}]},{"@type":"WebSite","@id":"https:\/\/darkamazi.info\/#website","url":"https:\/\/darkamazi.info\/","name":"Darka Maz\u00ee","description":"P\u00eageha Zanyariy\u00ean Nebih\u00eest\u00ee","publisher":{"@id":"https:\/\/darkamazi.info\/#organization"},"potentialAction":[{"@type":"SearchAction","target":{"@type":"EntryPoint","urlTemplate":"https:\/\/darkamazi.info\/?s={search_term_string}"},"query-input":{"@type":"PropertyValueSpecification","valueRequired":true,"valueName":"search_term_string"}}],"inLanguage":"en-US"},{"@type":"Organization","@id":"https:\/\/darkamazi.info\/#organization","name":"Darka Maz\u00ee","url":"https:\/\/darkamazi.info\/","logo":{"@type":"ImageObject","inLanguage":"en-US","@id":"https:\/\/darkamazi.info\/#\/schema\/logo\/image\/","url":"https:\/\/darkamazi.info\/file\/2017\/12\/darka-mazi-logo.png","contentUrl":"https:\/\/darkamazi.info\/file\/2017\/12\/darka-mazi-logo.png","width":151,"height":75,"caption":"Darka Maz\u00ee"},"image":{"@id":"https:\/\/darkamazi.info\/#\/schema\/logo\/image\/"},"sameAs":["https:\/\/www.facebook.com\/DarMaziKurmanci","https:\/\/x.com\/DarkaMaziLatini","https:\/\/www.instagram.com\/darkamazi.kurmanci\/","https:\/\/www.youtube.com\/channel\/UCa5HkTdmI8U1qCUFuTw8B2g"]},{"@type":"Person","@id":"https:\/\/darkamazi.info\/#\/schema\/person\/5ad3e24553a0567993fa8ed4bd0a776c","name":"darka mazi","sameAs":["https:\/\/darkamazi.info\/"],"url":"https:\/\/darkamazi.info\/archives\/author\/kurdi"}]}},"_links":{"self":[{"href":"https:\/\/darkamazi.info\/funavuv\/wp\/v2\/posts\/1049733","targetHints":{"allow":["GET"]}}],"collection":[{"href":"https:\/\/darkamazi.info\/funavuv\/wp\/v2\/posts"}],"about":[{"href":"https:\/\/darkamazi.info\/funavuv\/wp\/v2\/types\/post"}],"author":[{"embeddable":true,"href":"https:\/\/darkamazi.info\/funavuv\/wp\/v2\/users\/2"}],"replies":[{"embeddable":true,"href":"https:\/\/darkamazi.info\/funavuv\/wp\/v2\/comments?post=1049733"}],"version-history":[{"count":0,"href":"https:\/\/darkamazi.info\/funavuv\/wp\/v2\/posts\/1049733\/revisions"}],"wp:featuredmedia":[{"embeddable":true,"href":"https:\/\/darkamazi.info\/funavuv\/wp\/v2\/media\/1049734"}],"wp:attachment":[{"href":"https:\/\/darkamazi.info\/funavuv\/wp\/v2\/media?parent=1049733"}],"wp:term":[{"taxonomy":"category","embeddable":true,"href":"https:\/\/darkamazi.info\/funavuv\/wp\/v2\/categories?post=1049733"},{"taxonomy":"post_tag","embeddable":true,"href":"https:\/\/darkamazi.info\/funavuv\/wp\/v2\/tags?post=1049733"}],"curies":[{"name":"wp","href":"https:\/\/api.w.org\/{rel}","templated":true}]}}