{"id":1049739,"date":"2025-09-07T10:29:38","date_gmt":"2025-09-07T07:29:38","guid":{"rendered":"https:\/\/darkamazi.info\/?p=1049739"},"modified":"2025-09-07T10:29:38","modified_gmt":"2025-09-07T07:29:38","slug":"sores-ismail-nave-pesmerge-li-seransere-cihane-buye-sembol","status":"publish","type":"post","link":"https:\/\/darkamazi.info\/archives\/1049739","title":{"rendered":"\u015eore\u015f \u00cesma\u00eel: Nav\u00ea P\u00ea\u015fmerge li seranser\u00ea c\u00eehan\u00ea b\u00fbye sembol"},"content":{"rendered":"<h3 style=\"text-align: justify\"><span style=\"font-family: 'arial black', sans-serif\">Li paytexta Par\u00ees\u00ea, bi amadeb\u00fbna Serok Mes\u00fbd Barzan\u00ee \u00fb \u015earedara Par\u00ees\u00ea Anne H\u00eedalgo, kolaneke n\u00fb ya bi nav\u00ea &#8220;P\u00ea\u015fmerge&#8221; hat vekirin. Wez\u00eer\u00ea P\u00ea\u015fmerge y\u00ea Her\u00eama Kurdistan\u00ea j\u00ee ev p\u00eangav weke cih\u00ea serbilindiy\u00ea bi nav kir.<\/span><\/h3>\n<h3 style=\"text-align: justify\">Wez\u00eer\u00ea P\u00ea\u015fmerge y\u00ea Her\u00eama Kurdistan\u00ea \u015eore\u015f \u00cesma\u00eel duh 6\u00ea \u00celon\u00ea di konferanseke rojnamevan\u00ee de ragihand, nav\u00ea P\u00ea\u015fmerge li seranser\u00ea c\u00eehan\u00ea b\u00fbye sembola lehengiy\u00ea. Nav\u00ea P\u00ea\u015fmerge li seranser\u00ea c\u00eehan\u00ea b\u00fbye sembol. Welatiy\u00ean Ewrop\u00ee \u00fb Amer\u00eek\u00ee v\u00ee nav\u00ee ba\u015f nas dikin.&#8221;<\/h3>\n<h3 style=\"text-align: justify\">Wez\u00eer\u00ea P\u00ea\u015fmerge herwiha da zan\u00een, P\u00ea\u015fmerge bi hezaran \u015feh\u00eed di oxira t\u00eakbirina teror\u00eestan de dane \u00fb got: &#8220;Navl\u00eakirina her cihek\u00ee bi nav\u00ea P\u00ea\u015fmerge cih\u00ea serbilind\u00ee \u00fb destxwe\u015fiy\u00ea ye.&#8221;<\/h3>\n<h3 style=\"text-align: justify\">Roja \u00cen\u00ea, 5\u00ea \u00celona 2025an, li Parka Andre-Citro\u00ebn a Par\u00ees\u00ea, meras\u00eemeke taybet ji bo vekirina &#8220;Kolana P\u00ea\u015fmerge&#8221; hat lidarxistin. Di meras\u00eem\u00ea de Serok Mes\u00fbd Barzan\u00ee, \u015earedara Par\u00ees\u00ea Anne H\u00eedalgo, hejmareke mezin ji berpirs\u00ean \u00eedar\u00ee, kesayet\u00ee \u00fb rew\u015fenb\u00eer\u00ean Frans\u00ee, \u015fanda Par\u00eazgeha Hewl\u00ear\u00ea, p\u00ea\u015fmergey\u00ean d\u00ear\u00een \u00fb Kurd\u00ean li Ewropa \u00fb Fransay\u00ea dij\u00een amade b\u00fbn.<\/h3>\n<h3 style=\"text-align: justify\">Di destp\u00eaka meras\u00eem\u00ea de, Serok Barzan\u00ee perde li ser tabloya \u015eeqama P\u00ea\u015fmerge rakir \u00fb bi ferm\u00ee \u015feqam vekir.<\/h3>\n<h3 style=\"text-align: justify\">Pi\u015ftre, \u015earedara Par\u00ees\u00ea Anne H\u00eedalgo gotarek p\u00ea\u015fk\u00ea\u015f kir \u00fb rola P\u00ea\u015fmerge \u00fb Her\u00eama Kurdistan\u00ea di t\u00eako\u015f\u00eena li dij\u00ee teror\u00ea de bilind nirxand \u00fb ev p\u00eangav weke r\u00eazgirtinek\u00ea ji bo qurban\u00eedana P\u00ea\u015fmerge bi nav kir.<\/h3>\n<h3 style=\"text-align: justify\">Herwiha Serok Barzan\u00ee j\u00ee di gotara xwe de k\u00eafxwe\u015fiya xwe ji bo serdana Par\u00ees\u00ea \u00fb navl\u00eakirina \u015feqamek\u00ea bi nav\u00ea P\u00ea\u015fmerge an\u00ee ziman \u00fb spasiya gel \u00fb hik\u00fbmeta Fransay\u00ea kir. Pi\u015ft\u00ee gotara xwe, Serok Barzan\u00ee weke r\u00eazgirtin, medalyayek p\u00ea\u015fk\u00ea\u015f\u00ee p\u00ea\u015fmergeyek\u00ee bir\u00eendar\u00ea \u015fer\u00ea li dij\u00ee DAI\u015e\u00ea kir.<\/h3>\n","protected":false},"excerpt":{"rendered":"<p>Li paytexta Par\u00ees\u00ea, bi amadeb\u00fbna Serok Mes\u00fbd Barzan\u00ee \u00fb \u015earedara Par\u00ees\u00ea Anne H\u00eedalgo, kolaneke n\u00fb ya bi nav\u00ea &#8220;P\u00ea\u015fmerge&#8221; hat vekirin. Wez\u00eer\u00ea P\u00ea\u015fmerge y\u00ea Her\u00eama Kurdistan\u00ea j\u00ee ev p\u00eangav weke cih\u00ea serbilindiy\u00ea bi nav kir. Wez\u00eer\u00ea P\u00ea\u015fmerge y\u00ea Her\u00eama Kurdistan\u00ea \u015eore\u015f \u00cesma\u00eel duh 6\u00ea \u00celon\u00ea di konferanseke rojnamevan\u00ee de ragihand, nav\u00ea P\u00ea\u015fmerge li seranser\u00ea c\u00eehan\u00ea [&hellip;]<\/p>\n","protected":false},"author":2,"featured_media":1049740,"comment_status":"closed","ping_status":"closed","sticky":false,"template":"","format":"standard","meta":{"footnotes":""},"categories":[29],"tags":[37],"class_list":["post-1049739","post","type-post","status-publish","format-standard","has-post-thumbnail","hentry","category-kurdistan","tag-sereke"],"blocksy_meta":[],"seo_head":"<!-- This site is optimized with the Yoast SEO plugin v27.5 - https:\/\/yoast.com\/product\/yoast-seo-wordpress\/ -->\n<title>\u015eore\u015f \u00cesma\u00eel: Nav\u00ea P\u00ea\u015fmerge li seranser\u00ea c\u00eehan\u00ea b\u00fbye sembol - Darka Maz\u00ee<\/title>\n<meta name=\"robots\" content=\"index, follow, max-snippet:-1, max-image-preview:large, max-video-preview:-1\" \/>\n<link rel=\"canonical\" href=\"https:\/\/darkamazi.info\/archives\/1049739\" \/>\n<meta property=\"og:locale\" content=\"en_US\" \/>\n<meta property=\"og:type\" content=\"article\" \/>\n<meta property=\"og:title\" content=\"\u015eore\u015f \u00cesma\u00eel: Nav\u00ea P\u00ea\u015fmerge li seranser\u00ea c\u00eehan\u00ea b\u00fbye sembol - Darka Maz\u00ee\" \/>\n<meta property=\"og:description\" content=\"Li paytexta Par\u00ees\u00ea, bi amadeb\u00fbna Serok Mes\u00fbd Barzan\u00ee \u00fb \u015earedara Par\u00ees\u00ea Anne H\u00eedalgo, kolaneke n\u00fb ya bi nav\u00ea &#8220;P\u00ea\u015fmerge&#8221; hat vekirin. Wez\u00eer\u00ea P\u00ea\u015fmerge y\u00ea Her\u00eama Kurdistan\u00ea j\u00ee ev p\u00eangav weke cih\u00ea serbilindiy\u00ea bi nav kir. Wez\u00eer\u00ea P\u00ea\u015fmerge y\u00ea Her\u00eama Kurdistan\u00ea \u015eore\u015f \u00cesma\u00eel duh 6\u00ea \u00celon\u00ea di konferanseke rojnamevan\u00ee de ragihand, nav\u00ea P\u00ea\u015fmerge li seranser\u00ea c\u00eehan\u00ea [&hellip;]\" \/>\n<meta property=\"og:url\" content=\"https:\/\/darkamazi.info\/archives\/1049739\" \/>\n<meta property=\"og:site_name\" content=\"Darka Maz\u00ee\" \/>\n<meta property=\"article:publisher\" content=\"https:\/\/www.facebook.com\/DarMaziKurmanci\" \/>\n<meta property=\"article:published_time\" content=\"2025-09-07T07:29:38+00:00\" \/>\n<meta property=\"og:image\" content=\"https:\/\/darkamazi.info\/file\/2025\/09\/wezire-pesmerge.jpg\" \/>\n\t<meta property=\"og:image:width\" content=\"900\" \/>\n\t<meta property=\"og:image:height\" content=\"497\" \/>\n\t<meta property=\"og:image:type\" content=\"image\/jpeg\" \/>\n<meta name=\"author\" content=\"darka mazi\" \/>\n<meta name=\"twitter:card\" content=\"summary_large_image\" \/>\n<meta name=\"twitter:creator\" content=\"@DarkaMaziLatini\" \/>\n<meta name=\"twitter:site\" content=\"@DarkaMaziLatini\" \/>\n<meta name=\"twitter:label1\" content=\"Written by\" \/>\n\t<meta name=\"twitter:data1\" content=\"darka mazi\" \/>\n\t<meta name=\"twitter:label2\" content=\"Est. reading time\" \/>\n\t<meta name=\"twitter:data2\" content=\"2 minutes\" \/>\n<script type=\"application\/ld+json\" class=\"seo-schema-graph\">{\"@context\":\"https:\\\/\\\/schema.org\",\"@graph\":[{\"@type\":\"Article\",\"@id\":\"https:\\\/\\\/darkamazi.info\\\/archives\\\/1049739#article\",\"isPartOf\":{\"@id\":\"https:\\\/\\\/darkamazi.info\\\/archives\\\/1049739\"},\"author\":{\"name\":\"darka mazi\",\"@id\":\"https:\\\/\\\/darkamazi.info\\\/#\\\/schema\\\/person\\\/5ad3e24553a0567993fa8ed4bd0a776c\"},\"headline\":\"\u015eore\u015f \u00cesma\u00eel: Nav\u00ea P\u00ea\u015fmerge li seranser\u00ea c\u00eehan\u00ea b\u00fbye sembol\",\"datePublished\":\"2025-09-07T07:29:38+00:00\",\"mainEntityOfPage\":{\"@id\":\"https:\\\/\\\/darkamazi.info\\\/archives\\\/1049739\"},\"wordCount\":327,\"publisher\":{\"@id\":\"https:\\\/\\\/darkamazi.info\\\/#organization\"},\"image\":{\"@id\":\"https:\\\/\\\/darkamazi.info\\\/archives\\\/1049739#primaryimage\"},\"thumbnailUrl\":\"https:\\\/\\\/darkamazi.info\\\/darka-content\\\/uploads\\\/2025\\\/09\\\/wezire-pesmerge.jpg\",\"keywords\":[\"sereke\"],\"articleSection\":[\"Kurdistan\"],\"inLanguage\":\"en-US\"},{\"@type\":\"WebPage\",\"@id\":\"https:\\\/\\\/darkamazi.info\\\/archives\\\/1049739\",\"url\":\"https:\\\/\\\/darkamazi.info\\\/archives\\\/1049739\",\"name\":\"\u015eore\u015f \u00cesma\u00eel: Nav\u00ea P\u00ea\u015fmerge li seranser\u00ea c\u00eehan\u00ea b\u00fbye sembol - Darka Maz\u00ee\",\"isPartOf\":{\"@id\":\"https:\\\/\\\/darkamazi.info\\\/#website\"},\"primaryImageOfPage\":{\"@id\":\"https:\\\/\\\/darkamazi.info\\\/archives\\\/1049739#primaryimage\"},\"image\":{\"@id\":\"https:\\\/\\\/darkamazi.info\\\/archives\\\/1049739#primaryimage\"},\"thumbnailUrl\":\"https:\\\/\\\/darkamazi.info\\\/darka-content\\\/uploads\\\/2025\\\/09\\\/wezire-pesmerge.jpg\",\"datePublished\":\"2025-09-07T07:29:38+00:00\",\"breadcrumb\":{\"@id\":\"https:\\\/\\\/darkamazi.info\\\/archives\\\/1049739#breadcrumb\"},\"inLanguage\":\"en-US\",\"potentialAction\":[{\"@type\":\"ReadAction\",\"target\":[\"https:\\\/\\\/darkamazi.info\\\/archives\\\/1049739\"]}]},{\"@type\":\"ImageObject\",\"inLanguage\":\"en-US\",\"@id\":\"https:\\\/\\\/darkamazi.info\\\/archives\\\/1049739#primaryimage\",\"url\":\"https:\\\/\\\/darkamazi.info\\\/darka-content\\\/uploads\\\/2025\\\/09\\\/wezire-pesmerge.jpg\",\"contentUrl\":\"https:\\\/\\\/darkamazi.info\\\/darka-content\\\/uploads\\\/2025\\\/09\\\/wezire-pesmerge.jpg\",\"width\":900,\"height\":497,\"caption\":\"\u015eore\u015f \u00cesma\u00eel: Nav\u00ea P\u00ea\u015fmerge li seranser\u00ea c\u00eehan\u00ea b\u00fbye sembol\"},{\"@type\":\"BreadcrumbList\",\"@id\":\"https:\\\/\\\/darkamazi.info\\\/archives\\\/1049739#breadcrumb\",\"itemListElement\":[{\"@type\":\"ListItem\",\"position\":1,\"name\":\"Home\",\"item\":\"https:\\\/\\\/darkamazi.info\\\/\"},{\"@type\":\"ListItem\",\"position\":2,\"name\":\"\u015eore\u015f \u00cesma\u00eel: Nav\u00ea P\u00ea\u015fmerge li seranser\u00ea c\u00eehan\u00ea b\u00fbye sembol\"}]},{\"@type\":\"WebSite\",\"@id\":\"https:\\\/\\\/darkamazi.info\\\/#website\",\"url\":\"https:\\\/\\\/darkamazi.info\\\/\",\"name\":\"Darka Maz\u00ee\",\"description\":\"P\u00eageha Zanyariy\u00ean Nebih\u00eest\u00ee\",\"publisher\":{\"@id\":\"https:\\\/\\\/darkamazi.info\\\/#organization\"},\"potentialAction\":[{\"@type\":\"SearchAction\",\"target\":{\"@type\":\"EntryPoint\",\"urlTemplate\":\"https:\\\/\\\/darkamazi.info\\\/?s={search_term_string}\"},\"query-input\":{\"@type\":\"PropertyValueSpecification\",\"valueRequired\":true,\"valueName\":\"search_term_string\"}}],\"inLanguage\":\"en-US\"},{\"@type\":\"Organization\",\"@id\":\"https:\\\/\\\/darkamazi.info\\\/#organization\",\"name\":\"Darka Maz\u00ee\",\"url\":\"https:\\\/\\\/darkamazi.info\\\/\",\"logo\":{\"@type\":\"ImageObject\",\"inLanguage\":\"en-US\",\"@id\":\"https:\\\/\\\/darkamazi.info\\\/#\\\/schema\\\/logo\\\/image\\\/\",\"url\":\"https:\\\/\\\/darkamazi.info\\\/darka-content\\\/uploads\\\/2017\\\/12\\\/darka-mazi-logo.png\",\"contentUrl\":\"https:\\\/\\\/darkamazi.info\\\/darka-content\\\/uploads\\\/2017\\\/12\\\/darka-mazi-logo.png\",\"width\":151,\"height\":75,\"caption\":\"Darka Maz\u00ee\"},\"image\":{\"@id\":\"https:\\\/\\\/darkamazi.info\\\/#\\\/schema\\\/logo\\\/image\\\/\"},\"sameAs\":[\"https:\\\/\\\/www.facebook.com\\\/DarMaziKurmanci\",\"https:\\\/\\\/x.com\\\/DarkaMaziLatini\",\"https:\\\/\\\/www.instagram.com\\\/darkamazi.kurmanci\\\/\",\"https:\\\/\\\/www.youtube.com\\\/channel\\\/UCa5HkTdmI8U1qCUFuTw8B2g\"]},{\"@type\":\"Person\",\"@id\":\"https:\\\/\\\/darkamazi.info\\\/#\\\/schema\\\/person\\\/5ad3e24553a0567993fa8ed4bd0a776c\",\"name\":\"darka mazi\",\"sameAs\":[\"https:\\\/\\\/darkamazi.info\\\/\"],\"url\":\"https:\\\/\\\/darkamazi.info\\\/archives\\\/author\\\/kurdi\"}]}<\/script>\n<!-- \/ Yoast SEO plugin. -->","seo_head_json":{"title":"\u015eore\u015f \u00cesma\u00eel: Nav\u00ea P\u00ea\u015fmerge li seranser\u00ea c\u00eehan\u00ea b\u00fbye sembol - Darka Maz\u00ee","robots":{"index":"index","follow":"follow","max-snippet":"max-snippet:-1","max-image-preview":"max-image-preview:large","max-video-preview":"max-video-preview:-1"},"canonical":"https:\/\/darkamazi.info\/archives\/1049739","og_locale":"en_US","og_type":"article","og_title":"\u015eore\u015f \u00cesma\u00eel: Nav\u00ea P\u00ea\u015fmerge li seranser\u00ea c\u00eehan\u00ea b\u00fbye sembol - Darka Maz\u00ee","og_description":"Li paytexta Par\u00ees\u00ea, bi amadeb\u00fbna Serok Mes\u00fbd Barzan\u00ee \u00fb \u015earedara Par\u00ees\u00ea Anne H\u00eedalgo, kolaneke n\u00fb ya bi nav\u00ea &#8220;P\u00ea\u015fmerge&#8221; hat vekirin. Wez\u00eer\u00ea P\u00ea\u015fmerge y\u00ea Her\u00eama Kurdistan\u00ea j\u00ee ev p\u00eangav weke cih\u00ea serbilindiy\u00ea bi nav kir. Wez\u00eer\u00ea P\u00ea\u015fmerge y\u00ea Her\u00eama Kurdistan\u00ea \u015eore\u015f \u00cesma\u00eel duh 6\u00ea \u00celon\u00ea di konferanseke rojnamevan\u00ee de ragihand, nav\u00ea P\u00ea\u015fmerge li seranser\u00ea c\u00eehan\u00ea [&hellip;]","og_url":"https:\/\/darkamazi.info\/archives\/1049739","og_site_name":"Darka Maz\u00ee","article_publisher":"https:\/\/www.facebook.com\/DarMaziKurmanci","article_published_time":"2025-09-07T07:29:38+00:00","og_image":[{"width":900,"height":497,"url":"https:\/\/darkamazi.info\/file\/2025\/09\/wezire-pesmerge.jpg","type":"image\/jpeg"}],"author":"darka mazi","twitter_card":"summary_large_image","twitter_creator":"@DarkaMaziLatini","twitter_site":"@DarkaMaziLatini","twitter_misc":{"Written by":"darka mazi","Est. reading time":"2 minutes"},"schema":{"@context":"https:\/\/schema.org","@graph":[{"@type":"Article","@id":"https:\/\/darkamazi.info\/archives\/1049739#article","isPartOf":{"@id":"https:\/\/darkamazi.info\/archives\/1049739"},"author":{"name":"darka mazi","@id":"https:\/\/darkamazi.info\/#\/schema\/person\/5ad3e24553a0567993fa8ed4bd0a776c"},"headline":"\u015eore\u015f \u00cesma\u00eel: Nav\u00ea P\u00ea\u015fmerge li seranser\u00ea c\u00eehan\u00ea b\u00fbye sembol","datePublished":"2025-09-07T07:29:38+00:00","mainEntityOfPage":{"@id":"https:\/\/darkamazi.info\/archives\/1049739"},"wordCount":327,"publisher":{"@id":"https:\/\/darkamazi.info\/#organization"},"image":{"@id":"https:\/\/darkamazi.info\/archives\/1049739#primaryimage"},"thumbnailUrl":"https:\/\/darkamazi.info\/file\/2025\/09\/wezire-pesmerge.jpg","keywords":["sereke"],"articleSection":["Kurdistan"],"inLanguage":"en-US"},{"@type":"WebPage","@id":"https:\/\/darkamazi.info\/archives\/1049739","url":"https:\/\/darkamazi.info\/archives\/1049739","name":"\u015eore\u015f \u00cesma\u00eel: Nav\u00ea P\u00ea\u015fmerge li seranser\u00ea c\u00eehan\u00ea b\u00fbye sembol - Darka Maz\u00ee","isPartOf":{"@id":"https:\/\/darkamazi.info\/#website"},"primaryImageOfPage":{"@id":"https:\/\/darkamazi.info\/archives\/1049739#primaryimage"},"image":{"@id":"https:\/\/darkamazi.info\/archives\/1049739#primaryimage"},"thumbnailUrl":"https:\/\/darkamazi.info\/file\/2025\/09\/wezire-pesmerge.jpg","datePublished":"2025-09-07T07:29:38+00:00","breadcrumb":{"@id":"https:\/\/darkamazi.info\/archives\/1049739#breadcrumb"},"inLanguage":"en-US","potentialAction":[{"@type":"ReadAction","target":["https:\/\/darkamazi.info\/archives\/1049739"]}]},{"@type":"ImageObject","inLanguage":"en-US","@id":"https:\/\/darkamazi.info\/archives\/1049739#primaryimage","url":"https:\/\/darkamazi.info\/file\/2025\/09\/wezire-pesmerge.jpg","contentUrl":"https:\/\/darkamazi.info\/file\/2025\/09\/wezire-pesmerge.jpg","width":900,"height":497,"caption":"\u015eore\u015f \u00cesma\u00eel: Nav\u00ea P\u00ea\u015fmerge li seranser\u00ea c\u00eehan\u00ea b\u00fbye sembol"},{"@type":"BreadcrumbList","@id":"https:\/\/darkamazi.info\/archives\/1049739#breadcrumb","itemListElement":[{"@type":"ListItem","position":1,"name":"Home","item":"https:\/\/darkamazi.info\/"},{"@type":"ListItem","position":2,"name":"\u015eore\u015f \u00cesma\u00eel: Nav\u00ea P\u00ea\u015fmerge li seranser\u00ea c\u00eehan\u00ea b\u00fbye sembol"}]},{"@type":"WebSite","@id":"https:\/\/darkamazi.info\/#website","url":"https:\/\/darkamazi.info\/","name":"Darka Maz\u00ee","description":"P\u00eageha Zanyariy\u00ean Nebih\u00eest\u00ee","publisher":{"@id":"https:\/\/darkamazi.info\/#organization"},"potentialAction":[{"@type":"SearchAction","target":{"@type":"EntryPoint","urlTemplate":"https:\/\/darkamazi.info\/?s={search_term_string}"},"query-input":{"@type":"PropertyValueSpecification","valueRequired":true,"valueName":"search_term_string"}}],"inLanguage":"en-US"},{"@type":"Organization","@id":"https:\/\/darkamazi.info\/#organization","name":"Darka Maz\u00ee","url":"https:\/\/darkamazi.info\/","logo":{"@type":"ImageObject","inLanguage":"en-US","@id":"https:\/\/darkamazi.info\/#\/schema\/logo\/image\/","url":"https:\/\/darkamazi.info\/file\/2017\/12\/darka-mazi-logo.png","contentUrl":"https:\/\/darkamazi.info\/file\/2017\/12\/darka-mazi-logo.png","width":151,"height":75,"caption":"Darka Maz\u00ee"},"image":{"@id":"https:\/\/darkamazi.info\/#\/schema\/logo\/image\/"},"sameAs":["https:\/\/www.facebook.com\/DarMaziKurmanci","https:\/\/x.com\/DarkaMaziLatini","https:\/\/www.instagram.com\/darkamazi.kurmanci\/","https:\/\/www.youtube.com\/channel\/UCa5HkTdmI8U1qCUFuTw8B2g"]},{"@type":"Person","@id":"https:\/\/darkamazi.info\/#\/schema\/person\/5ad3e24553a0567993fa8ed4bd0a776c","name":"darka mazi","sameAs":["https:\/\/darkamazi.info\/"],"url":"https:\/\/darkamazi.info\/archives\/author\/kurdi"}]}},"_links":{"self":[{"href":"https:\/\/darkamazi.info\/funavuv\/wp\/v2\/posts\/1049739","targetHints":{"allow":["GET"]}}],"collection":[{"href":"https:\/\/darkamazi.info\/funavuv\/wp\/v2\/posts"}],"about":[{"href":"https:\/\/darkamazi.info\/funavuv\/wp\/v2\/types\/post"}],"author":[{"embeddable":true,"href":"https:\/\/darkamazi.info\/funavuv\/wp\/v2\/users\/2"}],"replies":[{"embeddable":true,"href":"https:\/\/darkamazi.info\/funavuv\/wp\/v2\/comments?post=1049739"}],"version-history":[{"count":0,"href":"https:\/\/darkamazi.info\/funavuv\/wp\/v2\/posts\/1049739\/revisions"}],"wp:featuredmedia":[{"embeddable":true,"href":"https:\/\/darkamazi.info\/funavuv\/wp\/v2\/media\/1049740"}],"wp:attachment":[{"href":"https:\/\/darkamazi.info\/funavuv\/wp\/v2\/media?parent=1049739"}],"wp:term":[{"taxonomy":"category","embeddable":true,"href":"https:\/\/darkamazi.info\/funavuv\/wp\/v2\/categories?post=1049739"},{"taxonomy":"post_tag","embeddable":true,"href":"https:\/\/darkamazi.info\/funavuv\/wp\/v2\/tags?post=1049739"}],"curies":[{"name":"wp","href":"https:\/\/api.w.org\/{rel}","templated":true}]}}