{"id":1049745,"date":"2025-09-07T13:18:14","date_gmt":"2025-09-07T10:18:14","guid":{"rendered":"https:\/\/darkamazi.info\/?p=1049745"},"modified":"2025-09-07T13:18:14","modified_gmt":"2025-09-07T10:18:14","slug":"aysegul-dogan-komisyon-bi-tene-nikare-pirsa-kurd-careser-bike-le-dikare-reyeke-veke","status":"publish","type":"post","link":"https:\/\/darkamazi.info\/archives\/1049745","title":{"rendered":"Ay\u015fegul Dogan: Kom\u00eesyon bi ten\u00ea nikare Pirsa Kurd \u00e7areser bike, l\u00ea dikare r\u00eayek\u00ea veke"},"content":{"rendered":"<h3 style=\"text-align: justify\"><span style=\"font-family: 'arial black', sans-serif\">Berdevka DEM Partiy\u00ea Ay\u015fegul Dogan ragihand, Kom\u00eesyona A\u015ftiy\u00ea ya Parlamentoy\u00ea bi tena ser\u00ea xwe nikare pirsa Kurd a sed salan \u00e7areser bike, l\u00ea ew dikare ji bo \u00e7areseriy\u00ea &#8220;r\u00eayek\u00ea veke&#8221;.<\/span><\/h3>\n<h3 style=\"text-align: justify\">Partiya Wekhev\u00ee \u00fb Demokrasiy\u00ea ya Gelan (DEM Part\u00ee) duh, 6\u00ea \u00celon\u00ea, li Enqerey\u00ea bi sernav\u00ea &#8220;P\u00eadiviy\u00ean Yasay\u00ee di P\u00eavajoya A\u015ftiy\u00ea \u00fb Civaka Demokrat\u00eek de&#8221; komxebateke gir\u00eeng li dar xist. Di komxebata ku gelek parlamenter, akadem\u00eesyen \u00fb pispor\u00ean hiq\u00fbq\u00ea be\u015fdar b\u00fbn de, gav\u00ean p\u00eaw\u00eest ji bo destp\u00eakirina p\u00eavajoyeke n\u00fb ya \u00e7areseriy\u00ea hatin n\u00eeqa\u015fkirin.<\/h3>\n<h3 style=\"text-align: justify\">Di panela ku di \u00e7ar\u00e7oveya komxebat\u00ea de hat lidarxistin de, Berdevka DEM Partiy\u00ea Ay\u015fegul Dogan axiv\u00ee \u00fb helwesta partiya xwe derbar\u00ea Kom\u00eesyona A\u015ftiy\u00ea ya li parlamentoy\u00ea hatiye avakirin de e\u015fkere kir.<\/h3>\n<h3 style=\"text-align: justify\">Dogan an\u00ee ziman ku ew avakirina kom\u00eesyon\u00ea weke gaveke gir\u00eeng dib\u00eenin, ji ber ku ew n\u00fbneratiya z\u00eadetir\u00ee sed\u00ee 90\u00ea welatiy\u00ean Tirkiyey\u00ea dike. L\u00eabel\u00ea, w\u00ea hi\u015fyar\u00ee da \u00fb got: &#8220;Div\u00ea em nekevin w\u00ea baweriy\u00ea ku kom\u00eesyoneke ji 51 kesan p\u00eak t\u00ea, dikare bi ser\u00ea xwe astengiy\u00ean li p\u00ea\u015f \u00e7areseriya pirsa Kurd rake. Ev kom\u00eesyon nikare pirsgir\u00eak\u00ean bingeh\u00een \u00e7areser bike, l\u00ea ew dikare ji bo \u00e7areseriy\u00ea r\u00eayek\u00ea veke.&#8221;<\/h3>\n<h3 style=\"text-align: justify\">Berdevka DEM Partiy\u00ea rexney\u00ean tund li naverok \u00fb n\u00eaz\u00eekatiya kom\u00eesyon\u00ea girt \u00fb wiha axiv\u00ee: &#8220;Di nav\u00ea kom\u00eesyon\u00ea de peyva &#8216;birat\u00ee&#8217; heye, l\u00ea di prat\u00eek\u00ea de nah\u00ealin dayik bi ziman\u00ea xwe y\u00ea zikmak\u00ee biaxivin. Ev t\u00ea w\u00ea watey\u00ea ku ew &#8216;birayek\u00ee lal&#8217; dixwazin.&#8221;<\/h3>\n<h3 style=\"text-align: justify\">Dogan tekez kir, div\u00ea her kes bizanibe ku pirsa Kurd ne pirseke ewlekar\u00ee \u00fb ne j\u00ee pirseke teror\u00ea ye, belk\u00fb pirsgir\u00eakeke bingeh\u00een a bi sedan salan e.<\/h3>\n<h3 style=\"text-align: justify\">Ay\u015fegul Dogan herwiha bal ki\u015fand ser k\u00eamasiy\u00ean kom\u00eesyon\u00ea \u00fb got ku h\u00eaj nex\u015fer\u00eayeke w\u00ea ya zelal n\u00eene \u00fb got: &#8220;Derxistina garantiy\u00ean yasay\u00ee ji bo p\u00eavajoy\u00ea pir gir\u00eeng e.&#8221;<\/h3>\n","protected":false},"excerpt":{"rendered":"<p>Berdevka DEM Partiy\u00ea Ay\u015fegul Dogan ragihand, Kom\u00eesyona A\u015ftiy\u00ea ya Parlamentoy\u00ea bi tena ser\u00ea xwe nikare pirsa Kurd a sed salan \u00e7areser bike, l\u00ea ew dikare ji bo \u00e7areseriy\u00ea &#8220;r\u00eayek\u00ea veke&#8221;. Partiya Wekhev\u00ee \u00fb Demokrasiy\u00ea ya Gelan (DEM Part\u00ee) duh, 6\u00ea \u00celon\u00ea, li Enqerey\u00ea bi sernav\u00ea &#8220;P\u00eadiviy\u00ean Yasay\u00ee di P\u00eavajoya A\u015ftiy\u00ea \u00fb Civaka Demokrat\u00eek de&#8221; komxebateke [&hellip;]<\/p>\n","protected":false},"author":2,"featured_media":1049746,"comment_status":"closed","ping_status":"closed","sticky":false,"template":"","format":"standard","meta":{"footnotes":""},"categories":[29],"tags":[37],"class_list":["post-1049745","post","type-post","status-publish","format-standard","has-post-thumbnail","hentry","category-kurdistan","tag-sereke"],"blocksy_meta":[],"seo_head":"<!-- This site is optimized with the Yoast SEO plugin v27.5 - https:\/\/yoast.com\/product\/yoast-seo-wordpress\/ -->\n<title>Ay\u015fegul Dogan: Kom\u00eesyon bi ten\u00ea nikare Pirsa Kurd \u00e7areser bike, l\u00ea dikare r\u00eayek\u00ea veke - Darka Maz\u00ee<\/title>\n<meta name=\"robots\" content=\"index, follow, max-snippet:-1, max-image-preview:large, max-video-preview:-1\" \/>\n<link rel=\"canonical\" href=\"https:\/\/darkamazi.info\/archives\/1049745\" \/>\n<meta property=\"og:locale\" content=\"en_US\" \/>\n<meta property=\"og:type\" content=\"article\" \/>\n<meta property=\"og:title\" content=\"Ay\u015fegul Dogan: Kom\u00eesyon bi ten\u00ea nikare Pirsa Kurd \u00e7areser bike, l\u00ea dikare r\u00eayek\u00ea veke - Darka Maz\u00ee\" \/>\n<meta property=\"og:description\" content=\"Berdevka DEM Partiy\u00ea Ay\u015fegul Dogan ragihand, Kom\u00eesyona A\u015ftiy\u00ea ya Parlamentoy\u00ea bi tena ser\u00ea xwe nikare pirsa Kurd a sed salan \u00e7areser bike, l\u00ea ew dikare ji bo \u00e7areseriy\u00ea &#8220;r\u00eayek\u00ea veke&#8221;. Partiya Wekhev\u00ee \u00fb Demokrasiy\u00ea ya Gelan (DEM Part\u00ee) duh, 6\u00ea \u00celon\u00ea, li Enqerey\u00ea bi sernav\u00ea &#8220;P\u00eadiviy\u00ean Yasay\u00ee di P\u00eavajoya A\u015ftiy\u00ea \u00fb Civaka Demokrat\u00eek de&#8221; komxebateke [&hellip;]\" \/>\n<meta property=\"og:url\" content=\"https:\/\/darkamazi.info\/archives\/1049745\" \/>\n<meta property=\"og:site_name\" content=\"Darka Maz\u00ee\" \/>\n<meta property=\"article:publisher\" content=\"https:\/\/www.facebook.com\/DarMaziKurmanci\" \/>\n<meta property=\"article:published_time\" content=\"2025-09-07T10:18:14+00:00\" \/>\n<meta property=\"og:image\" content=\"https:\/\/darkamazi.info\/file\/2025\/09\/Aysegul-Dogan.jpg\" \/>\n\t<meta property=\"og:image:width\" content=\"900\" \/>\n\t<meta property=\"og:image:height\" content=\"497\" \/>\n\t<meta property=\"og:image:type\" content=\"image\/jpeg\" \/>\n<meta name=\"author\" content=\"darka mazi\" \/>\n<meta name=\"twitter:card\" content=\"summary_large_image\" \/>\n<meta name=\"twitter:creator\" content=\"@DarkaMaziLatini\" \/>\n<meta name=\"twitter:site\" content=\"@DarkaMaziLatini\" \/>\n<meta name=\"twitter:label1\" content=\"Written by\" \/>\n\t<meta name=\"twitter:data1\" content=\"darka mazi\" \/>\n\t<meta name=\"twitter:label2\" content=\"Est. reading time\" \/>\n\t<meta name=\"twitter:data2\" content=\"2 minutes\" \/>\n<script type=\"application\/ld+json\" class=\"seo-schema-graph\">{\"@context\":\"https:\\\/\\\/schema.org\",\"@graph\":[{\"@type\":\"Article\",\"@id\":\"https:\\\/\\\/darkamazi.info\\\/archives\\\/1049745#article\",\"isPartOf\":{\"@id\":\"https:\\\/\\\/darkamazi.info\\\/archives\\\/1049745\"},\"author\":{\"name\":\"darka mazi\",\"@id\":\"https:\\\/\\\/darkamazi.info\\\/#\\\/schema\\\/person\\\/5ad3e24553a0567993fa8ed4bd0a776c\"},\"headline\":\"Ay\u015fegul Dogan: Kom\u00eesyon bi ten\u00ea nikare Pirsa Kurd \u00e7areser bike, l\u00ea dikare r\u00eayek\u00ea veke\",\"datePublished\":\"2025-09-07T10:18:14+00:00\",\"mainEntityOfPage\":{\"@id\":\"https:\\\/\\\/darkamazi.info\\\/archives\\\/1049745\"},\"wordCount\":344,\"publisher\":{\"@id\":\"https:\\\/\\\/darkamazi.info\\\/#organization\"},\"image\":{\"@id\":\"https:\\\/\\\/darkamazi.info\\\/archives\\\/1049745#primaryimage\"},\"thumbnailUrl\":\"https:\\\/\\\/darkamazi.info\\\/darka-content\\\/uploads\\\/2025\\\/09\\\/Aysegul-Dogan.jpg\",\"keywords\":[\"sereke\"],\"articleSection\":[\"Kurdistan\"],\"inLanguage\":\"en-US\"},{\"@type\":\"WebPage\",\"@id\":\"https:\\\/\\\/darkamazi.info\\\/archives\\\/1049745\",\"url\":\"https:\\\/\\\/darkamazi.info\\\/archives\\\/1049745\",\"name\":\"Ay\u015fegul Dogan: Kom\u00eesyon bi ten\u00ea nikare Pirsa Kurd \u00e7areser bike, l\u00ea dikare r\u00eayek\u00ea veke - Darka Maz\u00ee\",\"isPartOf\":{\"@id\":\"https:\\\/\\\/darkamazi.info\\\/#website\"},\"primaryImageOfPage\":{\"@id\":\"https:\\\/\\\/darkamazi.info\\\/archives\\\/1049745#primaryimage\"},\"image\":{\"@id\":\"https:\\\/\\\/darkamazi.info\\\/archives\\\/1049745#primaryimage\"},\"thumbnailUrl\":\"https:\\\/\\\/darkamazi.info\\\/darka-content\\\/uploads\\\/2025\\\/09\\\/Aysegul-Dogan.jpg\",\"datePublished\":\"2025-09-07T10:18:14+00:00\",\"breadcrumb\":{\"@id\":\"https:\\\/\\\/darkamazi.info\\\/archives\\\/1049745#breadcrumb\"},\"inLanguage\":\"en-US\",\"potentialAction\":[{\"@type\":\"ReadAction\",\"target\":[\"https:\\\/\\\/darkamazi.info\\\/archives\\\/1049745\"]}]},{\"@type\":\"ImageObject\",\"inLanguage\":\"en-US\",\"@id\":\"https:\\\/\\\/darkamazi.info\\\/archives\\\/1049745#primaryimage\",\"url\":\"https:\\\/\\\/darkamazi.info\\\/darka-content\\\/uploads\\\/2025\\\/09\\\/Aysegul-Dogan.jpg\",\"contentUrl\":\"https:\\\/\\\/darkamazi.info\\\/darka-content\\\/uploads\\\/2025\\\/09\\\/Aysegul-Dogan.jpg\",\"width\":900,\"height\":497,\"caption\":\"Ay\u015fegul Dogan: Kom\u00eesyon bi ten\u00ea nikare Pirsa Kurd \u00e7areser bike, l\u00ea dikare r\u00eayek\u00ea veke\"},{\"@type\":\"BreadcrumbList\",\"@id\":\"https:\\\/\\\/darkamazi.info\\\/archives\\\/1049745#breadcrumb\",\"itemListElement\":[{\"@type\":\"ListItem\",\"position\":1,\"name\":\"Home\",\"item\":\"https:\\\/\\\/darkamazi.info\\\/\"},{\"@type\":\"ListItem\",\"position\":2,\"name\":\"Ay\u015fegul Dogan: Kom\u00eesyon bi ten\u00ea nikare Pirsa Kurd \u00e7areser bike, l\u00ea dikare r\u00eayek\u00ea veke\"}]},{\"@type\":\"WebSite\",\"@id\":\"https:\\\/\\\/darkamazi.info\\\/#website\",\"url\":\"https:\\\/\\\/darkamazi.info\\\/\",\"name\":\"Darka Maz\u00ee\",\"description\":\"P\u00eageha Zanyariy\u00ean Nebih\u00eest\u00ee\",\"publisher\":{\"@id\":\"https:\\\/\\\/darkamazi.info\\\/#organization\"},\"potentialAction\":[{\"@type\":\"SearchAction\",\"target\":{\"@type\":\"EntryPoint\",\"urlTemplate\":\"https:\\\/\\\/darkamazi.info\\\/?s={search_term_string}\"},\"query-input\":{\"@type\":\"PropertyValueSpecification\",\"valueRequired\":true,\"valueName\":\"search_term_string\"}}],\"inLanguage\":\"en-US\"},{\"@type\":\"Organization\",\"@id\":\"https:\\\/\\\/darkamazi.info\\\/#organization\",\"name\":\"Darka Maz\u00ee\",\"url\":\"https:\\\/\\\/darkamazi.info\\\/\",\"logo\":{\"@type\":\"ImageObject\",\"inLanguage\":\"en-US\",\"@id\":\"https:\\\/\\\/darkamazi.info\\\/#\\\/schema\\\/logo\\\/image\\\/\",\"url\":\"https:\\\/\\\/darkamazi.info\\\/darka-content\\\/uploads\\\/2017\\\/12\\\/darka-mazi-logo.png\",\"contentUrl\":\"https:\\\/\\\/darkamazi.info\\\/darka-content\\\/uploads\\\/2017\\\/12\\\/darka-mazi-logo.png\",\"width\":151,\"height\":75,\"caption\":\"Darka Maz\u00ee\"},\"image\":{\"@id\":\"https:\\\/\\\/darkamazi.info\\\/#\\\/schema\\\/logo\\\/image\\\/\"},\"sameAs\":[\"https:\\\/\\\/www.facebook.com\\\/DarMaziKurmanci\",\"https:\\\/\\\/x.com\\\/DarkaMaziLatini\",\"https:\\\/\\\/www.instagram.com\\\/darkamazi.kurmanci\\\/\",\"https:\\\/\\\/www.youtube.com\\\/channel\\\/UCa5HkTdmI8U1qCUFuTw8B2g\"]},{\"@type\":\"Person\",\"@id\":\"https:\\\/\\\/darkamazi.info\\\/#\\\/schema\\\/person\\\/5ad3e24553a0567993fa8ed4bd0a776c\",\"name\":\"darka mazi\",\"sameAs\":[\"https:\\\/\\\/darkamazi.info\\\/\"],\"url\":\"https:\\\/\\\/darkamazi.info\\\/archives\\\/author\\\/kurdi\"}]}<\/script>\n<!-- \/ Yoast SEO plugin. -->","seo_head_json":{"title":"Ay\u015fegul Dogan: Kom\u00eesyon bi ten\u00ea nikare Pirsa Kurd \u00e7areser bike, l\u00ea dikare r\u00eayek\u00ea veke - Darka Maz\u00ee","robots":{"index":"index","follow":"follow","max-snippet":"max-snippet:-1","max-image-preview":"max-image-preview:large","max-video-preview":"max-video-preview:-1"},"canonical":"https:\/\/darkamazi.info\/archives\/1049745","og_locale":"en_US","og_type":"article","og_title":"Ay\u015fegul Dogan: Kom\u00eesyon bi ten\u00ea nikare Pirsa Kurd \u00e7areser bike, l\u00ea dikare r\u00eayek\u00ea veke - Darka Maz\u00ee","og_description":"Berdevka DEM Partiy\u00ea Ay\u015fegul Dogan ragihand, Kom\u00eesyona A\u015ftiy\u00ea ya Parlamentoy\u00ea bi tena ser\u00ea xwe nikare pirsa Kurd a sed salan \u00e7areser bike, l\u00ea ew dikare ji bo \u00e7areseriy\u00ea &#8220;r\u00eayek\u00ea veke&#8221;. Partiya Wekhev\u00ee \u00fb Demokrasiy\u00ea ya Gelan (DEM Part\u00ee) duh, 6\u00ea \u00celon\u00ea, li Enqerey\u00ea bi sernav\u00ea &#8220;P\u00eadiviy\u00ean Yasay\u00ee di P\u00eavajoya A\u015ftiy\u00ea \u00fb Civaka Demokrat\u00eek de&#8221; komxebateke [&hellip;]","og_url":"https:\/\/darkamazi.info\/archives\/1049745","og_site_name":"Darka Maz\u00ee","article_publisher":"https:\/\/www.facebook.com\/DarMaziKurmanci","article_published_time":"2025-09-07T10:18:14+00:00","og_image":[{"width":900,"height":497,"url":"https:\/\/darkamazi.info\/file\/2025\/09\/Aysegul-Dogan.jpg","type":"image\/jpeg"}],"author":"darka mazi","twitter_card":"summary_large_image","twitter_creator":"@DarkaMaziLatini","twitter_site":"@DarkaMaziLatini","twitter_misc":{"Written by":"darka mazi","Est. reading time":"2 minutes"},"schema":{"@context":"https:\/\/schema.org","@graph":[{"@type":"Article","@id":"https:\/\/darkamazi.info\/archives\/1049745#article","isPartOf":{"@id":"https:\/\/darkamazi.info\/archives\/1049745"},"author":{"name":"darka mazi","@id":"https:\/\/darkamazi.info\/#\/schema\/person\/5ad3e24553a0567993fa8ed4bd0a776c"},"headline":"Ay\u015fegul Dogan: Kom\u00eesyon bi ten\u00ea nikare Pirsa Kurd \u00e7areser bike, l\u00ea dikare r\u00eayek\u00ea veke","datePublished":"2025-09-07T10:18:14+00:00","mainEntityOfPage":{"@id":"https:\/\/darkamazi.info\/archives\/1049745"},"wordCount":344,"publisher":{"@id":"https:\/\/darkamazi.info\/#organization"},"image":{"@id":"https:\/\/darkamazi.info\/archives\/1049745#primaryimage"},"thumbnailUrl":"https:\/\/darkamazi.info\/file\/2025\/09\/Aysegul-Dogan.jpg","keywords":["sereke"],"articleSection":["Kurdistan"],"inLanguage":"en-US"},{"@type":"WebPage","@id":"https:\/\/darkamazi.info\/archives\/1049745","url":"https:\/\/darkamazi.info\/archives\/1049745","name":"Ay\u015fegul Dogan: Kom\u00eesyon bi ten\u00ea nikare Pirsa Kurd \u00e7areser bike, l\u00ea dikare r\u00eayek\u00ea veke - Darka Maz\u00ee","isPartOf":{"@id":"https:\/\/darkamazi.info\/#website"},"primaryImageOfPage":{"@id":"https:\/\/darkamazi.info\/archives\/1049745#primaryimage"},"image":{"@id":"https:\/\/darkamazi.info\/archives\/1049745#primaryimage"},"thumbnailUrl":"https:\/\/darkamazi.info\/file\/2025\/09\/Aysegul-Dogan.jpg","datePublished":"2025-09-07T10:18:14+00:00","breadcrumb":{"@id":"https:\/\/darkamazi.info\/archives\/1049745#breadcrumb"},"inLanguage":"en-US","potentialAction":[{"@type":"ReadAction","target":["https:\/\/darkamazi.info\/archives\/1049745"]}]},{"@type":"ImageObject","inLanguage":"en-US","@id":"https:\/\/darkamazi.info\/archives\/1049745#primaryimage","url":"https:\/\/darkamazi.info\/file\/2025\/09\/Aysegul-Dogan.jpg","contentUrl":"https:\/\/darkamazi.info\/file\/2025\/09\/Aysegul-Dogan.jpg","width":900,"height":497,"caption":"Ay\u015fegul Dogan: Kom\u00eesyon bi ten\u00ea nikare Pirsa Kurd \u00e7areser bike, l\u00ea dikare r\u00eayek\u00ea veke"},{"@type":"BreadcrumbList","@id":"https:\/\/darkamazi.info\/archives\/1049745#breadcrumb","itemListElement":[{"@type":"ListItem","position":1,"name":"Home","item":"https:\/\/darkamazi.info\/"},{"@type":"ListItem","position":2,"name":"Ay\u015fegul Dogan: Kom\u00eesyon bi ten\u00ea nikare Pirsa Kurd \u00e7areser bike, l\u00ea dikare r\u00eayek\u00ea veke"}]},{"@type":"WebSite","@id":"https:\/\/darkamazi.info\/#website","url":"https:\/\/darkamazi.info\/","name":"Darka Maz\u00ee","description":"P\u00eageha Zanyariy\u00ean Nebih\u00eest\u00ee","publisher":{"@id":"https:\/\/darkamazi.info\/#organization"},"potentialAction":[{"@type":"SearchAction","target":{"@type":"EntryPoint","urlTemplate":"https:\/\/darkamazi.info\/?s={search_term_string}"},"query-input":{"@type":"PropertyValueSpecification","valueRequired":true,"valueName":"search_term_string"}}],"inLanguage":"en-US"},{"@type":"Organization","@id":"https:\/\/darkamazi.info\/#organization","name":"Darka Maz\u00ee","url":"https:\/\/darkamazi.info\/","logo":{"@type":"ImageObject","inLanguage":"en-US","@id":"https:\/\/darkamazi.info\/#\/schema\/logo\/image\/","url":"https:\/\/darkamazi.info\/file\/2017\/12\/darka-mazi-logo.png","contentUrl":"https:\/\/darkamazi.info\/file\/2017\/12\/darka-mazi-logo.png","width":151,"height":75,"caption":"Darka Maz\u00ee"},"image":{"@id":"https:\/\/darkamazi.info\/#\/schema\/logo\/image\/"},"sameAs":["https:\/\/www.facebook.com\/DarMaziKurmanci","https:\/\/x.com\/DarkaMaziLatini","https:\/\/www.instagram.com\/darkamazi.kurmanci\/","https:\/\/www.youtube.com\/channel\/UCa5HkTdmI8U1qCUFuTw8B2g"]},{"@type":"Person","@id":"https:\/\/darkamazi.info\/#\/schema\/person\/5ad3e24553a0567993fa8ed4bd0a776c","name":"darka mazi","sameAs":["https:\/\/darkamazi.info\/"],"url":"https:\/\/darkamazi.info\/archives\/author\/kurdi"}]}},"_links":{"self":[{"href":"https:\/\/darkamazi.info\/funavuv\/wp\/v2\/posts\/1049745","targetHints":{"allow":["GET"]}}],"collection":[{"href":"https:\/\/darkamazi.info\/funavuv\/wp\/v2\/posts"}],"about":[{"href":"https:\/\/darkamazi.info\/funavuv\/wp\/v2\/types\/post"}],"author":[{"embeddable":true,"href":"https:\/\/darkamazi.info\/funavuv\/wp\/v2\/users\/2"}],"replies":[{"embeddable":true,"href":"https:\/\/darkamazi.info\/funavuv\/wp\/v2\/comments?post=1049745"}],"version-history":[{"count":0,"href":"https:\/\/darkamazi.info\/funavuv\/wp\/v2\/posts\/1049745\/revisions"}],"wp:featuredmedia":[{"embeddable":true,"href":"https:\/\/darkamazi.info\/funavuv\/wp\/v2\/media\/1049746"}],"wp:attachment":[{"href":"https:\/\/darkamazi.info\/funavuv\/wp\/v2\/media?parent=1049745"}],"wp:term":[{"taxonomy":"category","embeddable":true,"href":"https:\/\/darkamazi.info\/funavuv\/wp\/v2\/categories?post=1049745"},{"taxonomy":"post_tag","embeddable":true,"href":"https:\/\/darkamazi.info\/funavuv\/wp\/v2\/tags?post=1049745"}],"curies":[{"name":"wp","href":"https:\/\/api.w.org\/{rel}","templated":true}]}}