{"id":1049748,"date":"2025-09-07T14:07:17","date_gmt":"2025-09-07T11:07:17","guid":{"rendered":"https:\/\/darkamazi.info\/?p=1049748"},"modified":"2025-09-07T14:07:17","modified_gmt":"2025-09-07T11:07:17","slug":"tiste-ku-di-dile-dewleta-tirkiyeye-de-ye-bila-kurd-li-tu-dere-dayika-xwe-nebine","status":"publish","type":"post","link":"https:\/\/darkamazi.info\/archives\/1049748","title":{"rendered":"Ti\u015ft\u00ea ku di dil\u00ea Dewleta Tirk\u00eeyey\u00ea de ye: \u2018\u2019Bila kurd li tu der\u00ea dayika xwe neb\u00eene\u2019\u2019"},"content":{"rendered":"<h3 style=\"text-align: justify\"><span style=\"font-family: 'arial black', sans-serif\">Em di \u2018\u2019p\u00eavajoyeke n\u00fb\u2019\u2019 de derbas dibin ku her al\u00eeyek li gor\u00ee berjewend\u00ee \u00fb fikr\u00ean xwe navek\u00ee l\u00ea dikin.<\/span><\/h3>\n<h3 style=\"text-align: justify\">Hem\u00fb rayedar\u00ean Dewleta Tirk\u00eeyey\u00ea bi awayek\u00ee vekir\u00ee dib\u00eajin \u2018\u2019Armanca v\u00ea p\u00eavajoya ku t\u00ea behs kirin, ava kirina \u2018Tirk\u00eeyeya B\u00eateror\u2019 e\u2019\u2019.<\/h3>\n<h3 style=\"text-align: justify\">Bi desthilat\u00ee \u00fb mixalefeta xwe ve, hem\u00fb part\u00ee \u00fb r\u00eavebir\u00ean Dewleta Tirk\u00eeyey\u00ea, bi b\u00eaminet\u00ee dib\u00eajin, \u2018\u2019Bi tu away\u00ee, guhertina her \u00e7ar xal\u00ean ewil \u00ean Qan\u00fbna Bingeh\u00een a Tirk\u00eeyeye ne mimkun e\u2019\u2019.<\/h3>\n<h3 style=\"text-align: justify\">Serokkomar\u00ea Tirk\u00eeyey\u00ea Erdogan, Serok\u00ea Parlamentoya Tirk\u00eeyey\u00ea \u00fb y\u00ea \u2018\u2019Kom\u00eesyona Pi\u015ftgir\u00eeya Netewey\u00ee, Birat\u00ee \u00fb Demokras\u00eey\u00ea\u2019\u2019 ya ku di Parlamentoya Tirk\u00eeyey\u00ea de hat\u00eeya ava kirin N\u00fbman K\u00fbrt\u00fblm\u00fb\u015f, Serok\u00ea MHPy\u00ea Dewlet Bah\u00e7el\u00ee, hem\u00fb rayedar\u00ean Dewleta Tirk\u00eeyey\u00ea \u00fb part\u00eey\u00ean di mixalefet\u00ea de j\u00ee dib\u00eajin \u2018\u2019Em ji xeyn\u00ee ziman\u00ea tirk\u00ee tu ziman\u00ee wek ziman\u00ea ferm\u00ee \u00fb wek ziman\u00ea perwerdey\u00ea qeb\u00fbl nakin. Ji xwe statuyeke s\u00eeyas\u00ee qet ne di rojeva me de ye, em bi tu away\u00ee qeb\u00fbl nakin\u2019\u2019.<\/h3>\n<h3 style=\"text-align: justify\">Devlet Bah\u00e7eli dib\u00eaje \u2018\u2019Heger HSD li gor\u00ee mitabaqata ku bi \u015eam\u00ea re \u00eemze kir\u00eeye tevnegere, d\u00ea bi \u00eeradeya hevbe\u015f ya Enqere \u00fb \u015eam\u00ea midaxaley\u00ean le\u015fker\u00ee p\u00eak b\u00ean\u2019\u2019. Wez\u00eer\u00ea derve y\u00ea Dewleta Tirk\u00eeyey\u00ea Hakan F\u00eedan j\u00ee, bi eyn\u00ee naverok\u00ea, bi awayek\u00ee zelal kurd\u00ean Rojavay\u00ea Kurdistan\u00ea tehdit dike.<\/h3>\n<h3 style=\"text-align: justify\">Abd\u00fbllah Ocalan, bi awayek\u00ee zelal dib\u00eaje \u2018\u2019Dewleteke netewey\u00ee, federal\u00ee, otonom\u00ee \u00fb daxwaz\u00ean kultural\u00eest ne li gor\u00ee rast\u00eeya d\u00eerok\u00ee ya civat\u00ea ye. Netewa demokratik, cimh\u00fbr\u00eeyeta demokratik \u00fb hemwelat\u00eeya wekhev, entegrasyona demokrat\u00eek r\u00eabaza \u00e7areser\u00eey\u00ea\u2019\u2019.<\/h3>\n<h3 style=\"text-align: justify\">L\u00ea li gel van hem\u00fb gotin \u00fb helwest\u00ean Ocalan \u00fb rayedar\u00ean Dewleta Tirk\u00eeyey\u00ea j\u00ee em dib\u00eenin ku r\u00eavebir\u00ean DEM Part\u00eey\u00ea, gelek s\u00eeyasetmedar \u00fb rew\u015fenb\u00eer\u00ean kurdan, be\u015feke mezin ya ragehandina kurd\u00ee, dib\u00eajin \u2018\u2019Ev destp\u00eaka p\u00eavajoya a\u015ft\u00eey\u00ea, \u00e7areser\u00eeya pirsa kurd, demokrasi \u00fb azad\u00eey\u00ea ye. Guhertin\u00ean mezin di r\u00ea de ne\u2019\u2019.<\/h3>\n<h3 style=\"text-align: justify\">Hinek kes j\u00ee dib\u00eajin \u2018\u2019Ocalan \u00fb Erdogan ji bo gele tirk netirs\u00eenin, h\u00ead\u00ee h\u00ead\u00ee wan qani bikin, takt\u00eek dikin, di esl\u00ea xwe de ji bo kurdan d\u00ea gelek guhertin\u00ean ba\u015f b\u00eane p\u00eak an\u00een\u2019\u2019.<\/h3>\n<h3 style=\"text-align: justify\">Heger em bi awayek\u00ee b\u00eaal\u00ee li meseley\u00ea binerin, em\u00ea bib\u00eenin ku gel\u00ea Kurdistan\u00ea pi\u015ftgir\u00eey\u00ea didin \u00e7ek dan\u00eena PKKy\u00ea \u00fb rawestandina operasyon\u00ean le\u015fker\u00ee y\u00ean\u00a0 Dewleta Tirk\u00eeyey\u00ea. Heta em dikarin b\u00eajin ku\u00a0 piran\u00eeya gel\u00ea Tirk\u00eeyey\u00ea j\u00ee ji v\u00ee \u015fer\u00ee b\u00eazar b\u00fbne.<\/h3>\n<h3 style=\"text-align: justify\">B\u00eaguman, \u00e7ek dan\u00eena PKKy\u00ea di berjewendiya gel\u00ea me de ye \u00fb div\u00ea Dewleta Tirk\u00eeyey\u00ea j\u00ee\u00a0 daw\u00ee li hem\u00fb operasyon\u00ean xwe y\u00ean le\u015fker\u00ee y\u00ean li ser hem\u00fb per\u00e7ey\u00ean Kurdistan\u00ea b\u00eene. Li \u015f\u00fbna \u015fer \u00fb \u015f\u00eeddet\u00ea, kar \u00fb xebat bi r\u00eabaz\u00ean siyas\u00ee, s\u00eev\u00eel \u00fb demokrat\u00eek b\u00ean me\u015fandin \u00fb bi r\u00eaya d\u00eeyalog\u00ea zem\u00eena \u00e7areserkirina pirsgir\u00eakan \u00e7\u00eabibe ev d\u00ea destkeftinek be. Em \u00ea pi\u015ftgir\u00eey\u00ea bidin her gaveke ku bi v\u00ea armanc\u00ea b\u00ea av\u00eatin.<\/h3>\n<h3 style=\"text-align: justify\">L\u00ea, a\u015fkereye ku gel\u00ea Kurdistan\u00ea, potans\u00eeyela ku pi\u015ftgir\u00eeya DEM Partiye dike, bi gotin \u00fb helwest\u00ean Ocalan\u00ee \u00fb DEM Part\u00eey\u00ea ne raz\u00ee ne, ne qani in. Ji ber v\u00ea rast\u00eey\u00ea j\u00ee DEM Part\u00ee ji bo \u2018\u2019tefs\u00eera\u2019\u2019 gotin\u00ean Ocalan\u00ee, mecb\u00fbr maye ku 2000 hezar civ\u00eenan bi gel re p\u00eak b\u00eene \u00fb gotine d\u00ea ev civ\u00een berdewam bibin.<\/h3>\n<h3 style=\"text-align: justify\">Bel\u00ea, li Rojhilata Nav\u00een guhertin\u00ean cid\u00ee \u00fb d\u00eerok\u00ee \u00fb tevlihev\u00eey\u00ean mezin \u00ean her\u00eam\u00ee di rojev\u00ea de ne. Dewleta Tirk\u00eeyey\u00ea ditirse ku ev guhertin \u00fb tevlihev\u00ee r\u00ea ji azad\u00ee \u00fb statuya s\u00eeyas\u00ee ya kurdan re xwe\u015ftir bike. Sebeb\u00ea esas\u00ee y\u00ea hewl\u00ean Dewleta Tirk\u00eeyey\u00ea j\u00ee, ji ber r\u00ea li ber girtina destkeft\u00eey\u00ean kurdan e.<\/h3>\n<h3 style=\"text-align: justify\">B\u00eay\u00ee \u015fik, em dikarin bejin ku v\u00ea raman \u00fb fikarey\u00ea di ser\u00ea piran\u00eeya kurdan de c\u00eeh girt\u00eeye: \u2018\u2019Armanc \u00fb n\u00eeyeta sereke ya di dil\u00ea Dewleta Tirk\u00eeyey\u00ea de ye ew e ku her ti\u015ft weha b\u00ea d\u00eezaynkirin ku kurd li tu platformek\u00ea \u00fb li tu per\u00e7eyek\u00ee Kurdistan\u00ea wek\u00ee aliyek\u00ee ney\u00ean mixatab girtin \u00fb heger mimkun be, tu stat\u00fbyeke siyas\u00ee, tu mafek\u00ee kollekt\u00eef \u00ean mil\u00ee, tu destkeft\u00eeyek\u00ea bi dest nexin, an j\u00ee di asta her\u00ee nizim de destkeft\u00eey\u00ea bi dest bixin. Hedefa yekem ya \u00eero j\u00ee ew e ku hem\u00fb \u00eemkan b\u00ean seferberkirin da ku r\u00ea li ber bidestxistina stat\u00fbyeke netewey\u00ee, cograf\u00eek \u00fb siyas\u00ee \u00fb maf\u00ean kolekt\u00eef \u00ean netewey\u00ee \u00fb demokrat\u00eek li Kurdistana Rojavay\u00ea b\u00ea girtin\u2019\u2019.<\/h3>\n<h3 style=\"text-align: justify\">Bel\u00ea, tecr\u00fbbey\u00ean d\u00eerok\u00ee y\u00ean kurdan \u00fb helwest\u00ean ku \u00eero t\u00eane n\u00ee\u015fandan, v\u00ea fikr\u00ea di nav kurdan de xurt dike: \u2018\u2019Dewleta Tirk\u00eeyey\u00ea bi v\u00ea t\u00eagihi\u015ftin\u00ea tevdigere: Bila kurd li tu der\u00ea dayika xwe nebinin. Kurd, ne tene li Tirk\u00eeyey\u00ea \u00fb Bakur\u00ea Kurdistan\u00ea, li tu per\u00e7ey\u00ee, li tu der\u00ea maf\u00ea kollekt\u00eef \u00ean miletb\u00fbn\u00ea, maf\u00ea statuyeke s\u00eeyas\u00ee bidest nexe\u2019\u2019.<\/h3>\n<h3 style=\"text-align: justify\">Her \u00e7iqas em pi\u015ftgir\u00eeya \u00e7ek dan\u00eena PKKy\u00ea \u00fb rawestandina operasyon\u00ean Dewleta Tirk\u00eeyey\u00ea dikin j\u00ee; li gor\u00ee gotin \u00fb helwest\u00ean Dewleta Tirk\u00eeyey\u00ea \u00fb Ocalan\u00ee y\u00ean heta \u00eero derketine p\u00ea\u015f, mixabin em nikarin behsa p\u00eavajoyeke a\u015ft\u00ee, \u00e7areser\u00eeya pirsa kurd, azad\u00ee, demokaras\u00ee \u00fb birat\u00eey\u00ea bikin.<\/h3>\n<h3 style=\"text-align: justify\">Li gel van hem\u00fb daxuyan\u00ee \u00fb helwest\u00ean Ocalan\u00ee \u00fb Dewleta Tirk\u00eeyey\u00ea y\u00ean ku behsa tu maf \u00fb azad\u00eey\u00ean kurdan nakin, hinek kes \u00fb al\u00eey\u00ean s\u00eeyas\u00ee h\u00eena j\u00ee dib\u00eajin \u2018\u2019Ji bo \u00e7areser\u00eeya pirsa kurd, demokras\u00ee, azad\u00ee, edalet, a\u015ft\u00ee \u00fb wekhev\u00eey\u00ea d\u00ea guhertin\u00ean mezin p\u00eak b\u00ean\u2019\u2019. Ez dixwazim ji wan al\u00ee \u00fb kesan bipirsim: Gelo mitabaqateke ve\u015fart\u00ee ku h\u00fbn dizanin, l\u00ea h\u00fbn ji civat\u00ea ved\u00ea\u015f\u00earin heye ku h\u00fbn weha bi awayek\u00ee rehet \u2018\u2019h\u00eav\u00eeyan difro\u015fin\u2019\u2019? Gelo mitabaqateke ku h\u00fbn ji 30 milyon kurd\u00ean Bakur, ji 4 milyon kurd\u00ean Rojava, ji 70 milyon kurd\u00ean c\u00eehan\u00ea vedi\u015f\u00earin heye?<\/h3>\n<h3 style=\"text-align: justify\">Bel\u00ea, bi part\u00eey\u00ean xwe y\u00ean siyas\u00ee \u00fb r\u00eaxistin\u00ean civaka siv\u00eel, hem\u00fb be\u015f\u00ean kurdan, b\u00eay\u00ee ku dem\u00ea winda bikin, div\u00ea b\u00eajin \u2018\u2019Em al\u00eey\u00ea kurd\u00ee ne, em tu hewl\u00ean ne \u015fefaf, y\u00ean b\u00eay\u00ee agahdar\u00eeya me, li dervey\u00ee \u00eeradeya me b\u00eane kirin qeb\u00fbl nakin\u2019\u2019. Div\u00ea li ser daxwaz\u00ean xwe y\u00ean ac\u00eel y\u00ean mil\u00ee, demokratik dest bidin hev \u00fb ji bo siberoja xwe wek al\u00eeyek\u00ee \u00eensiyat\u00eef\u00ea bigrin, da ku nebin qurbana biryar\u00ean ku hinek kes \u00fb al\u00ee li dij\u00ee \u00eeradeya wan, li pi\u015ft deriy\u00ean girt\u00ee di derbar\u00ea \u00e7aren\u00fbsa wan de bigrin<\/h3>\n<h3 style=\"text-align: justify\">07.09.2025<\/h3>\n<h3 style=\"text-align: justify\">Mustafa Oz\u00e7el\u00eek<\/h3>\n","protected":false},"excerpt":{"rendered":"<p>Em di \u2018\u2019p\u00eavajoyeke n\u00fb\u2019\u2019 de derbas dibin ku her al\u00eeyek li gor\u00ee berjewend\u00ee \u00fb fikr\u00ean xwe navek\u00ee l\u00ea dikin. Hem\u00fb rayedar\u00ean Dewleta Tirk\u00eeyey\u00ea bi awayek\u00ee vekir\u00ee dib\u00eajin \u2018\u2019Armanca v\u00ea p\u00eavajoya ku t\u00ea behs kirin, ava kirina \u2018Tirk\u00eeyeya B\u00eateror\u2019 e\u2019\u2019. Bi desthilat\u00ee \u00fb mixalefeta xwe ve, hem\u00fb part\u00ee \u00fb r\u00eavebir\u00ean Dewleta Tirk\u00eeyey\u00ea, bi b\u00eaminet\u00ee dib\u00eajin, \u2018\u2019Bi [&hellip;]<\/p>\n","protected":false},"author":2,"featured_media":1049749,"comment_status":"closed","ping_status":"closed","sticky":false,"template":"","format":"standard","meta":{"footnotes":""},"categories":[29],"tags":[37],"class_list":["post-1049748","post","type-post","status-publish","format-standard","has-post-thumbnail","hentry","category-kurdistan","tag-sereke"],"blocksy_meta":[],"seo_head":"<!-- This site is optimized with the Yoast SEO plugin v27.5 - https:\/\/yoast.com\/product\/yoast-seo-wordpress\/ -->\n<title>Ti\u015ft\u00ea ku di dil\u00ea Dewleta Tirk\u00eeyey\u00ea de ye: \u2018\u2019Bila kurd li tu der\u00ea dayika xwe neb\u00eene\u2019\u2019 - Darka Maz\u00ee<\/title>\n<meta name=\"robots\" content=\"index, follow, max-snippet:-1, max-image-preview:large, max-video-preview:-1\" \/>\n<link rel=\"canonical\" href=\"https:\/\/darkamazi.info\/archives\/1049748\" \/>\n<meta property=\"og:locale\" content=\"en_US\" \/>\n<meta property=\"og:type\" content=\"article\" \/>\n<meta property=\"og:title\" content=\"Ti\u015ft\u00ea ku di dil\u00ea Dewleta Tirk\u00eeyey\u00ea de ye: \u2018\u2019Bila kurd li tu der\u00ea dayika xwe neb\u00eene\u2019\u2019 - Darka Maz\u00ee\" \/>\n<meta property=\"og:description\" content=\"Em di \u2018\u2019p\u00eavajoyeke n\u00fb\u2019\u2019 de derbas dibin ku her al\u00eeyek li gor\u00ee berjewend\u00ee \u00fb fikr\u00ean xwe navek\u00ee l\u00ea dikin. Hem\u00fb rayedar\u00ean Dewleta Tirk\u00eeyey\u00ea bi awayek\u00ee vekir\u00ee dib\u00eajin \u2018\u2019Armanca v\u00ea p\u00eavajoya ku t\u00ea behs kirin, ava kirina \u2018Tirk\u00eeyeya B\u00eateror\u2019 e\u2019\u2019. Bi desthilat\u00ee \u00fb mixalefeta xwe ve, hem\u00fb part\u00ee \u00fb r\u00eavebir\u00ean Dewleta Tirk\u00eeyey\u00ea, bi b\u00eaminet\u00ee dib\u00eajin, \u2018\u2019Bi [&hellip;]\" \/>\n<meta property=\"og:url\" content=\"https:\/\/darkamazi.info\/archives\/1049748\" \/>\n<meta property=\"og:site_name\" content=\"Darka Maz\u00ee\" \/>\n<meta property=\"article:publisher\" content=\"https:\/\/www.facebook.com\/DarMaziKurmanci\" \/>\n<meta property=\"article:published_time\" content=\"2025-09-07T11:07:17+00:00\" \/>\n<meta property=\"og:image\" content=\"https:\/\/darkamazi.info\/file\/2025\/09\/mustafa-ozcelik-pwk.jpg\" \/>\n\t<meta property=\"og:image:width\" content=\"900\" \/>\n\t<meta property=\"og:image:height\" content=\"497\" \/>\n\t<meta property=\"og:image:type\" content=\"image\/jpeg\" \/>\n<meta name=\"author\" content=\"darka mazi\" \/>\n<meta name=\"twitter:card\" content=\"summary_large_image\" \/>\n<meta name=\"twitter:creator\" content=\"@DarkaMaziLatini\" \/>\n<meta name=\"twitter:site\" content=\"@DarkaMaziLatini\" \/>\n<meta name=\"twitter:label1\" content=\"Written by\" \/>\n\t<meta name=\"twitter:data1\" content=\"darka mazi\" \/>\n\t<meta name=\"twitter:label2\" content=\"Est. reading time\" \/>\n\t<meta name=\"twitter:data2\" content=\"5 minutes\" \/>\n<script type=\"application\/ld+json\" class=\"seo-schema-graph\">{\"@context\":\"https:\\\/\\\/schema.org\",\"@graph\":[{\"@type\":\"Article\",\"@id\":\"https:\\\/\\\/darkamazi.info\\\/archives\\\/1049748#article\",\"isPartOf\":{\"@id\":\"https:\\\/\\\/darkamazi.info\\\/archives\\\/1049748\"},\"author\":{\"name\":\"darka mazi\",\"@id\":\"https:\\\/\\\/darkamazi.info\\\/#\\\/schema\\\/person\\\/5ad3e24553a0567993fa8ed4bd0a776c\"},\"headline\":\"Ti\u015ft\u00ea ku di dil\u00ea Dewleta Tirk\u00eeyey\u00ea de ye: \u2018\u2019Bila kurd li tu der\u00ea dayika xwe neb\u00eene\u2019\u2019\",\"datePublished\":\"2025-09-07T11:07:17+00:00\",\"mainEntityOfPage\":{\"@id\":\"https:\\\/\\\/darkamazi.info\\\/archives\\\/1049748\"},\"wordCount\":1135,\"publisher\":{\"@id\":\"https:\\\/\\\/darkamazi.info\\\/#organization\"},\"image\":{\"@id\":\"https:\\\/\\\/darkamazi.info\\\/archives\\\/1049748#primaryimage\"},\"thumbnailUrl\":\"https:\\\/\\\/darkamazi.info\\\/darka-content\\\/uploads\\\/2025\\\/09\\\/mustafa-ozcelik-pwk.jpg\",\"keywords\":[\"sereke\"],\"articleSection\":[\"Kurdistan\"],\"inLanguage\":\"en-US\"},{\"@type\":\"WebPage\",\"@id\":\"https:\\\/\\\/darkamazi.info\\\/archives\\\/1049748\",\"url\":\"https:\\\/\\\/darkamazi.info\\\/archives\\\/1049748\",\"name\":\"Ti\u015ft\u00ea ku di dil\u00ea Dewleta Tirk\u00eeyey\u00ea de ye: \u2018\u2019Bila kurd li tu der\u00ea dayika xwe neb\u00eene\u2019\u2019 - Darka Maz\u00ee\",\"isPartOf\":{\"@id\":\"https:\\\/\\\/darkamazi.info\\\/#website\"},\"primaryImageOfPage\":{\"@id\":\"https:\\\/\\\/darkamazi.info\\\/archives\\\/1049748#primaryimage\"},\"image\":{\"@id\":\"https:\\\/\\\/darkamazi.info\\\/archives\\\/1049748#primaryimage\"},\"thumbnailUrl\":\"https:\\\/\\\/darkamazi.info\\\/darka-content\\\/uploads\\\/2025\\\/09\\\/mustafa-ozcelik-pwk.jpg\",\"datePublished\":\"2025-09-07T11:07:17+00:00\",\"breadcrumb\":{\"@id\":\"https:\\\/\\\/darkamazi.info\\\/archives\\\/1049748#breadcrumb\"},\"inLanguage\":\"en-US\",\"potentialAction\":[{\"@type\":\"ReadAction\",\"target\":[\"https:\\\/\\\/darkamazi.info\\\/archives\\\/1049748\"]}]},{\"@type\":\"ImageObject\",\"inLanguage\":\"en-US\",\"@id\":\"https:\\\/\\\/darkamazi.info\\\/archives\\\/1049748#primaryimage\",\"url\":\"https:\\\/\\\/darkamazi.info\\\/darka-content\\\/uploads\\\/2025\\\/09\\\/mustafa-ozcelik-pwk.jpg\",\"contentUrl\":\"https:\\\/\\\/darkamazi.info\\\/darka-content\\\/uploads\\\/2025\\\/09\\\/mustafa-ozcelik-pwk.jpg\",\"width\":900,\"height\":497,\"caption\":\"Ti\u015ft\u00ea ku di dil\u00ea Dewleta Tirk\u00eeyey\u00ea de ye: \u2018\u2019Bila kurd li tu der\u00ea dayika xwe neb\u00eene\u2019\u2019\"},{\"@type\":\"BreadcrumbList\",\"@id\":\"https:\\\/\\\/darkamazi.info\\\/archives\\\/1049748#breadcrumb\",\"itemListElement\":[{\"@type\":\"ListItem\",\"position\":1,\"name\":\"Home\",\"item\":\"https:\\\/\\\/darkamazi.info\\\/\"},{\"@type\":\"ListItem\",\"position\":2,\"name\":\"Ti\u015ft\u00ea ku di dil\u00ea Dewleta Tirk\u00eeyey\u00ea de ye: \u2018\u2019Bila kurd li tu der\u00ea dayika xwe neb\u00eene\u2019\u2019\"}]},{\"@type\":\"WebSite\",\"@id\":\"https:\\\/\\\/darkamazi.info\\\/#website\",\"url\":\"https:\\\/\\\/darkamazi.info\\\/\",\"name\":\"Darka Maz\u00ee\",\"description\":\"P\u00eageha Zanyariy\u00ean Nebih\u00eest\u00ee\",\"publisher\":{\"@id\":\"https:\\\/\\\/darkamazi.info\\\/#organization\"},\"potentialAction\":[{\"@type\":\"SearchAction\",\"target\":{\"@type\":\"EntryPoint\",\"urlTemplate\":\"https:\\\/\\\/darkamazi.info\\\/?s={search_term_string}\"},\"query-input\":{\"@type\":\"PropertyValueSpecification\",\"valueRequired\":true,\"valueName\":\"search_term_string\"}}],\"inLanguage\":\"en-US\"},{\"@type\":\"Organization\",\"@id\":\"https:\\\/\\\/darkamazi.info\\\/#organization\",\"name\":\"Darka Maz\u00ee\",\"url\":\"https:\\\/\\\/darkamazi.info\\\/\",\"logo\":{\"@type\":\"ImageObject\",\"inLanguage\":\"en-US\",\"@id\":\"https:\\\/\\\/darkamazi.info\\\/#\\\/schema\\\/logo\\\/image\\\/\",\"url\":\"https:\\\/\\\/darkamazi.info\\\/darka-content\\\/uploads\\\/2017\\\/12\\\/darka-mazi-logo.png\",\"contentUrl\":\"https:\\\/\\\/darkamazi.info\\\/darka-content\\\/uploads\\\/2017\\\/12\\\/darka-mazi-logo.png\",\"width\":151,\"height\":75,\"caption\":\"Darka Maz\u00ee\"},\"image\":{\"@id\":\"https:\\\/\\\/darkamazi.info\\\/#\\\/schema\\\/logo\\\/image\\\/\"},\"sameAs\":[\"https:\\\/\\\/www.facebook.com\\\/DarMaziKurmanci\",\"https:\\\/\\\/x.com\\\/DarkaMaziLatini\",\"https:\\\/\\\/www.instagram.com\\\/darkamazi.kurmanci\\\/\",\"https:\\\/\\\/www.youtube.com\\\/channel\\\/UCa5HkTdmI8U1qCUFuTw8B2g\"]},{\"@type\":\"Person\",\"@id\":\"https:\\\/\\\/darkamazi.info\\\/#\\\/schema\\\/person\\\/5ad3e24553a0567993fa8ed4bd0a776c\",\"name\":\"darka mazi\",\"sameAs\":[\"https:\\\/\\\/darkamazi.info\\\/\"],\"url\":\"https:\\\/\\\/darkamazi.info\\\/archives\\\/author\\\/kurdi\"}]}<\/script>\n<!-- \/ Yoast SEO plugin. -->","seo_head_json":{"title":"Ti\u015ft\u00ea ku di dil\u00ea Dewleta Tirk\u00eeyey\u00ea de ye: \u2018\u2019Bila kurd li tu der\u00ea dayika xwe neb\u00eene\u2019\u2019 - Darka Maz\u00ee","robots":{"index":"index","follow":"follow","max-snippet":"max-snippet:-1","max-image-preview":"max-image-preview:large","max-video-preview":"max-video-preview:-1"},"canonical":"https:\/\/darkamazi.info\/archives\/1049748","og_locale":"en_US","og_type":"article","og_title":"Ti\u015ft\u00ea ku di dil\u00ea Dewleta Tirk\u00eeyey\u00ea de ye: \u2018\u2019Bila kurd li tu der\u00ea dayika xwe neb\u00eene\u2019\u2019 - Darka Maz\u00ee","og_description":"Em di \u2018\u2019p\u00eavajoyeke n\u00fb\u2019\u2019 de derbas dibin ku her al\u00eeyek li gor\u00ee berjewend\u00ee \u00fb fikr\u00ean xwe navek\u00ee l\u00ea dikin. Hem\u00fb rayedar\u00ean Dewleta Tirk\u00eeyey\u00ea bi awayek\u00ee vekir\u00ee dib\u00eajin \u2018\u2019Armanca v\u00ea p\u00eavajoya ku t\u00ea behs kirin, ava kirina \u2018Tirk\u00eeyeya B\u00eateror\u2019 e\u2019\u2019. Bi desthilat\u00ee \u00fb mixalefeta xwe ve, hem\u00fb part\u00ee \u00fb r\u00eavebir\u00ean Dewleta Tirk\u00eeyey\u00ea, bi b\u00eaminet\u00ee dib\u00eajin, \u2018\u2019Bi [&hellip;]","og_url":"https:\/\/darkamazi.info\/archives\/1049748","og_site_name":"Darka Maz\u00ee","article_publisher":"https:\/\/www.facebook.com\/DarMaziKurmanci","article_published_time":"2025-09-07T11:07:17+00:00","og_image":[{"width":900,"height":497,"url":"https:\/\/darkamazi.info\/file\/2025\/09\/mustafa-ozcelik-pwk.jpg","type":"image\/jpeg"}],"author":"darka mazi","twitter_card":"summary_large_image","twitter_creator":"@DarkaMaziLatini","twitter_site":"@DarkaMaziLatini","twitter_misc":{"Written by":"darka mazi","Est. reading time":"5 minutes"},"schema":{"@context":"https:\/\/schema.org","@graph":[{"@type":"Article","@id":"https:\/\/darkamazi.info\/archives\/1049748#article","isPartOf":{"@id":"https:\/\/darkamazi.info\/archives\/1049748"},"author":{"name":"darka mazi","@id":"https:\/\/darkamazi.info\/#\/schema\/person\/5ad3e24553a0567993fa8ed4bd0a776c"},"headline":"Ti\u015ft\u00ea ku di dil\u00ea Dewleta Tirk\u00eeyey\u00ea de ye: \u2018\u2019Bila kurd li tu der\u00ea dayika xwe neb\u00eene\u2019\u2019","datePublished":"2025-09-07T11:07:17+00:00","mainEntityOfPage":{"@id":"https:\/\/darkamazi.info\/archives\/1049748"},"wordCount":1135,"publisher":{"@id":"https:\/\/darkamazi.info\/#organization"},"image":{"@id":"https:\/\/darkamazi.info\/archives\/1049748#primaryimage"},"thumbnailUrl":"https:\/\/darkamazi.info\/file\/2025\/09\/mustafa-ozcelik-pwk.jpg","keywords":["sereke"],"articleSection":["Kurdistan"],"inLanguage":"en-US"},{"@type":"WebPage","@id":"https:\/\/darkamazi.info\/archives\/1049748","url":"https:\/\/darkamazi.info\/archives\/1049748","name":"Ti\u015ft\u00ea ku di dil\u00ea Dewleta Tirk\u00eeyey\u00ea de ye: \u2018\u2019Bila kurd li tu der\u00ea dayika xwe neb\u00eene\u2019\u2019 - Darka Maz\u00ee","isPartOf":{"@id":"https:\/\/darkamazi.info\/#website"},"primaryImageOfPage":{"@id":"https:\/\/darkamazi.info\/archives\/1049748#primaryimage"},"image":{"@id":"https:\/\/darkamazi.info\/archives\/1049748#primaryimage"},"thumbnailUrl":"https:\/\/darkamazi.info\/file\/2025\/09\/mustafa-ozcelik-pwk.jpg","datePublished":"2025-09-07T11:07:17+00:00","breadcrumb":{"@id":"https:\/\/darkamazi.info\/archives\/1049748#breadcrumb"},"inLanguage":"en-US","potentialAction":[{"@type":"ReadAction","target":["https:\/\/darkamazi.info\/archives\/1049748"]}]},{"@type":"ImageObject","inLanguage":"en-US","@id":"https:\/\/darkamazi.info\/archives\/1049748#primaryimage","url":"https:\/\/darkamazi.info\/file\/2025\/09\/mustafa-ozcelik-pwk.jpg","contentUrl":"https:\/\/darkamazi.info\/file\/2025\/09\/mustafa-ozcelik-pwk.jpg","width":900,"height":497,"caption":"Ti\u015ft\u00ea ku di dil\u00ea Dewleta Tirk\u00eeyey\u00ea de ye: \u2018\u2019Bila kurd li tu der\u00ea dayika xwe neb\u00eene\u2019\u2019"},{"@type":"BreadcrumbList","@id":"https:\/\/darkamazi.info\/archives\/1049748#breadcrumb","itemListElement":[{"@type":"ListItem","position":1,"name":"Home","item":"https:\/\/darkamazi.info\/"},{"@type":"ListItem","position":2,"name":"Ti\u015ft\u00ea ku di dil\u00ea Dewleta Tirk\u00eeyey\u00ea de ye: \u2018\u2019Bila kurd li tu der\u00ea dayika xwe neb\u00eene\u2019\u2019"}]},{"@type":"WebSite","@id":"https:\/\/darkamazi.info\/#website","url":"https:\/\/darkamazi.info\/","name":"Darka Maz\u00ee","description":"P\u00eageha Zanyariy\u00ean Nebih\u00eest\u00ee","publisher":{"@id":"https:\/\/darkamazi.info\/#organization"},"potentialAction":[{"@type":"SearchAction","target":{"@type":"EntryPoint","urlTemplate":"https:\/\/darkamazi.info\/?s={search_term_string}"},"query-input":{"@type":"PropertyValueSpecification","valueRequired":true,"valueName":"search_term_string"}}],"inLanguage":"en-US"},{"@type":"Organization","@id":"https:\/\/darkamazi.info\/#organization","name":"Darka Maz\u00ee","url":"https:\/\/darkamazi.info\/","logo":{"@type":"ImageObject","inLanguage":"en-US","@id":"https:\/\/darkamazi.info\/#\/schema\/logo\/image\/","url":"https:\/\/darkamazi.info\/file\/2017\/12\/darka-mazi-logo.png","contentUrl":"https:\/\/darkamazi.info\/file\/2017\/12\/darka-mazi-logo.png","width":151,"height":75,"caption":"Darka Maz\u00ee"},"image":{"@id":"https:\/\/darkamazi.info\/#\/schema\/logo\/image\/"},"sameAs":["https:\/\/www.facebook.com\/DarMaziKurmanci","https:\/\/x.com\/DarkaMaziLatini","https:\/\/www.instagram.com\/darkamazi.kurmanci\/","https:\/\/www.youtube.com\/channel\/UCa5HkTdmI8U1qCUFuTw8B2g"]},{"@type":"Person","@id":"https:\/\/darkamazi.info\/#\/schema\/person\/5ad3e24553a0567993fa8ed4bd0a776c","name":"darka mazi","sameAs":["https:\/\/darkamazi.info\/"],"url":"https:\/\/darkamazi.info\/archives\/author\/kurdi"}]}},"_links":{"self":[{"href":"https:\/\/darkamazi.info\/funavuv\/wp\/v2\/posts\/1049748","targetHints":{"allow":["GET"]}}],"collection":[{"href":"https:\/\/darkamazi.info\/funavuv\/wp\/v2\/posts"}],"about":[{"href":"https:\/\/darkamazi.info\/funavuv\/wp\/v2\/types\/post"}],"author":[{"embeddable":true,"href":"https:\/\/darkamazi.info\/funavuv\/wp\/v2\/users\/2"}],"replies":[{"embeddable":true,"href":"https:\/\/darkamazi.info\/funavuv\/wp\/v2\/comments?post=1049748"}],"version-history":[{"count":0,"href":"https:\/\/darkamazi.info\/funavuv\/wp\/v2\/posts\/1049748\/revisions"}],"wp:featuredmedia":[{"embeddable":true,"href":"https:\/\/darkamazi.info\/funavuv\/wp\/v2\/media\/1049749"}],"wp:attachment":[{"href":"https:\/\/darkamazi.info\/funavuv\/wp\/v2\/media?parent=1049748"}],"wp:term":[{"taxonomy":"category","embeddable":true,"href":"https:\/\/darkamazi.info\/funavuv\/wp\/v2\/categories?post=1049748"},{"taxonomy":"post_tag","embeddable":true,"href":"https:\/\/darkamazi.info\/funavuv\/wp\/v2\/tags?post=1049748"}],"curies":[{"name":"wp","href":"https:\/\/api.w.org\/{rel}","templated":true}]}}