{"id":1049760,"date":"2025-09-08T11:35:20","date_gmt":"2025-09-08T08:35:20","guid":{"rendered":"https:\/\/darkamazi.info\/?p=1049760"},"modified":"2025-09-08T11:35:20","modified_gmt":"2025-09-08T08:35:20","slug":"ewen-erise-bingehen-petrole-li-herema-kurdistane-kirin-hatine-destnisankirin","status":"publish","type":"post","link":"https:\/\/darkamazi.info\/archives\/1049760","title":{"rendered":"Ew\u00ean \u00ear\u00ee\u015f\u00ea bingeh\u00ean petrol\u00ea li her\u00eama Kurdistan\u00ea kir\u00een hatine destn\u00ee\u015fankirin"},"content":{"rendered":"<h3 style=\"text-align: justify\"><span style=\"font-family: 'arial black', sans-serif\">\u015e\u00eawirmend\u00ea Ewlekariya Netewey\u00ee ya Iraq\u00ea ragihand ku, ew aliy\u00ean ku \u00ear\u00ee\u015f\u00ean bi dronan kirine ser zeviy\u00ean petrol\u00ea y\u00ean Her\u00eama Kurdistan\u00ea hatine destn\u00ee\u015fankirin.<\/span><\/h3>\n<h3 style=\"text-align: justify\">\u015e\u00eawirmend\u00ea Ewlekariya Netewey\u00ee ya Iraq\u00ea Qasim Arec\u00ee ragihand, \u201cEw kom\u00eeteya ku ji h\u00eala Serokwez\u00eer\u00ea Iraq\u00ea ve ji bo l\u00eakol\u00eena li ser \u00ear\u00ee\u015f\u00ean bi dronan \u00ean li ser zeviy\u00ean petrol\u00ea y\u00ean Her\u00eama Kurdistan\u00ea hatiye \u00e7\u00eakirin raporta xwe p\u00ea\u015fk\u00ea\u015f kiriye, ew al\u00ee j\u00ee destn\u00ee\u015fan kirine y\u00ean ku ew \u00ear\u00ee\u015f kirine \u00fb bi aneha Xud\u00ea ew \u00ear\u00ee\u015f d\u00ea careke din dubare nebin.\u201d<\/h3>\n<h3 style=\"text-align: justify\">\u015e\u00eawirmend\u00ea Ewlekariya Netewey\u00ee ya Iraq\u00ea ji medyaya Iraq\u00ea re got ku, kom\u00eeteya wan serdana wan cihan kiriye y\u00ean ku bi dronan \u00ear\u00ee\u015f\u00ee wan hatiye kirin \u00fb raporta xwe bi \u00eemzeya hem\u00ee endam\u00ean w\u00ea kom\u00eetey\u00ea p\u00ea\u015fk\u00ea\u015f kiriye.<\/h3>\n<h3 style=\"text-align: justify\">Qasim Arac\u00ee amaje j\u00ee da, \u201cDi w\u00ea raport\u00ea de ew al\u00ee hatine destn\u00ee\u015fankirin \u00ean ku ew \u00ear\u00ee\u015f kirine \u00fb s\u00eenor hatine dan\u00een \u00fb bi aneha Xud\u00ea ew \u00ear\u00ee\u015f careke din dubare nabin.<\/h3>\n<h3 style=\"text-align: justify\">Navbir\u00ee red kir ku nav\u00ea aliy\u00ean \u00ear\u00ee\u015fker \u00fb cih\u00ea arastekirina wan \u00ear\u00ee\u015fan, ka ji axa Iraq\u00ea an ji dervey\u00ee axa Iraq\u00ea b\u00fbye, e\u015fkere bike \u00fb ragihand ku, hem\u00ee zanyar wan di w\u00ea raport\u00ea de bi berfireh\u00ee hatine behskirin.<\/h3>\n<h3 style=\"text-align: justify\">Di \u00eavara 14\u00ea T\u00eermeha 2025an de, di saet 8:20 \u00fb 8:25\u00ea \u00eavar\u00ea de, du bombebaran\u00ean bi dronan \u00ear\u00ee\u015f\u00ee zeviya petrol\u00ea ya Xurmala li par\u00eazgeha Hewl\u00ear\u00ea kirin. Li gor\u00ee Wezareta \u00c7avkaniy\u00ean Xwezay\u00ee, \u201ctu qurban\u00ee \u00e7\u00eaneb\u00fbne \u00fb ten\u00ea boriy\u00ean av\u00ea y\u00ean santral\u00ea zirar d\u00eetine.\u201d Ji destp\u00eaka T\u00eermeh\u00ea ve, 38 \u00ear\u00ee\u015f\u00ean bi dron \u00fb m\u00fb\u015fekan li ser bajar\u00ean Her\u00eama Kurdistan\u00ea hatine kirin, neh ji wan \u00ear\u00ee\u015fan j\u00ee li ser zeviy\u00ean petrol\u00ea hatib\u00fbn kirin, ew j\u00ee zeviy\u00ean Xurmele, Kormor, Sersink, Etr\u00fb\u015f, Bay Hesen, P\u00ea\u015fxab\u00fbr, Tawk\u00ea \u00fb Hunt Oil b\u00fbn. \u00car\u00ee\u015f\u00ean din j\u00ee li ser h\u00eaz\u00ean ewlehiy\u00ea \u00fb balafirxaneyan hatine kirin.<\/h3>\n<h3 style=\"text-align: justify\">\u015eandeke payebilind a Iraq\u00ea bi serokatiya \u015e\u00eawirmend\u00ea Ewlekariya Netewey\u00ee Qasim Arec\u00ee li roja Du\u015fem\u00ea (28\u00ea T\u00eermeha 2025\u00ea) gih\u00ee\u015ft Hewl\u00ear\u00ea \u00fb ji aliy\u00ea Wez\u00eer\u00ea Navxwe y\u00ea Hik\u00fbmeta Her\u00eama Kurdistan\u00ea R\u00eaber Ehmed ve p\u00ea\u015fwaziya w\u00ee hat kirin.<\/h3>\n<h3 style=\"text-align: justify\">Qasim Arec\u00ee di konferanseke rojnamevan\u00ee ya hevpar de bi R\u00eaber Ehmed re ragihand, \u201c\u00car\u00ee\u015f\u00ean bi dronan \u00ean li ser Her\u00eama Kurdistan\u00ea zirar\u00ea didin nav\u00fbdeng \u00fb aboriya Iraq\u00ea. Em wan \u00ear\u00ee\u015fan \u015fermezar dikin \u00fb \u00ear\u00ee\u015fker d\u00ea b\u00ean cezakirin.\u201d<\/h3>\n<h3 style=\"text-align: justify\">Ji destp\u00eaka T\u00eermeh\u00ea ve, 38 \u00ear\u00ee\u015f\u00ean bi dron \u00fb m\u00fb\u015fekan li ser bajar\u00ean Her\u00eama Kurdistan\u00ea hatine kirin, neh ji wan \u00ear\u00ee\u015fan j\u00ee li ser zeviy\u00ean petrol\u00ea hatib\u00fbn kirin, ew j\u00ee zeviy\u00ean Xurmele, Kormor, Sersink, Etr\u00fb\u015f, Bay Hesen, P\u00ea\u015fxab\u00fbr, Tawk\u00ea \u00fb Hunt Oil b\u00fbn. \u00car\u00ee\u015f\u00ean din j\u00ee li ser h\u00eaz\u00ean ewlehiy\u00ea \u00fb balafirxaneyan hatine kirin.<\/h3>\n<h3 style=\"text-align: justify\">\u015eandeke payebilind a Iraq\u00ea bi serokatiya \u015e\u00eawirmend\u00ea Ewlekariya Netewey\u00ee Qasim Arec\u00ee li roja Du\u015fem\u00ea (28\u00ea T\u00eermeha 2025\u00ea) gih\u00ee\u015ftib\u00fb Hewl\u00ear\u00ea \u00fb ji aliy\u00ea Wez\u00eer\u00ea Navxwe y\u00ea Hik\u00fbmeta Her\u00eama Kurdistan\u00ea R\u00eaber Ehmed ve p\u00ea\u015fwaziya w\u00ea \u015fand\u00ea hat kirin.<\/h3>\n","protected":false},"excerpt":{"rendered":"<p>\u015e\u00eawirmend\u00ea Ewlekariya Netewey\u00ee ya Iraq\u00ea ragihand ku, ew aliy\u00ean ku \u00ear\u00ee\u015f\u00ean bi dronan kirine ser zeviy\u00ean petrol\u00ea y\u00ean Her\u00eama Kurdistan\u00ea hatine destn\u00ee\u015fankirin. \u015e\u00eawirmend\u00ea Ewlekariya Netewey\u00ee ya Iraq\u00ea Qasim Arec\u00ee ragihand, \u201cEw kom\u00eeteya ku ji h\u00eala Serokwez\u00eer\u00ea Iraq\u00ea ve ji bo l\u00eakol\u00eena li ser \u00ear\u00ee\u015f\u00ean bi dronan \u00ean li ser zeviy\u00ean petrol\u00ea y\u00ean Her\u00eama Kurdistan\u00ea hatiye [&hellip;]<\/p>\n","protected":false},"author":2,"featured_media":1049761,"comment_status":"closed","ping_status":"closed","sticky":false,"template":"","format":"standard","meta":{"footnotes":""},"categories":[29],"tags":[37],"class_list":["post-1049760","post","type-post","status-publish","format-standard","has-post-thumbnail","hentry","category-kurdistan","tag-sereke"],"blocksy_meta":[],"seo_head":"<!-- This site is optimized with the Yoast SEO plugin v27.5 - https:\/\/yoast.com\/product\/yoast-seo-wordpress\/ -->\n<title>Ew\u00ean \u00ear\u00ee\u015f\u00ea bingeh\u00ean petrol\u00ea li her\u00eama Kurdistan\u00ea kir\u00een hatine destn\u00ee\u015fankirin - Darka Maz\u00ee<\/title>\n<meta name=\"robots\" content=\"index, follow, max-snippet:-1, max-image-preview:large, max-video-preview:-1\" \/>\n<link rel=\"canonical\" href=\"https:\/\/darkamazi.info\/archives\/1049760\" \/>\n<meta property=\"og:locale\" content=\"en_US\" \/>\n<meta property=\"og:type\" content=\"article\" \/>\n<meta property=\"og:title\" content=\"Ew\u00ean \u00ear\u00ee\u015f\u00ea bingeh\u00ean petrol\u00ea li her\u00eama Kurdistan\u00ea kir\u00een hatine destn\u00ee\u015fankirin - Darka Maz\u00ee\" \/>\n<meta property=\"og:description\" content=\"\u015e\u00eawirmend\u00ea Ewlekariya Netewey\u00ee ya Iraq\u00ea ragihand ku, ew aliy\u00ean ku \u00ear\u00ee\u015f\u00ean bi dronan kirine ser zeviy\u00ean petrol\u00ea y\u00ean Her\u00eama Kurdistan\u00ea hatine destn\u00ee\u015fankirin. \u015e\u00eawirmend\u00ea Ewlekariya Netewey\u00ee ya Iraq\u00ea Qasim Arec\u00ee ragihand, \u201cEw kom\u00eeteya ku ji h\u00eala Serokwez\u00eer\u00ea Iraq\u00ea ve ji bo l\u00eakol\u00eena li ser \u00ear\u00ee\u015f\u00ean bi dronan \u00ean li ser zeviy\u00ean petrol\u00ea y\u00ean Her\u00eama Kurdistan\u00ea hatiye [&hellip;]\" \/>\n<meta property=\"og:url\" content=\"https:\/\/darkamazi.info\/archives\/1049760\" \/>\n<meta property=\"og:site_name\" content=\"Darka Maz\u00ee\" \/>\n<meta property=\"article:publisher\" content=\"https:\/\/www.facebook.com\/DarMaziKurmanci\" \/>\n<meta property=\"article:published_time\" content=\"2025-09-08T08:35:20+00:00\" \/>\n<meta property=\"og:image\" content=\"https:\/\/darkamazi.info\/file\/2025\/09\/kurdistan-petrol-turkey-iraq-hakan-fidan.jpg\" \/>\n\t<meta property=\"og:image:width\" content=\"900\" \/>\n\t<meta property=\"og:image:height\" content=\"497\" \/>\n\t<meta property=\"og:image:type\" content=\"image\/jpeg\" \/>\n<meta name=\"author\" content=\"darka mazi\" \/>\n<meta name=\"twitter:card\" content=\"summary_large_image\" \/>\n<meta name=\"twitter:creator\" content=\"@DarkaMaziLatini\" \/>\n<meta name=\"twitter:site\" content=\"@DarkaMaziLatini\" \/>\n<meta name=\"twitter:label1\" content=\"Written by\" \/>\n\t<meta name=\"twitter:data1\" content=\"darka mazi\" \/>\n\t<meta name=\"twitter:label2\" content=\"Est. reading time\" \/>\n\t<meta name=\"twitter:data2\" content=\"3 minutes\" \/>\n<script type=\"application\/ld+json\" class=\"seo-schema-graph\">{\"@context\":\"https:\\\/\\\/schema.org\",\"@graph\":[{\"@type\":\"Article\",\"@id\":\"https:\\\/\\\/darkamazi.info\\\/archives\\\/1049760#article\",\"isPartOf\":{\"@id\":\"https:\\\/\\\/darkamazi.info\\\/archives\\\/1049760\"},\"author\":{\"name\":\"darka mazi\",\"@id\":\"https:\\\/\\\/darkamazi.info\\\/#\\\/schema\\\/person\\\/5ad3e24553a0567993fa8ed4bd0a776c\"},\"headline\":\"Ew\u00ean \u00ear\u00ee\u015f\u00ea bingeh\u00ean petrol\u00ea li her\u00eama Kurdistan\u00ea kir\u00een hatine destn\u00ee\u015fankirin\",\"datePublished\":\"2025-09-08T08:35:20+00:00\",\"mainEntityOfPage\":{\"@id\":\"https:\\\/\\\/darkamazi.info\\\/archives\\\/1049760\"},\"wordCount\":530,\"publisher\":{\"@id\":\"https:\\\/\\\/darkamazi.info\\\/#organization\"},\"image\":{\"@id\":\"https:\\\/\\\/darkamazi.info\\\/archives\\\/1049760#primaryimage\"},\"thumbnailUrl\":\"https:\\\/\\\/darkamazi.info\\\/darka-content\\\/uploads\\\/2025\\\/09\\\/kurdistan-petrol-turkey-iraq-hakan-fidan.jpg\",\"keywords\":[\"sereke\"],\"articleSection\":[\"Kurdistan\"],\"inLanguage\":\"en-US\"},{\"@type\":\"WebPage\",\"@id\":\"https:\\\/\\\/darkamazi.info\\\/archives\\\/1049760\",\"url\":\"https:\\\/\\\/darkamazi.info\\\/archives\\\/1049760\",\"name\":\"Ew\u00ean \u00ear\u00ee\u015f\u00ea bingeh\u00ean petrol\u00ea li her\u00eama Kurdistan\u00ea kir\u00een hatine destn\u00ee\u015fankirin - Darka Maz\u00ee\",\"isPartOf\":{\"@id\":\"https:\\\/\\\/darkamazi.info\\\/#website\"},\"primaryImageOfPage\":{\"@id\":\"https:\\\/\\\/darkamazi.info\\\/archives\\\/1049760#primaryimage\"},\"image\":{\"@id\":\"https:\\\/\\\/darkamazi.info\\\/archives\\\/1049760#primaryimage\"},\"thumbnailUrl\":\"https:\\\/\\\/darkamazi.info\\\/darka-content\\\/uploads\\\/2025\\\/09\\\/kurdistan-petrol-turkey-iraq-hakan-fidan.jpg\",\"datePublished\":\"2025-09-08T08:35:20+00:00\",\"breadcrumb\":{\"@id\":\"https:\\\/\\\/darkamazi.info\\\/archives\\\/1049760#breadcrumb\"},\"inLanguage\":\"en-US\",\"potentialAction\":[{\"@type\":\"ReadAction\",\"target\":[\"https:\\\/\\\/darkamazi.info\\\/archives\\\/1049760\"]}]},{\"@type\":\"ImageObject\",\"inLanguage\":\"en-US\",\"@id\":\"https:\\\/\\\/darkamazi.info\\\/archives\\\/1049760#primaryimage\",\"url\":\"https:\\\/\\\/darkamazi.info\\\/darka-content\\\/uploads\\\/2025\\\/09\\\/kurdistan-petrol-turkey-iraq-hakan-fidan.jpg\",\"contentUrl\":\"https:\\\/\\\/darkamazi.info\\\/darka-content\\\/uploads\\\/2025\\\/09\\\/kurdistan-petrol-turkey-iraq-hakan-fidan.jpg\",\"width\":900,\"height\":497,\"caption\":\"Ew\u00ean \u00ear\u00ee\u015f\u00ea bingeh\u00ean petrol\u00ea li her\u00eama Kurdistan\u00ea kir\u00een hatine destn\u00ee\u015fankirin\"},{\"@type\":\"BreadcrumbList\",\"@id\":\"https:\\\/\\\/darkamazi.info\\\/archives\\\/1049760#breadcrumb\",\"itemListElement\":[{\"@type\":\"ListItem\",\"position\":1,\"name\":\"Home\",\"item\":\"https:\\\/\\\/darkamazi.info\\\/\"},{\"@type\":\"ListItem\",\"position\":2,\"name\":\"Ew\u00ean \u00ear\u00ee\u015f\u00ea bingeh\u00ean petrol\u00ea li her\u00eama Kurdistan\u00ea kir\u00een hatine destn\u00ee\u015fankirin\"}]},{\"@type\":\"WebSite\",\"@id\":\"https:\\\/\\\/darkamazi.info\\\/#website\",\"url\":\"https:\\\/\\\/darkamazi.info\\\/\",\"name\":\"Darka Maz\u00ee\",\"description\":\"P\u00eageha Zanyariy\u00ean Nebih\u00eest\u00ee\",\"publisher\":{\"@id\":\"https:\\\/\\\/darkamazi.info\\\/#organization\"},\"potentialAction\":[{\"@type\":\"SearchAction\",\"target\":{\"@type\":\"EntryPoint\",\"urlTemplate\":\"https:\\\/\\\/darkamazi.info\\\/?s={search_term_string}\"},\"query-input\":{\"@type\":\"PropertyValueSpecification\",\"valueRequired\":true,\"valueName\":\"search_term_string\"}}],\"inLanguage\":\"en-US\"},{\"@type\":\"Organization\",\"@id\":\"https:\\\/\\\/darkamazi.info\\\/#organization\",\"name\":\"Darka Maz\u00ee\",\"url\":\"https:\\\/\\\/darkamazi.info\\\/\",\"logo\":{\"@type\":\"ImageObject\",\"inLanguage\":\"en-US\",\"@id\":\"https:\\\/\\\/darkamazi.info\\\/#\\\/schema\\\/logo\\\/image\\\/\",\"url\":\"https:\\\/\\\/darkamazi.info\\\/darka-content\\\/uploads\\\/2017\\\/12\\\/darka-mazi-logo.png\",\"contentUrl\":\"https:\\\/\\\/darkamazi.info\\\/darka-content\\\/uploads\\\/2017\\\/12\\\/darka-mazi-logo.png\",\"width\":151,\"height\":75,\"caption\":\"Darka Maz\u00ee\"},\"image\":{\"@id\":\"https:\\\/\\\/darkamazi.info\\\/#\\\/schema\\\/logo\\\/image\\\/\"},\"sameAs\":[\"https:\\\/\\\/www.facebook.com\\\/DarMaziKurmanci\",\"https:\\\/\\\/x.com\\\/DarkaMaziLatini\",\"https:\\\/\\\/www.instagram.com\\\/darkamazi.kurmanci\\\/\",\"https:\\\/\\\/www.youtube.com\\\/channel\\\/UCa5HkTdmI8U1qCUFuTw8B2g\"]},{\"@type\":\"Person\",\"@id\":\"https:\\\/\\\/darkamazi.info\\\/#\\\/schema\\\/person\\\/5ad3e24553a0567993fa8ed4bd0a776c\",\"name\":\"darka mazi\",\"sameAs\":[\"https:\\\/\\\/darkamazi.info\\\/\"],\"url\":\"https:\\\/\\\/darkamazi.info\\\/archives\\\/author\\\/kurdi\"}]}<\/script>\n<!-- \/ Yoast SEO plugin. -->","seo_head_json":{"title":"Ew\u00ean \u00ear\u00ee\u015f\u00ea bingeh\u00ean petrol\u00ea li her\u00eama Kurdistan\u00ea kir\u00een hatine destn\u00ee\u015fankirin - Darka Maz\u00ee","robots":{"index":"index","follow":"follow","max-snippet":"max-snippet:-1","max-image-preview":"max-image-preview:large","max-video-preview":"max-video-preview:-1"},"canonical":"https:\/\/darkamazi.info\/archives\/1049760","og_locale":"en_US","og_type":"article","og_title":"Ew\u00ean \u00ear\u00ee\u015f\u00ea bingeh\u00ean petrol\u00ea li her\u00eama Kurdistan\u00ea kir\u00een hatine destn\u00ee\u015fankirin - Darka Maz\u00ee","og_description":"\u015e\u00eawirmend\u00ea Ewlekariya Netewey\u00ee ya Iraq\u00ea ragihand ku, ew aliy\u00ean ku \u00ear\u00ee\u015f\u00ean bi dronan kirine ser zeviy\u00ean petrol\u00ea y\u00ean Her\u00eama Kurdistan\u00ea hatine destn\u00ee\u015fankirin. \u015e\u00eawirmend\u00ea Ewlekariya Netewey\u00ee ya Iraq\u00ea Qasim Arec\u00ee ragihand, \u201cEw kom\u00eeteya ku ji h\u00eala Serokwez\u00eer\u00ea Iraq\u00ea ve ji bo l\u00eakol\u00eena li ser \u00ear\u00ee\u015f\u00ean bi dronan \u00ean li ser zeviy\u00ean petrol\u00ea y\u00ean Her\u00eama Kurdistan\u00ea hatiye [&hellip;]","og_url":"https:\/\/darkamazi.info\/archives\/1049760","og_site_name":"Darka Maz\u00ee","article_publisher":"https:\/\/www.facebook.com\/DarMaziKurmanci","article_published_time":"2025-09-08T08:35:20+00:00","og_image":[{"width":900,"height":497,"url":"https:\/\/darkamazi.info\/file\/2025\/09\/kurdistan-petrol-turkey-iraq-hakan-fidan.jpg","type":"image\/jpeg"}],"author":"darka mazi","twitter_card":"summary_large_image","twitter_creator":"@DarkaMaziLatini","twitter_site":"@DarkaMaziLatini","twitter_misc":{"Written by":"darka mazi","Est. reading time":"3 minutes"},"schema":{"@context":"https:\/\/schema.org","@graph":[{"@type":"Article","@id":"https:\/\/darkamazi.info\/archives\/1049760#article","isPartOf":{"@id":"https:\/\/darkamazi.info\/archives\/1049760"},"author":{"name":"darka mazi","@id":"https:\/\/darkamazi.info\/#\/schema\/person\/5ad3e24553a0567993fa8ed4bd0a776c"},"headline":"Ew\u00ean \u00ear\u00ee\u015f\u00ea bingeh\u00ean petrol\u00ea li her\u00eama Kurdistan\u00ea kir\u00een hatine destn\u00ee\u015fankirin","datePublished":"2025-09-08T08:35:20+00:00","mainEntityOfPage":{"@id":"https:\/\/darkamazi.info\/archives\/1049760"},"wordCount":530,"publisher":{"@id":"https:\/\/darkamazi.info\/#organization"},"image":{"@id":"https:\/\/darkamazi.info\/archives\/1049760#primaryimage"},"thumbnailUrl":"https:\/\/darkamazi.info\/file\/2025\/09\/kurdistan-petrol-turkey-iraq-hakan-fidan.jpg","keywords":["sereke"],"articleSection":["Kurdistan"],"inLanguage":"en-US"},{"@type":"WebPage","@id":"https:\/\/darkamazi.info\/archives\/1049760","url":"https:\/\/darkamazi.info\/archives\/1049760","name":"Ew\u00ean \u00ear\u00ee\u015f\u00ea bingeh\u00ean petrol\u00ea li her\u00eama Kurdistan\u00ea kir\u00een hatine destn\u00ee\u015fankirin - Darka Maz\u00ee","isPartOf":{"@id":"https:\/\/darkamazi.info\/#website"},"primaryImageOfPage":{"@id":"https:\/\/darkamazi.info\/archives\/1049760#primaryimage"},"image":{"@id":"https:\/\/darkamazi.info\/archives\/1049760#primaryimage"},"thumbnailUrl":"https:\/\/darkamazi.info\/file\/2025\/09\/kurdistan-petrol-turkey-iraq-hakan-fidan.jpg","datePublished":"2025-09-08T08:35:20+00:00","breadcrumb":{"@id":"https:\/\/darkamazi.info\/archives\/1049760#breadcrumb"},"inLanguage":"en-US","potentialAction":[{"@type":"ReadAction","target":["https:\/\/darkamazi.info\/archives\/1049760"]}]},{"@type":"ImageObject","inLanguage":"en-US","@id":"https:\/\/darkamazi.info\/archives\/1049760#primaryimage","url":"https:\/\/darkamazi.info\/file\/2025\/09\/kurdistan-petrol-turkey-iraq-hakan-fidan.jpg","contentUrl":"https:\/\/darkamazi.info\/file\/2025\/09\/kurdistan-petrol-turkey-iraq-hakan-fidan.jpg","width":900,"height":497,"caption":"Ew\u00ean \u00ear\u00ee\u015f\u00ea bingeh\u00ean petrol\u00ea li her\u00eama Kurdistan\u00ea kir\u00een hatine destn\u00ee\u015fankirin"},{"@type":"BreadcrumbList","@id":"https:\/\/darkamazi.info\/archives\/1049760#breadcrumb","itemListElement":[{"@type":"ListItem","position":1,"name":"Home","item":"https:\/\/darkamazi.info\/"},{"@type":"ListItem","position":2,"name":"Ew\u00ean \u00ear\u00ee\u015f\u00ea bingeh\u00ean petrol\u00ea li her\u00eama Kurdistan\u00ea kir\u00een hatine destn\u00ee\u015fankirin"}]},{"@type":"WebSite","@id":"https:\/\/darkamazi.info\/#website","url":"https:\/\/darkamazi.info\/","name":"Darka Maz\u00ee","description":"P\u00eageha Zanyariy\u00ean Nebih\u00eest\u00ee","publisher":{"@id":"https:\/\/darkamazi.info\/#organization"},"potentialAction":[{"@type":"SearchAction","target":{"@type":"EntryPoint","urlTemplate":"https:\/\/darkamazi.info\/?s={search_term_string}"},"query-input":{"@type":"PropertyValueSpecification","valueRequired":true,"valueName":"search_term_string"}}],"inLanguage":"en-US"},{"@type":"Organization","@id":"https:\/\/darkamazi.info\/#organization","name":"Darka Maz\u00ee","url":"https:\/\/darkamazi.info\/","logo":{"@type":"ImageObject","inLanguage":"en-US","@id":"https:\/\/darkamazi.info\/#\/schema\/logo\/image\/","url":"https:\/\/darkamazi.info\/file\/2017\/12\/darka-mazi-logo.png","contentUrl":"https:\/\/darkamazi.info\/file\/2017\/12\/darka-mazi-logo.png","width":151,"height":75,"caption":"Darka Maz\u00ee"},"image":{"@id":"https:\/\/darkamazi.info\/#\/schema\/logo\/image\/"},"sameAs":["https:\/\/www.facebook.com\/DarMaziKurmanci","https:\/\/x.com\/DarkaMaziLatini","https:\/\/www.instagram.com\/darkamazi.kurmanci\/","https:\/\/www.youtube.com\/channel\/UCa5HkTdmI8U1qCUFuTw8B2g"]},{"@type":"Person","@id":"https:\/\/darkamazi.info\/#\/schema\/person\/5ad3e24553a0567993fa8ed4bd0a776c","name":"darka mazi","sameAs":["https:\/\/darkamazi.info\/"],"url":"https:\/\/darkamazi.info\/archives\/author\/kurdi"}]}},"_links":{"self":[{"href":"https:\/\/darkamazi.info\/funavuv\/wp\/v2\/posts\/1049760","targetHints":{"allow":["GET"]}}],"collection":[{"href":"https:\/\/darkamazi.info\/funavuv\/wp\/v2\/posts"}],"about":[{"href":"https:\/\/darkamazi.info\/funavuv\/wp\/v2\/types\/post"}],"author":[{"embeddable":true,"href":"https:\/\/darkamazi.info\/funavuv\/wp\/v2\/users\/2"}],"replies":[{"embeddable":true,"href":"https:\/\/darkamazi.info\/funavuv\/wp\/v2\/comments?post=1049760"}],"version-history":[{"count":0,"href":"https:\/\/darkamazi.info\/funavuv\/wp\/v2\/posts\/1049760\/revisions"}],"wp:featuredmedia":[{"embeddable":true,"href":"https:\/\/darkamazi.info\/funavuv\/wp\/v2\/media\/1049761"}],"wp:attachment":[{"href":"https:\/\/darkamazi.info\/funavuv\/wp\/v2\/media?parent=1049760"}],"wp:term":[{"taxonomy":"category","embeddable":true,"href":"https:\/\/darkamazi.info\/funavuv\/wp\/v2\/categories?post=1049760"},{"taxonomy":"post_tag","embeddable":true,"href":"https:\/\/darkamazi.info\/funavuv\/wp\/v2\/tags?post=1049760"}],"curies":[{"name":"wp","href":"https:\/\/api.w.org\/{rel}","templated":true}]}}