{"id":1049768,"date":"2025-09-08T18:52:34","date_gmt":"2025-09-08T15:52:34","guid":{"rendered":"https:\/\/darkamazi.info\/?p=1049768"},"modified":"2025-09-08T18:52:34","modified_gmt":"2025-09-08T15:52:34","slug":"endameki-pdk-se-ji-aliye-asayisa-pyde-ve-hat-girtin","status":"publish","type":"post","link":"https:\/\/darkamazi.info\/archives\/1049768","title":{"rendered":"Endamek\u00ee PDK-S\u00ea ji aliy\u00ea asayi\u015fa PYD\u00ea ve hat girtin"},"content":{"rendered":"<h3 style=\"text-align: justify\"><span style=\"font-family: 'arial black', sans-serif\">Endamek\u00ee Partiya Demokrat a Kurdistan\u00ea \u2013 S\u00fbriye (PDK-S) li Heleb\u00ea ji aliy\u00ea Asayi\u015fa ser bi H\u00eaz\u00ean S\u00fbriyeya Demokrat\u00eek (HSD) ve hate girtin.<\/span><\/h3>\n<h3 style=\"text-align: justify\"><span style=\"font-family: arial, helvetica, sans-serif\">Li gor\u00ee Agahiy\u00ean ku ji malbata w\u00ee hatine wergirtin, endam\u00ea Partiya Demokrat a Kurdistan\u00ea \u2013 S\u00fbriye (PDK-S) Wa\u00eal Ebd\u00een Xel\u00eel, pi\u015ft\u00ee ku ji Her\u00eama Kurdistan\u00ea vegeriyab\u00fb, roja 30\u00ee Tebaxa bor li taxa \u015e\u00eax Meqs\u00fbd a bajar\u00ea Heleb\u00ea ji aliy\u00ea asayi\u015fa taxa \u015e\u00eax Meqs\u00fbd ve hatiye girtin.<\/span><\/h3>\n<h3 style=\"text-align: justify\"><span style=\"font-family: arial, helvetica, sans-serif\">Li gor\u00ee agahiy\u00ean ku ji endamek\u00ee malbata Wael hatine girtin, Wa\u00eal Ebd\u00een Xel\u00eel di meha bor\u00ee de, pi\u015ft\u00ee 10 salan ji Her\u00eama Kurdistan\u00ea vegeriyab\u00fb gund\u00ea xwe, Birbin\u00ea y\u00ea li her\u00eama Efr\u00een\u00ea, da ku serdana dayika xwe ya nexwe\u015f bike.<\/span><\/h3>\n<h3 style=\"text-align: justify\"><span style=\"font-family: arial, helvetica, sans-serif\">Her li gor\u00ee agahiyan, Wa\u00eal Xel\u00eel roja 30\u00ea Tebax\u00ea, dema ku ji Efr\u00een\u00ea ji bo serdana xizm\u00ean xwe \u00e7\u00fbb\u00fb taxa \u015e\u00eax Meqs\u00fbd a Heleb\u00ea, li wir hatiye girtin \u00fb heta niha \u00e7aren\u00fbsa w\u00ee ne diyar e.<\/span><\/h3>\n<h3 style=\"text-align: justify\"><span style=\"font-family: arial, helvetica, sans-serif\">Taxa \u015e\u00eax Meqs\u00fbd a Heleb\u00ea, wek taxa Kurdan t\u00ea nas\u00een \u00fb bi hezar Kurd \u00fb bi taybet \u00ean Efr\u00een\u00ea l\u00ea dij\u00een. Ew tax di dest\u00ea YPG\/HSD de ye \u00fb R\u00eaveberiya Xweser j\u00ee l\u00ea hatiye ragihandin.<\/span><\/h3>\n","protected":false},"excerpt":{"rendered":"<p>Endamek\u00ee Partiya Demokrat a Kurdistan\u00ea \u2013 S\u00fbriye (PDK-S) li Heleb\u00ea ji aliy\u00ea Asayi\u015fa ser bi H\u00eaz\u00ean S\u00fbriyeya Demokrat\u00eek (HSD) ve hate girtin. Li gor\u00ee Agahiy\u00ean ku ji malbata w\u00ee hatine wergirtin, endam\u00ea Partiya Demokrat a Kurdistan\u00ea \u2013 S\u00fbriye (PDK-S) Wa\u00eal Ebd\u00een Xel\u00eel, pi\u015ft\u00ee ku ji Her\u00eama Kurdistan\u00ea vegeriyab\u00fb, roja 30\u00ee Tebaxa bor li taxa \u015e\u00eax [&hellip;]<\/p>\n","protected":false},"author":2,"featured_media":1049769,"comment_status":"closed","ping_status":"closed","sticky":false,"template":"","format":"standard","meta":{"footnotes":""},"categories":[29],"tags":[37],"class_list":["post-1049768","post","type-post","status-publish","format-standard","has-post-thumbnail","hentry","category-kurdistan","tag-sereke"],"blocksy_meta":[],"seo_head":"<!-- This site is optimized with the Yoast SEO plugin v27.5 - https:\/\/yoast.com\/product\/yoast-seo-wordpress\/ -->\n<title>Endamek\u00ee PDK-S\u00ea ji aliy\u00ea asayi\u015fa PYD\u00ea ve hat girtin - Darka Maz\u00ee<\/title>\n<meta name=\"robots\" content=\"index, follow, max-snippet:-1, max-image-preview:large, max-video-preview:-1\" \/>\n<link rel=\"canonical\" href=\"https:\/\/darkamazi.info\/archives\/1049768\" \/>\n<meta property=\"og:locale\" content=\"en_US\" \/>\n<meta property=\"og:type\" content=\"article\" \/>\n<meta property=\"og:title\" content=\"Endamek\u00ee PDK-S\u00ea ji aliy\u00ea asayi\u015fa PYD\u00ea ve hat girtin - Darka Maz\u00ee\" \/>\n<meta property=\"og:description\" content=\"Endamek\u00ee Partiya Demokrat a Kurdistan\u00ea \u2013 S\u00fbriye (PDK-S) li Heleb\u00ea ji aliy\u00ea Asayi\u015fa ser bi H\u00eaz\u00ean S\u00fbriyeya Demokrat\u00eek (HSD) ve hate girtin. Li gor\u00ee Agahiy\u00ean ku ji malbata w\u00ee hatine wergirtin, endam\u00ea Partiya Demokrat a Kurdistan\u00ea \u2013 S\u00fbriye (PDK-S) Wa\u00eal Ebd\u00een Xel\u00eel, pi\u015ft\u00ee ku ji Her\u00eama Kurdistan\u00ea vegeriyab\u00fb, roja 30\u00ee Tebaxa bor li taxa \u015e\u00eax [&hellip;]\" \/>\n<meta property=\"og:url\" content=\"https:\/\/darkamazi.info\/archives\/1049768\" \/>\n<meta property=\"og:site_name\" content=\"Darka Maz\u00ee\" \/>\n<meta property=\"article:publisher\" content=\"https:\/\/www.facebook.com\/DarMaziKurmanci\" \/>\n<meta property=\"article:published_time\" content=\"2025-09-08T15:52:34+00:00\" \/>\n<meta property=\"og:image\" content=\"https:\/\/darkamazi.info\/file\/2025\/09\/PDK-S-Endam-Info.jpg\" \/>\n\t<meta property=\"og:image:width\" content=\"900\" \/>\n\t<meta property=\"og:image:height\" content=\"500\" \/>\n\t<meta property=\"og:image:type\" content=\"image\/jpeg\" \/>\n<meta name=\"author\" content=\"darka mazi\" \/>\n<meta name=\"twitter:card\" content=\"summary_large_image\" \/>\n<meta name=\"twitter:creator\" content=\"@DarkaMaziLatini\" \/>\n<meta name=\"twitter:site\" content=\"@DarkaMaziLatini\" \/>\n<meta name=\"twitter:label1\" content=\"Written by\" \/>\n\t<meta name=\"twitter:data1\" content=\"darka mazi\" \/>\n\t<meta name=\"twitter:label2\" content=\"Est. reading time\" \/>\n\t<meta name=\"twitter:data2\" content=\"1 minute\" \/>\n<script type=\"application\/ld+json\" class=\"seo-schema-graph\">{\"@context\":\"https:\\\/\\\/schema.org\",\"@graph\":[{\"@type\":\"Article\",\"@id\":\"https:\\\/\\\/darkamazi.info\\\/archives\\\/1049768#article\",\"isPartOf\":{\"@id\":\"https:\\\/\\\/darkamazi.info\\\/archives\\\/1049768\"},\"author\":{\"name\":\"darka mazi\",\"@id\":\"https:\\\/\\\/darkamazi.info\\\/#\\\/schema\\\/person\\\/5ad3e24553a0567993fa8ed4bd0a776c\"},\"headline\":\"Endamek\u00ee PDK-S\u00ea ji aliy\u00ea asayi\u015fa PYD\u00ea ve hat girtin\",\"datePublished\":\"2025-09-08T15:52:34+00:00\",\"mainEntityOfPage\":{\"@id\":\"https:\\\/\\\/darkamazi.info\\\/archives\\\/1049768\"},\"wordCount\":215,\"publisher\":{\"@id\":\"https:\\\/\\\/darkamazi.info\\\/#organization\"},\"image\":{\"@id\":\"https:\\\/\\\/darkamazi.info\\\/archives\\\/1049768#primaryimage\"},\"thumbnailUrl\":\"https:\\\/\\\/darkamazi.info\\\/darka-content\\\/uploads\\\/2025\\\/09\\\/PDK-S-Endam-Info.jpg\",\"keywords\":[\"sereke\"],\"articleSection\":[\"Kurdistan\"],\"inLanguage\":\"en-US\"},{\"@type\":\"WebPage\",\"@id\":\"https:\\\/\\\/darkamazi.info\\\/archives\\\/1049768\",\"url\":\"https:\\\/\\\/darkamazi.info\\\/archives\\\/1049768\",\"name\":\"Endamek\u00ee PDK-S\u00ea ji aliy\u00ea asayi\u015fa PYD\u00ea ve hat girtin - Darka Maz\u00ee\",\"isPartOf\":{\"@id\":\"https:\\\/\\\/darkamazi.info\\\/#website\"},\"primaryImageOfPage\":{\"@id\":\"https:\\\/\\\/darkamazi.info\\\/archives\\\/1049768#primaryimage\"},\"image\":{\"@id\":\"https:\\\/\\\/darkamazi.info\\\/archives\\\/1049768#primaryimage\"},\"thumbnailUrl\":\"https:\\\/\\\/darkamazi.info\\\/darka-content\\\/uploads\\\/2025\\\/09\\\/PDK-S-Endam-Info.jpg\",\"datePublished\":\"2025-09-08T15:52:34+00:00\",\"breadcrumb\":{\"@id\":\"https:\\\/\\\/darkamazi.info\\\/archives\\\/1049768#breadcrumb\"},\"inLanguage\":\"en-US\",\"potentialAction\":[{\"@type\":\"ReadAction\",\"target\":[\"https:\\\/\\\/darkamazi.info\\\/archives\\\/1049768\"]}]},{\"@type\":\"ImageObject\",\"inLanguage\":\"en-US\",\"@id\":\"https:\\\/\\\/darkamazi.info\\\/archives\\\/1049768#primaryimage\",\"url\":\"https:\\\/\\\/darkamazi.info\\\/darka-content\\\/uploads\\\/2025\\\/09\\\/PDK-S-Endam-Info.jpg\",\"contentUrl\":\"https:\\\/\\\/darkamazi.info\\\/darka-content\\\/uploads\\\/2025\\\/09\\\/PDK-S-Endam-Info.jpg\",\"width\":900,\"height\":500,\"caption\":\"PDK-S-Endam-Net\"},{\"@type\":\"BreadcrumbList\",\"@id\":\"https:\\\/\\\/darkamazi.info\\\/archives\\\/1049768#breadcrumb\",\"itemListElement\":[{\"@type\":\"ListItem\",\"position\":1,\"name\":\"Home\",\"item\":\"https:\\\/\\\/darkamazi.info\\\/\"},{\"@type\":\"ListItem\",\"position\":2,\"name\":\"Endamek\u00ee PDK-S\u00ea ji aliy\u00ea asayi\u015fa PYD\u00ea ve hat girtin\"}]},{\"@type\":\"WebSite\",\"@id\":\"https:\\\/\\\/darkamazi.info\\\/#website\",\"url\":\"https:\\\/\\\/darkamazi.info\\\/\",\"name\":\"Darka Maz\u00ee\",\"description\":\"P\u00eageha Zanyariy\u00ean Nebih\u00eest\u00ee\",\"publisher\":{\"@id\":\"https:\\\/\\\/darkamazi.info\\\/#organization\"},\"potentialAction\":[{\"@type\":\"SearchAction\",\"target\":{\"@type\":\"EntryPoint\",\"urlTemplate\":\"https:\\\/\\\/darkamazi.info\\\/?s={search_term_string}\"},\"query-input\":{\"@type\":\"PropertyValueSpecification\",\"valueRequired\":true,\"valueName\":\"search_term_string\"}}],\"inLanguage\":\"en-US\"},{\"@type\":\"Organization\",\"@id\":\"https:\\\/\\\/darkamazi.info\\\/#organization\",\"name\":\"Darka Maz\u00ee\",\"url\":\"https:\\\/\\\/darkamazi.info\\\/\",\"logo\":{\"@type\":\"ImageObject\",\"inLanguage\":\"en-US\",\"@id\":\"https:\\\/\\\/darkamazi.info\\\/#\\\/schema\\\/logo\\\/image\\\/\",\"url\":\"https:\\\/\\\/darkamazi.info\\\/darka-content\\\/uploads\\\/2017\\\/12\\\/darka-mazi-logo.png\",\"contentUrl\":\"https:\\\/\\\/darkamazi.info\\\/darka-content\\\/uploads\\\/2017\\\/12\\\/darka-mazi-logo.png\",\"width\":151,\"height\":75,\"caption\":\"Darka Maz\u00ee\"},\"image\":{\"@id\":\"https:\\\/\\\/darkamazi.info\\\/#\\\/schema\\\/logo\\\/image\\\/\"},\"sameAs\":[\"https:\\\/\\\/www.facebook.com\\\/DarMaziKurmanci\",\"https:\\\/\\\/x.com\\\/DarkaMaziLatini\",\"https:\\\/\\\/www.instagram.com\\\/darkamazi.kurmanci\\\/\",\"https:\\\/\\\/www.youtube.com\\\/channel\\\/UCa5HkTdmI8U1qCUFuTw8B2g\"]},{\"@type\":\"Person\",\"@id\":\"https:\\\/\\\/darkamazi.info\\\/#\\\/schema\\\/person\\\/5ad3e24553a0567993fa8ed4bd0a776c\",\"name\":\"darka mazi\",\"sameAs\":[\"https:\\\/\\\/darkamazi.info\\\/\"],\"url\":\"https:\\\/\\\/darkamazi.info\\\/archives\\\/author\\\/kurdi\"}]}<\/script>\n<!-- \/ Yoast SEO plugin. -->","seo_head_json":{"title":"Endamek\u00ee PDK-S\u00ea ji aliy\u00ea asayi\u015fa PYD\u00ea ve hat girtin - Darka Maz\u00ee","robots":{"index":"index","follow":"follow","max-snippet":"max-snippet:-1","max-image-preview":"max-image-preview:large","max-video-preview":"max-video-preview:-1"},"canonical":"https:\/\/darkamazi.info\/archives\/1049768","og_locale":"en_US","og_type":"article","og_title":"Endamek\u00ee PDK-S\u00ea ji aliy\u00ea asayi\u015fa PYD\u00ea ve hat girtin - Darka Maz\u00ee","og_description":"Endamek\u00ee Partiya Demokrat a Kurdistan\u00ea \u2013 S\u00fbriye (PDK-S) li Heleb\u00ea ji aliy\u00ea Asayi\u015fa ser bi H\u00eaz\u00ean S\u00fbriyeya Demokrat\u00eek (HSD) ve hate girtin. Li gor\u00ee Agahiy\u00ean ku ji malbata w\u00ee hatine wergirtin, endam\u00ea Partiya Demokrat a Kurdistan\u00ea \u2013 S\u00fbriye (PDK-S) Wa\u00eal Ebd\u00een Xel\u00eel, pi\u015ft\u00ee ku ji Her\u00eama Kurdistan\u00ea vegeriyab\u00fb, roja 30\u00ee Tebaxa bor li taxa \u015e\u00eax [&hellip;]","og_url":"https:\/\/darkamazi.info\/archives\/1049768","og_site_name":"Darka Maz\u00ee","article_publisher":"https:\/\/www.facebook.com\/DarMaziKurmanci","article_published_time":"2025-09-08T15:52:34+00:00","og_image":[{"width":900,"height":500,"url":"https:\/\/darkamazi.info\/file\/2025\/09\/PDK-S-Endam-Info.jpg","type":"image\/jpeg"}],"author":"darka mazi","twitter_card":"summary_large_image","twitter_creator":"@DarkaMaziLatini","twitter_site":"@DarkaMaziLatini","twitter_misc":{"Written by":"darka mazi","Est. reading time":"1 minute"},"schema":{"@context":"https:\/\/schema.org","@graph":[{"@type":"Article","@id":"https:\/\/darkamazi.info\/archives\/1049768#article","isPartOf":{"@id":"https:\/\/darkamazi.info\/archives\/1049768"},"author":{"name":"darka mazi","@id":"https:\/\/darkamazi.info\/#\/schema\/person\/5ad3e24553a0567993fa8ed4bd0a776c"},"headline":"Endamek\u00ee PDK-S\u00ea ji aliy\u00ea asayi\u015fa PYD\u00ea ve hat girtin","datePublished":"2025-09-08T15:52:34+00:00","mainEntityOfPage":{"@id":"https:\/\/darkamazi.info\/archives\/1049768"},"wordCount":215,"publisher":{"@id":"https:\/\/darkamazi.info\/#organization"},"image":{"@id":"https:\/\/darkamazi.info\/archives\/1049768#primaryimage"},"thumbnailUrl":"https:\/\/darkamazi.info\/file\/2025\/09\/PDK-S-Endam-Info.jpg","keywords":["sereke"],"articleSection":["Kurdistan"],"inLanguage":"en-US"},{"@type":"WebPage","@id":"https:\/\/darkamazi.info\/archives\/1049768","url":"https:\/\/darkamazi.info\/archives\/1049768","name":"Endamek\u00ee PDK-S\u00ea ji aliy\u00ea asayi\u015fa PYD\u00ea ve hat girtin - Darka Maz\u00ee","isPartOf":{"@id":"https:\/\/darkamazi.info\/#website"},"primaryImageOfPage":{"@id":"https:\/\/darkamazi.info\/archives\/1049768#primaryimage"},"image":{"@id":"https:\/\/darkamazi.info\/archives\/1049768#primaryimage"},"thumbnailUrl":"https:\/\/darkamazi.info\/file\/2025\/09\/PDK-S-Endam-Info.jpg","datePublished":"2025-09-08T15:52:34+00:00","breadcrumb":{"@id":"https:\/\/darkamazi.info\/archives\/1049768#breadcrumb"},"inLanguage":"en-US","potentialAction":[{"@type":"ReadAction","target":["https:\/\/darkamazi.info\/archives\/1049768"]}]},{"@type":"ImageObject","inLanguage":"en-US","@id":"https:\/\/darkamazi.info\/archives\/1049768#primaryimage","url":"https:\/\/darkamazi.info\/file\/2025\/09\/PDK-S-Endam-Info.jpg","contentUrl":"https:\/\/darkamazi.info\/file\/2025\/09\/PDK-S-Endam-Info.jpg","width":900,"height":500,"caption":"PDK-S-Endam-Net"},{"@type":"BreadcrumbList","@id":"https:\/\/darkamazi.info\/archives\/1049768#breadcrumb","itemListElement":[{"@type":"ListItem","position":1,"name":"Home","item":"https:\/\/darkamazi.info\/"},{"@type":"ListItem","position":2,"name":"Endamek\u00ee PDK-S\u00ea ji aliy\u00ea asayi\u015fa PYD\u00ea ve hat girtin"}]},{"@type":"WebSite","@id":"https:\/\/darkamazi.info\/#website","url":"https:\/\/darkamazi.info\/","name":"Darka Maz\u00ee","description":"P\u00eageha Zanyariy\u00ean Nebih\u00eest\u00ee","publisher":{"@id":"https:\/\/darkamazi.info\/#organization"},"potentialAction":[{"@type":"SearchAction","target":{"@type":"EntryPoint","urlTemplate":"https:\/\/darkamazi.info\/?s={search_term_string}"},"query-input":{"@type":"PropertyValueSpecification","valueRequired":true,"valueName":"search_term_string"}}],"inLanguage":"en-US"},{"@type":"Organization","@id":"https:\/\/darkamazi.info\/#organization","name":"Darka Maz\u00ee","url":"https:\/\/darkamazi.info\/","logo":{"@type":"ImageObject","inLanguage":"en-US","@id":"https:\/\/darkamazi.info\/#\/schema\/logo\/image\/","url":"https:\/\/darkamazi.info\/file\/2017\/12\/darka-mazi-logo.png","contentUrl":"https:\/\/darkamazi.info\/file\/2017\/12\/darka-mazi-logo.png","width":151,"height":75,"caption":"Darka Maz\u00ee"},"image":{"@id":"https:\/\/darkamazi.info\/#\/schema\/logo\/image\/"},"sameAs":["https:\/\/www.facebook.com\/DarMaziKurmanci","https:\/\/x.com\/DarkaMaziLatini","https:\/\/www.instagram.com\/darkamazi.kurmanci\/","https:\/\/www.youtube.com\/channel\/UCa5HkTdmI8U1qCUFuTw8B2g"]},{"@type":"Person","@id":"https:\/\/darkamazi.info\/#\/schema\/person\/5ad3e24553a0567993fa8ed4bd0a776c","name":"darka mazi","sameAs":["https:\/\/darkamazi.info\/"],"url":"https:\/\/darkamazi.info\/archives\/author\/kurdi"}]}},"_links":{"self":[{"href":"https:\/\/darkamazi.info\/funavuv\/wp\/v2\/posts\/1049768","targetHints":{"allow":["GET"]}}],"collection":[{"href":"https:\/\/darkamazi.info\/funavuv\/wp\/v2\/posts"}],"about":[{"href":"https:\/\/darkamazi.info\/funavuv\/wp\/v2\/types\/post"}],"author":[{"embeddable":true,"href":"https:\/\/darkamazi.info\/funavuv\/wp\/v2\/users\/2"}],"replies":[{"embeddable":true,"href":"https:\/\/darkamazi.info\/funavuv\/wp\/v2\/comments?post=1049768"}],"version-history":[{"count":0,"href":"https:\/\/darkamazi.info\/funavuv\/wp\/v2\/posts\/1049768\/revisions"}],"wp:featuredmedia":[{"embeddable":true,"href":"https:\/\/darkamazi.info\/funavuv\/wp\/v2\/media\/1049769"}],"wp:attachment":[{"href":"https:\/\/darkamazi.info\/funavuv\/wp\/v2\/media?parent=1049768"}],"wp:term":[{"taxonomy":"category","embeddable":true,"href":"https:\/\/darkamazi.info\/funavuv\/wp\/v2\/categories?post=1049768"},{"taxonomy":"post_tag","embeddable":true,"href":"https:\/\/darkamazi.info\/funavuv\/wp\/v2\/tags?post=1049768"}],"curies":[{"name":"wp","href":"https:\/\/api.w.org\/{rel}","templated":true}]}}