{"id":1049777,"date":"2025-09-09T13:14:49","date_gmt":"2025-09-09T10:14:49","guid":{"rendered":"https:\/\/darkamazi.info\/?p=1049777"},"modified":"2025-09-09T13:14:49","modified_gmt":"2025-09-09T10:14:49","slug":"hevseroken-dem-partiye-de-serdana-ocalan-bikin","status":"publish","type":"post","link":"https:\/\/darkamazi.info\/archives\/1049777","title":{"rendered":"Hevserok\u00ean Dem Partiy\u00ea d\u00ea serdana Ocalan bikin"},"content":{"rendered":"<h3 style=\"text-align: justify\"><span style=\"font-family: 'arial black', sans-serif\">Hevserok\u00ean gi\u015ft\u00ee y\u00ean Dem Partiy\u00ea d\u00ea li hefteya p\u00ea\u015f me serdana girava \u00cemraliy\u00ea bikin ji bo ku bi r\u00eaber\u00ea z\u00eendankir\u00ee y\u00ea PKK\u00ea Abdulla Ocalan re bicivin.<\/span><\/h3>\n<h3 style=\"text-align: justify\"><span style=\"font-family: arial, helvetica, sans-serif\">Berdevka DEM Partiy\u00ea Ay\u015fegul Dogan ragihand ku heyeteke berfireh w\u00ea hefteya b\u00ea serdana Abdulla Ocalan bike.<\/span><\/h3>\n<h3 style=\"text-align: justify\"><span style=\"font-family: arial, helvetica, sans-serif\">Berdevka Partiya Demokras\u00ee \u00fb Wekheviy\u00ea ya Gelan (DEM Part\u00ee) Ay\u015fegul Dogan li ser civ\u00eena doh a Desteya R\u00eaveberiya Navend\u00ee ya DEM Partiy\u00ea civ\u00eena \u00e7apemeniy\u00ea lidar xist.<\/span><\/h3>\n<h3 style=\"text-align: justify\"><span style=\"font-family: arial, helvetica, sans-serif\">Ay\u015fegul Dogan got: Hefteya b\u00ea, w\u00ea heyetek ji Hevserok\u00ean me y\u00ean git\u015f\u00ee serdana \u00cemraliy\u00ea bike. Em plansaziya v\u00ea dikin.<\/span><\/h3>\n","protected":false},"excerpt":{"rendered":"<p>Hevserok\u00ean gi\u015ft\u00ee y\u00ean Dem Partiy\u00ea d\u00ea li hefteya p\u00ea\u015f me serdana girava \u00cemraliy\u00ea bikin ji bo ku bi r\u00eaber\u00ea z\u00eendankir\u00ee y\u00ea PKK\u00ea Abdulla Ocalan re bicivin. Berdevka DEM Partiy\u00ea Ay\u015fegul Dogan ragihand ku heyeteke berfireh w\u00ea hefteya b\u00ea serdana Abdulla Ocalan bike. Berdevka Partiya Demokras\u00ee \u00fb Wekheviy\u00ea ya Gelan (DEM Part\u00ee) Ay\u015fegul Dogan li ser [&hellip;]<\/p>\n","protected":false},"author":2,"featured_media":1049778,"comment_status":"closed","ping_status":"closed","sticky":false,"template":"","format":"standard","meta":{"footnotes":""},"categories":[29],"tags":[37],"class_list":["post-1049777","post","type-post","status-publish","format-standard","has-post-thumbnail","hentry","category-kurdistan","tag-sereke"],"blocksy_meta":[],"seo_head":"<!-- This site is optimized with the Yoast SEO plugin v27.5 - https:\/\/yoast.com\/product\/yoast-seo-wordpress\/ -->\n<title>Hevserok\u00ean Dem Partiy\u00ea d\u00ea serdana Ocalan bikin - Darka Maz\u00ee<\/title>\n<meta name=\"robots\" content=\"index, follow, max-snippet:-1, max-image-preview:large, max-video-preview:-1\" \/>\n<link rel=\"canonical\" href=\"https:\/\/darkamazi.info\/archives\/1049777\" \/>\n<meta property=\"og:locale\" content=\"en_US\" \/>\n<meta property=\"og:type\" content=\"article\" \/>\n<meta property=\"og:title\" content=\"Hevserok\u00ean Dem Partiy\u00ea d\u00ea serdana Ocalan bikin - Darka Maz\u00ee\" \/>\n<meta property=\"og:description\" content=\"Hevserok\u00ean gi\u015ft\u00ee y\u00ean Dem Partiy\u00ea d\u00ea li hefteya p\u00ea\u015f me serdana girava \u00cemraliy\u00ea bikin ji bo ku bi r\u00eaber\u00ea z\u00eendankir\u00ee y\u00ea PKK\u00ea Abdulla Ocalan re bicivin. Berdevka DEM Partiy\u00ea Ay\u015fegul Dogan ragihand ku heyeteke berfireh w\u00ea hefteya b\u00ea serdana Abdulla Ocalan bike. Berdevka Partiya Demokras\u00ee \u00fb Wekheviy\u00ea ya Gelan (DEM Part\u00ee) Ay\u015fegul Dogan li ser [&hellip;]\" \/>\n<meta property=\"og:url\" content=\"https:\/\/darkamazi.info\/archives\/1049777\" \/>\n<meta property=\"og:site_name\" content=\"Darka Maz\u00ee\" \/>\n<meta property=\"article:publisher\" content=\"https:\/\/www.facebook.com\/DarMaziKurmanci\" \/>\n<meta property=\"article:published_time\" content=\"2025-09-09T10:14:49+00:00\" \/>\n<meta property=\"og:image\" content=\"https:\/\/darkamazi.info\/file\/2025\/09\/Dem-Ocalan-Imrali-info.jpg\" \/>\n\t<meta property=\"og:image:width\" content=\"900\" \/>\n\t<meta property=\"og:image:height\" content=\"500\" \/>\n\t<meta property=\"og:image:type\" content=\"image\/jpeg\" \/>\n<meta name=\"author\" content=\"darka mazi\" \/>\n<meta name=\"twitter:card\" content=\"summary_large_image\" \/>\n<meta name=\"twitter:creator\" content=\"@DarkaMaziLatini\" \/>\n<meta name=\"twitter:site\" content=\"@DarkaMaziLatini\" \/>\n<meta name=\"twitter:label1\" content=\"Written by\" \/>\n\t<meta name=\"twitter:data1\" content=\"darka mazi\" \/>\n\t<meta name=\"twitter:label2\" content=\"Est. reading time\" \/>\n\t<meta name=\"twitter:data2\" content=\"1 minute\" \/>\n<script type=\"application\/ld+json\" class=\"seo-schema-graph\">{\"@context\":\"https:\\\/\\\/schema.org\",\"@graph\":[{\"@type\":\"Article\",\"@id\":\"https:\\\/\\\/darkamazi.info\\\/archives\\\/1049777#article\",\"isPartOf\":{\"@id\":\"https:\\\/\\\/darkamazi.info\\\/archives\\\/1049777\"},\"author\":{\"name\":\"darka mazi\",\"@id\":\"https:\\\/\\\/darkamazi.info\\\/#\\\/schema\\\/person\\\/5ad3e24553a0567993fa8ed4bd0a776c\"},\"headline\":\"Hevserok\u00ean Dem Partiy\u00ea d\u00ea serdana Ocalan bikin\",\"datePublished\":\"2025-09-09T10:14:49+00:00\",\"mainEntityOfPage\":{\"@id\":\"https:\\\/\\\/darkamazi.info\\\/archives\\\/1049777\"},\"wordCount\":107,\"publisher\":{\"@id\":\"https:\\\/\\\/darkamazi.info\\\/#organization\"},\"image\":{\"@id\":\"https:\\\/\\\/darkamazi.info\\\/archives\\\/1049777#primaryimage\"},\"thumbnailUrl\":\"https:\\\/\\\/darkamazi.info\\\/darka-content\\\/uploads\\\/2025\\\/09\\\/Dem-Ocalan-Imrali-info.jpg\",\"keywords\":[\"sereke\"],\"articleSection\":[\"Kurdistan\"],\"inLanguage\":\"en-US\"},{\"@type\":\"WebPage\",\"@id\":\"https:\\\/\\\/darkamazi.info\\\/archives\\\/1049777\",\"url\":\"https:\\\/\\\/darkamazi.info\\\/archives\\\/1049777\",\"name\":\"Hevserok\u00ean Dem Partiy\u00ea d\u00ea serdana Ocalan bikin - Darka Maz\u00ee\",\"isPartOf\":{\"@id\":\"https:\\\/\\\/darkamazi.info\\\/#website\"},\"primaryImageOfPage\":{\"@id\":\"https:\\\/\\\/darkamazi.info\\\/archives\\\/1049777#primaryimage\"},\"image\":{\"@id\":\"https:\\\/\\\/darkamazi.info\\\/archives\\\/1049777#primaryimage\"},\"thumbnailUrl\":\"https:\\\/\\\/darkamazi.info\\\/darka-content\\\/uploads\\\/2025\\\/09\\\/Dem-Ocalan-Imrali-info.jpg\",\"datePublished\":\"2025-09-09T10:14:49+00:00\",\"breadcrumb\":{\"@id\":\"https:\\\/\\\/darkamazi.info\\\/archives\\\/1049777#breadcrumb\"},\"inLanguage\":\"en-US\",\"potentialAction\":[{\"@type\":\"ReadAction\",\"target\":[\"https:\\\/\\\/darkamazi.info\\\/archives\\\/1049777\"]}]},{\"@type\":\"ImageObject\",\"inLanguage\":\"en-US\",\"@id\":\"https:\\\/\\\/darkamazi.info\\\/archives\\\/1049777#primaryimage\",\"url\":\"https:\\\/\\\/darkamazi.info\\\/darka-content\\\/uploads\\\/2025\\\/09\\\/Dem-Ocalan-Imrali-info.jpg\",\"contentUrl\":\"https:\\\/\\\/darkamazi.info\\\/darka-content\\\/uploads\\\/2025\\\/09\\\/Dem-Ocalan-Imrali-info.jpg\",\"width\":900,\"height\":500,\"caption\":\"Hevserok\u00ean Dem Partiy\u00ea d\u00ea serdana Ocalan bikin Hevserok\u00ean gi\u015ft\u00ee y\u00ean Dem Partiy\u00ea d\u00ea li hefteya p\u00ea\u015f me serdana girava \u00cemraliy\u00ea bikin ji bo ku bi r\u00eaber\u00ea z\u00eendankir\u00ee y\u00ea PKK\u00ea Abdulla Ocalan re bicivin. Berdevka DEM Partiy\u00ea Ay\u015fegul Dogan ragihand ku heyeteke berfireh w\u00ea hefteya b\u00ea serdana Abdulla Ocalan bike. Berdevka Partiya Demokras\u00ee \u00fb Wekheviy\u00ea ya Gelan (DEM Part\u00ee) Ay\u015fegul Dogan li ser civ\u00eena doh a Desteya R\u00eaveberiya Navend\u00ee ya DEM Partiy\u00ea civ\u00eena \u00e7apemeniy\u00ea lidar xist. Ay\u015fegul Dogan got: Hefteya b\u00ea, w\u00ea heyetek ji Hevserok\u00ean me y\u00ean git\u015f\u00ee serdana \u00cemraliy\u00ea bike. Em plansaziya v\u00ea dikin.\"},{\"@type\":\"BreadcrumbList\",\"@id\":\"https:\\\/\\\/darkamazi.info\\\/archives\\\/1049777#breadcrumb\",\"itemListElement\":[{\"@type\":\"ListItem\",\"position\":1,\"name\":\"Home\",\"item\":\"https:\\\/\\\/darkamazi.info\\\/\"},{\"@type\":\"ListItem\",\"position\":2,\"name\":\"Hevserok\u00ean Dem Partiy\u00ea d\u00ea serdana Ocalan bikin\"}]},{\"@type\":\"WebSite\",\"@id\":\"https:\\\/\\\/darkamazi.info\\\/#website\",\"url\":\"https:\\\/\\\/darkamazi.info\\\/\",\"name\":\"Darka Maz\u00ee\",\"description\":\"P\u00eageha Zanyariy\u00ean Nebih\u00eest\u00ee\",\"publisher\":{\"@id\":\"https:\\\/\\\/darkamazi.info\\\/#organization\"},\"potentialAction\":[{\"@type\":\"SearchAction\",\"target\":{\"@type\":\"EntryPoint\",\"urlTemplate\":\"https:\\\/\\\/darkamazi.info\\\/?s={search_term_string}\"},\"query-input\":{\"@type\":\"PropertyValueSpecification\",\"valueRequired\":true,\"valueName\":\"search_term_string\"}}],\"inLanguage\":\"en-US\"},{\"@type\":\"Organization\",\"@id\":\"https:\\\/\\\/darkamazi.info\\\/#organization\",\"name\":\"Darka Maz\u00ee\",\"url\":\"https:\\\/\\\/darkamazi.info\\\/\",\"logo\":{\"@type\":\"ImageObject\",\"inLanguage\":\"en-US\",\"@id\":\"https:\\\/\\\/darkamazi.info\\\/#\\\/schema\\\/logo\\\/image\\\/\",\"url\":\"https:\\\/\\\/darkamazi.info\\\/darka-content\\\/uploads\\\/2017\\\/12\\\/darka-mazi-logo.png\",\"contentUrl\":\"https:\\\/\\\/darkamazi.info\\\/darka-content\\\/uploads\\\/2017\\\/12\\\/darka-mazi-logo.png\",\"width\":151,\"height\":75,\"caption\":\"Darka Maz\u00ee\"},\"image\":{\"@id\":\"https:\\\/\\\/darkamazi.info\\\/#\\\/schema\\\/logo\\\/image\\\/\"},\"sameAs\":[\"https:\\\/\\\/www.facebook.com\\\/DarMaziKurmanci\",\"https:\\\/\\\/x.com\\\/DarkaMaziLatini\",\"https:\\\/\\\/www.instagram.com\\\/darkamazi.kurmanci\\\/\",\"https:\\\/\\\/www.youtube.com\\\/channel\\\/UCa5HkTdmI8U1qCUFuTw8B2g\"]},{\"@type\":\"Person\",\"@id\":\"https:\\\/\\\/darkamazi.info\\\/#\\\/schema\\\/person\\\/5ad3e24553a0567993fa8ed4bd0a776c\",\"name\":\"darka mazi\",\"sameAs\":[\"https:\\\/\\\/darkamazi.info\\\/\"],\"url\":\"https:\\\/\\\/darkamazi.info\\\/archives\\\/author\\\/kurdi\"}]}<\/script>\n<!-- \/ Yoast SEO plugin. -->","seo_head_json":{"title":"Hevserok\u00ean Dem Partiy\u00ea d\u00ea serdana Ocalan bikin - Darka Maz\u00ee","robots":{"index":"index","follow":"follow","max-snippet":"max-snippet:-1","max-image-preview":"max-image-preview:large","max-video-preview":"max-video-preview:-1"},"canonical":"https:\/\/darkamazi.info\/archives\/1049777","og_locale":"en_US","og_type":"article","og_title":"Hevserok\u00ean Dem Partiy\u00ea d\u00ea serdana Ocalan bikin - Darka Maz\u00ee","og_description":"Hevserok\u00ean gi\u015ft\u00ee y\u00ean Dem Partiy\u00ea d\u00ea li hefteya p\u00ea\u015f me serdana girava \u00cemraliy\u00ea bikin ji bo ku bi r\u00eaber\u00ea z\u00eendankir\u00ee y\u00ea PKK\u00ea Abdulla Ocalan re bicivin. Berdevka DEM Partiy\u00ea Ay\u015fegul Dogan ragihand ku heyeteke berfireh w\u00ea hefteya b\u00ea serdana Abdulla Ocalan bike. Berdevka Partiya Demokras\u00ee \u00fb Wekheviy\u00ea ya Gelan (DEM Part\u00ee) Ay\u015fegul Dogan li ser [&hellip;]","og_url":"https:\/\/darkamazi.info\/archives\/1049777","og_site_name":"Darka Maz\u00ee","article_publisher":"https:\/\/www.facebook.com\/DarMaziKurmanci","article_published_time":"2025-09-09T10:14:49+00:00","og_image":[{"width":900,"height":500,"url":"https:\/\/darkamazi.info\/file\/2025\/09\/Dem-Ocalan-Imrali-info.jpg","type":"image\/jpeg"}],"author":"darka mazi","twitter_card":"summary_large_image","twitter_creator":"@DarkaMaziLatini","twitter_site":"@DarkaMaziLatini","twitter_misc":{"Written by":"darka mazi","Est. reading time":"1 minute"},"schema":{"@context":"https:\/\/schema.org","@graph":[{"@type":"Article","@id":"https:\/\/darkamazi.info\/archives\/1049777#article","isPartOf":{"@id":"https:\/\/darkamazi.info\/archives\/1049777"},"author":{"name":"darka mazi","@id":"https:\/\/darkamazi.info\/#\/schema\/person\/5ad3e24553a0567993fa8ed4bd0a776c"},"headline":"Hevserok\u00ean Dem Partiy\u00ea d\u00ea serdana Ocalan bikin","datePublished":"2025-09-09T10:14:49+00:00","mainEntityOfPage":{"@id":"https:\/\/darkamazi.info\/archives\/1049777"},"wordCount":107,"publisher":{"@id":"https:\/\/darkamazi.info\/#organization"},"image":{"@id":"https:\/\/darkamazi.info\/archives\/1049777#primaryimage"},"thumbnailUrl":"https:\/\/darkamazi.info\/file\/2025\/09\/Dem-Ocalan-Imrali-info.jpg","keywords":["sereke"],"articleSection":["Kurdistan"],"inLanguage":"en-US"},{"@type":"WebPage","@id":"https:\/\/darkamazi.info\/archives\/1049777","url":"https:\/\/darkamazi.info\/archives\/1049777","name":"Hevserok\u00ean Dem Partiy\u00ea d\u00ea serdana Ocalan bikin - Darka Maz\u00ee","isPartOf":{"@id":"https:\/\/darkamazi.info\/#website"},"primaryImageOfPage":{"@id":"https:\/\/darkamazi.info\/archives\/1049777#primaryimage"},"image":{"@id":"https:\/\/darkamazi.info\/archives\/1049777#primaryimage"},"thumbnailUrl":"https:\/\/darkamazi.info\/file\/2025\/09\/Dem-Ocalan-Imrali-info.jpg","datePublished":"2025-09-09T10:14:49+00:00","breadcrumb":{"@id":"https:\/\/darkamazi.info\/archives\/1049777#breadcrumb"},"inLanguage":"en-US","potentialAction":[{"@type":"ReadAction","target":["https:\/\/darkamazi.info\/archives\/1049777"]}]},{"@type":"ImageObject","inLanguage":"en-US","@id":"https:\/\/darkamazi.info\/archives\/1049777#primaryimage","url":"https:\/\/darkamazi.info\/file\/2025\/09\/Dem-Ocalan-Imrali-info.jpg","contentUrl":"https:\/\/darkamazi.info\/file\/2025\/09\/Dem-Ocalan-Imrali-info.jpg","width":900,"height":500,"caption":"Hevserok\u00ean Dem Partiy\u00ea d\u00ea serdana Ocalan bikin Hevserok\u00ean gi\u015ft\u00ee y\u00ean Dem Partiy\u00ea d\u00ea li hefteya p\u00ea\u015f me serdana girava \u00cemraliy\u00ea bikin ji bo ku bi r\u00eaber\u00ea z\u00eendankir\u00ee y\u00ea PKK\u00ea Abdulla Ocalan re bicivin. Berdevka DEM Partiy\u00ea Ay\u015fegul Dogan ragihand ku heyeteke berfireh w\u00ea hefteya b\u00ea serdana Abdulla Ocalan bike. Berdevka Partiya Demokras\u00ee \u00fb Wekheviy\u00ea ya Gelan (DEM Part\u00ee) Ay\u015fegul Dogan li ser civ\u00eena doh a Desteya R\u00eaveberiya Navend\u00ee ya DEM Partiy\u00ea civ\u00eena \u00e7apemeniy\u00ea lidar xist. Ay\u015fegul Dogan got: Hefteya b\u00ea, w\u00ea heyetek ji Hevserok\u00ean me y\u00ean git\u015f\u00ee serdana \u00cemraliy\u00ea bike. Em plansaziya v\u00ea dikin."},{"@type":"BreadcrumbList","@id":"https:\/\/darkamazi.info\/archives\/1049777#breadcrumb","itemListElement":[{"@type":"ListItem","position":1,"name":"Home","item":"https:\/\/darkamazi.info\/"},{"@type":"ListItem","position":2,"name":"Hevserok\u00ean Dem Partiy\u00ea d\u00ea serdana Ocalan bikin"}]},{"@type":"WebSite","@id":"https:\/\/darkamazi.info\/#website","url":"https:\/\/darkamazi.info\/","name":"Darka Maz\u00ee","description":"P\u00eageha Zanyariy\u00ean Nebih\u00eest\u00ee","publisher":{"@id":"https:\/\/darkamazi.info\/#organization"},"potentialAction":[{"@type":"SearchAction","target":{"@type":"EntryPoint","urlTemplate":"https:\/\/darkamazi.info\/?s={search_term_string}"},"query-input":{"@type":"PropertyValueSpecification","valueRequired":true,"valueName":"search_term_string"}}],"inLanguage":"en-US"},{"@type":"Organization","@id":"https:\/\/darkamazi.info\/#organization","name":"Darka Maz\u00ee","url":"https:\/\/darkamazi.info\/","logo":{"@type":"ImageObject","inLanguage":"en-US","@id":"https:\/\/darkamazi.info\/#\/schema\/logo\/image\/","url":"https:\/\/darkamazi.info\/file\/2017\/12\/darka-mazi-logo.png","contentUrl":"https:\/\/darkamazi.info\/file\/2017\/12\/darka-mazi-logo.png","width":151,"height":75,"caption":"Darka Maz\u00ee"},"image":{"@id":"https:\/\/darkamazi.info\/#\/schema\/logo\/image\/"},"sameAs":["https:\/\/www.facebook.com\/DarMaziKurmanci","https:\/\/x.com\/DarkaMaziLatini","https:\/\/www.instagram.com\/darkamazi.kurmanci\/","https:\/\/www.youtube.com\/channel\/UCa5HkTdmI8U1qCUFuTw8B2g"]},{"@type":"Person","@id":"https:\/\/darkamazi.info\/#\/schema\/person\/5ad3e24553a0567993fa8ed4bd0a776c","name":"darka mazi","sameAs":["https:\/\/darkamazi.info\/"],"url":"https:\/\/darkamazi.info\/archives\/author\/kurdi"}]}},"_links":{"self":[{"href":"https:\/\/darkamazi.info\/funavuv\/wp\/v2\/posts\/1049777","targetHints":{"allow":["GET"]}}],"collection":[{"href":"https:\/\/darkamazi.info\/funavuv\/wp\/v2\/posts"}],"about":[{"href":"https:\/\/darkamazi.info\/funavuv\/wp\/v2\/types\/post"}],"author":[{"embeddable":true,"href":"https:\/\/darkamazi.info\/funavuv\/wp\/v2\/users\/2"}],"replies":[{"embeddable":true,"href":"https:\/\/darkamazi.info\/funavuv\/wp\/v2\/comments?post=1049777"}],"version-history":[{"count":0,"href":"https:\/\/darkamazi.info\/funavuv\/wp\/v2\/posts\/1049777\/revisions"}],"wp:featuredmedia":[{"embeddable":true,"href":"https:\/\/darkamazi.info\/funavuv\/wp\/v2\/media\/1049778"}],"wp:attachment":[{"href":"https:\/\/darkamazi.info\/funavuv\/wp\/v2\/media?parent=1049777"}],"wp:term":[{"taxonomy":"category","embeddable":true,"href":"https:\/\/darkamazi.info\/funavuv\/wp\/v2\/categories?post=1049777"},{"taxonomy":"post_tag","embeddable":true,"href":"https:\/\/darkamazi.info\/funavuv\/wp\/v2\/tags?post=1049777"}],"curies":[{"name":"wp","href":"https:\/\/api.w.org\/{rel}","templated":true}]}}