{"id":1049780,"date":"2025-09-09T19:15:19","date_gmt":"2025-09-09T16:15:19","guid":{"rendered":"https:\/\/darkamazi.info\/?p=1049780"},"modified":"2025-09-09T19:15:48","modified_gmt":"2025-09-09T16:15:48","slug":"1049780","status":"publish","type":"post","link":"https:\/\/darkamazi.info\/archives\/1049780","title":{"rendered":"Darka Maz\u00ee naveroka hevd\u00eetina \u015fanda \u00cemraliy\u00ea \u00fb Ocalan ya di 25\u00ee N\u00eesan\u00ea de parve dike \u00ab9\u00bb"},"content":{"rendered":"<h3 style=\"text-align: justify\"><span style=\"font-family: 'arial black', sans-serif\">Wek t\u00ea zan\u00een \u015fanda Dem Partiy\u00ea ji boy hevd\u00eetina bi r\u00eaber\u00ea PKK\u2019\u00ea Evdilla Ocalan re, di 25\u00ee N\u00eesana 2025 de ser\u00ee li greva \u00cemraliy\u00ea dab\u00fb, di v\u00ea hevd\u00eetin\u00ea de Ocalan \u00fb \u015fanda dem\u00ea dan\u00fbstandin li ser gelek mijaran kirib\u00fb, tev\u00ee ku hinek ji axaftin\u00ean di v\u00ea hevd\u00eetin\u00ea de ji aliy\u00ea \u015fanda dem\u00ea hatib\u00fbn parvekirin j\u00ee, l\u00ea bel\u00ea hem\u00fb axaftin nehatib\u00fbn parvekirin, pi\u015ftre bi ziman\u00ea Tirk\u00ee naveroka van dan\u00fbstandinan li Ewropay\u00ea hatin parvekirin \u00fb hat ragihandin ku ev axaftin ji aliy\u00ea yek ji endam\u00ean \u015fand\u00ea bi awayek\u00ee ve\u015fart\u00ee hatiye parve kirin, loma em\u00ea di v\u00ea niv\u00ees\u00ea de wan axaftinan wek xwe parve bikin.<\/span><\/h3>\n<h3 style=\"text-align: justify\">Ocalan di v\u00ea be\u015fa axaftina xwe ya ligel \u015fanda Dem Partiy\u00ea \u00fb berpirs\u00ean dewleta Tirkiyey\u00ea de careke din wefaya xwe ji Mistefa Kemal Ataturk \u00fb komara Tirkiyey\u00ea re radigih\u00eene \u00fb b\u00eay ku \u015ferm \u00fb fed\u00ee bike dib\u00eaje, \u201cMistefa Kemal tev h\u00eaza xwe da Komar\u00ea \u00fb dib\u00eaje yekane wes\u00eeyeta min zind\u00eehi\u015ftina Komar\u00ea ye, heger hurmeta te ji Mistefa Kemal re heye w\u00ea dem\u00ea komara w\u00ee demokrat\u00eek bike \u00fb ber bi p\u00ea\u015fve bibe. Ev Komar bi \u015ferek\u00ee mezin hatiye \u00e7\u00eakirin. Y\u00ea ku pirr ba\u015f v\u00ea yek\u00ea f\u00eam dike bi ten\u00ea ezim. L\u00ea bel\u00ea ji min re dib\u00eajin mezintir\u00een xay\u00een\u00ea Komar\u00ea. Na ez ne xay\u00eenim, belku dixwazim ji cih\u00ea ku Mistefa Kemal destn\u00ee\u015fan kir\u00ee dest p\u00ea bikim \u00fb Komar\u00ea ber bi p\u00ea\u015fve bibim.\u201d<\/h3>\n<h3 style=\"text-align: justify\"><span style=\"font-family: 'arial black', sans-serif\">Axaftina \u015fanda dem\u00ea bi Ocalan re bi v\u00ee awa didome:<\/span><\/h3>\n<h3 style=\"text-align: justify\">Perw\u00een Buldan: bir\u00eaz serok em hinek\u00ea bisekinin yan j\u00ee M\u00eethat Sancar dikare bi ten\u00ea were?<\/h3>\n<h3 style=\"text-align: justify\">Serok: na, na, bila em li bend\u00ea bin, parad\u00eegmaya n\u00fb bi v\u00ee awa t\u00ea dirustkirin, v\u00ea ti eleqe bi federasyon\u00ea ve tune ye, belku eleqe bi s\u00eenor\u00ean civaka demokrat\u00eek ve heye, di dest\u00fbr\u00ea de derfet\u00ean ku ji civak\u00ea re hatine day\u00een hene \u00fb di qan\u00fbnan de j\u00ee pir ba\u015f hatine behis kirin. \u015earedar\u00ee Komone, s\u00eenor\u00ean desthilata berpirs\u00ean Komona pirr gir\u00eeng e, gelo di v\u00ea derbar\u00ea de h\u00fbn\u00ea dest bi amadekariyan bikin? Ev bi gotin nabe, div\u00ea her kes bixebite, \u015faredar\u00ee tuneye p\u00eaw\u00eest dike tu dirust bik\u00ee, dib\u00eaje em ji Komar\u00ea re hez dikin l\u00ea bel\u00ea r\u00ea nadin Komar kar\u00ea xwe bike, Mistefa Kemal tev h\u00eaza xwe da Komar\u00ea \u00fb dib\u00eaje yekane wes\u00eeyeta min zind\u00eehi\u015ftina Komar\u00ea ye, heger hurmeta te ji Mistefa Kemal re heye w\u00ea dem\u00ea komara w\u00ee demokrat\u00eek bike \u00fb ber bi p\u00ea\u015fve bibe. Ev Komar bi \u015ferek\u00ee mezin hatiye \u00e7\u00eakirin. Y\u00ea ku pirr ba\u015f v\u00ea yek\u00ea f\u00eam dike bi ten\u00ea ezim. L\u00ea bel\u00ea ji min re dib\u00eajin mezintir\u00een xay\u00een\u00ea Komar\u00ea. Na ez ne xay\u00eenim, belku dixwazim ji cih\u00ea ku Mistefa Kemal destn\u00ee\u015fan kir\u00ee dest p\u00ea bikim \u00fb Komar\u00ea ber bi p\u00ea\u015fve bibim. Ez bawerim li ser v\u00ea esas\u00ea w\u00ea serdana Ozel j\u00ee bikin, Sirr\u00ee S\u00fbreya Onder xwed\u00ee r\u00eabazeke b\u00eahempa b\u00fb ji boy r\u00eaveberiya kir\u00eezan, dikar\u00ee wan kontrol bike \u00fb r\u00eabazeke ba\u015f ji boy komkirin\u00ea heb\u00fb. Tirkiye dikeve nava qonaxeke mezin ya demokrasiy\u00ea, l\u00ea bel\u00ea y\u00ean ku hi\u015f\u00ea zarokan hine v\u00ea yek\u00ea f\u00eam nakin, serdestiya stratejiyeke bi v\u00ee awa dikeve dest Tirkiyey\u00ea, gelo h\u00fbn dixwazin serdestiya stratej\u00eek bidin dest \u00cesra\u00eel\u00ea? Gelo qelem\u015f\u00fbr \u00e7i dib\u00eajin?<\/h3>\n<h3 style=\"text-align: justify\">Bi rast\u00ee j\u00ee Kurd t\u00eakiliyan bi k\u00ea re deynin serdestiya stratej\u00ee bo w\u00ee ye, evca \u00e7i \u00ceran be yan j\u00ee \u00cesra\u00eel. Ji welat\u00ea me re dib\u00eajin Tirkiye, ber bi Tirkiyey\u00ea bi r\u00ea dikev\u00een, ba\u015fe, \u00e7ima tu dij\u00eetiy\u00ea dik\u00ee? Di Rojhilata Nav\u00een de serdestiya stratej\u00eek ji te re ye b\u00ea guman merema min ji aliy\u00ea hegemon\u00ee ve n\u00eene, belku ji aliy\u00ea moral\u00ea ve ye. Dib\u00eajin zliameke sextekar ji boy azadiya xwe van ti\u015ftan dike, ya ku ez nakim dikin ya min. Maf\u00ea h\u00eaviy\u00ea \u00fb ti\u015ft\u00ean taybet bi xwe ve min tev sekinandine ji ber ku ev w\u00ea h\u00ead\u00ee h\u00ead\u00ee \u00e7areser bibin. Ez bi r\u00eazdar\u00ee li b\u00eera Ozal t\u00eenim ku Erbakan j\u00ee heye, nikarin bi tu awayek\u00ee din Komar\u00ea bir\u00eave bibin, ez naxwazim v\u00ea Komar\u00ea par\u00e7e par\u00e7e bikim, v\u00ea yek\u00ea ti wateyek ji min re tune ye, ya ku di serdema S\u00fbriyey\u00ea heyan\u00ee niha min xwestiye bikim eve ku min dixwest Komar\u00ea bikim muxateb\u00ee xwe, demokras\u00ee nebe sekular\u00eezm j\u00ee nabe \u00fb yasa j\u00ee nabe. Behsa asay\u00ee\u015fa dewlet\u00ea dikin, gelo heta ku stratejiyeke rast ya dewlet\u00ea nebe asay\u00ee\u015fa dewlet\u00ea w\u00ea \u00e7awa were parastin?<\/h3>\n<h3 style=\"text-align: justify\">Berpirsek tirk: ev qonaxa niha em gihi\u015ftin\u00ea pir ba\u015fe, p\u00eavajo pirr ba\u015f bir\u00eave di\u00e7e. \u00celham Ehmed \u00eero ji R\u00fbdaw\u00ea re axiv\u00eeye &#8220;muxateb\u00ee me&#8221; we ned\u00eetiye daxuyaniyeke pir ba\u015f b\u00fb.<\/h3>\n<h3 style=\"text-align: justify\">Serok: p\u00eaw\u00eest dike her \u015ferek\u00ee armancek hebe, \u015ferek\u00ee b\u00eay p\u00eever nabe, Mistefa Kemal dib\u00eaje p\u00eaw\u00eeste p\u00eevan \u00fb binemaya her \u015ferek\u00ee hebe, loma ez bi bawerim gelek kesan hi\u015f\u00ea xwe wenda kiriye, loma p\u00eaw\u00eest dike em xweragir bin. Muxateb\u00ee Ozg\u00fbr, p\u00ea\u015f niha biryar b\u00fb li \u015f\u00fbna te Ebr\u00fb were, ew \u00e7i dike, \u00e7ima nehat?<\/h3>\n<h3 style=\"text-align: justify\">Ozg\u00fbr: bir\u00eaz serok, Ebr\u00fb b\u00fbye berpirsa t\u00eakiliy\u00ean derve y\u00ean Dem Partiy\u00ea.<\/h3>\n<h3 style=\"text-align: justify\">Serok: ha, li wir kar dike?<\/h3>\n<h3 style=\"text-align: justify\">Perw\u00een Buldan: bel\u00ea ew berdewame, bir\u00eaz serok ger h\u00fbn bixwazin em dikarin w\u00ea j\u00ee bixin nava l\u00eesta \u015fand\u00ea de.<\/h3>\n<h3 style=\"text-align: justify\">Serok: na, p\u00eaw\u00eest nake, bila niha bim\u00eene.<\/h3>\n<h3 style=\"text-align: justify\">Perw\u00een Buldan: bir\u00eaz serok, hejmareke diyariyan ji we re hatine, Fewza Yusuf ji Rojava an\u00eene \u00fb li \u00cetalyay\u00ea radest\u00ee me kirin, (\u00e7ar diyar\u00ee tesb\u00ee, p\u00eeniv\u00ees, \u015falek, ji boy serok \u00fb s\u00ea heval\u00ean w\u00ee).<\/h3>\n<h3 style=\"text-align: justify\">Ozg\u00fbr: bir\u00eaz serok, roja bor\u00ee Bafil Taleban\u00ee daxuyan\u00ee da \u00fb amaje bi v\u00ea yek\u00ea kirib\u00fb ku y\u00ean li Qend\u00eel\u00ea dixwazin kongre saz bikin, l\u00ea dron r\u00ea bi wan nadin, Amer\u00eek\u00ee j\u00ee wisa dib\u00eajin, daxuyaniy\u00ean heval\u00ean li Qend\u00eel\u00ea j\u00ee di v\u00ea \u00e7ar\u00e7ovey\u00ea de ne.<\/h3>\n<h3 style=\"text-align: justify\">Berpirs\u00ea Tirk: wan gotib\u00fb ew\u00ea bi xwe asay\u00ee\u015fa kongrey\u00ea bipar\u00eazin.<\/h3>\n<h3 style=\"text-align: justify\">Ozg\u00fbr: dron \u00fb bombebaran nesekin\u00eene.<\/h3>\n<h3 style=\"text-align: justify\">Berpirs\u00ea Tirk: ji xwe \u00celham Ehmed dib\u00eaje \u015fer \u00fb \u00ear\u00ee\u015f sekin\u00eene \u00fb rew\u015f ba\u015f e.<\/h3>\n<h3 style=\"text-align: justify\">Perw\u00een Buldan: ew li S\u00fbriyey\u00ea ye ne li \u00ceraq\u00ea.<\/h3>\n<h3 style=\"text-align: justify\">Serok: pirsa ewlekariy\u00ea pirseke pir giringe, dema ez hatim vir n\u00fbner\u00ea supasalar\u00ea Tirkiyey\u00ea xwed\u00ee helwesteke pir nerm b\u00fb, bi raya min lob\u00eeya \u015fer daxwaza \u015fer dike, p\u00eaw\u00eest r\u00ea li ber v\u00ea yek\u00ea were girtin, dibe kongrey\u00ea lidar bixin \u00fb bi ser bikevin, l\u00ea bel\u00ea p\u00eaw\u00eest dike asay\u00ee\u015fa xwe j\u00ee bipar\u00eazin, biryara hilwe\u015fandin\u00ea biryareke rast \u00fb stratej\u00eek e, belgey\u00ean w\u00ea j\u00ee w\u00ea werin parve kirin. Raporeke 500 r\u00fbpel\u00ee w\u00ea were parve kirin, rexm\u00ee v\u00ea yek\u00ea j\u00ee hinek ji van v\u00ea yek\u00ea weke tesl\u00eemb\u00fbn dib\u00eenin, amadekar\u00ee heye, bila v\u00ea yek\u00ea weke gef neb\u00eenin, ji ber ku ev 10 car\u00ee ber\u00ee ye, heger \u00ear\u00ee\u015f pi\u015ft\u00ee kongrey\u00ea berdewam b\u00fbn, ew \u00e7i dikin bila bikin, amadekariy\u00ean wan \u00e7i bin bila bikin, me ber\u00ea j\u00ee gir\u00fbpek an\u00eeb\u00fb, Y\u00fbksel Gen\u00e7 j\u00ee t\u00eade b\u00fb, me gr\u00fbpek amade kirib\u00fb hatin, \u00ea \u00e7ib\u00fb?<\/h3>\n<h3 style=\"text-align: justify\">\u00a0<span style=\"font-family: 'arial black', sans-serif\">\u201cJi ber ku ev hevd\u00eetin pirr dir\u00eaje, em\u00ea di niv\u00eeseke din de be\u015feke din ya dan\u00fbstandina di navbera \u015fanda dem\u00ea \u00fb Ocalan parve bikin.\u201d<\/span><\/h3>\n<h3 style=\"text-align: justify\"><span style=\"font-family: 'arial black', sans-serif\">Didome..<\/span><\/h3>\n","protected":false},"excerpt":{"rendered":"<p>Wek t\u00ea zan\u00een \u015fanda Dem Partiy\u00ea ji boy hevd\u00eetina bi r\u00eaber\u00ea PKK\u2019\u00ea Evdilla Ocalan re, di 25\u00ee N\u00eesana 2025 de ser\u00ee li greva \u00cemraliy\u00ea dab\u00fb, di v\u00ea hevd\u00eetin\u00ea de Ocalan \u00fb \u015fanda dem\u00ea dan\u00fbstandin li ser gelek mijaran kirib\u00fb, tev\u00ee ku hinek ji axaftin\u00ean di v\u00ea hevd\u00eetin\u00ea de ji aliy\u00ea \u015fanda dem\u00ea hatib\u00fbn parvekirin j\u00ee, [&hellip;]<\/p>\n","protected":false},"author":2,"featured_media":1049781,"comment_status":"closed","ping_status":"closed","sticky":false,"template":"","format":"standard","meta":{"footnotes":""},"categories":[29],"tags":[37],"class_list":["post-1049780","post","type-post","status-publish","format-standard","has-post-thumbnail","hentry","category-kurdistan","tag-sereke"],"blocksy_meta":[],"seo_head":"<!-- This site is optimized with the Yoast SEO plugin v27.5 - https:\/\/yoast.com\/product\/yoast-seo-wordpress\/ -->\n<title>Darka Maz\u00ee naveroka hevd\u00eetina \u015fanda \u00cemraliy\u00ea \u00fb Ocalan ya di 25\u00ee N\u00eesan\u00ea de parve dike \u00ab9\u00bb - Darka Maz\u00ee<\/title>\n<meta name=\"robots\" content=\"index, follow, max-snippet:-1, max-image-preview:large, max-video-preview:-1\" \/>\n<link rel=\"canonical\" href=\"https:\/\/darkamazi.info\/archives\/1049780\" \/>\n<meta property=\"og:locale\" content=\"en_US\" \/>\n<meta property=\"og:type\" content=\"article\" \/>\n<meta property=\"og:title\" content=\"Darka Maz\u00ee naveroka hevd\u00eetina \u015fanda \u00cemraliy\u00ea \u00fb Ocalan ya di 25\u00ee N\u00eesan\u00ea de parve dike \u00ab9\u00bb - Darka Maz\u00ee\" \/>\n<meta property=\"og:description\" content=\"Wek t\u00ea zan\u00een \u015fanda Dem Partiy\u00ea ji boy hevd\u00eetina bi r\u00eaber\u00ea PKK\u2019\u00ea Evdilla Ocalan re, di 25\u00ee N\u00eesana 2025 de ser\u00ee li greva \u00cemraliy\u00ea dab\u00fb, di v\u00ea hevd\u00eetin\u00ea de Ocalan \u00fb \u015fanda dem\u00ea dan\u00fbstandin li ser gelek mijaran kirib\u00fb, tev\u00ee ku hinek ji axaftin\u00ean di v\u00ea hevd\u00eetin\u00ea de ji aliy\u00ea \u015fanda dem\u00ea hatib\u00fbn parvekirin j\u00ee, [&hellip;]\" \/>\n<meta property=\"og:url\" content=\"https:\/\/darkamazi.info\/archives\/1049780\" \/>\n<meta property=\"og:site_name\" content=\"Darka Maz\u00ee\" \/>\n<meta property=\"article:publisher\" content=\"https:\/\/www.facebook.com\/DarMaziKurmanci\" \/>\n<meta property=\"article:published_time\" content=\"2025-09-09T16:15:19+00:00\" \/>\n<meta property=\"article:modified_time\" content=\"2025-09-09T16:15:48+00:00\" \/>\n<meta property=\"og:image\" content=\"https:\/\/darkamazi.info\/file\/2025\/09\/imrali-1.jpg\" \/>\n\t<meta property=\"og:image:width\" content=\"900\" \/>\n\t<meta property=\"og:image:height\" content=\"497\" \/>\n\t<meta property=\"og:image:type\" content=\"image\/jpeg\" \/>\n<meta name=\"author\" content=\"darka mazi\" \/>\n<meta name=\"twitter:card\" content=\"summary_large_image\" \/>\n<meta name=\"twitter:creator\" content=\"@DarkaMaziLatini\" \/>\n<meta name=\"twitter:site\" content=\"@DarkaMaziLatini\" \/>\n<meta name=\"twitter:label1\" content=\"Written by\" \/>\n\t<meta name=\"twitter:data1\" content=\"darka mazi\" \/>\n\t<meta name=\"twitter:label2\" content=\"Est. reading time\" \/>\n\t<meta name=\"twitter:data2\" content=\"5 minutes\" \/>\n<script type=\"application\/ld+json\" class=\"seo-schema-graph\">{\"@context\":\"https:\\\/\\\/schema.org\",\"@graph\":[{\"@type\":\"Article\",\"@id\":\"https:\\\/\\\/darkamazi.info\\\/archives\\\/1049780#article\",\"isPartOf\":{\"@id\":\"https:\\\/\\\/darkamazi.info\\\/archives\\\/1049780\"},\"author\":{\"name\":\"darka mazi\",\"@id\":\"https:\\\/\\\/darkamazi.info\\\/#\\\/schema\\\/person\\\/5ad3e24553a0567993fa8ed4bd0a776c\"},\"headline\":\"Darka Maz\u00ee naveroka hevd\u00eetina \u015fanda \u00cemraliy\u00ea \u00fb Ocalan ya di 25\u00ee N\u00eesan\u00ea de parve dike \u00ab9\u00bb\",\"datePublished\":\"2025-09-09T16:15:19+00:00\",\"dateModified\":\"2025-09-09T16:15:48+00:00\",\"mainEntityOfPage\":{\"@id\":\"https:\\\/\\\/darkamazi.info\\\/archives\\\/1049780\"},\"wordCount\":1255,\"publisher\":{\"@id\":\"https:\\\/\\\/darkamazi.info\\\/#organization\"},\"image\":{\"@id\":\"https:\\\/\\\/darkamazi.info\\\/archives\\\/1049780#primaryimage\"},\"thumbnailUrl\":\"https:\\\/\\\/darkamazi.info\\\/darka-content\\\/uploads\\\/2025\\\/09\\\/imrali-1.jpg\",\"keywords\":[\"sereke\"],\"articleSection\":[\"Kurdistan\"],\"inLanguage\":\"en-US\"},{\"@type\":\"WebPage\",\"@id\":\"https:\\\/\\\/darkamazi.info\\\/archives\\\/1049780\",\"url\":\"https:\\\/\\\/darkamazi.info\\\/archives\\\/1049780\",\"name\":\"Darka Maz\u00ee naveroka hevd\u00eetina \u015fanda \u00cemraliy\u00ea \u00fb Ocalan ya di 25\u00ee N\u00eesan\u00ea de parve dike \u00ab9\u00bb - Darka Maz\u00ee\",\"isPartOf\":{\"@id\":\"https:\\\/\\\/darkamazi.info\\\/#website\"},\"primaryImageOfPage\":{\"@id\":\"https:\\\/\\\/darkamazi.info\\\/archives\\\/1049780#primaryimage\"},\"image\":{\"@id\":\"https:\\\/\\\/darkamazi.info\\\/archives\\\/1049780#primaryimage\"},\"thumbnailUrl\":\"https:\\\/\\\/darkamazi.info\\\/darka-content\\\/uploads\\\/2025\\\/09\\\/imrali-1.jpg\",\"datePublished\":\"2025-09-09T16:15:19+00:00\",\"dateModified\":\"2025-09-09T16:15:48+00:00\",\"breadcrumb\":{\"@id\":\"https:\\\/\\\/darkamazi.info\\\/archives\\\/1049780#breadcrumb\"},\"inLanguage\":\"en-US\",\"potentialAction\":[{\"@type\":\"ReadAction\",\"target\":[\"https:\\\/\\\/darkamazi.info\\\/archives\\\/1049780\"]}]},{\"@type\":\"ImageObject\",\"inLanguage\":\"en-US\",\"@id\":\"https:\\\/\\\/darkamazi.info\\\/archives\\\/1049780#primaryimage\",\"url\":\"https:\\\/\\\/darkamazi.info\\\/darka-content\\\/uploads\\\/2025\\\/09\\\/imrali-1.jpg\",\"contentUrl\":\"https:\\\/\\\/darkamazi.info\\\/darka-content\\\/uploads\\\/2025\\\/09\\\/imrali-1.jpg\",\"width\":900,\"height\":497,\"caption\":\"Darka Maz\u00ee naveroka hevd\u00eetina \u015fanda \u00cemraliy\u00ea \u00fb Ocalan ya di 25\u00ee N\u00eesan\u00ea de parve dike \u00ab9\u00bb\"},{\"@type\":\"BreadcrumbList\",\"@id\":\"https:\\\/\\\/darkamazi.info\\\/archives\\\/1049780#breadcrumb\",\"itemListElement\":[{\"@type\":\"ListItem\",\"position\":1,\"name\":\"Home\",\"item\":\"https:\\\/\\\/darkamazi.info\\\/\"},{\"@type\":\"ListItem\",\"position\":2,\"name\":\"Darka Maz\u00ee naveroka hevd\u00eetina \u015fanda \u00cemraliy\u00ea \u00fb Ocalan ya di 25\u00ee N\u00eesan\u00ea de parve dike \u00ab9\u00bb\"}]},{\"@type\":\"WebSite\",\"@id\":\"https:\\\/\\\/darkamazi.info\\\/#website\",\"url\":\"https:\\\/\\\/darkamazi.info\\\/\",\"name\":\"Darka Maz\u00ee\",\"description\":\"P\u00eageha Zanyariy\u00ean Nebih\u00eest\u00ee\",\"publisher\":{\"@id\":\"https:\\\/\\\/darkamazi.info\\\/#organization\"},\"potentialAction\":[{\"@type\":\"SearchAction\",\"target\":{\"@type\":\"EntryPoint\",\"urlTemplate\":\"https:\\\/\\\/darkamazi.info\\\/?s={search_term_string}\"},\"query-input\":{\"@type\":\"PropertyValueSpecification\",\"valueRequired\":true,\"valueName\":\"search_term_string\"}}],\"inLanguage\":\"en-US\"},{\"@type\":\"Organization\",\"@id\":\"https:\\\/\\\/darkamazi.info\\\/#organization\",\"name\":\"Darka Maz\u00ee\",\"url\":\"https:\\\/\\\/darkamazi.info\\\/\",\"logo\":{\"@type\":\"ImageObject\",\"inLanguage\":\"en-US\",\"@id\":\"https:\\\/\\\/darkamazi.info\\\/#\\\/schema\\\/logo\\\/image\\\/\",\"url\":\"https:\\\/\\\/darkamazi.info\\\/darka-content\\\/uploads\\\/2017\\\/12\\\/darka-mazi-logo.png\",\"contentUrl\":\"https:\\\/\\\/darkamazi.info\\\/darka-content\\\/uploads\\\/2017\\\/12\\\/darka-mazi-logo.png\",\"width\":151,\"height\":75,\"caption\":\"Darka Maz\u00ee\"},\"image\":{\"@id\":\"https:\\\/\\\/darkamazi.info\\\/#\\\/schema\\\/logo\\\/image\\\/\"},\"sameAs\":[\"https:\\\/\\\/www.facebook.com\\\/DarMaziKurmanci\",\"https:\\\/\\\/x.com\\\/DarkaMaziLatini\",\"https:\\\/\\\/www.instagram.com\\\/darkamazi.kurmanci\\\/\",\"https:\\\/\\\/www.youtube.com\\\/channel\\\/UCa5HkTdmI8U1qCUFuTw8B2g\"]},{\"@type\":\"Person\",\"@id\":\"https:\\\/\\\/darkamazi.info\\\/#\\\/schema\\\/person\\\/5ad3e24553a0567993fa8ed4bd0a776c\",\"name\":\"darka mazi\",\"sameAs\":[\"https:\\\/\\\/darkamazi.info\\\/\"],\"url\":\"https:\\\/\\\/darkamazi.info\\\/archives\\\/author\\\/kurdi\"}]}<\/script>\n<!-- \/ Yoast SEO plugin. -->","seo_head_json":{"title":"Darka Maz\u00ee naveroka hevd\u00eetina \u015fanda \u00cemraliy\u00ea \u00fb Ocalan ya di 25\u00ee N\u00eesan\u00ea de parve dike \u00ab9\u00bb - Darka Maz\u00ee","robots":{"index":"index","follow":"follow","max-snippet":"max-snippet:-1","max-image-preview":"max-image-preview:large","max-video-preview":"max-video-preview:-1"},"canonical":"https:\/\/darkamazi.info\/archives\/1049780","og_locale":"en_US","og_type":"article","og_title":"Darka Maz\u00ee naveroka hevd\u00eetina \u015fanda \u00cemraliy\u00ea \u00fb Ocalan ya di 25\u00ee N\u00eesan\u00ea de parve dike \u00ab9\u00bb - Darka Maz\u00ee","og_description":"Wek t\u00ea zan\u00een \u015fanda Dem Partiy\u00ea ji boy hevd\u00eetina bi r\u00eaber\u00ea PKK\u2019\u00ea Evdilla Ocalan re, di 25\u00ee N\u00eesana 2025 de ser\u00ee li greva \u00cemraliy\u00ea dab\u00fb, di v\u00ea hevd\u00eetin\u00ea de Ocalan \u00fb \u015fanda dem\u00ea dan\u00fbstandin li ser gelek mijaran kirib\u00fb, tev\u00ee ku hinek ji axaftin\u00ean di v\u00ea hevd\u00eetin\u00ea de ji aliy\u00ea \u015fanda dem\u00ea hatib\u00fbn parvekirin j\u00ee, [&hellip;]","og_url":"https:\/\/darkamazi.info\/archives\/1049780","og_site_name":"Darka Maz\u00ee","article_publisher":"https:\/\/www.facebook.com\/DarMaziKurmanci","article_published_time":"2025-09-09T16:15:19+00:00","article_modified_time":"2025-09-09T16:15:48+00:00","og_image":[{"width":900,"height":497,"url":"https:\/\/darkamazi.info\/file\/2025\/09\/imrali-1.jpg","type":"image\/jpeg"}],"author":"darka mazi","twitter_card":"summary_large_image","twitter_creator":"@DarkaMaziLatini","twitter_site":"@DarkaMaziLatini","twitter_misc":{"Written by":"darka mazi","Est. reading time":"5 minutes"},"schema":{"@context":"https:\/\/schema.org","@graph":[{"@type":"Article","@id":"https:\/\/darkamazi.info\/archives\/1049780#article","isPartOf":{"@id":"https:\/\/darkamazi.info\/archives\/1049780"},"author":{"name":"darka mazi","@id":"https:\/\/darkamazi.info\/#\/schema\/person\/5ad3e24553a0567993fa8ed4bd0a776c"},"headline":"Darka Maz\u00ee naveroka hevd\u00eetina \u015fanda \u00cemraliy\u00ea \u00fb Ocalan ya di 25\u00ee N\u00eesan\u00ea de parve dike \u00ab9\u00bb","datePublished":"2025-09-09T16:15:19+00:00","dateModified":"2025-09-09T16:15:48+00:00","mainEntityOfPage":{"@id":"https:\/\/darkamazi.info\/archives\/1049780"},"wordCount":1255,"publisher":{"@id":"https:\/\/darkamazi.info\/#organization"},"image":{"@id":"https:\/\/darkamazi.info\/archives\/1049780#primaryimage"},"thumbnailUrl":"https:\/\/darkamazi.info\/file\/2025\/09\/imrali-1.jpg","keywords":["sereke"],"articleSection":["Kurdistan"],"inLanguage":"en-US"},{"@type":"WebPage","@id":"https:\/\/darkamazi.info\/archives\/1049780","url":"https:\/\/darkamazi.info\/archives\/1049780","name":"Darka Maz\u00ee naveroka hevd\u00eetina \u015fanda \u00cemraliy\u00ea \u00fb Ocalan ya di 25\u00ee N\u00eesan\u00ea de parve dike \u00ab9\u00bb - Darka Maz\u00ee","isPartOf":{"@id":"https:\/\/darkamazi.info\/#website"},"primaryImageOfPage":{"@id":"https:\/\/darkamazi.info\/archives\/1049780#primaryimage"},"image":{"@id":"https:\/\/darkamazi.info\/archives\/1049780#primaryimage"},"thumbnailUrl":"https:\/\/darkamazi.info\/file\/2025\/09\/imrali-1.jpg","datePublished":"2025-09-09T16:15:19+00:00","dateModified":"2025-09-09T16:15:48+00:00","breadcrumb":{"@id":"https:\/\/darkamazi.info\/archives\/1049780#breadcrumb"},"inLanguage":"en-US","potentialAction":[{"@type":"ReadAction","target":["https:\/\/darkamazi.info\/archives\/1049780"]}]},{"@type":"ImageObject","inLanguage":"en-US","@id":"https:\/\/darkamazi.info\/archives\/1049780#primaryimage","url":"https:\/\/darkamazi.info\/file\/2025\/09\/imrali-1.jpg","contentUrl":"https:\/\/darkamazi.info\/file\/2025\/09\/imrali-1.jpg","width":900,"height":497,"caption":"Darka Maz\u00ee naveroka hevd\u00eetina \u015fanda \u00cemraliy\u00ea \u00fb Ocalan ya di 25\u00ee N\u00eesan\u00ea de parve dike \u00ab9\u00bb"},{"@type":"BreadcrumbList","@id":"https:\/\/darkamazi.info\/archives\/1049780#breadcrumb","itemListElement":[{"@type":"ListItem","position":1,"name":"Home","item":"https:\/\/darkamazi.info\/"},{"@type":"ListItem","position":2,"name":"Darka Maz\u00ee naveroka hevd\u00eetina \u015fanda \u00cemraliy\u00ea \u00fb Ocalan ya di 25\u00ee N\u00eesan\u00ea de parve dike \u00ab9\u00bb"}]},{"@type":"WebSite","@id":"https:\/\/darkamazi.info\/#website","url":"https:\/\/darkamazi.info\/","name":"Darka Maz\u00ee","description":"P\u00eageha Zanyariy\u00ean Nebih\u00eest\u00ee","publisher":{"@id":"https:\/\/darkamazi.info\/#organization"},"potentialAction":[{"@type":"SearchAction","target":{"@type":"EntryPoint","urlTemplate":"https:\/\/darkamazi.info\/?s={search_term_string}"},"query-input":{"@type":"PropertyValueSpecification","valueRequired":true,"valueName":"search_term_string"}}],"inLanguage":"en-US"},{"@type":"Organization","@id":"https:\/\/darkamazi.info\/#organization","name":"Darka Maz\u00ee","url":"https:\/\/darkamazi.info\/","logo":{"@type":"ImageObject","inLanguage":"en-US","@id":"https:\/\/darkamazi.info\/#\/schema\/logo\/image\/","url":"https:\/\/darkamazi.info\/file\/2017\/12\/darka-mazi-logo.png","contentUrl":"https:\/\/darkamazi.info\/file\/2017\/12\/darka-mazi-logo.png","width":151,"height":75,"caption":"Darka Maz\u00ee"},"image":{"@id":"https:\/\/darkamazi.info\/#\/schema\/logo\/image\/"},"sameAs":["https:\/\/www.facebook.com\/DarMaziKurmanci","https:\/\/x.com\/DarkaMaziLatini","https:\/\/www.instagram.com\/darkamazi.kurmanci\/","https:\/\/www.youtube.com\/channel\/UCa5HkTdmI8U1qCUFuTw8B2g"]},{"@type":"Person","@id":"https:\/\/darkamazi.info\/#\/schema\/person\/5ad3e24553a0567993fa8ed4bd0a776c","name":"darka mazi","sameAs":["https:\/\/darkamazi.info\/"],"url":"https:\/\/darkamazi.info\/archives\/author\/kurdi"}]}},"_links":{"self":[{"href":"https:\/\/darkamazi.info\/funavuv\/wp\/v2\/posts\/1049780","targetHints":{"allow":["GET"]}}],"collection":[{"href":"https:\/\/darkamazi.info\/funavuv\/wp\/v2\/posts"}],"about":[{"href":"https:\/\/darkamazi.info\/funavuv\/wp\/v2\/types\/post"}],"author":[{"embeddable":true,"href":"https:\/\/darkamazi.info\/funavuv\/wp\/v2\/users\/2"}],"replies":[{"embeddable":true,"href":"https:\/\/darkamazi.info\/funavuv\/wp\/v2\/comments?post=1049780"}],"version-history":[{"count":0,"href":"https:\/\/darkamazi.info\/funavuv\/wp\/v2\/posts\/1049780\/revisions"}],"wp:featuredmedia":[{"embeddable":true,"href":"https:\/\/darkamazi.info\/funavuv\/wp\/v2\/media\/1049781"}],"wp:attachment":[{"href":"https:\/\/darkamazi.info\/funavuv\/wp\/v2\/media?parent=1049780"}],"wp:term":[{"taxonomy":"category","embeddable":true,"href":"https:\/\/darkamazi.info\/funavuv\/wp\/v2\/categories?post=1049780"},{"taxonomy":"post_tag","embeddable":true,"href":"https:\/\/darkamazi.info\/funavuv\/wp\/v2\/tags?post=1049780"}],"curies":[{"name":"wp","href":"https:\/\/api.w.org\/{rel}","templated":true}]}}