{"id":1049784,"date":"2025-09-09T20:32:40","date_gmt":"2025-09-09T17:32:40","guid":{"rendered":"https:\/\/darkamazi.info\/?p=1049784"},"modified":"2025-09-09T20:32:40","modified_gmt":"2025-09-09T17:32:40","slug":"hurguliyen-erisa-israile-ya-li-ser-berpirsen-hamase-li-dohaye-hatin-eskerekirin","status":"publish","type":"post","link":"https:\/\/darkamazi.info\/archives\/1049784","title":{"rendered":"H\u00fbrguliy\u00ean \u00ear\u00ee\u015fa \u00cesra\u00eel\u00ea ya li ser berpirs\u00ean Hamas\u00ea li Dohay\u00ea hatin e\u015fkerekirin"},"content":{"rendered":"<h3 style=\"text-align: justify\"><span style=\"font-family: 'arial black', sans-serif\">\u00cero roja s\u00ea\u015fem\u00ea h\u00eaz\u00ean esman\u00ee y\u00ean \u00cesra\u00eel\u00ea, \u00ear\u00ee\u015f\u00ea ser civ\u00eena \u015fandeke payebilind a dan\u00fbstandinan a Hemas\u00ea ku di hemandem\u00ea de berpirs\u00ean diyar \u00ean w\u00ea tevger\u00eane, li gor agahiy\u00ean \u00e7apemeniya \u00cesra\u00eel\u00ea, 4 berpirs\u00ean payebilind \u00ean Hemas\u00ea b\u00fbne hedef, l\u00ea Hemas red dike.<\/span><\/h3>\n<h3 style=\"text-align: justify\">Li gor\u00ee Sky News\u00ea ya Ereb\u00ee, \u00ear\u00ee\u015f ji aliy\u00ea odeya operasyon\u00ean le\u015fker\u00ee ya Ajansa Ewlekariya Gi\u015ft\u00ee (\u015eabak) ve hatiye kirin, di heman dem\u00ea de Wez\u00eer\u00ea Parastin\u00ea \u00fb serok\u00ea \u00eest\u00eexbarata le\u015fker\u00ee, Benjamin Netanyahu, di odey\u00ea de amade b\u00fbn \u00fb p\u00eavajoy\u00ea \u015fopandine.<\/h3>\n<h3 style=\"text-align: justify\">Di \u00ear\u00ee\u015f\u00ea de 15 balafir\u00ean \u015fer \u00ean \u00cesra\u00eel\u00ea be\u015fdar b\u00fbne \u00fb 10 m\u00fb\u015fek li avahiy\u00ea ketine ku di Dohay\u00ea berpirs\u00ean payebilind \u00ean Hemas\u00ea t\u00eade civiyane, balafir j\u00ee li esman ve bi nizm\u00ee firiyane \u00fb pi\u015ftre j\u00ee li \u00cesra\u00eel\u00ea daketine.<\/h3>\n","protected":false},"excerpt":{"rendered":"<p>\u00cero roja s\u00ea\u015fem\u00ea h\u00eaz\u00ean esman\u00ee y\u00ean \u00cesra\u00eel\u00ea, \u00ear\u00ee\u015f\u00ea ser civ\u00eena \u015fandeke payebilind a dan\u00fbstandinan a Hemas\u00ea ku di hemandem\u00ea de berpirs\u00ean diyar \u00ean w\u00ea tevger\u00eane, li gor agahiy\u00ean \u00e7apemeniya \u00cesra\u00eel\u00ea, 4 berpirs\u00ean payebilind \u00ean Hemas\u00ea b\u00fbne hedef, l\u00ea Hemas red dike. Li gor\u00ee Sky News\u00ea ya Ereb\u00ee, \u00ear\u00ee\u015f ji aliy\u00ea odeya operasyon\u00ean le\u015fker\u00ee ya Ajansa [&hellip;]<\/p>\n","protected":false},"author":2,"featured_media":1049785,"comment_status":"closed","ping_status":"closed","sticky":false,"template":"","format":"standard","meta":{"footnotes":""},"categories":[31],"tags":[37],"class_list":["post-1049784","post","type-post","status-publish","format-standard","has-post-thumbnail","hentry","category-rojhelata-navin","tag-sereke"],"blocksy_meta":[],"seo_head":"<!-- This site is optimized with the Yoast SEO plugin v27.5 - https:\/\/yoast.com\/product\/yoast-seo-wordpress\/ -->\n<title>H\u00fbrguliy\u00ean \u00ear\u00ee\u015fa \u00cesra\u00eel\u00ea ya li ser berpirs\u00ean Hamas\u00ea li Dohay\u00ea hatin e\u015fkerekirin - Darka Maz\u00ee<\/title>\n<meta name=\"robots\" content=\"index, follow, max-snippet:-1, max-image-preview:large, max-video-preview:-1\" \/>\n<link rel=\"canonical\" href=\"https:\/\/darkamazi.info\/archives\/1049784\" \/>\n<meta property=\"og:locale\" content=\"en_US\" \/>\n<meta property=\"og:type\" content=\"article\" \/>\n<meta property=\"og:title\" content=\"H\u00fbrguliy\u00ean \u00ear\u00ee\u015fa \u00cesra\u00eel\u00ea ya li ser berpirs\u00ean Hamas\u00ea li Dohay\u00ea hatin e\u015fkerekirin - Darka Maz\u00ee\" \/>\n<meta property=\"og:description\" content=\"\u00cero roja s\u00ea\u015fem\u00ea h\u00eaz\u00ean esman\u00ee y\u00ean \u00cesra\u00eel\u00ea, \u00ear\u00ee\u015f\u00ea ser civ\u00eena \u015fandeke payebilind a dan\u00fbstandinan a Hemas\u00ea ku di hemandem\u00ea de berpirs\u00ean diyar \u00ean w\u00ea tevger\u00eane, li gor agahiy\u00ean \u00e7apemeniya \u00cesra\u00eel\u00ea, 4 berpirs\u00ean payebilind \u00ean Hemas\u00ea b\u00fbne hedef, l\u00ea Hemas red dike. Li gor\u00ee Sky News\u00ea ya Ereb\u00ee, \u00ear\u00ee\u015f ji aliy\u00ea odeya operasyon\u00ean le\u015fker\u00ee ya Ajansa [&hellip;]\" \/>\n<meta property=\"og:url\" content=\"https:\/\/darkamazi.info\/archives\/1049784\" \/>\n<meta property=\"og:site_name\" content=\"Darka Maz\u00ee\" \/>\n<meta property=\"article:publisher\" content=\"https:\/\/www.facebook.com\/DarMaziKurmanci\" \/>\n<meta property=\"article:published_time\" content=\"2025-09-09T17:32:40+00:00\" \/>\n<meta property=\"og:image\" content=\"https:\/\/darkamazi.info\/file\/2025\/09\/hamas-israil-dewha-qatar.jpg\" \/>\n\t<meta property=\"og:image:width\" content=\"900\" \/>\n\t<meta property=\"og:image:height\" content=\"497\" \/>\n\t<meta property=\"og:image:type\" content=\"image\/jpeg\" \/>\n<meta name=\"author\" content=\"darka mazi\" \/>\n<meta name=\"twitter:card\" content=\"summary_large_image\" \/>\n<meta name=\"twitter:creator\" content=\"@DarkaMaziLatini\" \/>\n<meta name=\"twitter:site\" content=\"@DarkaMaziLatini\" \/>\n<meta name=\"twitter:label1\" content=\"Written by\" \/>\n\t<meta name=\"twitter:data1\" content=\"darka mazi\" \/>\n\t<meta name=\"twitter:label2\" content=\"Est. reading time\" \/>\n\t<meta name=\"twitter:data2\" content=\"1 minute\" \/>\n<script type=\"application\/ld+json\" class=\"seo-schema-graph\">{\"@context\":\"https:\\\/\\\/schema.org\",\"@graph\":[{\"@type\":\"Article\",\"@id\":\"https:\\\/\\\/darkamazi.info\\\/archives\\\/1049784#article\",\"isPartOf\":{\"@id\":\"https:\\\/\\\/darkamazi.info\\\/archives\\\/1049784\"},\"author\":{\"name\":\"darka mazi\",\"@id\":\"https:\\\/\\\/darkamazi.info\\\/#\\\/schema\\\/person\\\/5ad3e24553a0567993fa8ed4bd0a776c\"},\"headline\":\"H\u00fbrguliy\u00ean \u00ear\u00ee\u015fa \u00cesra\u00eel\u00ea ya li ser berpirs\u00ean Hamas\u00ea li Dohay\u00ea hatin e\u015fkerekirin\",\"datePublished\":\"2025-09-09T17:32:40+00:00\",\"mainEntityOfPage\":{\"@id\":\"https:\\\/\\\/darkamazi.info\\\/archives\\\/1049784\"},\"wordCount\":161,\"publisher\":{\"@id\":\"https:\\\/\\\/darkamazi.info\\\/#organization\"},\"image\":{\"@id\":\"https:\\\/\\\/darkamazi.info\\\/archives\\\/1049784#primaryimage\"},\"thumbnailUrl\":\"https:\\\/\\\/darkamazi.info\\\/darka-content\\\/uploads\\\/2025\\\/09\\\/hamas-israil-dewha-qatar.jpg\",\"keywords\":[\"sereke\"],\"articleSection\":[\"Rojhelata nav\u00een\"],\"inLanguage\":\"en-US\"},{\"@type\":\"WebPage\",\"@id\":\"https:\\\/\\\/darkamazi.info\\\/archives\\\/1049784\",\"url\":\"https:\\\/\\\/darkamazi.info\\\/archives\\\/1049784\",\"name\":\"H\u00fbrguliy\u00ean \u00ear\u00ee\u015fa \u00cesra\u00eel\u00ea ya li ser berpirs\u00ean Hamas\u00ea li Dohay\u00ea hatin e\u015fkerekirin - Darka Maz\u00ee\",\"isPartOf\":{\"@id\":\"https:\\\/\\\/darkamazi.info\\\/#website\"},\"primaryImageOfPage\":{\"@id\":\"https:\\\/\\\/darkamazi.info\\\/archives\\\/1049784#primaryimage\"},\"image\":{\"@id\":\"https:\\\/\\\/darkamazi.info\\\/archives\\\/1049784#primaryimage\"},\"thumbnailUrl\":\"https:\\\/\\\/darkamazi.info\\\/darka-content\\\/uploads\\\/2025\\\/09\\\/hamas-israil-dewha-qatar.jpg\",\"datePublished\":\"2025-09-09T17:32:40+00:00\",\"breadcrumb\":{\"@id\":\"https:\\\/\\\/darkamazi.info\\\/archives\\\/1049784#breadcrumb\"},\"inLanguage\":\"en-US\",\"potentialAction\":[{\"@type\":\"ReadAction\",\"target\":[\"https:\\\/\\\/darkamazi.info\\\/archives\\\/1049784\"]}]},{\"@type\":\"ImageObject\",\"inLanguage\":\"en-US\",\"@id\":\"https:\\\/\\\/darkamazi.info\\\/archives\\\/1049784#primaryimage\",\"url\":\"https:\\\/\\\/darkamazi.info\\\/darka-content\\\/uploads\\\/2025\\\/09\\\/hamas-israil-dewha-qatar.jpg\",\"contentUrl\":\"https:\\\/\\\/darkamazi.info\\\/darka-content\\\/uploads\\\/2025\\\/09\\\/hamas-israil-dewha-qatar.jpg\",\"width\":900,\"height\":497,\"caption\":\"H\u00fbrguliy\u00ean \u00ear\u00ee\u015fa \u00cesra\u00eel\u00ea ya li ser berpirs\u00ean Hamas\u00ea li Dohay\u00ea hatin e\u015fkerekirin\"},{\"@type\":\"BreadcrumbList\",\"@id\":\"https:\\\/\\\/darkamazi.info\\\/archives\\\/1049784#breadcrumb\",\"itemListElement\":[{\"@type\":\"ListItem\",\"position\":1,\"name\":\"Home\",\"item\":\"https:\\\/\\\/darkamazi.info\\\/\"},{\"@type\":\"ListItem\",\"position\":2,\"name\":\"H\u00fbrguliy\u00ean \u00ear\u00ee\u015fa \u00cesra\u00eel\u00ea ya li ser berpirs\u00ean Hamas\u00ea li Dohay\u00ea hatin e\u015fkerekirin\"}]},{\"@type\":\"WebSite\",\"@id\":\"https:\\\/\\\/darkamazi.info\\\/#website\",\"url\":\"https:\\\/\\\/darkamazi.info\\\/\",\"name\":\"Darka Maz\u00ee\",\"description\":\"P\u00eageha Zanyariy\u00ean Nebih\u00eest\u00ee\",\"publisher\":{\"@id\":\"https:\\\/\\\/darkamazi.info\\\/#organization\"},\"potentialAction\":[{\"@type\":\"SearchAction\",\"target\":{\"@type\":\"EntryPoint\",\"urlTemplate\":\"https:\\\/\\\/darkamazi.info\\\/?s={search_term_string}\"},\"query-input\":{\"@type\":\"PropertyValueSpecification\",\"valueRequired\":true,\"valueName\":\"search_term_string\"}}],\"inLanguage\":\"en-US\"},{\"@type\":\"Organization\",\"@id\":\"https:\\\/\\\/darkamazi.info\\\/#organization\",\"name\":\"Darka Maz\u00ee\",\"url\":\"https:\\\/\\\/darkamazi.info\\\/\",\"logo\":{\"@type\":\"ImageObject\",\"inLanguage\":\"en-US\",\"@id\":\"https:\\\/\\\/darkamazi.info\\\/#\\\/schema\\\/logo\\\/image\\\/\",\"url\":\"https:\\\/\\\/darkamazi.info\\\/darka-content\\\/uploads\\\/2017\\\/12\\\/darka-mazi-logo.png\",\"contentUrl\":\"https:\\\/\\\/darkamazi.info\\\/darka-content\\\/uploads\\\/2017\\\/12\\\/darka-mazi-logo.png\",\"width\":151,\"height\":75,\"caption\":\"Darka Maz\u00ee\"},\"image\":{\"@id\":\"https:\\\/\\\/darkamazi.info\\\/#\\\/schema\\\/logo\\\/image\\\/\"},\"sameAs\":[\"https:\\\/\\\/www.facebook.com\\\/DarMaziKurmanci\",\"https:\\\/\\\/x.com\\\/DarkaMaziLatini\",\"https:\\\/\\\/www.instagram.com\\\/darkamazi.kurmanci\\\/\",\"https:\\\/\\\/www.youtube.com\\\/channel\\\/UCa5HkTdmI8U1qCUFuTw8B2g\"]},{\"@type\":\"Person\",\"@id\":\"https:\\\/\\\/darkamazi.info\\\/#\\\/schema\\\/person\\\/5ad3e24553a0567993fa8ed4bd0a776c\",\"name\":\"darka mazi\",\"sameAs\":[\"https:\\\/\\\/darkamazi.info\\\/\"],\"url\":\"https:\\\/\\\/darkamazi.info\\\/archives\\\/author\\\/kurdi\"}]}<\/script>\n<!-- \/ Yoast SEO plugin. -->","seo_head_json":{"title":"H\u00fbrguliy\u00ean \u00ear\u00ee\u015fa \u00cesra\u00eel\u00ea ya li ser berpirs\u00ean Hamas\u00ea li Dohay\u00ea hatin e\u015fkerekirin - Darka Maz\u00ee","robots":{"index":"index","follow":"follow","max-snippet":"max-snippet:-1","max-image-preview":"max-image-preview:large","max-video-preview":"max-video-preview:-1"},"canonical":"https:\/\/darkamazi.info\/archives\/1049784","og_locale":"en_US","og_type":"article","og_title":"H\u00fbrguliy\u00ean \u00ear\u00ee\u015fa \u00cesra\u00eel\u00ea ya li ser berpirs\u00ean Hamas\u00ea li Dohay\u00ea hatin e\u015fkerekirin - Darka Maz\u00ee","og_description":"\u00cero roja s\u00ea\u015fem\u00ea h\u00eaz\u00ean esman\u00ee y\u00ean \u00cesra\u00eel\u00ea, \u00ear\u00ee\u015f\u00ea ser civ\u00eena \u015fandeke payebilind a dan\u00fbstandinan a Hemas\u00ea ku di hemandem\u00ea de berpirs\u00ean diyar \u00ean w\u00ea tevger\u00eane, li gor agahiy\u00ean \u00e7apemeniya \u00cesra\u00eel\u00ea, 4 berpirs\u00ean payebilind \u00ean Hemas\u00ea b\u00fbne hedef, l\u00ea Hemas red dike. Li gor\u00ee Sky News\u00ea ya Ereb\u00ee, \u00ear\u00ee\u015f ji aliy\u00ea odeya operasyon\u00ean le\u015fker\u00ee ya Ajansa [&hellip;]","og_url":"https:\/\/darkamazi.info\/archives\/1049784","og_site_name":"Darka Maz\u00ee","article_publisher":"https:\/\/www.facebook.com\/DarMaziKurmanci","article_published_time":"2025-09-09T17:32:40+00:00","og_image":[{"width":900,"height":497,"url":"https:\/\/darkamazi.info\/file\/2025\/09\/hamas-israil-dewha-qatar.jpg","type":"image\/jpeg"}],"author":"darka mazi","twitter_card":"summary_large_image","twitter_creator":"@DarkaMaziLatini","twitter_site":"@DarkaMaziLatini","twitter_misc":{"Written by":"darka mazi","Est. reading time":"1 minute"},"schema":{"@context":"https:\/\/schema.org","@graph":[{"@type":"Article","@id":"https:\/\/darkamazi.info\/archives\/1049784#article","isPartOf":{"@id":"https:\/\/darkamazi.info\/archives\/1049784"},"author":{"name":"darka mazi","@id":"https:\/\/darkamazi.info\/#\/schema\/person\/5ad3e24553a0567993fa8ed4bd0a776c"},"headline":"H\u00fbrguliy\u00ean \u00ear\u00ee\u015fa \u00cesra\u00eel\u00ea ya li ser berpirs\u00ean Hamas\u00ea li Dohay\u00ea hatin e\u015fkerekirin","datePublished":"2025-09-09T17:32:40+00:00","mainEntityOfPage":{"@id":"https:\/\/darkamazi.info\/archives\/1049784"},"wordCount":161,"publisher":{"@id":"https:\/\/darkamazi.info\/#organization"},"image":{"@id":"https:\/\/darkamazi.info\/archives\/1049784#primaryimage"},"thumbnailUrl":"https:\/\/darkamazi.info\/file\/2025\/09\/hamas-israil-dewha-qatar.jpg","keywords":["sereke"],"articleSection":["Rojhelata nav\u00een"],"inLanguage":"en-US"},{"@type":"WebPage","@id":"https:\/\/darkamazi.info\/archives\/1049784","url":"https:\/\/darkamazi.info\/archives\/1049784","name":"H\u00fbrguliy\u00ean \u00ear\u00ee\u015fa \u00cesra\u00eel\u00ea ya li ser berpirs\u00ean Hamas\u00ea li Dohay\u00ea hatin e\u015fkerekirin - Darka Maz\u00ee","isPartOf":{"@id":"https:\/\/darkamazi.info\/#website"},"primaryImageOfPage":{"@id":"https:\/\/darkamazi.info\/archives\/1049784#primaryimage"},"image":{"@id":"https:\/\/darkamazi.info\/archives\/1049784#primaryimage"},"thumbnailUrl":"https:\/\/darkamazi.info\/file\/2025\/09\/hamas-israil-dewha-qatar.jpg","datePublished":"2025-09-09T17:32:40+00:00","breadcrumb":{"@id":"https:\/\/darkamazi.info\/archives\/1049784#breadcrumb"},"inLanguage":"en-US","potentialAction":[{"@type":"ReadAction","target":["https:\/\/darkamazi.info\/archives\/1049784"]}]},{"@type":"ImageObject","inLanguage":"en-US","@id":"https:\/\/darkamazi.info\/archives\/1049784#primaryimage","url":"https:\/\/darkamazi.info\/file\/2025\/09\/hamas-israil-dewha-qatar.jpg","contentUrl":"https:\/\/darkamazi.info\/file\/2025\/09\/hamas-israil-dewha-qatar.jpg","width":900,"height":497,"caption":"H\u00fbrguliy\u00ean \u00ear\u00ee\u015fa \u00cesra\u00eel\u00ea ya li ser berpirs\u00ean Hamas\u00ea li Dohay\u00ea hatin e\u015fkerekirin"},{"@type":"BreadcrumbList","@id":"https:\/\/darkamazi.info\/archives\/1049784#breadcrumb","itemListElement":[{"@type":"ListItem","position":1,"name":"Home","item":"https:\/\/darkamazi.info\/"},{"@type":"ListItem","position":2,"name":"H\u00fbrguliy\u00ean \u00ear\u00ee\u015fa \u00cesra\u00eel\u00ea ya li ser berpirs\u00ean Hamas\u00ea li Dohay\u00ea hatin e\u015fkerekirin"}]},{"@type":"WebSite","@id":"https:\/\/darkamazi.info\/#website","url":"https:\/\/darkamazi.info\/","name":"Darka Maz\u00ee","description":"P\u00eageha Zanyariy\u00ean Nebih\u00eest\u00ee","publisher":{"@id":"https:\/\/darkamazi.info\/#organization"},"potentialAction":[{"@type":"SearchAction","target":{"@type":"EntryPoint","urlTemplate":"https:\/\/darkamazi.info\/?s={search_term_string}"},"query-input":{"@type":"PropertyValueSpecification","valueRequired":true,"valueName":"search_term_string"}}],"inLanguage":"en-US"},{"@type":"Organization","@id":"https:\/\/darkamazi.info\/#organization","name":"Darka Maz\u00ee","url":"https:\/\/darkamazi.info\/","logo":{"@type":"ImageObject","inLanguage":"en-US","@id":"https:\/\/darkamazi.info\/#\/schema\/logo\/image\/","url":"https:\/\/darkamazi.info\/file\/2017\/12\/darka-mazi-logo.png","contentUrl":"https:\/\/darkamazi.info\/file\/2017\/12\/darka-mazi-logo.png","width":151,"height":75,"caption":"Darka Maz\u00ee"},"image":{"@id":"https:\/\/darkamazi.info\/#\/schema\/logo\/image\/"},"sameAs":["https:\/\/www.facebook.com\/DarMaziKurmanci","https:\/\/x.com\/DarkaMaziLatini","https:\/\/www.instagram.com\/darkamazi.kurmanci\/","https:\/\/www.youtube.com\/channel\/UCa5HkTdmI8U1qCUFuTw8B2g"]},{"@type":"Person","@id":"https:\/\/darkamazi.info\/#\/schema\/person\/5ad3e24553a0567993fa8ed4bd0a776c","name":"darka mazi","sameAs":["https:\/\/darkamazi.info\/"],"url":"https:\/\/darkamazi.info\/archives\/author\/kurdi"}]}},"_links":{"self":[{"href":"https:\/\/darkamazi.info\/funavuv\/wp\/v2\/posts\/1049784","targetHints":{"allow":["GET"]}}],"collection":[{"href":"https:\/\/darkamazi.info\/funavuv\/wp\/v2\/posts"}],"about":[{"href":"https:\/\/darkamazi.info\/funavuv\/wp\/v2\/types\/post"}],"author":[{"embeddable":true,"href":"https:\/\/darkamazi.info\/funavuv\/wp\/v2\/users\/2"}],"replies":[{"embeddable":true,"href":"https:\/\/darkamazi.info\/funavuv\/wp\/v2\/comments?post=1049784"}],"version-history":[{"count":0,"href":"https:\/\/darkamazi.info\/funavuv\/wp\/v2\/posts\/1049784\/revisions"}],"wp:featuredmedia":[{"embeddable":true,"href":"https:\/\/darkamazi.info\/funavuv\/wp\/v2\/media\/1049785"}],"wp:attachment":[{"href":"https:\/\/darkamazi.info\/funavuv\/wp\/v2\/media?parent=1049784"}],"wp:term":[{"taxonomy":"category","embeddable":true,"href":"https:\/\/darkamazi.info\/funavuv\/wp\/v2\/categories?post=1049784"},{"taxonomy":"post_tag","embeddable":true,"href":"https:\/\/darkamazi.info\/funavuv\/wp\/v2\/tags?post=1049784"}],"curies":[{"name":"wp","href":"https:\/\/api.w.org\/{rel}","templated":true}]}}