{"id":1049787,"date":"2025-09-09T20:58:06","date_gmt":"2025-09-09T17:58:06","guid":{"rendered":"https:\/\/darkamazi.info\/?p=1049787"},"modified":"2025-09-09T20:58:06","modified_gmt":"2025-09-09T17:58:06","slug":"macron-erisa-israile-ya-li-ser-dohaye-bi-tundi-sermezar-kir","status":"publish","type":"post","link":"https:\/\/darkamazi.info\/archives\/1049787","title":{"rendered":"Macron: \u00car\u00ee\u015fa \u00cesra\u00eel\u00ea ya li ser Dohay\u00ea bi tund\u00ee \u015fermezar kir"},"content":{"rendered":"<h3 style=\"text-align: justify\"><span style=\"font-family: 'arial black', sans-serif\">Serok\u00ea Fransay\u00ea Emmanuel Macron \u00ear\u00ee\u015fa \u00cesra\u00eel\u00ea ya li ser paytexta Qeter\u00ea, Dohay\u00ea, bi tund\u00ee \u015fermezar kir \u00fb ew bi &#8220;nay\u00ea qeb\u00fblkirin&#8221; bi nav kir. Macron herwiha hi\u015fyar\u00ee da ku div\u00ea \u015fer li her\u00eam\u00ea belav nebe.<\/span><\/h3>\n<h3 style=\"text-align: justify\">Ev bertek pi\u015ft\u00ee w\u00ea yek\u00ea hat ku art\u00ea\u015fa \u00cesra\u00eel\u00ea \u00eero 9\u00ea \u00celon\u00ea ragihand, h\u00eaz\u00ean wan, bi hevkariya saziya ewlehiya navxwey\u00ee (\u015eabak), \u00ear\u00ee\u015feke esman\u00ee li dij\u00ee baregeheke Hemas\u00ea li Dohay\u00ea p\u00eak an\u00eene. Li gor\u00ee zanyariy\u00ean medyay\u00ea, di \u00ear\u00ee\u015f\u00ea de \u015fanda dan\u00fbstandinan a Hemas\u00ea hatiye armanckirin, ku ev yek b\u00fb sedema bertek\u00ean tund \u00ean navdewlet\u00ee.<\/h3>\n<h3 style=\"text-align: justify\">Serok\u00ea Fransay\u00ea li ser hejmara xwe ya tora civak\u00ee ya &#8220;X&#8221; niv\u00eesand: &#8220;Ev \u00ear\u00ee\u015f\u00ean \u00cesra\u00eel\u00ea bi ti away\u00ee \u00fb bi ti hincet\u00ea nay\u00ean qeb\u00fblkirin.&#8221; Macron hevxemiya xwe ji bo Qeter\u00ea \u00fb \u015e\u00eax Tem\u00eem Al San\u00ee an\u00ee ziman \u00fb tekez kir ku &#8220;div\u00ea di bin ti \u015fert \u00fb merc\u00ee de \u015fer li tevahiya her\u00eam\u00ea belav nebe.&#8221;<\/h3>\n<h3 style=\"text-align: justify\">Qeter: &#8220;Ev \u00car\u00ee\u015feke Tawankar\u00ee \u00fb Binp\u00eakirina Yasay\u00ean Navdewlet\u00ee ye&#8221;<\/h3>\n<h3 style=\"text-align: justify\">Ji aliy\u00ea xwe ve, Wezareta Derve ya Qeter\u00ea j\u00ee daxuyaniyek belav kir. Berdevk\u00ea wezaret\u00ea, Macid el-Ensar\u00ee, ragihand: &#8220;Em bi away\u00ea her\u00ee tund \u00ear\u00ee\u015fa \u00cesra\u00eel\u00ea ya li dij\u00ee baregeh\u00ean endam\u00ean Pol\u00eetburoya Hemas\u00ea li Dohay\u00ea \u015fermezar dikin.&#8221;<\/h3>\n<h3 style=\"text-align: justify\">W\u00ee destn\u00ee\u015fan kir ku ev &#8220;\u00ear\u00ee\u015fa tawankar\u00ee&#8221; binp\u00eakirineke e\u015fkere ya hem\u00fb yasa \u00fb p\u00eevan\u00ean navdewlet\u00ee ye \u00fb gefeke cid\u00ee ye li ser asay\u00ee\u015f \u00fb ewlehiya Qeteriyan.<\/h3>\n","protected":false},"excerpt":{"rendered":"<p>Serok\u00ea Fransay\u00ea Emmanuel Macron \u00ear\u00ee\u015fa \u00cesra\u00eel\u00ea ya li ser paytexta Qeter\u00ea, Dohay\u00ea, bi tund\u00ee \u015fermezar kir \u00fb ew bi &#8220;nay\u00ea qeb\u00fblkirin&#8221; bi nav kir. Macron herwiha hi\u015fyar\u00ee da ku div\u00ea \u015fer li her\u00eam\u00ea belav nebe. Ev bertek pi\u015ft\u00ee w\u00ea yek\u00ea hat ku art\u00ea\u015fa \u00cesra\u00eel\u00ea \u00eero 9\u00ea \u00celon\u00ea ragihand, h\u00eaz\u00ean wan, bi hevkariya saziya ewlehiya navxwey\u00ee [&hellip;]<\/p>\n","protected":false},"author":2,"featured_media":1049789,"comment_status":"closed","ping_status":"closed","sticky":false,"template":"","format":"standard","meta":{"footnotes":""},"categories":[30],"tags":[37],"class_list":["post-1049787","post","type-post","status-publish","format-standard","has-post-thumbnail","hentry","category-cihan","tag-sereke"],"blocksy_meta":[],"seo_head":"<!-- This site is optimized with the Yoast SEO plugin v27.5 - https:\/\/yoast.com\/product\/yoast-seo-wordpress\/ -->\n<title>Macron: \u00car\u00ee\u015fa \u00cesra\u00eel\u00ea ya li ser Dohay\u00ea bi tund\u00ee \u015fermezar kir - Darka Maz\u00ee<\/title>\n<meta name=\"robots\" content=\"index, follow, max-snippet:-1, max-image-preview:large, max-video-preview:-1\" \/>\n<link rel=\"canonical\" href=\"https:\/\/darkamazi.info\/archives\/1049787\" \/>\n<meta property=\"og:locale\" content=\"en_US\" \/>\n<meta property=\"og:type\" content=\"article\" \/>\n<meta property=\"og:title\" content=\"Macron: \u00car\u00ee\u015fa \u00cesra\u00eel\u00ea ya li ser Dohay\u00ea bi tund\u00ee \u015fermezar kir - Darka Maz\u00ee\" \/>\n<meta property=\"og:description\" content=\"Serok\u00ea Fransay\u00ea Emmanuel Macron \u00ear\u00ee\u015fa \u00cesra\u00eel\u00ea ya li ser paytexta Qeter\u00ea, Dohay\u00ea, bi tund\u00ee \u015fermezar kir \u00fb ew bi &#8220;nay\u00ea qeb\u00fblkirin&#8221; bi nav kir. Macron herwiha hi\u015fyar\u00ee da ku div\u00ea \u015fer li her\u00eam\u00ea belav nebe. Ev bertek pi\u015ft\u00ee w\u00ea yek\u00ea hat ku art\u00ea\u015fa \u00cesra\u00eel\u00ea \u00eero 9\u00ea \u00celon\u00ea ragihand, h\u00eaz\u00ean wan, bi hevkariya saziya ewlehiya navxwey\u00ee [&hellip;]\" \/>\n<meta property=\"og:url\" content=\"https:\/\/darkamazi.info\/archives\/1049787\" \/>\n<meta property=\"og:site_name\" content=\"Darka Maz\u00ee\" \/>\n<meta property=\"article:publisher\" content=\"https:\/\/www.facebook.com\/DarMaziKurmanci\" \/>\n<meta property=\"article:published_time\" content=\"2025-09-09T17:58:06+00:00\" \/>\n<meta property=\"og:image\" content=\"https:\/\/darkamazi.info\/file\/2025\/09\/imanuel-macron.jpg\" \/>\n\t<meta property=\"og:image:width\" content=\"900\" \/>\n\t<meta property=\"og:image:height\" content=\"497\" \/>\n\t<meta property=\"og:image:type\" content=\"image\/jpeg\" \/>\n<meta name=\"author\" content=\"darka mazi\" \/>\n<meta name=\"twitter:card\" content=\"summary_large_image\" \/>\n<meta name=\"twitter:creator\" content=\"@DarkaMaziLatini\" \/>\n<meta name=\"twitter:site\" content=\"@DarkaMaziLatini\" \/>\n<meta name=\"twitter:label1\" content=\"Written by\" \/>\n\t<meta name=\"twitter:data1\" content=\"darka mazi\" \/>\n\t<meta name=\"twitter:label2\" content=\"Est. reading time\" \/>\n\t<meta name=\"twitter:data2\" content=\"2 minutes\" \/>\n<script type=\"application\/ld+json\" class=\"seo-schema-graph\">{\"@context\":\"https:\\\/\\\/schema.org\",\"@graph\":[{\"@type\":\"Article\",\"@id\":\"https:\\\/\\\/darkamazi.info\\\/archives\\\/1049787#article\",\"isPartOf\":{\"@id\":\"https:\\\/\\\/darkamazi.info\\\/archives\\\/1049787\"},\"author\":{\"name\":\"darka mazi\",\"@id\":\"https:\\\/\\\/darkamazi.info\\\/#\\\/schema\\\/person\\\/5ad3e24553a0567993fa8ed4bd0a776c\"},\"headline\":\"Macron: \u00car\u00ee\u015fa \u00cesra\u00eel\u00ea ya li ser Dohay\u00ea bi tund\u00ee \u015fermezar kir\",\"datePublished\":\"2025-09-09T17:58:06+00:00\",\"mainEntityOfPage\":{\"@id\":\"https:\\\/\\\/darkamazi.info\\\/archives\\\/1049787\"},\"wordCount\":253,\"publisher\":{\"@id\":\"https:\\\/\\\/darkamazi.info\\\/#organization\"},\"image\":{\"@id\":\"https:\\\/\\\/darkamazi.info\\\/archives\\\/1049787#primaryimage\"},\"thumbnailUrl\":\"https:\\\/\\\/darkamazi.info\\\/darka-content\\\/uploads\\\/2025\\\/09\\\/imanuel-macron.jpg\",\"keywords\":[\"sereke\"],\"articleSection\":[\"C\u00eehan\"],\"inLanguage\":\"en-US\"},{\"@type\":\"WebPage\",\"@id\":\"https:\\\/\\\/darkamazi.info\\\/archives\\\/1049787\",\"url\":\"https:\\\/\\\/darkamazi.info\\\/archives\\\/1049787\",\"name\":\"Macron: \u00car\u00ee\u015fa \u00cesra\u00eel\u00ea ya li ser Dohay\u00ea bi tund\u00ee \u015fermezar kir - Darka Maz\u00ee\",\"isPartOf\":{\"@id\":\"https:\\\/\\\/darkamazi.info\\\/#website\"},\"primaryImageOfPage\":{\"@id\":\"https:\\\/\\\/darkamazi.info\\\/archives\\\/1049787#primaryimage\"},\"image\":{\"@id\":\"https:\\\/\\\/darkamazi.info\\\/archives\\\/1049787#primaryimage\"},\"thumbnailUrl\":\"https:\\\/\\\/darkamazi.info\\\/darka-content\\\/uploads\\\/2025\\\/09\\\/imanuel-macron.jpg\",\"datePublished\":\"2025-09-09T17:58:06+00:00\",\"breadcrumb\":{\"@id\":\"https:\\\/\\\/darkamazi.info\\\/archives\\\/1049787#breadcrumb\"},\"inLanguage\":\"en-US\",\"potentialAction\":[{\"@type\":\"ReadAction\",\"target\":[\"https:\\\/\\\/darkamazi.info\\\/archives\\\/1049787\"]}]},{\"@type\":\"ImageObject\",\"inLanguage\":\"en-US\",\"@id\":\"https:\\\/\\\/darkamazi.info\\\/archives\\\/1049787#primaryimage\",\"url\":\"https:\\\/\\\/darkamazi.info\\\/darka-content\\\/uploads\\\/2025\\\/09\\\/imanuel-macron.jpg\",\"contentUrl\":\"https:\\\/\\\/darkamazi.info\\\/darka-content\\\/uploads\\\/2025\\\/09\\\/imanuel-macron.jpg\",\"width\":900,\"height\":497,\"caption\":\"Macron: \u00car\u00ee\u015fa \u00cesra\u00eel\u00ea ya li ser Dohay\u00ea bi tund\u00ee \u015fermezar kir\"},{\"@type\":\"BreadcrumbList\",\"@id\":\"https:\\\/\\\/darkamazi.info\\\/archives\\\/1049787#breadcrumb\",\"itemListElement\":[{\"@type\":\"ListItem\",\"position\":1,\"name\":\"Home\",\"item\":\"https:\\\/\\\/darkamazi.info\\\/\"},{\"@type\":\"ListItem\",\"position\":2,\"name\":\"Macron: \u00car\u00ee\u015fa \u00cesra\u00eel\u00ea ya li ser Dohay\u00ea bi tund\u00ee \u015fermezar kir\"}]},{\"@type\":\"WebSite\",\"@id\":\"https:\\\/\\\/darkamazi.info\\\/#website\",\"url\":\"https:\\\/\\\/darkamazi.info\\\/\",\"name\":\"Darka Maz\u00ee\",\"description\":\"P\u00eageha Zanyariy\u00ean Nebih\u00eest\u00ee\",\"publisher\":{\"@id\":\"https:\\\/\\\/darkamazi.info\\\/#organization\"},\"potentialAction\":[{\"@type\":\"SearchAction\",\"target\":{\"@type\":\"EntryPoint\",\"urlTemplate\":\"https:\\\/\\\/darkamazi.info\\\/?s={search_term_string}\"},\"query-input\":{\"@type\":\"PropertyValueSpecification\",\"valueRequired\":true,\"valueName\":\"search_term_string\"}}],\"inLanguage\":\"en-US\"},{\"@type\":\"Organization\",\"@id\":\"https:\\\/\\\/darkamazi.info\\\/#organization\",\"name\":\"Darka Maz\u00ee\",\"url\":\"https:\\\/\\\/darkamazi.info\\\/\",\"logo\":{\"@type\":\"ImageObject\",\"inLanguage\":\"en-US\",\"@id\":\"https:\\\/\\\/darkamazi.info\\\/#\\\/schema\\\/logo\\\/image\\\/\",\"url\":\"https:\\\/\\\/darkamazi.info\\\/darka-content\\\/uploads\\\/2017\\\/12\\\/darka-mazi-logo.png\",\"contentUrl\":\"https:\\\/\\\/darkamazi.info\\\/darka-content\\\/uploads\\\/2017\\\/12\\\/darka-mazi-logo.png\",\"width\":151,\"height\":75,\"caption\":\"Darka Maz\u00ee\"},\"image\":{\"@id\":\"https:\\\/\\\/darkamazi.info\\\/#\\\/schema\\\/logo\\\/image\\\/\"},\"sameAs\":[\"https:\\\/\\\/www.facebook.com\\\/DarMaziKurmanci\",\"https:\\\/\\\/x.com\\\/DarkaMaziLatini\",\"https:\\\/\\\/www.instagram.com\\\/darkamazi.kurmanci\\\/\",\"https:\\\/\\\/www.youtube.com\\\/channel\\\/UCa5HkTdmI8U1qCUFuTw8B2g\"]},{\"@type\":\"Person\",\"@id\":\"https:\\\/\\\/darkamazi.info\\\/#\\\/schema\\\/person\\\/5ad3e24553a0567993fa8ed4bd0a776c\",\"name\":\"darka mazi\",\"sameAs\":[\"https:\\\/\\\/darkamazi.info\\\/\"],\"url\":\"https:\\\/\\\/darkamazi.info\\\/archives\\\/author\\\/kurdi\"}]}<\/script>\n<!-- \/ Yoast SEO plugin. -->","seo_head_json":{"title":"Macron: \u00car\u00ee\u015fa \u00cesra\u00eel\u00ea ya li ser Dohay\u00ea bi tund\u00ee \u015fermezar kir - Darka Maz\u00ee","robots":{"index":"index","follow":"follow","max-snippet":"max-snippet:-1","max-image-preview":"max-image-preview:large","max-video-preview":"max-video-preview:-1"},"canonical":"https:\/\/darkamazi.info\/archives\/1049787","og_locale":"en_US","og_type":"article","og_title":"Macron: \u00car\u00ee\u015fa \u00cesra\u00eel\u00ea ya li ser Dohay\u00ea bi tund\u00ee \u015fermezar kir - Darka Maz\u00ee","og_description":"Serok\u00ea Fransay\u00ea Emmanuel Macron \u00ear\u00ee\u015fa \u00cesra\u00eel\u00ea ya li ser paytexta Qeter\u00ea, Dohay\u00ea, bi tund\u00ee \u015fermezar kir \u00fb ew bi &#8220;nay\u00ea qeb\u00fblkirin&#8221; bi nav kir. Macron herwiha hi\u015fyar\u00ee da ku div\u00ea \u015fer li her\u00eam\u00ea belav nebe. Ev bertek pi\u015ft\u00ee w\u00ea yek\u00ea hat ku art\u00ea\u015fa \u00cesra\u00eel\u00ea \u00eero 9\u00ea \u00celon\u00ea ragihand, h\u00eaz\u00ean wan, bi hevkariya saziya ewlehiya navxwey\u00ee [&hellip;]","og_url":"https:\/\/darkamazi.info\/archives\/1049787","og_site_name":"Darka Maz\u00ee","article_publisher":"https:\/\/www.facebook.com\/DarMaziKurmanci","article_published_time":"2025-09-09T17:58:06+00:00","og_image":[{"width":900,"height":497,"url":"https:\/\/darkamazi.info\/file\/2025\/09\/imanuel-macron.jpg","type":"image\/jpeg"}],"author":"darka mazi","twitter_card":"summary_large_image","twitter_creator":"@DarkaMaziLatini","twitter_site":"@DarkaMaziLatini","twitter_misc":{"Written by":"darka mazi","Est. reading time":"2 minutes"},"schema":{"@context":"https:\/\/schema.org","@graph":[{"@type":"Article","@id":"https:\/\/darkamazi.info\/archives\/1049787#article","isPartOf":{"@id":"https:\/\/darkamazi.info\/archives\/1049787"},"author":{"name":"darka mazi","@id":"https:\/\/darkamazi.info\/#\/schema\/person\/5ad3e24553a0567993fa8ed4bd0a776c"},"headline":"Macron: \u00car\u00ee\u015fa \u00cesra\u00eel\u00ea ya li ser Dohay\u00ea bi tund\u00ee \u015fermezar kir","datePublished":"2025-09-09T17:58:06+00:00","mainEntityOfPage":{"@id":"https:\/\/darkamazi.info\/archives\/1049787"},"wordCount":253,"publisher":{"@id":"https:\/\/darkamazi.info\/#organization"},"image":{"@id":"https:\/\/darkamazi.info\/archives\/1049787#primaryimage"},"thumbnailUrl":"https:\/\/darkamazi.info\/file\/2025\/09\/imanuel-macron.jpg","keywords":["sereke"],"articleSection":["C\u00eehan"],"inLanguage":"en-US"},{"@type":"WebPage","@id":"https:\/\/darkamazi.info\/archives\/1049787","url":"https:\/\/darkamazi.info\/archives\/1049787","name":"Macron: \u00car\u00ee\u015fa \u00cesra\u00eel\u00ea ya li ser Dohay\u00ea bi tund\u00ee \u015fermezar kir - Darka Maz\u00ee","isPartOf":{"@id":"https:\/\/darkamazi.info\/#website"},"primaryImageOfPage":{"@id":"https:\/\/darkamazi.info\/archives\/1049787#primaryimage"},"image":{"@id":"https:\/\/darkamazi.info\/archives\/1049787#primaryimage"},"thumbnailUrl":"https:\/\/darkamazi.info\/file\/2025\/09\/imanuel-macron.jpg","datePublished":"2025-09-09T17:58:06+00:00","breadcrumb":{"@id":"https:\/\/darkamazi.info\/archives\/1049787#breadcrumb"},"inLanguage":"en-US","potentialAction":[{"@type":"ReadAction","target":["https:\/\/darkamazi.info\/archives\/1049787"]}]},{"@type":"ImageObject","inLanguage":"en-US","@id":"https:\/\/darkamazi.info\/archives\/1049787#primaryimage","url":"https:\/\/darkamazi.info\/file\/2025\/09\/imanuel-macron.jpg","contentUrl":"https:\/\/darkamazi.info\/file\/2025\/09\/imanuel-macron.jpg","width":900,"height":497,"caption":"Macron: \u00car\u00ee\u015fa \u00cesra\u00eel\u00ea ya li ser Dohay\u00ea bi tund\u00ee \u015fermezar kir"},{"@type":"BreadcrumbList","@id":"https:\/\/darkamazi.info\/archives\/1049787#breadcrumb","itemListElement":[{"@type":"ListItem","position":1,"name":"Home","item":"https:\/\/darkamazi.info\/"},{"@type":"ListItem","position":2,"name":"Macron: \u00car\u00ee\u015fa \u00cesra\u00eel\u00ea ya li ser Dohay\u00ea bi tund\u00ee \u015fermezar kir"}]},{"@type":"WebSite","@id":"https:\/\/darkamazi.info\/#website","url":"https:\/\/darkamazi.info\/","name":"Darka Maz\u00ee","description":"P\u00eageha Zanyariy\u00ean Nebih\u00eest\u00ee","publisher":{"@id":"https:\/\/darkamazi.info\/#organization"},"potentialAction":[{"@type":"SearchAction","target":{"@type":"EntryPoint","urlTemplate":"https:\/\/darkamazi.info\/?s={search_term_string}"},"query-input":{"@type":"PropertyValueSpecification","valueRequired":true,"valueName":"search_term_string"}}],"inLanguage":"en-US"},{"@type":"Organization","@id":"https:\/\/darkamazi.info\/#organization","name":"Darka Maz\u00ee","url":"https:\/\/darkamazi.info\/","logo":{"@type":"ImageObject","inLanguage":"en-US","@id":"https:\/\/darkamazi.info\/#\/schema\/logo\/image\/","url":"https:\/\/darkamazi.info\/file\/2017\/12\/darka-mazi-logo.png","contentUrl":"https:\/\/darkamazi.info\/file\/2017\/12\/darka-mazi-logo.png","width":151,"height":75,"caption":"Darka Maz\u00ee"},"image":{"@id":"https:\/\/darkamazi.info\/#\/schema\/logo\/image\/"},"sameAs":["https:\/\/www.facebook.com\/DarMaziKurmanci","https:\/\/x.com\/DarkaMaziLatini","https:\/\/www.instagram.com\/darkamazi.kurmanci\/","https:\/\/www.youtube.com\/channel\/UCa5HkTdmI8U1qCUFuTw8B2g"]},{"@type":"Person","@id":"https:\/\/darkamazi.info\/#\/schema\/person\/5ad3e24553a0567993fa8ed4bd0a776c","name":"darka mazi","sameAs":["https:\/\/darkamazi.info\/"],"url":"https:\/\/darkamazi.info\/archives\/author\/kurdi"}]}},"_links":{"self":[{"href":"https:\/\/darkamazi.info\/funavuv\/wp\/v2\/posts\/1049787","targetHints":{"allow":["GET"]}}],"collection":[{"href":"https:\/\/darkamazi.info\/funavuv\/wp\/v2\/posts"}],"about":[{"href":"https:\/\/darkamazi.info\/funavuv\/wp\/v2\/types\/post"}],"author":[{"embeddable":true,"href":"https:\/\/darkamazi.info\/funavuv\/wp\/v2\/users\/2"}],"replies":[{"embeddable":true,"href":"https:\/\/darkamazi.info\/funavuv\/wp\/v2\/comments?post=1049787"}],"version-history":[{"count":0,"href":"https:\/\/darkamazi.info\/funavuv\/wp\/v2\/posts\/1049787\/revisions"}],"wp:featuredmedia":[{"embeddable":true,"href":"https:\/\/darkamazi.info\/funavuv\/wp\/v2\/media\/1049789"}],"wp:attachment":[{"href":"https:\/\/darkamazi.info\/funavuv\/wp\/v2\/media?parent=1049787"}],"wp:term":[{"taxonomy":"category","embeddable":true,"href":"https:\/\/darkamazi.info\/funavuv\/wp\/v2\/categories?post=1049787"},{"taxonomy":"post_tag","embeddable":true,"href":"https:\/\/darkamazi.info\/funavuv\/wp\/v2\/tags?post=1049787"}],"curies":[{"name":"wp","href":"https:\/\/api.w.org\/{rel}","templated":true}]}}