{"id":1049792,"date":"2025-09-10T12:02:51","date_gmt":"2025-09-10T09:02:51","guid":{"rendered":"https:\/\/darkamazi.info\/?p=1049792"},"modified":"2025-09-10T12:02:51","modified_gmt":"2025-09-10T09:02:51","slug":"pwk-em-nerina-ocalan-ya-di-derbare-pirsa-kurdi-de-bi-tundi-red-dikin","status":"publish","type":"post","link":"https:\/\/darkamazi.info\/archives\/1049792","title":{"rendered":"PWK: Em n\u00ear\u00eena Ocalan ya di derbar\u00ea pirsa Kurd\u00ee de bi tund\u00ee red dikin"},"content":{"rendered":"<h3 style=\"text-align: justify\"><span style=\"font-family: arial, helvetica, sans-serif\">Part\u00eeya Welatpar\u00eaz\u00ean Kurdistan\u00ea (PWK), bi boneya duyem\u00een salvegera damezrandina xwe, daxuyaniyek berfireh belav kir \u00fb t\u00ea de hem t\u00eako\u015f\u00eena xwe ya du salan nirxand, hem j\u00ee helwesta xwe ya li ser rojeva siyas\u00ee ya Kurdistan \u00fb Tirkiyey\u00ea a\u015fkera kir.\u00a0<\/span><\/h3>\n<h3 style=\"text-align: justify\"><span style=\"font-family: arial, helvetica, sans-serif\">Di daxuyaniy\u00ea de, PWK bal ki\u015fand ser doza girtin\u00ea ya li dij\u00ee w\u00ea, n\u00ear\u00een\u00ean xwe y\u00ean li ser diyaloga Ocalan \u00fb dewlet\u00ea, \u015fert\u00ean a\u015ftiyeke rasteq\u00een \u00fb gir\u00eengiya yek\u00eetiya netewey\u00ee.<\/span><\/h3>\n<h3 style=\"text-align: justify\"><span style=\"font-family: 'arial black', sans-serif;color: #8c0707\">Ji Yek\u00eetiy\u00ea heta Doza Girtin\u00ea: Du Sal\u00ean T\u00eako\u015f\u00een\u00ea<\/span><\/h3>\n<h3 style=\"text-align: justify\"><span style=\"font-family: arial, helvetica, sans-serif\">PWK, di 10\u00ea \u00celona 2023yan de li Amed\u00ea, weke encama yekb\u00fbna Part\u00eeya Azad\u00eeya Kurdistan\u00ea (PAK) \u00fb Tevgera Demokrat\u00eek a Kurdistan\u00ea (TDK-TEVGER) bi tevl\u00eab\u00fbna kesayetiy\u00ean serbixwe, bi kongreyeke yek\u00eetiy\u00ea hatib\u00fb damezrandin.\u00a0<\/span><\/h3>\n<h3 style=\"text-align: justify\"><span style=\"font-family: arial, helvetica, sans-serif\">Di daxuyaniy\u00ea de amaje bi w\u00ea hat kirin, \u00e7awa partiya p\u00ea\u015feng PAK ji ber nav\u00ea &#8220;Kurdistan&#8221; \u00fb armanc\u00ean xwe y\u00ean siyas\u00ee di bin zext\u00ean dewlet\u00ea de b\u00fb, PWK j\u00ee ji roja damezrandina xwe ve bi heman zextan re r\u00fb bi r\u00fb maye.<\/span><\/h3>\n<h3 style=\"text-align: justify\"><span style=\"font-family: arial, helvetica, sans-serif\">Li ser daxwaza Serdozgeriya Komar\u00ea, Dadgeha Dest\u00fbra Bingeh\u00een a Tirkiyey\u00ea ji PWK\u00ea xwest ku nav\u00ea &#8220;Kurdistan&#8221; \u00fb madey\u00ean t\u00eakildar ji bernameya xwe derx\u00eene. L\u00eabel\u00ea, pi\u015ft\u00ee ku PWK ev daxwaz red kir \u00fb di par\u00eaznameya xwe ya bi Kurd\u00ee \u00fb Tirk\u00ee de maf\u00ean xwe parast, Dadgeha Dest\u00fbra Bingeh\u00een doza girtin\u00ea li partiy\u00ea vekir. Hat diyarkirin ku ev proseya daraz\u00ea h\u00eena j\u00ee berdewam dike.<\/span><\/h3>\n<h3 style=\"text-align: justify\"><span style=\"font-family: 'arial black', sans-serif;color: #8c0707\">Helwesta li hember\u00ee Diyaloga Dewlet-Ocalan \u00fb P\u00eavajoya \u00c7ekdan\u00een\u00ea<\/span><\/h3>\n<h3 style=\"text-align: justify\"><span style=\"font-family: arial, helvetica, sans-serif\">Di daxuyaniy\u00ea de bi berfireh\u00ee li ser &#8220;projeya Tirkiyeya B\u00eateror&#8221; a ku di navbera dewleta Tirk \u00fb Abdullah Ocalan de bi awayek\u00ee nediyar t\u00ea me\u015fandin, hat rawestandin. PWK da zan\u00een ku ew \u00e7ekdan\u00eena PKK\u00ea di berjewendiya doza gel\u00ea Kurd de dib\u00eenin \u00fb ev yek dikare &#8220;r\u00ea li ber behaney\u00ean Dewleta Tirk teng bike \u00fb qada xebat\u00ean siyas\u00ee, demokrat\u00eek \u00fb siv\u00eel firehtir bike.&#8221;<\/span><\/h3>\n<h3 style=\"text-align: justify\"><span style=\"font-family: arial, helvetica, sans-serif\">L\u00eabel\u00ea, partiy\u00ea hi\u015fyar\u00ee da ku div\u00ea ev yek nebe hincet ji bo tepisandina daxwaz\u00ean netewey\u00ee. PWK bi tund\u00ee n\u00eaz\u00eekatiya Ocalan a ku pirsa Kurd ne weke pirsa neteweyek bindest \u00fb welatek\u00ee dagirkir\u00ee, l\u00ea di \u00e7ar\u00e7oveya &#8220;Civaka Demokrat\u00eek&#8221; de p\u00eanase dike, red kir.\u00a0<\/span><\/h3>\n<h3 style=\"text-align: justify\"><span style=\"font-family: arial, helvetica, sans-serif\">Herwiha di daxuyaniy\u00ea de hat gotin: &#8220;Em bi e\u015fkere li dij\u00ee van n\u00ear\u00een\u00ean Abdullah Ocalan in. Weke her miletek\u00ee, maf\u00ea milet\u00ea Kurd j\u00ee heye ku \u00e7areniv\u00eesa xwe bi xwe diyar bike. Ne kesek, ne j\u00ee partiyek nikare li ser nav\u00ea milet\u00ea Kurd dev ji maf\u00ean bingeh\u00een \u00fb rewa berde.&#8221;<\/span><\/h3>\n<h3 style=\"text-align: justify\"><span style=\"font-family: 'arial black', sans-serif;color: #8c0707\">\u015eert\u00ean A\u015ftiyeke Rasteq\u00een \u00fb Daxwaz\u00ean Lezg\u00een<\/span><\/h3>\n<h3 style=\"text-align: justify\"><span style=\"font-family: arial, helvetica, sans-serif\">Li gor\u00ee PWK, ji bo a\u015ftiyeke bir\u00fbmet \u00fb \u00e7areseriyeke may\u00eende, div\u00ea dewleta Tirk gav\u00ean berbi\u00e7av bav\u00eaje. PWK ev gav j\u00ee wiha r\u00eaz kirin:<\/span><\/h3>\n<ol>\n<li>\n<h3><span style=\"font-family: arial, helvetica, sans-serif\">\u00a0 \u00a0Nasname \u00fb Ziman: Div\u00ea nasnameya netewey\u00ee ya Kurd \u00fb maf\u00ea perwerdehiya bi ziman\u00ea zikmak\u00ee di dest\u00fbra bingeh\u00een de b\u00eane qeb\u00fblkirin \u00fb Kurd\u00ee li gel Tirk\u00ee bibe ziman\u00ea ferm\u00ee.<\/span><\/h3>\n<\/li>\n<li>\n<h3><span style=\"font-family: arial, helvetica, sans-serif\">\u00a0 \u00a0Azad\u00ee: Div\u00ea azadiya raman \u00fb r\u00eaxistinb\u00fbn\u00ea b\u00ea misoger kirin \u00fb hem\u00fb girtiy\u00ean siyas\u00ee b\u00eane azad kirin.<\/span><\/h3>\n<\/li>\n<li>\n<h3><span style=\"font-family: arial, helvetica, sans-serif\">\u00a0 \u00a0Aliy\u00ea Dan\u00fbstandin\u00ea: Ji bo \u00e7areseriy\u00ea, div\u00ea hem\u00fb aliy\u00ean siyas\u00ee, demokrat\u00eek \u00fb siv\u00eel \u00ean Kurd weke muxatab b\u00eane d\u00eetin \u00fb \u00e7areniv\u00eesa gel\u00ea Kurd li pi\u015ft deriy\u00ean girt\u00ee \u00fb bi hevd\u00eetin\u00ean ne\u015fefaf ney\u00ea hi\u015ftin.<\/span><\/h3>\n<\/li>\n<li>\n<h3><span style=\"font-family: arial, helvetica, sans-serif\">\u00a0 \u00a0Div\u00ea dijminatiya Kurdan biqede: Div\u00ea Tirkiye dest ji siyaseta xwe ya dijminatiya Kurdan li per\u00e7ey\u00ean din \u00ean Kurdistan\u00ea berde \u00fb r\u00eaz\u00ea li statuya siyas\u00ee ya li Ba\u015f\u00fbr \u00fb Rojavay\u00ea Kurdistan\u00ea bigire.<\/span><\/h3>\n<\/li>\n<\/ol>\n<h3 style=\"text-align: justify\"><span style=\"font-family: 'arial black', sans-serif;color: #8c0707\">Banga Yek\u00eet\u00ee \u00fb Hevkariya Netewey\u00ee<\/span><\/h3>\n<h3 style=\"text-align: justify\"><span style=\"font-family: arial, helvetica, sans-serif\">Di dawiya daxuyaniy\u00ea de, PWK tekez\u00ee li ser gir\u00eengiya yekr\u00eaz\u00ee \u00fb tifaq\u00ean netewey\u00ee kir. Hat destn\u00ee\u015fankirin ku \u00e7areniv\u00eesa her \u00e7ar per\u00e7ey\u00ean Kurdistan\u00ea bi hev ve gir\u00eaday\u00ee ye \u00fb ji bo v\u00ea yek\u00ea p\u00eaw\u00eest\u00ee bi koord\u00eenasyoneke netewey\u00ee heye. Partiy\u00ea ragihand ku ew ji bo avakirina &#8220;partiyeke mill\u00ee, demokrat\u00eek, girsey\u00ee \u00fb s\u00eewan\u00ee&#8221; amade ne \u00fb di v\u00ee war\u00ee de \u00e7i berpirsiyar\u00ee bikeve ser mil\u00ean wan, ew \u00ea bi cih b\u00eenin.<\/span><\/h3>\n<h3 style=\"text-align: justify\"><span style=\"font-family: arial, helvetica, sans-serif\">PWK bi van gotinan daw\u00ee li daxuyaniya xwe an\u00ee: &#8220;Em bang\u00ee hem\u00fb kadroy\u00ean welatpar\u00eaz, azad\u00eexwaz \u00fb kurdistan\u00ee dikin; werin em bi hev re xwed\u00ee li v\u00ea xeta netewey\u00ee, demokrat\u00eek \u00fb kurdistan\u00ee derkevin. H\u00eav\u00ee \u00fb siberoja milet\u00ea Kurd di v\u00ea xet\u00ea de ye. Werin em bi hevd\u00fb re v\u00ea xeta netewey\u00ee \u00fb kurdistan\u00ee xurtir, ge\u015ftir \u00fb berfirehtir bikin.&#8221;<\/span><\/h3>\n<h3 style=\"text-align: justify\">\u00a0<\/h3>\n","protected":false},"excerpt":{"rendered":"<p>Part\u00eeya Welatpar\u00eaz\u00ean Kurdistan\u00ea (PWK), bi boneya duyem\u00een salvegera damezrandina xwe, daxuyaniyek berfireh belav kir \u00fb t\u00ea de hem t\u00eako\u015f\u00eena xwe ya du salan nirxand, hem j\u00ee helwesta xwe ya li ser rojeva siyas\u00ee ya Kurdistan \u00fb Tirkiyey\u00ea a\u015fkera kir.\u00a0 Di daxuyaniy\u00ea de, PWK bal ki\u015fand ser doza girtin\u00ea ya li dij\u00ee w\u00ea, n\u00ear\u00een\u00ean xwe y\u00ean [&hellip;]<\/p>\n","protected":false},"author":2,"featured_media":1049793,"comment_status":"closed","ping_status":"closed","sticky":false,"template":"","format":"standard","meta":{"footnotes":""},"categories":[29],"tags":[37],"class_list":["post-1049792","post","type-post","status-publish","format-standard","has-post-thumbnail","hentry","category-kurdistan","tag-sereke"],"blocksy_meta":[],"seo_head":"<!-- This site is optimized with the Yoast SEO plugin v27.5 - https:\/\/yoast.com\/product\/yoast-seo-wordpress\/ -->\n<title>PWK: Em n\u00ear\u00eena Ocalan ya di derbar\u00ea pirsa Kurd\u00ee de bi tund\u00ee red dikin - Darka Maz\u00ee<\/title>\n<meta name=\"robots\" content=\"index, follow, max-snippet:-1, max-image-preview:large, max-video-preview:-1\" \/>\n<link rel=\"canonical\" href=\"https:\/\/darkamazi.info\/archives\/1049792\" \/>\n<meta property=\"og:locale\" content=\"en_US\" \/>\n<meta property=\"og:type\" content=\"article\" \/>\n<meta property=\"og:title\" content=\"PWK: Em n\u00ear\u00eena Ocalan ya di derbar\u00ea pirsa Kurd\u00ee de bi tund\u00ee red dikin - Darka Maz\u00ee\" \/>\n<meta property=\"og:description\" content=\"Part\u00eeya Welatpar\u00eaz\u00ean Kurdistan\u00ea (PWK), bi boneya duyem\u00een salvegera damezrandina xwe, daxuyaniyek berfireh belav kir \u00fb t\u00ea de hem t\u00eako\u015f\u00eena xwe ya du salan nirxand, hem j\u00ee helwesta xwe ya li ser rojeva siyas\u00ee ya Kurdistan \u00fb Tirkiyey\u00ea a\u015fkera kir.\u00a0 Di daxuyaniy\u00ea de, PWK bal ki\u015fand ser doza girtin\u00ea ya li dij\u00ee w\u00ea, n\u00ear\u00een\u00ean xwe y\u00ean [&hellip;]\" \/>\n<meta property=\"og:url\" content=\"https:\/\/darkamazi.info\/archives\/1049792\" \/>\n<meta property=\"og:site_name\" content=\"Darka Maz\u00ee\" \/>\n<meta property=\"article:publisher\" content=\"https:\/\/www.facebook.com\/DarMaziKurmanci\" \/>\n<meta property=\"article:published_time\" content=\"2025-09-10T09:02:51+00:00\" \/>\n<meta property=\"og:image\" content=\"https:\/\/darkamazi.info\/file\/2025\/09\/PWK-Ocalan-info.jpg\" \/>\n\t<meta property=\"og:image:width\" content=\"900\" \/>\n\t<meta property=\"og:image:height\" content=\"500\" \/>\n\t<meta property=\"og:image:type\" content=\"image\/jpeg\" \/>\n<meta name=\"author\" content=\"darka mazi\" \/>\n<meta name=\"twitter:card\" content=\"summary_large_image\" \/>\n<meta name=\"twitter:creator\" content=\"@DarkaMaziLatini\" \/>\n<meta name=\"twitter:site\" content=\"@DarkaMaziLatini\" \/>\n<meta name=\"twitter:label1\" content=\"Written by\" \/>\n\t<meta name=\"twitter:data1\" content=\"darka mazi\" \/>\n\t<meta name=\"twitter:label2\" content=\"Est. reading time\" \/>\n\t<meta name=\"twitter:data2\" content=\"3 minutes\" \/>\n<script type=\"application\/ld+json\" class=\"seo-schema-graph\">{\"@context\":\"https:\\\/\\\/schema.org\",\"@graph\":[{\"@type\":\"Article\",\"@id\":\"https:\\\/\\\/darkamazi.info\\\/archives\\\/1049792#article\",\"isPartOf\":{\"@id\":\"https:\\\/\\\/darkamazi.info\\\/archives\\\/1049792\"},\"author\":{\"name\":\"darka mazi\",\"@id\":\"https:\\\/\\\/darkamazi.info\\\/#\\\/schema\\\/person\\\/5ad3e24553a0567993fa8ed4bd0a776c\"},\"headline\":\"PWK: Em n\u00ear\u00eena Ocalan ya di derbar\u00ea pirsa Kurd\u00ee de bi tund\u00ee red dikin\",\"datePublished\":\"2025-09-10T09:02:51+00:00\",\"mainEntityOfPage\":{\"@id\":\"https:\\\/\\\/darkamazi.info\\\/archives\\\/1049792\"},\"wordCount\":743,\"publisher\":{\"@id\":\"https:\\\/\\\/darkamazi.info\\\/#organization\"},\"image\":{\"@id\":\"https:\\\/\\\/darkamazi.info\\\/archives\\\/1049792#primaryimage\"},\"thumbnailUrl\":\"https:\\\/\\\/darkamazi.info\\\/darka-content\\\/uploads\\\/2025\\\/09\\\/PWK-Ocalan-info.jpg\",\"keywords\":[\"sereke\"],\"articleSection\":[\"Kurdistan\"],\"inLanguage\":\"en-US\"},{\"@type\":\"WebPage\",\"@id\":\"https:\\\/\\\/darkamazi.info\\\/archives\\\/1049792\",\"url\":\"https:\\\/\\\/darkamazi.info\\\/archives\\\/1049792\",\"name\":\"PWK: Em n\u00ear\u00eena Ocalan ya di derbar\u00ea pirsa Kurd\u00ee de bi tund\u00ee red dikin - Darka Maz\u00ee\",\"isPartOf\":{\"@id\":\"https:\\\/\\\/darkamazi.info\\\/#website\"},\"primaryImageOfPage\":{\"@id\":\"https:\\\/\\\/darkamazi.info\\\/archives\\\/1049792#primaryimage\"},\"image\":{\"@id\":\"https:\\\/\\\/darkamazi.info\\\/archives\\\/1049792#primaryimage\"},\"thumbnailUrl\":\"https:\\\/\\\/darkamazi.info\\\/darka-content\\\/uploads\\\/2025\\\/09\\\/PWK-Ocalan-info.jpg\",\"datePublished\":\"2025-09-10T09:02:51+00:00\",\"breadcrumb\":{\"@id\":\"https:\\\/\\\/darkamazi.info\\\/archives\\\/1049792#breadcrumb\"},\"inLanguage\":\"en-US\",\"potentialAction\":[{\"@type\":\"ReadAction\",\"target\":[\"https:\\\/\\\/darkamazi.info\\\/archives\\\/1049792\"]}]},{\"@type\":\"ImageObject\",\"inLanguage\":\"en-US\",\"@id\":\"https:\\\/\\\/darkamazi.info\\\/archives\\\/1049792#primaryimage\",\"url\":\"https:\\\/\\\/darkamazi.info\\\/darka-content\\\/uploads\\\/2025\\\/09\\\/PWK-Ocalan-info.jpg\",\"contentUrl\":\"https:\\\/\\\/darkamazi.info\\\/darka-content\\\/uploads\\\/2025\\\/09\\\/PWK-Ocalan-info.jpg\",\"width\":900,\"height\":500,\"caption\":\"PWK-Ocalan-info\"},{\"@type\":\"BreadcrumbList\",\"@id\":\"https:\\\/\\\/darkamazi.info\\\/archives\\\/1049792#breadcrumb\",\"itemListElement\":[{\"@type\":\"ListItem\",\"position\":1,\"name\":\"Home\",\"item\":\"https:\\\/\\\/darkamazi.info\\\/\"},{\"@type\":\"ListItem\",\"position\":2,\"name\":\"PWK: Em n\u00ear\u00eena Ocalan ya di derbar\u00ea pirsa Kurd\u00ee de bi tund\u00ee red dikin\"}]},{\"@type\":\"WebSite\",\"@id\":\"https:\\\/\\\/darkamazi.info\\\/#website\",\"url\":\"https:\\\/\\\/darkamazi.info\\\/\",\"name\":\"Darka Maz\u00ee\",\"description\":\"P\u00eageha Zanyariy\u00ean Nebih\u00eest\u00ee\",\"publisher\":{\"@id\":\"https:\\\/\\\/darkamazi.info\\\/#organization\"},\"potentialAction\":[{\"@type\":\"SearchAction\",\"target\":{\"@type\":\"EntryPoint\",\"urlTemplate\":\"https:\\\/\\\/darkamazi.info\\\/?s={search_term_string}\"},\"query-input\":{\"@type\":\"PropertyValueSpecification\",\"valueRequired\":true,\"valueName\":\"search_term_string\"}}],\"inLanguage\":\"en-US\"},{\"@type\":\"Organization\",\"@id\":\"https:\\\/\\\/darkamazi.info\\\/#organization\",\"name\":\"Darka Maz\u00ee\",\"url\":\"https:\\\/\\\/darkamazi.info\\\/\",\"logo\":{\"@type\":\"ImageObject\",\"inLanguage\":\"en-US\",\"@id\":\"https:\\\/\\\/darkamazi.info\\\/#\\\/schema\\\/logo\\\/image\\\/\",\"url\":\"https:\\\/\\\/darkamazi.info\\\/darka-content\\\/uploads\\\/2017\\\/12\\\/darka-mazi-logo.png\",\"contentUrl\":\"https:\\\/\\\/darkamazi.info\\\/darka-content\\\/uploads\\\/2017\\\/12\\\/darka-mazi-logo.png\",\"width\":151,\"height\":75,\"caption\":\"Darka Maz\u00ee\"},\"image\":{\"@id\":\"https:\\\/\\\/darkamazi.info\\\/#\\\/schema\\\/logo\\\/image\\\/\"},\"sameAs\":[\"https:\\\/\\\/www.facebook.com\\\/DarMaziKurmanci\",\"https:\\\/\\\/x.com\\\/DarkaMaziLatini\",\"https:\\\/\\\/www.instagram.com\\\/darkamazi.kurmanci\\\/\",\"https:\\\/\\\/www.youtube.com\\\/channel\\\/UCa5HkTdmI8U1qCUFuTw8B2g\"]},{\"@type\":\"Person\",\"@id\":\"https:\\\/\\\/darkamazi.info\\\/#\\\/schema\\\/person\\\/5ad3e24553a0567993fa8ed4bd0a776c\",\"name\":\"darka mazi\",\"sameAs\":[\"https:\\\/\\\/darkamazi.info\\\/\"],\"url\":\"https:\\\/\\\/darkamazi.info\\\/archives\\\/author\\\/kurdi\"}]}<\/script>\n<!-- \/ Yoast SEO plugin. -->","seo_head_json":{"title":"PWK: Em n\u00ear\u00eena Ocalan ya di derbar\u00ea pirsa Kurd\u00ee de bi tund\u00ee red dikin - Darka Maz\u00ee","robots":{"index":"index","follow":"follow","max-snippet":"max-snippet:-1","max-image-preview":"max-image-preview:large","max-video-preview":"max-video-preview:-1"},"canonical":"https:\/\/darkamazi.info\/archives\/1049792","og_locale":"en_US","og_type":"article","og_title":"PWK: Em n\u00ear\u00eena Ocalan ya di derbar\u00ea pirsa Kurd\u00ee de bi tund\u00ee red dikin - Darka Maz\u00ee","og_description":"Part\u00eeya Welatpar\u00eaz\u00ean Kurdistan\u00ea (PWK), bi boneya duyem\u00een salvegera damezrandina xwe, daxuyaniyek berfireh belav kir \u00fb t\u00ea de hem t\u00eako\u015f\u00eena xwe ya du salan nirxand, hem j\u00ee helwesta xwe ya li ser rojeva siyas\u00ee ya Kurdistan \u00fb Tirkiyey\u00ea a\u015fkera kir.\u00a0 Di daxuyaniy\u00ea de, PWK bal ki\u015fand ser doza girtin\u00ea ya li dij\u00ee w\u00ea, n\u00ear\u00een\u00ean xwe y\u00ean [&hellip;]","og_url":"https:\/\/darkamazi.info\/archives\/1049792","og_site_name":"Darka Maz\u00ee","article_publisher":"https:\/\/www.facebook.com\/DarMaziKurmanci","article_published_time":"2025-09-10T09:02:51+00:00","og_image":[{"width":900,"height":500,"url":"https:\/\/darkamazi.info\/file\/2025\/09\/PWK-Ocalan-info.jpg","type":"image\/jpeg"}],"author":"darka mazi","twitter_card":"summary_large_image","twitter_creator":"@DarkaMaziLatini","twitter_site":"@DarkaMaziLatini","twitter_misc":{"Written by":"darka mazi","Est. reading time":"3 minutes"},"schema":{"@context":"https:\/\/schema.org","@graph":[{"@type":"Article","@id":"https:\/\/darkamazi.info\/archives\/1049792#article","isPartOf":{"@id":"https:\/\/darkamazi.info\/archives\/1049792"},"author":{"name":"darka mazi","@id":"https:\/\/darkamazi.info\/#\/schema\/person\/5ad3e24553a0567993fa8ed4bd0a776c"},"headline":"PWK: Em n\u00ear\u00eena Ocalan ya di derbar\u00ea pirsa Kurd\u00ee de bi tund\u00ee red dikin","datePublished":"2025-09-10T09:02:51+00:00","mainEntityOfPage":{"@id":"https:\/\/darkamazi.info\/archives\/1049792"},"wordCount":743,"publisher":{"@id":"https:\/\/darkamazi.info\/#organization"},"image":{"@id":"https:\/\/darkamazi.info\/archives\/1049792#primaryimage"},"thumbnailUrl":"https:\/\/darkamazi.info\/file\/2025\/09\/PWK-Ocalan-info.jpg","keywords":["sereke"],"articleSection":["Kurdistan"],"inLanguage":"en-US"},{"@type":"WebPage","@id":"https:\/\/darkamazi.info\/archives\/1049792","url":"https:\/\/darkamazi.info\/archives\/1049792","name":"PWK: Em n\u00ear\u00eena Ocalan ya di derbar\u00ea pirsa Kurd\u00ee de bi tund\u00ee red dikin - Darka Maz\u00ee","isPartOf":{"@id":"https:\/\/darkamazi.info\/#website"},"primaryImageOfPage":{"@id":"https:\/\/darkamazi.info\/archives\/1049792#primaryimage"},"image":{"@id":"https:\/\/darkamazi.info\/archives\/1049792#primaryimage"},"thumbnailUrl":"https:\/\/darkamazi.info\/file\/2025\/09\/PWK-Ocalan-info.jpg","datePublished":"2025-09-10T09:02:51+00:00","breadcrumb":{"@id":"https:\/\/darkamazi.info\/archives\/1049792#breadcrumb"},"inLanguage":"en-US","potentialAction":[{"@type":"ReadAction","target":["https:\/\/darkamazi.info\/archives\/1049792"]}]},{"@type":"ImageObject","inLanguage":"en-US","@id":"https:\/\/darkamazi.info\/archives\/1049792#primaryimage","url":"https:\/\/darkamazi.info\/file\/2025\/09\/PWK-Ocalan-info.jpg","contentUrl":"https:\/\/darkamazi.info\/file\/2025\/09\/PWK-Ocalan-info.jpg","width":900,"height":500,"caption":"PWK-Ocalan-info"},{"@type":"BreadcrumbList","@id":"https:\/\/darkamazi.info\/archives\/1049792#breadcrumb","itemListElement":[{"@type":"ListItem","position":1,"name":"Home","item":"https:\/\/darkamazi.info\/"},{"@type":"ListItem","position":2,"name":"PWK: Em n\u00ear\u00eena Ocalan ya di derbar\u00ea pirsa Kurd\u00ee de bi tund\u00ee red dikin"}]},{"@type":"WebSite","@id":"https:\/\/darkamazi.info\/#website","url":"https:\/\/darkamazi.info\/","name":"Darka Maz\u00ee","description":"P\u00eageha Zanyariy\u00ean Nebih\u00eest\u00ee","publisher":{"@id":"https:\/\/darkamazi.info\/#organization"},"potentialAction":[{"@type":"SearchAction","target":{"@type":"EntryPoint","urlTemplate":"https:\/\/darkamazi.info\/?s={search_term_string}"},"query-input":{"@type":"PropertyValueSpecification","valueRequired":true,"valueName":"search_term_string"}}],"inLanguage":"en-US"},{"@type":"Organization","@id":"https:\/\/darkamazi.info\/#organization","name":"Darka Maz\u00ee","url":"https:\/\/darkamazi.info\/","logo":{"@type":"ImageObject","inLanguage":"en-US","@id":"https:\/\/darkamazi.info\/#\/schema\/logo\/image\/","url":"https:\/\/darkamazi.info\/file\/2017\/12\/darka-mazi-logo.png","contentUrl":"https:\/\/darkamazi.info\/file\/2017\/12\/darka-mazi-logo.png","width":151,"height":75,"caption":"Darka Maz\u00ee"},"image":{"@id":"https:\/\/darkamazi.info\/#\/schema\/logo\/image\/"},"sameAs":["https:\/\/www.facebook.com\/DarMaziKurmanci","https:\/\/x.com\/DarkaMaziLatini","https:\/\/www.instagram.com\/darkamazi.kurmanci\/","https:\/\/www.youtube.com\/channel\/UCa5HkTdmI8U1qCUFuTw8B2g"]},{"@type":"Person","@id":"https:\/\/darkamazi.info\/#\/schema\/person\/5ad3e24553a0567993fa8ed4bd0a776c","name":"darka mazi","sameAs":["https:\/\/darkamazi.info\/"],"url":"https:\/\/darkamazi.info\/archives\/author\/kurdi"}]}},"_links":{"self":[{"href":"https:\/\/darkamazi.info\/funavuv\/wp\/v2\/posts\/1049792","targetHints":{"allow":["GET"]}}],"collection":[{"href":"https:\/\/darkamazi.info\/funavuv\/wp\/v2\/posts"}],"about":[{"href":"https:\/\/darkamazi.info\/funavuv\/wp\/v2\/types\/post"}],"author":[{"embeddable":true,"href":"https:\/\/darkamazi.info\/funavuv\/wp\/v2\/users\/2"}],"replies":[{"embeddable":true,"href":"https:\/\/darkamazi.info\/funavuv\/wp\/v2\/comments?post=1049792"}],"version-history":[{"count":0,"href":"https:\/\/darkamazi.info\/funavuv\/wp\/v2\/posts\/1049792\/revisions"}],"wp:featuredmedia":[{"embeddable":true,"href":"https:\/\/darkamazi.info\/funavuv\/wp\/v2\/media\/1049793"}],"wp:attachment":[{"href":"https:\/\/darkamazi.info\/funavuv\/wp\/v2\/media?parent=1049792"}],"wp:term":[{"taxonomy":"category","embeddable":true,"href":"https:\/\/darkamazi.info\/funavuv\/wp\/v2\/categories?post=1049792"},{"taxonomy":"post_tag","embeddable":true,"href":"https:\/\/darkamazi.info\/funavuv\/wp\/v2\/tags?post=1049792"}],"curies":[{"name":"wp","href":"https:\/\/api.w.org\/{rel}","templated":true}]}}