{"id":1049795,"date":"2025-09-10T14:19:44","date_gmt":"2025-09-10T11:19:44","guid":{"rendered":"https:\/\/darkamazi.info\/?p=1049795"},"modified":"2025-09-10T14:28:52","modified_gmt":"2025-09-10T11:28:52","slug":"fermandareki-din-ye-hpge-bi-awayeki-bi-guman-te-kustin","status":"publish","type":"post","link":"https:\/\/darkamazi.info\/archives\/1049795","title":{"rendered":"Fermandarek\u00ee din y\u00ea HPG\u00ea bi awayek\u00ee bi guman t\u00ea ku\u015ftin"},"content":{"rendered":"<h3 style=\"text-align: justify\"><span style=\"font-family: 'arial black', sans-serif\">Fermandarek\u00ee din y\u00ea HPG\u00ea bi r\u00eeyeka mijew\u00ee \u00fb bi guman di jiyan\u00ea de nema \u00fb r\u00eaxistina PKK\u00ea dib\u00eaje ew bi qezayek\u00ea mir\u00ee ye, ev j\u00ee dibe fermandar\u00ea \u00e7arem\u00een di nava mehek\u00ea de bi qezay\u00ean bi v\u00ee away\u00ee mirina wan t\u00ea righandin.<\/span><\/h3>\n<h3 style=\"text-align: justify\"><span style=\"font-family: arial, helvetica, sans-serif\">R\u00eaxistina PKK\u00ea \u00eero roja \u00e7ar\u015fem\u00ee 10 \u00celona 2025\u00ea mirina fermandar\u00ea HPG\u00ea y\u00ea bi nav\u00ea kod Mordem \u00c7ewl\u00eeg ragihand \u00fb destn\u00ee\u015fan kir ku Mordem di qezayeke dil bi \u00ea\u015f de li 11 Tebaxa \u00eesal\u00ea can\u00ea xwe ji dest da ye.<\/span><\/h3>\n<h3 style=\"text-align: justify\"><span style=\"font-family: arial, helvetica, sans-serif\">R\u00eaxistna PKK\u00ea ji 21\u00ea Tebax\u00ea ve mirina s\u00ea fermandar\u00ean xwe y\u00ean din j\u00ee bi v\u00ee reng\u00ea mijew\u00ee \u00eelan kirine ku her y\u00eak ji \u201cSerhed Varto\u201d \u00fb \u201cBul\u00fbt N\u00fbrel\u00ee\u201d \u00fb \u201cB\u00ear\u00eetan Amed\u201d n.<\/span><\/h3>\n<h3 style=\"text-align: justify\"><span style=\"font-family: arial, helvetica, sans-serif\">PKK\u00ea li 21 Tebax\u00ea ragihand ku \u201cSerhed Varto\u201d bi nexwe\u015fiy\u00ea jiyana xwe ji dest da ye, her wiha li 27 Tebax\u00ea j\u00ee got: Fermandar\u00ea me \u201cBul\u00fbt N\u00fbrel\u00ee\u201d di qezayek\u00ea de miriye, d\u00eesa li 3 \u00celon\u00ea ragihand ku B\u00ear\u00eetan Amed di jiyan\u00ea de nemaye.<\/span><\/h3>\n<h3 style=\"text-align: justify\"><span style=\"font-family: arial, helvetica, sans-serif\">Ragihandina mirina bi goman ya van kadroy\u00ean PKK\u00ea hejmareke pirsan li pey xwe dih\u00eale weke ku gelo ev fermandar hatine tasfiye kirin yan bi awayek\u00ee din di jiyan\u00ea de nemane?<\/span><\/h3>\n","protected":false},"excerpt":{"rendered":"<p>Fermandarek\u00ee din y\u00ea HPG\u00ea bi r\u00eeyeka mijew\u00ee \u00fb bi guman di jiyan\u00ea de nema \u00fb r\u00eaxistina PKK\u00ea dib\u00eaje ew bi qezayek\u00ea mir\u00ee ye, ev j\u00ee dibe fermandar\u00ea \u00e7arem\u00een di nava mehek\u00ea de bi qezay\u00ean bi v\u00ee away\u00ee mirina wan t\u00ea righandin. R\u00eaxistina PKK\u00ea \u00eero roja \u00e7ar\u015fem\u00ee 10 \u00celona 2025\u00ea mirina fermandar\u00ea HPG\u00ea y\u00ea bi nav\u00ea [&hellip;]<\/p>\n","protected":false},"author":2,"featured_media":1049796,"comment_status":"closed","ping_status":"closed","sticky":false,"template":"","format":"standard","meta":{"footnotes":""},"categories":[29],"tags":[37],"class_list":["post-1049795","post","type-post","status-publish","format-standard","has-post-thumbnail","hentry","category-kurdistan","tag-sereke"],"blocksy_meta":[],"seo_head":"<!-- This site is optimized with the Yoast SEO plugin v27.5 - https:\/\/yoast.com\/product\/yoast-seo-wordpress\/ -->\n<title>Fermandarek\u00ee din y\u00ea HPG\u00ea bi awayek\u00ee bi guman t\u00ea ku\u015ftin - Darka Maz\u00ee<\/title>\n<meta name=\"robots\" content=\"index, follow, max-snippet:-1, max-image-preview:large, max-video-preview:-1\" \/>\n<link rel=\"canonical\" href=\"https:\/\/darkamazi.info\/archives\/1049795\" \/>\n<meta property=\"og:locale\" content=\"en_US\" \/>\n<meta property=\"og:type\" content=\"article\" \/>\n<meta property=\"og:title\" content=\"Fermandarek\u00ee din y\u00ea HPG\u00ea bi awayek\u00ee bi guman t\u00ea ku\u015ftin - Darka Maz\u00ee\" \/>\n<meta property=\"og:description\" content=\"Fermandarek\u00ee din y\u00ea HPG\u00ea bi r\u00eeyeka mijew\u00ee \u00fb bi guman di jiyan\u00ea de nema \u00fb r\u00eaxistina PKK\u00ea dib\u00eaje ew bi qezayek\u00ea mir\u00ee ye, ev j\u00ee dibe fermandar\u00ea \u00e7arem\u00een di nava mehek\u00ea de bi qezay\u00ean bi v\u00ee away\u00ee mirina wan t\u00ea righandin. R\u00eaxistina PKK\u00ea \u00eero roja \u00e7ar\u015fem\u00ee 10 \u00celona 2025\u00ea mirina fermandar\u00ea HPG\u00ea y\u00ea bi nav\u00ea [&hellip;]\" \/>\n<meta property=\"og:url\" content=\"https:\/\/darkamazi.info\/archives\/1049795\" \/>\n<meta property=\"og:site_name\" content=\"Darka Maz\u00ee\" \/>\n<meta property=\"article:publisher\" content=\"https:\/\/www.facebook.com\/DarMaziKurmanci\" \/>\n<meta property=\"article:published_time\" content=\"2025-09-10T11:19:44+00:00\" \/>\n<meta property=\"article:modified_time\" content=\"2025-09-10T11:28:52+00:00\" \/>\n<meta property=\"og:image\" content=\"https:\/\/darkamazi.info\/file\/2025\/09\/Mordem-cewlik-net.jpg\" \/>\n\t<meta property=\"og:image:width\" content=\"900\" \/>\n\t<meta property=\"og:image:height\" content=\"500\" \/>\n\t<meta property=\"og:image:type\" content=\"image\/jpeg\" \/>\n<meta name=\"author\" content=\"darka mazi\" \/>\n<meta name=\"twitter:card\" content=\"summary_large_image\" \/>\n<meta name=\"twitter:creator\" content=\"@DarkaMaziLatini\" \/>\n<meta name=\"twitter:site\" content=\"@DarkaMaziLatini\" \/>\n<meta name=\"twitter:label1\" content=\"Written by\" \/>\n\t<meta name=\"twitter:data1\" content=\"darka mazi\" \/>\n\t<meta name=\"twitter:label2\" content=\"Est. reading time\" \/>\n\t<meta name=\"twitter:data2\" content=\"2 minutes\" \/>\n<script type=\"application\/ld+json\" class=\"seo-schema-graph\">{\"@context\":\"https:\\\/\\\/schema.org\",\"@graph\":[{\"@type\":\"Article\",\"@id\":\"https:\\\/\\\/darkamazi.info\\\/archives\\\/1049795#article\",\"isPartOf\":{\"@id\":\"https:\\\/\\\/darkamazi.info\\\/archives\\\/1049795\"},\"author\":{\"name\":\"darka mazi\",\"@id\":\"https:\\\/\\\/darkamazi.info\\\/#\\\/schema\\\/person\\\/5ad3e24553a0567993fa8ed4bd0a776c\"},\"headline\":\"Fermandarek\u00ee din y\u00ea HPG\u00ea bi awayek\u00ee bi guman t\u00ea ku\u015ftin\",\"datePublished\":\"2025-09-10T11:19:44+00:00\",\"dateModified\":\"2025-09-10T11:28:52+00:00\",\"mainEntityOfPage\":{\"@id\":\"https:\\\/\\\/darkamazi.info\\\/archives\\\/1049795\"},\"wordCount\":208,\"publisher\":{\"@id\":\"https:\\\/\\\/darkamazi.info\\\/#organization\"},\"image\":{\"@id\":\"https:\\\/\\\/darkamazi.info\\\/archives\\\/1049795#primaryimage\"},\"thumbnailUrl\":\"https:\\\/\\\/darkamazi.info\\\/darka-content\\\/uploads\\\/2025\\\/09\\\/Mordem-cewlik-net.jpg\",\"keywords\":[\"sereke\"],\"articleSection\":[\"Kurdistan\"],\"inLanguage\":\"en-US\"},{\"@type\":\"WebPage\",\"@id\":\"https:\\\/\\\/darkamazi.info\\\/archives\\\/1049795\",\"url\":\"https:\\\/\\\/darkamazi.info\\\/archives\\\/1049795\",\"name\":\"Fermandarek\u00ee din y\u00ea HPG\u00ea bi awayek\u00ee bi guman t\u00ea ku\u015ftin - Darka Maz\u00ee\",\"isPartOf\":{\"@id\":\"https:\\\/\\\/darkamazi.info\\\/#website\"},\"primaryImageOfPage\":{\"@id\":\"https:\\\/\\\/darkamazi.info\\\/archives\\\/1049795#primaryimage\"},\"image\":{\"@id\":\"https:\\\/\\\/darkamazi.info\\\/archives\\\/1049795#primaryimage\"},\"thumbnailUrl\":\"https:\\\/\\\/darkamazi.info\\\/darka-content\\\/uploads\\\/2025\\\/09\\\/Mordem-cewlik-net.jpg\",\"datePublished\":\"2025-09-10T11:19:44+00:00\",\"dateModified\":\"2025-09-10T11:28:52+00:00\",\"breadcrumb\":{\"@id\":\"https:\\\/\\\/darkamazi.info\\\/archives\\\/1049795#breadcrumb\"},\"inLanguage\":\"en-US\",\"potentialAction\":[{\"@type\":\"ReadAction\",\"target\":[\"https:\\\/\\\/darkamazi.info\\\/archives\\\/1049795\"]}]},{\"@type\":\"ImageObject\",\"inLanguage\":\"en-US\",\"@id\":\"https:\\\/\\\/darkamazi.info\\\/archives\\\/1049795#primaryimage\",\"url\":\"https:\\\/\\\/darkamazi.info\\\/darka-content\\\/uploads\\\/2025\\\/09\\\/Mordem-cewlik-net.jpg\",\"contentUrl\":\"https:\\\/\\\/darkamazi.info\\\/darka-content\\\/uploads\\\/2025\\\/09\\\/Mordem-cewlik-net.jpg\",\"width\":900,\"height\":500,\"caption\":\"Mordem-cewlik-net\"},{\"@type\":\"BreadcrumbList\",\"@id\":\"https:\\\/\\\/darkamazi.info\\\/archives\\\/1049795#breadcrumb\",\"itemListElement\":[{\"@type\":\"ListItem\",\"position\":1,\"name\":\"Home\",\"item\":\"https:\\\/\\\/darkamazi.info\\\/\"},{\"@type\":\"ListItem\",\"position\":2,\"name\":\"Fermandarek\u00ee din y\u00ea HPG\u00ea bi awayek\u00ee bi guman t\u00ea ku\u015ftin\"}]},{\"@type\":\"WebSite\",\"@id\":\"https:\\\/\\\/darkamazi.info\\\/#website\",\"url\":\"https:\\\/\\\/darkamazi.info\\\/\",\"name\":\"Darka Maz\u00ee\",\"description\":\"P\u00eageha Zanyariy\u00ean Nebih\u00eest\u00ee\",\"publisher\":{\"@id\":\"https:\\\/\\\/darkamazi.info\\\/#organization\"},\"potentialAction\":[{\"@type\":\"SearchAction\",\"target\":{\"@type\":\"EntryPoint\",\"urlTemplate\":\"https:\\\/\\\/darkamazi.info\\\/?s={search_term_string}\"},\"query-input\":{\"@type\":\"PropertyValueSpecification\",\"valueRequired\":true,\"valueName\":\"search_term_string\"}}],\"inLanguage\":\"en-US\"},{\"@type\":\"Organization\",\"@id\":\"https:\\\/\\\/darkamazi.info\\\/#organization\",\"name\":\"Darka Maz\u00ee\",\"url\":\"https:\\\/\\\/darkamazi.info\\\/\",\"logo\":{\"@type\":\"ImageObject\",\"inLanguage\":\"en-US\",\"@id\":\"https:\\\/\\\/darkamazi.info\\\/#\\\/schema\\\/logo\\\/image\\\/\",\"url\":\"https:\\\/\\\/darkamazi.info\\\/darka-content\\\/uploads\\\/2017\\\/12\\\/darka-mazi-logo.png\",\"contentUrl\":\"https:\\\/\\\/darkamazi.info\\\/darka-content\\\/uploads\\\/2017\\\/12\\\/darka-mazi-logo.png\",\"width\":151,\"height\":75,\"caption\":\"Darka Maz\u00ee\"},\"image\":{\"@id\":\"https:\\\/\\\/darkamazi.info\\\/#\\\/schema\\\/logo\\\/image\\\/\"},\"sameAs\":[\"https:\\\/\\\/www.facebook.com\\\/DarMaziKurmanci\",\"https:\\\/\\\/x.com\\\/DarkaMaziLatini\",\"https:\\\/\\\/www.instagram.com\\\/darkamazi.kurmanci\\\/\",\"https:\\\/\\\/www.youtube.com\\\/channel\\\/UCa5HkTdmI8U1qCUFuTw8B2g\"]},{\"@type\":\"Person\",\"@id\":\"https:\\\/\\\/darkamazi.info\\\/#\\\/schema\\\/person\\\/5ad3e24553a0567993fa8ed4bd0a776c\",\"name\":\"darka mazi\",\"sameAs\":[\"https:\\\/\\\/darkamazi.info\\\/\"],\"url\":\"https:\\\/\\\/darkamazi.info\\\/archives\\\/author\\\/kurdi\"}]}<\/script>\n<!-- \/ Yoast SEO plugin. -->","seo_head_json":{"title":"Fermandarek\u00ee din y\u00ea HPG\u00ea bi awayek\u00ee bi guman t\u00ea ku\u015ftin - Darka Maz\u00ee","robots":{"index":"index","follow":"follow","max-snippet":"max-snippet:-1","max-image-preview":"max-image-preview:large","max-video-preview":"max-video-preview:-1"},"canonical":"https:\/\/darkamazi.info\/archives\/1049795","og_locale":"en_US","og_type":"article","og_title":"Fermandarek\u00ee din y\u00ea HPG\u00ea bi awayek\u00ee bi guman t\u00ea ku\u015ftin - Darka Maz\u00ee","og_description":"Fermandarek\u00ee din y\u00ea HPG\u00ea bi r\u00eeyeka mijew\u00ee \u00fb bi guman di jiyan\u00ea de nema \u00fb r\u00eaxistina PKK\u00ea dib\u00eaje ew bi qezayek\u00ea mir\u00ee ye, ev j\u00ee dibe fermandar\u00ea \u00e7arem\u00een di nava mehek\u00ea de bi qezay\u00ean bi v\u00ee away\u00ee mirina wan t\u00ea righandin. R\u00eaxistina PKK\u00ea \u00eero roja \u00e7ar\u015fem\u00ee 10 \u00celona 2025\u00ea mirina fermandar\u00ea HPG\u00ea y\u00ea bi nav\u00ea [&hellip;]","og_url":"https:\/\/darkamazi.info\/archives\/1049795","og_site_name":"Darka Maz\u00ee","article_publisher":"https:\/\/www.facebook.com\/DarMaziKurmanci","article_published_time":"2025-09-10T11:19:44+00:00","article_modified_time":"2025-09-10T11:28:52+00:00","og_image":[{"width":900,"height":500,"url":"https:\/\/darkamazi.info\/file\/2025\/09\/Mordem-cewlik-net.jpg","type":"image\/jpeg"}],"author":"darka mazi","twitter_card":"summary_large_image","twitter_creator":"@DarkaMaziLatini","twitter_site":"@DarkaMaziLatini","twitter_misc":{"Written by":"darka mazi","Est. reading time":"2 minutes"},"schema":{"@context":"https:\/\/schema.org","@graph":[{"@type":"Article","@id":"https:\/\/darkamazi.info\/archives\/1049795#article","isPartOf":{"@id":"https:\/\/darkamazi.info\/archives\/1049795"},"author":{"name":"darka mazi","@id":"https:\/\/darkamazi.info\/#\/schema\/person\/5ad3e24553a0567993fa8ed4bd0a776c"},"headline":"Fermandarek\u00ee din y\u00ea HPG\u00ea bi awayek\u00ee bi guman t\u00ea ku\u015ftin","datePublished":"2025-09-10T11:19:44+00:00","dateModified":"2025-09-10T11:28:52+00:00","mainEntityOfPage":{"@id":"https:\/\/darkamazi.info\/archives\/1049795"},"wordCount":208,"publisher":{"@id":"https:\/\/darkamazi.info\/#organization"},"image":{"@id":"https:\/\/darkamazi.info\/archives\/1049795#primaryimage"},"thumbnailUrl":"https:\/\/darkamazi.info\/file\/2025\/09\/Mordem-cewlik-net.jpg","keywords":["sereke"],"articleSection":["Kurdistan"],"inLanguage":"en-US"},{"@type":"WebPage","@id":"https:\/\/darkamazi.info\/archives\/1049795","url":"https:\/\/darkamazi.info\/archives\/1049795","name":"Fermandarek\u00ee din y\u00ea HPG\u00ea bi awayek\u00ee bi guman t\u00ea ku\u015ftin - Darka Maz\u00ee","isPartOf":{"@id":"https:\/\/darkamazi.info\/#website"},"primaryImageOfPage":{"@id":"https:\/\/darkamazi.info\/archives\/1049795#primaryimage"},"image":{"@id":"https:\/\/darkamazi.info\/archives\/1049795#primaryimage"},"thumbnailUrl":"https:\/\/darkamazi.info\/file\/2025\/09\/Mordem-cewlik-net.jpg","datePublished":"2025-09-10T11:19:44+00:00","dateModified":"2025-09-10T11:28:52+00:00","breadcrumb":{"@id":"https:\/\/darkamazi.info\/archives\/1049795#breadcrumb"},"inLanguage":"en-US","potentialAction":[{"@type":"ReadAction","target":["https:\/\/darkamazi.info\/archives\/1049795"]}]},{"@type":"ImageObject","inLanguage":"en-US","@id":"https:\/\/darkamazi.info\/archives\/1049795#primaryimage","url":"https:\/\/darkamazi.info\/file\/2025\/09\/Mordem-cewlik-net.jpg","contentUrl":"https:\/\/darkamazi.info\/file\/2025\/09\/Mordem-cewlik-net.jpg","width":900,"height":500,"caption":"Mordem-cewlik-net"},{"@type":"BreadcrumbList","@id":"https:\/\/darkamazi.info\/archives\/1049795#breadcrumb","itemListElement":[{"@type":"ListItem","position":1,"name":"Home","item":"https:\/\/darkamazi.info\/"},{"@type":"ListItem","position":2,"name":"Fermandarek\u00ee din y\u00ea HPG\u00ea bi awayek\u00ee bi guman t\u00ea ku\u015ftin"}]},{"@type":"WebSite","@id":"https:\/\/darkamazi.info\/#website","url":"https:\/\/darkamazi.info\/","name":"Darka Maz\u00ee","description":"P\u00eageha Zanyariy\u00ean Nebih\u00eest\u00ee","publisher":{"@id":"https:\/\/darkamazi.info\/#organization"},"potentialAction":[{"@type":"SearchAction","target":{"@type":"EntryPoint","urlTemplate":"https:\/\/darkamazi.info\/?s={search_term_string}"},"query-input":{"@type":"PropertyValueSpecification","valueRequired":true,"valueName":"search_term_string"}}],"inLanguage":"en-US"},{"@type":"Organization","@id":"https:\/\/darkamazi.info\/#organization","name":"Darka Maz\u00ee","url":"https:\/\/darkamazi.info\/","logo":{"@type":"ImageObject","inLanguage":"en-US","@id":"https:\/\/darkamazi.info\/#\/schema\/logo\/image\/","url":"https:\/\/darkamazi.info\/file\/2017\/12\/darka-mazi-logo.png","contentUrl":"https:\/\/darkamazi.info\/file\/2017\/12\/darka-mazi-logo.png","width":151,"height":75,"caption":"Darka Maz\u00ee"},"image":{"@id":"https:\/\/darkamazi.info\/#\/schema\/logo\/image\/"},"sameAs":["https:\/\/www.facebook.com\/DarMaziKurmanci","https:\/\/x.com\/DarkaMaziLatini","https:\/\/www.instagram.com\/darkamazi.kurmanci\/","https:\/\/www.youtube.com\/channel\/UCa5HkTdmI8U1qCUFuTw8B2g"]},{"@type":"Person","@id":"https:\/\/darkamazi.info\/#\/schema\/person\/5ad3e24553a0567993fa8ed4bd0a776c","name":"darka mazi","sameAs":["https:\/\/darkamazi.info\/"],"url":"https:\/\/darkamazi.info\/archives\/author\/kurdi"}]}},"_links":{"self":[{"href":"https:\/\/darkamazi.info\/funavuv\/wp\/v2\/posts\/1049795","targetHints":{"allow":["GET"]}}],"collection":[{"href":"https:\/\/darkamazi.info\/funavuv\/wp\/v2\/posts"}],"about":[{"href":"https:\/\/darkamazi.info\/funavuv\/wp\/v2\/types\/post"}],"author":[{"embeddable":true,"href":"https:\/\/darkamazi.info\/funavuv\/wp\/v2\/users\/2"}],"replies":[{"embeddable":true,"href":"https:\/\/darkamazi.info\/funavuv\/wp\/v2\/comments?post=1049795"}],"version-history":[{"count":0,"href":"https:\/\/darkamazi.info\/funavuv\/wp\/v2\/posts\/1049795\/revisions"}],"wp:featuredmedia":[{"embeddable":true,"href":"https:\/\/darkamazi.info\/funavuv\/wp\/v2\/media\/1049796"}],"wp:attachment":[{"href":"https:\/\/darkamazi.info\/funavuv\/wp\/v2\/media?parent=1049795"}],"wp:term":[{"taxonomy":"category","embeddable":true,"href":"https:\/\/darkamazi.info\/funavuv\/wp\/v2\/categories?post=1049795"},{"taxonomy":"post_tag","embeddable":true,"href":"https:\/\/darkamazi.info\/funavuv\/wp\/v2\/tags?post=1049795"}],"curies":[{"name":"wp","href":"https:\/\/api.w.org\/{rel}","templated":true}]}}