{"id":1049799,"date":"2025-09-10T17:23:35","date_gmt":"2025-09-10T14:23:35","guid":{"rendered":"https:\/\/darkamazi.info\/?p=1049799"},"modified":"2025-09-10T17:23:35","modified_gmt":"2025-09-10T14:23:35","slug":"li-muse-di-ser-u-pevcuneke-cekdari-de-seroke-bere-ye-hdpe-ye-navceye-hat-kustin","status":"publish","type":"post","link":"https:\/\/darkamazi.info\/archives\/1049799","title":{"rendered":"Li M\u00fb\u015f\u00ea di \u015fer \u00fb pev\u00e7\u00fbneke \u00e7ekdar\u00ee de, serok\u00ea ber\u00ea y\u00ea HDP\u00ea y\u00ea nav\u00e7ey\u00ea hat ku\u015ftin"},"content":{"rendered":"<h3 style=\"text-align: justify\"><span style=\"font-family: 'arial black', sans-serif\">Li nav\u00e7eya Kop a M\u00fb\u015f\u00ea, di \u015fer\u00ea \u00e7ekdar\u00ee y\u00ea di navbera du koman de, Serok\u00ea Ber\u00ea y\u00ea Nav\u00e7eya Kop\u00ea y\u00ea HDP\u00ea Derar Koca \u00fb \u015eeref Arslan hatin ku\u015ftin \u00fb s\u00ea kes\u00ean din j\u00ee bir\u00eendar b\u00fbn. \u015eer bi kameraya telefona desta hatiye tomar kirin \u00fb l\u00eapirs\u00een li ser b\u00fbyer\u00ea hatiye destp\u00eakirin.<\/span><\/h3>\n<h3 style=\"text-align: justify\">Di \u015fer\u00ea \u00e7ekdar\u00ee y\u00ea li nav\u00e7eya Kop a M\u00fb\u015f\u00ea de, Serok\u00ea Ber\u00ea y\u00ea Nav\u00e7eya Bulanik\u00ea y\u00ea HDP\u00ea Derar Koca (61) \u00fb \u015eeref Arslan (47) hatin ku\u015ftin \u00fb s\u00ea kes\u00ean din j\u00ee bir\u00eendar b\u00fbn. B\u00fbyer bi kameraya telefona desta hatiye tomar kirin.<\/h3>\n<h3 style=\"text-align: justify\">Di destp\u00eak\u00ea de navbera du koman niqa\u015fek \u00e7\u00eab\u00fb \u00fb z\u00fb veguher\u00ee \u015fer\u00ea \u00e7ekdar\u00ee. Dem\u00ean ku her du aliyan gule li hev berdan bi kameraya telefona desta hatine tomar kirin. Di d\u00eemenan de r\u00eaze gulebaran t\u00ea n\u00ee\u015fandan, ku ev yek li her\u00eam\u00ea b\u00fbye sedema nexwe\u015fiyek berfireh.<\/h3>\n<h3 style=\"text-align: justify\">Di \u015fer de du kes hatin ku\u015ftin \u00fb s\u00ea kes\u00ean din j\u00ee bir\u00eendar b\u00fbn. Bir\u00eendar ji h\u00eala t\u00eem\u00ean bij\u00ee\u015fk\u00ee ve rakirin nexwe\u015fxaney\u00ea. L\u00eapirs\u00een li ser b\u00fbyer\u00ea hatiye destp\u00eakirin.<\/h3>\n","protected":false},"excerpt":{"rendered":"<p>Li nav\u00e7eya Kop a M\u00fb\u015f\u00ea, di \u015fer\u00ea \u00e7ekdar\u00ee y\u00ea di navbera du koman de, Serok\u00ea Ber\u00ea y\u00ea Nav\u00e7eya Kop\u00ea y\u00ea HDP\u00ea Derar Koca \u00fb \u015eeref Arslan hatin ku\u015ftin \u00fb s\u00ea kes\u00ean din j\u00ee bir\u00eendar b\u00fbn. \u015eer bi kameraya telefona desta hatiye tomar kirin \u00fb l\u00eapirs\u00een li ser b\u00fbyer\u00ea hatiye destp\u00eakirin. Di \u015fer\u00ea \u00e7ekdar\u00ee y\u00ea li [&hellip;]<\/p>\n","protected":false},"author":2,"featured_media":1049800,"comment_status":"closed","ping_status":"closed","sticky":false,"template":"","format":"standard","meta":{"footnotes":""},"categories":[29],"tags":[37],"class_list":["post-1049799","post","type-post","status-publish","format-standard","has-post-thumbnail","hentry","category-kurdistan","tag-sereke"],"blocksy_meta":[],"seo_head":"<!-- This site is optimized with the Yoast SEO plugin v27.5 - https:\/\/yoast.com\/product\/yoast-seo-wordpress\/ -->\n<title>Li M\u00fb\u015f\u00ea di \u015fer \u00fb pev\u00e7\u00fbneke \u00e7ekdar\u00ee de, serok\u00ea ber\u00ea y\u00ea HDP\u00ea y\u00ea nav\u00e7ey\u00ea hat ku\u015ftin - Darka Maz\u00ee<\/title>\n<meta name=\"robots\" content=\"index, follow, max-snippet:-1, max-image-preview:large, max-video-preview:-1\" \/>\n<link rel=\"canonical\" href=\"https:\/\/darkamazi.info\/archives\/1049799\" \/>\n<meta property=\"og:locale\" content=\"en_US\" \/>\n<meta property=\"og:type\" content=\"article\" \/>\n<meta property=\"og:title\" content=\"Li M\u00fb\u015f\u00ea di \u015fer \u00fb pev\u00e7\u00fbneke \u00e7ekdar\u00ee de, serok\u00ea ber\u00ea y\u00ea HDP\u00ea y\u00ea nav\u00e7ey\u00ea hat ku\u015ftin - Darka Maz\u00ee\" \/>\n<meta property=\"og:description\" content=\"Li nav\u00e7eya Kop a M\u00fb\u015f\u00ea, di \u015fer\u00ea \u00e7ekdar\u00ee y\u00ea di navbera du koman de, Serok\u00ea Ber\u00ea y\u00ea Nav\u00e7eya Kop\u00ea y\u00ea HDP\u00ea Derar Koca \u00fb \u015eeref Arslan hatin ku\u015ftin \u00fb s\u00ea kes\u00ean din j\u00ee bir\u00eendar b\u00fbn. \u015eer bi kameraya telefona desta hatiye tomar kirin \u00fb l\u00eapirs\u00een li ser b\u00fbyer\u00ea hatiye destp\u00eakirin. Di \u015fer\u00ea \u00e7ekdar\u00ee y\u00ea li [&hellip;]\" \/>\n<meta property=\"og:url\" content=\"https:\/\/darkamazi.info\/archives\/1049799\" \/>\n<meta property=\"og:site_name\" content=\"Darka Maz\u00ee\" \/>\n<meta property=\"article:publisher\" content=\"https:\/\/www.facebook.com\/DarMaziKurmanci\" \/>\n<meta property=\"article:published_time\" content=\"2025-09-10T14:23:35+00:00\" \/>\n<meta property=\"og:image\" content=\"https:\/\/darkamazi.info\/file\/2025\/09\/kusti.jpg\" \/>\n\t<meta property=\"og:image:width\" content=\"900\" \/>\n\t<meta property=\"og:image:height\" content=\"497\" \/>\n\t<meta property=\"og:image:type\" content=\"image\/jpeg\" \/>\n<meta name=\"author\" content=\"darka mazi\" \/>\n<meta name=\"twitter:card\" content=\"summary_large_image\" \/>\n<meta name=\"twitter:creator\" content=\"@DarkaMaziLatini\" \/>\n<meta name=\"twitter:site\" content=\"@DarkaMaziLatini\" \/>\n<meta name=\"twitter:label1\" content=\"Written by\" \/>\n\t<meta name=\"twitter:data1\" content=\"darka mazi\" \/>\n\t<meta name=\"twitter:label2\" content=\"Est. reading time\" \/>\n\t<meta name=\"twitter:data2\" content=\"1 minute\" \/>\n<script type=\"application\/ld+json\" class=\"seo-schema-graph\">{\"@context\":\"https:\\\/\\\/schema.org\",\"@graph\":[{\"@type\":\"Article\",\"@id\":\"https:\\\/\\\/darkamazi.info\\\/archives\\\/1049799#article\",\"isPartOf\":{\"@id\":\"https:\\\/\\\/darkamazi.info\\\/archives\\\/1049799\"},\"author\":{\"name\":\"darka mazi\",\"@id\":\"https:\\\/\\\/darkamazi.info\\\/#\\\/schema\\\/person\\\/5ad3e24553a0567993fa8ed4bd0a776c\"},\"headline\":\"Li M\u00fb\u015f\u00ea di \u015fer \u00fb pev\u00e7\u00fbneke \u00e7ekdar\u00ee de, serok\u00ea ber\u00ea y\u00ea HDP\u00ea y\u00ea nav\u00e7ey\u00ea hat ku\u015ftin\",\"datePublished\":\"2025-09-10T14:23:35+00:00\",\"mainEntityOfPage\":{\"@id\":\"https:\\\/\\\/darkamazi.info\\\/archives\\\/1049799\"},\"wordCount\":213,\"publisher\":{\"@id\":\"https:\\\/\\\/darkamazi.info\\\/#organization\"},\"image\":{\"@id\":\"https:\\\/\\\/darkamazi.info\\\/archives\\\/1049799#primaryimage\"},\"thumbnailUrl\":\"https:\\\/\\\/darkamazi.info\\\/darka-content\\\/uploads\\\/2025\\\/09\\\/kusti.jpg\",\"keywords\":[\"sereke\"],\"articleSection\":[\"Kurdistan\"],\"inLanguage\":\"en-US\"},{\"@type\":\"WebPage\",\"@id\":\"https:\\\/\\\/darkamazi.info\\\/archives\\\/1049799\",\"url\":\"https:\\\/\\\/darkamazi.info\\\/archives\\\/1049799\",\"name\":\"Li M\u00fb\u015f\u00ea di \u015fer \u00fb pev\u00e7\u00fbneke \u00e7ekdar\u00ee de, serok\u00ea ber\u00ea y\u00ea HDP\u00ea y\u00ea nav\u00e7ey\u00ea hat ku\u015ftin - Darka Maz\u00ee\",\"isPartOf\":{\"@id\":\"https:\\\/\\\/darkamazi.info\\\/#website\"},\"primaryImageOfPage\":{\"@id\":\"https:\\\/\\\/darkamazi.info\\\/archives\\\/1049799#primaryimage\"},\"image\":{\"@id\":\"https:\\\/\\\/darkamazi.info\\\/archives\\\/1049799#primaryimage\"},\"thumbnailUrl\":\"https:\\\/\\\/darkamazi.info\\\/darka-content\\\/uploads\\\/2025\\\/09\\\/kusti.jpg\",\"datePublished\":\"2025-09-10T14:23:35+00:00\",\"breadcrumb\":{\"@id\":\"https:\\\/\\\/darkamazi.info\\\/archives\\\/1049799#breadcrumb\"},\"inLanguage\":\"en-US\",\"potentialAction\":[{\"@type\":\"ReadAction\",\"target\":[\"https:\\\/\\\/darkamazi.info\\\/archives\\\/1049799\"]}]},{\"@type\":\"ImageObject\",\"inLanguage\":\"en-US\",\"@id\":\"https:\\\/\\\/darkamazi.info\\\/archives\\\/1049799#primaryimage\",\"url\":\"https:\\\/\\\/darkamazi.info\\\/darka-content\\\/uploads\\\/2025\\\/09\\\/kusti.jpg\",\"contentUrl\":\"https:\\\/\\\/darkamazi.info\\\/darka-content\\\/uploads\\\/2025\\\/09\\\/kusti.jpg\",\"width\":900,\"height\":497,\"caption\":\"Li M\u00fb\u015f\u00ea di \u015fer \u00fb pev\u00e7\u00fbneke \u00e7ekdar\u00ee de, serok\u00ea ber\u00ea y\u00ea HDP\u00ea y\u00ea nav\u00e7ey\u00ea hat ku\u015ftin\"},{\"@type\":\"BreadcrumbList\",\"@id\":\"https:\\\/\\\/darkamazi.info\\\/archives\\\/1049799#breadcrumb\",\"itemListElement\":[{\"@type\":\"ListItem\",\"position\":1,\"name\":\"Home\",\"item\":\"https:\\\/\\\/darkamazi.info\\\/\"},{\"@type\":\"ListItem\",\"position\":2,\"name\":\"Li M\u00fb\u015f\u00ea di \u015fer \u00fb pev\u00e7\u00fbneke \u00e7ekdar\u00ee de, serok\u00ea ber\u00ea y\u00ea HDP\u00ea y\u00ea nav\u00e7ey\u00ea hat ku\u015ftin\"}]},{\"@type\":\"WebSite\",\"@id\":\"https:\\\/\\\/darkamazi.info\\\/#website\",\"url\":\"https:\\\/\\\/darkamazi.info\\\/\",\"name\":\"Darka Maz\u00ee\",\"description\":\"P\u00eageha Zanyariy\u00ean Nebih\u00eest\u00ee\",\"publisher\":{\"@id\":\"https:\\\/\\\/darkamazi.info\\\/#organization\"},\"potentialAction\":[{\"@type\":\"SearchAction\",\"target\":{\"@type\":\"EntryPoint\",\"urlTemplate\":\"https:\\\/\\\/darkamazi.info\\\/?s={search_term_string}\"},\"query-input\":{\"@type\":\"PropertyValueSpecification\",\"valueRequired\":true,\"valueName\":\"search_term_string\"}}],\"inLanguage\":\"en-US\"},{\"@type\":\"Organization\",\"@id\":\"https:\\\/\\\/darkamazi.info\\\/#organization\",\"name\":\"Darka Maz\u00ee\",\"url\":\"https:\\\/\\\/darkamazi.info\\\/\",\"logo\":{\"@type\":\"ImageObject\",\"inLanguage\":\"en-US\",\"@id\":\"https:\\\/\\\/darkamazi.info\\\/#\\\/schema\\\/logo\\\/image\\\/\",\"url\":\"https:\\\/\\\/darkamazi.info\\\/darka-content\\\/uploads\\\/2017\\\/12\\\/darka-mazi-logo.png\",\"contentUrl\":\"https:\\\/\\\/darkamazi.info\\\/darka-content\\\/uploads\\\/2017\\\/12\\\/darka-mazi-logo.png\",\"width\":151,\"height\":75,\"caption\":\"Darka Maz\u00ee\"},\"image\":{\"@id\":\"https:\\\/\\\/darkamazi.info\\\/#\\\/schema\\\/logo\\\/image\\\/\"},\"sameAs\":[\"https:\\\/\\\/www.facebook.com\\\/DarMaziKurmanci\",\"https:\\\/\\\/x.com\\\/DarkaMaziLatini\",\"https:\\\/\\\/www.instagram.com\\\/darkamazi.kurmanci\\\/\",\"https:\\\/\\\/www.youtube.com\\\/channel\\\/UCa5HkTdmI8U1qCUFuTw8B2g\"]},{\"@type\":\"Person\",\"@id\":\"https:\\\/\\\/darkamazi.info\\\/#\\\/schema\\\/person\\\/5ad3e24553a0567993fa8ed4bd0a776c\",\"name\":\"darka mazi\",\"sameAs\":[\"https:\\\/\\\/darkamazi.info\\\/\"],\"url\":\"https:\\\/\\\/darkamazi.info\\\/archives\\\/author\\\/kurdi\"}]}<\/script>\n<!-- \/ Yoast SEO plugin. -->","seo_head_json":{"title":"Li M\u00fb\u015f\u00ea di \u015fer \u00fb pev\u00e7\u00fbneke \u00e7ekdar\u00ee de, serok\u00ea ber\u00ea y\u00ea HDP\u00ea y\u00ea nav\u00e7ey\u00ea hat ku\u015ftin - Darka Maz\u00ee","robots":{"index":"index","follow":"follow","max-snippet":"max-snippet:-1","max-image-preview":"max-image-preview:large","max-video-preview":"max-video-preview:-1"},"canonical":"https:\/\/darkamazi.info\/archives\/1049799","og_locale":"en_US","og_type":"article","og_title":"Li M\u00fb\u015f\u00ea di \u015fer \u00fb pev\u00e7\u00fbneke \u00e7ekdar\u00ee de, serok\u00ea ber\u00ea y\u00ea HDP\u00ea y\u00ea nav\u00e7ey\u00ea hat ku\u015ftin - Darka Maz\u00ee","og_description":"Li nav\u00e7eya Kop a M\u00fb\u015f\u00ea, di \u015fer\u00ea \u00e7ekdar\u00ee y\u00ea di navbera du koman de, Serok\u00ea Ber\u00ea y\u00ea Nav\u00e7eya Kop\u00ea y\u00ea HDP\u00ea Derar Koca \u00fb \u015eeref Arslan hatin ku\u015ftin \u00fb s\u00ea kes\u00ean din j\u00ee bir\u00eendar b\u00fbn. \u015eer bi kameraya telefona desta hatiye tomar kirin \u00fb l\u00eapirs\u00een li ser b\u00fbyer\u00ea hatiye destp\u00eakirin. Di \u015fer\u00ea \u00e7ekdar\u00ee y\u00ea li [&hellip;]","og_url":"https:\/\/darkamazi.info\/archives\/1049799","og_site_name":"Darka Maz\u00ee","article_publisher":"https:\/\/www.facebook.com\/DarMaziKurmanci","article_published_time":"2025-09-10T14:23:35+00:00","og_image":[{"width":900,"height":497,"url":"https:\/\/darkamazi.info\/file\/2025\/09\/kusti.jpg","type":"image\/jpeg"}],"author":"darka mazi","twitter_card":"summary_large_image","twitter_creator":"@DarkaMaziLatini","twitter_site":"@DarkaMaziLatini","twitter_misc":{"Written by":"darka mazi","Est. reading time":"1 minute"},"schema":{"@context":"https:\/\/schema.org","@graph":[{"@type":"Article","@id":"https:\/\/darkamazi.info\/archives\/1049799#article","isPartOf":{"@id":"https:\/\/darkamazi.info\/archives\/1049799"},"author":{"name":"darka mazi","@id":"https:\/\/darkamazi.info\/#\/schema\/person\/5ad3e24553a0567993fa8ed4bd0a776c"},"headline":"Li M\u00fb\u015f\u00ea di \u015fer \u00fb pev\u00e7\u00fbneke \u00e7ekdar\u00ee de, serok\u00ea ber\u00ea y\u00ea HDP\u00ea y\u00ea nav\u00e7ey\u00ea hat ku\u015ftin","datePublished":"2025-09-10T14:23:35+00:00","mainEntityOfPage":{"@id":"https:\/\/darkamazi.info\/archives\/1049799"},"wordCount":213,"publisher":{"@id":"https:\/\/darkamazi.info\/#organization"},"image":{"@id":"https:\/\/darkamazi.info\/archives\/1049799#primaryimage"},"thumbnailUrl":"https:\/\/darkamazi.info\/file\/2025\/09\/kusti.jpg","keywords":["sereke"],"articleSection":["Kurdistan"],"inLanguage":"en-US"},{"@type":"WebPage","@id":"https:\/\/darkamazi.info\/archives\/1049799","url":"https:\/\/darkamazi.info\/archives\/1049799","name":"Li M\u00fb\u015f\u00ea di \u015fer \u00fb pev\u00e7\u00fbneke \u00e7ekdar\u00ee de, serok\u00ea ber\u00ea y\u00ea HDP\u00ea y\u00ea nav\u00e7ey\u00ea hat ku\u015ftin - Darka Maz\u00ee","isPartOf":{"@id":"https:\/\/darkamazi.info\/#website"},"primaryImageOfPage":{"@id":"https:\/\/darkamazi.info\/archives\/1049799#primaryimage"},"image":{"@id":"https:\/\/darkamazi.info\/archives\/1049799#primaryimage"},"thumbnailUrl":"https:\/\/darkamazi.info\/file\/2025\/09\/kusti.jpg","datePublished":"2025-09-10T14:23:35+00:00","breadcrumb":{"@id":"https:\/\/darkamazi.info\/archives\/1049799#breadcrumb"},"inLanguage":"en-US","potentialAction":[{"@type":"ReadAction","target":["https:\/\/darkamazi.info\/archives\/1049799"]}]},{"@type":"ImageObject","inLanguage":"en-US","@id":"https:\/\/darkamazi.info\/archives\/1049799#primaryimage","url":"https:\/\/darkamazi.info\/file\/2025\/09\/kusti.jpg","contentUrl":"https:\/\/darkamazi.info\/file\/2025\/09\/kusti.jpg","width":900,"height":497,"caption":"Li M\u00fb\u015f\u00ea di \u015fer \u00fb pev\u00e7\u00fbneke \u00e7ekdar\u00ee de, serok\u00ea ber\u00ea y\u00ea HDP\u00ea y\u00ea nav\u00e7ey\u00ea hat ku\u015ftin"},{"@type":"BreadcrumbList","@id":"https:\/\/darkamazi.info\/archives\/1049799#breadcrumb","itemListElement":[{"@type":"ListItem","position":1,"name":"Home","item":"https:\/\/darkamazi.info\/"},{"@type":"ListItem","position":2,"name":"Li M\u00fb\u015f\u00ea di \u015fer \u00fb pev\u00e7\u00fbneke \u00e7ekdar\u00ee de, serok\u00ea ber\u00ea y\u00ea HDP\u00ea y\u00ea nav\u00e7ey\u00ea hat ku\u015ftin"}]},{"@type":"WebSite","@id":"https:\/\/darkamazi.info\/#website","url":"https:\/\/darkamazi.info\/","name":"Darka Maz\u00ee","description":"P\u00eageha Zanyariy\u00ean Nebih\u00eest\u00ee","publisher":{"@id":"https:\/\/darkamazi.info\/#organization"},"potentialAction":[{"@type":"SearchAction","target":{"@type":"EntryPoint","urlTemplate":"https:\/\/darkamazi.info\/?s={search_term_string}"},"query-input":{"@type":"PropertyValueSpecification","valueRequired":true,"valueName":"search_term_string"}}],"inLanguage":"en-US"},{"@type":"Organization","@id":"https:\/\/darkamazi.info\/#organization","name":"Darka Maz\u00ee","url":"https:\/\/darkamazi.info\/","logo":{"@type":"ImageObject","inLanguage":"en-US","@id":"https:\/\/darkamazi.info\/#\/schema\/logo\/image\/","url":"https:\/\/darkamazi.info\/file\/2017\/12\/darka-mazi-logo.png","contentUrl":"https:\/\/darkamazi.info\/file\/2017\/12\/darka-mazi-logo.png","width":151,"height":75,"caption":"Darka Maz\u00ee"},"image":{"@id":"https:\/\/darkamazi.info\/#\/schema\/logo\/image\/"},"sameAs":["https:\/\/www.facebook.com\/DarMaziKurmanci","https:\/\/x.com\/DarkaMaziLatini","https:\/\/www.instagram.com\/darkamazi.kurmanci\/","https:\/\/www.youtube.com\/channel\/UCa5HkTdmI8U1qCUFuTw8B2g"]},{"@type":"Person","@id":"https:\/\/darkamazi.info\/#\/schema\/person\/5ad3e24553a0567993fa8ed4bd0a776c","name":"darka mazi","sameAs":["https:\/\/darkamazi.info\/"],"url":"https:\/\/darkamazi.info\/archives\/author\/kurdi"}]}},"_links":{"self":[{"href":"https:\/\/darkamazi.info\/funavuv\/wp\/v2\/posts\/1049799","targetHints":{"allow":["GET"]}}],"collection":[{"href":"https:\/\/darkamazi.info\/funavuv\/wp\/v2\/posts"}],"about":[{"href":"https:\/\/darkamazi.info\/funavuv\/wp\/v2\/types\/post"}],"author":[{"embeddable":true,"href":"https:\/\/darkamazi.info\/funavuv\/wp\/v2\/users\/2"}],"replies":[{"embeddable":true,"href":"https:\/\/darkamazi.info\/funavuv\/wp\/v2\/comments?post=1049799"}],"version-history":[{"count":0,"href":"https:\/\/darkamazi.info\/funavuv\/wp\/v2\/posts\/1049799\/revisions"}],"wp:featuredmedia":[{"embeddable":true,"href":"https:\/\/darkamazi.info\/funavuv\/wp\/v2\/media\/1049800"}],"wp:attachment":[{"href":"https:\/\/darkamazi.info\/funavuv\/wp\/v2\/media?parent=1049799"}],"wp:term":[{"taxonomy":"category","embeddable":true,"href":"https:\/\/darkamazi.info\/funavuv\/wp\/v2\/categories?post=1049799"},{"taxonomy":"post_tag","embeddable":true,"href":"https:\/\/darkamazi.info\/funavuv\/wp\/v2\/tags?post=1049799"}],"curies":[{"name":"wp","href":"https:\/\/api.w.org\/{rel}","templated":true}]}}