{"id":1049813,"date":"2025-09-13T10:38:32","date_gmt":"2025-09-13T07:38:32","guid":{"rendered":"https:\/\/darkamazi.info\/?p=1049813"},"modified":"2025-09-13T10:38:32","modified_gmt":"2025-09-13T07:38:32","slug":"seroke-saredariya-bayrampasaye-u-47-kesen-din-hatin-bincav-kirin","status":"publish","type":"post","link":"https:\/\/darkamazi.info\/archives\/1049813","title":{"rendered":"Serok\u00ea \u015earedariya Bayrampa\u015fay\u00ea \u00fb 47 kes\u00ean din hatin bin\u00e7av kirin"},"content":{"rendered":"<h3 style=\"text-align: justify\"><span style=\"font-family: 'arial black', sans-serif\">Li Stanbul\u00ea Operasyonek li dij\u00ee \u015earedariya Bayrampa\u015fay\u00ea ya bi serokatiya CHP\u00ea hate destp\u00eakirin. L\u00eapirs\u00een ji aliy\u00ea Serdozgeriya Gi\u015ft\u00ee ya Stenbol\u00ea ve t\u00ea r\u00eavebirin\u00ea, \u00fb di \u00e7ar\u00e7oveya v\u00ea l\u00eapirs\u00een\u00ea de, 48 kes, tev\u00ee \u015earedar\u00ea Bayrampa\u015fay\u00ea Hasan Mutlu, hatin bin\u00e7avkirin.<\/span><\/h3>\n<h3 style=\"text-align: justify\">C\u00eegir\u00ea \u015earedar\u00ea Bayrampa\u015fay\u00ea L\u00fctfi Kad\u0131o\u011fullar\u0131 ji aliy\u00ea pol\u00eesan ve birin nexwe\u015fxaney\u00ea \u00fb ji kontrola tenduristiy\u00ea derbas b\u00fb.<\/h3>\n<h3 style=\"text-align: justify\">Bi operasyon\u00ea re, gelek t\u00eem\u00ean pol\u00eesan ser\u00ea sib\u00ea gih\u00ee\u015ftin avahiya \u015faredariy\u00ea. T\u00eeman avah\u00ee l\u00eager\u00een kirin.<\/h3>\n<h3 style=\"text-align: justify\">\u015earedar Mutlu \u00fb gumanbar\u00ean din \u00ean di dosyaya doz\u00ea de bi zor\u00ea, bert\u00eel, sextekariya giran \u00fb destwerdana li \u00eehaleyan hatin tawanbarkirin.<\/h3>\n<h3 style=\"text-align: justify\">Li ser biryara Serdozgeriya Gi\u015ft\u00ee, pol\u00eesan li 72 mal \u00fb kargehan l\u00eager\u00een dest p\u00ea kir.<\/h3>\n<h3 style=\"text-align: justify\">Di nav cih\u00ean ku l\u00eager\u00een l\u00ea hat kirin de avahiya \u015faredariy\u00ea j\u00ee heb\u00fb.<\/h3>\n<h3 style=\"text-align: justify\">Hasan Mutlu di hilbijartin\u00ean 31\u00ea Adara 2024an de bi r\u00eajeya ji sed\u00ee 46.67\u00ea dengan ji Partiya Gel a Komar\u00ee (CHP) wek\u00ee \u015faredar hat hilbijartin.<\/h3>\n","protected":false},"excerpt":{"rendered":"<p>Li Stanbul\u00ea Operasyonek li dij\u00ee \u015earedariya Bayrampa\u015fay\u00ea ya bi serokatiya CHP\u00ea hate destp\u00eakirin. L\u00eapirs\u00een ji aliy\u00ea Serdozgeriya Gi\u015ft\u00ee ya Stenbol\u00ea ve t\u00ea r\u00eavebirin\u00ea, \u00fb di \u00e7ar\u00e7oveya v\u00ea l\u00eapirs\u00een\u00ea de, 48 kes, tev\u00ee \u015earedar\u00ea Bayrampa\u015fay\u00ea Hasan Mutlu, hatin bin\u00e7avkirin. C\u00eegir\u00ea \u015earedar\u00ea Bayrampa\u015fay\u00ea L\u00fctfi Kad\u0131o\u011fullar\u0131 ji aliy\u00ea pol\u00eesan ve birin nexwe\u015fxaney\u00ea \u00fb ji kontrola tenduristiy\u00ea derbas b\u00fb. [&hellip;]<\/p>\n","protected":false},"author":2,"featured_media":1049814,"comment_status":"closed","ping_status":"closed","sticky":false,"template":"","format":"standard","meta":{"footnotes":""},"categories":[31],"tags":[37],"class_list":["post-1049813","post","type-post","status-publish","format-standard","has-post-thumbnail","hentry","category-rojhelata-navin","tag-sereke"],"blocksy_meta":[],"seo_head":"<!-- This site is optimized with the Yoast SEO plugin v27.5 - https:\/\/yoast.com\/product\/yoast-seo-wordpress\/ -->\n<title>Serok\u00ea \u015earedariya Bayrampa\u015fay\u00ea \u00fb 47 kes\u00ean din hatin bin\u00e7av kirin - Darka Maz\u00ee<\/title>\n<meta name=\"robots\" content=\"index, follow, max-snippet:-1, max-image-preview:large, max-video-preview:-1\" \/>\n<link rel=\"canonical\" href=\"https:\/\/darkamazi.info\/archives\/1049813\" \/>\n<meta property=\"og:locale\" content=\"en_US\" \/>\n<meta property=\"og:type\" content=\"article\" \/>\n<meta property=\"og:title\" content=\"Serok\u00ea \u015earedariya Bayrampa\u015fay\u00ea \u00fb 47 kes\u00ean din hatin bin\u00e7av kirin - Darka Maz\u00ee\" \/>\n<meta property=\"og:description\" content=\"Li Stanbul\u00ea Operasyonek li dij\u00ee \u015earedariya Bayrampa\u015fay\u00ea ya bi serokatiya CHP\u00ea hate destp\u00eakirin. L\u00eapirs\u00een ji aliy\u00ea Serdozgeriya Gi\u015ft\u00ee ya Stenbol\u00ea ve t\u00ea r\u00eavebirin\u00ea, \u00fb di \u00e7ar\u00e7oveya v\u00ea l\u00eapirs\u00een\u00ea de, 48 kes, tev\u00ee \u015earedar\u00ea Bayrampa\u015fay\u00ea Hasan Mutlu, hatin bin\u00e7avkirin. C\u00eegir\u00ea \u015earedar\u00ea Bayrampa\u015fay\u00ea L\u00fctfi Kad\u0131o\u011fullar\u0131 ji aliy\u00ea pol\u00eesan ve birin nexwe\u015fxaney\u00ea \u00fb ji kontrola tenduristiy\u00ea derbas b\u00fb. [&hellip;]\" \/>\n<meta property=\"og:url\" content=\"https:\/\/darkamazi.info\/archives\/1049813\" \/>\n<meta property=\"og:site_name\" content=\"Darka Maz\u00ee\" \/>\n<meta property=\"article:publisher\" content=\"https:\/\/www.facebook.com\/DarMaziKurmanci\" \/>\n<meta property=\"article:published_time\" content=\"2025-09-13T07:38:32+00:00\" \/>\n<meta property=\"og:image\" content=\"https:\/\/darkamazi.info\/file\/2025\/09\/Bayrampasa-beledisi.jpg\" \/>\n\t<meta property=\"og:image:width\" content=\"900\" \/>\n\t<meta property=\"og:image:height\" content=\"497\" \/>\n\t<meta property=\"og:image:type\" content=\"image\/jpeg\" \/>\n<meta name=\"author\" content=\"darka mazi\" \/>\n<meta name=\"twitter:card\" content=\"summary_large_image\" \/>\n<meta name=\"twitter:creator\" content=\"@DarkaMaziLatini\" \/>\n<meta name=\"twitter:site\" content=\"@DarkaMaziLatini\" \/>\n<meta name=\"twitter:label1\" content=\"Written by\" \/>\n\t<meta name=\"twitter:data1\" content=\"darka mazi\" \/>\n\t<meta name=\"twitter:label2\" content=\"Est. reading time\" \/>\n\t<meta name=\"twitter:data2\" content=\"1 minute\" \/>\n<script type=\"application\/ld+json\" class=\"seo-schema-graph\">{\"@context\":\"https:\\\/\\\/schema.org\",\"@graph\":[{\"@type\":\"Article\",\"@id\":\"https:\\\/\\\/darkamazi.info\\\/archives\\\/1049813#article\",\"isPartOf\":{\"@id\":\"https:\\\/\\\/darkamazi.info\\\/archives\\\/1049813\"},\"author\":{\"name\":\"darka mazi\",\"@id\":\"https:\\\/\\\/darkamazi.info\\\/#\\\/schema\\\/person\\\/5ad3e24553a0567993fa8ed4bd0a776c\"},\"headline\":\"Serok\u00ea \u015earedariya Bayrampa\u015fay\u00ea \u00fb 47 kes\u00ean din hatin bin\u00e7av kirin\",\"datePublished\":\"2025-09-13T07:38:32+00:00\",\"mainEntityOfPage\":{\"@id\":\"https:\\\/\\\/darkamazi.info\\\/archives\\\/1049813\"},\"wordCount\":181,\"publisher\":{\"@id\":\"https:\\\/\\\/darkamazi.info\\\/#organization\"},\"image\":{\"@id\":\"https:\\\/\\\/darkamazi.info\\\/archives\\\/1049813#primaryimage\"},\"thumbnailUrl\":\"https:\\\/\\\/darkamazi.info\\\/darka-content\\\/uploads\\\/2025\\\/09\\\/Bayrampasa-beledisi.jpg\",\"keywords\":[\"sereke\"],\"articleSection\":[\"Rojhelata nav\u00een\"],\"inLanguage\":\"en-US\"},{\"@type\":\"WebPage\",\"@id\":\"https:\\\/\\\/darkamazi.info\\\/archives\\\/1049813\",\"url\":\"https:\\\/\\\/darkamazi.info\\\/archives\\\/1049813\",\"name\":\"Serok\u00ea \u015earedariya Bayrampa\u015fay\u00ea \u00fb 47 kes\u00ean din hatin bin\u00e7av kirin - Darka Maz\u00ee\",\"isPartOf\":{\"@id\":\"https:\\\/\\\/darkamazi.info\\\/#website\"},\"primaryImageOfPage\":{\"@id\":\"https:\\\/\\\/darkamazi.info\\\/archives\\\/1049813#primaryimage\"},\"image\":{\"@id\":\"https:\\\/\\\/darkamazi.info\\\/archives\\\/1049813#primaryimage\"},\"thumbnailUrl\":\"https:\\\/\\\/darkamazi.info\\\/darka-content\\\/uploads\\\/2025\\\/09\\\/Bayrampasa-beledisi.jpg\",\"datePublished\":\"2025-09-13T07:38:32+00:00\",\"breadcrumb\":{\"@id\":\"https:\\\/\\\/darkamazi.info\\\/archives\\\/1049813#breadcrumb\"},\"inLanguage\":\"en-US\",\"potentialAction\":[{\"@type\":\"ReadAction\",\"target\":[\"https:\\\/\\\/darkamazi.info\\\/archives\\\/1049813\"]}]},{\"@type\":\"ImageObject\",\"inLanguage\":\"en-US\",\"@id\":\"https:\\\/\\\/darkamazi.info\\\/archives\\\/1049813#primaryimage\",\"url\":\"https:\\\/\\\/darkamazi.info\\\/darka-content\\\/uploads\\\/2025\\\/09\\\/Bayrampasa-beledisi.jpg\",\"contentUrl\":\"https:\\\/\\\/darkamazi.info\\\/darka-content\\\/uploads\\\/2025\\\/09\\\/Bayrampasa-beledisi.jpg\",\"width\":900,\"height\":497,\"caption\":\"Serok\u00ea \u015earedariya Bayrampa\u015fay\u00ea \u00fb 47 kes\u00ean din hatin bin\u00e7av kirin\"},{\"@type\":\"BreadcrumbList\",\"@id\":\"https:\\\/\\\/darkamazi.info\\\/archives\\\/1049813#breadcrumb\",\"itemListElement\":[{\"@type\":\"ListItem\",\"position\":1,\"name\":\"Home\",\"item\":\"https:\\\/\\\/darkamazi.info\\\/\"},{\"@type\":\"ListItem\",\"position\":2,\"name\":\"Serok\u00ea \u015earedariya Bayrampa\u015fay\u00ea \u00fb 47 kes\u00ean din hatin bin\u00e7av kirin\"}]},{\"@type\":\"WebSite\",\"@id\":\"https:\\\/\\\/darkamazi.info\\\/#website\",\"url\":\"https:\\\/\\\/darkamazi.info\\\/\",\"name\":\"Darka Maz\u00ee\",\"description\":\"P\u00eageha Zanyariy\u00ean Nebih\u00eest\u00ee\",\"publisher\":{\"@id\":\"https:\\\/\\\/darkamazi.info\\\/#organization\"},\"potentialAction\":[{\"@type\":\"SearchAction\",\"target\":{\"@type\":\"EntryPoint\",\"urlTemplate\":\"https:\\\/\\\/darkamazi.info\\\/?s={search_term_string}\"},\"query-input\":{\"@type\":\"PropertyValueSpecification\",\"valueRequired\":true,\"valueName\":\"search_term_string\"}}],\"inLanguage\":\"en-US\"},{\"@type\":\"Organization\",\"@id\":\"https:\\\/\\\/darkamazi.info\\\/#organization\",\"name\":\"Darka Maz\u00ee\",\"url\":\"https:\\\/\\\/darkamazi.info\\\/\",\"logo\":{\"@type\":\"ImageObject\",\"inLanguage\":\"en-US\",\"@id\":\"https:\\\/\\\/darkamazi.info\\\/#\\\/schema\\\/logo\\\/image\\\/\",\"url\":\"https:\\\/\\\/darkamazi.info\\\/darka-content\\\/uploads\\\/2017\\\/12\\\/darka-mazi-logo.png\",\"contentUrl\":\"https:\\\/\\\/darkamazi.info\\\/darka-content\\\/uploads\\\/2017\\\/12\\\/darka-mazi-logo.png\",\"width\":151,\"height\":75,\"caption\":\"Darka Maz\u00ee\"},\"image\":{\"@id\":\"https:\\\/\\\/darkamazi.info\\\/#\\\/schema\\\/logo\\\/image\\\/\"},\"sameAs\":[\"https:\\\/\\\/www.facebook.com\\\/DarMaziKurmanci\",\"https:\\\/\\\/x.com\\\/DarkaMaziLatini\",\"https:\\\/\\\/www.instagram.com\\\/darkamazi.kurmanci\\\/\",\"https:\\\/\\\/www.youtube.com\\\/channel\\\/UCa5HkTdmI8U1qCUFuTw8B2g\"]},{\"@type\":\"Person\",\"@id\":\"https:\\\/\\\/darkamazi.info\\\/#\\\/schema\\\/person\\\/5ad3e24553a0567993fa8ed4bd0a776c\",\"name\":\"darka mazi\",\"sameAs\":[\"https:\\\/\\\/darkamazi.info\\\/\"],\"url\":\"https:\\\/\\\/darkamazi.info\\\/archives\\\/author\\\/kurdi\"}]}<\/script>\n<!-- \/ Yoast SEO plugin. -->","seo_head_json":{"title":"Serok\u00ea \u015earedariya Bayrampa\u015fay\u00ea \u00fb 47 kes\u00ean din hatin bin\u00e7av kirin - Darka Maz\u00ee","robots":{"index":"index","follow":"follow","max-snippet":"max-snippet:-1","max-image-preview":"max-image-preview:large","max-video-preview":"max-video-preview:-1"},"canonical":"https:\/\/darkamazi.info\/archives\/1049813","og_locale":"en_US","og_type":"article","og_title":"Serok\u00ea \u015earedariya Bayrampa\u015fay\u00ea \u00fb 47 kes\u00ean din hatin bin\u00e7av kirin - Darka Maz\u00ee","og_description":"Li Stanbul\u00ea Operasyonek li dij\u00ee \u015earedariya Bayrampa\u015fay\u00ea ya bi serokatiya CHP\u00ea hate destp\u00eakirin. L\u00eapirs\u00een ji aliy\u00ea Serdozgeriya Gi\u015ft\u00ee ya Stenbol\u00ea ve t\u00ea r\u00eavebirin\u00ea, \u00fb di \u00e7ar\u00e7oveya v\u00ea l\u00eapirs\u00een\u00ea de, 48 kes, tev\u00ee \u015earedar\u00ea Bayrampa\u015fay\u00ea Hasan Mutlu, hatin bin\u00e7avkirin. C\u00eegir\u00ea \u015earedar\u00ea Bayrampa\u015fay\u00ea L\u00fctfi Kad\u0131o\u011fullar\u0131 ji aliy\u00ea pol\u00eesan ve birin nexwe\u015fxaney\u00ea \u00fb ji kontrola tenduristiy\u00ea derbas b\u00fb. [&hellip;]","og_url":"https:\/\/darkamazi.info\/archives\/1049813","og_site_name":"Darka Maz\u00ee","article_publisher":"https:\/\/www.facebook.com\/DarMaziKurmanci","article_published_time":"2025-09-13T07:38:32+00:00","og_image":[{"width":900,"height":497,"url":"https:\/\/darkamazi.info\/file\/2025\/09\/Bayrampasa-beledisi.jpg","type":"image\/jpeg"}],"author":"darka mazi","twitter_card":"summary_large_image","twitter_creator":"@DarkaMaziLatini","twitter_site":"@DarkaMaziLatini","twitter_misc":{"Written by":"darka mazi","Est. reading time":"1 minute"},"schema":{"@context":"https:\/\/schema.org","@graph":[{"@type":"Article","@id":"https:\/\/darkamazi.info\/archives\/1049813#article","isPartOf":{"@id":"https:\/\/darkamazi.info\/archives\/1049813"},"author":{"name":"darka mazi","@id":"https:\/\/darkamazi.info\/#\/schema\/person\/5ad3e24553a0567993fa8ed4bd0a776c"},"headline":"Serok\u00ea \u015earedariya Bayrampa\u015fay\u00ea \u00fb 47 kes\u00ean din hatin bin\u00e7av kirin","datePublished":"2025-09-13T07:38:32+00:00","mainEntityOfPage":{"@id":"https:\/\/darkamazi.info\/archives\/1049813"},"wordCount":181,"publisher":{"@id":"https:\/\/darkamazi.info\/#organization"},"image":{"@id":"https:\/\/darkamazi.info\/archives\/1049813#primaryimage"},"thumbnailUrl":"https:\/\/darkamazi.info\/file\/2025\/09\/Bayrampasa-beledisi.jpg","keywords":["sereke"],"articleSection":["Rojhelata nav\u00een"],"inLanguage":"en-US"},{"@type":"WebPage","@id":"https:\/\/darkamazi.info\/archives\/1049813","url":"https:\/\/darkamazi.info\/archives\/1049813","name":"Serok\u00ea \u015earedariya Bayrampa\u015fay\u00ea \u00fb 47 kes\u00ean din hatin bin\u00e7av kirin - Darka Maz\u00ee","isPartOf":{"@id":"https:\/\/darkamazi.info\/#website"},"primaryImageOfPage":{"@id":"https:\/\/darkamazi.info\/archives\/1049813#primaryimage"},"image":{"@id":"https:\/\/darkamazi.info\/archives\/1049813#primaryimage"},"thumbnailUrl":"https:\/\/darkamazi.info\/file\/2025\/09\/Bayrampasa-beledisi.jpg","datePublished":"2025-09-13T07:38:32+00:00","breadcrumb":{"@id":"https:\/\/darkamazi.info\/archives\/1049813#breadcrumb"},"inLanguage":"en-US","potentialAction":[{"@type":"ReadAction","target":["https:\/\/darkamazi.info\/archives\/1049813"]}]},{"@type":"ImageObject","inLanguage":"en-US","@id":"https:\/\/darkamazi.info\/archives\/1049813#primaryimage","url":"https:\/\/darkamazi.info\/file\/2025\/09\/Bayrampasa-beledisi.jpg","contentUrl":"https:\/\/darkamazi.info\/file\/2025\/09\/Bayrampasa-beledisi.jpg","width":900,"height":497,"caption":"Serok\u00ea \u015earedariya Bayrampa\u015fay\u00ea \u00fb 47 kes\u00ean din hatin bin\u00e7av kirin"},{"@type":"BreadcrumbList","@id":"https:\/\/darkamazi.info\/archives\/1049813#breadcrumb","itemListElement":[{"@type":"ListItem","position":1,"name":"Home","item":"https:\/\/darkamazi.info\/"},{"@type":"ListItem","position":2,"name":"Serok\u00ea \u015earedariya Bayrampa\u015fay\u00ea \u00fb 47 kes\u00ean din hatin bin\u00e7av kirin"}]},{"@type":"WebSite","@id":"https:\/\/darkamazi.info\/#website","url":"https:\/\/darkamazi.info\/","name":"Darka Maz\u00ee","description":"P\u00eageha Zanyariy\u00ean Nebih\u00eest\u00ee","publisher":{"@id":"https:\/\/darkamazi.info\/#organization"},"potentialAction":[{"@type":"SearchAction","target":{"@type":"EntryPoint","urlTemplate":"https:\/\/darkamazi.info\/?s={search_term_string}"},"query-input":{"@type":"PropertyValueSpecification","valueRequired":true,"valueName":"search_term_string"}}],"inLanguage":"en-US"},{"@type":"Organization","@id":"https:\/\/darkamazi.info\/#organization","name":"Darka Maz\u00ee","url":"https:\/\/darkamazi.info\/","logo":{"@type":"ImageObject","inLanguage":"en-US","@id":"https:\/\/darkamazi.info\/#\/schema\/logo\/image\/","url":"https:\/\/darkamazi.info\/file\/2017\/12\/darka-mazi-logo.png","contentUrl":"https:\/\/darkamazi.info\/file\/2017\/12\/darka-mazi-logo.png","width":151,"height":75,"caption":"Darka Maz\u00ee"},"image":{"@id":"https:\/\/darkamazi.info\/#\/schema\/logo\/image\/"},"sameAs":["https:\/\/www.facebook.com\/DarMaziKurmanci","https:\/\/x.com\/DarkaMaziLatini","https:\/\/www.instagram.com\/darkamazi.kurmanci\/","https:\/\/www.youtube.com\/channel\/UCa5HkTdmI8U1qCUFuTw8B2g"]},{"@type":"Person","@id":"https:\/\/darkamazi.info\/#\/schema\/person\/5ad3e24553a0567993fa8ed4bd0a776c","name":"darka mazi","sameAs":["https:\/\/darkamazi.info\/"],"url":"https:\/\/darkamazi.info\/archives\/author\/kurdi"}]}},"_links":{"self":[{"href":"https:\/\/darkamazi.info\/funavuv\/wp\/v2\/posts\/1049813","targetHints":{"allow":["GET"]}}],"collection":[{"href":"https:\/\/darkamazi.info\/funavuv\/wp\/v2\/posts"}],"about":[{"href":"https:\/\/darkamazi.info\/funavuv\/wp\/v2\/types\/post"}],"author":[{"embeddable":true,"href":"https:\/\/darkamazi.info\/funavuv\/wp\/v2\/users\/2"}],"replies":[{"embeddable":true,"href":"https:\/\/darkamazi.info\/funavuv\/wp\/v2\/comments?post=1049813"}],"version-history":[{"count":0,"href":"https:\/\/darkamazi.info\/funavuv\/wp\/v2\/posts\/1049813\/revisions"}],"wp:featuredmedia":[{"embeddable":true,"href":"https:\/\/darkamazi.info\/funavuv\/wp\/v2\/media\/1049814"}],"wp:attachment":[{"href":"https:\/\/darkamazi.info\/funavuv\/wp\/v2\/media?parent=1049813"}],"wp:term":[{"taxonomy":"category","embeddable":true,"href":"https:\/\/darkamazi.info\/funavuv\/wp\/v2\/categories?post=1049813"},{"taxonomy":"post_tag","embeddable":true,"href":"https:\/\/darkamazi.info\/funavuv\/wp\/v2\/tags?post=1049813"}],"curies":[{"name":"wp","href":"https:\/\/api.w.org\/{rel}","templated":true}]}}