{"id":1049816,"date":"2025-09-13T11:21:24","date_gmt":"2025-09-13T08:21:24","guid":{"rendered":"https:\/\/darkamazi.info\/?p=1049816"},"modified":"2025-09-13T11:21:24","modified_gmt":"2025-09-13T08:21:24","slug":"fidan-em-dixwazin-sam-u-hsd-pirsgireken-xwe-careser-bikin","status":"publish","type":"post","link":"https:\/\/darkamazi.info\/archives\/1049816","title":{"rendered":"F\u00eedan: Em dixwazin \u015eam \u00fb HSD pirsgir\u00eak\u00ean xwe \u00e7areser bikin"},"content":{"rendered":"<h3 style=\"text-align: justify\"><span style=\"font-family: 'arial black', sans-serif\">Wez\u00eer\u00ea Kar\u00ean Derve y\u00ea Tirkiyey\u00ea Hakan F\u00eedan li Romaya paytexta \u00cetalyay\u00ea, di konferanseke ku ji aliy\u00ea Enst\u00eetuya P\u00eawendiy\u00ean Navnetewey\u00ee (IAI) ve hatib\u00fb sazkirin de derbar\u00ea mijar\u00ean di rojeva her\u00eam \u00fb c\u00eehan\u00ea axiv\u00ee.<\/span><\/h3>\n<h3 style=\"text-align: justify\">F\u00eedan diyar kir ku derbar\u00ea b\u00fbyer\u00ean li S\u00fbriyey\u00ea de nirxandin\u00ean wan hene \u00fb got:<\/h3>\n<h3 style=\"text-align: justify\">\u201cEm di w\u00ea baweriy\u00ea de ne ku eger (YPG) karibe bi hik\u00fbmeta \u015eam\u00ea re li hev bike, d\u00ea ev yek ba\u015f be, ji ber ku wan 10\u00ea Adar\u00ea r\u00eakeftinek \u00eemze kirib\u00fb.<\/h3>\n<h3 style=\"text-align: justify\">Her \u00e7end em sed\u00ee sed ji xal\u00ean w\u00ea ne raz\u00ee bin j\u00ee bi gi\u015ft\u00ee, eger her du al\u00ee j\u00ee p\u00eabend\u00ee w\u00ea bibin, em difikirin ku ev d\u00ea ba\u015f be.\u201d<\/h3>\n<h3 style=\"text-align: justify\">F\u00eedan got ku; ew niha dib\u00eenin YPG ji bo bicihan\u00eena r\u00eakeftin\u00ea li pa\u015f dim\u00eene \u00fb got: \u201cEw di bip\u00ea\u015fxistina r\u00eakeftina xwe ya bi hik\u00fbmeta \u015eam\u00ea re xwe giran dike.<\/h3>\n<h3 style=\"text-align: justify\">Ez difikirim ew niha h\u00eav\u00ee dikin ku ji kr\u00eeza ku \u00cesra\u00eel\u00ea li S\u00fbriyey\u00ea derxistiye ji bo xwe derfetan biafir\u00eenin.<\/h3>\n<h3 style=\"text-align: justify\">Ew wisa difikirin ku eger p\u00ealeke n\u00fb ya nearamiy\u00ea li S\u00fbriyey\u00ea derkeve, dibe ku ev ji bo p\u00ea\u015feroja wan ba\u015ftir be.<\/h3>\n<h3 style=\"text-align: justify\">Niha em dib\u00eenin ku gelek endam\u00ean PKKy\u00ea y\u00ean ji \u00ceraq \u00fb \u00ceran\u00ea bi YPGy\u00ea re kar dikin.<\/h3>\n<h3 style=\"text-align: justify\">Ew ne ji bo S\u00fbriyey\u00ea, ji bo \u015fer\u00ea li dij\u00ee me li w\u00ea der\u00ea ne. Ji ber v\u00ea yek\u00ea, heta ku ev gef hebin, em nikarin ji rew\u015f\u00ea raz\u00ee bin \u00fb div\u00ea em tedb\u00eer\u00ean p\u00eaw\u00eest werbigirin.<\/h3>\n<h3 style=\"text-align: justify\">Wek\u00ee ku min got, niha em \u015fansek\u00ee didin hem \u015eam\u00ea \u00fb hem j\u00ee YPGy\u00ea ku pirsgir\u00eak\u00ean xwe \u00e7areser bikin.<\/h3>\n<h3 style=\"text-align: justify\">Dema em v\u00ea dikin, em li bend\u00ea ne ku ew hem be\u015fdar\u00ee aramiya gi\u015ft\u00ee ya S\u00fbriyey\u00ea bibin hem j\u00ee fikar\u00ean me y\u00ean ewlehiy\u00ea ji hol\u00ea rakin.<\/h3>\n<h3 style=\"text-align: justify\">Ji bo ku em bigih\u00eejin v\u00ea armanc\u00ea, em hem\u00fb am\u00fbr\u00ean di dest\u00ea xwe de bi r\u00eay\u00ean a\u015ftiyane bi kar t\u00eenin.<\/h3>\n<h3 style=\"text-align: justify\">L\u00ea ducare dikim, ti\u015ft\u00ea ku em li vir xizmeta w\u00ea dikin, ewlehiya me ya netewey\u00ee ye. Eger kar ber bi xerabiy\u00ea ve bi\u00e7in, dibe ku alternat\u00eeveke din nem\u00eene.\u201d<\/h3>\n","protected":false},"excerpt":{"rendered":"<p>Wez\u00eer\u00ea Kar\u00ean Derve y\u00ea Tirkiyey\u00ea Hakan F\u00eedan li Romaya paytexta \u00cetalyay\u00ea, di konferanseke ku ji aliy\u00ea Enst\u00eetuya P\u00eawendiy\u00ean Navnetewey\u00ee (IAI) ve hatib\u00fb sazkirin de derbar\u00ea mijar\u00ean di rojeva her\u00eam \u00fb c\u00eehan\u00ea axiv\u00ee. F\u00eedan diyar kir ku derbar\u00ea b\u00fbyer\u00ean li S\u00fbriyey\u00ea de nirxandin\u00ean wan hene \u00fb got: \u201cEm di w\u00ea baweriy\u00ea de ne ku eger (YPG) [&hellip;]<\/p>\n","protected":false},"author":2,"featured_media":1049817,"comment_status":"closed","ping_status":"closed","sticky":false,"template":"","format":"standard","meta":{"footnotes":""},"categories":[31],"tags":[37],"class_list":["post-1049816","post","type-post","status-publish","format-standard","has-post-thumbnail","hentry","category-rojhelata-navin","tag-sereke"],"blocksy_meta":[],"seo_head":"<!-- This site is optimized with the Yoast SEO plugin v27.5 - https:\/\/yoast.com\/product\/yoast-seo-wordpress\/ -->\n<title>F\u00eedan: Em dixwazin \u015eam \u00fb HSD pirsgir\u00eak\u00ean xwe \u00e7areser bikin - Darka Maz\u00ee<\/title>\n<meta name=\"robots\" content=\"index, follow, max-snippet:-1, max-image-preview:large, max-video-preview:-1\" \/>\n<link rel=\"canonical\" href=\"https:\/\/darkamazi.info\/archives\/1049816\" \/>\n<meta property=\"og:locale\" content=\"en_US\" \/>\n<meta property=\"og:type\" content=\"article\" \/>\n<meta property=\"og:title\" content=\"F\u00eedan: Em dixwazin \u015eam \u00fb HSD pirsgir\u00eak\u00ean xwe \u00e7areser bikin - Darka Maz\u00ee\" \/>\n<meta property=\"og:description\" content=\"Wez\u00eer\u00ea Kar\u00ean Derve y\u00ea Tirkiyey\u00ea Hakan F\u00eedan li Romaya paytexta \u00cetalyay\u00ea, di konferanseke ku ji aliy\u00ea Enst\u00eetuya P\u00eawendiy\u00ean Navnetewey\u00ee (IAI) ve hatib\u00fb sazkirin de derbar\u00ea mijar\u00ean di rojeva her\u00eam \u00fb c\u00eehan\u00ea axiv\u00ee. F\u00eedan diyar kir ku derbar\u00ea b\u00fbyer\u00ean li S\u00fbriyey\u00ea de nirxandin\u00ean wan hene \u00fb got: \u201cEm di w\u00ea baweriy\u00ea de ne ku eger (YPG) [&hellip;]\" \/>\n<meta property=\"og:url\" content=\"https:\/\/darkamazi.info\/archives\/1049816\" \/>\n<meta property=\"og:site_name\" content=\"Darka Maz\u00ee\" \/>\n<meta property=\"article:publisher\" content=\"https:\/\/www.facebook.com\/DarMaziKurmanci\" \/>\n<meta property=\"article:published_time\" content=\"2025-09-13T08:21:24+00:00\" \/>\n<meta property=\"og:image\" content=\"https:\/\/darkamazi.info\/file\/2025\/09\/hakan-fidan.jpg\" \/>\n\t<meta property=\"og:image:width\" content=\"900\" \/>\n\t<meta property=\"og:image:height\" content=\"497\" \/>\n\t<meta property=\"og:image:type\" content=\"image\/jpeg\" \/>\n<meta name=\"author\" content=\"darka mazi\" \/>\n<meta name=\"twitter:card\" content=\"summary_large_image\" \/>\n<meta name=\"twitter:creator\" content=\"@DarkaMaziLatini\" \/>\n<meta name=\"twitter:site\" content=\"@DarkaMaziLatini\" \/>\n<meta name=\"twitter:label1\" content=\"Written by\" \/>\n\t<meta name=\"twitter:data1\" content=\"darka mazi\" \/>\n\t<meta name=\"twitter:label2\" content=\"Est. reading time\" \/>\n\t<meta name=\"twitter:data2\" content=\"2 minutes\" \/>\n<script type=\"application\/ld+json\" class=\"seo-schema-graph\">{\"@context\":\"https:\\\/\\\/schema.org\",\"@graph\":[{\"@type\":\"Article\",\"@id\":\"https:\\\/\\\/darkamazi.info\\\/archives\\\/1049816#article\",\"isPartOf\":{\"@id\":\"https:\\\/\\\/darkamazi.info\\\/archives\\\/1049816\"},\"author\":{\"name\":\"darka mazi\",\"@id\":\"https:\\\/\\\/darkamazi.info\\\/#\\\/schema\\\/person\\\/5ad3e24553a0567993fa8ed4bd0a776c\"},\"headline\":\"F\u00eedan: Em dixwazin \u015eam \u00fb HSD pirsgir\u00eak\u00ean xwe \u00e7areser bikin\",\"datePublished\":\"2025-09-13T08:21:24+00:00\",\"mainEntityOfPage\":{\"@id\":\"https:\\\/\\\/darkamazi.info\\\/archives\\\/1049816\"},\"wordCount\":388,\"publisher\":{\"@id\":\"https:\\\/\\\/darkamazi.info\\\/#organization\"},\"image\":{\"@id\":\"https:\\\/\\\/darkamazi.info\\\/archives\\\/1049816#primaryimage\"},\"thumbnailUrl\":\"https:\\\/\\\/darkamazi.info\\\/darka-content\\\/uploads\\\/2025\\\/09\\\/hakan-fidan.jpg\",\"keywords\":[\"sereke\"],\"articleSection\":[\"Rojhelata nav\u00een\"],\"inLanguage\":\"en-US\"},{\"@type\":\"WebPage\",\"@id\":\"https:\\\/\\\/darkamazi.info\\\/archives\\\/1049816\",\"url\":\"https:\\\/\\\/darkamazi.info\\\/archives\\\/1049816\",\"name\":\"F\u00eedan: Em dixwazin \u015eam \u00fb HSD pirsgir\u00eak\u00ean xwe \u00e7areser bikin - Darka Maz\u00ee\",\"isPartOf\":{\"@id\":\"https:\\\/\\\/darkamazi.info\\\/#website\"},\"primaryImageOfPage\":{\"@id\":\"https:\\\/\\\/darkamazi.info\\\/archives\\\/1049816#primaryimage\"},\"image\":{\"@id\":\"https:\\\/\\\/darkamazi.info\\\/archives\\\/1049816#primaryimage\"},\"thumbnailUrl\":\"https:\\\/\\\/darkamazi.info\\\/darka-content\\\/uploads\\\/2025\\\/09\\\/hakan-fidan.jpg\",\"datePublished\":\"2025-09-13T08:21:24+00:00\",\"breadcrumb\":{\"@id\":\"https:\\\/\\\/darkamazi.info\\\/archives\\\/1049816#breadcrumb\"},\"inLanguage\":\"en-US\",\"potentialAction\":[{\"@type\":\"ReadAction\",\"target\":[\"https:\\\/\\\/darkamazi.info\\\/archives\\\/1049816\"]}]},{\"@type\":\"ImageObject\",\"inLanguage\":\"en-US\",\"@id\":\"https:\\\/\\\/darkamazi.info\\\/archives\\\/1049816#primaryimage\",\"url\":\"https:\\\/\\\/darkamazi.info\\\/darka-content\\\/uploads\\\/2025\\\/09\\\/hakan-fidan.jpg\",\"contentUrl\":\"https:\\\/\\\/darkamazi.info\\\/darka-content\\\/uploads\\\/2025\\\/09\\\/hakan-fidan.jpg\",\"width\":900,\"height\":497,\"caption\":\"F\u00eedan: Em dixwazin \u015eam \u00fb HSD pirsgir\u00eak\u00ean xwe \u00e7areser bikin\"},{\"@type\":\"BreadcrumbList\",\"@id\":\"https:\\\/\\\/darkamazi.info\\\/archives\\\/1049816#breadcrumb\",\"itemListElement\":[{\"@type\":\"ListItem\",\"position\":1,\"name\":\"Home\",\"item\":\"https:\\\/\\\/darkamazi.info\\\/\"},{\"@type\":\"ListItem\",\"position\":2,\"name\":\"F\u00eedan: Em dixwazin \u015eam \u00fb HSD pirsgir\u00eak\u00ean xwe \u00e7areser bikin\"}]},{\"@type\":\"WebSite\",\"@id\":\"https:\\\/\\\/darkamazi.info\\\/#website\",\"url\":\"https:\\\/\\\/darkamazi.info\\\/\",\"name\":\"Darka Maz\u00ee\",\"description\":\"P\u00eageha Zanyariy\u00ean Nebih\u00eest\u00ee\",\"publisher\":{\"@id\":\"https:\\\/\\\/darkamazi.info\\\/#organization\"},\"potentialAction\":[{\"@type\":\"SearchAction\",\"target\":{\"@type\":\"EntryPoint\",\"urlTemplate\":\"https:\\\/\\\/darkamazi.info\\\/?s={search_term_string}\"},\"query-input\":{\"@type\":\"PropertyValueSpecification\",\"valueRequired\":true,\"valueName\":\"search_term_string\"}}],\"inLanguage\":\"en-US\"},{\"@type\":\"Organization\",\"@id\":\"https:\\\/\\\/darkamazi.info\\\/#organization\",\"name\":\"Darka Maz\u00ee\",\"url\":\"https:\\\/\\\/darkamazi.info\\\/\",\"logo\":{\"@type\":\"ImageObject\",\"inLanguage\":\"en-US\",\"@id\":\"https:\\\/\\\/darkamazi.info\\\/#\\\/schema\\\/logo\\\/image\\\/\",\"url\":\"https:\\\/\\\/darkamazi.info\\\/darka-content\\\/uploads\\\/2017\\\/12\\\/darka-mazi-logo.png\",\"contentUrl\":\"https:\\\/\\\/darkamazi.info\\\/darka-content\\\/uploads\\\/2017\\\/12\\\/darka-mazi-logo.png\",\"width\":151,\"height\":75,\"caption\":\"Darka Maz\u00ee\"},\"image\":{\"@id\":\"https:\\\/\\\/darkamazi.info\\\/#\\\/schema\\\/logo\\\/image\\\/\"},\"sameAs\":[\"https:\\\/\\\/www.facebook.com\\\/DarMaziKurmanci\",\"https:\\\/\\\/x.com\\\/DarkaMaziLatini\",\"https:\\\/\\\/www.instagram.com\\\/darkamazi.kurmanci\\\/\",\"https:\\\/\\\/www.youtube.com\\\/channel\\\/UCa5HkTdmI8U1qCUFuTw8B2g\"]},{\"@type\":\"Person\",\"@id\":\"https:\\\/\\\/darkamazi.info\\\/#\\\/schema\\\/person\\\/5ad3e24553a0567993fa8ed4bd0a776c\",\"name\":\"darka mazi\",\"sameAs\":[\"https:\\\/\\\/darkamazi.info\\\/\"],\"url\":\"https:\\\/\\\/darkamazi.info\\\/archives\\\/author\\\/kurdi\"}]}<\/script>\n<!-- \/ Yoast SEO plugin. -->","seo_head_json":{"title":"F\u00eedan: Em dixwazin \u015eam \u00fb HSD pirsgir\u00eak\u00ean xwe \u00e7areser bikin - Darka Maz\u00ee","robots":{"index":"index","follow":"follow","max-snippet":"max-snippet:-1","max-image-preview":"max-image-preview:large","max-video-preview":"max-video-preview:-1"},"canonical":"https:\/\/darkamazi.info\/archives\/1049816","og_locale":"en_US","og_type":"article","og_title":"F\u00eedan: Em dixwazin \u015eam \u00fb HSD pirsgir\u00eak\u00ean xwe \u00e7areser bikin - Darka Maz\u00ee","og_description":"Wez\u00eer\u00ea Kar\u00ean Derve y\u00ea Tirkiyey\u00ea Hakan F\u00eedan li Romaya paytexta \u00cetalyay\u00ea, di konferanseke ku ji aliy\u00ea Enst\u00eetuya P\u00eawendiy\u00ean Navnetewey\u00ee (IAI) ve hatib\u00fb sazkirin de derbar\u00ea mijar\u00ean di rojeva her\u00eam \u00fb c\u00eehan\u00ea axiv\u00ee. F\u00eedan diyar kir ku derbar\u00ea b\u00fbyer\u00ean li S\u00fbriyey\u00ea de nirxandin\u00ean wan hene \u00fb got: \u201cEm di w\u00ea baweriy\u00ea de ne ku eger (YPG) [&hellip;]","og_url":"https:\/\/darkamazi.info\/archives\/1049816","og_site_name":"Darka Maz\u00ee","article_publisher":"https:\/\/www.facebook.com\/DarMaziKurmanci","article_published_time":"2025-09-13T08:21:24+00:00","og_image":[{"width":900,"height":497,"url":"https:\/\/darkamazi.info\/file\/2025\/09\/hakan-fidan.jpg","type":"image\/jpeg"}],"author":"darka mazi","twitter_card":"summary_large_image","twitter_creator":"@DarkaMaziLatini","twitter_site":"@DarkaMaziLatini","twitter_misc":{"Written by":"darka mazi","Est. reading time":"2 minutes"},"schema":{"@context":"https:\/\/schema.org","@graph":[{"@type":"Article","@id":"https:\/\/darkamazi.info\/archives\/1049816#article","isPartOf":{"@id":"https:\/\/darkamazi.info\/archives\/1049816"},"author":{"name":"darka mazi","@id":"https:\/\/darkamazi.info\/#\/schema\/person\/5ad3e24553a0567993fa8ed4bd0a776c"},"headline":"F\u00eedan: Em dixwazin \u015eam \u00fb HSD pirsgir\u00eak\u00ean xwe \u00e7areser bikin","datePublished":"2025-09-13T08:21:24+00:00","mainEntityOfPage":{"@id":"https:\/\/darkamazi.info\/archives\/1049816"},"wordCount":388,"publisher":{"@id":"https:\/\/darkamazi.info\/#organization"},"image":{"@id":"https:\/\/darkamazi.info\/archives\/1049816#primaryimage"},"thumbnailUrl":"https:\/\/darkamazi.info\/file\/2025\/09\/hakan-fidan.jpg","keywords":["sereke"],"articleSection":["Rojhelata nav\u00een"],"inLanguage":"en-US"},{"@type":"WebPage","@id":"https:\/\/darkamazi.info\/archives\/1049816","url":"https:\/\/darkamazi.info\/archives\/1049816","name":"F\u00eedan: Em dixwazin \u015eam \u00fb HSD pirsgir\u00eak\u00ean xwe \u00e7areser bikin - Darka Maz\u00ee","isPartOf":{"@id":"https:\/\/darkamazi.info\/#website"},"primaryImageOfPage":{"@id":"https:\/\/darkamazi.info\/archives\/1049816#primaryimage"},"image":{"@id":"https:\/\/darkamazi.info\/archives\/1049816#primaryimage"},"thumbnailUrl":"https:\/\/darkamazi.info\/file\/2025\/09\/hakan-fidan.jpg","datePublished":"2025-09-13T08:21:24+00:00","breadcrumb":{"@id":"https:\/\/darkamazi.info\/archives\/1049816#breadcrumb"},"inLanguage":"en-US","potentialAction":[{"@type":"ReadAction","target":["https:\/\/darkamazi.info\/archives\/1049816"]}]},{"@type":"ImageObject","inLanguage":"en-US","@id":"https:\/\/darkamazi.info\/archives\/1049816#primaryimage","url":"https:\/\/darkamazi.info\/file\/2025\/09\/hakan-fidan.jpg","contentUrl":"https:\/\/darkamazi.info\/file\/2025\/09\/hakan-fidan.jpg","width":900,"height":497,"caption":"F\u00eedan: Em dixwazin \u015eam \u00fb HSD pirsgir\u00eak\u00ean xwe \u00e7areser bikin"},{"@type":"BreadcrumbList","@id":"https:\/\/darkamazi.info\/archives\/1049816#breadcrumb","itemListElement":[{"@type":"ListItem","position":1,"name":"Home","item":"https:\/\/darkamazi.info\/"},{"@type":"ListItem","position":2,"name":"F\u00eedan: Em dixwazin \u015eam \u00fb HSD pirsgir\u00eak\u00ean xwe \u00e7areser bikin"}]},{"@type":"WebSite","@id":"https:\/\/darkamazi.info\/#website","url":"https:\/\/darkamazi.info\/","name":"Darka Maz\u00ee","description":"P\u00eageha Zanyariy\u00ean Nebih\u00eest\u00ee","publisher":{"@id":"https:\/\/darkamazi.info\/#organization"},"potentialAction":[{"@type":"SearchAction","target":{"@type":"EntryPoint","urlTemplate":"https:\/\/darkamazi.info\/?s={search_term_string}"},"query-input":{"@type":"PropertyValueSpecification","valueRequired":true,"valueName":"search_term_string"}}],"inLanguage":"en-US"},{"@type":"Organization","@id":"https:\/\/darkamazi.info\/#organization","name":"Darka Maz\u00ee","url":"https:\/\/darkamazi.info\/","logo":{"@type":"ImageObject","inLanguage":"en-US","@id":"https:\/\/darkamazi.info\/#\/schema\/logo\/image\/","url":"https:\/\/darkamazi.info\/file\/2017\/12\/darka-mazi-logo.png","contentUrl":"https:\/\/darkamazi.info\/file\/2017\/12\/darka-mazi-logo.png","width":151,"height":75,"caption":"Darka Maz\u00ee"},"image":{"@id":"https:\/\/darkamazi.info\/#\/schema\/logo\/image\/"},"sameAs":["https:\/\/www.facebook.com\/DarMaziKurmanci","https:\/\/x.com\/DarkaMaziLatini","https:\/\/www.instagram.com\/darkamazi.kurmanci\/","https:\/\/www.youtube.com\/channel\/UCa5HkTdmI8U1qCUFuTw8B2g"]},{"@type":"Person","@id":"https:\/\/darkamazi.info\/#\/schema\/person\/5ad3e24553a0567993fa8ed4bd0a776c","name":"darka mazi","sameAs":["https:\/\/darkamazi.info\/"],"url":"https:\/\/darkamazi.info\/archives\/author\/kurdi"}]}},"_links":{"self":[{"href":"https:\/\/darkamazi.info\/funavuv\/wp\/v2\/posts\/1049816","targetHints":{"allow":["GET"]}}],"collection":[{"href":"https:\/\/darkamazi.info\/funavuv\/wp\/v2\/posts"}],"about":[{"href":"https:\/\/darkamazi.info\/funavuv\/wp\/v2\/types\/post"}],"author":[{"embeddable":true,"href":"https:\/\/darkamazi.info\/funavuv\/wp\/v2\/users\/2"}],"replies":[{"embeddable":true,"href":"https:\/\/darkamazi.info\/funavuv\/wp\/v2\/comments?post=1049816"}],"version-history":[{"count":0,"href":"https:\/\/darkamazi.info\/funavuv\/wp\/v2\/posts\/1049816\/revisions"}],"wp:featuredmedia":[{"embeddable":true,"href":"https:\/\/darkamazi.info\/funavuv\/wp\/v2\/media\/1049817"}],"wp:attachment":[{"href":"https:\/\/darkamazi.info\/funavuv\/wp\/v2\/media?parent=1049816"}],"wp:term":[{"taxonomy":"category","embeddable":true,"href":"https:\/\/darkamazi.info\/funavuv\/wp\/v2\/categories?post=1049816"},{"taxonomy":"post_tag","embeddable":true,"href":"https:\/\/darkamazi.info\/funavuv\/wp\/v2\/tags?post=1049816"}],"curies":[{"name":"wp","href":"https:\/\/api.w.org\/{rel}","templated":true}]}}