{"id":1049825,"date":"2025-09-14T11:10:02","date_gmt":"2025-09-14T08:10:02","guid":{"rendered":"https:\/\/darkamazi.info\/?p=1049825"},"modified":"2025-09-14T11:10:02","modified_gmt":"2025-09-14T08:10:02","slug":"enks-dive-em-bi-hikumeta-suriyeye-re-danustandinan-bikin","status":"publish","type":"post","link":"https:\/\/darkamazi.info\/archives\/1049825","title":{"rendered":"ENKS: Div\u00ea em bi Hik\u00fbmeta S\u00fbriyey\u00ea re dan\u00fbstandinan bikin"},"content":{"rendered":"<h3 style=\"text-align: justify\"><span style=\"font-family: 'arial black', sans-serif\">Enc\u00fbmena Ni\u015ft\u00eeman\u00ee ya Kurd li S\u00fbriyey\u00ea (ENKS) di beyannameyek\u00ea de daxwaz kir ku, ji bo diyarkirina away\u00ea desthilatdariya pa\u015feroj\u00ea ya dewleta S\u00fbriyey\u00ea \u00fb ji bo \u00e7areseriyeke dadperwerane \u00fb tevgir ji bo pirsa Kurdan diyalogeke cid\u00ee bi Hik\u00fbmeta S\u00fbriyey\u00ea re b\u00ea kirin.<\/span><\/h3>\n<h3 style=\"text-align: justify\">ENKS\u00ea di w\u00ea beyannamey\u00ea de daxwaza &#8220;Al\u00eekar\u00ee \u00fb hevkariy\u00ea di navbera hem\u00ee p\u00eakhatey\u00ean gel\u00ea S\u00fbriyey\u00ea de&#8221; kir. Herwesa got, \u201cDiv\u00ea ev xebata hevpar bi awayek\u00ee be ku, p\u00eakan\u00eena xwestek\u00ean her kes\u00ee di dewleteke demokrat\u00eek a piral\u00ee de garant\u00ee bike, ku hem\u00ee p\u00eakhatey\u00ean S\u00fbriyey\u00ea vegire.\u201d<\/h3>\n<h3 style=\"text-align: justify\">Di w\u00ea beyannamey\u00ea de herwesa daxwaz hatiye kiriy ku, baldar\u00ee bikeve ser qonaxa avakirina dewleta n\u00fb ya S\u00fbriyey\u00ea, ku p\u00eadiv\u00eet\u00ee bi tevl\u00eeb\u00fbna \u00e7alak \u00fb tevgir a hem\u00ee p\u00eakhatey\u00ean civaka S\u00fbriyey\u00ea heye. Herwesa ENKS\u00ea amaje daye rola gel\u00ea Kurd di p\u00ea\u015fxistina jiyana siyas\u00ee li S\u00fbriyey\u00ea de, tev\u00ee w\u00ea pa\u015fguhxistin \u00fb ha\u015fat\u00eekirina ji maf\u00ean w\u00ea y\u00ean netewey\u00ee t\u00ea kirin.<\/h3>\n<h3 style=\"text-align: justify\">Endam\u00ea Kom\u00eeteya T\u00eakiliy\u00ean Derve ya ENKS\u00ea \u00cebrah\u00eem Bro duh\u00ee roja \u015eem\u00ee, 13\u00ea \u00celona 2025an ji ragihand, \u201cTu aliyek\u00ee li Rojavay\u00ea Kurdistan\u00ea daxwaza cudab\u00fbn \u00fb serxweb\u00fbn\u00ea nekiriye, di eyn\u00ee dem\u00ea de niha rew\u015feke cuda \u00fb er\u00ean\u00ee ji bo Kurdan li S\u00fbriyey\u00ea \u00e7\u00ea b\u00fbye. Hik\u00fbmeta S\u00fbriyey\u00ea ya niha derfet daye Kurdan ku, bi r\u00eaya dest\u00fbr \u00fb diyalog\u00ea maf\u00ean xwe bi dest bixin.\u201d<\/h3>\n<h3 style=\"text-align: justify\">Serokkomar\u00ea S\u00fbriyey\u00ea Ehmed \u015eera \u00fb Fermandar\u00ea H\u00eaz\u00ean S\u00fbriyeya Demokrat\u00eek (HSD) Mezl\u00fbm Ebd\u00ee li roja 10\u00ea Adara 2025\u00ea peymanek \u00eemze kir, da ku dezgeh\u00ean siv\u00eel \u00fb y\u00ean le\u015fker\u00ee y\u00ean Rojavay\u00ea Kurdistan\u00ea bi Hik\u00fbmeta S\u00fbriyey\u00ea ya n\u00fb re bikin yek.<\/h3>\n","protected":false},"excerpt":{"rendered":"<p>Enc\u00fbmena Ni\u015ft\u00eeman\u00ee ya Kurd li S\u00fbriyey\u00ea (ENKS) di beyannameyek\u00ea de daxwaz kir ku, ji bo diyarkirina away\u00ea desthilatdariya pa\u015feroj\u00ea ya dewleta S\u00fbriyey\u00ea \u00fb ji bo \u00e7areseriyeke dadperwerane \u00fb tevgir ji bo pirsa Kurdan diyalogeke cid\u00ee bi Hik\u00fbmeta S\u00fbriyey\u00ea re b\u00ea kirin. ENKS\u00ea di w\u00ea beyannamey\u00ea de daxwaza &#8220;Al\u00eekar\u00ee \u00fb hevkariy\u00ea di navbera hem\u00ee p\u00eakhatey\u00ean gel\u00ea [&hellip;]<\/p>\n","protected":false},"author":2,"featured_media":1049826,"comment_status":"closed","ping_status":"closed","sticky":false,"template":"","format":"standard","meta":{"footnotes":""},"categories":[29],"tags":[37],"class_list":["post-1049825","post","type-post","status-publish","format-standard","has-post-thumbnail","hentry","category-kurdistan","tag-sereke"],"blocksy_meta":[],"seo_head":"<!-- This site is optimized with the Yoast SEO plugin v27.5 - https:\/\/yoast.com\/product\/yoast-seo-wordpress\/ -->\n<title>ENKS: Div\u00ea em bi Hik\u00fbmeta S\u00fbriyey\u00ea re dan\u00fbstandinan bikin - Darka Maz\u00ee<\/title>\n<meta name=\"robots\" content=\"index, follow, max-snippet:-1, max-image-preview:large, max-video-preview:-1\" \/>\n<link rel=\"canonical\" href=\"https:\/\/darkamazi.info\/archives\/1049825\" \/>\n<meta property=\"og:locale\" content=\"en_US\" \/>\n<meta property=\"og:type\" content=\"article\" \/>\n<meta property=\"og:title\" content=\"ENKS: Div\u00ea em bi Hik\u00fbmeta S\u00fbriyey\u00ea re dan\u00fbstandinan bikin - Darka Maz\u00ee\" \/>\n<meta property=\"og:description\" content=\"Enc\u00fbmena Ni\u015ft\u00eeman\u00ee ya Kurd li S\u00fbriyey\u00ea (ENKS) di beyannameyek\u00ea de daxwaz kir ku, ji bo diyarkirina away\u00ea desthilatdariya pa\u015feroj\u00ea ya dewleta S\u00fbriyey\u00ea \u00fb ji bo \u00e7areseriyeke dadperwerane \u00fb tevgir ji bo pirsa Kurdan diyalogeke cid\u00ee bi Hik\u00fbmeta S\u00fbriyey\u00ea re b\u00ea kirin. ENKS\u00ea di w\u00ea beyannamey\u00ea de daxwaza &#8220;Al\u00eekar\u00ee \u00fb hevkariy\u00ea di navbera hem\u00ee p\u00eakhatey\u00ean gel\u00ea [&hellip;]\" \/>\n<meta property=\"og:url\" content=\"https:\/\/darkamazi.info\/archives\/1049825\" \/>\n<meta property=\"og:site_name\" content=\"Darka Maz\u00ee\" \/>\n<meta property=\"article:publisher\" content=\"https:\/\/www.facebook.com\/DarMaziKurmanci\" \/>\n<meta property=\"article:published_time\" content=\"2025-09-14T08:10:02+00:00\" \/>\n<meta property=\"og:image\" content=\"https:\/\/darkamazi.info\/file\/2025\/09\/enks-rojava-1-1.jpg\" \/>\n\t<meta property=\"og:image:width\" content=\"900\" \/>\n\t<meta property=\"og:image:height\" content=\"497\" \/>\n\t<meta property=\"og:image:type\" content=\"image\/jpeg\" \/>\n<meta name=\"author\" content=\"darka mazi\" \/>\n<meta name=\"twitter:card\" content=\"summary_large_image\" \/>\n<meta name=\"twitter:creator\" content=\"@DarkaMaziLatini\" \/>\n<meta name=\"twitter:site\" content=\"@DarkaMaziLatini\" \/>\n<meta name=\"twitter:label1\" content=\"Written by\" \/>\n\t<meta name=\"twitter:data1\" content=\"darka mazi\" \/>\n\t<meta name=\"twitter:label2\" content=\"Est. reading time\" \/>\n\t<meta name=\"twitter:data2\" content=\"2 minutes\" \/>\n<script type=\"application\/ld+json\" class=\"seo-schema-graph\">{\"@context\":\"https:\\\/\\\/schema.org\",\"@graph\":[{\"@type\":\"Article\",\"@id\":\"https:\\\/\\\/darkamazi.info\\\/archives\\\/1049825#article\",\"isPartOf\":{\"@id\":\"https:\\\/\\\/darkamazi.info\\\/archives\\\/1049825\"},\"author\":{\"name\":\"darka mazi\",\"@id\":\"https:\\\/\\\/darkamazi.info\\\/#\\\/schema\\\/person\\\/5ad3e24553a0567993fa8ed4bd0a776c\"},\"headline\":\"ENKS: Div\u00ea em bi Hik\u00fbmeta S\u00fbriyey\u00ea re dan\u00fbstandinan bikin\",\"datePublished\":\"2025-09-14T08:10:02+00:00\",\"mainEntityOfPage\":{\"@id\":\"https:\\\/\\\/darkamazi.info\\\/archives\\\/1049825\"},\"wordCount\":300,\"publisher\":{\"@id\":\"https:\\\/\\\/darkamazi.info\\\/#organization\"},\"image\":{\"@id\":\"https:\\\/\\\/darkamazi.info\\\/archives\\\/1049825#primaryimage\"},\"thumbnailUrl\":\"https:\\\/\\\/darkamazi.info\\\/darka-content\\\/uploads\\\/2025\\\/09\\\/enks-rojava-1-1.jpg\",\"keywords\":[\"sereke\"],\"articleSection\":[\"Kurdistan\"],\"inLanguage\":\"en-US\"},{\"@type\":\"WebPage\",\"@id\":\"https:\\\/\\\/darkamazi.info\\\/archives\\\/1049825\",\"url\":\"https:\\\/\\\/darkamazi.info\\\/archives\\\/1049825\",\"name\":\"ENKS: Div\u00ea em bi Hik\u00fbmeta S\u00fbriyey\u00ea re dan\u00fbstandinan bikin - Darka Maz\u00ee\",\"isPartOf\":{\"@id\":\"https:\\\/\\\/darkamazi.info\\\/#website\"},\"primaryImageOfPage\":{\"@id\":\"https:\\\/\\\/darkamazi.info\\\/archives\\\/1049825#primaryimage\"},\"image\":{\"@id\":\"https:\\\/\\\/darkamazi.info\\\/archives\\\/1049825#primaryimage\"},\"thumbnailUrl\":\"https:\\\/\\\/darkamazi.info\\\/darka-content\\\/uploads\\\/2025\\\/09\\\/enks-rojava-1-1.jpg\",\"datePublished\":\"2025-09-14T08:10:02+00:00\",\"breadcrumb\":{\"@id\":\"https:\\\/\\\/darkamazi.info\\\/archives\\\/1049825#breadcrumb\"},\"inLanguage\":\"en-US\",\"potentialAction\":[{\"@type\":\"ReadAction\",\"target\":[\"https:\\\/\\\/darkamazi.info\\\/archives\\\/1049825\"]}]},{\"@type\":\"ImageObject\",\"inLanguage\":\"en-US\",\"@id\":\"https:\\\/\\\/darkamazi.info\\\/archives\\\/1049825#primaryimage\",\"url\":\"https:\\\/\\\/darkamazi.info\\\/darka-content\\\/uploads\\\/2025\\\/09\\\/enks-rojava-1-1.jpg\",\"contentUrl\":\"https:\\\/\\\/darkamazi.info\\\/darka-content\\\/uploads\\\/2025\\\/09\\\/enks-rojava-1-1.jpg\",\"width\":900,\"height\":497,\"caption\":\"ENKS: Div\u00ea em bi Hik\u00fbmeta S\u00fbriyey\u00ea re dan\u00fbstandinan bikin\"},{\"@type\":\"BreadcrumbList\",\"@id\":\"https:\\\/\\\/darkamazi.info\\\/archives\\\/1049825#breadcrumb\",\"itemListElement\":[{\"@type\":\"ListItem\",\"position\":1,\"name\":\"Home\",\"item\":\"https:\\\/\\\/darkamazi.info\\\/\"},{\"@type\":\"ListItem\",\"position\":2,\"name\":\"ENKS: Div\u00ea em bi Hik\u00fbmeta S\u00fbriyey\u00ea re dan\u00fbstandinan bikin\"}]},{\"@type\":\"WebSite\",\"@id\":\"https:\\\/\\\/darkamazi.info\\\/#website\",\"url\":\"https:\\\/\\\/darkamazi.info\\\/\",\"name\":\"Darka Maz\u00ee\",\"description\":\"P\u00eageha Zanyariy\u00ean Nebih\u00eest\u00ee\",\"publisher\":{\"@id\":\"https:\\\/\\\/darkamazi.info\\\/#organization\"},\"potentialAction\":[{\"@type\":\"SearchAction\",\"target\":{\"@type\":\"EntryPoint\",\"urlTemplate\":\"https:\\\/\\\/darkamazi.info\\\/?s={search_term_string}\"},\"query-input\":{\"@type\":\"PropertyValueSpecification\",\"valueRequired\":true,\"valueName\":\"search_term_string\"}}],\"inLanguage\":\"en-US\"},{\"@type\":\"Organization\",\"@id\":\"https:\\\/\\\/darkamazi.info\\\/#organization\",\"name\":\"Darka Maz\u00ee\",\"url\":\"https:\\\/\\\/darkamazi.info\\\/\",\"logo\":{\"@type\":\"ImageObject\",\"inLanguage\":\"en-US\",\"@id\":\"https:\\\/\\\/darkamazi.info\\\/#\\\/schema\\\/logo\\\/image\\\/\",\"url\":\"https:\\\/\\\/darkamazi.info\\\/darka-content\\\/uploads\\\/2017\\\/12\\\/darka-mazi-logo.png\",\"contentUrl\":\"https:\\\/\\\/darkamazi.info\\\/darka-content\\\/uploads\\\/2017\\\/12\\\/darka-mazi-logo.png\",\"width\":151,\"height\":75,\"caption\":\"Darka Maz\u00ee\"},\"image\":{\"@id\":\"https:\\\/\\\/darkamazi.info\\\/#\\\/schema\\\/logo\\\/image\\\/\"},\"sameAs\":[\"https:\\\/\\\/www.facebook.com\\\/DarMaziKurmanci\",\"https:\\\/\\\/x.com\\\/DarkaMaziLatini\",\"https:\\\/\\\/www.instagram.com\\\/darkamazi.kurmanci\\\/\",\"https:\\\/\\\/www.youtube.com\\\/channel\\\/UCa5HkTdmI8U1qCUFuTw8B2g\"]},{\"@type\":\"Person\",\"@id\":\"https:\\\/\\\/darkamazi.info\\\/#\\\/schema\\\/person\\\/5ad3e24553a0567993fa8ed4bd0a776c\",\"name\":\"darka mazi\",\"sameAs\":[\"https:\\\/\\\/darkamazi.info\\\/\"],\"url\":\"https:\\\/\\\/darkamazi.info\\\/archives\\\/author\\\/kurdi\"}]}<\/script>\n<!-- \/ Yoast SEO plugin. -->","seo_head_json":{"title":"ENKS: Div\u00ea em bi Hik\u00fbmeta S\u00fbriyey\u00ea re dan\u00fbstandinan bikin - Darka Maz\u00ee","robots":{"index":"index","follow":"follow","max-snippet":"max-snippet:-1","max-image-preview":"max-image-preview:large","max-video-preview":"max-video-preview:-1"},"canonical":"https:\/\/darkamazi.info\/archives\/1049825","og_locale":"en_US","og_type":"article","og_title":"ENKS: Div\u00ea em bi Hik\u00fbmeta S\u00fbriyey\u00ea re dan\u00fbstandinan bikin - Darka Maz\u00ee","og_description":"Enc\u00fbmena Ni\u015ft\u00eeman\u00ee ya Kurd li S\u00fbriyey\u00ea (ENKS) di beyannameyek\u00ea de daxwaz kir ku, ji bo diyarkirina away\u00ea desthilatdariya pa\u015feroj\u00ea ya dewleta S\u00fbriyey\u00ea \u00fb ji bo \u00e7areseriyeke dadperwerane \u00fb tevgir ji bo pirsa Kurdan diyalogeke cid\u00ee bi Hik\u00fbmeta S\u00fbriyey\u00ea re b\u00ea kirin. ENKS\u00ea di w\u00ea beyannamey\u00ea de daxwaza &#8220;Al\u00eekar\u00ee \u00fb hevkariy\u00ea di navbera hem\u00ee p\u00eakhatey\u00ean gel\u00ea [&hellip;]","og_url":"https:\/\/darkamazi.info\/archives\/1049825","og_site_name":"Darka Maz\u00ee","article_publisher":"https:\/\/www.facebook.com\/DarMaziKurmanci","article_published_time":"2025-09-14T08:10:02+00:00","og_image":[{"width":900,"height":497,"url":"https:\/\/darkamazi.info\/file\/2025\/09\/enks-rojava-1-1.jpg","type":"image\/jpeg"}],"author":"darka mazi","twitter_card":"summary_large_image","twitter_creator":"@DarkaMaziLatini","twitter_site":"@DarkaMaziLatini","twitter_misc":{"Written by":"darka mazi","Est. reading time":"2 minutes"},"schema":{"@context":"https:\/\/schema.org","@graph":[{"@type":"Article","@id":"https:\/\/darkamazi.info\/archives\/1049825#article","isPartOf":{"@id":"https:\/\/darkamazi.info\/archives\/1049825"},"author":{"name":"darka mazi","@id":"https:\/\/darkamazi.info\/#\/schema\/person\/5ad3e24553a0567993fa8ed4bd0a776c"},"headline":"ENKS: Div\u00ea em bi Hik\u00fbmeta S\u00fbriyey\u00ea re dan\u00fbstandinan bikin","datePublished":"2025-09-14T08:10:02+00:00","mainEntityOfPage":{"@id":"https:\/\/darkamazi.info\/archives\/1049825"},"wordCount":300,"publisher":{"@id":"https:\/\/darkamazi.info\/#organization"},"image":{"@id":"https:\/\/darkamazi.info\/archives\/1049825#primaryimage"},"thumbnailUrl":"https:\/\/darkamazi.info\/file\/2025\/09\/enks-rojava-1-1.jpg","keywords":["sereke"],"articleSection":["Kurdistan"],"inLanguage":"en-US"},{"@type":"WebPage","@id":"https:\/\/darkamazi.info\/archives\/1049825","url":"https:\/\/darkamazi.info\/archives\/1049825","name":"ENKS: Div\u00ea em bi Hik\u00fbmeta S\u00fbriyey\u00ea re dan\u00fbstandinan bikin - Darka Maz\u00ee","isPartOf":{"@id":"https:\/\/darkamazi.info\/#website"},"primaryImageOfPage":{"@id":"https:\/\/darkamazi.info\/archives\/1049825#primaryimage"},"image":{"@id":"https:\/\/darkamazi.info\/archives\/1049825#primaryimage"},"thumbnailUrl":"https:\/\/darkamazi.info\/file\/2025\/09\/enks-rojava-1-1.jpg","datePublished":"2025-09-14T08:10:02+00:00","breadcrumb":{"@id":"https:\/\/darkamazi.info\/archives\/1049825#breadcrumb"},"inLanguage":"en-US","potentialAction":[{"@type":"ReadAction","target":["https:\/\/darkamazi.info\/archives\/1049825"]}]},{"@type":"ImageObject","inLanguage":"en-US","@id":"https:\/\/darkamazi.info\/archives\/1049825#primaryimage","url":"https:\/\/darkamazi.info\/file\/2025\/09\/enks-rojava-1-1.jpg","contentUrl":"https:\/\/darkamazi.info\/file\/2025\/09\/enks-rojava-1-1.jpg","width":900,"height":497,"caption":"ENKS: Div\u00ea em bi Hik\u00fbmeta S\u00fbriyey\u00ea re dan\u00fbstandinan bikin"},{"@type":"BreadcrumbList","@id":"https:\/\/darkamazi.info\/archives\/1049825#breadcrumb","itemListElement":[{"@type":"ListItem","position":1,"name":"Home","item":"https:\/\/darkamazi.info\/"},{"@type":"ListItem","position":2,"name":"ENKS: Div\u00ea em bi Hik\u00fbmeta S\u00fbriyey\u00ea re dan\u00fbstandinan bikin"}]},{"@type":"WebSite","@id":"https:\/\/darkamazi.info\/#website","url":"https:\/\/darkamazi.info\/","name":"Darka Maz\u00ee","description":"P\u00eageha Zanyariy\u00ean Nebih\u00eest\u00ee","publisher":{"@id":"https:\/\/darkamazi.info\/#organization"},"potentialAction":[{"@type":"SearchAction","target":{"@type":"EntryPoint","urlTemplate":"https:\/\/darkamazi.info\/?s={search_term_string}"},"query-input":{"@type":"PropertyValueSpecification","valueRequired":true,"valueName":"search_term_string"}}],"inLanguage":"en-US"},{"@type":"Organization","@id":"https:\/\/darkamazi.info\/#organization","name":"Darka Maz\u00ee","url":"https:\/\/darkamazi.info\/","logo":{"@type":"ImageObject","inLanguage":"en-US","@id":"https:\/\/darkamazi.info\/#\/schema\/logo\/image\/","url":"https:\/\/darkamazi.info\/file\/2017\/12\/darka-mazi-logo.png","contentUrl":"https:\/\/darkamazi.info\/file\/2017\/12\/darka-mazi-logo.png","width":151,"height":75,"caption":"Darka Maz\u00ee"},"image":{"@id":"https:\/\/darkamazi.info\/#\/schema\/logo\/image\/"},"sameAs":["https:\/\/www.facebook.com\/DarMaziKurmanci","https:\/\/x.com\/DarkaMaziLatini","https:\/\/www.instagram.com\/darkamazi.kurmanci\/","https:\/\/www.youtube.com\/channel\/UCa5HkTdmI8U1qCUFuTw8B2g"]},{"@type":"Person","@id":"https:\/\/darkamazi.info\/#\/schema\/person\/5ad3e24553a0567993fa8ed4bd0a776c","name":"darka mazi","sameAs":["https:\/\/darkamazi.info\/"],"url":"https:\/\/darkamazi.info\/archives\/author\/kurdi"}]}},"_links":{"self":[{"href":"https:\/\/darkamazi.info\/funavuv\/wp\/v2\/posts\/1049825","targetHints":{"allow":["GET"]}}],"collection":[{"href":"https:\/\/darkamazi.info\/funavuv\/wp\/v2\/posts"}],"about":[{"href":"https:\/\/darkamazi.info\/funavuv\/wp\/v2\/types\/post"}],"author":[{"embeddable":true,"href":"https:\/\/darkamazi.info\/funavuv\/wp\/v2\/users\/2"}],"replies":[{"embeddable":true,"href":"https:\/\/darkamazi.info\/funavuv\/wp\/v2\/comments?post=1049825"}],"version-history":[{"count":0,"href":"https:\/\/darkamazi.info\/funavuv\/wp\/v2\/posts\/1049825\/revisions"}],"wp:featuredmedia":[{"embeddable":true,"href":"https:\/\/darkamazi.info\/funavuv\/wp\/v2\/media\/1049826"}],"wp:attachment":[{"href":"https:\/\/darkamazi.info\/funavuv\/wp\/v2\/media?parent=1049825"}],"wp:term":[{"taxonomy":"category","embeddable":true,"href":"https:\/\/darkamazi.info\/funavuv\/wp\/v2\/categories?post=1049825"},{"taxonomy":"post_tag","embeddable":true,"href":"https:\/\/darkamazi.info\/funavuv\/wp\/v2\/tags?post=1049825"}],"curies":[{"name":"wp","href":"https:\/\/api.w.org\/{rel}","templated":true}]}}