{"id":1049834,"date":"2025-09-14T13:59:40","date_gmt":"2025-09-14T10:59:40","guid":{"rendered":"https:\/\/darkamazi.info\/?p=1049834"},"modified":"2025-09-14T13:59:40","modified_gmt":"2025-09-14T10:59:40","slug":"ceteyen-pkke-ciwanen-soresger-keceke-14-sali-li-kobane-revand-2","status":"publish","type":"post","link":"https:\/\/darkamazi.info\/archives\/1049834","title":{"rendered":"\u00c7etey\u00ean PKK\u2019\u00ea &#8220;Ciwan\u00ean \u015eore\u015fger&#8221; ke\u00e7eke 14 sal\u00ee li Koban\u00ea revand"},"content":{"rendered":"<h3 style=\"text-align: justify\"><span style=\"font-family: 'arial black', sans-serif\">Revandina zarokan li Rojavay\u00ea Kurdistan\u00ea \u00fb her\u00eam\u00ean di bin kontrola HSD\u2019\u00ea de berdewam dike \u00fb her\u00ee daw\u00ee \u00e7etey\u00ean PKK\u2019\u00ea \u201cCiwan\u00ean \u015eore\u015fger\u201d ke\u00e7eke temen 14 sal\u00ee li Koban\u00ea revand.<\/span><\/h3>\n<h3 style=\"text-align: justify\">\u00c7avkaniy\u00ean Darka Maz\u00ee e\u015fkere kirin, \u00e7etey\u00ean PKK\u2019\u00ea y\u00ean bi nav\u00ea &#8220;Ciwan\u00ean \u015eore\u015fger&#8221;, di roja 7\/8\/2025an de li bajarok\u00ea Koban\u00ea ke\u00e7eke bi\u00e7\u00fbk ya bi nav\u00ea H\u00easra Merwan Ehmed Cuma ku jidayikb\u00fbya 1\/1\/201ane revandiye \u00fb heyan\u00ee niha \u00e7areniv\u00eesa w\u00ea nediyare.<\/h3>\n<h3 style=\"text-align: justify\">\u00c7avkaniy\u00ean Darka Maz\u00ee her weha tekez kirin, ev ke\u00e7 ji \u015f\u00eaniy\u00ean gund\u00ea &#8220;Qolimbix&#8221; y\u00ea ser bi bajarok\u00ea Koban\u00ea ye, \u00fb nav\u00ea dayika w\u00ea \u00celham e.<\/h3>\n<h3 style=\"text-align: justify\">Tev\u00ee ku HSD\u2019\u00ea di Hez\u00eerana 2019an de li gel NY pilanek ji bo bidaw\u00eekirin \u00fb qedexekirina tevl\u00eekirina zarokan di nava \u00e7ekdaran de \u00eemze kirib\u00fb. L\u00ea ji dema ku peyman hatiye \u00eemzekirin ve, rew\u015fa revandina zarokan bi daw\u00ee neb\u00fbye.<\/h3>\n","protected":false},"excerpt":{"rendered":"<p>Revandina zarokan li Rojavay\u00ea Kurdistan\u00ea \u00fb her\u00eam\u00ean di bin kontrola HSD\u2019\u00ea de berdewam dike \u00fb her\u00ee daw\u00ee \u00e7etey\u00ean PKK\u2019\u00ea \u201cCiwan\u00ean \u015eore\u015fger\u201d ke\u00e7eke temen 14 sal\u00ee li Koban\u00ea revand. \u00c7avkaniy\u00ean Darka Maz\u00ee e\u015fkere kirin, \u00e7etey\u00ean PKK\u2019\u00ea y\u00ean bi nav\u00ea &#8220;Ciwan\u00ean \u015eore\u015fger&#8221;, di roja 7\/8\/2025an de li bajarok\u00ea Koban\u00ea ke\u00e7eke bi\u00e7\u00fbk ya bi nav\u00ea H\u00easra Merwan Ehmed [&hellip;]<\/p>\n","protected":false},"author":2,"featured_media":1049835,"comment_status":"closed","ping_status":"closed","sticky":false,"template":"","format":"standard","meta":{"footnotes":""},"categories":[29],"tags":[37],"class_list":["post-1049834","post","type-post","status-publish","format-standard","has-post-thumbnail","hentry","category-kurdistan","tag-sereke"],"blocksy_meta":[],"seo_head":"<!-- This site is optimized with the Yoast SEO plugin v27.5 - https:\/\/yoast.com\/product\/yoast-seo-wordpress\/ -->\n<title>\u00c7etey\u00ean PKK\u2019\u00ea &quot;Ciwan\u00ean \u015eore\u015fger&quot; ke\u00e7eke 14 sal\u00ee li Koban\u00ea revand - Darka Maz\u00ee<\/title>\n<meta name=\"robots\" content=\"index, follow, max-snippet:-1, max-image-preview:large, max-video-preview:-1\" \/>\n<link rel=\"canonical\" href=\"https:\/\/darkamazi.info\/archives\/1049834\" \/>\n<meta property=\"og:locale\" content=\"en_US\" \/>\n<meta property=\"og:type\" content=\"article\" \/>\n<meta property=\"og:title\" content=\"\u00c7etey\u00ean PKK\u2019\u00ea &quot;Ciwan\u00ean \u015eore\u015fger&quot; ke\u00e7eke 14 sal\u00ee li Koban\u00ea revand - Darka Maz\u00ee\" \/>\n<meta property=\"og:description\" content=\"Revandina zarokan li Rojavay\u00ea Kurdistan\u00ea \u00fb her\u00eam\u00ean di bin kontrola HSD\u2019\u00ea de berdewam dike \u00fb her\u00ee daw\u00ee \u00e7etey\u00ean PKK\u2019\u00ea \u201cCiwan\u00ean \u015eore\u015fger\u201d ke\u00e7eke temen 14 sal\u00ee li Koban\u00ea revand. \u00c7avkaniy\u00ean Darka Maz\u00ee e\u015fkere kirin, \u00e7etey\u00ean PKK\u2019\u00ea y\u00ean bi nav\u00ea &#8220;Ciwan\u00ean \u015eore\u015fger&#8221;, di roja 7\/8\/2025an de li bajarok\u00ea Koban\u00ea ke\u00e7eke bi\u00e7\u00fbk ya bi nav\u00ea H\u00easra Merwan Ehmed [&hellip;]\" \/>\n<meta property=\"og:url\" content=\"https:\/\/darkamazi.info\/archives\/1049834\" \/>\n<meta property=\"og:site_name\" content=\"Darka Maz\u00ee\" \/>\n<meta property=\"article:publisher\" content=\"https:\/\/www.facebook.com\/DarMaziKurmanci\" \/>\n<meta property=\"article:published_time\" content=\"2025-09-14T10:59:40+00:00\" \/>\n<meta property=\"og:image\" content=\"https:\/\/darkamazi.info\/file\/2025\/09\/zarok.jpg\" \/>\n\t<meta property=\"og:image:width\" content=\"900\" \/>\n\t<meta property=\"og:image:height\" content=\"497\" \/>\n\t<meta property=\"og:image:type\" content=\"image\/jpeg\" \/>\n<meta name=\"author\" content=\"darka mazi\" \/>\n<meta name=\"twitter:card\" content=\"summary_large_image\" \/>\n<meta name=\"twitter:creator\" content=\"@DarkaMaziLatini\" \/>\n<meta name=\"twitter:site\" content=\"@DarkaMaziLatini\" \/>\n<meta name=\"twitter:label1\" content=\"Written by\" \/>\n\t<meta name=\"twitter:data1\" content=\"darka mazi\" \/>\n\t<meta name=\"twitter:label2\" content=\"Est. reading time\" \/>\n\t<meta name=\"twitter:data2\" content=\"1 minute\" \/>\n<script type=\"application\/ld+json\" class=\"seo-schema-graph\">{\"@context\":\"https:\\\/\\\/schema.org\",\"@graph\":[{\"@type\":\"Article\",\"@id\":\"https:\\\/\\\/darkamazi.info\\\/archives\\\/1049834#article\",\"isPartOf\":{\"@id\":\"https:\\\/\\\/darkamazi.info\\\/archives\\\/1049834\"},\"author\":{\"name\":\"darka mazi\",\"@id\":\"https:\\\/\\\/darkamazi.info\\\/#\\\/schema\\\/person\\\/5ad3e24553a0567993fa8ed4bd0a776c\"},\"headline\":\"\u00c7etey\u00ean PKK\u2019\u00ea &#8220;Ciwan\u00ean \u015eore\u015fger&#8221; ke\u00e7eke 14 sal\u00ee li Koban\u00ea revand\",\"datePublished\":\"2025-09-14T10:59:40+00:00\",\"mainEntityOfPage\":{\"@id\":\"https:\\\/\\\/darkamazi.info\\\/archives\\\/1049834\"},\"wordCount\":160,\"publisher\":{\"@id\":\"https:\\\/\\\/darkamazi.info\\\/#organization\"},\"image\":{\"@id\":\"https:\\\/\\\/darkamazi.info\\\/archives\\\/1049834#primaryimage\"},\"thumbnailUrl\":\"https:\\\/\\\/darkamazi.info\\\/darka-content\\\/uploads\\\/2025\\\/09\\\/zarok.jpg\",\"keywords\":[\"sereke\"],\"articleSection\":[\"Kurdistan\"],\"inLanguage\":\"en-US\"},{\"@type\":\"WebPage\",\"@id\":\"https:\\\/\\\/darkamazi.info\\\/archives\\\/1049834\",\"url\":\"https:\\\/\\\/darkamazi.info\\\/archives\\\/1049834\",\"name\":\"\u00c7etey\u00ean PKK\u2019\u00ea \\\"Ciwan\u00ean \u015eore\u015fger\\\" ke\u00e7eke 14 sal\u00ee li Koban\u00ea revand - Darka Maz\u00ee\",\"isPartOf\":{\"@id\":\"https:\\\/\\\/darkamazi.info\\\/#website\"},\"primaryImageOfPage\":{\"@id\":\"https:\\\/\\\/darkamazi.info\\\/archives\\\/1049834#primaryimage\"},\"image\":{\"@id\":\"https:\\\/\\\/darkamazi.info\\\/archives\\\/1049834#primaryimage\"},\"thumbnailUrl\":\"https:\\\/\\\/darkamazi.info\\\/darka-content\\\/uploads\\\/2025\\\/09\\\/zarok.jpg\",\"datePublished\":\"2025-09-14T10:59:40+00:00\",\"breadcrumb\":{\"@id\":\"https:\\\/\\\/darkamazi.info\\\/archives\\\/1049834#breadcrumb\"},\"inLanguage\":\"en-US\",\"potentialAction\":[{\"@type\":\"ReadAction\",\"target\":[\"https:\\\/\\\/darkamazi.info\\\/archives\\\/1049834\"]}]},{\"@type\":\"ImageObject\",\"inLanguage\":\"en-US\",\"@id\":\"https:\\\/\\\/darkamazi.info\\\/archives\\\/1049834#primaryimage\",\"url\":\"https:\\\/\\\/darkamazi.info\\\/darka-content\\\/uploads\\\/2025\\\/09\\\/zarok.jpg\",\"contentUrl\":\"https:\\\/\\\/darkamazi.info\\\/darka-content\\\/uploads\\\/2025\\\/09\\\/zarok.jpg\",\"width\":900,\"height\":497,\"caption\":\"\u00c7etey\u00ean PKK\u2019\u00ea \\\"Ciwan\u00ean \u015eore\u015fger\\\" ke\u00e7eke 14 sal\u00ee li Koban\u00ea revand\"},{\"@type\":\"BreadcrumbList\",\"@id\":\"https:\\\/\\\/darkamazi.info\\\/archives\\\/1049834#breadcrumb\",\"itemListElement\":[{\"@type\":\"ListItem\",\"position\":1,\"name\":\"Home\",\"item\":\"https:\\\/\\\/darkamazi.info\\\/\"},{\"@type\":\"ListItem\",\"position\":2,\"name\":\"\u00c7etey\u00ean PKK\u2019\u00ea &#8220;Ciwan\u00ean \u015eore\u015fger&#8221; ke\u00e7eke 14 sal\u00ee li Koban\u00ea revand\"}]},{\"@type\":\"WebSite\",\"@id\":\"https:\\\/\\\/darkamazi.info\\\/#website\",\"url\":\"https:\\\/\\\/darkamazi.info\\\/\",\"name\":\"Darka Maz\u00ee\",\"description\":\"P\u00eageha Zanyariy\u00ean Nebih\u00eest\u00ee\",\"publisher\":{\"@id\":\"https:\\\/\\\/darkamazi.info\\\/#organization\"},\"potentialAction\":[{\"@type\":\"SearchAction\",\"target\":{\"@type\":\"EntryPoint\",\"urlTemplate\":\"https:\\\/\\\/darkamazi.info\\\/?s={search_term_string}\"},\"query-input\":{\"@type\":\"PropertyValueSpecification\",\"valueRequired\":true,\"valueName\":\"search_term_string\"}}],\"inLanguage\":\"en-US\"},{\"@type\":\"Organization\",\"@id\":\"https:\\\/\\\/darkamazi.info\\\/#organization\",\"name\":\"Darka Maz\u00ee\",\"url\":\"https:\\\/\\\/darkamazi.info\\\/\",\"logo\":{\"@type\":\"ImageObject\",\"inLanguage\":\"en-US\",\"@id\":\"https:\\\/\\\/darkamazi.info\\\/#\\\/schema\\\/logo\\\/image\\\/\",\"url\":\"https:\\\/\\\/darkamazi.info\\\/darka-content\\\/uploads\\\/2017\\\/12\\\/darka-mazi-logo.png\",\"contentUrl\":\"https:\\\/\\\/darkamazi.info\\\/darka-content\\\/uploads\\\/2017\\\/12\\\/darka-mazi-logo.png\",\"width\":151,\"height\":75,\"caption\":\"Darka Maz\u00ee\"},\"image\":{\"@id\":\"https:\\\/\\\/darkamazi.info\\\/#\\\/schema\\\/logo\\\/image\\\/\"},\"sameAs\":[\"https:\\\/\\\/www.facebook.com\\\/DarMaziKurmanci\",\"https:\\\/\\\/x.com\\\/DarkaMaziLatini\",\"https:\\\/\\\/www.instagram.com\\\/darkamazi.kurmanci\\\/\",\"https:\\\/\\\/www.youtube.com\\\/channel\\\/UCa5HkTdmI8U1qCUFuTw8B2g\"]},{\"@type\":\"Person\",\"@id\":\"https:\\\/\\\/darkamazi.info\\\/#\\\/schema\\\/person\\\/5ad3e24553a0567993fa8ed4bd0a776c\",\"name\":\"darka mazi\",\"sameAs\":[\"https:\\\/\\\/darkamazi.info\\\/\"],\"url\":\"https:\\\/\\\/darkamazi.info\\\/archives\\\/author\\\/kurdi\"}]}<\/script>\n<!-- \/ Yoast SEO plugin. -->","seo_head_json":{"title":"\u00c7etey\u00ean PKK\u2019\u00ea \"Ciwan\u00ean \u015eore\u015fger\" ke\u00e7eke 14 sal\u00ee li Koban\u00ea revand - Darka Maz\u00ee","robots":{"index":"index","follow":"follow","max-snippet":"max-snippet:-1","max-image-preview":"max-image-preview:large","max-video-preview":"max-video-preview:-1"},"canonical":"https:\/\/darkamazi.info\/archives\/1049834","og_locale":"en_US","og_type":"article","og_title":"\u00c7etey\u00ean PKK\u2019\u00ea \"Ciwan\u00ean \u015eore\u015fger\" ke\u00e7eke 14 sal\u00ee li Koban\u00ea revand - Darka Maz\u00ee","og_description":"Revandina zarokan li Rojavay\u00ea Kurdistan\u00ea \u00fb her\u00eam\u00ean di bin kontrola HSD\u2019\u00ea de berdewam dike \u00fb her\u00ee daw\u00ee \u00e7etey\u00ean PKK\u2019\u00ea \u201cCiwan\u00ean \u015eore\u015fger\u201d ke\u00e7eke temen 14 sal\u00ee li Koban\u00ea revand. \u00c7avkaniy\u00ean Darka Maz\u00ee e\u015fkere kirin, \u00e7etey\u00ean PKK\u2019\u00ea y\u00ean bi nav\u00ea &#8220;Ciwan\u00ean \u015eore\u015fger&#8221;, di roja 7\/8\/2025an de li bajarok\u00ea Koban\u00ea ke\u00e7eke bi\u00e7\u00fbk ya bi nav\u00ea H\u00easra Merwan Ehmed [&hellip;]","og_url":"https:\/\/darkamazi.info\/archives\/1049834","og_site_name":"Darka Maz\u00ee","article_publisher":"https:\/\/www.facebook.com\/DarMaziKurmanci","article_published_time":"2025-09-14T10:59:40+00:00","og_image":[{"width":900,"height":497,"url":"https:\/\/darkamazi.info\/file\/2025\/09\/zarok.jpg","type":"image\/jpeg"}],"author":"darka mazi","twitter_card":"summary_large_image","twitter_creator":"@DarkaMaziLatini","twitter_site":"@DarkaMaziLatini","twitter_misc":{"Written by":"darka mazi","Est. reading time":"1 minute"},"schema":{"@context":"https:\/\/schema.org","@graph":[{"@type":"Article","@id":"https:\/\/darkamazi.info\/archives\/1049834#article","isPartOf":{"@id":"https:\/\/darkamazi.info\/archives\/1049834"},"author":{"name":"darka mazi","@id":"https:\/\/darkamazi.info\/#\/schema\/person\/5ad3e24553a0567993fa8ed4bd0a776c"},"headline":"\u00c7etey\u00ean PKK\u2019\u00ea &#8220;Ciwan\u00ean \u015eore\u015fger&#8221; ke\u00e7eke 14 sal\u00ee li Koban\u00ea revand","datePublished":"2025-09-14T10:59:40+00:00","mainEntityOfPage":{"@id":"https:\/\/darkamazi.info\/archives\/1049834"},"wordCount":160,"publisher":{"@id":"https:\/\/darkamazi.info\/#organization"},"image":{"@id":"https:\/\/darkamazi.info\/archives\/1049834#primaryimage"},"thumbnailUrl":"https:\/\/darkamazi.info\/file\/2025\/09\/zarok.jpg","keywords":["sereke"],"articleSection":["Kurdistan"],"inLanguage":"en-US"},{"@type":"WebPage","@id":"https:\/\/darkamazi.info\/archives\/1049834","url":"https:\/\/darkamazi.info\/archives\/1049834","name":"\u00c7etey\u00ean PKK\u2019\u00ea \"Ciwan\u00ean \u015eore\u015fger\" ke\u00e7eke 14 sal\u00ee li Koban\u00ea revand - Darka Maz\u00ee","isPartOf":{"@id":"https:\/\/darkamazi.info\/#website"},"primaryImageOfPage":{"@id":"https:\/\/darkamazi.info\/archives\/1049834#primaryimage"},"image":{"@id":"https:\/\/darkamazi.info\/archives\/1049834#primaryimage"},"thumbnailUrl":"https:\/\/darkamazi.info\/file\/2025\/09\/zarok.jpg","datePublished":"2025-09-14T10:59:40+00:00","breadcrumb":{"@id":"https:\/\/darkamazi.info\/archives\/1049834#breadcrumb"},"inLanguage":"en-US","potentialAction":[{"@type":"ReadAction","target":["https:\/\/darkamazi.info\/archives\/1049834"]}]},{"@type":"ImageObject","inLanguage":"en-US","@id":"https:\/\/darkamazi.info\/archives\/1049834#primaryimage","url":"https:\/\/darkamazi.info\/file\/2025\/09\/zarok.jpg","contentUrl":"https:\/\/darkamazi.info\/file\/2025\/09\/zarok.jpg","width":900,"height":497,"caption":"\u00c7etey\u00ean PKK\u2019\u00ea \"Ciwan\u00ean \u015eore\u015fger\" ke\u00e7eke 14 sal\u00ee li Koban\u00ea revand"},{"@type":"BreadcrumbList","@id":"https:\/\/darkamazi.info\/archives\/1049834#breadcrumb","itemListElement":[{"@type":"ListItem","position":1,"name":"Home","item":"https:\/\/darkamazi.info\/"},{"@type":"ListItem","position":2,"name":"\u00c7etey\u00ean PKK\u2019\u00ea &#8220;Ciwan\u00ean \u015eore\u015fger&#8221; ke\u00e7eke 14 sal\u00ee li Koban\u00ea revand"}]},{"@type":"WebSite","@id":"https:\/\/darkamazi.info\/#website","url":"https:\/\/darkamazi.info\/","name":"Darka Maz\u00ee","description":"P\u00eageha Zanyariy\u00ean Nebih\u00eest\u00ee","publisher":{"@id":"https:\/\/darkamazi.info\/#organization"},"potentialAction":[{"@type":"SearchAction","target":{"@type":"EntryPoint","urlTemplate":"https:\/\/darkamazi.info\/?s={search_term_string}"},"query-input":{"@type":"PropertyValueSpecification","valueRequired":true,"valueName":"search_term_string"}}],"inLanguage":"en-US"},{"@type":"Organization","@id":"https:\/\/darkamazi.info\/#organization","name":"Darka Maz\u00ee","url":"https:\/\/darkamazi.info\/","logo":{"@type":"ImageObject","inLanguage":"en-US","@id":"https:\/\/darkamazi.info\/#\/schema\/logo\/image\/","url":"https:\/\/darkamazi.info\/file\/2017\/12\/darka-mazi-logo.png","contentUrl":"https:\/\/darkamazi.info\/file\/2017\/12\/darka-mazi-logo.png","width":151,"height":75,"caption":"Darka Maz\u00ee"},"image":{"@id":"https:\/\/darkamazi.info\/#\/schema\/logo\/image\/"},"sameAs":["https:\/\/www.facebook.com\/DarMaziKurmanci","https:\/\/x.com\/DarkaMaziLatini","https:\/\/www.instagram.com\/darkamazi.kurmanci\/","https:\/\/www.youtube.com\/channel\/UCa5HkTdmI8U1qCUFuTw8B2g"]},{"@type":"Person","@id":"https:\/\/darkamazi.info\/#\/schema\/person\/5ad3e24553a0567993fa8ed4bd0a776c","name":"darka mazi","sameAs":["https:\/\/darkamazi.info\/"],"url":"https:\/\/darkamazi.info\/archives\/author\/kurdi"}]}},"_links":{"self":[{"href":"https:\/\/darkamazi.info\/funavuv\/wp\/v2\/posts\/1049834","targetHints":{"allow":["GET"]}}],"collection":[{"href":"https:\/\/darkamazi.info\/funavuv\/wp\/v2\/posts"}],"about":[{"href":"https:\/\/darkamazi.info\/funavuv\/wp\/v2\/types\/post"}],"author":[{"embeddable":true,"href":"https:\/\/darkamazi.info\/funavuv\/wp\/v2\/users\/2"}],"replies":[{"embeddable":true,"href":"https:\/\/darkamazi.info\/funavuv\/wp\/v2\/comments?post=1049834"}],"version-history":[{"count":0,"href":"https:\/\/darkamazi.info\/funavuv\/wp\/v2\/posts\/1049834\/revisions"}],"wp:featuredmedia":[{"embeddable":true,"href":"https:\/\/darkamazi.info\/funavuv\/wp\/v2\/media\/1049835"}],"wp:attachment":[{"href":"https:\/\/darkamazi.info\/funavuv\/wp\/v2\/media?parent=1049834"}],"wp:term":[{"taxonomy":"category","embeddable":true,"href":"https:\/\/darkamazi.info\/funavuv\/wp\/v2\/categories?post=1049834"},{"taxonomy":"post_tag","embeddable":true,"href":"https:\/\/darkamazi.info\/funavuv\/wp\/v2\/tags?post=1049834"}],"curies":[{"name":"wp","href":"https:\/\/api.w.org\/{rel}","templated":true}]}}