{"id":1049837,"date":"2025-09-14T18:52:45","date_gmt":"2025-09-14T15:52:45","guid":{"rendered":"https:\/\/darkamazi.info\/?p=1049837"},"modified":"2025-09-14T18:52:45","modified_gmt":"2025-09-14T15:52:45","slug":"pkke-sengal-bi-rekkeftineka-bi-dilxwazi-radesti-artesa-iraqe-u-hesde-kir","status":"publish","type":"post","link":"https:\/\/darkamazi.info\/archives\/1049837","title":{"rendered":"PKK\u00ea \u015eengal bi r\u00eakkeftineka bi dilxwaz\u00ee radest\u00ee art\u00ea\u015fa \u00ceraq\u00ea \u00fb He\u015fd\u00ea kir"},"content":{"rendered":"<h3 style=\"text-align: justify\"><span style=\"font-family: 'arial black', sans-serif\">R\u00eaxistina PKK\u00ea li gor\u00ee r\u00eakkeftinek\u00ea baregeh\u00ean xwe y\u00ean li \u015eengal\u00ea bi herwe radest\u00ee art\u00ea\u015fa \u00ceraq\u00ea kirin, ji bo ku tu h\u00eaz\u00ean din nekevin di \u015eengal\u00ea de, PKK\u00ea bi v\u00ea hengav\u00ea axaftina xwe ya hertim bi c\u00eeh kir ku \u015eengal be\u015fek ji \u00ceraq\u00ea ye \u00fb ne Kurdistane!<\/span><\/h3>\n<h3 style=\"text-align: justify\"><span style=\"font-family: arial, helvetica, sans-serif\">Li sala 2017an \u00fb pi\u015ft\u00ee h\u00eaza P\u00ea\u015fmergeh\u00ean Kurdistan\u00ea \u015eengal ji zora teror\u00eest\u00ean DAI\u015e\u00ea rizgar kir\u00ee, h\u00eaza P\u00ea\u015fmerge pi\u015ft\u00ee erka xwe bi c\u00eeh kir\u00ee \u00fb bi sedan \u015feh\u00eed ji boy \u015eengal dayn, xwe ji baj\u00ear vek\u00ea\u015fan, pi\u015ftre PKKe ket nav \u015eengal\u00ea \u00fb her ti\u015ft li w\u00ea der\u00ea li dij\u00ee \u00cazdiyan \u00fb civaka \u015eengal\u00ea encam da.<\/span><\/h3>\n<h3 style=\"text-align: justify\"><span style=\"font-family: 'arial black', sans-serif;color: #8c0707\">PKKe: \u015eengal \u00ceraqe, ne Kurdistane!<\/span><\/h3>\n<h3 style=\"text-align: justify\"><span style=\"font-family: arial, helvetica, sans-serif\">Ji w\u00ea dem\u00ea ve, r\u00eaber\u00ean PKK\u00ea y\u00ean weke Bes\u00ea Hozat hevseroka KCK\u00ea \u00fb Mistefa Qaraso, Duran Kalkan \u00fb Cem\u00eel Bay\u00eek j\u00ee di medyaya PKK\u00ea de di axv\u00een \u00fb derbar\u00ea \u015eengal\u00ea di gotin: \u015eengal be\u015fek ji \u00ceraq\u00ea ye, \u015eengal neKurdistane!.<\/span><\/h3>\n<h3 style=\"text-align: justify\"><span style=\"font-family: arial, helvetica, sans-serif\">Li sala 2020an j\u00ee hik\u00fbmet\u00ean Her\u00eama Kurdistan\u00ea \u00fb \u00ceraq\u00ea r\u00eakkeftinek ji boy dubare avedankirina \u015eengal \u00fb vegerandina ko\u00e7beran \u00eemze kirin, l\u00eabel\u00ea ji w\u00ea dem\u00ea ve PKK\u00ea nehi\u015ft ev r\u00eakkeftin were bic\u00eeh kirin \u00fb r\u00ea li ber veger\u00eena n\u00eaz\u00ea 300 hezar \u015f\u00eaniy\u00ean \u015eengal kir ku h\u00eajan j\u00ee di kampan de dim\u00eenin, tev\u00ee v\u00ea j\u00ee \u015eengal h\u00eajan avedan neb\u00fbye \u00fb w\u00earan e.<\/span><\/h3>\n<h3 style=\"text-align: justify\"><span style=\"font-family: 'arial black', sans-serif;color: #8c0707\">PKK\u00ea 11 hezar le\u015fker \u00fb he\u015fid an\u00een \u015eengal\u00ea<\/span><\/h3>\n<h3 style=\"text-align: justify\"><span style=\"font-family: arial, helvetica, sans-serif\">Li du roj\u00ean rab\u00fbr\u00ee fermandar\u00eeya art\u00ea\u015fa \u00ceraq\u00ea 11 hezar le\u015fker, He\u015fda \u015eeb\u00ee, pol\u00ees\u00ean federal \u00fb \u00eestixbarata \u00ceraq\u00ea bi \u00e7ek \u00fb p\u00eaw\u00eestiy\u00ean lojist\u00eek ve \u015fandine \u015eengal\u00ea, fermandar\u00eeya operasyon\u00ean Neyneway\u00ea serperi\u015ft\u00eeya v\u00ea h\u00eaz\u00ea dike \u00fb wan p\u00ea\u015fwext peymanek bi PKK\u00ea re ji boy radest kirina \u015eengal\u00ea bi awayek\u00ee j\u00ear bi j\u00ear \u00eemze kirine.<\/span><\/h3>\n<h3 style=\"text-align: justify\"><span style=\"font-family: arial, helvetica, sans-serif\">Li gor\u00ee agahiy\u00ean Darka Maz\u00ee, PKK\u00ea raz\u00ee b\u00fbye b\u00ea \u015fert \u00fb merc tev h\u00eaz\u00ean xwe y\u00ean YB\u015e\u00ea, YPJ\u00ea \u00fb kadroy\u00ean r\u00eaxistin\u00ea \u00fb nuqtey\u00ean pi\u015fkin\u00een\u00ea \u00fb tev baregeh\u00ean xwe y\u00ean le\u015fker\u00ee \u00fb siv\u00eel bi herwe \u00fb b\u00ea ti ti\u015ftek, bide dest\u00ea art\u00ea\u015fa \u00ceraq\u00ea.<\/span><\/h3>\n<h3 style=\"text-align: justify\"><span style=\"font-family: arial, helvetica, sans-serif\">R\u00eaxistina PKK\u00ea di medyaya xwe de j\u00ee dest av\u00eat\u00eeye s\u00earv\u00easkirina n\u00fb\u00e7ey\u00ean derew \u00fb man\u00eepolekirina rojev\u00ea \u00fb dib\u00eaje ku art\u00ea\u015fa \u00ceraq\u00ea bi h\u00eazeke mezin ve ket di \u015eengal\u00ea de \u00fb dest bi ser her ti\u015ft\u00ee de girt\u00ee ye.<\/span><\/h3>\n<h3 style=\"text-align: justify\"><span style=\"font-family: 'arial black', sans-serif;color: #8c0707\">Baregeh\u00ean xwe radest kirin<\/span><\/h3>\n<h3 style=\"text-align: justify\"><span style=\"font-family: arial, helvetica, sans-serif\">H\u00eaza art\u00ea\u015fa Iraq\u00ea ku ketiye di \u015eengal\u00ea de, hem\u00fb baregeh \u00fb baregeh\u00ean PKK\u00ea y\u00ean li \u015eengal\u00ea ji PKK\u00ea wergirtine, niha ew h\u00eaze r\u00ea nade ku \u00e7ekdar\u00ean PKK\u00ea \u00fb cih\u00ea ku ew j\u00ea re dib\u00eajin (R\u00eaveber\u00eeya Xweser ya \u015eengal\u00ea ya PKK\u00ea!) Vegerin \u015eengal\u00ea.<\/span><\/h3>\n<h3 style=\"text-align: justify\"><span style=\"font-family: arial, helvetica, sans-serif\">Tev\u00ee radest kirina PKK\u00ea ya baregeh\u00ean xwe ya bi dilxwaz\u00ee, l\u00ea bel\u00ea r\u00eaxistin di medyaya xwe de dib\u00eaje h\u00eaz\u00ean \u00ceraq\u00ee yek\u00eeney\u00ean le\u015fker\u00ee di navbera gundan de bi cih dikin, nasnameya welatiyan li xal\u00ean kontrol\u00ea y\u00ean le\u015fker\u00ee kontirol dikin \u00fb r\u00ea li ber endam\u00ean navend \u00fb dezgehan (R\u00eaveber\u00eeya Xwesera PKK\u00ea!) Digirin ku bikevin \u015eengal\u00ea.<\/span><\/h3>\n<h3 style=\"text-align: justify\"><span style=\"font-family: arial, helvetica, sans-serif\">Li gor\u00ee agahiy\u00ean dest\u00ea me hem\u00fb xal\u00ean kontrol\u00ea y\u00ean PKK\u00ea y\u00ean li ser s\u00eenor\u00ea S\u00fbrye-\u00ceraq\u00ea hatine rakirin \u00fb radest\u00ee h\u00eaz\u00ean \u00ceraq\u00ee hatine kirin, bi taybet\u00ee li bajarok\u00ean Sin\u00fbn\u00ea, Xanes\u00fbr\u00ea \u00fb her\u00eama Qiblat\u00ea.<\/span><\/h3>\n<h3 style=\"text-align: justify\"><span style=\"font-family: 'arial black', sans-serif;color: #8c0707\">Encumena E\u015f\u00eer\u00ean \u015eengal\u00ea hilwe\u015fiya<\/span><\/h3>\n<h3 style=\"text-align: justify\"><span style=\"font-family: arial, helvetica, sans-serif\">Hemwexta v\u00ea peymana j\u00ear bi j\u00ear \u00fb radest kirna \u015eengal\u00ea, encumena E\u015f\u00eer\u00ean \u015eengal\u00ea ku ji aliy\u00ea PKK\u00ea ve hatine \u00e7\u00eakirin di hilwe\u015fan\u00ea de ye, agahiy\u00ean me dest n\u00ee\u015fan dikin ku 5 ji 9 endam\u00ean encumena e\u015f\u00eer\u00ean \u015eengal\u00ea, ku hem\u00fb ji aliy\u00ea PKK\u00ea ve hatine damezrandin \u00fb wek\u00ee encumena pi\u015ftgiriya PKK\u00ea li \u015eengal\u00ea kar dikin, \u00eestifa kirin.<\/span><\/h3>\n<h3 style=\"text-align: justify\"><span style=\"font-family: arial, helvetica, sans-serif\">Ev encumen pi\u015ft\u00ee ku PKK\u00ea 60% ya \u015eengal\u00ea radest kir\u00ee dest bi hilwe\u015fan\u00ea kirine.<\/span><\/h3>\n<h3 style=\"text-align: justify\"><span style=\"font-family: 'arial black', sans-serif;color: #8c0707\">PKKe li \u00e7iyay\u00ea \u015eengal\u00ea<\/span><\/h3>\n<h3 style=\"text-align: justify\"><span style=\"font-family: arial, helvetica, sans-serif\">Ti\u015ft\u00ea ku di v\u00ea qonax\u00ea de heye eve ku div\u00ea PKKe bi h\u00eaz\u00ean xwe y\u00ean \u00e7ekdar li ser \u00e7iyay\u00ea \u015eengal\u00ea be \u00fb nekeve nav baj\u00ear.<\/span><\/h3>\n<h3 style=\"text-align: justify\"><span style=\"font-family: arial, helvetica, sans-serif\">Heta s\u00ea rojan ber\u00ea, YPJe \u00fb YB\u015ee y\u00ean gir\u00eaday\u00ee PKK\u00ea li \u015eengal\u00ea b\u00fbn \u00fb baregeh \u00fb xal\u00ean kontrol\u00ea heb\u00fbn, l\u00ea li gor\u00ee r\u00eakkeftina di navbera wan de, div\u00ea PKKe di nav van du rojan de ji \u015eengal\u00ea derkeve.<\/span><\/h3>\n<h3 style=\"text-align: justify\"><span style=\"font-family: arial, helvetica, sans-serif\">Her wiha PKKe \u00ead\u00ee nikare li \u015eengal\u00ea xal\u00ean kontirol\u00ea deyne an j\u00ee mirovan bigre, angu ewqas lawaz b\u00fbye ku \u00ead\u00ee nikare tevbigere, h\u00eaz\u00ean ku ji bakur \u00fb Rojavay\u00ea Kurdistan\u00ea ber\u00ea an\u00ee b\u00fbn \u015eengal\u00ea, niha ji baj\u00ear hatine derxistin \u00fb winda b\u00fbne.<\/span><\/h3>\n","protected":false},"excerpt":{"rendered":"<p>R\u00eaxistina PKK\u00ea li gor\u00ee r\u00eakkeftinek\u00ea baregeh\u00ean xwe y\u00ean li \u015eengal\u00ea bi herwe radest\u00ee art\u00ea\u015fa \u00ceraq\u00ea kirin, ji bo ku tu h\u00eaz\u00ean din nekevin di \u015eengal\u00ea de, PKK\u00ea bi v\u00ea hengav\u00ea axaftina xwe ya hertim bi c\u00eeh kir ku \u015eengal be\u015fek ji \u00ceraq\u00ea ye \u00fb ne Kurdistane! Li sala 2017an \u00fb pi\u015ft\u00ee h\u00eaza P\u00ea\u015fmergeh\u00ean Kurdistan\u00ea \u015eengal [&hellip;]<\/p>\n","protected":false},"author":2,"featured_media":1049838,"comment_status":"closed","ping_status":"closed","sticky":false,"template":"","format":"standard","meta":{"footnotes":""},"categories":[29],"tags":[37,62],"class_list":["post-1049837","post","type-post","status-publish","format-standard","has-post-thumbnail","hentry","category-kurdistan","tag-sereke","tag-singal"],"blocksy_meta":[],"seo_head":"<!-- This site is optimized with the Yoast SEO plugin v27.5 - https:\/\/yoast.com\/product\/yoast-seo-wordpress\/ -->\n<title>PKK\u00ea \u015eengal bi r\u00eakkeftineka bi dilxwaz\u00ee radest\u00ee art\u00ea\u015fa \u00ceraq\u00ea \u00fb He\u015fd\u00ea kir - Darka Maz\u00ee<\/title>\n<meta name=\"robots\" content=\"index, follow, max-snippet:-1, max-image-preview:large, max-video-preview:-1\" \/>\n<link rel=\"canonical\" href=\"https:\/\/darkamazi.info\/archives\/1049837\" \/>\n<meta property=\"og:locale\" content=\"en_US\" \/>\n<meta property=\"og:type\" content=\"article\" \/>\n<meta property=\"og:title\" content=\"PKK\u00ea \u015eengal bi r\u00eakkeftineka bi dilxwaz\u00ee radest\u00ee art\u00ea\u015fa \u00ceraq\u00ea \u00fb He\u015fd\u00ea kir - Darka Maz\u00ee\" \/>\n<meta property=\"og:description\" content=\"R\u00eaxistina PKK\u00ea li gor\u00ee r\u00eakkeftinek\u00ea baregeh\u00ean xwe y\u00ean li \u015eengal\u00ea bi herwe radest\u00ee art\u00ea\u015fa \u00ceraq\u00ea kirin, ji bo ku tu h\u00eaz\u00ean din nekevin di \u015eengal\u00ea de, PKK\u00ea bi v\u00ea hengav\u00ea axaftina xwe ya hertim bi c\u00eeh kir ku \u015eengal be\u015fek ji \u00ceraq\u00ea ye \u00fb ne Kurdistane! Li sala 2017an \u00fb pi\u015ft\u00ee h\u00eaza P\u00ea\u015fmergeh\u00ean Kurdistan\u00ea \u015eengal [&hellip;]\" \/>\n<meta property=\"og:url\" content=\"https:\/\/darkamazi.info\/archives\/1049837\" \/>\n<meta property=\"og:site_name\" content=\"Darka Maz\u00ee\" \/>\n<meta property=\"article:publisher\" content=\"https:\/\/www.facebook.com\/DarMaziKurmanci\" \/>\n<meta property=\"article:published_time\" content=\"2025-09-14T15:52:45+00:00\" \/>\n<meta property=\"og:image\" content=\"https:\/\/darkamazi.info\/file\/2025\/09\/PKK-Iraq-Armoi-Sinjar-Info.jpg\" \/>\n\t<meta property=\"og:image:width\" content=\"900\" \/>\n\t<meta property=\"og:image:height\" content=\"500\" \/>\n\t<meta property=\"og:image:type\" content=\"image\/jpeg\" \/>\n<meta name=\"author\" content=\"darka mazi\" \/>\n<meta name=\"twitter:card\" content=\"summary_large_image\" \/>\n<meta name=\"twitter:creator\" content=\"@DarkaMaziLatini\" \/>\n<meta name=\"twitter:site\" content=\"@DarkaMaziLatini\" \/>\n<meta name=\"twitter:label1\" content=\"Written by\" \/>\n\t<meta name=\"twitter:data1\" content=\"darka mazi\" \/>\n\t<meta name=\"twitter:label2\" content=\"Est. reading time\" \/>\n\t<meta name=\"twitter:data2\" content=\"4 minutes\" \/>\n<script type=\"application\/ld+json\" class=\"seo-schema-graph\">{\"@context\":\"https:\\\/\\\/schema.org\",\"@graph\":[{\"@type\":\"Article\",\"@id\":\"https:\\\/\\\/darkamazi.info\\\/archives\\\/1049837#article\",\"isPartOf\":{\"@id\":\"https:\\\/\\\/darkamazi.info\\\/archives\\\/1049837\"},\"author\":{\"name\":\"darka mazi\",\"@id\":\"https:\\\/\\\/darkamazi.info\\\/#\\\/schema\\\/person\\\/5ad3e24553a0567993fa8ed4bd0a776c\"},\"headline\":\"PKK\u00ea \u015eengal bi r\u00eakkeftineka bi dilxwaz\u00ee radest\u00ee art\u00ea\u015fa \u00ceraq\u00ea \u00fb He\u015fd\u00ea kir\",\"datePublished\":\"2025-09-14T15:52:45+00:00\",\"mainEntityOfPage\":{\"@id\":\"https:\\\/\\\/darkamazi.info\\\/archives\\\/1049837\"},\"wordCount\":795,\"publisher\":{\"@id\":\"https:\\\/\\\/darkamazi.info\\\/#organization\"},\"image\":{\"@id\":\"https:\\\/\\\/darkamazi.info\\\/archives\\\/1049837#primaryimage\"},\"thumbnailUrl\":\"https:\\\/\\\/darkamazi.info\\\/darka-content\\\/uploads\\\/2025\\\/09\\\/PKK-Iraq-Armoi-Sinjar-Info.jpg\",\"keywords\":[\"sereke\",\"\u015eingal\"],\"articleSection\":[\"Kurdistan\"],\"inLanguage\":\"en-US\"},{\"@type\":\"WebPage\",\"@id\":\"https:\\\/\\\/darkamazi.info\\\/archives\\\/1049837\",\"url\":\"https:\\\/\\\/darkamazi.info\\\/archives\\\/1049837\",\"name\":\"PKK\u00ea \u015eengal bi r\u00eakkeftineka bi dilxwaz\u00ee radest\u00ee art\u00ea\u015fa \u00ceraq\u00ea \u00fb He\u015fd\u00ea kir - Darka Maz\u00ee\",\"isPartOf\":{\"@id\":\"https:\\\/\\\/darkamazi.info\\\/#website\"},\"primaryImageOfPage\":{\"@id\":\"https:\\\/\\\/darkamazi.info\\\/archives\\\/1049837#primaryimage\"},\"image\":{\"@id\":\"https:\\\/\\\/darkamazi.info\\\/archives\\\/1049837#primaryimage\"},\"thumbnailUrl\":\"https:\\\/\\\/darkamazi.info\\\/darka-content\\\/uploads\\\/2025\\\/09\\\/PKK-Iraq-Armoi-Sinjar-Info.jpg\",\"datePublished\":\"2025-09-14T15:52:45+00:00\",\"breadcrumb\":{\"@id\":\"https:\\\/\\\/darkamazi.info\\\/archives\\\/1049837#breadcrumb\"},\"inLanguage\":\"en-US\",\"potentialAction\":[{\"@type\":\"ReadAction\",\"target\":[\"https:\\\/\\\/darkamazi.info\\\/archives\\\/1049837\"]}]},{\"@type\":\"ImageObject\",\"inLanguage\":\"en-US\",\"@id\":\"https:\\\/\\\/darkamazi.info\\\/archives\\\/1049837#primaryimage\",\"url\":\"https:\\\/\\\/darkamazi.info\\\/darka-content\\\/uploads\\\/2025\\\/09\\\/PKK-Iraq-Armoi-Sinjar-Info.jpg\",\"contentUrl\":\"https:\\\/\\\/darkamazi.info\\\/darka-content\\\/uploads\\\/2025\\\/09\\\/PKK-Iraq-Armoi-Sinjar-Info.jpg\",\"width\":900,\"height\":500,\"caption\":\"PKK-Iraq-Armoi-Sinjar-Net\"},{\"@type\":\"BreadcrumbList\",\"@id\":\"https:\\\/\\\/darkamazi.info\\\/archives\\\/1049837#breadcrumb\",\"itemListElement\":[{\"@type\":\"ListItem\",\"position\":1,\"name\":\"Home\",\"item\":\"https:\\\/\\\/darkamazi.info\\\/\"},{\"@type\":\"ListItem\",\"position\":2,\"name\":\"PKK\u00ea \u015eengal bi r\u00eakkeftineka bi dilxwaz\u00ee radest\u00ee art\u00ea\u015fa \u00ceraq\u00ea \u00fb He\u015fd\u00ea kir\"}]},{\"@type\":\"WebSite\",\"@id\":\"https:\\\/\\\/darkamazi.info\\\/#website\",\"url\":\"https:\\\/\\\/darkamazi.info\\\/\",\"name\":\"Darka Maz\u00ee\",\"description\":\"P\u00eageha Zanyariy\u00ean Nebih\u00eest\u00ee\",\"publisher\":{\"@id\":\"https:\\\/\\\/darkamazi.info\\\/#organization\"},\"potentialAction\":[{\"@type\":\"SearchAction\",\"target\":{\"@type\":\"EntryPoint\",\"urlTemplate\":\"https:\\\/\\\/darkamazi.info\\\/?s={search_term_string}\"},\"query-input\":{\"@type\":\"PropertyValueSpecification\",\"valueRequired\":true,\"valueName\":\"search_term_string\"}}],\"inLanguage\":\"en-US\"},{\"@type\":\"Organization\",\"@id\":\"https:\\\/\\\/darkamazi.info\\\/#organization\",\"name\":\"Darka Maz\u00ee\",\"url\":\"https:\\\/\\\/darkamazi.info\\\/\",\"logo\":{\"@type\":\"ImageObject\",\"inLanguage\":\"en-US\",\"@id\":\"https:\\\/\\\/darkamazi.info\\\/#\\\/schema\\\/logo\\\/image\\\/\",\"url\":\"https:\\\/\\\/darkamazi.info\\\/darka-content\\\/uploads\\\/2017\\\/12\\\/darka-mazi-logo.png\",\"contentUrl\":\"https:\\\/\\\/darkamazi.info\\\/darka-content\\\/uploads\\\/2017\\\/12\\\/darka-mazi-logo.png\",\"width\":151,\"height\":75,\"caption\":\"Darka Maz\u00ee\"},\"image\":{\"@id\":\"https:\\\/\\\/darkamazi.info\\\/#\\\/schema\\\/logo\\\/image\\\/\"},\"sameAs\":[\"https:\\\/\\\/www.facebook.com\\\/DarMaziKurmanci\",\"https:\\\/\\\/x.com\\\/DarkaMaziLatini\",\"https:\\\/\\\/www.instagram.com\\\/darkamazi.kurmanci\\\/\",\"https:\\\/\\\/www.youtube.com\\\/channel\\\/UCa5HkTdmI8U1qCUFuTw8B2g\"]},{\"@type\":\"Person\",\"@id\":\"https:\\\/\\\/darkamazi.info\\\/#\\\/schema\\\/person\\\/5ad3e24553a0567993fa8ed4bd0a776c\",\"name\":\"darka mazi\",\"sameAs\":[\"https:\\\/\\\/darkamazi.info\\\/\"],\"url\":\"https:\\\/\\\/darkamazi.info\\\/archives\\\/author\\\/kurdi\"}]}<\/script>\n<!-- \/ Yoast SEO plugin. -->","seo_head_json":{"title":"PKK\u00ea \u015eengal bi r\u00eakkeftineka bi dilxwaz\u00ee radest\u00ee art\u00ea\u015fa \u00ceraq\u00ea \u00fb He\u015fd\u00ea kir - Darka Maz\u00ee","robots":{"index":"index","follow":"follow","max-snippet":"max-snippet:-1","max-image-preview":"max-image-preview:large","max-video-preview":"max-video-preview:-1"},"canonical":"https:\/\/darkamazi.info\/archives\/1049837","og_locale":"en_US","og_type":"article","og_title":"PKK\u00ea \u015eengal bi r\u00eakkeftineka bi dilxwaz\u00ee radest\u00ee art\u00ea\u015fa \u00ceraq\u00ea \u00fb He\u015fd\u00ea kir - Darka Maz\u00ee","og_description":"R\u00eaxistina PKK\u00ea li gor\u00ee r\u00eakkeftinek\u00ea baregeh\u00ean xwe y\u00ean li \u015eengal\u00ea bi herwe radest\u00ee art\u00ea\u015fa \u00ceraq\u00ea kirin, ji bo ku tu h\u00eaz\u00ean din nekevin di \u015eengal\u00ea de, PKK\u00ea bi v\u00ea hengav\u00ea axaftina xwe ya hertim bi c\u00eeh kir ku \u015eengal be\u015fek ji \u00ceraq\u00ea ye \u00fb ne Kurdistane! Li sala 2017an \u00fb pi\u015ft\u00ee h\u00eaza P\u00ea\u015fmergeh\u00ean Kurdistan\u00ea \u015eengal [&hellip;]","og_url":"https:\/\/darkamazi.info\/archives\/1049837","og_site_name":"Darka Maz\u00ee","article_publisher":"https:\/\/www.facebook.com\/DarMaziKurmanci","article_published_time":"2025-09-14T15:52:45+00:00","og_image":[{"width":900,"height":500,"url":"https:\/\/darkamazi.info\/file\/2025\/09\/PKK-Iraq-Armoi-Sinjar-Info.jpg","type":"image\/jpeg"}],"author":"darka mazi","twitter_card":"summary_large_image","twitter_creator":"@DarkaMaziLatini","twitter_site":"@DarkaMaziLatini","twitter_misc":{"Written by":"darka mazi","Est. reading time":"4 minutes"},"schema":{"@context":"https:\/\/schema.org","@graph":[{"@type":"Article","@id":"https:\/\/darkamazi.info\/archives\/1049837#article","isPartOf":{"@id":"https:\/\/darkamazi.info\/archives\/1049837"},"author":{"name":"darka mazi","@id":"https:\/\/darkamazi.info\/#\/schema\/person\/5ad3e24553a0567993fa8ed4bd0a776c"},"headline":"PKK\u00ea \u015eengal bi r\u00eakkeftineka bi dilxwaz\u00ee radest\u00ee art\u00ea\u015fa \u00ceraq\u00ea \u00fb He\u015fd\u00ea kir","datePublished":"2025-09-14T15:52:45+00:00","mainEntityOfPage":{"@id":"https:\/\/darkamazi.info\/archives\/1049837"},"wordCount":795,"publisher":{"@id":"https:\/\/darkamazi.info\/#organization"},"image":{"@id":"https:\/\/darkamazi.info\/archives\/1049837#primaryimage"},"thumbnailUrl":"https:\/\/darkamazi.info\/file\/2025\/09\/PKK-Iraq-Armoi-Sinjar-Info.jpg","keywords":["sereke","\u015eingal"],"articleSection":["Kurdistan"],"inLanguage":"en-US"},{"@type":"WebPage","@id":"https:\/\/darkamazi.info\/archives\/1049837","url":"https:\/\/darkamazi.info\/archives\/1049837","name":"PKK\u00ea \u015eengal bi r\u00eakkeftineka bi dilxwaz\u00ee radest\u00ee art\u00ea\u015fa \u00ceraq\u00ea \u00fb He\u015fd\u00ea kir - Darka Maz\u00ee","isPartOf":{"@id":"https:\/\/darkamazi.info\/#website"},"primaryImageOfPage":{"@id":"https:\/\/darkamazi.info\/archives\/1049837#primaryimage"},"image":{"@id":"https:\/\/darkamazi.info\/archives\/1049837#primaryimage"},"thumbnailUrl":"https:\/\/darkamazi.info\/file\/2025\/09\/PKK-Iraq-Armoi-Sinjar-Info.jpg","datePublished":"2025-09-14T15:52:45+00:00","breadcrumb":{"@id":"https:\/\/darkamazi.info\/archives\/1049837#breadcrumb"},"inLanguage":"en-US","potentialAction":[{"@type":"ReadAction","target":["https:\/\/darkamazi.info\/archives\/1049837"]}]},{"@type":"ImageObject","inLanguage":"en-US","@id":"https:\/\/darkamazi.info\/archives\/1049837#primaryimage","url":"https:\/\/darkamazi.info\/file\/2025\/09\/PKK-Iraq-Armoi-Sinjar-Info.jpg","contentUrl":"https:\/\/darkamazi.info\/file\/2025\/09\/PKK-Iraq-Armoi-Sinjar-Info.jpg","width":900,"height":500,"caption":"PKK-Iraq-Armoi-Sinjar-Net"},{"@type":"BreadcrumbList","@id":"https:\/\/darkamazi.info\/archives\/1049837#breadcrumb","itemListElement":[{"@type":"ListItem","position":1,"name":"Home","item":"https:\/\/darkamazi.info\/"},{"@type":"ListItem","position":2,"name":"PKK\u00ea \u015eengal bi r\u00eakkeftineka bi dilxwaz\u00ee radest\u00ee art\u00ea\u015fa \u00ceraq\u00ea \u00fb He\u015fd\u00ea kir"}]},{"@type":"WebSite","@id":"https:\/\/darkamazi.info\/#website","url":"https:\/\/darkamazi.info\/","name":"Darka Maz\u00ee","description":"P\u00eageha Zanyariy\u00ean Nebih\u00eest\u00ee","publisher":{"@id":"https:\/\/darkamazi.info\/#organization"},"potentialAction":[{"@type":"SearchAction","target":{"@type":"EntryPoint","urlTemplate":"https:\/\/darkamazi.info\/?s={search_term_string}"},"query-input":{"@type":"PropertyValueSpecification","valueRequired":true,"valueName":"search_term_string"}}],"inLanguage":"en-US"},{"@type":"Organization","@id":"https:\/\/darkamazi.info\/#organization","name":"Darka Maz\u00ee","url":"https:\/\/darkamazi.info\/","logo":{"@type":"ImageObject","inLanguage":"en-US","@id":"https:\/\/darkamazi.info\/#\/schema\/logo\/image\/","url":"https:\/\/darkamazi.info\/file\/2017\/12\/darka-mazi-logo.png","contentUrl":"https:\/\/darkamazi.info\/file\/2017\/12\/darka-mazi-logo.png","width":151,"height":75,"caption":"Darka Maz\u00ee"},"image":{"@id":"https:\/\/darkamazi.info\/#\/schema\/logo\/image\/"},"sameAs":["https:\/\/www.facebook.com\/DarMaziKurmanci","https:\/\/x.com\/DarkaMaziLatini","https:\/\/www.instagram.com\/darkamazi.kurmanci\/","https:\/\/www.youtube.com\/channel\/UCa5HkTdmI8U1qCUFuTw8B2g"]},{"@type":"Person","@id":"https:\/\/darkamazi.info\/#\/schema\/person\/5ad3e24553a0567993fa8ed4bd0a776c","name":"darka mazi","sameAs":["https:\/\/darkamazi.info\/"],"url":"https:\/\/darkamazi.info\/archives\/author\/kurdi"}]}},"_links":{"self":[{"href":"https:\/\/darkamazi.info\/funavuv\/wp\/v2\/posts\/1049837","targetHints":{"allow":["GET"]}}],"collection":[{"href":"https:\/\/darkamazi.info\/funavuv\/wp\/v2\/posts"}],"about":[{"href":"https:\/\/darkamazi.info\/funavuv\/wp\/v2\/types\/post"}],"author":[{"embeddable":true,"href":"https:\/\/darkamazi.info\/funavuv\/wp\/v2\/users\/2"}],"replies":[{"embeddable":true,"href":"https:\/\/darkamazi.info\/funavuv\/wp\/v2\/comments?post=1049837"}],"version-history":[{"count":0,"href":"https:\/\/darkamazi.info\/funavuv\/wp\/v2\/posts\/1049837\/revisions"}],"wp:featuredmedia":[{"embeddable":true,"href":"https:\/\/darkamazi.info\/funavuv\/wp\/v2\/media\/1049838"}],"wp:attachment":[{"href":"https:\/\/darkamazi.info\/funavuv\/wp\/v2\/media?parent=1049837"}],"wp:term":[{"taxonomy":"category","embeddable":true,"href":"https:\/\/darkamazi.info\/funavuv\/wp\/v2\/categories?post=1049837"},{"taxonomy":"post_tag","embeddable":true,"href":"https:\/\/darkamazi.info\/funavuv\/wp\/v2\/tags?post=1049837"}],"curies":[{"name":"wp","href":"https:\/\/api.w.org\/{rel}","templated":true}]}}