{"id":1049841,"date":"2025-09-14T19:12:50","date_gmt":"2025-09-14T16:12:50","guid":{"rendered":"https:\/\/darkamazi.info\/?p=1049841"},"modified":"2025-09-14T19:12:50","modified_gmt":"2025-09-14T16:12:50","slug":"ki-rojeva-herema-kurdistane-berevaji-dike-u-sere-hibrid-ci-ye","status":"publish","type":"post","link":"https:\/\/darkamazi.info\/archives\/1049841","title":{"rendered":"K\u00ee rojeva Her\u00eama Kurdistan\u00ea berevaj\u00ee dike \u00fb \u015eer\u00ea h\u00eebr\u00eed \u00e7i ye?"},"content":{"rendered":"<div class=\"wpb-content-wrapper\"><p>[darkamazi_row][darkamazi_column][darkamazi_video link=&#8221;https:\/\/www.youtube.com\/watch?v=ZndvXE8yUFo&#8221; align=&#8221;center&#8221; css=&#8221;&#8221;][darkamazi_column_text css=&#8221;&#8221;]<\/p>\n<h3 style=\"text-align: justify;\"><span style=\"font-family: 'arial black', sans-serif;\">Rojhilata Nav\u00een di guhertin\u00ean bilez \u00fb bingeg\u00een de ye. Deng\u00ea ling\u00ean pergaleke n\u00fb t\u00ea bih\u00eestin, rej\u00eem hildiwe\u015fin \u00fb s\u00eenor d\u00ea biguherin. \u00db Kurd yek ji aktor\u00ean her\u00ee gir\u00eeng \u00ean v\u00ea p\u00eavajoy\u00ea ne, di rew\u015fek\u00ea de ne ku \u00e7aren\u00fbsa Rojhilata Nav\u00een diyar bikin \u00fb \u00e7aren\u00fbsa xwe biguher\u00eenin.<\/span><\/h3>\n<h3 style=\"text-align: justify;\"><span style=\"font-family: arial, helvetica, sans-serif;\">Ev derfet her tim bi dest nakeve, l\u00ea hin derdor operasyonek\u00ea dikin da ku rojeva Kurdan man\u00eepule bikin, da ku ew ji v\u00ea derfeta z\u00ear\u00een s\u00fbd wernegirin. Bi taybet\u00ee, hewl t\u00ea day\u00een ku Her\u00eama Kurdistan\u00ea bi mijar\u00ean wek\u00ee m\u00fb\u00e7e ve mij\u00fbl bikin.<\/span><\/h3>\n<h3 style=\"text-align: justify;\"><span style=\"font-family: arial, helvetica, sans-serif;\">\u00db ji bo v\u00ea armanc\u00ea, ji sala 2012an vir ve \u015ferek\u00ee h\u00eebr\u00eed li dij\u00ee Her\u00eama Kurdistan\u00ea t\u00ea me\u015fandin.<\/span><\/h3>\n<h3 style=\"text-align: justify;\"><span style=\"font-family: 'arial black', sans-serif;\"><strong><span style=\"color: #8c0808;\">Iraq li dij\u00ee Her\u00eama Kurdistan\u00ea \u015ferek\u00ee h\u00eebr\u00eed dime\u015f\u00eene<\/span><\/strong><\/span><\/h3>\n<h3 style=\"text-align: justify;\"><span style=\"font-family: arial, helvetica, sans-serif;\">Frank Hofman yekem car di sala 2007an de peyva &#8220;\u015fer\u00ea h\u00eebr\u00eed&#8221; bikar an\u00ee. \u015eer\u00ea h\u00eebr\u00eed r\u00eabazeke \u015fer\u00ea nif\u015f\u00ea n\u00fb ye ku t\u00ea de r\u00eabaz\u00ean \u015fer\u00ea konvans\u00eeyonel \u00fb as\u00eemetr\u00eek bi nav hevde t\u00ean me\u015fandin<\/span><\/h3>\n<h3 style=\"text-align: justify;\"><span style=\"font-family: arial, helvetica, sans-serif;\">Nirxandinek ji n\u00eaz ve e\u015fkere dike ku hem\u00ee r\u00eabaz\u00ean \u015fer\u00ea h\u00eebr\u00eed li ser Her\u00eama Kurdistan\u00ea t\u00eane sepandin.<\/span><\/h3>\n<h3 style=\"text-align: justify;\"><span style=\"font-family: arial, helvetica, sans-serif;\">Di \u015eer\u00ea h\u00eebr\u00eed de taybetmendiya her\u00ee gir\u00eeng a ku \u015fer\u00ea h\u00eebr\u00eed ji \u015fer\u00ea meydan\u00ee cuda dike, \u015fiyana zextkirina aliy\u00ea dijber b\u00eay\u00ee ragihandina \u015fer e, ku muxateb were d\u00eetin. Di \u015ferek\u00ee wiha de, dibe ku aliy\u00ea di bin \u00eari\u015f\u00ea de may\u00ee nikaribe \u00eespat bike ku ew rast\u00ee \u00ear\u00ee\u015f\u00ea t\u00ean. H\u00eaz\u00ean ku \u015fer\u00ea h\u00eebr\u00eed dikin h\u00eaz\u00ean taybet, h\u00eaz\u00ean ner\u00eak\u00fbp\u00eak (mil\u00ees), h\u00eaman\u00ean \u015fer\u00ea abor\u00ee, \u00ear\u00ee\u015f\u00ean s\u00eeber \u00fb d\u00eeplomasiy\u00ea bikar t\u00eenin. Ya her\u00ee gir\u00eeng, h\u00eaz\u00ean her\u00eam\u00ee y\u00ean ku pi\u015ftgir\u00ee didin kaos\u00ea t\u00eane akt\u00eefkirin.<\/span><\/h3>\n<h3 style=\"text-align: justify;\"><span style=\"font-family: arial, helvetica, sans-serif;\">Li van hem\u00ee amaran bin\u00earin h\u00fbn\u00ea bib\u00eenin ku hem\u00ee li dij\u00ee Her\u00eama Kurdistan\u00ea t\u00eane bikar an\u00een. Hik\u00fbmeta navend\u00ee ya Iraq\u00ea ji sala 2009an vir ve li dij\u00ee Kurdan \u015ferek\u00ee h\u00eebr\u00eed \u00ea piral\u00ee dime\u015f\u00eene.<\/span><\/h3>\n<h3 style=\"text-align: justify;\"><span style=\"font-family: arial, helvetica, sans-serif;\">L\u00eabel\u00ea, \u015fer bi awayek\u00ee t\u00ea me\u015fandin ku, li pi\u015ft saz\u00eey\u00ean ferm\u00ee y\u00ean wek\u00ee qan\u00fbn, dadgeh, wezaret \u00fb hwd., ew \u00ear\u00ee\u015f\u00ean xwe wek\u00ee parastina serdestiya qan\u00fbn \u00fb pergala \u00eedar\u00ee n\u00ee\u015fan didin.<\/span><\/h3>\n<h3 style=\"text-align: justify;\"><span style=\"font-family: 'arial black', sans-serif; color: #8c0808;\">Ji sala 2012an vir ve \u015ferek\u00ee berdewam li dij\u00ee Kurdistan\u00ea t\u00ea me\u015fandin\u2026<\/span><\/h3>\n<h3 style=\"text-align: justify;\"><span style=\"font-family: arial, helvetica, sans-serif;\">Ji sala 2012an vir ve, wan pirsgir\u00eaka m\u00fb\u00e7e ekt\u00eefkir, bi zaneb\u00fbn xelk bir\u00e7\u00ee hi\u015ftine \u00fb \u015ferek\u00ee abor\u00ee dane destp\u00eakirin, \u00fb ev yek di bin kemameya dest\u00fbr\u00ea de t\u00ea kirin. yan\u00ee 13 sal in li dij\u00ee Kurdan \u015ferek\u00ee abor\u00ee heye.<\/span><\/h3>\n<h3 style=\"text-align: justify;\"><span style=\"font-family: arial, helvetica, sans-serif;\">Iraq dixwaze \u00e7avkaniy\u00ean weke \u015f\u00eer\u00ea dayik\u00ea li Kurdan helal, dewlemend\u00eeya sererd \u00fb binerd \u00ean Kurdan, bajar \u00fb gund\u00ean wan desteser bike. Iraq h\u00ead\u00ee h\u00ead\u00ee Kurdistan\u00ea dagir dike. Kerk\u00fbk \u00fb \u015eingal ji Kurdan stend, l\u00ea ew v\u00ea yek\u00ea wek\u00ee sepandina pergala dewlet\u00ea bi nav dike.<\/span><\/h3>\n<h3 style=\"text-align: justify;\"><span style=\"font-family: arial, helvetica, sans-serif;\">Wan bi r\u00eeya ceh\u015f\u00ean xwe li Bexday\u00ea of\u00ees\u00ean KDP \u00fb ala Kurdistan\u00ea \u015fewitandin, li dij\u00ee Kurdan \u015fer\u00ea ps\u00eekoloj\u00eek kir, l\u00ea bi \u00eediaya ku ew bertekek siv\u00eel b\u00fb, ev \u00eari\u015fa xwe ve\u015fartin.<\/span><\/h3>\n<h3 style=\"text-align: justify;\"><span style=\"font-family: arial, helvetica, sans-serif;\">Ceh\u015f\u00ean Kurd ji bo avakirina malperan \u00fb organ\u00eezekirina xwep\u00ea\u015fandanan di bin kemameya xwep\u00ea\u015fandan\u00ean mamosteyan de pere didin hevkar\u00ean xwe \u00fb wan wek\u00ee Kurd\u00ean opos\u00eezyon n\u00ee\u015fan didin.<\/span><\/h3>\n<h3 style=\"text-align: justify;\"><span style=\"font-family: arial, helvetica, sans-serif;\">Wez\u00eera Ko\u00e7beran \u00fb Wez\u00eera Aboriy\u00ea y\u00ean Hik\u00fbmeta Iraq\u00ea m\u00eena du \u015fervanan ku mertal di dest de ne, \u00ear\u00ee\u015f\u00ee Kurdan \u00fb p\u00ea\u015feroja wan dikin.<\/span><\/h3>\n<h3 style=\"text-align: justify;\"><span style=\"font-family: arial, helvetica, sans-serif;\">Ango, Iraq \u015ferek\u00ee ve\u015fart\u00ee y\u00ea h\u00eebr\u00eed li dij\u00ee Kurdan dime\u015f\u00eene. \u00db ewqas ve\u015fart\u00ee dime\u015f\u00eene ku mirov nikare j\u00ea re bib\u00eaje \u015fer&#8230;. B\u00ea guman, \u015ferek\u00ee \u00e7ekdar\u00ee j\u00ee heye. Ji sala 2014an vir ve, Her\u00eama Kurdistan\u00ea rast\u00ee \u00ear\u00ee\u015f\u00ea t\u00ea, hewl t\u00ea day\u00een ku Kurdistan\u00ea b\u00ea stat\u00fb bikin.<\/span><\/h3>\n<h3 style=\"text-align: justify;\"><span style=\"font-family: arial, helvetica, sans-serif;\">Desp\u00eak\u00ea DAI\u015e \u00ea \u00ear\u00ee\u015f kir, pa\u015f\u00ea \u00e7etey\u00ean He\u015fd\u00ee \u015eeb\u00ee bi dronan \u00ear\u00ee\u015f kirin, PKK \u00ea di \u00e7ar\u00e7oveya v\u00ea projey\u00ea de \u00ear\u00ee\u015f kir, \u00fb dewleta \u00ceran\u00ea j\u00ee \u00ear\u00ee\u015f kir. Dewleta Tirkiyey\u00ea ji bi hinceta tunekirina PKK \u00ea \u00ear\u00ee\u015f kir.<\/span><\/h3>\n<h3 style=\"text-align: justify;\"><span style=\"font-family: arial, helvetica, sans-serif;\">Hewl\u00eara Paytaxt di bin \u00eari\u015f\u00ean dron \u00fb m\u00fb\u015fekan de kerameta xwe parast. Niha, &#8220;\u00ear\u00ee\u015f\u00ean dronan li ser zeviy\u00ean petrol\u00ea&#8221; dom dike, ku dewleta Iraq\u00ea qet nekariye wan tesp\u00eet bike, l\u00ea her kes p\u00ea dizane. Yan\u00ee, di 11 sal\u00ean daw\u00ee de, deng\u00ea \u00e7eka qed li ser Kurdistan\u00ea k\u00eam neb\u00fbye.<\/span><\/h3>\n<h3 style=\"text-align: justify;\"><span style=\"font-family: arial, helvetica, sans-serif;\">\u00db niha, rexm\u00ea v\u00ee \u015fer\u00ee j\u00ee t\u00ea gotin ku pirsgir\u00eak di nav Erb\u00eel \u00fb Bexday\u00ea de hene. L\u00ea bel\u00ea, div\u00eeya xelk \u00fb rew\u015fenb\u00eer\u00ean Kurdistan\u00ea kiryar\u00ean Bexday\u00ea wek\u00ee \u015fer\u00ea Iraq\u00ea li dij\u00ee Her\u00eama Kurdistan\u00ea bi nav bikin.<\/span><\/h3>\n<h3 style=\"text-align: justify;\"><span style=\"font-family: arial, helvetica, sans-serif;\">Bel\u00ea, pirsgir\u00eaka m\u00fb\u00e7e bandor\u00ea li jiyana her kes\u00ee dike, l\u00ea pirsgir\u00eak ji nedana m\u00fb\u00e7e pir mezintir e. Banga hin Iraqiy\u00ean nijadperest\u00ean muxalif ji bo veguheztina dahatan bo Iraq\u00ea, bangek e ji bo Kurdan ku bi tesl\u00eemb\u00fbn\u00ea raz\u00ee bibin. Hik\u00fbmeta Kurdistan\u00ea ji aliy\u00ea dadperweriy\u00ea \u00fb p\u00ea\u015fver\u00fbiye ji desthilata Bexday\u00ea pir p\u00ea\u015fdatir e. Heke desthilata Hewl\u00ear\u00ea ji aliy\u00ea Iraq\u00ea ve hatiba me\u015fandin niha \u00e7i k\u00ea\u015fey\u00ean Iraq\u00ea li her\u00eam\u00ea nedib\u00fbn.<\/span><\/h3>\n<h3 style=\"text-align: justify;\"><span style=\"font-family: arial, helvetica, sans-serif;\">Welew heke Kurd tesl\u00eem bibin j\u00ee, Bexda ewqas b\u00eawijdan e ku were \u00fb yek bi yek mal \u00fb milk\u00ean kurdan desteser bike. D\u00ea mid\u00fbr\u00ean Ereb werin ser dam \u00fb dezgeh\u00ean me.<\/span><\/h3>\n<h3 style=\"text-align: justify;\"><span style=\"font-family: arial, helvetica, sans-serif;\">Desthilata Iraq\u00ea xwed\u00ee fahmek\u00ee pa\u015fver\u00fb ye \u00fb p\u00ea\u015feroja w\u00ea ne diyar e. \u00c7ima div\u00ea Kurd tesl\u00eem\u00ee v\u00ea s\u00eestema p\u00ea\u015feroja w\u00ea ne diyar bibin? \u00c7ima div\u00ea em maf \u00fb dahata xwe y\u00ea rewa, m\u00eena \u015f\u00eer\u00ea dayik\u00ea helal, tesl\u00eem\u00ee kaosa Iraq\u00ea bikin? Div\u00ea Kurd hinek\u00ee din diran\u00ean xwe bi\u015fid\u00eenin \u00fb li ser guhertina li Rojhilata Nav\u00een di amadeba\u015f\u00ee de bin. Ten\u00ea bi v\u00ee \u015f\u00eawaz\u00ee em\u00ea bikarin tar\u00eetiya ku li ser me hatiye ferzkirin \u00fb v\u00ee \u015fer\u00ea h\u00eebr\u00eed t\u00eak bibin.<\/span><\/h3>\n<p>[\/darkamazi_column_text][\/darkamazi_column][\/darkamazi_row]<\/p>\n<\/div>","protected":false},"excerpt":{"rendered":"<p>[darkamazi_row][darkamazi_column][darkamazi_video link=&#8221;https:\/\/www.youtube.com\/watch?v=ZndvXE8yUFo&#8221; align=&#8221;center&#8221; css=&#8221;&#8221;][darkamazi_column_text css=&#8221;&#8221;] Rojhilata Nav\u00een di guhertin\u00ean bilez \u00fb bingeg\u00een de ye. Deng\u00ea ling\u00ean pergaleke n\u00fb t\u00ea bih\u00eestin, rej\u00eem hildiwe\u015fin \u00fb s\u00eenor d\u00ea biguherin. \u00db Kurd yek ji aktor\u00ean her\u00ee gir\u00eeng \u00ean v\u00ea p\u00eavajoy\u00ea ne, di rew\u015fek\u00ea de ne ku \u00e7aren\u00fbsa Rojhilata Nav\u00een diyar bikin \u00fb \u00e7aren\u00fbsa xwe biguher\u00eenin. Ev derfet her tim [&hellip;]<\/p>\n","protected":false},"author":2,"featured_media":1049844,"comment_status":"closed","ping_status":"closed","sticky":false,"template":"epic_custom_post_template-1006382","format":"video","meta":{"footnotes":""},"categories":[68,65],"tags":[37],"class_list":["post-1049841","post","type-post","status-publish","format-video","has-post-thumbnail","hentry","category-analiz","category-vidiyo","tag-sereke","post_format-post-format-video"],"blocksy_meta":[],"seo_head":"<!-- This site is optimized with the Yoast SEO plugin v27.5 - https:\/\/yoast.com\/product\/yoast-seo-wordpress\/ -->\n<title>K\u00ee rojeva Her\u00eama Kurdistan\u00ea berevaj\u00ee dike \u00fb \u015eer\u00ea h\u00eebr\u00eed \u00e7i ye? - Darka Maz\u00ee<\/title>\n<meta name=\"robots\" content=\"index, follow, max-snippet:-1, max-image-preview:large, max-video-preview:-1\" \/>\n<link rel=\"canonical\" href=\"https:\/\/darkamazi.info\/archives\/1049841\" \/>\n<meta property=\"og:locale\" content=\"en_US\" \/>\n<meta property=\"og:type\" content=\"article\" \/>\n<meta property=\"og:title\" content=\"K\u00ee rojeva Her\u00eama Kurdistan\u00ea berevaj\u00ee dike \u00fb \u015eer\u00ea h\u00eebr\u00eed \u00e7i ye? - Darka Maz\u00ee\" \/>\n<meta property=\"og:description\" content=\"[darkamazi_row][darkamazi_column][darkamazi_video link=&#8221;https:\/\/www.youtube.com\/watch?v=ZndvXE8yUFo&#8221; align=&#8221;center&#8221; css=&#8221;&#8221;][darkamazi_column_text css=&#8221;&#8221;] Rojhilata Nav\u00een di guhertin\u00ean bilez \u00fb bingeg\u00een de ye. Deng\u00ea ling\u00ean pergaleke n\u00fb t\u00ea bih\u00eestin, rej\u00eem hildiwe\u015fin \u00fb s\u00eenor d\u00ea biguherin. \u00db Kurd yek ji aktor\u00ean her\u00ee gir\u00eeng \u00ean v\u00ea p\u00eavajoy\u00ea ne, di rew\u015fek\u00ea de ne ku \u00e7aren\u00fbsa Rojhilata Nav\u00een diyar bikin \u00fb \u00e7aren\u00fbsa xwe biguher\u00eenin. Ev derfet her tim [&hellip;]\" \/>\n<meta property=\"og:url\" content=\"https:\/\/darkamazi.info\/archives\/1049841\" \/>\n<meta property=\"og:site_name\" content=\"Darka Maz\u00ee\" \/>\n<meta property=\"article:publisher\" content=\"https:\/\/www.facebook.com\/DarMaziKurmanci\" \/>\n<meta property=\"article:published_time\" content=\"2025-09-14T16:12:50+00:00\" \/>\n<meta property=\"og:image\" content=\"https:\/\/darkamazi.info\/file\/2025\/09\/hybird_attack.jpg\" \/>\n\t<meta property=\"og:image:width\" content=\"900\" \/>\n\t<meta property=\"og:image:height\" content=\"497\" \/>\n\t<meta property=\"og:image:type\" content=\"image\/jpeg\" \/>\n<meta name=\"author\" content=\"darka mazi\" \/>\n<meta name=\"twitter:card\" content=\"summary_large_image\" \/>\n<meta name=\"twitter:creator\" content=\"@DarkaMaziLatini\" \/>\n<meta name=\"twitter:site\" content=\"@DarkaMaziLatini\" \/>\n<meta name=\"twitter:label1\" content=\"Written by\" \/>\n\t<meta name=\"twitter:data1\" content=\"darka mazi\" \/>\n\t<meta name=\"twitter:label2\" content=\"Est. reading time\" \/>\n\t<meta name=\"twitter:data2\" content=\"4 minutes\" \/>\n<script type=\"application\/ld+json\" class=\"seo-schema-graph\">{\"@context\":\"https:\\\/\\\/schema.org\",\"@graph\":[{\"@type\":\"Article\",\"@id\":\"https:\\\/\\\/darkamazi.info\\\/archives\\\/1049841#article\",\"isPartOf\":{\"@id\":\"https:\\\/\\\/darkamazi.info\\\/archives\\\/1049841\"},\"author\":{\"name\":\"darka mazi\",\"@id\":\"https:\\\/\\\/darkamazi.info\\\/#\\\/schema\\\/person\\\/5ad3e24553a0567993fa8ed4bd0a776c\"},\"headline\":\"K\u00ee rojeva Her\u00eama Kurdistan\u00ea berevaj\u00ee dike \u00fb \u015eer\u00ea h\u00eebr\u00eed \u00e7i ye?\",\"datePublished\":\"2025-09-14T16:12:50+00:00\",\"mainEntityOfPage\":{\"@id\":\"https:\\\/\\\/darkamazi.info\\\/archives\\\/1049841\"},\"wordCount\":1041,\"publisher\":{\"@id\":\"https:\\\/\\\/darkamazi.info\\\/#organization\"},\"image\":{\"@id\":\"https:\\\/\\\/darkamazi.info\\\/archives\\\/1049841#primaryimage\"},\"thumbnailUrl\":\"https:\\\/\\\/darkamazi.info\\\/darka-content\\\/uploads\\\/2025\\\/09\\\/hybird_attack.jpg\",\"keywords\":[\"sereke\"],\"articleSection\":[\"Anal\u00eez\",\"V\u00eed\u00eeyo\"],\"inLanguage\":\"en-US\"},{\"@type\":\"WebPage\",\"@id\":\"https:\\\/\\\/darkamazi.info\\\/archives\\\/1049841\",\"url\":\"https:\\\/\\\/darkamazi.info\\\/archives\\\/1049841\",\"name\":\"K\u00ee rojeva Her\u00eama Kurdistan\u00ea berevaj\u00ee dike \u00fb \u015eer\u00ea h\u00eebr\u00eed \u00e7i ye? - Darka Maz\u00ee\",\"isPartOf\":{\"@id\":\"https:\\\/\\\/darkamazi.info\\\/#website\"},\"primaryImageOfPage\":{\"@id\":\"https:\\\/\\\/darkamazi.info\\\/archives\\\/1049841#primaryimage\"},\"image\":{\"@id\":\"https:\\\/\\\/darkamazi.info\\\/archives\\\/1049841#primaryimage\"},\"thumbnailUrl\":\"https:\\\/\\\/darkamazi.info\\\/darka-content\\\/uploads\\\/2025\\\/09\\\/hybird_attack.jpg\",\"datePublished\":\"2025-09-14T16:12:50+00:00\",\"breadcrumb\":{\"@id\":\"https:\\\/\\\/darkamazi.info\\\/archives\\\/1049841#breadcrumb\"},\"inLanguage\":\"en-US\",\"potentialAction\":[{\"@type\":\"ReadAction\",\"target\":[\"https:\\\/\\\/darkamazi.info\\\/archives\\\/1049841\"]}]},{\"@type\":\"ImageObject\",\"inLanguage\":\"en-US\",\"@id\":\"https:\\\/\\\/darkamazi.info\\\/archives\\\/1049841#primaryimage\",\"url\":\"https:\\\/\\\/darkamazi.info\\\/darka-content\\\/uploads\\\/2025\\\/09\\\/hybird_attack.jpg\",\"contentUrl\":\"https:\\\/\\\/darkamazi.info\\\/darka-content\\\/uploads\\\/2025\\\/09\\\/hybird_attack.jpg\",\"width\":900,\"height\":497,\"caption\":\"K\u00ee rojeva Her\u00eama Kurdistan\u00ea berevaj\u00ee dike \u00fb \u015eer\u00ea h\u00eebr\u00eed \u00e7i ye?\"},{\"@type\":\"BreadcrumbList\",\"@id\":\"https:\\\/\\\/darkamazi.info\\\/archives\\\/1049841#breadcrumb\",\"itemListElement\":[{\"@type\":\"ListItem\",\"position\":1,\"name\":\"Home\",\"item\":\"https:\\\/\\\/darkamazi.info\\\/\"},{\"@type\":\"ListItem\",\"position\":2,\"name\":\"K\u00ee rojeva Her\u00eama Kurdistan\u00ea berevaj\u00ee dike \u00fb \u015eer\u00ea h\u00eebr\u00eed \u00e7i ye?\"}]},{\"@type\":\"WebSite\",\"@id\":\"https:\\\/\\\/darkamazi.info\\\/#website\",\"url\":\"https:\\\/\\\/darkamazi.info\\\/\",\"name\":\"Darka Maz\u00ee\",\"description\":\"P\u00eageha Zanyariy\u00ean Nebih\u00eest\u00ee\",\"publisher\":{\"@id\":\"https:\\\/\\\/darkamazi.info\\\/#organization\"},\"potentialAction\":[{\"@type\":\"SearchAction\",\"target\":{\"@type\":\"EntryPoint\",\"urlTemplate\":\"https:\\\/\\\/darkamazi.info\\\/?s={search_term_string}\"},\"query-input\":{\"@type\":\"PropertyValueSpecification\",\"valueRequired\":true,\"valueName\":\"search_term_string\"}}],\"inLanguage\":\"en-US\"},{\"@type\":\"Organization\",\"@id\":\"https:\\\/\\\/darkamazi.info\\\/#organization\",\"name\":\"Darka Maz\u00ee\",\"url\":\"https:\\\/\\\/darkamazi.info\\\/\",\"logo\":{\"@type\":\"ImageObject\",\"inLanguage\":\"en-US\",\"@id\":\"https:\\\/\\\/darkamazi.info\\\/#\\\/schema\\\/logo\\\/image\\\/\",\"url\":\"https:\\\/\\\/darkamazi.info\\\/darka-content\\\/uploads\\\/2017\\\/12\\\/darka-mazi-logo.png\",\"contentUrl\":\"https:\\\/\\\/darkamazi.info\\\/darka-content\\\/uploads\\\/2017\\\/12\\\/darka-mazi-logo.png\",\"width\":151,\"height\":75,\"caption\":\"Darka Maz\u00ee\"},\"image\":{\"@id\":\"https:\\\/\\\/darkamazi.info\\\/#\\\/schema\\\/logo\\\/image\\\/\"},\"sameAs\":[\"https:\\\/\\\/www.facebook.com\\\/DarMaziKurmanci\",\"https:\\\/\\\/x.com\\\/DarkaMaziLatini\",\"https:\\\/\\\/www.instagram.com\\\/darkamazi.kurmanci\\\/\",\"https:\\\/\\\/www.youtube.com\\\/channel\\\/UCa5HkTdmI8U1qCUFuTw8B2g\"]},{\"@type\":\"Person\",\"@id\":\"https:\\\/\\\/darkamazi.info\\\/#\\\/schema\\\/person\\\/5ad3e24553a0567993fa8ed4bd0a776c\",\"name\":\"darka mazi\",\"sameAs\":[\"https:\\\/\\\/darkamazi.info\\\/\"],\"url\":\"https:\\\/\\\/darkamazi.info\\\/archives\\\/author\\\/kurdi\"}]}<\/script>\n<!-- \/ Yoast SEO plugin. -->","seo_head_json":{"title":"K\u00ee rojeva Her\u00eama Kurdistan\u00ea berevaj\u00ee dike \u00fb \u015eer\u00ea h\u00eebr\u00eed \u00e7i ye? - Darka Maz\u00ee","robots":{"index":"index","follow":"follow","max-snippet":"max-snippet:-1","max-image-preview":"max-image-preview:large","max-video-preview":"max-video-preview:-1"},"canonical":"https:\/\/darkamazi.info\/archives\/1049841","og_locale":"en_US","og_type":"article","og_title":"K\u00ee rojeva Her\u00eama Kurdistan\u00ea berevaj\u00ee dike \u00fb \u015eer\u00ea h\u00eebr\u00eed \u00e7i ye? - Darka Maz\u00ee","og_description":"[darkamazi_row][darkamazi_column][darkamazi_video link=&#8221;https:\/\/www.youtube.com\/watch?v=ZndvXE8yUFo&#8221; align=&#8221;center&#8221; css=&#8221;&#8221;][darkamazi_column_text css=&#8221;&#8221;] Rojhilata Nav\u00een di guhertin\u00ean bilez \u00fb bingeg\u00een de ye. Deng\u00ea ling\u00ean pergaleke n\u00fb t\u00ea bih\u00eestin, rej\u00eem hildiwe\u015fin \u00fb s\u00eenor d\u00ea biguherin. \u00db Kurd yek ji aktor\u00ean her\u00ee gir\u00eeng \u00ean v\u00ea p\u00eavajoy\u00ea ne, di rew\u015fek\u00ea de ne ku \u00e7aren\u00fbsa Rojhilata Nav\u00een diyar bikin \u00fb \u00e7aren\u00fbsa xwe biguher\u00eenin. Ev derfet her tim [&hellip;]","og_url":"https:\/\/darkamazi.info\/archives\/1049841","og_site_name":"Darka Maz\u00ee","article_publisher":"https:\/\/www.facebook.com\/DarMaziKurmanci","article_published_time":"2025-09-14T16:12:50+00:00","og_image":[{"width":900,"height":497,"url":"https:\/\/darkamazi.info\/file\/2025\/09\/hybird_attack.jpg","type":"image\/jpeg"}],"author":"darka mazi","twitter_card":"summary_large_image","twitter_creator":"@DarkaMaziLatini","twitter_site":"@DarkaMaziLatini","twitter_misc":{"Written by":"darka mazi","Est. reading time":"4 minutes"},"schema":{"@context":"https:\/\/schema.org","@graph":[{"@type":"Article","@id":"https:\/\/darkamazi.info\/archives\/1049841#article","isPartOf":{"@id":"https:\/\/darkamazi.info\/archives\/1049841"},"author":{"name":"darka mazi","@id":"https:\/\/darkamazi.info\/#\/schema\/person\/5ad3e24553a0567993fa8ed4bd0a776c"},"headline":"K\u00ee rojeva Her\u00eama Kurdistan\u00ea berevaj\u00ee dike \u00fb \u015eer\u00ea h\u00eebr\u00eed \u00e7i ye?","datePublished":"2025-09-14T16:12:50+00:00","mainEntityOfPage":{"@id":"https:\/\/darkamazi.info\/archives\/1049841"},"wordCount":1041,"publisher":{"@id":"https:\/\/darkamazi.info\/#organization"},"image":{"@id":"https:\/\/darkamazi.info\/archives\/1049841#primaryimage"},"thumbnailUrl":"https:\/\/darkamazi.info\/file\/2025\/09\/hybird_attack.jpg","keywords":["sereke"],"articleSection":["Anal\u00eez","V\u00eed\u00eeyo"],"inLanguage":"en-US"},{"@type":"WebPage","@id":"https:\/\/darkamazi.info\/archives\/1049841","url":"https:\/\/darkamazi.info\/archives\/1049841","name":"K\u00ee rojeva Her\u00eama Kurdistan\u00ea berevaj\u00ee dike \u00fb \u015eer\u00ea h\u00eebr\u00eed \u00e7i ye? - Darka Maz\u00ee","isPartOf":{"@id":"https:\/\/darkamazi.info\/#website"},"primaryImageOfPage":{"@id":"https:\/\/darkamazi.info\/archives\/1049841#primaryimage"},"image":{"@id":"https:\/\/darkamazi.info\/archives\/1049841#primaryimage"},"thumbnailUrl":"https:\/\/darkamazi.info\/file\/2025\/09\/hybird_attack.jpg","datePublished":"2025-09-14T16:12:50+00:00","breadcrumb":{"@id":"https:\/\/darkamazi.info\/archives\/1049841#breadcrumb"},"inLanguage":"en-US","potentialAction":[{"@type":"ReadAction","target":["https:\/\/darkamazi.info\/archives\/1049841"]}]},{"@type":"ImageObject","inLanguage":"en-US","@id":"https:\/\/darkamazi.info\/archives\/1049841#primaryimage","url":"https:\/\/darkamazi.info\/file\/2025\/09\/hybird_attack.jpg","contentUrl":"https:\/\/darkamazi.info\/file\/2025\/09\/hybird_attack.jpg","width":900,"height":497,"caption":"K\u00ee rojeva Her\u00eama Kurdistan\u00ea berevaj\u00ee dike \u00fb \u015eer\u00ea h\u00eebr\u00eed \u00e7i ye?"},{"@type":"BreadcrumbList","@id":"https:\/\/darkamazi.info\/archives\/1049841#breadcrumb","itemListElement":[{"@type":"ListItem","position":1,"name":"Home","item":"https:\/\/darkamazi.info\/"},{"@type":"ListItem","position":2,"name":"K\u00ee rojeva Her\u00eama Kurdistan\u00ea berevaj\u00ee dike \u00fb \u015eer\u00ea h\u00eebr\u00eed \u00e7i ye?"}]},{"@type":"WebSite","@id":"https:\/\/darkamazi.info\/#website","url":"https:\/\/darkamazi.info\/","name":"Darka Maz\u00ee","description":"P\u00eageha Zanyariy\u00ean Nebih\u00eest\u00ee","publisher":{"@id":"https:\/\/darkamazi.info\/#organization"},"potentialAction":[{"@type":"SearchAction","target":{"@type":"EntryPoint","urlTemplate":"https:\/\/darkamazi.info\/?s={search_term_string}"},"query-input":{"@type":"PropertyValueSpecification","valueRequired":true,"valueName":"search_term_string"}}],"inLanguage":"en-US"},{"@type":"Organization","@id":"https:\/\/darkamazi.info\/#organization","name":"Darka Maz\u00ee","url":"https:\/\/darkamazi.info\/","logo":{"@type":"ImageObject","inLanguage":"en-US","@id":"https:\/\/darkamazi.info\/#\/schema\/logo\/image\/","url":"https:\/\/darkamazi.info\/file\/2017\/12\/darka-mazi-logo.png","contentUrl":"https:\/\/darkamazi.info\/file\/2017\/12\/darka-mazi-logo.png","width":151,"height":75,"caption":"Darka Maz\u00ee"},"image":{"@id":"https:\/\/darkamazi.info\/#\/schema\/logo\/image\/"},"sameAs":["https:\/\/www.facebook.com\/DarMaziKurmanci","https:\/\/x.com\/DarkaMaziLatini","https:\/\/www.instagram.com\/darkamazi.kurmanci\/","https:\/\/www.youtube.com\/channel\/UCa5HkTdmI8U1qCUFuTw8B2g"]},{"@type":"Person","@id":"https:\/\/darkamazi.info\/#\/schema\/person\/5ad3e24553a0567993fa8ed4bd0a776c","name":"darka mazi","sameAs":["https:\/\/darkamazi.info\/"],"url":"https:\/\/darkamazi.info\/archives\/author\/kurdi"}]}},"_links":{"self":[{"href":"https:\/\/darkamazi.info\/funavuv\/wp\/v2\/posts\/1049841","targetHints":{"allow":["GET"]}}],"collection":[{"href":"https:\/\/darkamazi.info\/funavuv\/wp\/v2\/posts"}],"about":[{"href":"https:\/\/darkamazi.info\/funavuv\/wp\/v2\/types\/post"}],"author":[{"embeddable":true,"href":"https:\/\/darkamazi.info\/funavuv\/wp\/v2\/users\/2"}],"replies":[{"embeddable":true,"href":"https:\/\/darkamazi.info\/funavuv\/wp\/v2\/comments?post=1049841"}],"version-history":[{"count":0,"href":"https:\/\/darkamazi.info\/funavuv\/wp\/v2\/posts\/1049841\/revisions"}],"wp:featuredmedia":[{"embeddable":true,"href":"https:\/\/darkamazi.info\/funavuv\/wp\/v2\/media\/1049844"}],"wp:attachment":[{"href":"https:\/\/darkamazi.info\/funavuv\/wp\/v2\/media?parent=1049841"}],"wp:term":[{"taxonomy":"category","embeddable":true,"href":"https:\/\/darkamazi.info\/funavuv\/wp\/v2\/categories?post=1049841"},{"taxonomy":"post_tag","embeddable":true,"href":"https:\/\/darkamazi.info\/funavuv\/wp\/v2\/tags?post=1049841"}],"curies":[{"name":"wp","href":"https:\/\/api.w.org\/{rel}","templated":true}]}}