{"id":1049850,"date":"2025-09-15T12:58:14","date_gmt":"2025-09-15T09:58:14","guid":{"rendered":"https:\/\/darkamazi.info\/?p=1049850"},"modified":"2025-09-15T12:58:14","modified_gmt":"2025-09-15T09:58:14","slug":"sandeke-parezeren-ocalan-gihistin-imraliye","status":"publish","type":"post","link":"https:\/\/darkamazi.info\/archives\/1049850","title":{"rendered":"\u015eandeke par\u00eazer\u00ean Ocalan gih\u00ee\u015ftin \u00cemraliy\u00ea"},"content":{"rendered":"<h3 style=\"text-align: justify\"><span style=\"font-family: 'arial black', sans-serif\">\u015eandeke par\u00eazer\u00ean R\u00eaber\u00ea PKK\u2019\u00ea Abdullah Ocalan ber\u00ee demeke k\u00eam gih\u00ee\u015ft girt\u00eegeha \u00cemraliy\u00ea \u00fb d\u00ea bi Ocalan re bicive.<\/span><\/h3>\n<h3 style=\"text-align: justify\">Li gor\u00ee n\u00fb\u00e7ey\u00ean medyaya n\u00eaz\u00eek\u00ee PKK\u00ea, \u015fanda par\u00eazer\u00ean ku \u00eero (Du\u015fem, 15\u00ea \u00celona 2025\u00ea) \u00e7\u00fbye \u00cemraliy\u00ea ji Cengiz Yurekli, Raziye \u00d6zt\u00fcrk \u00fb Ibrahim Bilmez p\u00eak t\u00ea \u00fb serdana wan j\u00ee gir\u00eaday\u00ee hevd\u00eetin \u00fb dan\u00fbstandin\u00ean bi Ocalan re ye.<\/h3>\n<h3 style=\"text-align: justify\">Li gor\u00ee Zanyaran, serdan \u00fb dan\u00fbstandin\u00ean \u00eero y\u00ean \u015fanda par\u00eazeran bi Ocalan re d\u00ea gir\u00eaday\u00ee p\u00eangav\u00ean pa\u015feroj\u00ea y\u00ean p\u00eavajoya a\u015ftiy\u00ea li Tirkiyey\u00ea be. Ev j\u00ee di demek\u00ea de ye ku, Kom\u00eesyona A\u015ftiy\u00ea ya Parlementoya Tirkiyey\u00ea d\u00ea v\u00ea heftey\u00ea du civ\u00een\u00ean gir\u00eeng li dar bixe.<\/h3>\n<h3 style=\"text-align: justify\">Civ\u00eena yek\u00ea d\u00ea li roja \u00c7ar\u015fem\u00ea bi akadem\u00eesyen \u00fb mamostay\u00ean zan\u00eengehan re be, li roja P\u00eanc\u015fem\u00ea j\u00ee d\u00ea bi n\u00fbner\u00ean r\u00eaxistin\u00ean civaka siv\u00eel re be. Tev\u00ee ku ec\u00eanda \u00fb karnamey\u00ean civ\u00eenan nehatine e\u015fkerekirin j\u00ee, l\u00ea d\u00eesa j\u00ee d\u00ea her gir\u00eaday\u00ee p\u00eavajoya a\u015ftiy\u00ea li Tirkiyey\u00ea be<\/h3>\n<h3 style=\"text-align: justify\">P\u00ea\u015ftir j\u00ee herdu par\u00eazer R\u00eazan Sar\u0131ca \u00fb Nevruz Uysal Aslan li roja 7\u00ea Tebaxa \u00eesal serdana \u00cemraliy\u00ea kirib\u00fb \u00fb bi Ocalan re civiyab\u00fbn.<\/h3>\n","protected":false},"excerpt":{"rendered":"<p>\u015eandeke par\u00eazer\u00ean R\u00eaber\u00ea PKK\u2019\u00ea Abdullah Ocalan ber\u00ee demeke k\u00eam gih\u00ee\u015ft girt\u00eegeha \u00cemraliy\u00ea \u00fb d\u00ea bi Ocalan re bicive. Li gor\u00ee n\u00fb\u00e7ey\u00ean medyaya n\u00eaz\u00eek\u00ee PKK\u00ea, \u015fanda par\u00eazer\u00ean ku \u00eero (Du\u015fem, 15\u00ea \u00celona 2025\u00ea) \u00e7\u00fbye \u00cemraliy\u00ea ji Cengiz Yurekli, Raziye \u00d6zt\u00fcrk \u00fb Ibrahim Bilmez p\u00eak t\u00ea \u00fb serdana wan j\u00ee gir\u00eaday\u00ee hevd\u00eetin \u00fb dan\u00fbstandin\u00ean bi Ocalan re [&hellip;]<\/p>\n","protected":false},"author":2,"featured_media":1049851,"comment_status":"closed","ping_status":"closed","sticky":false,"template":"","format":"standard","meta":{"footnotes":""},"categories":[29],"tags":[37],"class_list":["post-1049850","post","type-post","status-publish","format-standard","has-post-thumbnail","hentry","category-kurdistan","tag-sereke"],"blocksy_meta":[],"seo_head":"<!-- This site is optimized with the Yoast SEO plugin v27.5 - https:\/\/yoast.com\/product\/yoast-seo-wordpress\/ -->\n<title>\u015eandeke par\u00eazer\u00ean Ocalan gih\u00ee\u015ftin \u00cemraliy\u00ea - Darka Maz\u00ee<\/title>\n<meta name=\"robots\" content=\"index, follow, max-snippet:-1, max-image-preview:large, max-video-preview:-1\" \/>\n<link rel=\"canonical\" href=\"https:\/\/darkamazi.info\/archives\/1049850\" \/>\n<meta property=\"og:locale\" content=\"en_US\" \/>\n<meta property=\"og:type\" content=\"article\" \/>\n<meta property=\"og:title\" content=\"\u015eandeke par\u00eazer\u00ean Ocalan gih\u00ee\u015ftin \u00cemraliy\u00ea - Darka Maz\u00ee\" \/>\n<meta property=\"og:description\" content=\"\u015eandeke par\u00eazer\u00ean R\u00eaber\u00ea PKK\u2019\u00ea Abdullah Ocalan ber\u00ee demeke k\u00eam gih\u00ee\u015ft girt\u00eegeha \u00cemraliy\u00ea \u00fb d\u00ea bi Ocalan re bicive. Li gor\u00ee n\u00fb\u00e7ey\u00ean medyaya n\u00eaz\u00eek\u00ee PKK\u00ea, \u015fanda par\u00eazer\u00ean ku \u00eero (Du\u015fem, 15\u00ea \u00celona 2025\u00ea) \u00e7\u00fbye \u00cemraliy\u00ea ji Cengiz Yurekli, Raziye \u00d6zt\u00fcrk \u00fb Ibrahim Bilmez p\u00eak t\u00ea \u00fb serdana wan j\u00ee gir\u00eaday\u00ee hevd\u00eetin \u00fb dan\u00fbstandin\u00ean bi Ocalan re [&hellip;]\" \/>\n<meta property=\"og:url\" content=\"https:\/\/darkamazi.info\/archives\/1049850\" \/>\n<meta property=\"og:site_name\" content=\"Darka Maz\u00ee\" \/>\n<meta property=\"article:publisher\" content=\"https:\/\/www.facebook.com\/DarMaziKurmanci\" \/>\n<meta property=\"article:published_time\" content=\"2025-09-15T09:58:14+00:00\" \/>\n<meta property=\"og:image\" content=\"https:\/\/darkamazi.info\/file\/2025\/09\/Hevditina-parezeran-u-Ocalan-Net.jpg\" \/>\n\t<meta property=\"og:image:width\" content=\"900\" \/>\n\t<meta property=\"og:image:height\" content=\"497\" \/>\n\t<meta property=\"og:image:type\" content=\"image\/jpeg\" \/>\n<meta name=\"author\" content=\"darka mazi\" \/>\n<meta name=\"twitter:card\" content=\"summary_large_image\" \/>\n<meta name=\"twitter:creator\" content=\"@DarkaMaziLatini\" \/>\n<meta name=\"twitter:site\" content=\"@DarkaMaziLatini\" \/>\n<meta name=\"twitter:label1\" content=\"Written by\" \/>\n\t<meta name=\"twitter:data1\" content=\"darka mazi\" \/>\n\t<meta name=\"twitter:label2\" content=\"Est. reading time\" \/>\n\t<meta name=\"twitter:data2\" content=\"1 minute\" \/>\n<script type=\"application\/ld+json\" class=\"seo-schema-graph\">{\"@context\":\"https:\\\/\\\/schema.org\",\"@graph\":[{\"@type\":\"Article\",\"@id\":\"https:\\\/\\\/darkamazi.info\\\/archives\\\/1049850#article\",\"isPartOf\":{\"@id\":\"https:\\\/\\\/darkamazi.info\\\/archives\\\/1049850\"},\"author\":{\"name\":\"darka mazi\",\"@id\":\"https:\\\/\\\/darkamazi.info\\\/#\\\/schema\\\/person\\\/5ad3e24553a0567993fa8ed4bd0a776c\"},\"headline\":\"\u015eandeke par\u00eazer\u00ean Ocalan gih\u00ee\u015ftin \u00cemraliy\u00ea\",\"datePublished\":\"2025-09-15T09:58:14+00:00\",\"mainEntityOfPage\":{\"@id\":\"https:\\\/\\\/darkamazi.info\\\/archives\\\/1049850\"},\"wordCount\":224,\"publisher\":{\"@id\":\"https:\\\/\\\/darkamazi.info\\\/#organization\"},\"image\":{\"@id\":\"https:\\\/\\\/darkamazi.info\\\/archives\\\/1049850#primaryimage\"},\"thumbnailUrl\":\"https:\\\/\\\/darkamazi.info\\\/darka-content\\\/uploads\\\/2025\\\/09\\\/Hevditina-parezeran-u-Ocalan-Net.jpg\",\"keywords\":[\"sereke\"],\"articleSection\":[\"Kurdistan\"],\"inLanguage\":\"en-US\"},{\"@type\":\"WebPage\",\"@id\":\"https:\\\/\\\/darkamazi.info\\\/archives\\\/1049850\",\"url\":\"https:\\\/\\\/darkamazi.info\\\/archives\\\/1049850\",\"name\":\"\u015eandeke par\u00eazer\u00ean Ocalan gih\u00ee\u015ftin \u00cemraliy\u00ea - Darka Maz\u00ee\",\"isPartOf\":{\"@id\":\"https:\\\/\\\/darkamazi.info\\\/#website\"},\"primaryImageOfPage\":{\"@id\":\"https:\\\/\\\/darkamazi.info\\\/archives\\\/1049850#primaryimage\"},\"image\":{\"@id\":\"https:\\\/\\\/darkamazi.info\\\/archives\\\/1049850#primaryimage\"},\"thumbnailUrl\":\"https:\\\/\\\/darkamazi.info\\\/darka-content\\\/uploads\\\/2025\\\/09\\\/Hevditina-parezeran-u-Ocalan-Net.jpg\",\"datePublished\":\"2025-09-15T09:58:14+00:00\",\"breadcrumb\":{\"@id\":\"https:\\\/\\\/darkamazi.info\\\/archives\\\/1049850#breadcrumb\"},\"inLanguage\":\"en-US\",\"potentialAction\":[{\"@type\":\"ReadAction\",\"target\":[\"https:\\\/\\\/darkamazi.info\\\/archives\\\/1049850\"]}]},{\"@type\":\"ImageObject\",\"inLanguage\":\"en-US\",\"@id\":\"https:\\\/\\\/darkamazi.info\\\/archives\\\/1049850#primaryimage\",\"url\":\"https:\\\/\\\/darkamazi.info\\\/darka-content\\\/uploads\\\/2025\\\/09\\\/Hevditina-parezeran-u-Ocalan-Net.jpg\",\"contentUrl\":\"https:\\\/\\\/darkamazi.info\\\/darka-content\\\/uploads\\\/2025\\\/09\\\/Hevditina-parezeran-u-Ocalan-Net.jpg\",\"width\":900,\"height\":497,\"caption\":\"\u015eandeke par\u00eazer\u00ean Ocalan gih\u00ee\u015ftin \u00cemraliy\u00ea\"},{\"@type\":\"BreadcrumbList\",\"@id\":\"https:\\\/\\\/darkamazi.info\\\/archives\\\/1049850#breadcrumb\",\"itemListElement\":[{\"@type\":\"ListItem\",\"position\":1,\"name\":\"Home\",\"item\":\"https:\\\/\\\/darkamazi.info\\\/\"},{\"@type\":\"ListItem\",\"position\":2,\"name\":\"\u015eandeke par\u00eazer\u00ean Ocalan gih\u00ee\u015ftin \u00cemraliy\u00ea\"}]},{\"@type\":\"WebSite\",\"@id\":\"https:\\\/\\\/darkamazi.info\\\/#website\",\"url\":\"https:\\\/\\\/darkamazi.info\\\/\",\"name\":\"Darka Maz\u00ee\",\"description\":\"P\u00eageha Zanyariy\u00ean Nebih\u00eest\u00ee\",\"publisher\":{\"@id\":\"https:\\\/\\\/darkamazi.info\\\/#organization\"},\"potentialAction\":[{\"@type\":\"SearchAction\",\"target\":{\"@type\":\"EntryPoint\",\"urlTemplate\":\"https:\\\/\\\/darkamazi.info\\\/?s={search_term_string}\"},\"query-input\":{\"@type\":\"PropertyValueSpecification\",\"valueRequired\":true,\"valueName\":\"search_term_string\"}}],\"inLanguage\":\"en-US\"},{\"@type\":\"Organization\",\"@id\":\"https:\\\/\\\/darkamazi.info\\\/#organization\",\"name\":\"Darka Maz\u00ee\",\"url\":\"https:\\\/\\\/darkamazi.info\\\/\",\"logo\":{\"@type\":\"ImageObject\",\"inLanguage\":\"en-US\",\"@id\":\"https:\\\/\\\/darkamazi.info\\\/#\\\/schema\\\/logo\\\/image\\\/\",\"url\":\"https:\\\/\\\/darkamazi.info\\\/darka-content\\\/uploads\\\/2017\\\/12\\\/darka-mazi-logo.png\",\"contentUrl\":\"https:\\\/\\\/darkamazi.info\\\/darka-content\\\/uploads\\\/2017\\\/12\\\/darka-mazi-logo.png\",\"width\":151,\"height\":75,\"caption\":\"Darka Maz\u00ee\"},\"image\":{\"@id\":\"https:\\\/\\\/darkamazi.info\\\/#\\\/schema\\\/logo\\\/image\\\/\"},\"sameAs\":[\"https:\\\/\\\/www.facebook.com\\\/DarMaziKurmanci\",\"https:\\\/\\\/x.com\\\/DarkaMaziLatini\",\"https:\\\/\\\/www.instagram.com\\\/darkamazi.kurmanci\\\/\",\"https:\\\/\\\/www.youtube.com\\\/channel\\\/UCa5HkTdmI8U1qCUFuTw8B2g\"]},{\"@type\":\"Person\",\"@id\":\"https:\\\/\\\/darkamazi.info\\\/#\\\/schema\\\/person\\\/5ad3e24553a0567993fa8ed4bd0a776c\",\"name\":\"darka mazi\",\"sameAs\":[\"https:\\\/\\\/darkamazi.info\\\/\"],\"url\":\"https:\\\/\\\/darkamazi.info\\\/archives\\\/author\\\/kurdi\"}]}<\/script>\n<!-- \/ Yoast SEO plugin. -->","seo_head_json":{"title":"\u015eandeke par\u00eazer\u00ean Ocalan gih\u00ee\u015ftin \u00cemraliy\u00ea - Darka Maz\u00ee","robots":{"index":"index","follow":"follow","max-snippet":"max-snippet:-1","max-image-preview":"max-image-preview:large","max-video-preview":"max-video-preview:-1"},"canonical":"https:\/\/darkamazi.info\/archives\/1049850","og_locale":"en_US","og_type":"article","og_title":"\u015eandeke par\u00eazer\u00ean Ocalan gih\u00ee\u015ftin \u00cemraliy\u00ea - Darka Maz\u00ee","og_description":"\u015eandeke par\u00eazer\u00ean R\u00eaber\u00ea PKK\u2019\u00ea Abdullah Ocalan ber\u00ee demeke k\u00eam gih\u00ee\u015ft girt\u00eegeha \u00cemraliy\u00ea \u00fb d\u00ea bi Ocalan re bicive. Li gor\u00ee n\u00fb\u00e7ey\u00ean medyaya n\u00eaz\u00eek\u00ee PKK\u00ea, \u015fanda par\u00eazer\u00ean ku \u00eero (Du\u015fem, 15\u00ea \u00celona 2025\u00ea) \u00e7\u00fbye \u00cemraliy\u00ea ji Cengiz Yurekli, Raziye \u00d6zt\u00fcrk \u00fb Ibrahim Bilmez p\u00eak t\u00ea \u00fb serdana wan j\u00ee gir\u00eaday\u00ee hevd\u00eetin \u00fb dan\u00fbstandin\u00ean bi Ocalan re [&hellip;]","og_url":"https:\/\/darkamazi.info\/archives\/1049850","og_site_name":"Darka Maz\u00ee","article_publisher":"https:\/\/www.facebook.com\/DarMaziKurmanci","article_published_time":"2025-09-15T09:58:14+00:00","og_image":[{"width":900,"height":497,"url":"https:\/\/darkamazi.info\/file\/2025\/09\/Hevditina-parezeran-u-Ocalan-Net.jpg","type":"image\/jpeg"}],"author":"darka mazi","twitter_card":"summary_large_image","twitter_creator":"@DarkaMaziLatini","twitter_site":"@DarkaMaziLatini","twitter_misc":{"Written by":"darka mazi","Est. reading time":"1 minute"},"schema":{"@context":"https:\/\/schema.org","@graph":[{"@type":"Article","@id":"https:\/\/darkamazi.info\/archives\/1049850#article","isPartOf":{"@id":"https:\/\/darkamazi.info\/archives\/1049850"},"author":{"name":"darka mazi","@id":"https:\/\/darkamazi.info\/#\/schema\/person\/5ad3e24553a0567993fa8ed4bd0a776c"},"headline":"\u015eandeke par\u00eazer\u00ean Ocalan gih\u00ee\u015ftin \u00cemraliy\u00ea","datePublished":"2025-09-15T09:58:14+00:00","mainEntityOfPage":{"@id":"https:\/\/darkamazi.info\/archives\/1049850"},"wordCount":224,"publisher":{"@id":"https:\/\/darkamazi.info\/#organization"},"image":{"@id":"https:\/\/darkamazi.info\/archives\/1049850#primaryimage"},"thumbnailUrl":"https:\/\/darkamazi.info\/file\/2025\/09\/Hevditina-parezeran-u-Ocalan-Net.jpg","keywords":["sereke"],"articleSection":["Kurdistan"],"inLanguage":"en-US"},{"@type":"WebPage","@id":"https:\/\/darkamazi.info\/archives\/1049850","url":"https:\/\/darkamazi.info\/archives\/1049850","name":"\u015eandeke par\u00eazer\u00ean Ocalan gih\u00ee\u015ftin \u00cemraliy\u00ea - Darka Maz\u00ee","isPartOf":{"@id":"https:\/\/darkamazi.info\/#website"},"primaryImageOfPage":{"@id":"https:\/\/darkamazi.info\/archives\/1049850#primaryimage"},"image":{"@id":"https:\/\/darkamazi.info\/archives\/1049850#primaryimage"},"thumbnailUrl":"https:\/\/darkamazi.info\/file\/2025\/09\/Hevditina-parezeran-u-Ocalan-Net.jpg","datePublished":"2025-09-15T09:58:14+00:00","breadcrumb":{"@id":"https:\/\/darkamazi.info\/archives\/1049850#breadcrumb"},"inLanguage":"en-US","potentialAction":[{"@type":"ReadAction","target":["https:\/\/darkamazi.info\/archives\/1049850"]}]},{"@type":"ImageObject","inLanguage":"en-US","@id":"https:\/\/darkamazi.info\/archives\/1049850#primaryimage","url":"https:\/\/darkamazi.info\/file\/2025\/09\/Hevditina-parezeran-u-Ocalan-Net.jpg","contentUrl":"https:\/\/darkamazi.info\/file\/2025\/09\/Hevditina-parezeran-u-Ocalan-Net.jpg","width":900,"height":497,"caption":"\u015eandeke par\u00eazer\u00ean Ocalan gih\u00ee\u015ftin \u00cemraliy\u00ea"},{"@type":"BreadcrumbList","@id":"https:\/\/darkamazi.info\/archives\/1049850#breadcrumb","itemListElement":[{"@type":"ListItem","position":1,"name":"Home","item":"https:\/\/darkamazi.info\/"},{"@type":"ListItem","position":2,"name":"\u015eandeke par\u00eazer\u00ean Ocalan gih\u00ee\u015ftin \u00cemraliy\u00ea"}]},{"@type":"WebSite","@id":"https:\/\/darkamazi.info\/#website","url":"https:\/\/darkamazi.info\/","name":"Darka Maz\u00ee","description":"P\u00eageha Zanyariy\u00ean Nebih\u00eest\u00ee","publisher":{"@id":"https:\/\/darkamazi.info\/#organization"},"potentialAction":[{"@type":"SearchAction","target":{"@type":"EntryPoint","urlTemplate":"https:\/\/darkamazi.info\/?s={search_term_string}"},"query-input":{"@type":"PropertyValueSpecification","valueRequired":true,"valueName":"search_term_string"}}],"inLanguage":"en-US"},{"@type":"Organization","@id":"https:\/\/darkamazi.info\/#organization","name":"Darka Maz\u00ee","url":"https:\/\/darkamazi.info\/","logo":{"@type":"ImageObject","inLanguage":"en-US","@id":"https:\/\/darkamazi.info\/#\/schema\/logo\/image\/","url":"https:\/\/darkamazi.info\/file\/2017\/12\/darka-mazi-logo.png","contentUrl":"https:\/\/darkamazi.info\/file\/2017\/12\/darka-mazi-logo.png","width":151,"height":75,"caption":"Darka Maz\u00ee"},"image":{"@id":"https:\/\/darkamazi.info\/#\/schema\/logo\/image\/"},"sameAs":["https:\/\/www.facebook.com\/DarMaziKurmanci","https:\/\/x.com\/DarkaMaziLatini","https:\/\/www.instagram.com\/darkamazi.kurmanci\/","https:\/\/www.youtube.com\/channel\/UCa5HkTdmI8U1qCUFuTw8B2g"]},{"@type":"Person","@id":"https:\/\/darkamazi.info\/#\/schema\/person\/5ad3e24553a0567993fa8ed4bd0a776c","name":"darka mazi","sameAs":["https:\/\/darkamazi.info\/"],"url":"https:\/\/darkamazi.info\/archives\/author\/kurdi"}]}},"_links":{"self":[{"href":"https:\/\/darkamazi.info\/funavuv\/wp\/v2\/posts\/1049850","targetHints":{"allow":["GET"]}}],"collection":[{"href":"https:\/\/darkamazi.info\/funavuv\/wp\/v2\/posts"}],"about":[{"href":"https:\/\/darkamazi.info\/funavuv\/wp\/v2\/types\/post"}],"author":[{"embeddable":true,"href":"https:\/\/darkamazi.info\/funavuv\/wp\/v2\/users\/2"}],"replies":[{"embeddable":true,"href":"https:\/\/darkamazi.info\/funavuv\/wp\/v2\/comments?post=1049850"}],"version-history":[{"count":0,"href":"https:\/\/darkamazi.info\/funavuv\/wp\/v2\/posts\/1049850\/revisions"}],"wp:featuredmedia":[{"embeddable":true,"href":"https:\/\/darkamazi.info\/funavuv\/wp\/v2\/media\/1049851"}],"wp:attachment":[{"href":"https:\/\/darkamazi.info\/funavuv\/wp\/v2\/media?parent=1049850"}],"wp:term":[{"taxonomy":"category","embeddable":true,"href":"https:\/\/darkamazi.info\/funavuv\/wp\/v2\/categories?post=1049850"},{"taxonomy":"post_tag","embeddable":true,"href":"https:\/\/darkamazi.info\/funavuv\/wp\/v2\/tags?post=1049850"}],"curies":[{"name":"wp","href":"https:\/\/api.w.org\/{rel}","templated":true}]}}