{"id":1049859,"date":"2025-09-16T11:33:33","date_gmt":"2025-09-16T08:33:33","guid":{"rendered":"https:\/\/darkamazi.info\/?p=1049859"},"modified":"2025-09-16T11:33:33","modified_gmt":"2025-09-16T08:33:33","slug":"6-salan-bere-li-gare-hatibune-kustin-mirina-wan-ji-nu-ve-askere-bu","status":"publish","type":"post","link":"https:\/\/darkamazi.info\/archives\/1049859","title":{"rendered":"6 salan Ber\u00ea li Gar\u00ea hatib\u00fbne ku\u015ftin, mirina wan ji n\u00fb ve a\u015fkere b\u00fb"},"content":{"rendered":"<h3 style=\"text-align: justify\"><span style=\"font-family: 'arial black', sans-serif\">Nasnameya 2 ciwan\u00ean din y\u00ean Kurdan a\u015fkere b\u00fb ku r\u00eaxistina PKK\u00ea ew j\u00ee li sala 2019\u00ea li \u00e7iyay\u00ea Gar\u00ea dane ku\u015ftin \u00fb mirina wan ve\u015fart\u00ee hi\u015ftib\u00fb.<\/span><\/h3>\n<h3 style=\"text-align: justify\"><span style=\"font-family: arial, helvetica, sans-serif\">HPG\u00ea bask\u00ea le\u015fker\u00ee y\u00ea PKK\u00ea roja \u015femiya rab\u00fbr\u00ee 13 \u00celona 2025\u00ea nasnameya 2 Ger\u00eelayan a\u015fkere kir ku li 14\u00ee Cotmeha sala 2019\u00ea li \u00e7iyay\u00ea Gar\u00ea y\u00ea li Ba\u015f\u00fbr\u00ea Kurdistan\u00ea dab\u00fbne ku\u015ftin \u00fb mirina wan li malbat\u00ean wan ve\u015fartib\u00fb.<\/span><\/h3>\n<h3 style=\"text-align: justify\"><span style=\"font-family: 'arial black', sans-serif\">Nav\u00ean wan wisaye:<\/span><\/h3>\n<h3 style=\"text-align: justify\"><span style=\"font-family: arial, helvetica, sans-serif\">Sezer Bedrett\u00een ji Bedl\u00ees\u00ea.<\/span><\/h3>\n<h3 style=\"text-align: justify\"><span style=\"font-family: arial, helvetica, sans-serif\">Bari\u015f Mihemed El\u00ee ji Bedl\u00ees\u00ea.<\/span><\/h3>\n<h3 style=\"text-align: justify\"><span style=\"font-family: arial, helvetica, sans-serif\">HPG\u00ea weke tev r\u00eaheval\u00ean wan y\u00ean ku ber bi mirin\u00ea ve ajot\u00een, mirina van du ciwan\u00ean Kurdan j\u00ee 6 salan li malbat\u00ean wan ve\u015fartib\u00fb \u00fb ji n\u00fb ve hatiye di pesn\u00ea wan de dib\u00eaje: Me mil\u00eetan\u00ean xwe y\u00ean Apoy\u00ee wenda kirin!.<\/span><\/h3>\n<h3 style=\"text-align: justify\"><span style=\"font-family: arial, helvetica, sans-serif\">PKKe her roj w\u00eaney\u00ean kom\u00ean ke\u00e7 \u00fb ciwan\u00ean Kurdan di medyaya xwe de parvedike, ciwan\u00ean ku di sal \u00fb meh\u00ean ber\u00ea de dane ku\u015ftin \u00fb mirina wan ve\u015fart\u00ee hi\u015ft\u00ee, li gor\u00ee agahiy\u00ean Darka Maz\u00ee h\u00eajan bi hezaran ke\u00e7 \u00fb ciwan mane ku PKK\u00ea mirina wan \u00eelan nekir\u00ee ye.<\/span><\/h3>\n","protected":false},"excerpt":{"rendered":"<p>Nasnameya 2 ciwan\u00ean din y\u00ean Kurdan a\u015fkere b\u00fb ku r\u00eaxistina PKK\u00ea ew j\u00ee li sala 2019\u00ea li \u00e7iyay\u00ea Gar\u00ea dane ku\u015ftin \u00fb mirina wan ve\u015fart\u00ee hi\u015ftib\u00fb. HPG\u00ea bask\u00ea le\u015fker\u00ee y\u00ea PKK\u00ea roja \u015femiya rab\u00fbr\u00ee 13 \u00celona 2025\u00ea nasnameya 2 Ger\u00eelayan a\u015fkere kir ku li 14\u00ee Cotmeha sala 2019\u00ea li \u00e7iyay\u00ea Gar\u00ea y\u00ea li Ba\u015f\u00fbr\u00ea Kurdistan\u00ea [&hellip;]<\/p>\n","protected":false},"author":2,"featured_media":1049860,"comment_status":"closed","ping_status":"closed","sticky":false,"template":"","format":"standard","meta":{"footnotes":""},"categories":[29],"tags":[37],"class_list":["post-1049859","post","type-post","status-publish","format-standard","has-post-thumbnail","hentry","category-kurdistan","tag-sereke"],"blocksy_meta":[],"seo_head":"<!-- This site is optimized with the Yoast SEO plugin v27.5 - https:\/\/yoast.com\/product\/yoast-seo-wordpress\/ -->\n<title>6 salan Ber\u00ea li Gar\u00ea hatib\u00fbne ku\u015ftin, mirina wan ji n\u00fb ve a\u015fkere b\u00fb - Darka Maz\u00ee<\/title>\n<meta name=\"robots\" content=\"index, follow, max-snippet:-1, max-image-preview:large, max-video-preview:-1\" \/>\n<link rel=\"canonical\" href=\"https:\/\/darkamazi.info\/archives\/1049859\" \/>\n<meta property=\"og:locale\" content=\"en_US\" \/>\n<meta property=\"og:type\" content=\"article\" \/>\n<meta property=\"og:title\" content=\"6 salan Ber\u00ea li Gar\u00ea hatib\u00fbne ku\u015ftin, mirina wan ji n\u00fb ve a\u015fkere b\u00fb - Darka Maz\u00ee\" \/>\n<meta property=\"og:description\" content=\"Nasnameya 2 ciwan\u00ean din y\u00ean Kurdan a\u015fkere b\u00fb ku r\u00eaxistina PKK\u00ea ew j\u00ee li sala 2019\u00ea li \u00e7iyay\u00ea Gar\u00ea dane ku\u015ftin \u00fb mirina wan ve\u015fart\u00ee hi\u015ftib\u00fb. HPG\u00ea bask\u00ea le\u015fker\u00ee y\u00ea PKK\u00ea roja \u015femiya rab\u00fbr\u00ee 13 \u00celona 2025\u00ea nasnameya 2 Ger\u00eelayan a\u015fkere kir ku li 14\u00ee Cotmeha sala 2019\u00ea li \u00e7iyay\u00ea Gar\u00ea y\u00ea li Ba\u015f\u00fbr\u00ea Kurdistan\u00ea [&hellip;]\" \/>\n<meta property=\"og:url\" content=\"https:\/\/darkamazi.info\/archives\/1049859\" \/>\n<meta property=\"og:site_name\" content=\"Darka Maz\u00ee\" \/>\n<meta property=\"article:publisher\" content=\"https:\/\/www.facebook.com\/DarMaziKurmanci\" \/>\n<meta property=\"article:published_time\" content=\"2025-09-16T08:33:33+00:00\" \/>\n<meta property=\"og:image\" content=\"https:\/\/darkamazi.info\/file\/2025\/09\/Gerila-2-PKK-Turkey-Info.jpg\" \/>\n\t<meta property=\"og:image:width\" content=\"900\" \/>\n\t<meta property=\"og:image:height\" content=\"500\" \/>\n\t<meta property=\"og:image:type\" content=\"image\/jpeg\" \/>\n<meta name=\"author\" content=\"darka mazi\" \/>\n<meta name=\"twitter:card\" content=\"summary_large_image\" \/>\n<meta name=\"twitter:creator\" content=\"@DarkaMaziLatini\" \/>\n<meta name=\"twitter:site\" content=\"@DarkaMaziLatini\" \/>\n<meta name=\"twitter:label1\" content=\"Written by\" \/>\n\t<meta name=\"twitter:data1\" content=\"darka mazi\" \/>\n\t<meta name=\"twitter:label2\" content=\"Est. reading time\" \/>\n\t<meta name=\"twitter:data2\" content=\"1 minute\" \/>\n<script type=\"application\/ld+json\" class=\"seo-schema-graph\">{\"@context\":\"https:\\\/\\\/schema.org\",\"@graph\":[{\"@type\":\"Article\",\"@id\":\"https:\\\/\\\/darkamazi.info\\\/archives\\\/1049859#article\",\"isPartOf\":{\"@id\":\"https:\\\/\\\/darkamazi.info\\\/archives\\\/1049859\"},\"author\":{\"name\":\"darka mazi\",\"@id\":\"https:\\\/\\\/darkamazi.info\\\/#\\\/schema\\\/person\\\/5ad3e24553a0567993fa8ed4bd0a776c\"},\"headline\":\"6 salan Ber\u00ea li Gar\u00ea hatib\u00fbne ku\u015ftin, mirina wan ji n\u00fb ve a\u015fkere b\u00fb\",\"datePublished\":\"2025-09-16T08:33:33+00:00\",\"mainEntityOfPage\":{\"@id\":\"https:\\\/\\\/darkamazi.info\\\/archives\\\/1049859\"},\"wordCount\":208,\"publisher\":{\"@id\":\"https:\\\/\\\/darkamazi.info\\\/#organization\"},\"image\":{\"@id\":\"https:\\\/\\\/darkamazi.info\\\/archives\\\/1049859#primaryimage\"},\"thumbnailUrl\":\"https:\\\/\\\/darkamazi.info\\\/darka-content\\\/uploads\\\/2025\\\/09\\\/Gerila-2-PKK-Turkey-Info.jpg\",\"keywords\":[\"sereke\"],\"articleSection\":[\"Kurdistan\"],\"inLanguage\":\"en-US\"},{\"@type\":\"WebPage\",\"@id\":\"https:\\\/\\\/darkamazi.info\\\/archives\\\/1049859\",\"url\":\"https:\\\/\\\/darkamazi.info\\\/archives\\\/1049859\",\"name\":\"6 salan Ber\u00ea li Gar\u00ea hatib\u00fbne ku\u015ftin, mirina wan ji n\u00fb ve a\u015fkere b\u00fb - Darka Maz\u00ee\",\"isPartOf\":{\"@id\":\"https:\\\/\\\/darkamazi.info\\\/#website\"},\"primaryImageOfPage\":{\"@id\":\"https:\\\/\\\/darkamazi.info\\\/archives\\\/1049859#primaryimage\"},\"image\":{\"@id\":\"https:\\\/\\\/darkamazi.info\\\/archives\\\/1049859#primaryimage\"},\"thumbnailUrl\":\"https:\\\/\\\/darkamazi.info\\\/darka-content\\\/uploads\\\/2025\\\/09\\\/Gerila-2-PKK-Turkey-Info.jpg\",\"datePublished\":\"2025-09-16T08:33:33+00:00\",\"breadcrumb\":{\"@id\":\"https:\\\/\\\/darkamazi.info\\\/archives\\\/1049859#breadcrumb\"},\"inLanguage\":\"en-US\",\"potentialAction\":[{\"@type\":\"ReadAction\",\"target\":[\"https:\\\/\\\/darkamazi.info\\\/archives\\\/1049859\"]}]},{\"@type\":\"ImageObject\",\"inLanguage\":\"en-US\",\"@id\":\"https:\\\/\\\/darkamazi.info\\\/archives\\\/1049859#primaryimage\",\"url\":\"https:\\\/\\\/darkamazi.info\\\/darka-content\\\/uploads\\\/2025\\\/09\\\/Gerila-2-PKK-Turkey-Info.jpg\",\"contentUrl\":\"https:\\\/\\\/darkamazi.info\\\/darka-content\\\/uploads\\\/2025\\\/09\\\/Gerila-2-PKK-Turkey-Info.jpg\",\"width\":900,\"height\":500,\"caption\":\"Gerila-2-PKK-Turkey-Info\"},{\"@type\":\"BreadcrumbList\",\"@id\":\"https:\\\/\\\/darkamazi.info\\\/archives\\\/1049859#breadcrumb\",\"itemListElement\":[{\"@type\":\"ListItem\",\"position\":1,\"name\":\"Home\",\"item\":\"https:\\\/\\\/darkamazi.info\\\/\"},{\"@type\":\"ListItem\",\"position\":2,\"name\":\"6 salan Ber\u00ea li Gar\u00ea hatib\u00fbne ku\u015ftin, mirina wan ji n\u00fb ve a\u015fkere b\u00fb\"}]},{\"@type\":\"WebSite\",\"@id\":\"https:\\\/\\\/darkamazi.info\\\/#website\",\"url\":\"https:\\\/\\\/darkamazi.info\\\/\",\"name\":\"Darka Maz\u00ee\",\"description\":\"P\u00eageha Zanyariy\u00ean Nebih\u00eest\u00ee\",\"publisher\":{\"@id\":\"https:\\\/\\\/darkamazi.info\\\/#organization\"},\"potentialAction\":[{\"@type\":\"SearchAction\",\"target\":{\"@type\":\"EntryPoint\",\"urlTemplate\":\"https:\\\/\\\/darkamazi.info\\\/?s={search_term_string}\"},\"query-input\":{\"@type\":\"PropertyValueSpecification\",\"valueRequired\":true,\"valueName\":\"search_term_string\"}}],\"inLanguage\":\"en-US\"},{\"@type\":\"Organization\",\"@id\":\"https:\\\/\\\/darkamazi.info\\\/#organization\",\"name\":\"Darka Maz\u00ee\",\"url\":\"https:\\\/\\\/darkamazi.info\\\/\",\"logo\":{\"@type\":\"ImageObject\",\"inLanguage\":\"en-US\",\"@id\":\"https:\\\/\\\/darkamazi.info\\\/#\\\/schema\\\/logo\\\/image\\\/\",\"url\":\"https:\\\/\\\/darkamazi.info\\\/darka-content\\\/uploads\\\/2017\\\/12\\\/darka-mazi-logo.png\",\"contentUrl\":\"https:\\\/\\\/darkamazi.info\\\/darka-content\\\/uploads\\\/2017\\\/12\\\/darka-mazi-logo.png\",\"width\":151,\"height\":75,\"caption\":\"Darka Maz\u00ee\"},\"image\":{\"@id\":\"https:\\\/\\\/darkamazi.info\\\/#\\\/schema\\\/logo\\\/image\\\/\"},\"sameAs\":[\"https:\\\/\\\/www.facebook.com\\\/DarMaziKurmanci\",\"https:\\\/\\\/x.com\\\/DarkaMaziLatini\",\"https:\\\/\\\/www.instagram.com\\\/darkamazi.kurmanci\\\/\",\"https:\\\/\\\/www.youtube.com\\\/channel\\\/UCa5HkTdmI8U1qCUFuTw8B2g\"]},{\"@type\":\"Person\",\"@id\":\"https:\\\/\\\/darkamazi.info\\\/#\\\/schema\\\/person\\\/5ad3e24553a0567993fa8ed4bd0a776c\",\"name\":\"darka mazi\",\"sameAs\":[\"https:\\\/\\\/darkamazi.info\\\/\"],\"url\":\"https:\\\/\\\/darkamazi.info\\\/archives\\\/author\\\/kurdi\"}]}<\/script>\n<!-- \/ Yoast SEO plugin. -->","seo_head_json":{"title":"6 salan Ber\u00ea li Gar\u00ea hatib\u00fbne ku\u015ftin, mirina wan ji n\u00fb ve a\u015fkere b\u00fb - Darka Maz\u00ee","robots":{"index":"index","follow":"follow","max-snippet":"max-snippet:-1","max-image-preview":"max-image-preview:large","max-video-preview":"max-video-preview:-1"},"canonical":"https:\/\/darkamazi.info\/archives\/1049859","og_locale":"en_US","og_type":"article","og_title":"6 salan Ber\u00ea li Gar\u00ea hatib\u00fbne ku\u015ftin, mirina wan ji n\u00fb ve a\u015fkere b\u00fb - Darka Maz\u00ee","og_description":"Nasnameya 2 ciwan\u00ean din y\u00ean Kurdan a\u015fkere b\u00fb ku r\u00eaxistina PKK\u00ea ew j\u00ee li sala 2019\u00ea li \u00e7iyay\u00ea Gar\u00ea dane ku\u015ftin \u00fb mirina wan ve\u015fart\u00ee hi\u015ftib\u00fb. HPG\u00ea bask\u00ea le\u015fker\u00ee y\u00ea PKK\u00ea roja \u015femiya rab\u00fbr\u00ee 13 \u00celona 2025\u00ea nasnameya 2 Ger\u00eelayan a\u015fkere kir ku li 14\u00ee Cotmeha sala 2019\u00ea li \u00e7iyay\u00ea Gar\u00ea y\u00ea li Ba\u015f\u00fbr\u00ea Kurdistan\u00ea [&hellip;]","og_url":"https:\/\/darkamazi.info\/archives\/1049859","og_site_name":"Darka Maz\u00ee","article_publisher":"https:\/\/www.facebook.com\/DarMaziKurmanci","article_published_time":"2025-09-16T08:33:33+00:00","og_image":[{"width":900,"height":500,"url":"https:\/\/darkamazi.info\/file\/2025\/09\/Gerila-2-PKK-Turkey-Info.jpg","type":"image\/jpeg"}],"author":"darka mazi","twitter_card":"summary_large_image","twitter_creator":"@DarkaMaziLatini","twitter_site":"@DarkaMaziLatini","twitter_misc":{"Written by":"darka mazi","Est. reading time":"1 minute"},"schema":{"@context":"https:\/\/schema.org","@graph":[{"@type":"Article","@id":"https:\/\/darkamazi.info\/archives\/1049859#article","isPartOf":{"@id":"https:\/\/darkamazi.info\/archives\/1049859"},"author":{"name":"darka mazi","@id":"https:\/\/darkamazi.info\/#\/schema\/person\/5ad3e24553a0567993fa8ed4bd0a776c"},"headline":"6 salan Ber\u00ea li Gar\u00ea hatib\u00fbne ku\u015ftin, mirina wan ji n\u00fb ve a\u015fkere b\u00fb","datePublished":"2025-09-16T08:33:33+00:00","mainEntityOfPage":{"@id":"https:\/\/darkamazi.info\/archives\/1049859"},"wordCount":208,"publisher":{"@id":"https:\/\/darkamazi.info\/#organization"},"image":{"@id":"https:\/\/darkamazi.info\/archives\/1049859#primaryimage"},"thumbnailUrl":"https:\/\/darkamazi.info\/file\/2025\/09\/Gerila-2-PKK-Turkey-Info.jpg","keywords":["sereke"],"articleSection":["Kurdistan"],"inLanguage":"en-US"},{"@type":"WebPage","@id":"https:\/\/darkamazi.info\/archives\/1049859","url":"https:\/\/darkamazi.info\/archives\/1049859","name":"6 salan Ber\u00ea li Gar\u00ea hatib\u00fbne ku\u015ftin, mirina wan ji n\u00fb ve a\u015fkere b\u00fb - Darka Maz\u00ee","isPartOf":{"@id":"https:\/\/darkamazi.info\/#website"},"primaryImageOfPage":{"@id":"https:\/\/darkamazi.info\/archives\/1049859#primaryimage"},"image":{"@id":"https:\/\/darkamazi.info\/archives\/1049859#primaryimage"},"thumbnailUrl":"https:\/\/darkamazi.info\/file\/2025\/09\/Gerila-2-PKK-Turkey-Info.jpg","datePublished":"2025-09-16T08:33:33+00:00","breadcrumb":{"@id":"https:\/\/darkamazi.info\/archives\/1049859#breadcrumb"},"inLanguage":"en-US","potentialAction":[{"@type":"ReadAction","target":["https:\/\/darkamazi.info\/archives\/1049859"]}]},{"@type":"ImageObject","inLanguage":"en-US","@id":"https:\/\/darkamazi.info\/archives\/1049859#primaryimage","url":"https:\/\/darkamazi.info\/file\/2025\/09\/Gerila-2-PKK-Turkey-Info.jpg","contentUrl":"https:\/\/darkamazi.info\/file\/2025\/09\/Gerila-2-PKK-Turkey-Info.jpg","width":900,"height":500,"caption":"Gerila-2-PKK-Turkey-Info"},{"@type":"BreadcrumbList","@id":"https:\/\/darkamazi.info\/archives\/1049859#breadcrumb","itemListElement":[{"@type":"ListItem","position":1,"name":"Home","item":"https:\/\/darkamazi.info\/"},{"@type":"ListItem","position":2,"name":"6 salan Ber\u00ea li Gar\u00ea hatib\u00fbne ku\u015ftin, mirina wan ji n\u00fb ve a\u015fkere b\u00fb"}]},{"@type":"WebSite","@id":"https:\/\/darkamazi.info\/#website","url":"https:\/\/darkamazi.info\/","name":"Darka Maz\u00ee","description":"P\u00eageha Zanyariy\u00ean Nebih\u00eest\u00ee","publisher":{"@id":"https:\/\/darkamazi.info\/#organization"},"potentialAction":[{"@type":"SearchAction","target":{"@type":"EntryPoint","urlTemplate":"https:\/\/darkamazi.info\/?s={search_term_string}"},"query-input":{"@type":"PropertyValueSpecification","valueRequired":true,"valueName":"search_term_string"}}],"inLanguage":"en-US"},{"@type":"Organization","@id":"https:\/\/darkamazi.info\/#organization","name":"Darka Maz\u00ee","url":"https:\/\/darkamazi.info\/","logo":{"@type":"ImageObject","inLanguage":"en-US","@id":"https:\/\/darkamazi.info\/#\/schema\/logo\/image\/","url":"https:\/\/darkamazi.info\/file\/2017\/12\/darka-mazi-logo.png","contentUrl":"https:\/\/darkamazi.info\/file\/2017\/12\/darka-mazi-logo.png","width":151,"height":75,"caption":"Darka Maz\u00ee"},"image":{"@id":"https:\/\/darkamazi.info\/#\/schema\/logo\/image\/"},"sameAs":["https:\/\/www.facebook.com\/DarMaziKurmanci","https:\/\/x.com\/DarkaMaziLatini","https:\/\/www.instagram.com\/darkamazi.kurmanci\/","https:\/\/www.youtube.com\/channel\/UCa5HkTdmI8U1qCUFuTw8B2g"]},{"@type":"Person","@id":"https:\/\/darkamazi.info\/#\/schema\/person\/5ad3e24553a0567993fa8ed4bd0a776c","name":"darka mazi","sameAs":["https:\/\/darkamazi.info\/"],"url":"https:\/\/darkamazi.info\/archives\/author\/kurdi"}]}},"_links":{"self":[{"href":"https:\/\/darkamazi.info\/funavuv\/wp\/v2\/posts\/1049859","targetHints":{"allow":["GET"]}}],"collection":[{"href":"https:\/\/darkamazi.info\/funavuv\/wp\/v2\/posts"}],"about":[{"href":"https:\/\/darkamazi.info\/funavuv\/wp\/v2\/types\/post"}],"author":[{"embeddable":true,"href":"https:\/\/darkamazi.info\/funavuv\/wp\/v2\/users\/2"}],"replies":[{"embeddable":true,"href":"https:\/\/darkamazi.info\/funavuv\/wp\/v2\/comments?post=1049859"}],"version-history":[{"count":0,"href":"https:\/\/darkamazi.info\/funavuv\/wp\/v2\/posts\/1049859\/revisions"}],"wp:featuredmedia":[{"embeddable":true,"href":"https:\/\/darkamazi.info\/funavuv\/wp\/v2\/media\/1049860"}],"wp:attachment":[{"href":"https:\/\/darkamazi.info\/funavuv\/wp\/v2\/media?parent=1049859"}],"wp:term":[{"taxonomy":"category","embeddable":true,"href":"https:\/\/darkamazi.info\/funavuv\/wp\/v2\/categories?post=1049859"},{"taxonomy":"post_tag","embeddable":true,"href":"https:\/\/darkamazi.info\/funavuv\/wp\/v2\/tags?post=1049859"}],"curies":[{"name":"wp","href":"https:\/\/api.w.org\/{rel}","templated":true}]}}