{"id":1049865,"date":"2025-09-16T17:27:30","date_gmt":"2025-09-16T14:27:30","guid":{"rendered":"https:\/\/darkamazi.info\/?p=1049865"},"modified":"2025-09-16T17:27:30","modified_gmt":"2025-09-16T14:27:30","slug":"pdks-beyi-careserkirina-rewsa-efrin-u-sere-kaniye-diyaloga-bi-same-re-bewateye","status":"publish","type":"post","link":"https:\/\/darkamazi.info\/archives\/1049865","title":{"rendered":"PDKS: B\u00eay\u00ee \u00e7areserkirina rew\u015fa Efr\u00een \u00fb Ser\u00ea Kaniy\u00ea, diyaloga bi \u015eam\u00ea re b\u00eawateye"},"content":{"rendered":"<h3 style=\"text-align: justify\"><span style=\"font-family: 'arial black', sans-serif\">Partiya Demokrata Kurd li S\u00fbriyey\u00ea (PDKS) di tekez dike, her diyalogeke di navbera tevgera siyas\u00ee ya Kurd \u00fb hik\u00fbmeta \u015eam\u00ea de, heta ku \u00e7areniv\u00eesa Efr\u00een, Ser\u00ea Kaniy\u00ea \u00fb Gir\u00ea Sp\u00ee nekeve rojeva sereke, d\u00ea k\u00eam \u00fb b\u00eawate bim\u00eene.<\/span><\/h3>\n<h3 style=\"text-align: justify\">PDKS\u00ea di daxuyaniya xwe de destn\u00ee\u015fan kir, ev bajar ne ten\u00ea hatine dagirkirin, belk\u00ee rast\u00ee yek ji berfirehtir\u00een operasyon\u00ean guhertina demograf\u00eek \u00fb ko\u00e7berkirina bi zor\u00ea di d\u00eeroka S\u00fbriyey\u00ea ya n\u00fbjen de hatine.<\/h3>\n<h3 style=\"text-align: justify\">Herwiha bal ki\u015fand ser rew\u015fa traj\u00eek a xelk\u00ea her\u00eam\u00ea \u00fb got: &#8220;Zarok\u00ean van her\u00eaman \u00eero li kamp\u00ean li her\u00eam\u00ean Reqa, Hesek\u00ea \u00fb Qami\u015flo an j\u00ee li welat\u00ean c\u00eeran dij\u00een, di demek\u00ea de ku ni\u015ftecih\u00ean Kurd \u00ean resen hatine ko\u00e7berkirin \u00fb li \u015f\u00fbna wan ni\u015ftecih\u00ean Ereb hatine an\u00een, \u00fb ax \u00fb nasname b\u00fbne reh\u00een di dest\u00ea dagirkeriy\u00ea de.&#8221;<\/h3>\n<h3 style=\"text-align: justify\">Li gor\u00ee PDKS\u00ea, vegera Efr\u00een, Ser\u00ea Kaniy\u00ea \u00fb Gir\u00ea Sp\u00ee bo xelk\u00ea wan \u00ea resen, ne ten\u00ea mijareke erdn\u00eegar\u00ee ye, l\u00ea bel\u00ea &#8220;pirsgir\u00eaka maf, heb\u00fbn \u00fb nasnamey\u00ea&#8221; ye. Di daxuyaniy\u00ea de hat gotin: &#8220;Ev veger, p\u00eevana rastb\u00fbna her peymaneke siyas\u00ee ya p\u00ea\u015feroj\u00ea ye \u00fb di heman dem\u00ea de taq\u00eekirineke cid\u00ee ye ji bo pabendb\u00fbna bi dir\u00fb\u015fma &#8216;S\u00fbriyeyeke federal, piral\u00ee \u00fb demokrat\u00eek&#8217;.&#8221;<\/h3>\n<h3 style=\"text-align: justify\">Daxuyaniy\u00ea amaje bi w\u00ea yek\u00ea j\u00ee kir, dibe hinek al\u00ee hewl bidin v\u00ee dosyay\u00ea bi hinceta &#8220;hevsengiy\u00ean her\u00eam\u00ee&#8221; an &#8220;lihevkirin\u00ean navdewlet\u00ee&#8221; bipa\u015f bixin, l\u00ea ezm\u00fbnan selmandiye ku pirsgir\u00eak\u00ean gelan bi pa\u015fguhxistin\u00ea \u00e7areser nabin \u00fb maf bi dem\u00ea re winda nabin.<\/h3>\n<h3 style=\"text-align: justify\">Di dawiya daxuyaniy\u00ea de, PDKS\u00ea e\u015fkere kir ku Efr\u00een, Ser\u00ea Kaniy\u00ea \u00fb Gir\u00ea Sp\u00ee &#8220;bir\u00eeneke vekir\u00ee ne di la\u015f\u00ea Kurd \u00fb S\u00fbriyey\u00ea de&#8221;, l\u00ea tev\u00ee v\u00ea yek\u00ea j\u00ee, ev mijar heta niha rasterast ne li ser maseya dan\u00fbstandinan e. Hat gotin ku diyaloga hey\u00ee ya di navbera h\u00eaz\u00ean siyas\u00ee y\u00ean Kurd \u00fb \u015eam\u00ea de z\u00eadetir li ser mijar\u00ean dest\u00fbr\u00ee \u00fb ewlehiy\u00ea y\u00ean her\u00eam\u00ean R\u00eaveberiya Xweser disekine, l\u00ea dosyeya her\u00eam\u00ean dagirkir\u00ee gir\u00eaday\u00ee hevsengiy\u00ean her\u00eam\u00ee \u00fb navdewlet\u00ee hatiye hi\u015ftin.<\/h3>\n","protected":false},"excerpt":{"rendered":"<p>Partiya Demokrata Kurd li S\u00fbriyey\u00ea (PDKS) di tekez dike, her diyalogeke di navbera tevgera siyas\u00ee ya Kurd \u00fb hik\u00fbmeta \u015eam\u00ea de, heta ku \u00e7areniv\u00eesa Efr\u00een, Ser\u00ea Kaniy\u00ea \u00fb Gir\u00ea Sp\u00ee nekeve rojeva sereke, d\u00ea k\u00eam \u00fb b\u00eawate bim\u00eene. PDKS\u00ea di daxuyaniya xwe de destn\u00ee\u015fan kir, ev bajar ne ten\u00ea hatine dagirkirin, belk\u00ee rast\u00ee yek ji [&hellip;]<\/p>\n","protected":false},"author":2,"featured_media":1049866,"comment_status":"closed","ping_status":"closed","sticky":false,"template":"","format":"standard","meta":{"footnotes":""},"categories":[29],"tags":[37],"class_list":["post-1049865","post","type-post","status-publish","format-standard","has-post-thumbnail","hentry","category-kurdistan","tag-sereke"],"blocksy_meta":[],"seo_head":"<!-- This site is optimized with the Yoast SEO plugin v27.5 - https:\/\/yoast.com\/product\/yoast-seo-wordpress\/ -->\n<title>PDKS: B\u00eay\u00ee \u00e7areserkirina rew\u015fa Efr\u00een \u00fb Ser\u00ea Kaniy\u00ea, diyaloga bi \u015eam\u00ea re b\u00eawateye - Darka Maz\u00ee<\/title>\n<meta name=\"robots\" content=\"index, follow, max-snippet:-1, max-image-preview:large, max-video-preview:-1\" \/>\n<link rel=\"canonical\" href=\"https:\/\/darkamazi.info\/archives\/1049865\" \/>\n<meta property=\"og:locale\" content=\"en_US\" \/>\n<meta property=\"og:type\" content=\"article\" \/>\n<meta property=\"og:title\" content=\"PDKS: B\u00eay\u00ee \u00e7areserkirina rew\u015fa Efr\u00een \u00fb Ser\u00ea Kaniy\u00ea, diyaloga bi \u015eam\u00ea re b\u00eawateye - Darka Maz\u00ee\" \/>\n<meta property=\"og:description\" content=\"Partiya Demokrata Kurd li S\u00fbriyey\u00ea (PDKS) di tekez dike, her diyalogeke di navbera tevgera siyas\u00ee ya Kurd \u00fb hik\u00fbmeta \u015eam\u00ea de, heta ku \u00e7areniv\u00eesa Efr\u00een, Ser\u00ea Kaniy\u00ea \u00fb Gir\u00ea Sp\u00ee nekeve rojeva sereke, d\u00ea k\u00eam \u00fb b\u00eawate bim\u00eene. PDKS\u00ea di daxuyaniya xwe de destn\u00ee\u015fan kir, ev bajar ne ten\u00ea hatine dagirkirin, belk\u00ee rast\u00ee yek ji [&hellip;]\" \/>\n<meta property=\"og:url\" content=\"https:\/\/darkamazi.info\/archives\/1049865\" \/>\n<meta property=\"og:site_name\" content=\"Darka Maz\u00ee\" \/>\n<meta property=\"article:publisher\" content=\"https:\/\/www.facebook.com\/DarMaziKurmanci\" \/>\n<meta property=\"article:published_time\" content=\"2025-09-16T14:27:30+00:00\" \/>\n<meta property=\"og:image\" content=\"https:\/\/darkamazi.info\/file\/2025\/09\/p-d-k-s.jpg\" \/>\n\t<meta property=\"og:image:width\" content=\"900\" \/>\n\t<meta property=\"og:image:height\" content=\"500\" \/>\n\t<meta property=\"og:image:type\" content=\"image\/jpeg\" \/>\n<meta name=\"author\" content=\"darka mazi\" \/>\n<meta name=\"twitter:card\" content=\"summary_large_image\" \/>\n<meta name=\"twitter:creator\" content=\"@DarkaMaziLatini\" \/>\n<meta name=\"twitter:site\" content=\"@DarkaMaziLatini\" \/>\n<meta name=\"twitter:label1\" content=\"Written by\" \/>\n\t<meta name=\"twitter:data1\" content=\"darka mazi\" \/>\n\t<meta name=\"twitter:label2\" content=\"Est. reading time\" \/>\n\t<meta name=\"twitter:data2\" content=\"2 minutes\" \/>\n<script type=\"application\/ld+json\" class=\"seo-schema-graph\">{\"@context\":\"https:\\\/\\\/schema.org\",\"@graph\":[{\"@type\":\"Article\",\"@id\":\"https:\\\/\\\/darkamazi.info\\\/archives\\\/1049865#article\",\"isPartOf\":{\"@id\":\"https:\\\/\\\/darkamazi.info\\\/archives\\\/1049865\"},\"author\":{\"name\":\"darka mazi\",\"@id\":\"https:\\\/\\\/darkamazi.info\\\/#\\\/schema\\\/person\\\/5ad3e24553a0567993fa8ed4bd0a776c\"},\"headline\":\"PDKS: B\u00eay\u00ee \u00e7areserkirina rew\u015fa Efr\u00een \u00fb Ser\u00ea Kaniy\u00ea, diyaloga bi \u015eam\u00ea re b\u00eawateye\",\"datePublished\":\"2025-09-16T14:27:30+00:00\",\"mainEntityOfPage\":{\"@id\":\"https:\\\/\\\/darkamazi.info\\\/archives\\\/1049865\"},\"wordCount\":377,\"publisher\":{\"@id\":\"https:\\\/\\\/darkamazi.info\\\/#organization\"},\"image\":{\"@id\":\"https:\\\/\\\/darkamazi.info\\\/archives\\\/1049865#primaryimage\"},\"thumbnailUrl\":\"https:\\\/\\\/darkamazi.info\\\/darka-content\\\/uploads\\\/2025\\\/09\\\/p-d-k-s.jpg\",\"keywords\":[\"sereke\"],\"articleSection\":[\"Kurdistan\"],\"inLanguage\":\"en-US\"},{\"@type\":\"WebPage\",\"@id\":\"https:\\\/\\\/darkamazi.info\\\/archives\\\/1049865\",\"url\":\"https:\\\/\\\/darkamazi.info\\\/archives\\\/1049865\",\"name\":\"PDKS: B\u00eay\u00ee \u00e7areserkirina rew\u015fa Efr\u00een \u00fb Ser\u00ea Kaniy\u00ea, diyaloga bi \u015eam\u00ea re b\u00eawateye - Darka Maz\u00ee\",\"isPartOf\":{\"@id\":\"https:\\\/\\\/darkamazi.info\\\/#website\"},\"primaryImageOfPage\":{\"@id\":\"https:\\\/\\\/darkamazi.info\\\/archives\\\/1049865#primaryimage\"},\"image\":{\"@id\":\"https:\\\/\\\/darkamazi.info\\\/archives\\\/1049865#primaryimage\"},\"thumbnailUrl\":\"https:\\\/\\\/darkamazi.info\\\/darka-content\\\/uploads\\\/2025\\\/09\\\/p-d-k-s.jpg\",\"datePublished\":\"2025-09-16T14:27:30+00:00\",\"breadcrumb\":{\"@id\":\"https:\\\/\\\/darkamazi.info\\\/archives\\\/1049865#breadcrumb\"},\"inLanguage\":\"en-US\",\"potentialAction\":[{\"@type\":\"ReadAction\",\"target\":[\"https:\\\/\\\/darkamazi.info\\\/archives\\\/1049865\"]}]},{\"@type\":\"ImageObject\",\"inLanguage\":\"en-US\",\"@id\":\"https:\\\/\\\/darkamazi.info\\\/archives\\\/1049865#primaryimage\",\"url\":\"https:\\\/\\\/darkamazi.info\\\/darka-content\\\/uploads\\\/2025\\\/09\\\/p-d-k-s.jpg\",\"contentUrl\":\"https:\\\/\\\/darkamazi.info\\\/darka-content\\\/uploads\\\/2025\\\/09\\\/p-d-k-s.jpg\",\"width\":900,\"height\":500,\"caption\":\"PDKS: B\u00eay\u00ee \u00e7areserkirina rew\u015fa Efr\u00een \u00fb Ser\u00ea Kaniy\u00ea, diyaloga bi \u015eam\u00ea re b\u00eawateye\"},{\"@type\":\"BreadcrumbList\",\"@id\":\"https:\\\/\\\/darkamazi.info\\\/archives\\\/1049865#breadcrumb\",\"itemListElement\":[{\"@type\":\"ListItem\",\"position\":1,\"name\":\"Home\",\"item\":\"https:\\\/\\\/darkamazi.info\\\/\"},{\"@type\":\"ListItem\",\"position\":2,\"name\":\"PDKS: B\u00eay\u00ee \u00e7areserkirina rew\u015fa Efr\u00een \u00fb Ser\u00ea Kaniy\u00ea, diyaloga bi \u015eam\u00ea re b\u00eawateye\"}]},{\"@type\":\"WebSite\",\"@id\":\"https:\\\/\\\/darkamazi.info\\\/#website\",\"url\":\"https:\\\/\\\/darkamazi.info\\\/\",\"name\":\"Darka Maz\u00ee\",\"description\":\"P\u00eageha Zanyariy\u00ean Nebih\u00eest\u00ee\",\"publisher\":{\"@id\":\"https:\\\/\\\/darkamazi.info\\\/#organization\"},\"potentialAction\":[{\"@type\":\"SearchAction\",\"target\":{\"@type\":\"EntryPoint\",\"urlTemplate\":\"https:\\\/\\\/darkamazi.info\\\/?s={search_term_string}\"},\"query-input\":{\"@type\":\"PropertyValueSpecification\",\"valueRequired\":true,\"valueName\":\"search_term_string\"}}],\"inLanguage\":\"en-US\"},{\"@type\":\"Organization\",\"@id\":\"https:\\\/\\\/darkamazi.info\\\/#organization\",\"name\":\"Darka Maz\u00ee\",\"url\":\"https:\\\/\\\/darkamazi.info\\\/\",\"logo\":{\"@type\":\"ImageObject\",\"inLanguage\":\"en-US\",\"@id\":\"https:\\\/\\\/darkamazi.info\\\/#\\\/schema\\\/logo\\\/image\\\/\",\"url\":\"https:\\\/\\\/darkamazi.info\\\/darka-content\\\/uploads\\\/2017\\\/12\\\/darka-mazi-logo.png\",\"contentUrl\":\"https:\\\/\\\/darkamazi.info\\\/darka-content\\\/uploads\\\/2017\\\/12\\\/darka-mazi-logo.png\",\"width\":151,\"height\":75,\"caption\":\"Darka Maz\u00ee\"},\"image\":{\"@id\":\"https:\\\/\\\/darkamazi.info\\\/#\\\/schema\\\/logo\\\/image\\\/\"},\"sameAs\":[\"https:\\\/\\\/www.facebook.com\\\/DarMaziKurmanci\",\"https:\\\/\\\/x.com\\\/DarkaMaziLatini\",\"https:\\\/\\\/www.instagram.com\\\/darkamazi.kurmanci\\\/\",\"https:\\\/\\\/www.youtube.com\\\/channel\\\/UCa5HkTdmI8U1qCUFuTw8B2g\"]},{\"@type\":\"Person\",\"@id\":\"https:\\\/\\\/darkamazi.info\\\/#\\\/schema\\\/person\\\/5ad3e24553a0567993fa8ed4bd0a776c\",\"name\":\"darka mazi\",\"sameAs\":[\"https:\\\/\\\/darkamazi.info\\\/\"],\"url\":\"https:\\\/\\\/darkamazi.info\\\/archives\\\/author\\\/kurdi\"}]}<\/script>\n<!-- \/ Yoast SEO plugin. -->","seo_head_json":{"title":"PDKS: B\u00eay\u00ee \u00e7areserkirina rew\u015fa Efr\u00een \u00fb Ser\u00ea Kaniy\u00ea, diyaloga bi \u015eam\u00ea re b\u00eawateye - Darka Maz\u00ee","robots":{"index":"index","follow":"follow","max-snippet":"max-snippet:-1","max-image-preview":"max-image-preview:large","max-video-preview":"max-video-preview:-1"},"canonical":"https:\/\/darkamazi.info\/archives\/1049865","og_locale":"en_US","og_type":"article","og_title":"PDKS: B\u00eay\u00ee \u00e7areserkirina rew\u015fa Efr\u00een \u00fb Ser\u00ea Kaniy\u00ea, diyaloga bi \u015eam\u00ea re b\u00eawateye - Darka Maz\u00ee","og_description":"Partiya Demokrata Kurd li S\u00fbriyey\u00ea (PDKS) di tekez dike, her diyalogeke di navbera tevgera siyas\u00ee ya Kurd \u00fb hik\u00fbmeta \u015eam\u00ea de, heta ku \u00e7areniv\u00eesa Efr\u00een, Ser\u00ea Kaniy\u00ea \u00fb Gir\u00ea Sp\u00ee nekeve rojeva sereke, d\u00ea k\u00eam \u00fb b\u00eawate bim\u00eene. PDKS\u00ea di daxuyaniya xwe de destn\u00ee\u015fan kir, ev bajar ne ten\u00ea hatine dagirkirin, belk\u00ee rast\u00ee yek ji [&hellip;]","og_url":"https:\/\/darkamazi.info\/archives\/1049865","og_site_name":"Darka Maz\u00ee","article_publisher":"https:\/\/www.facebook.com\/DarMaziKurmanci","article_published_time":"2025-09-16T14:27:30+00:00","og_image":[{"width":900,"height":500,"url":"https:\/\/darkamazi.info\/file\/2025\/09\/p-d-k-s.jpg","type":"image\/jpeg"}],"author":"darka mazi","twitter_card":"summary_large_image","twitter_creator":"@DarkaMaziLatini","twitter_site":"@DarkaMaziLatini","twitter_misc":{"Written by":"darka mazi","Est. reading time":"2 minutes"},"schema":{"@context":"https:\/\/schema.org","@graph":[{"@type":"Article","@id":"https:\/\/darkamazi.info\/archives\/1049865#article","isPartOf":{"@id":"https:\/\/darkamazi.info\/archives\/1049865"},"author":{"name":"darka mazi","@id":"https:\/\/darkamazi.info\/#\/schema\/person\/5ad3e24553a0567993fa8ed4bd0a776c"},"headline":"PDKS: B\u00eay\u00ee \u00e7areserkirina rew\u015fa Efr\u00een \u00fb Ser\u00ea Kaniy\u00ea, diyaloga bi \u015eam\u00ea re b\u00eawateye","datePublished":"2025-09-16T14:27:30+00:00","mainEntityOfPage":{"@id":"https:\/\/darkamazi.info\/archives\/1049865"},"wordCount":377,"publisher":{"@id":"https:\/\/darkamazi.info\/#organization"},"image":{"@id":"https:\/\/darkamazi.info\/archives\/1049865#primaryimage"},"thumbnailUrl":"https:\/\/darkamazi.info\/file\/2025\/09\/p-d-k-s.jpg","keywords":["sereke"],"articleSection":["Kurdistan"],"inLanguage":"en-US"},{"@type":"WebPage","@id":"https:\/\/darkamazi.info\/archives\/1049865","url":"https:\/\/darkamazi.info\/archives\/1049865","name":"PDKS: B\u00eay\u00ee \u00e7areserkirina rew\u015fa Efr\u00een \u00fb Ser\u00ea Kaniy\u00ea, diyaloga bi \u015eam\u00ea re b\u00eawateye - Darka Maz\u00ee","isPartOf":{"@id":"https:\/\/darkamazi.info\/#website"},"primaryImageOfPage":{"@id":"https:\/\/darkamazi.info\/archives\/1049865#primaryimage"},"image":{"@id":"https:\/\/darkamazi.info\/archives\/1049865#primaryimage"},"thumbnailUrl":"https:\/\/darkamazi.info\/file\/2025\/09\/p-d-k-s.jpg","datePublished":"2025-09-16T14:27:30+00:00","breadcrumb":{"@id":"https:\/\/darkamazi.info\/archives\/1049865#breadcrumb"},"inLanguage":"en-US","potentialAction":[{"@type":"ReadAction","target":["https:\/\/darkamazi.info\/archives\/1049865"]}]},{"@type":"ImageObject","inLanguage":"en-US","@id":"https:\/\/darkamazi.info\/archives\/1049865#primaryimage","url":"https:\/\/darkamazi.info\/file\/2025\/09\/p-d-k-s.jpg","contentUrl":"https:\/\/darkamazi.info\/file\/2025\/09\/p-d-k-s.jpg","width":900,"height":500,"caption":"PDKS: B\u00eay\u00ee \u00e7areserkirina rew\u015fa Efr\u00een \u00fb Ser\u00ea Kaniy\u00ea, diyaloga bi \u015eam\u00ea re b\u00eawateye"},{"@type":"BreadcrumbList","@id":"https:\/\/darkamazi.info\/archives\/1049865#breadcrumb","itemListElement":[{"@type":"ListItem","position":1,"name":"Home","item":"https:\/\/darkamazi.info\/"},{"@type":"ListItem","position":2,"name":"PDKS: B\u00eay\u00ee \u00e7areserkirina rew\u015fa Efr\u00een \u00fb Ser\u00ea Kaniy\u00ea, diyaloga bi \u015eam\u00ea re b\u00eawateye"}]},{"@type":"WebSite","@id":"https:\/\/darkamazi.info\/#website","url":"https:\/\/darkamazi.info\/","name":"Darka Maz\u00ee","description":"P\u00eageha Zanyariy\u00ean Nebih\u00eest\u00ee","publisher":{"@id":"https:\/\/darkamazi.info\/#organization"},"potentialAction":[{"@type":"SearchAction","target":{"@type":"EntryPoint","urlTemplate":"https:\/\/darkamazi.info\/?s={search_term_string}"},"query-input":{"@type":"PropertyValueSpecification","valueRequired":true,"valueName":"search_term_string"}}],"inLanguage":"en-US"},{"@type":"Organization","@id":"https:\/\/darkamazi.info\/#organization","name":"Darka Maz\u00ee","url":"https:\/\/darkamazi.info\/","logo":{"@type":"ImageObject","inLanguage":"en-US","@id":"https:\/\/darkamazi.info\/#\/schema\/logo\/image\/","url":"https:\/\/darkamazi.info\/file\/2017\/12\/darka-mazi-logo.png","contentUrl":"https:\/\/darkamazi.info\/file\/2017\/12\/darka-mazi-logo.png","width":151,"height":75,"caption":"Darka Maz\u00ee"},"image":{"@id":"https:\/\/darkamazi.info\/#\/schema\/logo\/image\/"},"sameAs":["https:\/\/www.facebook.com\/DarMaziKurmanci","https:\/\/x.com\/DarkaMaziLatini","https:\/\/www.instagram.com\/darkamazi.kurmanci\/","https:\/\/www.youtube.com\/channel\/UCa5HkTdmI8U1qCUFuTw8B2g"]},{"@type":"Person","@id":"https:\/\/darkamazi.info\/#\/schema\/person\/5ad3e24553a0567993fa8ed4bd0a776c","name":"darka mazi","sameAs":["https:\/\/darkamazi.info\/"],"url":"https:\/\/darkamazi.info\/archives\/author\/kurdi"}]}},"_links":{"self":[{"href":"https:\/\/darkamazi.info\/funavuv\/wp\/v2\/posts\/1049865","targetHints":{"allow":["GET"]}}],"collection":[{"href":"https:\/\/darkamazi.info\/funavuv\/wp\/v2\/posts"}],"about":[{"href":"https:\/\/darkamazi.info\/funavuv\/wp\/v2\/types\/post"}],"author":[{"embeddable":true,"href":"https:\/\/darkamazi.info\/funavuv\/wp\/v2\/users\/2"}],"replies":[{"embeddable":true,"href":"https:\/\/darkamazi.info\/funavuv\/wp\/v2\/comments?post=1049865"}],"version-history":[{"count":0,"href":"https:\/\/darkamazi.info\/funavuv\/wp\/v2\/posts\/1049865\/revisions"}],"wp:featuredmedia":[{"embeddable":true,"href":"https:\/\/darkamazi.info\/funavuv\/wp\/v2\/media\/1049866"}],"wp:attachment":[{"href":"https:\/\/darkamazi.info\/funavuv\/wp\/v2\/media?parent=1049865"}],"wp:term":[{"taxonomy":"category","embeddable":true,"href":"https:\/\/darkamazi.info\/funavuv\/wp\/v2\/categories?post=1049865"},{"taxonomy":"post_tag","embeddable":true,"href":"https:\/\/darkamazi.info\/funavuv\/wp\/v2\/tags?post=1049865"}],"curies":[{"name":"wp","href":"https:\/\/api.w.org\/{rel}","templated":true}]}}