{"id":1049868,"date":"2025-09-16T18:07:11","date_gmt":"2025-09-16T15:07:11","guid":{"rendered":"https:\/\/darkamazi.info\/?p=1049868"},"modified":"2025-09-16T18:07:11","modified_gmt":"2025-09-16T15:07:11","slug":"seroke-pdk-te-serpehatiyeke-diroki-ya-ibrahim-gabari-askere-dike","status":"publish","type":"post","link":"https:\/\/darkamazi.info\/archives\/1049868","title":{"rendered":"Serok\u00ea PDK-T\u00ea serp\u00eahatiyeke d\u00eerok\u00ee ya \u00cebrah\u00eem Gabar\u00ee a\u015fkere dike"},"content":{"rendered":"<h3 style=\"text-align: justify\"><span style=\"font-family: 'arial black', sans-serif\">Mehmet Em\u00een Karda\u015f bi boneya ko\u00e7a daw\u00ee ya P\u00ea\u015fmergey\u00ea \u015eore\u015fa \u00celon\u00ea \u00cebrah\u00eem Gabar\u00ee, serp\u00eahatiyeke d\u00eerok\u00ee \u00fb balk\u00ea\u015f e\u015fkere kir \u00fb ragihand, &#8220;Rej\u00eema Beis a Saddam ew ji bo s\u00fb\u00eeqesta li dij\u00ee Mela Mistefa Barzan\u00ee \u015fandib\u00fb Kurdistan\u00ea, l\u00ea w\u00ee \u00e7entey\u00ea s\u00fb\u00eeqest\u00ea radest\u00ee Mela Mistefa Barzan\u00ee kir \u00fb Barzan\u00ee j\u00ee ew xelat kir.&#8221;<\/span><\/h3>\n<h3 style=\"text-align: justify\">Serok\u00ea Partiya Demokrata Kurdistan\u00ea-Tirkiye (PDK-T) Mehmet Em\u00een Karda\u015f \u00eero 16\u00ea \u00celon\u00ea di peyamek\u00ea de, ev be\u015fa gir\u00eeng a jiyana Gabar\u00ee diyar \u00fb got:<\/h3>\n<h3 style=\"text-align: justify\">\u201cRej\u00eema Beis a Saddam bona s\u00fb\u00eeqesta Mele Mistefa Barzan\u00ee ew \u015fandib\u00fb Kurdistan\u00ea, l\u00ea ew li xwe mikur hat, \u00e7antay\u00ea s\u00fb\u00eeqest\u00ea radest\u00ee Mele Mistefa Barzan\u00ee kir, Barzan\u00ee j\u00ee ew xelat kir.\u201d<\/h3>\n<h3 style=\"text-align: justify\">Karda\u015f herwiha da zan\u00een ku w\u00ee Gabar\u00ee ji sal\u00ean 1975an ve nas dikir \u00fb got: \u201cDema Endam\u00ean &#8216;Qiyada Miweqqet&#8217; li Bakur\u00ea Kurdistan\u00ea kar\u00ea siyas\u00ee dikirin, \u00cebrah\u00eem Gabar\u00ee peyam\u00ean qiyad\u00ea dibir \u00fb dian\u00ee. Min hing\u00ee ew naskir.\u201d<\/h3>\n<h3 style=\"text-align: justify\">Jiyaneke di Nav Zindan \u00fb T\u00eako\u015f\u00een\u00ea de<\/h3>\n<h3 style=\"text-align: justify\">\u00cebrah\u00eem Hec Mihemed Gabar\u00ee, sala 1947an li gund\u00ea B\u00eazar\u00ea y\u00ea ser bi bajar\u00ea Hesek\u00ea y\u00ea Rojavay\u00ea Kurdistan\u00ea ve ji dayik b\u00fbb\u00fb. Ew yek ji P\u00ea\u015fmergey\u00ean dilsoz \u00ean \u015eore\u015fa \u00celon\u00ea ya bi r\u00eabertiya Mela Mistefa Barzan\u00ee b\u00fb.<\/h3>\n<h3 style=\"text-align: justify\">Gabar\u00ee ji ber xebat\u00ean xwe y\u00ean siyas\u00ee \u00fb t\u00eako\u015f\u00eena ji bo doza gel\u00ea xwe, Gabar\u00ee 24 sal\u00ean temen\u00ea xwe wek girtiy\u00ea siyas\u00ee di zindan\u00ean rej\u00eema Beis a S\u00fbriyey\u00ea de derbas kirib\u00fb.<\/h3>\n<h3 style=\"text-align: justify\">Xebatkar \u00fb P\u00ea\u015fmerge \u00cebrah\u00eem Hec Mihemed Gabar\u00ee, roja 15\u00ea \u00celon\u00ea li Hewl\u00eara paytexta Her\u00eama Kurdistan\u00ea ko\u00e7a daw\u00ee kir \u00fb li heman bajar\u00ee bi xak\u00ea hat spartin.<\/h3>\n","protected":false},"excerpt":{"rendered":"<p>Mehmet Em\u00een Karda\u015f bi boneya ko\u00e7a daw\u00ee ya P\u00ea\u015fmergey\u00ea \u015eore\u015fa \u00celon\u00ea \u00cebrah\u00eem Gabar\u00ee, serp\u00eahatiyeke d\u00eerok\u00ee \u00fb balk\u00ea\u015f e\u015fkere kir \u00fb ragihand, &#8220;Rej\u00eema Beis a Saddam ew ji bo s\u00fb\u00eeqesta li dij\u00ee Mela Mistefa Barzan\u00ee \u015fandib\u00fb Kurdistan\u00ea, l\u00ea w\u00ee \u00e7entey\u00ea s\u00fb\u00eeqest\u00ea radest\u00ee Mela Mistefa Barzan\u00ee kir \u00fb Barzan\u00ee j\u00ee ew xelat kir.&#8221; Serok\u00ea Partiya Demokrata Kurdistan\u00ea-Tirkiye [&hellip;]<\/p>\n","protected":false},"author":2,"featured_media":1049869,"comment_status":"closed","ping_status":"closed","sticky":false,"template":"","format":"standard","meta":{"footnotes":""},"categories":[29],"tags":[37],"class_list":["post-1049868","post","type-post","status-publish","format-standard","has-post-thumbnail","hentry","category-kurdistan","tag-sereke"],"blocksy_meta":[],"seo_head":"<!-- This site is optimized with the Yoast SEO plugin v27.5 - https:\/\/yoast.com\/product\/yoast-seo-wordpress\/ -->\n<title>Serok\u00ea PDK-T\u00ea serp\u00eahatiyeke d\u00eerok\u00ee ya \u00cebrah\u00eem Gabar\u00ee a\u015fkere dike - Darka Maz\u00ee<\/title>\n<meta name=\"robots\" content=\"index, follow, max-snippet:-1, max-image-preview:large, max-video-preview:-1\" \/>\n<link rel=\"canonical\" href=\"https:\/\/darkamazi.info\/archives\/1049868\" \/>\n<meta property=\"og:locale\" content=\"en_US\" \/>\n<meta property=\"og:type\" content=\"article\" \/>\n<meta property=\"og:title\" content=\"Serok\u00ea PDK-T\u00ea serp\u00eahatiyeke d\u00eerok\u00ee ya \u00cebrah\u00eem Gabar\u00ee a\u015fkere dike - Darka Maz\u00ee\" \/>\n<meta property=\"og:description\" content=\"Mehmet Em\u00een Karda\u015f bi boneya ko\u00e7a daw\u00ee ya P\u00ea\u015fmergey\u00ea \u015eore\u015fa \u00celon\u00ea \u00cebrah\u00eem Gabar\u00ee, serp\u00eahatiyeke d\u00eerok\u00ee \u00fb balk\u00ea\u015f e\u015fkere kir \u00fb ragihand, &#8220;Rej\u00eema Beis a Saddam ew ji bo s\u00fb\u00eeqesta li dij\u00ee Mela Mistefa Barzan\u00ee \u015fandib\u00fb Kurdistan\u00ea, l\u00ea w\u00ee \u00e7entey\u00ea s\u00fb\u00eeqest\u00ea radest\u00ee Mela Mistefa Barzan\u00ee kir \u00fb Barzan\u00ee j\u00ee ew xelat kir.&#8221; Serok\u00ea Partiya Demokrata Kurdistan\u00ea-Tirkiye [&hellip;]\" \/>\n<meta property=\"og:url\" content=\"https:\/\/darkamazi.info\/archives\/1049868\" \/>\n<meta property=\"og:site_name\" content=\"Darka Maz\u00ee\" \/>\n<meta property=\"article:publisher\" content=\"https:\/\/www.facebook.com\/DarMaziKurmanci\" \/>\n<meta property=\"article:published_time\" content=\"2025-09-16T15:07:11+00:00\" \/>\n<meta property=\"og:image\" content=\"https:\/\/darkamazi.info\/file\/2025\/09\/Ibrahim-Gabari-Mehmet-Emin-Kardas.jpg\" \/>\n\t<meta property=\"og:image:width\" content=\"900\" \/>\n\t<meta property=\"og:image:height\" content=\"475\" \/>\n\t<meta property=\"og:image:type\" content=\"image\/jpeg\" \/>\n<meta name=\"author\" content=\"darka mazi\" \/>\n<meta name=\"twitter:card\" content=\"summary_large_image\" \/>\n<meta name=\"twitter:creator\" content=\"@DarkaMaziLatini\" \/>\n<meta name=\"twitter:site\" content=\"@DarkaMaziLatini\" \/>\n<meta name=\"twitter:label1\" content=\"Written by\" \/>\n\t<meta name=\"twitter:data1\" content=\"darka mazi\" \/>\n\t<meta name=\"twitter:label2\" content=\"Est. reading time\" \/>\n\t<meta name=\"twitter:data2\" content=\"2 minutes\" \/>\n<script type=\"application\/ld+json\" class=\"seo-schema-graph\">{\"@context\":\"https:\\\/\\\/schema.org\",\"@graph\":[{\"@type\":\"Article\",\"@id\":\"https:\\\/\\\/darkamazi.info\\\/archives\\\/1049868#article\",\"isPartOf\":{\"@id\":\"https:\\\/\\\/darkamazi.info\\\/archives\\\/1049868\"},\"author\":{\"name\":\"darka mazi\",\"@id\":\"https:\\\/\\\/darkamazi.info\\\/#\\\/schema\\\/person\\\/5ad3e24553a0567993fa8ed4bd0a776c\"},\"headline\":\"Serok\u00ea PDK-T\u00ea serp\u00eahatiyeke d\u00eerok\u00ee ya \u00cebrah\u00eem Gabar\u00ee a\u015fkere dike\",\"datePublished\":\"2025-09-16T15:07:11+00:00\",\"mainEntityOfPage\":{\"@id\":\"https:\\\/\\\/darkamazi.info\\\/archives\\\/1049868\"},\"wordCount\":285,\"publisher\":{\"@id\":\"https:\\\/\\\/darkamazi.info\\\/#organization\"},\"image\":{\"@id\":\"https:\\\/\\\/darkamazi.info\\\/archives\\\/1049868#primaryimage\"},\"thumbnailUrl\":\"https:\\\/\\\/darkamazi.info\\\/darka-content\\\/uploads\\\/2025\\\/09\\\/Ibrahim-Gabari-Mehmet-Emin-Kardas.jpg\",\"keywords\":[\"sereke\"],\"articleSection\":[\"Kurdistan\"],\"inLanguage\":\"en-US\"},{\"@type\":\"WebPage\",\"@id\":\"https:\\\/\\\/darkamazi.info\\\/archives\\\/1049868\",\"url\":\"https:\\\/\\\/darkamazi.info\\\/archives\\\/1049868\",\"name\":\"Serok\u00ea PDK-T\u00ea serp\u00eahatiyeke d\u00eerok\u00ee ya \u00cebrah\u00eem Gabar\u00ee a\u015fkere dike - Darka Maz\u00ee\",\"isPartOf\":{\"@id\":\"https:\\\/\\\/darkamazi.info\\\/#website\"},\"primaryImageOfPage\":{\"@id\":\"https:\\\/\\\/darkamazi.info\\\/archives\\\/1049868#primaryimage\"},\"image\":{\"@id\":\"https:\\\/\\\/darkamazi.info\\\/archives\\\/1049868#primaryimage\"},\"thumbnailUrl\":\"https:\\\/\\\/darkamazi.info\\\/darka-content\\\/uploads\\\/2025\\\/09\\\/Ibrahim-Gabari-Mehmet-Emin-Kardas.jpg\",\"datePublished\":\"2025-09-16T15:07:11+00:00\",\"breadcrumb\":{\"@id\":\"https:\\\/\\\/darkamazi.info\\\/archives\\\/1049868#breadcrumb\"},\"inLanguage\":\"en-US\",\"potentialAction\":[{\"@type\":\"ReadAction\",\"target\":[\"https:\\\/\\\/darkamazi.info\\\/archives\\\/1049868\"]}]},{\"@type\":\"ImageObject\",\"inLanguage\":\"en-US\",\"@id\":\"https:\\\/\\\/darkamazi.info\\\/archives\\\/1049868#primaryimage\",\"url\":\"https:\\\/\\\/darkamazi.info\\\/darka-content\\\/uploads\\\/2025\\\/09\\\/Ibrahim-Gabari-Mehmet-Emin-Kardas.jpg\",\"contentUrl\":\"https:\\\/\\\/darkamazi.info\\\/darka-content\\\/uploads\\\/2025\\\/09\\\/Ibrahim-Gabari-Mehmet-Emin-Kardas.jpg\",\"width\":900,\"height\":475,\"caption\":\"Serok\u00ea PDK-T\u00ea serp\u00eahatiyeke d\u00eerok\u00ee ya \u00cebrah\u00eem Gabar\u00ee a\u015fkere dike\"},{\"@type\":\"BreadcrumbList\",\"@id\":\"https:\\\/\\\/darkamazi.info\\\/archives\\\/1049868#breadcrumb\",\"itemListElement\":[{\"@type\":\"ListItem\",\"position\":1,\"name\":\"Home\",\"item\":\"https:\\\/\\\/darkamazi.info\\\/\"},{\"@type\":\"ListItem\",\"position\":2,\"name\":\"Serok\u00ea PDK-T\u00ea serp\u00eahatiyeke d\u00eerok\u00ee ya \u00cebrah\u00eem Gabar\u00ee a\u015fkere dike\"}]},{\"@type\":\"WebSite\",\"@id\":\"https:\\\/\\\/darkamazi.info\\\/#website\",\"url\":\"https:\\\/\\\/darkamazi.info\\\/\",\"name\":\"Darka Maz\u00ee\",\"description\":\"P\u00eageha Zanyariy\u00ean Nebih\u00eest\u00ee\",\"publisher\":{\"@id\":\"https:\\\/\\\/darkamazi.info\\\/#organization\"},\"potentialAction\":[{\"@type\":\"SearchAction\",\"target\":{\"@type\":\"EntryPoint\",\"urlTemplate\":\"https:\\\/\\\/darkamazi.info\\\/?s={search_term_string}\"},\"query-input\":{\"@type\":\"PropertyValueSpecification\",\"valueRequired\":true,\"valueName\":\"search_term_string\"}}],\"inLanguage\":\"en-US\"},{\"@type\":\"Organization\",\"@id\":\"https:\\\/\\\/darkamazi.info\\\/#organization\",\"name\":\"Darka Maz\u00ee\",\"url\":\"https:\\\/\\\/darkamazi.info\\\/\",\"logo\":{\"@type\":\"ImageObject\",\"inLanguage\":\"en-US\",\"@id\":\"https:\\\/\\\/darkamazi.info\\\/#\\\/schema\\\/logo\\\/image\\\/\",\"url\":\"https:\\\/\\\/darkamazi.info\\\/darka-content\\\/uploads\\\/2017\\\/12\\\/darka-mazi-logo.png\",\"contentUrl\":\"https:\\\/\\\/darkamazi.info\\\/darka-content\\\/uploads\\\/2017\\\/12\\\/darka-mazi-logo.png\",\"width\":151,\"height\":75,\"caption\":\"Darka Maz\u00ee\"},\"image\":{\"@id\":\"https:\\\/\\\/darkamazi.info\\\/#\\\/schema\\\/logo\\\/image\\\/\"},\"sameAs\":[\"https:\\\/\\\/www.facebook.com\\\/DarMaziKurmanci\",\"https:\\\/\\\/x.com\\\/DarkaMaziLatini\",\"https:\\\/\\\/www.instagram.com\\\/darkamazi.kurmanci\\\/\",\"https:\\\/\\\/www.youtube.com\\\/channel\\\/UCa5HkTdmI8U1qCUFuTw8B2g\"]},{\"@type\":\"Person\",\"@id\":\"https:\\\/\\\/darkamazi.info\\\/#\\\/schema\\\/person\\\/5ad3e24553a0567993fa8ed4bd0a776c\",\"name\":\"darka mazi\",\"sameAs\":[\"https:\\\/\\\/darkamazi.info\\\/\"],\"url\":\"https:\\\/\\\/darkamazi.info\\\/archives\\\/author\\\/kurdi\"}]}<\/script>\n<!-- \/ Yoast SEO plugin. -->","seo_head_json":{"title":"Serok\u00ea PDK-T\u00ea serp\u00eahatiyeke d\u00eerok\u00ee ya \u00cebrah\u00eem Gabar\u00ee a\u015fkere dike - Darka Maz\u00ee","robots":{"index":"index","follow":"follow","max-snippet":"max-snippet:-1","max-image-preview":"max-image-preview:large","max-video-preview":"max-video-preview:-1"},"canonical":"https:\/\/darkamazi.info\/archives\/1049868","og_locale":"en_US","og_type":"article","og_title":"Serok\u00ea PDK-T\u00ea serp\u00eahatiyeke d\u00eerok\u00ee ya \u00cebrah\u00eem Gabar\u00ee a\u015fkere dike - Darka Maz\u00ee","og_description":"Mehmet Em\u00een Karda\u015f bi boneya ko\u00e7a daw\u00ee ya P\u00ea\u015fmergey\u00ea \u015eore\u015fa \u00celon\u00ea \u00cebrah\u00eem Gabar\u00ee, serp\u00eahatiyeke d\u00eerok\u00ee \u00fb balk\u00ea\u015f e\u015fkere kir \u00fb ragihand, &#8220;Rej\u00eema Beis a Saddam ew ji bo s\u00fb\u00eeqesta li dij\u00ee Mela Mistefa Barzan\u00ee \u015fandib\u00fb Kurdistan\u00ea, l\u00ea w\u00ee \u00e7entey\u00ea s\u00fb\u00eeqest\u00ea radest\u00ee Mela Mistefa Barzan\u00ee kir \u00fb Barzan\u00ee j\u00ee ew xelat kir.&#8221; Serok\u00ea Partiya Demokrata Kurdistan\u00ea-Tirkiye [&hellip;]","og_url":"https:\/\/darkamazi.info\/archives\/1049868","og_site_name":"Darka Maz\u00ee","article_publisher":"https:\/\/www.facebook.com\/DarMaziKurmanci","article_published_time":"2025-09-16T15:07:11+00:00","og_image":[{"width":900,"height":475,"url":"https:\/\/darkamazi.info\/file\/2025\/09\/Ibrahim-Gabari-Mehmet-Emin-Kardas.jpg","type":"image\/jpeg"}],"author":"darka mazi","twitter_card":"summary_large_image","twitter_creator":"@DarkaMaziLatini","twitter_site":"@DarkaMaziLatini","twitter_misc":{"Written by":"darka mazi","Est. reading time":"2 minutes"},"schema":{"@context":"https:\/\/schema.org","@graph":[{"@type":"Article","@id":"https:\/\/darkamazi.info\/archives\/1049868#article","isPartOf":{"@id":"https:\/\/darkamazi.info\/archives\/1049868"},"author":{"name":"darka mazi","@id":"https:\/\/darkamazi.info\/#\/schema\/person\/5ad3e24553a0567993fa8ed4bd0a776c"},"headline":"Serok\u00ea PDK-T\u00ea serp\u00eahatiyeke d\u00eerok\u00ee ya \u00cebrah\u00eem Gabar\u00ee a\u015fkere dike","datePublished":"2025-09-16T15:07:11+00:00","mainEntityOfPage":{"@id":"https:\/\/darkamazi.info\/archives\/1049868"},"wordCount":285,"publisher":{"@id":"https:\/\/darkamazi.info\/#organization"},"image":{"@id":"https:\/\/darkamazi.info\/archives\/1049868#primaryimage"},"thumbnailUrl":"https:\/\/darkamazi.info\/file\/2025\/09\/Ibrahim-Gabari-Mehmet-Emin-Kardas.jpg","keywords":["sereke"],"articleSection":["Kurdistan"],"inLanguage":"en-US"},{"@type":"WebPage","@id":"https:\/\/darkamazi.info\/archives\/1049868","url":"https:\/\/darkamazi.info\/archives\/1049868","name":"Serok\u00ea PDK-T\u00ea serp\u00eahatiyeke d\u00eerok\u00ee ya \u00cebrah\u00eem Gabar\u00ee a\u015fkere dike - Darka Maz\u00ee","isPartOf":{"@id":"https:\/\/darkamazi.info\/#website"},"primaryImageOfPage":{"@id":"https:\/\/darkamazi.info\/archives\/1049868#primaryimage"},"image":{"@id":"https:\/\/darkamazi.info\/archives\/1049868#primaryimage"},"thumbnailUrl":"https:\/\/darkamazi.info\/file\/2025\/09\/Ibrahim-Gabari-Mehmet-Emin-Kardas.jpg","datePublished":"2025-09-16T15:07:11+00:00","breadcrumb":{"@id":"https:\/\/darkamazi.info\/archives\/1049868#breadcrumb"},"inLanguage":"en-US","potentialAction":[{"@type":"ReadAction","target":["https:\/\/darkamazi.info\/archives\/1049868"]}]},{"@type":"ImageObject","inLanguage":"en-US","@id":"https:\/\/darkamazi.info\/archives\/1049868#primaryimage","url":"https:\/\/darkamazi.info\/file\/2025\/09\/Ibrahim-Gabari-Mehmet-Emin-Kardas.jpg","contentUrl":"https:\/\/darkamazi.info\/file\/2025\/09\/Ibrahim-Gabari-Mehmet-Emin-Kardas.jpg","width":900,"height":475,"caption":"Serok\u00ea PDK-T\u00ea serp\u00eahatiyeke d\u00eerok\u00ee ya \u00cebrah\u00eem Gabar\u00ee a\u015fkere dike"},{"@type":"BreadcrumbList","@id":"https:\/\/darkamazi.info\/archives\/1049868#breadcrumb","itemListElement":[{"@type":"ListItem","position":1,"name":"Home","item":"https:\/\/darkamazi.info\/"},{"@type":"ListItem","position":2,"name":"Serok\u00ea PDK-T\u00ea serp\u00eahatiyeke d\u00eerok\u00ee ya \u00cebrah\u00eem Gabar\u00ee a\u015fkere dike"}]},{"@type":"WebSite","@id":"https:\/\/darkamazi.info\/#website","url":"https:\/\/darkamazi.info\/","name":"Darka Maz\u00ee","description":"P\u00eageha Zanyariy\u00ean Nebih\u00eest\u00ee","publisher":{"@id":"https:\/\/darkamazi.info\/#organization"},"potentialAction":[{"@type":"SearchAction","target":{"@type":"EntryPoint","urlTemplate":"https:\/\/darkamazi.info\/?s={search_term_string}"},"query-input":{"@type":"PropertyValueSpecification","valueRequired":true,"valueName":"search_term_string"}}],"inLanguage":"en-US"},{"@type":"Organization","@id":"https:\/\/darkamazi.info\/#organization","name":"Darka Maz\u00ee","url":"https:\/\/darkamazi.info\/","logo":{"@type":"ImageObject","inLanguage":"en-US","@id":"https:\/\/darkamazi.info\/#\/schema\/logo\/image\/","url":"https:\/\/darkamazi.info\/file\/2017\/12\/darka-mazi-logo.png","contentUrl":"https:\/\/darkamazi.info\/file\/2017\/12\/darka-mazi-logo.png","width":151,"height":75,"caption":"Darka Maz\u00ee"},"image":{"@id":"https:\/\/darkamazi.info\/#\/schema\/logo\/image\/"},"sameAs":["https:\/\/www.facebook.com\/DarMaziKurmanci","https:\/\/x.com\/DarkaMaziLatini","https:\/\/www.instagram.com\/darkamazi.kurmanci\/","https:\/\/www.youtube.com\/channel\/UCa5HkTdmI8U1qCUFuTw8B2g"]},{"@type":"Person","@id":"https:\/\/darkamazi.info\/#\/schema\/person\/5ad3e24553a0567993fa8ed4bd0a776c","name":"darka mazi","sameAs":["https:\/\/darkamazi.info\/"],"url":"https:\/\/darkamazi.info\/archives\/author\/kurdi"}]}},"_links":{"self":[{"href":"https:\/\/darkamazi.info\/funavuv\/wp\/v2\/posts\/1049868","targetHints":{"allow":["GET"]}}],"collection":[{"href":"https:\/\/darkamazi.info\/funavuv\/wp\/v2\/posts"}],"about":[{"href":"https:\/\/darkamazi.info\/funavuv\/wp\/v2\/types\/post"}],"author":[{"embeddable":true,"href":"https:\/\/darkamazi.info\/funavuv\/wp\/v2\/users\/2"}],"replies":[{"embeddable":true,"href":"https:\/\/darkamazi.info\/funavuv\/wp\/v2\/comments?post=1049868"}],"version-history":[{"count":0,"href":"https:\/\/darkamazi.info\/funavuv\/wp\/v2\/posts\/1049868\/revisions"}],"wp:featuredmedia":[{"embeddable":true,"href":"https:\/\/darkamazi.info\/funavuv\/wp\/v2\/media\/1049869"}],"wp:attachment":[{"href":"https:\/\/darkamazi.info\/funavuv\/wp\/v2\/media?parent=1049868"}],"wp:term":[{"taxonomy":"category","embeddable":true,"href":"https:\/\/darkamazi.info\/funavuv\/wp\/v2\/categories?post=1049868"},{"taxonomy":"post_tag","embeddable":true,"href":"https:\/\/darkamazi.info\/funavuv\/wp\/v2\/tags?post=1049868"}],"curies":[{"name":"wp","href":"https:\/\/api.w.org\/{rel}","templated":true}]}}