{"id":1049871,"date":"2025-09-17T10:46:45","date_gmt":"2025-09-17T07:46:45","guid":{"rendered":"https:\/\/darkamazi.info\/?p=1049871"},"modified":"2025-09-17T10:46:45","modified_gmt":"2025-09-17T07:46:45","slug":"pkke-ev-ciwanen-ezidi-ji-bo-demokratik-kirina-enqere-u-stenbole-li-gare-u-metina-sehid-kirin","status":"publish","type":"post","link":"https:\/\/darkamazi.info\/archives\/1049871","title":{"rendered":"PKK\u00ea ev ciwan\u00ean \u00cazid\u00ee ji bo demokrat\u00eek kirina Enqere \u00fb Stenbol\u00ea li Gar\u00ea \u00fb Met\u00eena \u015feh\u00eed kirin"},"content":{"rendered":"<h3 style=\"text-align: justify\"><span style=\"font-family: 'arial black', sans-serif\">Nasnameya 5 ciwan\u00ean \u00cazid\u00ee y\u00ean ji \u015eengal\u00ea a\u015fkere b\u00fb ku ber\u00ee 6 salan r\u00eaxistina PKK\u00ea li \u00e7iyay\u00ean Gare \u00fb Met\u00eenay\u00ea ber\u00ea wa daye mirin\u00ea \u00fb heya roja me ya \u00eero mirina wan ve\u015fartib\u00fb.<\/span><\/h3>\n<h3 style=\"text-align: justify\"><span style=\"font-family: arial, helvetica, sans-serif\">R\u00eaxistina PKK\u00ea duh roja s\u00ea\u015fem\u00ee 16 \u00celona 2025\u00ea nasnameya 5 ciwan\u00ean \u00cazid\u00ee a\u015fkere kir ku ji \u00celona sala 2019\u00ea li \u00e7iyay\u00ean Gare \u00fb Met\u00eenay\u00ea y\u00ean li s\u00eenor\u00ea par\u00eazgeha Dihok\u00ea bi dest\u00ea art\u00ea\u015fa Tirkiy\u00ea da ne ku\u015ftin \u00fb mirina wan ve\u015fartib\u00fb.<\/span><\/h3>\n<h3 style=\"text-align: justify\"><span style=\"font-family: 'arial black', sans-serif;color: #8c0808\">Nasnameya wan wisyaye:<\/span><\/h3>\n<h3 style=\"text-align: justify\"><span style=\"font-family: arial, helvetica, sans-serif\">Dara Qasim ji \u015eengal\u00ea ye li 13 \u00celona 2021\u00ea li \u00e7iyay\u00ea Gare \u015feh\u00eed ketiye.<\/span><\/h3>\n<h3 style=\"text-align: justify\"><span style=\"font-family: arial, helvetica, sans-serif\">Del\u00eel \u015eengal ji \u015eengal\u00ea ye \u00fb li 11 Tebaxa 2023\u00ea li \u00e7iyay\u00ea Met\u00eenay\u00ea \u015feh\u00eed ketiye.<\/span><\/h3>\n<h3 style=\"text-align: justify\"><span style=\"font-family: arial, helvetica, sans-serif\">Xal\u00eede Re\u015fo ji \u015eengal\u00ea ye \u00fb li 6 Tebaxa 2019\u00ea li \u00e7iyay\u00ea Gare \u015feh\u00eed ketiye.<\/span><\/h3>\n<h3 style=\"text-align: justify\"><span style=\"font-family: arial, helvetica, sans-serif\">Cuma \u00cebrah\u00eem ji \u015eengal\u00ea ye \u00fb 13 Adara 2020\u00ea li \u00e7iyay\u00ea Gare \u015feh\u00eed ketiye.<\/span><\/h3>\n<h3 style=\"text-align: justify\"><span style=\"font-family: arial, helvetica, sans-serif\">Rakan Mihemed His\u00ean ji \u015eengal\u00ea ye \u00fb li 29 N\u00eesana 2019\u00ea li \u00e7iyay\u00ea Gare \u015feh\u00eed ketiye.<\/span><\/h3>\n<h3 style=\"text-align: justify\"><span style=\"font-family: arial, helvetica, sans-serif\">Ev ciwan\u00ean \u00cazid\u00ee y\u00ean ku ti p\u00eawend\u00eeya wan bi Tirkiyey\u00ea ve tune, ji h\u00eala r\u00eaxistina PKK\u00ea ve hatb\u00fbne xapandin, ew bi xapandin\u00ea tevl\u00ee r\u00eaxistin\u00ea hatb\u00fbn kirin \u00fb pi\u015ftre PKK\u00ea ew birin li Gare \u00fb Met\u00eenay\u00ea ji bo demokrat\u00eek kirina Enqere \u00fb Stenbol\u00ea dan ku\u015ftin.<\/span><\/h3>\n<h3 style=\"text-align: justify\"><span style=\"font-family: arial, helvetica, sans-serif\">Doza van ciwan\u00ean \u00cazid\u00ee ji nav \u00e7\u00fbna terora DAI\u015e\u00ea \u00fb rizgarb\u00fbna \u015eengal\u00ea b\u00fb, l\u00ea PKK\u00ea ew di berxwedana xwe ya saxte de wenda kirin, tev\u00ee ku mirina wan bi salane ve\u015fart\u00ee, \u00eero j\u00ee PKKe hat\u00eeye bi r\u00fbqaym\u00ee ve dib\u00eaje: \u201cMe mil\u00eetan\u00ean xwe y\u00ean Apoy\u00ee wenda kirin, feday\u00ea Apo b\u00fbn\u201d!!.<\/span><\/h3>\n<h3 style=\"text-align: justify\"><span style=\"font-family: arial, helvetica, sans-serif\">PKKe her roj w\u00eaney\u00ean kom\u00ean ke\u00e7 \u00fb ciwan\u00ean Kurdan di medyaya xwe de parvedike, ciwan\u00ean ku di sal \u00fb meh\u00ean ber\u00ea de dayne ku\u015ftin \u00fb mirina wan ve\u015fart\u00ee hi\u015ft\u00ee, li gor\u00ee agahiy\u00ean Darka Maz\u00ee h\u00eajan bi hezaran ke\u00e7 \u00fb ciwan mane ku PKK\u00ea mirina wan \u00eelan nekir\u00ee ye.<\/span><\/h3>\n","protected":false},"excerpt":{"rendered":"<p>Nasnameya 5 ciwan\u00ean \u00cazid\u00ee y\u00ean ji \u015eengal\u00ea a\u015fkere b\u00fb ku ber\u00ee 6 salan r\u00eaxistina PKK\u00ea li \u00e7iyay\u00ean Gare \u00fb Met\u00eenay\u00ea ber\u00ea wa daye mirin\u00ea \u00fb heya roja me ya \u00eero mirina wan ve\u015fartib\u00fb. R\u00eaxistina PKK\u00ea duh roja s\u00ea\u015fem\u00ee 16 \u00celona 2025\u00ea nasnameya 5 ciwan\u00ean \u00cazid\u00ee a\u015fkere kir ku ji \u00celona sala 2019\u00ea li \u00e7iyay\u00ean Gare [&hellip;]<\/p>\n","protected":false},"author":2,"featured_media":1049872,"comment_status":"closed","ping_status":"closed","sticky":false,"template":"","format":"standard","meta":{"footnotes":""},"categories":[29],"tags":[37],"class_list":["post-1049871","post","type-post","status-publish","format-standard","has-post-thumbnail","hentry","category-kurdistan","tag-sereke"],"blocksy_meta":[],"seo_head":"<!-- This site is optimized with the Yoast SEO plugin v27.5 - https:\/\/yoast.com\/product\/yoast-seo-wordpress\/ -->\n<title>PKK\u00ea ev ciwan\u00ean \u00cazid\u00ee ji bo demokrat\u00eek kirina Enqere \u00fb Stenbol\u00ea li Gar\u00ea \u00fb Met\u00eena \u015feh\u00eed kirin - Darka Maz\u00ee<\/title>\n<meta name=\"robots\" content=\"index, follow, max-snippet:-1, max-image-preview:large, max-video-preview:-1\" \/>\n<link rel=\"canonical\" href=\"https:\/\/darkamazi.info\/archives\/1049871\" \/>\n<meta property=\"og:locale\" content=\"en_US\" \/>\n<meta property=\"og:type\" content=\"article\" \/>\n<meta property=\"og:title\" content=\"PKK\u00ea ev ciwan\u00ean \u00cazid\u00ee ji bo demokrat\u00eek kirina Enqere \u00fb Stenbol\u00ea li Gar\u00ea \u00fb Met\u00eena \u015feh\u00eed kirin - Darka Maz\u00ee\" \/>\n<meta property=\"og:description\" content=\"Nasnameya 5 ciwan\u00ean \u00cazid\u00ee y\u00ean ji \u015eengal\u00ea a\u015fkere b\u00fb ku ber\u00ee 6 salan r\u00eaxistina PKK\u00ea li \u00e7iyay\u00ean Gare \u00fb Met\u00eenay\u00ea ber\u00ea wa daye mirin\u00ea \u00fb heya roja me ya \u00eero mirina wan ve\u015fartib\u00fb. R\u00eaxistina PKK\u00ea duh roja s\u00ea\u015fem\u00ee 16 \u00celona 2025\u00ea nasnameya 5 ciwan\u00ean \u00cazid\u00ee a\u015fkere kir ku ji \u00celona sala 2019\u00ea li \u00e7iyay\u00ean Gare [&hellip;]\" \/>\n<meta property=\"og:url\" content=\"https:\/\/darkamazi.info\/archives\/1049871\" \/>\n<meta property=\"og:site_name\" content=\"Darka Maz\u00ee\" \/>\n<meta property=\"article:publisher\" content=\"https:\/\/www.facebook.com\/DarMaziKurmanci\" \/>\n<meta property=\"article:published_time\" content=\"2025-09-17T07:46:45+00:00\" \/>\n<meta property=\"og:image\" content=\"https:\/\/darkamazi.info\/file\/2025\/09\/PKK-Yazidi-Sinjar-Gare-info.jpg\" \/>\n\t<meta property=\"og:image:width\" content=\"900\" \/>\n\t<meta property=\"og:image:height\" content=\"500\" \/>\n\t<meta property=\"og:image:type\" content=\"image\/jpeg\" \/>\n<meta name=\"author\" content=\"darka mazi\" \/>\n<meta name=\"twitter:card\" content=\"summary_large_image\" \/>\n<meta name=\"twitter:creator\" content=\"@DarkaMaziLatini\" \/>\n<meta name=\"twitter:site\" content=\"@DarkaMaziLatini\" \/>\n<meta name=\"twitter:label1\" content=\"Written by\" \/>\n\t<meta name=\"twitter:data1\" content=\"darka mazi\" \/>\n\t<meta name=\"twitter:label2\" content=\"Est. reading time\" \/>\n\t<meta name=\"twitter:data2\" content=\"2 minutes\" \/>\n<script type=\"application\/ld+json\" class=\"seo-schema-graph\">{\"@context\":\"https:\\\/\\\/schema.org\",\"@graph\":[{\"@type\":\"Article\",\"@id\":\"https:\\\/\\\/darkamazi.info\\\/archives\\\/1049871#article\",\"isPartOf\":{\"@id\":\"https:\\\/\\\/darkamazi.info\\\/archives\\\/1049871\"},\"author\":{\"name\":\"darka mazi\",\"@id\":\"https:\\\/\\\/darkamazi.info\\\/#\\\/schema\\\/person\\\/5ad3e24553a0567993fa8ed4bd0a776c\"},\"headline\":\"PKK\u00ea ev ciwan\u00ean \u00cazid\u00ee ji bo demokrat\u00eek kirina Enqere \u00fb Stenbol\u00ea li Gar\u00ea \u00fb Met\u00eena \u015feh\u00eed kirin\",\"datePublished\":\"2025-09-17T07:46:45+00:00\",\"mainEntityOfPage\":{\"@id\":\"https:\\\/\\\/darkamazi.info\\\/archives\\\/1049871\"},\"wordCount\":343,\"publisher\":{\"@id\":\"https:\\\/\\\/darkamazi.info\\\/#organization\"},\"image\":{\"@id\":\"https:\\\/\\\/darkamazi.info\\\/archives\\\/1049871#primaryimage\"},\"thumbnailUrl\":\"https:\\\/\\\/darkamazi.info\\\/darka-content\\\/uploads\\\/2025\\\/09\\\/PKK-Yazidi-Sinjar-Gare-info.jpg\",\"keywords\":[\"sereke\"],\"articleSection\":[\"Kurdistan\"],\"inLanguage\":\"en-US\"},{\"@type\":\"WebPage\",\"@id\":\"https:\\\/\\\/darkamazi.info\\\/archives\\\/1049871\",\"url\":\"https:\\\/\\\/darkamazi.info\\\/archives\\\/1049871\",\"name\":\"PKK\u00ea ev ciwan\u00ean \u00cazid\u00ee ji bo demokrat\u00eek kirina Enqere \u00fb Stenbol\u00ea li Gar\u00ea \u00fb Met\u00eena \u015feh\u00eed kirin - Darka Maz\u00ee\",\"isPartOf\":{\"@id\":\"https:\\\/\\\/darkamazi.info\\\/#website\"},\"primaryImageOfPage\":{\"@id\":\"https:\\\/\\\/darkamazi.info\\\/archives\\\/1049871#primaryimage\"},\"image\":{\"@id\":\"https:\\\/\\\/darkamazi.info\\\/archives\\\/1049871#primaryimage\"},\"thumbnailUrl\":\"https:\\\/\\\/darkamazi.info\\\/darka-content\\\/uploads\\\/2025\\\/09\\\/PKK-Yazidi-Sinjar-Gare-info.jpg\",\"datePublished\":\"2025-09-17T07:46:45+00:00\",\"breadcrumb\":{\"@id\":\"https:\\\/\\\/darkamazi.info\\\/archives\\\/1049871#breadcrumb\"},\"inLanguage\":\"en-US\",\"potentialAction\":[{\"@type\":\"ReadAction\",\"target\":[\"https:\\\/\\\/darkamazi.info\\\/archives\\\/1049871\"]}]},{\"@type\":\"ImageObject\",\"inLanguage\":\"en-US\",\"@id\":\"https:\\\/\\\/darkamazi.info\\\/archives\\\/1049871#primaryimage\",\"url\":\"https:\\\/\\\/darkamazi.info\\\/darka-content\\\/uploads\\\/2025\\\/09\\\/PKK-Yazidi-Sinjar-Gare-info.jpg\",\"contentUrl\":\"https:\\\/\\\/darkamazi.info\\\/darka-content\\\/uploads\\\/2025\\\/09\\\/PKK-Yazidi-Sinjar-Gare-info.jpg\",\"width\":900,\"height\":500,\"caption\":\"PKK-Yazidi-Sinjar-Gare-info\"},{\"@type\":\"BreadcrumbList\",\"@id\":\"https:\\\/\\\/darkamazi.info\\\/archives\\\/1049871#breadcrumb\",\"itemListElement\":[{\"@type\":\"ListItem\",\"position\":1,\"name\":\"Home\",\"item\":\"https:\\\/\\\/darkamazi.info\\\/\"},{\"@type\":\"ListItem\",\"position\":2,\"name\":\"PKK\u00ea ev ciwan\u00ean \u00cazid\u00ee ji bo demokrat\u00eek kirina Enqere \u00fb Stenbol\u00ea li Gar\u00ea \u00fb Met\u00eena \u015feh\u00eed kirin\"}]},{\"@type\":\"WebSite\",\"@id\":\"https:\\\/\\\/darkamazi.info\\\/#website\",\"url\":\"https:\\\/\\\/darkamazi.info\\\/\",\"name\":\"Darka Maz\u00ee\",\"description\":\"P\u00eageha Zanyariy\u00ean Nebih\u00eest\u00ee\",\"publisher\":{\"@id\":\"https:\\\/\\\/darkamazi.info\\\/#organization\"},\"potentialAction\":[{\"@type\":\"SearchAction\",\"target\":{\"@type\":\"EntryPoint\",\"urlTemplate\":\"https:\\\/\\\/darkamazi.info\\\/?s={search_term_string}\"},\"query-input\":{\"@type\":\"PropertyValueSpecification\",\"valueRequired\":true,\"valueName\":\"search_term_string\"}}],\"inLanguage\":\"en-US\"},{\"@type\":\"Organization\",\"@id\":\"https:\\\/\\\/darkamazi.info\\\/#organization\",\"name\":\"Darka Maz\u00ee\",\"url\":\"https:\\\/\\\/darkamazi.info\\\/\",\"logo\":{\"@type\":\"ImageObject\",\"inLanguage\":\"en-US\",\"@id\":\"https:\\\/\\\/darkamazi.info\\\/#\\\/schema\\\/logo\\\/image\\\/\",\"url\":\"https:\\\/\\\/darkamazi.info\\\/darka-content\\\/uploads\\\/2017\\\/12\\\/darka-mazi-logo.png\",\"contentUrl\":\"https:\\\/\\\/darkamazi.info\\\/darka-content\\\/uploads\\\/2017\\\/12\\\/darka-mazi-logo.png\",\"width\":151,\"height\":75,\"caption\":\"Darka Maz\u00ee\"},\"image\":{\"@id\":\"https:\\\/\\\/darkamazi.info\\\/#\\\/schema\\\/logo\\\/image\\\/\"},\"sameAs\":[\"https:\\\/\\\/www.facebook.com\\\/DarMaziKurmanci\",\"https:\\\/\\\/x.com\\\/DarkaMaziLatini\",\"https:\\\/\\\/www.instagram.com\\\/darkamazi.kurmanci\\\/\",\"https:\\\/\\\/www.youtube.com\\\/channel\\\/UCa5HkTdmI8U1qCUFuTw8B2g\"]},{\"@type\":\"Person\",\"@id\":\"https:\\\/\\\/darkamazi.info\\\/#\\\/schema\\\/person\\\/5ad3e24553a0567993fa8ed4bd0a776c\",\"name\":\"darka mazi\",\"sameAs\":[\"https:\\\/\\\/darkamazi.info\\\/\"],\"url\":\"https:\\\/\\\/darkamazi.info\\\/archives\\\/author\\\/kurdi\"}]}<\/script>\n<!-- \/ Yoast SEO plugin. -->","seo_head_json":{"title":"PKK\u00ea ev ciwan\u00ean \u00cazid\u00ee ji bo demokrat\u00eek kirina Enqere \u00fb Stenbol\u00ea li Gar\u00ea \u00fb Met\u00eena \u015feh\u00eed kirin - Darka Maz\u00ee","robots":{"index":"index","follow":"follow","max-snippet":"max-snippet:-1","max-image-preview":"max-image-preview:large","max-video-preview":"max-video-preview:-1"},"canonical":"https:\/\/darkamazi.info\/archives\/1049871","og_locale":"en_US","og_type":"article","og_title":"PKK\u00ea ev ciwan\u00ean \u00cazid\u00ee ji bo demokrat\u00eek kirina Enqere \u00fb Stenbol\u00ea li Gar\u00ea \u00fb Met\u00eena \u015feh\u00eed kirin - Darka Maz\u00ee","og_description":"Nasnameya 5 ciwan\u00ean \u00cazid\u00ee y\u00ean ji \u015eengal\u00ea a\u015fkere b\u00fb ku ber\u00ee 6 salan r\u00eaxistina PKK\u00ea li \u00e7iyay\u00ean Gare \u00fb Met\u00eenay\u00ea ber\u00ea wa daye mirin\u00ea \u00fb heya roja me ya \u00eero mirina wan ve\u015fartib\u00fb. R\u00eaxistina PKK\u00ea duh roja s\u00ea\u015fem\u00ee 16 \u00celona 2025\u00ea nasnameya 5 ciwan\u00ean \u00cazid\u00ee a\u015fkere kir ku ji \u00celona sala 2019\u00ea li \u00e7iyay\u00ean Gare [&hellip;]","og_url":"https:\/\/darkamazi.info\/archives\/1049871","og_site_name":"Darka Maz\u00ee","article_publisher":"https:\/\/www.facebook.com\/DarMaziKurmanci","article_published_time":"2025-09-17T07:46:45+00:00","og_image":[{"width":900,"height":500,"url":"https:\/\/darkamazi.info\/file\/2025\/09\/PKK-Yazidi-Sinjar-Gare-info.jpg","type":"image\/jpeg"}],"author":"darka mazi","twitter_card":"summary_large_image","twitter_creator":"@DarkaMaziLatini","twitter_site":"@DarkaMaziLatini","twitter_misc":{"Written by":"darka mazi","Est. reading time":"2 minutes"},"schema":{"@context":"https:\/\/schema.org","@graph":[{"@type":"Article","@id":"https:\/\/darkamazi.info\/archives\/1049871#article","isPartOf":{"@id":"https:\/\/darkamazi.info\/archives\/1049871"},"author":{"name":"darka mazi","@id":"https:\/\/darkamazi.info\/#\/schema\/person\/5ad3e24553a0567993fa8ed4bd0a776c"},"headline":"PKK\u00ea ev ciwan\u00ean \u00cazid\u00ee ji bo demokrat\u00eek kirina Enqere \u00fb Stenbol\u00ea li Gar\u00ea \u00fb Met\u00eena \u015feh\u00eed kirin","datePublished":"2025-09-17T07:46:45+00:00","mainEntityOfPage":{"@id":"https:\/\/darkamazi.info\/archives\/1049871"},"wordCount":343,"publisher":{"@id":"https:\/\/darkamazi.info\/#organization"},"image":{"@id":"https:\/\/darkamazi.info\/archives\/1049871#primaryimage"},"thumbnailUrl":"https:\/\/darkamazi.info\/file\/2025\/09\/PKK-Yazidi-Sinjar-Gare-info.jpg","keywords":["sereke"],"articleSection":["Kurdistan"],"inLanguage":"en-US"},{"@type":"WebPage","@id":"https:\/\/darkamazi.info\/archives\/1049871","url":"https:\/\/darkamazi.info\/archives\/1049871","name":"PKK\u00ea ev ciwan\u00ean \u00cazid\u00ee ji bo demokrat\u00eek kirina Enqere \u00fb Stenbol\u00ea li Gar\u00ea \u00fb Met\u00eena \u015feh\u00eed kirin - Darka Maz\u00ee","isPartOf":{"@id":"https:\/\/darkamazi.info\/#website"},"primaryImageOfPage":{"@id":"https:\/\/darkamazi.info\/archives\/1049871#primaryimage"},"image":{"@id":"https:\/\/darkamazi.info\/archives\/1049871#primaryimage"},"thumbnailUrl":"https:\/\/darkamazi.info\/file\/2025\/09\/PKK-Yazidi-Sinjar-Gare-info.jpg","datePublished":"2025-09-17T07:46:45+00:00","breadcrumb":{"@id":"https:\/\/darkamazi.info\/archives\/1049871#breadcrumb"},"inLanguage":"en-US","potentialAction":[{"@type":"ReadAction","target":["https:\/\/darkamazi.info\/archives\/1049871"]}]},{"@type":"ImageObject","inLanguage":"en-US","@id":"https:\/\/darkamazi.info\/archives\/1049871#primaryimage","url":"https:\/\/darkamazi.info\/file\/2025\/09\/PKK-Yazidi-Sinjar-Gare-info.jpg","contentUrl":"https:\/\/darkamazi.info\/file\/2025\/09\/PKK-Yazidi-Sinjar-Gare-info.jpg","width":900,"height":500,"caption":"PKK-Yazidi-Sinjar-Gare-info"},{"@type":"BreadcrumbList","@id":"https:\/\/darkamazi.info\/archives\/1049871#breadcrumb","itemListElement":[{"@type":"ListItem","position":1,"name":"Home","item":"https:\/\/darkamazi.info\/"},{"@type":"ListItem","position":2,"name":"PKK\u00ea ev ciwan\u00ean \u00cazid\u00ee ji bo demokrat\u00eek kirina Enqere \u00fb Stenbol\u00ea li Gar\u00ea \u00fb Met\u00eena \u015feh\u00eed kirin"}]},{"@type":"WebSite","@id":"https:\/\/darkamazi.info\/#website","url":"https:\/\/darkamazi.info\/","name":"Darka Maz\u00ee","description":"P\u00eageha Zanyariy\u00ean Nebih\u00eest\u00ee","publisher":{"@id":"https:\/\/darkamazi.info\/#organization"},"potentialAction":[{"@type":"SearchAction","target":{"@type":"EntryPoint","urlTemplate":"https:\/\/darkamazi.info\/?s={search_term_string}"},"query-input":{"@type":"PropertyValueSpecification","valueRequired":true,"valueName":"search_term_string"}}],"inLanguage":"en-US"},{"@type":"Organization","@id":"https:\/\/darkamazi.info\/#organization","name":"Darka Maz\u00ee","url":"https:\/\/darkamazi.info\/","logo":{"@type":"ImageObject","inLanguage":"en-US","@id":"https:\/\/darkamazi.info\/#\/schema\/logo\/image\/","url":"https:\/\/darkamazi.info\/file\/2017\/12\/darka-mazi-logo.png","contentUrl":"https:\/\/darkamazi.info\/file\/2017\/12\/darka-mazi-logo.png","width":151,"height":75,"caption":"Darka Maz\u00ee"},"image":{"@id":"https:\/\/darkamazi.info\/#\/schema\/logo\/image\/"},"sameAs":["https:\/\/www.facebook.com\/DarMaziKurmanci","https:\/\/x.com\/DarkaMaziLatini","https:\/\/www.instagram.com\/darkamazi.kurmanci\/","https:\/\/www.youtube.com\/channel\/UCa5HkTdmI8U1qCUFuTw8B2g"]},{"@type":"Person","@id":"https:\/\/darkamazi.info\/#\/schema\/person\/5ad3e24553a0567993fa8ed4bd0a776c","name":"darka mazi","sameAs":["https:\/\/darkamazi.info\/"],"url":"https:\/\/darkamazi.info\/archives\/author\/kurdi"}]}},"_links":{"self":[{"href":"https:\/\/darkamazi.info\/funavuv\/wp\/v2\/posts\/1049871","targetHints":{"allow":["GET"]}}],"collection":[{"href":"https:\/\/darkamazi.info\/funavuv\/wp\/v2\/posts"}],"about":[{"href":"https:\/\/darkamazi.info\/funavuv\/wp\/v2\/types\/post"}],"author":[{"embeddable":true,"href":"https:\/\/darkamazi.info\/funavuv\/wp\/v2\/users\/2"}],"replies":[{"embeddable":true,"href":"https:\/\/darkamazi.info\/funavuv\/wp\/v2\/comments?post=1049871"}],"version-history":[{"count":0,"href":"https:\/\/darkamazi.info\/funavuv\/wp\/v2\/posts\/1049871\/revisions"}],"wp:featuredmedia":[{"embeddable":true,"href":"https:\/\/darkamazi.info\/funavuv\/wp\/v2\/media\/1049872"}],"wp:attachment":[{"href":"https:\/\/darkamazi.info\/funavuv\/wp\/v2\/media?parent=1049871"}],"wp:term":[{"taxonomy":"category","embeddable":true,"href":"https:\/\/darkamazi.info\/funavuv\/wp\/v2\/categories?post=1049871"},{"taxonomy":"post_tag","embeddable":true,"href":"https:\/\/darkamazi.info\/funavuv\/wp\/v2\/tags?post=1049871"}],"curies":[{"name":"wp","href":"https:\/\/api.w.org\/{rel}","templated":true}]}}